{"id":275672,"date":"2025-07-22T16:32:38","date_gmt":"2025-07-22T19:32:38","guid":{"rendered":"https:\/\/noticiaempauta.com\/portal\/?p=275672"},"modified":"2025-07-22T16:32:39","modified_gmt":"2025-07-22T19:32:39","slug":"picos-sedia-2a-etapa-do-capacita-com-foco-no-reconhecimento-de-situacao-de-emergencia-e-solicitacao-de-recursos","status":"publish","type":"post","link":"https:\/\/noticiaempauta.com\/portal\/picos-sedia-2a-etapa-do-capacita-com-foco-no-reconhecimento-de-situacao-de-emergencia-e-solicitacao-de-recursos\/","title":{"rendered":"Picos sedia 2\u00aa etapa do Capacita+ com foco no reconhecimento de situa\u00e7\u00e3o de emerg\u00eancia e solicita\u00e7\u00e3o de recursos"},"content":{"rendered":"\n<p>O Governo do Estado do Piau\u00ed, atrav\u00e9s da Secretaria de Estado da Defesa Civil do Piau\u00ed (Sedec), com o apoio da Secretaria Municipal de Defesa Civil de Picos, realiza ao longo desta ter\u00e7a-feira (22), mais uma etapa do Capacita+ \u201cAgir Antes. Responder Melhor\u201d, no munic\u00edpio picoense.<\/p>\n\n\n\n<figure class=\"wp-block-image size-full\"><img fetchpriority=\"high\" decoding=\"async\" width=\"640\" height=\"427\" src=\"https:\/\/noticiaempauta.com\/portal\/wp-content\/uploads\/2025\/07\/WhatsApp-Image-2025-07-22-at-12.25.48.jpeg\" alt=\"\" class=\"wp-image-275673\" srcset=\"https:\/\/noticiaempauta.com\/portal\/wp-content\/uploads\/2025\/07\/WhatsApp-Image-2025-07-22-at-12.25.48.jpeg 640w, https:\/\/noticiaempauta.com\/portal\/wp-content\/uploads\/2025\/07\/WhatsApp-Image-2025-07-22-at-12.25.48-300x200.jpeg 300w\" sizes=\"(max-width: 640px) 100vw, 640px\" \/><\/figure>\n\n\n\n<p>O evento acontece nos turnos da manh\u00e3 e da tarde no Laborat\u00f3rio de Inform\u00e1tica do SENAC&nbsp;(Servi\u00e7o Nacional de Aprendizagem Comercial), \u201cJos\u00e9 Almir de S\u00e1\u201d, que fica localizado na&nbsp;Rua Marcos Parente, N\u00ba 570, Centro.<\/p>\n\n\n\n<figure class=\"wp-block-image size-full\"><img decoding=\"async\" width=\"640\" height=\"427\" src=\"https:\/\/noticiaempauta.com\/portal\/wp-content\/uploads\/2025\/07\/WhatsApp-Image-2025-07-22-at-12.25.46.jpeg\" alt=\"\" class=\"wp-image-275676\" srcset=\"https:\/\/noticiaempauta.com\/portal\/wp-content\/uploads\/2025\/07\/WhatsApp-Image-2025-07-22-at-12.25.46.jpeg 640w, https:\/\/noticiaempauta.com\/portal\/wp-content\/uploads\/2025\/07\/WhatsApp-Image-2025-07-22-at-12.25.46-300x200.jpeg 300w\" sizes=\"(max-width: 640px) 100vw, 640px\" \/><\/figure>\n\n\n\n<p>Ao todo, representantes de 80 munic\u00edpios participam da capacita\u00e7\u00e3o, que diferente da anterior, que foi voltada para Opera\u00e7\u00e3o Carro-Pipa, dessa vez tem o foco no S2ID (Sistema Integrado de Informa\u00e7\u00f5es sobre Desastres).<\/p>\n\n\n\n<figure class=\"wp-block-image size-full\"><img decoding=\"async\" width=\"640\" height=\"427\" src=\"https:\/\/noticiaempauta.com\/portal\/wp-content\/uploads\/2025\/07\/WhatsApp-Image-2025-07-22-at-12.25.36.jpeg\" alt=\"\" class=\"wp-image-275677\" srcset=\"https:\/\/noticiaempauta.com\/portal\/wp-content\/uploads\/2025\/07\/WhatsApp-Image-2025-07-22-at-12.25.36.jpeg 640w, https:\/\/noticiaempauta.com\/portal\/wp-content\/uploads\/2025\/07\/WhatsApp-Image-2025-07-22-at-12.25.36-300x200.jpeg 300w\" sizes=\"(max-width: 640px) 100vw, 640px\" \/><\/figure>\n\n\n\n<p>De acordo com o Coordenador de Reconhecimento Federal do CENAD (Centro Nacional de Gerenciamento de Risco de Desastre) da SEDEC (Secretaria Nacional de Prote\u00e7\u00e3o e Defesa Civil), Frederico de Santana, essa etapa do Capacita+ \u00e9 muito importante, pois, ela vai instruir e orientar os gestores municipais a como se cadastrar e utilizar o Sistema Integrado de Informa\u00e7\u00f5es sobre Desastres.<\/p>\n\n\n\n<figure class=\"wp-block-image size-full\"><img loading=\"lazy\" decoding=\"async\" width=\"640\" height=\"427\" src=\"https:\/\/noticiaempauta.com\/portal\/wp-content\/uploads\/2025\/07\/WhatsApp-Image-2025-07-22-at-12.25.42.jpeg\" alt=\"\" class=\"wp-image-275678\" srcset=\"https:\/\/noticiaempauta.com\/portal\/wp-content\/uploads\/2025\/07\/WhatsApp-Image-2025-07-22-at-12.25.42.jpeg 640w, https:\/\/noticiaempauta.com\/portal\/wp-content\/uploads\/2025\/07\/WhatsApp-Image-2025-07-22-at-12.25.42-300x200.jpeg 300w\" sizes=\"(max-width: 640px) 100vw, 640px\" \/><\/figure>\n\n\n\n<p>\u201cEssa etapa do Capacita+ \u00e9 para orientar os gestores quanto ao preenchimento do formul\u00e1rio de identifica\u00e7\u00e3o de desastre. A parte te\u00f3rica j\u00e1 foi feita na outra etapa e hoje \u00e9 a etapa pr\u00e1tica. Fizemos que os representantes dos munic\u00edpios entrassem no Sistema, Sistema esse usado para elabora\u00e7\u00e3o de reconhecimento Federal e tamb\u00e9m para a solicita\u00e7\u00e3o de recursos, solicita\u00e7\u00e3o da Opera\u00e7\u00e3o Carro-Pipa, execu\u00e7\u00e3o dos recursos e presta\u00e7\u00e3o de contas. O objetivo foi fazer com que os representantes entendessem o fluxo do processo do in\u00edcio ao fim\u201d, explicou Frederico de Santana.<\/p>\n\n\n\n<p>Respons\u00e1vel pelo treinamento, o membro da Defesa Civil do Estado do Rio Grande do Norte, Jorimar Gomes, frisou que essa etapa do Capacita+ foi importante para conscientizar os gestores municipais da import\u00e2ncia da cria\u00e7\u00e3o, em cada cidade, de um \u00f3rg\u00e3o, ou Coordenadoria ou Secretaria, de Defesa Civil.<\/p>\n\n\n\n<figure class=\"wp-block-image size-full\"><img loading=\"lazy\" decoding=\"async\" width=\"640\" height=\"427\" src=\"https:\/\/noticiaempauta.com\/portal\/wp-content\/uploads\/2025\/07\/WhatsApp-Image-2025-07-22-at-12.25.24.jpeg\" alt=\"\" class=\"wp-image-275679\" srcset=\"https:\/\/noticiaempauta.com\/portal\/wp-content\/uploads\/2025\/07\/WhatsApp-Image-2025-07-22-at-12.25.24.jpeg 640w, https:\/\/noticiaempauta.com\/portal\/wp-content\/uploads\/2025\/07\/WhatsApp-Image-2025-07-22-at-12.25.24-300x200.jpeg 300w\" sizes=\"(max-width: 640px) 100vw, 640px\" \/><\/figure>\n\n\n\n<p>\u201cPorque esses \u00f3rg\u00e3os s\u00e3o uma porta de recursos e essa porta de recursos \u00e9 atrav\u00e9s da plataforma S2ID e \u00e9 nessa plataforma que o gestor faz o registro da ocorr\u00eancia, faz a solicita\u00e7\u00e3o de reconhecimento Federal, solicita o recurso, executa o recurso tamb\u00e9m na plataforma, notas fiscais, enfim, todo processo, como tamb\u00e9m presta contas. Ent\u00e3o n\u00f3s repassamos para eles a parte pr\u00e1tica de como utilizar esse Sistema nesse processo e isso vai fortalecer a governan\u00e7a municipal porque vai trazer recursos para o munic\u00edpio, vai trazer melhorias para a popula\u00e7\u00e3o, principalmente aquela que sofre com a seca t\u00e3o grave aqui no nosso Nordeste\u201d, pontuou Jorimar Gomes.<\/p>\n\n\n\n<p>Ele lembrou ainda que o Sistema Integrado de Informa\u00e7\u00f5es n\u00e3o trabalha apenas como a seca, mas tamb\u00e9m com desastres provocados por enchentes, da\u00ed a import\u00e2ncia, em tempos de mudan\u00e7as clim\u00e1ticas, como se verifica hoje em dia, dos gestores estarem capacitados quanto ao S2ID, par assim recorrerem ao Governo Federal para socorrer seus munic\u00edpios.<\/p>\n\n\n\n<figure class=\"wp-block-image size-full\"><img loading=\"lazy\" decoding=\"async\" width=\"640\" height=\"427\" src=\"https:\/\/noticiaempauta.com\/portal\/wp-content\/uploads\/2025\/07\/WhatsApp-Image-2025-07-22-at-12.25.44.jpeg\" alt=\"\" class=\"wp-image-275675\" srcset=\"https:\/\/noticiaempauta.com\/portal\/wp-content\/uploads\/2025\/07\/WhatsApp-Image-2025-07-22-at-12.25.44.jpeg 640w, https:\/\/noticiaempauta.com\/portal\/wp-content\/uploads\/2025\/07\/WhatsApp-Image-2025-07-22-at-12.25.44-300x200.jpeg 300w\" sizes=\"(max-width: 640px) 100vw, 640px\" \/><\/figure>\n\n\n\n<p>&#8220;A gente teve aqui no munic\u00edpio esse ano uma chuva intensa. Com essa mudan\u00e7a clim\u00e1tica a gente n\u00e3o consegue mais identificar quando e como ser\u00e3o os desastres. Por isso \u00e9 importante o munic\u00edpio est\u00e1 preparado, o munic\u00edpio est\u00e1 organizado e principalmente capacitado para poder agir na hora que precisar\u201d, destacou o membro da Defesa Civil do Rio Grande do Norte.<\/p>\n\n\n\n<p>A secret\u00e1ria municipal de Defesa Civil de Picos, Camila Luz, lembrou que devido a enchente do m\u00eas de janeiro a cidade de Picos usou a Plataforma S2ID e naquela oportunidade teve o reconhecimento, por parte do Governo Federal, de situa\u00e7\u00e3o da calamidade por conta da chuva, o que tem possibilitado a libera\u00e7\u00e3o de recursos, entre outras coisas, para a reconstru\u00e7\u00e3o de vias.<\/p>\n\n\n\n<figure class=\"wp-block-image size-full\"><img loading=\"lazy\" decoding=\"async\" width=\"640\" height=\"427\" src=\"https:\/\/noticiaempauta.com\/portal\/wp-content\/uploads\/2025\/07\/WhatsApp-Image-2025-07-22-at-12.25.37.jpeg\" alt=\"\" class=\"wp-image-275674\" srcset=\"https:\/\/noticiaempauta.com\/portal\/wp-content\/uploads\/2025\/07\/WhatsApp-Image-2025-07-22-at-12.25.37.jpeg 640w, https:\/\/noticiaempauta.com\/portal\/wp-content\/uploads\/2025\/07\/WhatsApp-Image-2025-07-22-at-12.25.37-300x200.jpeg 300w\" sizes=\"(max-width: 640px) 100vw, 640px\" \/><\/figure>\n\n\n\n<p>\u201cSabemos que aqui em Picos no come\u00e7o do ano a gente sofreu com inunda\u00e7\u00f5es, desastres e Picos j\u00e1 tinha o reconhecimento Federal e por meio desse reconhecimento a gente p\u00f4de solicitar recursos federais para ajudar nessa situa\u00e7\u00e3o de emerg\u00eancia. E agora n\u00f3s estamos ajudando a instruir outros munic\u00edpios a terem esse reconhecimento e caso necessitem fazerem essa solicita\u00e7\u00e3o de recursos federais mediante o Sistema S2ID\u201d, finalizou Camila Luz.<\/p>\n\n\n\n<p>Al\u00e9m de Picos, essa segunda etapa do Capacita+ promovida pelo Governo do Estado, atrav\u00e9s da Sedec, ser\u00e1 realizada&nbsp;nas cidades de Paulistana (24 e 25\/ 07), Dirceu Arcoverde (26 e 27\/ 07) e Bom Jesus (28 e 29\/ 07).<\/p>\n\n\n\n<p>Ascom<\/p>\n","protected":false},"excerpt":{"rendered":"<p>O Governo do Estado do Piau\u00ed, atrav\u00e9s da Secretaria de Estado da Defesa Civil do Piau\u00ed (Sedec), com o apoio da Secretaria Municipal de Defesa Civil de Picos, realiza ao longo desta ter\u00e7a-feira (22), mais uma etapa do Capacita+ \u201cAgir Antes. Responder Melhor\u201d, no munic\u00edpio picoense. O evento acontece nos turnos da manh\u00e3 e da [&hellip;]<\/p>\n","protected":false},"author":2,"featured_media":275673,"comment_status":"open","ping_status":"open","sticky":false,"template":"","format":"standard","meta":{"_mi_skip_tracking":false,"footnotes":""},"categories":[25,1,16],"tags":[],"class_list":["post-275672","post","type-post","status-publish","format-standard","has-post-thumbnail","hentry","category-destaques-site","category-geral","category-todas"],"acf":[],"yoast_head":"<!-- This site is optimized with the Yoast SEO Premium plugin v19.2 (Yoast SEO v26.9) - https:\/\/yoast.com\/product\/yoast-seo-premium-wordpress\/ -->\n<title>Picos sedia 2\u00aa etapa do Capacita+ com foco no reconhecimento de situa\u00e7\u00e3o de emerg\u00eancia e solicita\u00e7\u00e3o de recursos - Portal Not\u00edcia em Pauta<\/title>\n<meta name=\"robots\" content=\"index, follow, max-snippet:-1, max-image-preview:large, max-video-preview:-1\" \/>\n<link rel=\"canonical\" href=\"https:\/\/noticiaempauta.com\/portal\/picos-sedia-2a-etapa-do-capacita-com-foco-no-reconhecimento-de-situacao-de-emergencia-e-solicitacao-de-recursos\/\" \/>\n<meta property=\"og:locale\" content=\"pt_BR\" \/>\n<meta property=\"og:type\" content=\"article\" \/>\n<meta property=\"og:title\" content=\"Picos sedia 2\u00aa etapa do Capacita+ com foco no reconhecimento de situa\u00e7\u00e3o de emerg\u00eancia e solicita\u00e7\u00e3o de recursos\" \/>\n<meta property=\"og:description\" content=\"O Governo do Estado do Piau\u00ed, atrav\u00e9s da Secretaria de Estado da Defesa Civil do Piau\u00ed (Sedec), com o apoio da Secretaria Municipal de Defesa Civil de Picos, realiza ao longo desta ter\u00e7a-feira (22), mais uma etapa do Capacita+ \u201cAgir Antes. Responder Melhor\u201d, no munic\u00edpio picoense. O evento acontece nos turnos da manh\u00e3 e da [&hellip;]\" \/>\n<meta property=\"og:url\" content=\"https:\/\/noticiaempauta.com\/portal\/picos-sedia-2a-etapa-do-capacita-com-foco-no-reconhecimento-de-situacao-de-emergencia-e-solicitacao-de-recursos\/\" \/>\n<meta property=\"og:site_name\" content=\"Portal Not\u00edcia em Pauta\" \/>\n<meta property=\"article:publisher\" content=\"https:\/\/www.facebook.com\/Portal-Notcia-Em-Pauta-102292869264820\/\" \/>\n<meta property=\"article:published_time\" content=\"2025-07-22T19:32:38+00:00\" \/>\n<meta property=\"article:modified_time\" content=\"2025-07-22T19:32:39+00:00\" \/>\n<meta property=\"og:image\" content=\"https:\/\/noticiaempauta.com\/portal\/wp-content\/uploads\/2025\/07\/WhatsApp-Image-2025-07-22-at-12.25.48.jpeg\" \/>\n\t<meta property=\"og:image:width\" content=\"640\" \/>\n\t<meta property=\"og:image:height\" content=\"427\" \/>\n\t<meta property=\"og:image:type\" content=\"image\/jpeg\" \/>\n<meta name=\"author\" content=\"Reda\u00e7\u00e3o\" \/>\n<meta name=\"twitter:card\" content=\"summary_large_image\" \/>\n<meta name=\"twitter:label1\" content=\"Escrito por\" \/>\n\t<meta name=\"twitter:data1\" content=\"Reda\u00e7\u00e3o\" \/>\n\t<meta name=\"twitter:label2\" content=\"Est. tempo de leitura\" \/>\n\t<meta name=\"twitter:data2\" content=\"6 minutos\" \/>\n<script type=\"application\/ld+json\" class=\"yoast-schema-graph\">{\"@context\":\"https:\/\/schema.org\",\"@graph\":[{\"@type\":\"Article\",\"@id\":\"https:\/\/noticiaempauta.com\/portal\/picos-sedia-2a-etapa-do-capacita-com-foco-no-reconhecimento-de-situacao-de-emergencia-e-solicitacao-de-recursos\/#article\",\"isPartOf\":{\"@id\":\"https:\/\/noticiaempauta.com\/portal\/picos-sedia-2a-etapa-do-capacita-com-foco-no-reconhecimento-de-situacao-de-emergencia-e-solicitacao-de-recursos\/\"},\"author\":{\"name\":\"Reda\u00e7\u00e3o\",\"@id\":\"https:\/\/noticiaempauta.com\/portal\/#\/schema\/person\/a74af43dd1ab3deca45f988c717d57ac\"},\"headline\":\"Picos sedia 2\u00aa etapa do Capacita+ com foco no reconhecimento de situa\u00e7\u00e3o de emerg\u00eancia e solicita\u00e7\u00e3o de recursos\",\"datePublished\":\"2025-07-22T19:32:38+00:00\",\"dateModified\":\"2025-07-22T19:32:39+00:00\",\"mainEntityOfPage\":{\"@id\":\"https:\/\/noticiaempauta.com\/portal\/picos-sedia-2a-etapa-do-capacita-com-foco-no-reconhecimento-de-situacao-de-emergencia-e-solicitacao-de-recursos\/\"},\"wordCount\":778,\"commentCount\":0,\"publisher\":{\"@id\":\"https:\/\/noticiaempauta.com\/portal\/#organization\"},\"image\":{\"@id\":\"https:\/\/noticiaempauta.com\/portal\/picos-sedia-2a-etapa-do-capacita-com-foco-no-reconhecimento-de-situacao-de-emergencia-e-solicitacao-de-recursos\/#primaryimage\"},\"thumbnailUrl\":\"https:\/\/noticiaempauta.com\/portal\/wp-content\/uploads\/2025\/07\/WhatsApp-Image-2025-07-22-at-12.25.48.jpeg\",\"articleSection\":[\"Destaques\",\"Geral\",\"Todas as Not\u00edcias\"],\"inLanguage\":\"pt-BR\",\"potentialAction\":[{\"@type\":\"CommentAction\",\"name\":\"Comment\",\"target\":[\"https:\/\/noticiaempauta.com\/portal\/picos-sedia-2a-etapa-do-capacita-com-foco-no-reconhecimento-de-situacao-de-emergencia-e-solicitacao-de-recursos\/#respond\"]}]},{\"@type\":\"WebPage\",\"@id\":\"https:\/\/noticiaempauta.com\/portal\/picos-sedia-2a-etapa-do-capacita-com-foco-no-reconhecimento-de-situacao-de-emergencia-e-solicitacao-de-recursos\/\",\"url\":\"https:\/\/noticiaempauta.com\/portal\/picos-sedia-2a-etapa-do-capacita-com-foco-no-reconhecimento-de-situacao-de-emergencia-e-solicitacao-de-recursos\/\",\"name\":\"Picos sedia 2\u00aa etapa do Capacita+ com foco no reconhecimento de situa\u00e7\u00e3o de emerg\u00eancia e solicita\u00e7\u00e3o de recursos - Portal Not\u00edcia em Pauta\",\"isPartOf\":{\"@id\":\"https:\/\/noticiaempauta.com\/portal\/#website\"},\"primaryImageOfPage\":{\"@id\":\"https:\/\/noticiaempauta.com\/portal\/picos-sedia-2a-etapa-do-capacita-com-foco-no-reconhecimento-de-situacao-de-emergencia-e-solicitacao-de-recursos\/#primaryimage\"},\"image\":{\"@id\":\"https:\/\/noticiaempauta.com\/portal\/picos-sedia-2a-etapa-do-capacita-com-foco-no-reconhecimento-de-situacao-de-emergencia-e-solicitacao-de-recursos\/#primaryimage\"},\"thumbnailUrl\":\"https:\/\/noticiaempauta.com\/portal\/wp-content\/uploads\/2025\/07\/WhatsApp-Image-2025-07-22-at-12.25.48.jpeg\",\"datePublished\":\"2025-07-22T19:32:38+00:00\",\"dateModified\":\"2025-07-22T19:32:39+00:00\",\"breadcrumb\":{\"@id\":\"https:\/\/noticiaempauta.com\/portal\/picos-sedia-2a-etapa-do-capacita-com-foco-no-reconhecimento-de-situacao-de-emergencia-e-solicitacao-de-recursos\/#breadcrumb\"},\"inLanguage\":\"pt-BR\",\"potentialAction\":[{\"@type\":\"ReadAction\",\"target\":[\"https:\/\/noticiaempauta.com\/portal\/picos-sedia-2a-etapa-do-capacita-com-foco-no-reconhecimento-de-situacao-de-emergencia-e-solicitacao-de-recursos\/\"]}]},{\"@type\":\"ImageObject\",\"inLanguage\":\"pt-BR\",\"@id\":\"https:\/\/noticiaempauta.com\/portal\/picos-sedia-2a-etapa-do-capacita-com-foco-no-reconhecimento-de-situacao-de-emergencia-e-solicitacao-de-recursos\/#primaryimage\",\"url\":\"https:\/\/noticiaempauta.com\/portal\/wp-content\/uploads\/2025\/07\/WhatsApp-Image-2025-07-22-at-12.25.48.jpeg\",\"contentUrl\":\"https:\/\/noticiaempauta.com\/portal\/wp-content\/uploads\/2025\/07\/WhatsApp-Image-2025-07-22-at-12.25.48.jpeg\",\"width\":640,\"height\":427},{\"@type\":\"BreadcrumbList\",\"@id\":\"https:\/\/noticiaempauta.com\/portal\/picos-sedia-2a-etapa-do-capacita-com-foco-no-reconhecimento-de-situacao-de-emergencia-e-solicitacao-de-recursos\/#breadcrumb\",\"itemListElement\":[{\"@type\":\"ListItem\",\"position\":1,\"name\":\"P\u00e1gina Inicial\",\"item\":\"https:\/\/noticiaempauta.com\/portal\/\"},{\"@type\":\"ListItem\",\"position\":2,\"name\":\"Destaques\",\"item\":\"https:\/\/noticiaempauta.com\/portal\/destaques-site\/\"},{\"@type\":\"ListItem\",\"position\":3,\"name\":\"Picos sedia 2\u00aa etapa do Capacita+ com foco no reconhecimento de situa\u00e7\u00e3o de emerg\u00eancia e solicita\u00e7\u00e3o de recursos\"}]},{\"@type\":\"WebSite\",\"@id\":\"https:\/\/noticiaempauta.com\/portal\/#website\",\"url\":\"https:\/\/noticiaempauta.com\/portal\/\",\"name\":\"Portal Not\u00edcia em Pauta\",\"description\":\"Voc\u00ea bem informado\",\"publisher\":{\"@id\":\"https:\/\/noticiaempauta.com\/portal\/#organization\"},\"potentialAction\":[{\"@type\":\"SearchAction\",\"target\":{\"@type\":\"EntryPoint\",\"urlTemplate\":\"https:\/\/noticiaempauta.com\/portal\/?s={search_term_string}\"},\"query-input\":{\"@type\":\"PropertyValueSpecification\",\"valueRequired\":true,\"valueName\":\"search_term_string\"}}],\"inLanguage\":\"pt-BR\"},{\"@type\":\"Organization\",\"@id\":\"https:\/\/noticiaempauta.com\/portal\/#organization\",\"name\":\"Portal Not\u00edcia em Pauta\",\"url\":\"https:\/\/noticiaempauta.com\/portal\/\",\"logo\":{\"@type\":\"ImageObject\",\"inLanguage\":\"pt-BR\",\"@id\":\"https:\/\/noticiaempauta.com\/portal\/#\/schema\/logo\/image\/\",\"url\":\"https:\/\/noticiaempauta.com\/portal\/wp-content\/uploads\/2022\/08\/logomarca_tema.fw_.png\",\"contentUrl\":\"https:\/\/noticiaempauta.com\/portal\/wp-content\/uploads\/2022\/08\/logomarca_tema.fw_.png\",\"width\":400,\"height\":232,\"caption\":\"Portal Not\u00edcia em Pauta\"},\"image\":{\"@id\":\"https:\/\/noticiaempauta.com\/portal\/#\/schema\/logo\/image\/\"},\"sameAs\":[\"https:\/\/www.facebook.com\/Portal-Notcia-Em-Pauta-102292869264820\/\",\"https:\/\/www.instagram.com\/portalnoticiaempauta\/\"]},{\"@type\":\"Person\",\"@id\":\"https:\/\/noticiaempauta.com\/portal\/#\/schema\/person\/a74af43dd1ab3deca45f988c717d57ac\",\"name\":\"Reda\u00e7\u00e3o\",\"image\":{\"@type\":\"ImageObject\",\"inLanguage\":\"pt-BR\",\"@id\":\"https:\/\/noticiaempauta.com\/portal\/#\/schema\/person\/image\/\",\"url\":\"https:\/\/secure.gravatar.com\/avatar\/03179346ecce6cdfc13361603e8f54242a90e5cde8618fa23c5c00aa2b0aadf3?s=96&d=mm&r=g\",\"contentUrl\":\"https:\/\/secure.gravatar.com\/avatar\/03179346ecce6cdfc13361603e8f54242a90e5cde8618fa23c5c00aa2b0aadf3?s=96&d=mm&r=g\",\"caption\":\"Reda\u00e7\u00e3o\"},\"sameAs\":[\"https:\/\/noticiaempauta.com\/portal\/\"],\"url\":\"https:\/\/noticiaempauta.com\/portal\/author\/fernando\/\"}]}<\/script>\n<!-- \/ Yoast SEO Premium plugin. -->","yoast_head_json":{"title":"Picos sedia 2\u00aa etapa do Capacita+ com foco no reconhecimento de situa\u00e7\u00e3o de emerg\u00eancia e solicita\u00e7\u00e3o de recursos - Portal Not\u00edcia em Pauta","robots":{"index":"index","follow":"follow","max-snippet":"max-snippet:-1","max-image-preview":"max-image-preview:large","max-video-preview":"max-video-preview:-1"},"canonical":"https:\/\/noticiaempauta.com\/portal\/picos-sedia-2a-etapa-do-capacita-com-foco-no-reconhecimento-de-situacao-de-emergencia-e-solicitacao-de-recursos\/","og_locale":"pt_BR","og_type":"article","og_title":"Picos sedia 2\u00aa etapa do Capacita+ com foco no reconhecimento de situa\u00e7\u00e3o de emerg\u00eancia e solicita\u00e7\u00e3o de recursos","og_description":"O Governo do Estado do Piau\u00ed, atrav\u00e9s da Secretaria de Estado da Defesa Civil do Piau\u00ed (Sedec), com o apoio da Secretaria Municipal de Defesa Civil de Picos, realiza ao longo desta ter\u00e7a-feira (22), mais uma etapa do Capacita+ \u201cAgir Antes. Responder Melhor\u201d, no munic\u00edpio picoense. O evento acontece nos turnos da manh\u00e3 e da [&hellip;]","og_url":"https:\/\/noticiaempauta.com\/portal\/picos-sedia-2a-etapa-do-capacita-com-foco-no-reconhecimento-de-situacao-de-emergencia-e-solicitacao-de-recursos\/","og_site_name":"Portal Not\u00edcia em Pauta","article_publisher":"https:\/\/www.facebook.com\/Portal-Notcia-Em-Pauta-102292869264820\/","article_published_time":"2025-07-22T19:32:38+00:00","article_modified_time":"2025-07-22T19:32:39+00:00","og_image":[{"width":640,"height":427,"url":"https:\/\/noticiaempauta.com\/portal\/wp-content\/uploads\/2025\/07\/WhatsApp-Image-2025-07-22-at-12.25.48.jpeg","type":"image\/jpeg"}],"author":"Reda\u00e7\u00e3o","twitter_card":"summary_large_image","twitter_misc":{"Escrito por":"Reda\u00e7\u00e3o","Est. tempo de leitura":"6 minutos"},"schema":{"@context":"https:\/\/schema.org","@graph":[{"@type":"Article","@id":"https:\/\/noticiaempauta.com\/portal\/picos-sedia-2a-etapa-do-capacita-com-foco-no-reconhecimento-de-situacao-de-emergencia-e-solicitacao-de-recursos\/#article","isPartOf":{"@id":"https:\/\/noticiaempauta.com\/portal\/picos-sedia-2a-etapa-do-capacita-com-foco-no-reconhecimento-de-situacao-de-emergencia-e-solicitacao-de-recursos\/"},"author":{"name":"Reda\u00e7\u00e3o","@id":"https:\/\/noticiaempauta.com\/portal\/#\/schema\/person\/a74af43dd1ab3deca45f988c717d57ac"},"headline":"Picos sedia 2\u00aa etapa do Capacita+ com foco no reconhecimento de situa\u00e7\u00e3o de emerg\u00eancia e solicita\u00e7\u00e3o de recursos","datePublished":"2025-07-22T19:32:38+00:00","dateModified":"2025-07-22T19:32:39+00:00","mainEntityOfPage":{"@id":"https:\/\/noticiaempauta.com\/portal\/picos-sedia-2a-etapa-do-capacita-com-foco-no-reconhecimento-de-situacao-de-emergencia-e-solicitacao-de-recursos\/"},"wordCount":778,"commentCount":0,"publisher":{"@id":"https:\/\/noticiaempauta.com\/portal\/#organization"},"image":{"@id":"https:\/\/noticiaempauta.com\/portal\/picos-sedia-2a-etapa-do-capacita-com-foco-no-reconhecimento-de-situacao-de-emergencia-e-solicitacao-de-recursos\/#primaryimage"},"thumbnailUrl":"https:\/\/noticiaempauta.com\/portal\/wp-content\/uploads\/2025\/07\/WhatsApp-Image-2025-07-22-at-12.25.48.jpeg","articleSection":["Destaques","Geral","Todas as Not\u00edcias"],"inLanguage":"pt-BR","potentialAction":[{"@type":"CommentAction","name":"Comment","target":["https:\/\/noticiaempauta.com\/portal\/picos-sedia-2a-etapa-do-capacita-com-foco-no-reconhecimento-de-situacao-de-emergencia-e-solicitacao-de-recursos\/#respond"]}]},{"@type":"WebPage","@id":"https:\/\/noticiaempauta.com\/portal\/picos-sedia-2a-etapa-do-capacita-com-foco-no-reconhecimento-de-situacao-de-emergencia-e-solicitacao-de-recursos\/","url":"https:\/\/noticiaempauta.com\/portal\/picos-sedia-2a-etapa-do-capacita-com-foco-no-reconhecimento-de-situacao-de-emergencia-e-solicitacao-de-recursos\/","name":"Picos sedia 2\u00aa etapa do Capacita+ com foco no reconhecimento de situa\u00e7\u00e3o de emerg\u00eancia e solicita\u00e7\u00e3o de recursos - Portal Not\u00edcia em Pauta","isPartOf":{"@id":"https:\/\/noticiaempauta.com\/portal\/#website"},"primaryImageOfPage":{"@id":"https:\/\/noticiaempauta.com\/portal\/picos-sedia-2a-etapa-do-capacita-com-foco-no-reconhecimento-de-situacao-de-emergencia-e-solicitacao-de-recursos\/#primaryimage"},"image":{"@id":"https:\/\/noticiaempauta.com\/portal\/picos-sedia-2a-etapa-do-capacita-com-foco-no-reconhecimento-de-situacao-de-emergencia-e-solicitacao-de-recursos\/#primaryimage"},"thumbnailUrl":"https:\/\/noticiaempauta.com\/portal\/wp-content\/uploads\/2025\/07\/WhatsApp-Image-2025-07-22-at-12.25.48.jpeg","datePublished":"2025-07-22T19:32:38+00:00","dateModified":"2025-07-22T19:32:39+00:00","breadcrumb":{"@id":"https:\/\/noticiaempauta.com\/portal\/picos-sedia-2a-etapa-do-capacita-com-foco-no-reconhecimento-de-situacao-de-emergencia-e-solicitacao-de-recursos\/#breadcrumb"},"inLanguage":"pt-BR","potentialAction":[{"@type":"ReadAction","target":["https:\/\/noticiaempauta.com\/portal\/picos-sedia-2a-etapa-do-capacita-com-foco-no-reconhecimento-de-situacao-de-emergencia-e-solicitacao-de-recursos\/"]}]},{"@type":"ImageObject","inLanguage":"pt-BR","@id":"https:\/\/noticiaempauta.com\/portal\/picos-sedia-2a-etapa-do-capacita-com-foco-no-reconhecimento-de-situacao-de-emergencia-e-solicitacao-de-recursos\/#primaryimage","url":"https:\/\/noticiaempauta.com\/portal\/wp-content\/uploads\/2025\/07\/WhatsApp-Image-2025-07-22-at-12.25.48.jpeg","contentUrl":"https:\/\/noticiaempauta.com\/portal\/wp-content\/uploads\/2025\/07\/WhatsApp-Image-2025-07-22-at-12.25.48.jpeg","width":640,"height":427},{"@type":"BreadcrumbList","@id":"https:\/\/noticiaempauta.com\/portal\/picos-sedia-2a-etapa-do-capacita-com-foco-no-reconhecimento-de-situacao-de-emergencia-e-solicitacao-de-recursos\/#breadcrumb","itemListElement":[{"@type":"ListItem","position":1,"name":"P\u00e1gina Inicial","item":"https:\/\/noticiaempauta.com\/portal\/"},{"@type":"ListItem","position":2,"name":"Destaques","item":"https:\/\/noticiaempauta.com\/portal\/destaques-site\/"},{"@type":"ListItem","position":3,"name":"Picos sedia 2\u00aa etapa do Capacita+ com foco no reconhecimento de situa\u00e7\u00e3o de emerg\u00eancia e solicita\u00e7\u00e3o de recursos"}]},{"@type":"WebSite","@id":"https:\/\/noticiaempauta.com\/portal\/#website","url":"https:\/\/noticiaempauta.com\/portal\/","name":"Portal Not\u00edcia em Pauta","description":"Voc\u00ea bem informado","publisher":{"@id":"https:\/\/noticiaempauta.com\/portal\/#organization"},"potentialAction":[{"@type":"SearchAction","target":{"@type":"EntryPoint","urlTemplate":"https:\/\/noticiaempauta.com\/portal\/?s={search_term_string}"},"query-input":{"@type":"PropertyValueSpecification","valueRequired":true,"valueName":"search_term_string"}}],"inLanguage":"pt-BR"},{"@type":"Organization","@id":"https:\/\/noticiaempauta.com\/portal\/#organization","name":"Portal Not\u00edcia em Pauta","url":"https:\/\/noticiaempauta.com\/portal\/","logo":{"@type":"ImageObject","inLanguage":"pt-BR","@id":"https:\/\/noticiaempauta.com\/portal\/#\/schema\/logo\/image\/","url":"https:\/\/noticiaempauta.com\/portal\/wp-content\/uploads\/2022\/08\/logomarca_tema.fw_.png","contentUrl":"https:\/\/noticiaempauta.com\/portal\/wp-content\/uploads\/2022\/08\/logomarca_tema.fw_.png","width":400,"height":232,"caption":"Portal Not\u00edcia em Pauta"},"image":{"@id":"https:\/\/noticiaempauta.com\/portal\/#\/schema\/logo\/image\/"},"sameAs":["https:\/\/www.facebook.com\/Portal-Notcia-Em-Pauta-102292869264820\/","https:\/\/www.instagram.com\/portalnoticiaempauta\/"]},{"@type":"Person","@id":"https:\/\/noticiaempauta.com\/portal\/#\/schema\/person\/a74af43dd1ab3deca45f988c717d57ac","name":"Reda\u00e7\u00e3o","image":{"@type":"ImageObject","inLanguage":"pt-BR","@id":"https:\/\/noticiaempauta.com\/portal\/#\/schema\/person\/image\/","url":"https:\/\/secure.gravatar.com\/avatar\/03179346ecce6cdfc13361603e8f54242a90e5cde8618fa23c5c00aa2b0aadf3?s=96&d=mm&r=g","contentUrl":"https:\/\/secure.gravatar.com\/avatar\/03179346ecce6cdfc13361603e8f54242a90e5cde8618fa23c5c00aa2b0aadf3?s=96&d=mm&r=g","caption":"Reda\u00e7\u00e3o"},"sameAs":["https:\/\/noticiaempauta.com\/portal\/"],"url":"https:\/\/noticiaempauta.com\/portal\/author\/fernando\/"}]}},"_links":{"self":[{"href":"https:\/\/noticiaempauta.com\/portal\/wp-json\/wp\/v2\/posts\/275672","targetHints":{"allow":["GET"]}}],"collection":[{"href":"https:\/\/noticiaempauta.com\/portal\/wp-json\/wp\/v2\/posts"}],"about":[{"href":"https:\/\/noticiaempauta.com\/portal\/wp-json\/wp\/v2\/types\/post"}],"author":[{"embeddable":true,"href":"https:\/\/noticiaempauta.com\/portal\/wp-json\/wp\/v2\/users\/2"}],"replies":[{"embeddable":true,"href":"https:\/\/noticiaempauta.com\/portal\/wp-json\/wp\/v2\/comments?post=275672"}],"version-history":[{"count":2,"href":"https:\/\/noticiaempauta.com\/portal\/wp-json\/wp\/v2\/posts\/275672\/revisions"}],"predecessor-version":[{"id":275681,"href":"https:\/\/noticiaempauta.com\/portal\/wp-json\/wp\/v2\/posts\/275672\/revisions\/275681"}],"wp:featuredmedia":[{"embeddable":true,"href":"https:\/\/noticiaempauta.com\/portal\/wp-json\/wp\/v2\/media\/275673"}],"wp:attachment":[{"href":"https:\/\/noticiaempauta.com\/portal\/wp-json\/wp\/v2\/media?parent=275672"}],"wp:term":[{"taxonomy":"category","embeddable":true,"href":"https:\/\/noticiaempauta.com\/portal\/wp-json\/wp\/v2\/categories?post=275672"},{"taxonomy":"post_tag","embeddable":true,"href":"https:\/\/noticiaempauta.com\/portal\/wp-json\/wp\/v2\/tags?post=275672"}],"curies":[{"name":"wp","href":"https:\/\/api.w.org\/{rel}","templated":true}]}}