{"id":275682,"date":"2025-07-23T09:08:49","date_gmt":"2025-07-23T12:08:49","guid":{"rendered":"https:\/\/noticiaempauta.com\/portal\/?p=275682"},"modified":"2025-07-23T09:08:49","modified_gmt":"2025-07-23T12:08:49","slug":"presidente-da-alepi-severo-eulalio-destaca-avancos-legislativos-no-1o-semestre-e-alerta-para-risco-de-perda-de-vagas-no-congresso","status":"publish","type":"post","link":"https:\/\/noticiaempauta.com\/portal\/presidente-da-alepi-severo-eulalio-destaca-avancos-legislativos-no-1o-semestre-e-alerta-para-risco-de-perda-de-vagas-no-congresso\/","title":{"rendered":"Presidente da Alepi, Severo Eul\u00e1lio destaca avan\u00e7os legislativos no 1\u00ba semestre e alerta para risco de perda de vagas no Congresso"},"content":{"rendered":"\n<p>O presidente da Assembleia Legislativa do Piau\u00ed (Alepi), deputado Severo Eul\u00e1lio (MDB), fez um balan\u00e7o positivo das atividades do Parlamento no primeiro semestre de 2025. Segundo ele, o per\u00edodo foi marcado por avan\u00e7os significativos, com a aprova\u00e7\u00e3o de mat\u00e9rias relevantes oriundas dos Poderes Executivo, Judici\u00e1rio e de outros \u00f3rg\u00e3os, al\u00e9m de proposi\u00e7\u00f5es apresentadas pelos pr\u00f3prios deputados.<\/p>\n\n\n\n<figure class=\"wp-block-image size-full\"><img fetchpriority=\"high\" decoding=\"async\" width=\"900\" height=\"587\" src=\"https:\/\/noticiaempauta.com\/portal\/wp-content\/uploads\/2025\/07\/severo.jpeg\" alt=\"\" class=\"wp-image-275683\" srcset=\"https:\/\/noticiaempauta.com\/portal\/wp-content\/uploads\/2025\/07\/severo.jpeg 900w, https:\/\/noticiaempauta.com\/portal\/wp-content\/uploads\/2025\/07\/severo-300x196.jpeg 300w, https:\/\/noticiaempauta.com\/portal\/wp-content\/uploads\/2025\/07\/severo-768x501.jpeg 768w\" sizes=\"(max-width: 900px) 100vw, 900px\" \/><figcaption class=\"wp-element-caption\"><em>Severo Eul\u00e1lio (Foto: Reprodu\u00e7\u00e3o)<\/em><\/figcaption><\/figure>\n\n\n\n<p>\u201cForam votadas mat\u00e9rias relevantes, realizadas diversas audi\u00eancias p\u00fablicas com ampla participa\u00e7\u00e3o da sociedade civil, especialmente de mulheres, que trouxeram pautas importantes. Dessas audi\u00eancias surgem propostas que, muitas vezes, s\u00e3o incorporadas \u00e0 legisla\u00e7\u00e3o, contribuindo para o aperfei\u00e7oamento das leis\u201d, afirmou o presidente.<\/p>\n\n\n\n<p>Severo Eul\u00e1lio tamb\u00e9m destacou a interioriza\u00e7\u00e3o das atividades da Alepi como uma das iniciativas comemorativas pelos 190 anos do Legislativo estadual. Sess\u00f5es foram realizadas em cidades como Picos e Oeiras. \u201c\u00c9 uma forma de aproximar o Parlamento da popula\u00e7\u00e3o, mostrando seu funcionamento diretamente nos munic\u00edpios, para al\u00e9m da TV Assembleia\u201d, pontuou.<\/p>\n\n\n\n<p>Durante o recesso parlamentar, os trabalhos continuam por meio da Comiss\u00e3o de Acompanhamento, composta pelos deputados Franz\u00e9 Silva (PT), B. S\u00e1 (PP), Gustavo Neiva (PP), Evaldo Gomes (Solidariedade), F\u00e1bio Novo (PT), Gessivaldo Isa\u00edas (Republicanos), Henrique Pires (MDB), Simone Pereira (MDB) e Ziza Carvalho (MDB).<\/p>\n\n\n\n<p><strong>Risco de perda de representatividade<\/strong><\/p>\n\n\n\n<p>O presidente da Alepi tamb\u00e9m se manifestou sobre o veto do presidente Lula ao projeto que revisa o n\u00famero de parlamentares por estado no Congresso Nacional. Caso o veto seja mantido pelo Congresso, o Piau\u00ed pode perder duas cadeiras na C\u00e2mara dos Deputados \u2014 passando de dez para oito \u2014 e seis na Assembleia Legislativa, reduzindo o n\u00famero de deputados estaduais de 30 para 24 a partir de 2026.<\/p>\n\n\n\n<p>\u201cNa minha opini\u00e3o, isso representaria um preju\u00edzo imenso para a representatividade do Piau\u00ed, especialmente no Congresso Nacional. Ter apenas oito deputados federais significa menos for\u00e7a pol\u00edtica, menos voz e menor participa\u00e7\u00e3o nas decis\u00f5es que impactam diretamente o nosso estado\u201d, alertou Severo Eul\u00e1lio.<\/p>\n\n\n\n<p>Ele lembrou que os parlamentares t\u00eam papel fundamental na destina\u00e7\u00e3o de recursos para \u00e1reas essenciais como sa\u00fade, educa\u00e7\u00e3o e assist\u00eancia social.<\/p>\n\n\n\n<p>Fonte: Alepi<\/p>\n","protected":false},"excerpt":{"rendered":"<p>O presidente da Assembleia Legislativa do Piau\u00ed (Alepi), deputado Severo Eul\u00e1lio (MDB), fez um balan\u00e7o positivo das atividades do Parlamento no primeiro semestre de 2025. Segundo ele, o per\u00edodo foi marcado por avan\u00e7os significativos, com a aprova\u00e7\u00e3o de mat\u00e9rias relevantes oriundas dos Poderes Executivo, Judici\u00e1rio e de outros \u00f3rg\u00e3os, al\u00e9m de proposi\u00e7\u00f5es apresentadas pelos pr\u00f3prios [&hellip;]<\/p>\n","protected":false},"author":2,"featured_media":275683,"comment_status":"open","ping_status":"open","sticky":false,"template":"","format":"standard","meta":{"_mi_skip_tracking":false,"footnotes":""},"categories":[25,1,3,16],"tags":[192],"class_list":["post-275682","post","type-post","status-publish","format-standard","has-post-thumbnail","hentry","category-destaques-site","category-geral","category-politica","category-todas","tag-destaqueprincipal"],"acf":[],"yoast_head":"<!-- This site is optimized with the Yoast SEO Premium plugin v19.2 (Yoast SEO v26.9) - https:\/\/yoast.com\/product\/yoast-seo-premium-wordpress\/ -->\n<title>Presidente da Alepi, Severo Eul\u00e1lio destaca avan\u00e7os legislativos no 1\u00ba semestre e alerta para risco de perda de vagas no Congresso - Portal Not\u00edcia em Pauta<\/title>\n<meta name=\"robots\" content=\"index, follow, max-snippet:-1, max-image-preview:large, max-video-preview:-1\" \/>\n<link rel=\"canonical\" href=\"https:\/\/noticiaempauta.com\/portal\/presidente-da-alepi-severo-eulalio-destaca-avancos-legislativos-no-1o-semestre-e-alerta-para-risco-de-perda-de-vagas-no-congresso\/\" \/>\n<meta property=\"og:locale\" content=\"pt_BR\" \/>\n<meta property=\"og:type\" content=\"article\" \/>\n<meta property=\"og:title\" content=\"Presidente da Alepi, Severo Eul\u00e1lio destaca avan\u00e7os legislativos no 1\u00ba semestre e alerta para risco de perda de vagas no Congresso\" \/>\n<meta property=\"og:description\" content=\"O presidente da Assembleia Legislativa do Piau\u00ed (Alepi), deputado Severo Eul\u00e1lio (MDB), fez um balan\u00e7o positivo das atividades do Parlamento no primeiro semestre de 2025. Segundo ele, o per\u00edodo foi marcado por avan\u00e7os significativos, com a aprova\u00e7\u00e3o de mat\u00e9rias relevantes oriundas dos Poderes Executivo, Judici\u00e1rio e de outros \u00f3rg\u00e3os, al\u00e9m de proposi\u00e7\u00f5es apresentadas pelos pr\u00f3prios [&hellip;]\" \/>\n<meta property=\"og:url\" content=\"https:\/\/noticiaempauta.com\/portal\/presidente-da-alepi-severo-eulalio-destaca-avancos-legislativos-no-1o-semestre-e-alerta-para-risco-de-perda-de-vagas-no-congresso\/\" \/>\n<meta property=\"og:site_name\" content=\"Portal Not\u00edcia em Pauta\" \/>\n<meta property=\"article:publisher\" content=\"https:\/\/www.facebook.com\/Portal-Notcia-Em-Pauta-102292869264820\/\" \/>\n<meta property=\"article:published_time\" content=\"2025-07-23T12:08:49+00:00\" \/>\n<meta property=\"og:image\" content=\"https:\/\/noticiaempauta.com\/portal\/wp-content\/uploads\/2025\/07\/severo.jpeg\" \/>\n\t<meta property=\"og:image:width\" content=\"900\" \/>\n\t<meta property=\"og:image:height\" content=\"587\" \/>\n\t<meta property=\"og:image:type\" content=\"image\/jpeg\" \/>\n<meta name=\"author\" content=\"Reda\u00e7\u00e3o\" \/>\n<meta name=\"twitter:card\" content=\"summary_large_image\" \/>\n<meta name=\"twitter:label1\" content=\"Escrito por\" \/>\n\t<meta name=\"twitter:data1\" content=\"Reda\u00e7\u00e3o\" \/>\n\t<meta name=\"twitter:label2\" content=\"Est. tempo de leitura\" \/>\n\t<meta name=\"twitter:data2\" content=\"3 minutos\" \/>\n<script type=\"application\/ld+json\" class=\"yoast-schema-graph\">{\"@context\":\"https:\/\/schema.org\",\"@graph\":[{\"@type\":\"Article\",\"@id\":\"https:\/\/noticiaempauta.com\/portal\/presidente-da-alepi-severo-eulalio-destaca-avancos-legislativos-no-1o-semestre-e-alerta-para-risco-de-perda-de-vagas-no-congresso\/#article\",\"isPartOf\":{\"@id\":\"https:\/\/noticiaempauta.com\/portal\/presidente-da-alepi-severo-eulalio-destaca-avancos-legislativos-no-1o-semestre-e-alerta-para-risco-de-perda-de-vagas-no-congresso\/\"},\"author\":{\"name\":\"Reda\u00e7\u00e3o\",\"@id\":\"https:\/\/noticiaempauta.com\/portal\/#\/schema\/person\/a74af43dd1ab3deca45f988c717d57ac\"},\"headline\":\"Presidente da Alepi, Severo Eul\u00e1lio destaca avan\u00e7os legislativos no 1\u00ba semestre e alerta para risco de perda de vagas no Congresso\",\"datePublished\":\"2025-07-23T12:08:49+00:00\",\"mainEntityOfPage\":{\"@id\":\"https:\/\/noticiaempauta.com\/portal\/presidente-da-alepi-severo-eulalio-destaca-avancos-legislativos-no-1o-semestre-e-alerta-para-risco-de-perda-de-vagas-no-congresso\/\"},\"wordCount\":395,\"commentCount\":0,\"publisher\":{\"@id\":\"https:\/\/noticiaempauta.com\/portal\/#organization\"},\"image\":{\"@id\":\"https:\/\/noticiaempauta.com\/portal\/presidente-da-alepi-severo-eulalio-destaca-avancos-legislativos-no-1o-semestre-e-alerta-para-risco-de-perda-de-vagas-no-congresso\/#primaryimage\"},\"thumbnailUrl\":\"https:\/\/noticiaempauta.com\/portal\/wp-content\/uploads\/2025\/07\/severo.jpeg\",\"keywords\":[\"destaqueprincipal\"],\"articleSection\":[\"Destaques\",\"Geral\",\"Pol\u00edtica\",\"Todas as Not\u00edcias\"],\"inLanguage\":\"pt-BR\",\"potentialAction\":[{\"@type\":\"CommentAction\",\"name\":\"Comment\",\"target\":[\"https:\/\/noticiaempauta.com\/portal\/presidente-da-alepi-severo-eulalio-destaca-avancos-legislativos-no-1o-semestre-e-alerta-para-risco-de-perda-de-vagas-no-congresso\/#respond\"]}]},{\"@type\":\"WebPage\",\"@id\":\"https:\/\/noticiaempauta.com\/portal\/presidente-da-alepi-severo-eulalio-destaca-avancos-legislativos-no-1o-semestre-e-alerta-para-risco-de-perda-de-vagas-no-congresso\/\",\"url\":\"https:\/\/noticiaempauta.com\/portal\/presidente-da-alepi-severo-eulalio-destaca-avancos-legislativos-no-1o-semestre-e-alerta-para-risco-de-perda-de-vagas-no-congresso\/\",\"name\":\"Presidente da Alepi, Severo Eul\u00e1lio destaca avan\u00e7os legislativos no 1\u00ba semestre e alerta para risco de perda de vagas no Congresso - Portal Not\u00edcia em Pauta\",\"isPartOf\":{\"@id\":\"https:\/\/noticiaempauta.com\/portal\/#website\"},\"primaryImageOfPage\":{\"@id\":\"https:\/\/noticiaempauta.com\/portal\/presidente-da-alepi-severo-eulalio-destaca-avancos-legislativos-no-1o-semestre-e-alerta-para-risco-de-perda-de-vagas-no-congresso\/#primaryimage\"},\"image\":{\"@id\":\"https:\/\/noticiaempauta.com\/portal\/presidente-da-alepi-severo-eulalio-destaca-avancos-legislativos-no-1o-semestre-e-alerta-para-risco-de-perda-de-vagas-no-congresso\/#primaryimage\"},\"thumbnailUrl\":\"https:\/\/noticiaempauta.com\/portal\/wp-content\/uploads\/2025\/07\/severo.jpeg\",\"datePublished\":\"2025-07-23T12:08:49+00:00\",\"breadcrumb\":{\"@id\":\"https:\/\/noticiaempauta.com\/portal\/presidente-da-alepi-severo-eulalio-destaca-avancos-legislativos-no-1o-semestre-e-alerta-para-risco-de-perda-de-vagas-no-congresso\/#breadcrumb\"},\"inLanguage\":\"pt-BR\",\"potentialAction\":[{\"@type\":\"ReadAction\",\"target\":[\"https:\/\/noticiaempauta.com\/portal\/presidente-da-alepi-severo-eulalio-destaca-avancos-legislativos-no-1o-semestre-e-alerta-para-risco-de-perda-de-vagas-no-congresso\/\"]}]},{\"@type\":\"ImageObject\",\"inLanguage\":\"pt-BR\",\"@id\":\"https:\/\/noticiaempauta.com\/portal\/presidente-da-alepi-severo-eulalio-destaca-avancos-legislativos-no-1o-semestre-e-alerta-para-risco-de-perda-de-vagas-no-congresso\/#primaryimage\",\"url\":\"https:\/\/noticiaempauta.com\/portal\/wp-content\/uploads\/2025\/07\/severo.jpeg\",\"contentUrl\":\"https:\/\/noticiaempauta.com\/portal\/wp-content\/uploads\/2025\/07\/severo.jpeg\",\"width\":900,\"height\":587},{\"@type\":\"BreadcrumbList\",\"@id\":\"https:\/\/noticiaempauta.com\/portal\/presidente-da-alepi-severo-eulalio-destaca-avancos-legislativos-no-1o-semestre-e-alerta-para-risco-de-perda-de-vagas-no-congresso\/#breadcrumb\",\"itemListElement\":[{\"@type\":\"ListItem\",\"position\":1,\"name\":\"P\u00e1gina Inicial\",\"item\":\"https:\/\/noticiaempauta.com\/portal\/\"},{\"@type\":\"ListItem\",\"position\":2,\"name\":\"Destaques\",\"item\":\"https:\/\/noticiaempauta.com\/portal\/destaques-site\/\"},{\"@type\":\"ListItem\",\"position\":3,\"name\":\"Presidente da Alepi, Severo Eul\u00e1lio destaca avan\u00e7os legislativos no 1\u00ba semestre e alerta para risco de perda de vagas no Congresso\"}]},{\"@type\":\"WebSite\",\"@id\":\"https:\/\/noticiaempauta.com\/portal\/#website\",\"url\":\"https:\/\/noticiaempauta.com\/portal\/\",\"name\":\"Portal Not\u00edcia em Pauta\",\"description\":\"Voc\u00ea bem informado\",\"publisher\":{\"@id\":\"https:\/\/noticiaempauta.com\/portal\/#organization\"},\"potentialAction\":[{\"@type\":\"SearchAction\",\"target\":{\"@type\":\"EntryPoint\",\"urlTemplate\":\"https:\/\/noticiaempauta.com\/portal\/?s={search_term_string}\"},\"query-input\":{\"@type\":\"PropertyValueSpecification\",\"valueRequired\":true,\"valueName\":\"search_term_string\"}}],\"inLanguage\":\"pt-BR\"},{\"@type\":\"Organization\",\"@id\":\"https:\/\/noticiaempauta.com\/portal\/#organization\",\"name\":\"Portal Not\u00edcia em Pauta\",\"url\":\"https:\/\/noticiaempauta.com\/portal\/\",\"logo\":{\"@type\":\"ImageObject\",\"inLanguage\":\"pt-BR\",\"@id\":\"https:\/\/noticiaempauta.com\/portal\/#\/schema\/logo\/image\/\",\"url\":\"https:\/\/noticiaempauta.com\/portal\/wp-content\/uploads\/2022\/08\/logomarca_tema.fw_.png\",\"contentUrl\":\"https:\/\/noticiaempauta.com\/portal\/wp-content\/uploads\/2022\/08\/logomarca_tema.fw_.png\",\"width\":400,\"height\":232,\"caption\":\"Portal Not\u00edcia em Pauta\"},\"image\":{\"@id\":\"https:\/\/noticiaempauta.com\/portal\/#\/schema\/logo\/image\/\"},\"sameAs\":[\"https:\/\/www.facebook.com\/Portal-Notcia-Em-Pauta-102292869264820\/\",\"https:\/\/www.instagram.com\/portalnoticiaempauta\/\"]},{\"@type\":\"Person\",\"@id\":\"https:\/\/noticiaempauta.com\/portal\/#\/schema\/person\/a74af43dd1ab3deca45f988c717d57ac\",\"name\":\"Reda\u00e7\u00e3o\",\"image\":{\"@type\":\"ImageObject\",\"inLanguage\":\"pt-BR\",\"@id\":\"https:\/\/noticiaempauta.com\/portal\/#\/schema\/person\/image\/\",\"url\":\"https:\/\/secure.gravatar.com\/avatar\/03179346ecce6cdfc13361603e8f54242a90e5cde8618fa23c5c00aa2b0aadf3?s=96&d=mm&r=g\",\"contentUrl\":\"https:\/\/secure.gravatar.com\/avatar\/03179346ecce6cdfc13361603e8f54242a90e5cde8618fa23c5c00aa2b0aadf3?s=96&d=mm&r=g\",\"caption\":\"Reda\u00e7\u00e3o\"},\"sameAs\":[\"https:\/\/noticiaempauta.com\/portal\/\"],\"url\":\"https:\/\/noticiaempauta.com\/portal\/author\/fernando\/\"}]}<\/script>\n<!-- \/ Yoast SEO Premium plugin. -->","yoast_head_json":{"title":"Presidente da Alepi, Severo Eul\u00e1lio destaca avan\u00e7os legislativos no 1\u00ba semestre e alerta para risco de perda de vagas no Congresso - Portal Not\u00edcia em Pauta","robots":{"index":"index","follow":"follow","max-snippet":"max-snippet:-1","max-image-preview":"max-image-preview:large","max-video-preview":"max-video-preview:-1"},"canonical":"https:\/\/noticiaempauta.com\/portal\/presidente-da-alepi-severo-eulalio-destaca-avancos-legislativos-no-1o-semestre-e-alerta-para-risco-de-perda-de-vagas-no-congresso\/","og_locale":"pt_BR","og_type":"article","og_title":"Presidente da Alepi, Severo Eul\u00e1lio destaca avan\u00e7os legislativos no 1\u00ba semestre e alerta para risco de perda de vagas no Congresso","og_description":"O presidente da Assembleia Legislativa do Piau\u00ed (Alepi), deputado Severo Eul\u00e1lio (MDB), fez um balan\u00e7o positivo das atividades do Parlamento no primeiro semestre de 2025. Segundo ele, o per\u00edodo foi marcado por avan\u00e7os significativos, com a aprova\u00e7\u00e3o de mat\u00e9rias relevantes oriundas dos Poderes Executivo, Judici\u00e1rio e de outros \u00f3rg\u00e3os, al\u00e9m de proposi\u00e7\u00f5es apresentadas pelos pr\u00f3prios [&hellip;]","og_url":"https:\/\/noticiaempauta.com\/portal\/presidente-da-alepi-severo-eulalio-destaca-avancos-legislativos-no-1o-semestre-e-alerta-para-risco-de-perda-de-vagas-no-congresso\/","og_site_name":"Portal Not\u00edcia em Pauta","article_publisher":"https:\/\/www.facebook.com\/Portal-Notcia-Em-Pauta-102292869264820\/","article_published_time":"2025-07-23T12:08:49+00:00","og_image":[{"width":900,"height":587,"url":"https:\/\/noticiaempauta.com\/portal\/wp-content\/uploads\/2025\/07\/severo.jpeg","type":"image\/jpeg"}],"author":"Reda\u00e7\u00e3o","twitter_card":"summary_large_image","twitter_misc":{"Escrito por":"Reda\u00e7\u00e3o","Est. tempo de leitura":"3 minutos"},"schema":{"@context":"https:\/\/schema.org","@graph":[{"@type":"Article","@id":"https:\/\/noticiaempauta.com\/portal\/presidente-da-alepi-severo-eulalio-destaca-avancos-legislativos-no-1o-semestre-e-alerta-para-risco-de-perda-de-vagas-no-congresso\/#article","isPartOf":{"@id":"https:\/\/noticiaempauta.com\/portal\/presidente-da-alepi-severo-eulalio-destaca-avancos-legislativos-no-1o-semestre-e-alerta-para-risco-de-perda-de-vagas-no-congresso\/"},"author":{"name":"Reda\u00e7\u00e3o","@id":"https:\/\/noticiaempauta.com\/portal\/#\/schema\/person\/a74af43dd1ab3deca45f988c717d57ac"},"headline":"Presidente da Alepi, Severo Eul\u00e1lio destaca avan\u00e7os legislativos no 1\u00ba semestre e alerta para risco de perda de vagas no Congresso","datePublished":"2025-07-23T12:08:49+00:00","mainEntityOfPage":{"@id":"https:\/\/noticiaempauta.com\/portal\/presidente-da-alepi-severo-eulalio-destaca-avancos-legislativos-no-1o-semestre-e-alerta-para-risco-de-perda-de-vagas-no-congresso\/"},"wordCount":395,"commentCount":0,"publisher":{"@id":"https:\/\/noticiaempauta.com\/portal\/#organization"},"image":{"@id":"https:\/\/noticiaempauta.com\/portal\/presidente-da-alepi-severo-eulalio-destaca-avancos-legislativos-no-1o-semestre-e-alerta-para-risco-de-perda-de-vagas-no-congresso\/#primaryimage"},"thumbnailUrl":"https:\/\/noticiaempauta.com\/portal\/wp-content\/uploads\/2025\/07\/severo.jpeg","keywords":["destaqueprincipal"],"articleSection":["Destaques","Geral","Pol\u00edtica","Todas as Not\u00edcias"],"inLanguage":"pt-BR","potentialAction":[{"@type":"CommentAction","name":"Comment","target":["https:\/\/noticiaempauta.com\/portal\/presidente-da-alepi-severo-eulalio-destaca-avancos-legislativos-no-1o-semestre-e-alerta-para-risco-de-perda-de-vagas-no-congresso\/#respond"]}]},{"@type":"WebPage","@id":"https:\/\/noticiaempauta.com\/portal\/presidente-da-alepi-severo-eulalio-destaca-avancos-legislativos-no-1o-semestre-e-alerta-para-risco-de-perda-de-vagas-no-congresso\/","url":"https:\/\/noticiaempauta.com\/portal\/presidente-da-alepi-severo-eulalio-destaca-avancos-legislativos-no-1o-semestre-e-alerta-para-risco-de-perda-de-vagas-no-congresso\/","name":"Presidente da Alepi, Severo Eul\u00e1lio destaca avan\u00e7os legislativos no 1\u00ba semestre e alerta para risco de perda de vagas no Congresso - Portal Not\u00edcia em Pauta","isPartOf":{"@id":"https:\/\/noticiaempauta.com\/portal\/#website"},"primaryImageOfPage":{"@id":"https:\/\/noticiaempauta.com\/portal\/presidente-da-alepi-severo-eulalio-destaca-avancos-legislativos-no-1o-semestre-e-alerta-para-risco-de-perda-de-vagas-no-congresso\/#primaryimage"},"image":{"@id":"https:\/\/noticiaempauta.com\/portal\/presidente-da-alepi-severo-eulalio-destaca-avancos-legislativos-no-1o-semestre-e-alerta-para-risco-de-perda-de-vagas-no-congresso\/#primaryimage"},"thumbnailUrl":"https:\/\/noticiaempauta.com\/portal\/wp-content\/uploads\/2025\/07\/severo.jpeg","datePublished":"2025-07-23T12:08:49+00:00","breadcrumb":{"@id":"https:\/\/noticiaempauta.com\/portal\/presidente-da-alepi-severo-eulalio-destaca-avancos-legislativos-no-1o-semestre-e-alerta-para-risco-de-perda-de-vagas-no-congresso\/#breadcrumb"},"inLanguage":"pt-BR","potentialAction":[{"@type":"ReadAction","target":["https:\/\/noticiaempauta.com\/portal\/presidente-da-alepi-severo-eulalio-destaca-avancos-legislativos-no-1o-semestre-e-alerta-para-risco-de-perda-de-vagas-no-congresso\/"]}]},{"@type":"ImageObject","inLanguage":"pt-BR","@id":"https:\/\/noticiaempauta.com\/portal\/presidente-da-alepi-severo-eulalio-destaca-avancos-legislativos-no-1o-semestre-e-alerta-para-risco-de-perda-de-vagas-no-congresso\/#primaryimage","url":"https:\/\/noticiaempauta.com\/portal\/wp-content\/uploads\/2025\/07\/severo.jpeg","contentUrl":"https:\/\/noticiaempauta.com\/portal\/wp-content\/uploads\/2025\/07\/severo.jpeg","width":900,"height":587},{"@type":"BreadcrumbList","@id":"https:\/\/noticiaempauta.com\/portal\/presidente-da-alepi-severo-eulalio-destaca-avancos-legislativos-no-1o-semestre-e-alerta-para-risco-de-perda-de-vagas-no-congresso\/#breadcrumb","itemListElement":[{"@type":"ListItem","position":1,"name":"P\u00e1gina Inicial","item":"https:\/\/noticiaempauta.com\/portal\/"},{"@type":"ListItem","position":2,"name":"Destaques","item":"https:\/\/noticiaempauta.com\/portal\/destaques-site\/"},{"@type":"ListItem","position":3,"name":"Presidente da Alepi, Severo Eul\u00e1lio destaca avan\u00e7os legislativos no 1\u00ba semestre e alerta para risco de perda de vagas no Congresso"}]},{"@type":"WebSite","@id":"https:\/\/noticiaempauta.com\/portal\/#website","url":"https:\/\/noticiaempauta.com\/portal\/","name":"Portal Not\u00edcia em Pauta","description":"Voc\u00ea bem informado","publisher":{"@id":"https:\/\/noticiaempauta.com\/portal\/#organization"},"potentialAction":[{"@type":"SearchAction","target":{"@type":"EntryPoint","urlTemplate":"https:\/\/noticiaempauta.com\/portal\/?s={search_term_string}"},"query-input":{"@type":"PropertyValueSpecification","valueRequired":true,"valueName":"search_term_string"}}],"inLanguage":"pt-BR"},{"@type":"Organization","@id":"https:\/\/noticiaempauta.com\/portal\/#organization","name":"Portal Not\u00edcia em Pauta","url":"https:\/\/noticiaempauta.com\/portal\/","logo":{"@type":"ImageObject","inLanguage":"pt-BR","@id":"https:\/\/noticiaempauta.com\/portal\/#\/schema\/logo\/image\/","url":"https:\/\/noticiaempauta.com\/portal\/wp-content\/uploads\/2022\/08\/logomarca_tema.fw_.png","contentUrl":"https:\/\/noticiaempauta.com\/portal\/wp-content\/uploads\/2022\/08\/logomarca_tema.fw_.png","width":400,"height":232,"caption":"Portal Not\u00edcia em Pauta"},"image":{"@id":"https:\/\/noticiaempauta.com\/portal\/#\/schema\/logo\/image\/"},"sameAs":["https:\/\/www.facebook.com\/Portal-Notcia-Em-Pauta-102292869264820\/","https:\/\/www.instagram.com\/portalnoticiaempauta\/"]},{"@type":"Person","@id":"https:\/\/noticiaempauta.com\/portal\/#\/schema\/person\/a74af43dd1ab3deca45f988c717d57ac","name":"Reda\u00e7\u00e3o","image":{"@type":"ImageObject","inLanguage":"pt-BR","@id":"https:\/\/noticiaempauta.com\/portal\/#\/schema\/person\/image\/","url":"https:\/\/secure.gravatar.com\/avatar\/03179346ecce6cdfc13361603e8f54242a90e5cde8618fa23c5c00aa2b0aadf3?s=96&d=mm&r=g","contentUrl":"https:\/\/secure.gravatar.com\/avatar\/03179346ecce6cdfc13361603e8f54242a90e5cde8618fa23c5c00aa2b0aadf3?s=96&d=mm&r=g","caption":"Reda\u00e7\u00e3o"},"sameAs":["https:\/\/noticiaempauta.com\/portal\/"],"url":"https:\/\/noticiaempauta.com\/portal\/author\/fernando\/"}]}},"_links":{"self":[{"href":"https:\/\/noticiaempauta.com\/portal\/wp-json\/wp\/v2\/posts\/275682","targetHints":{"allow":["GET"]}}],"collection":[{"href":"https:\/\/noticiaempauta.com\/portal\/wp-json\/wp\/v2\/posts"}],"about":[{"href":"https:\/\/noticiaempauta.com\/portal\/wp-json\/wp\/v2\/types\/post"}],"author":[{"embeddable":true,"href":"https:\/\/noticiaempauta.com\/portal\/wp-json\/wp\/v2\/users\/2"}],"replies":[{"embeddable":true,"href":"https:\/\/noticiaempauta.com\/portal\/wp-json\/wp\/v2\/comments?post=275682"}],"version-history":[{"count":2,"href":"https:\/\/noticiaempauta.com\/portal\/wp-json\/wp\/v2\/posts\/275682\/revisions"}],"predecessor-version":[{"id":275685,"href":"https:\/\/noticiaempauta.com\/portal\/wp-json\/wp\/v2\/posts\/275682\/revisions\/275685"}],"wp:featuredmedia":[{"embeddable":true,"href":"https:\/\/noticiaempauta.com\/portal\/wp-json\/wp\/v2\/media\/275683"}],"wp:attachment":[{"href":"https:\/\/noticiaempauta.com\/portal\/wp-json\/wp\/v2\/media?parent=275682"}],"wp:term":[{"taxonomy":"category","embeddable":true,"href":"https:\/\/noticiaempauta.com\/portal\/wp-json\/wp\/v2\/categories?post=275682"},{"taxonomy":"post_tag","embeddable":true,"href":"https:\/\/noticiaempauta.com\/portal\/wp-json\/wp\/v2\/tags?post=275682"}],"curies":[{"name":"wp","href":"https:\/\/api.w.org\/{rel}","templated":true}]}}