{"id":275686,"date":"2025-07-23T09:12:43","date_gmt":"2025-07-23T12:12:43","guid":{"rendered":"https:\/\/noticiaempauta.com\/portal\/?p=275686"},"modified":"2025-07-23T11:15:06","modified_gmt":"2025-07-23T14:15:06","slug":"justica-eleitoral-cassa-mandatos-de-vereadores-em-barra-dalcantara-por-fraude-a-cota-de-genero","status":"publish","type":"post","link":"https:\/\/noticiaempauta.com\/portal\/justica-eleitoral-cassa-mandatos-de-vereadores-em-barra-dalcantara-por-fraude-a-cota-de-genero\/","title":{"rendered":"Justi\u00e7a Eleitoral cassa mandatos de vereadores em Barra D\u2019Alc\u00e2ntara por fraude \u00e0 cota de g\u00eanero"},"content":{"rendered":"\n<p>Seis vereadores eleitos pelo MDB no munic\u00edpio de Barra D\u2019Alc\u00e2ntara, a 225 km de Teresina, tiveram os mandatos cassados por decis\u00e3o da Justi\u00e7a Eleitoral, acusados de fraude \u00e0 cota de g\u00eanero nas elei\u00e7\u00f5es de 2020. A senten\u00e7a foi proferida pela Comarca de Elesb\u00e3o Veloso e atinge toda a chapa proporcional do partido.<\/p>\n\n\n\n<figure class=\"wp-block-image size-full\"><img fetchpriority=\"high\" decoding=\"async\" width=\"569\" height=\"500\" src=\"https:\/\/noticiaempauta.com\/portal\/wp-content\/uploads\/2025\/07\/18f9cd521530b2f3a8f0e073a98f1a20.png\" alt=\"\" class=\"wp-image-275687\" srcset=\"https:\/\/noticiaempauta.com\/portal\/wp-content\/uploads\/2025\/07\/18f9cd521530b2f3a8f0e073a98f1a20.png 569w, https:\/\/noticiaempauta.com\/portal\/wp-content\/uploads\/2025\/07\/18f9cd521530b2f3a8f0e073a98f1a20-300x264.png 300w\" sizes=\"(max-width: 569px) 100vw, 569px\" \/><\/figure>\n\n\n\n<p>De acordo com a decis\u00e3o, o partido usou candidaturas femininas fict\u00edcias, conhecidas como \u201ccandidatas laranjas\u201d, apenas para cumprir a exig\u00eancia legal de 30% de participa\u00e7\u00e3o m\u00ednima de mulheres nas chapas proporcionais. As investiga\u00e7\u00f5es apontaram que ao menos duas candidatas n\u00e3o fizeram campanha nem receberam votos expressivos, configurando ind\u00edcios de fraude.<\/p>\n\n\n\n<p>A Justi\u00e7a considerou que houve viola\u00e7\u00e3o da legisla\u00e7\u00e3o eleitoral, anulando todos os votos recebidos pela chapa e, por consequ\u00eancia, determinando a perda do mandato de todos os vereadores eleitos pelo partido nas elei\u00e7\u00f5es municipais.<\/p>\n\n\n\n<p>A decis\u00e3o, proferida pelo juiz Juscelino Norberto da Silva Neto, tamb\u00e9m declarou a inelegibilidade, por 8 anos, das candidatas Hamanda Thayza Lais Nascimento da Silva e Anadete de Sousa Silva, apontadas como as candidatas laranjas.<\/p>\n\n\n\n<p>O juiz destacou que ambas obtiveram vota\u00e7\u00e3o inexpressiva, sendo tr\u00eas votos para Hamanda e sete para Anadete, num universo de mais de 3 mil eleitores, al\u00e9m de n\u00e3o terem realizado atos concretos de campanha. Tamb\u00e9m chamou aten\u00e7\u00e3o o fato de que as presta\u00e7\u00f5es de contas das candidatas foram padronizadas, com gastos e repasses praticamente id\u00eanticos, e sem comprova\u00e7\u00e3o da distribui\u00e7\u00e3o de materiais ou mobiliza\u00e7\u00e3o eleitoral.<\/p>\n\n\n\n<p>A Justi\u00e7a cassou ainda os diplomas dos seis vereadores eleitos pelo MDB no pleito proporcional de 2020 no munic\u00edpio, incluindo o presidente da C\u00e2mara do munic\u00edpio. S\u00e3o eles: Valdercarlos Santos Pereira, Genilson de Moura Nunes, Cleiton Brito de Sousa, Jonas Ara\u00fajo de Oliveira, Mairon Martins da Silva e Gilvan Pereira da Silva.<\/p>\n\n\n\n<p>A senten\u00e7a tamb\u00e9m determinou a cassa\u00e7\u00e3o do Demonstrativo de Regularidade dos Atos Partid\u00e1rios (DRAP) do MDB, a nulidade dos votos obtidos pelo partido, e a recontagem do quociente eleitoral e partid\u00e1rio, podendo resultar em nova distribui\u00e7\u00e3o das cadeiras na C\u00e2mara Municipal de Barra D\u2019Alc\u00e2ntara.<\/p>\n\n\n\n<p>A decis\u00e3o \u00e9 de primeira inst\u00e2ncia e ainda cabe recurso ao Tribunal Regional Eleitoral do Piau\u00ed (TRE-PI).<\/p>\n\n\n\n<p><strong>Presidente da C\u00e2mara se posiciona<\/strong><\/p>\n\n\n\n<p>Em nota, o presidente da C\u00e2mara Municipal de Barra D\u2019Alc\u00e2ntara, Cleiton Brito de Sousa, um dos vereadores que teve o mandato cassado, informou que respeita a decis\u00e3o judicial, mas discorda dos fundamentos adotados e anunciou que ir\u00e1 recorrer ao TRE-PI.<\/p>\n\n\n\n<p>O parlamentar afirmou que as candidatas investigadas realizaram atos de campanha, tiveram suas contas aprovadas pela Justi\u00e7a Eleitoral e que o baixo n\u00famero de votos obtidos n\u00e3o pode ser interpretado como aus\u00eancia de participa\u00e7\u00e3o no pleito. Para ele, \u201catribuir \u00e0 vota\u00e7\u00e3o inexpressiva a prova de fraude constitui grave afronta ao sistema democr\u00e1tico\u201d.<\/p>\n\n\n\n<p>Ele tamb\u00e9m classificou a decis\u00e3o como discriminat\u00f3ria e alertou para o risco de desest\u00edmulo \u00e0 participa\u00e7\u00e3o feminina na pol\u00edtica.<\/p>\n\n\n\n<p>\u201cAfirmar que o baixo desempenho nas urnas configura prova de fraude revela n\u00e3o apenas grave desprezo pelo sistema democr\u00e1tico, mas tamb\u00e9m um ato discriminat\u00f3rio, gerando a equivocada percep\u00e7\u00e3o de que, caso uma mulher n\u00e3o alcance expressiva vota\u00e7\u00e3o, ser\u00e1 penalizada por sua atua\u00e7\u00e3o pol\u00edtica\u201d, declarou.<\/p>\n\n\n\n<p>Fonte: Cidade Verde<\/p>\n","protected":false},"excerpt":{"rendered":"<p>Seis vereadores eleitos pelo MDB no munic\u00edpio de Barra D\u2019Alc\u00e2ntara, a 225 km de Teresina, tiveram os mandatos cassados por decis\u00e3o da Justi\u00e7a Eleitoral, acusados de fraude \u00e0 cota de g\u00eanero nas elei\u00e7\u00f5es de 2020. A senten\u00e7a foi proferida pela Comarca de Elesb\u00e3o Veloso e atinge toda a chapa proporcional do partido. De acordo com [&hellip;]<\/p>\n","protected":false},"author":2,"featured_media":275694,"comment_status":"open","ping_status":"open","sticky":false,"template":"","format":"standard","meta":{"_mi_skip_tracking":false,"footnotes":""},"categories":[25,1,9,3,16],"tags":[192],"class_list":["post-275686","post","type-post","status-publish","format-standard","has-post-thumbnail","hentry","category-destaques-site","category-geral","category-municipios","category-politica","category-todas","tag-destaqueprincipal"],"acf":[],"yoast_head":"<!-- This site is optimized with the Yoast SEO Premium plugin v19.2 (Yoast SEO v26.9) - https:\/\/yoast.com\/product\/yoast-seo-premium-wordpress\/ -->\n<title>Justi\u00e7a Eleitoral cassa mandatos de vereadores em Barra D\u2019Alc\u00e2ntara por fraude \u00e0 cota de g\u00eanero - Portal Not\u00edcia em Pauta<\/title>\n<meta name=\"robots\" content=\"index, follow, max-snippet:-1, max-image-preview:large, max-video-preview:-1\" \/>\n<link rel=\"canonical\" href=\"https:\/\/noticiaempauta.com\/portal\/justica-eleitoral-cassa-mandatos-de-vereadores-em-barra-dalcantara-por-fraude-a-cota-de-genero\/\" \/>\n<meta property=\"og:locale\" content=\"pt_BR\" \/>\n<meta property=\"og:type\" content=\"article\" \/>\n<meta property=\"og:title\" content=\"Justi\u00e7a Eleitoral cassa mandatos de vereadores em Barra D\u2019Alc\u00e2ntara por fraude \u00e0 cota de g\u00eanero\" \/>\n<meta property=\"og:description\" content=\"Seis vereadores eleitos pelo MDB no munic\u00edpio de Barra D\u2019Alc\u00e2ntara, a 225 km de Teresina, tiveram os mandatos cassados por decis\u00e3o da Justi\u00e7a Eleitoral, acusados de fraude \u00e0 cota de g\u00eanero nas elei\u00e7\u00f5es de 2020. A senten\u00e7a foi proferida pela Comarca de Elesb\u00e3o Veloso e atinge toda a chapa proporcional do partido. De acordo com [&hellip;]\" \/>\n<meta property=\"og:url\" content=\"https:\/\/noticiaempauta.com\/portal\/justica-eleitoral-cassa-mandatos-de-vereadores-em-barra-dalcantara-por-fraude-a-cota-de-genero\/\" \/>\n<meta property=\"og:site_name\" content=\"Portal Not\u00edcia em Pauta\" \/>\n<meta property=\"article:publisher\" content=\"https:\/\/www.facebook.com\/Portal-Notcia-Em-Pauta-102292869264820\/\" \/>\n<meta property=\"article:published_time\" content=\"2025-07-23T12:12:43+00:00\" \/>\n<meta property=\"article:modified_time\" content=\"2025-07-23T14:15:06+00:00\" \/>\n<meta property=\"og:image\" content=\"https:\/\/noticiaempauta.com\/portal\/wp-content\/uploads\/2025\/07\/unnamed.webp\" \/>\n\t<meta property=\"og:image:width\" content=\"1360\" \/>\n\t<meta property=\"og:image:height\" content=\"1020\" \/>\n\t<meta property=\"og:image:type\" content=\"image\/webp\" \/>\n<meta name=\"author\" content=\"Reda\u00e7\u00e3o\" \/>\n<meta name=\"twitter:card\" content=\"summary_large_image\" \/>\n<meta name=\"twitter:label1\" content=\"Escrito por\" \/>\n\t<meta name=\"twitter:data1\" content=\"Reda\u00e7\u00e3o\" \/>\n\t<meta name=\"twitter:label2\" content=\"Est. tempo de leitura\" \/>\n\t<meta name=\"twitter:data2\" content=\"4 minutos\" \/>\n<script type=\"application\/ld+json\" class=\"yoast-schema-graph\">{\"@context\":\"https:\/\/schema.org\",\"@graph\":[{\"@type\":\"Article\",\"@id\":\"https:\/\/noticiaempauta.com\/portal\/justica-eleitoral-cassa-mandatos-de-vereadores-em-barra-dalcantara-por-fraude-a-cota-de-genero\/#article\",\"isPartOf\":{\"@id\":\"https:\/\/noticiaempauta.com\/portal\/justica-eleitoral-cassa-mandatos-de-vereadores-em-barra-dalcantara-por-fraude-a-cota-de-genero\/\"},\"author\":{\"name\":\"Reda\u00e7\u00e3o\",\"@id\":\"https:\/\/noticiaempauta.com\/portal\/#\/schema\/person\/a74af43dd1ab3deca45f988c717d57ac\"},\"headline\":\"Justi\u00e7a Eleitoral cassa mandatos de vereadores em Barra D\u2019Alc\u00e2ntara por fraude \u00e0 cota de g\u00eanero\",\"datePublished\":\"2025-07-23T12:12:43+00:00\",\"dateModified\":\"2025-07-23T14:15:06+00:00\",\"mainEntityOfPage\":{\"@id\":\"https:\/\/noticiaempauta.com\/portal\/justica-eleitoral-cassa-mandatos-de-vereadores-em-barra-dalcantara-por-fraude-a-cota-de-genero\/\"},\"wordCount\":599,\"commentCount\":0,\"publisher\":{\"@id\":\"https:\/\/noticiaempauta.com\/portal\/#organization\"},\"image\":{\"@id\":\"https:\/\/noticiaempauta.com\/portal\/justica-eleitoral-cassa-mandatos-de-vereadores-em-barra-dalcantara-por-fraude-a-cota-de-genero\/#primaryimage\"},\"thumbnailUrl\":\"https:\/\/noticiaempauta.com\/portal\/wp-content\/uploads\/2025\/07\/unnamed.webp\",\"keywords\":[\"destaqueprincipal\"],\"articleSection\":[\"Destaques\",\"Geral\",\"Munic\u00edpios\",\"Pol\u00edtica\",\"Todas as Not\u00edcias\"],\"inLanguage\":\"pt-BR\",\"potentialAction\":[{\"@type\":\"CommentAction\",\"name\":\"Comment\",\"target\":[\"https:\/\/noticiaempauta.com\/portal\/justica-eleitoral-cassa-mandatos-de-vereadores-em-barra-dalcantara-por-fraude-a-cota-de-genero\/#respond\"]}]},{\"@type\":\"WebPage\",\"@id\":\"https:\/\/noticiaempauta.com\/portal\/justica-eleitoral-cassa-mandatos-de-vereadores-em-barra-dalcantara-por-fraude-a-cota-de-genero\/\",\"url\":\"https:\/\/noticiaempauta.com\/portal\/justica-eleitoral-cassa-mandatos-de-vereadores-em-barra-dalcantara-por-fraude-a-cota-de-genero\/\",\"name\":\"Justi\u00e7a Eleitoral cassa mandatos de vereadores em Barra D\u2019Alc\u00e2ntara por fraude \u00e0 cota de g\u00eanero - Portal Not\u00edcia em Pauta\",\"isPartOf\":{\"@id\":\"https:\/\/noticiaempauta.com\/portal\/#website\"},\"primaryImageOfPage\":{\"@id\":\"https:\/\/noticiaempauta.com\/portal\/justica-eleitoral-cassa-mandatos-de-vereadores-em-barra-dalcantara-por-fraude-a-cota-de-genero\/#primaryimage\"},\"image\":{\"@id\":\"https:\/\/noticiaempauta.com\/portal\/justica-eleitoral-cassa-mandatos-de-vereadores-em-barra-dalcantara-por-fraude-a-cota-de-genero\/#primaryimage\"},\"thumbnailUrl\":\"https:\/\/noticiaempauta.com\/portal\/wp-content\/uploads\/2025\/07\/unnamed.webp\",\"datePublished\":\"2025-07-23T12:12:43+00:00\",\"dateModified\":\"2025-07-23T14:15:06+00:00\",\"breadcrumb\":{\"@id\":\"https:\/\/noticiaempauta.com\/portal\/justica-eleitoral-cassa-mandatos-de-vereadores-em-barra-dalcantara-por-fraude-a-cota-de-genero\/#breadcrumb\"},\"inLanguage\":\"pt-BR\",\"potentialAction\":[{\"@type\":\"ReadAction\",\"target\":[\"https:\/\/noticiaempauta.com\/portal\/justica-eleitoral-cassa-mandatos-de-vereadores-em-barra-dalcantara-por-fraude-a-cota-de-genero\/\"]}]},{\"@type\":\"ImageObject\",\"inLanguage\":\"pt-BR\",\"@id\":\"https:\/\/noticiaempauta.com\/portal\/justica-eleitoral-cassa-mandatos-de-vereadores-em-barra-dalcantara-por-fraude-a-cota-de-genero\/#primaryimage\",\"url\":\"https:\/\/noticiaempauta.com\/portal\/wp-content\/uploads\/2025\/07\/unnamed.webp\",\"contentUrl\":\"https:\/\/noticiaempauta.com\/portal\/wp-content\/uploads\/2025\/07\/unnamed.webp\",\"width\":1360,\"height\":1020},{\"@type\":\"BreadcrumbList\",\"@id\":\"https:\/\/noticiaempauta.com\/portal\/justica-eleitoral-cassa-mandatos-de-vereadores-em-barra-dalcantara-por-fraude-a-cota-de-genero\/#breadcrumb\",\"itemListElement\":[{\"@type\":\"ListItem\",\"position\":1,\"name\":\"P\u00e1gina Inicial\",\"item\":\"https:\/\/noticiaempauta.com\/portal\/\"},{\"@type\":\"ListItem\",\"position\":2,\"name\":\"Destaques\",\"item\":\"https:\/\/noticiaempauta.com\/portal\/destaques-site\/\"},{\"@type\":\"ListItem\",\"position\":3,\"name\":\"Justi\u00e7a Eleitoral cassa mandatos de vereadores em Barra D\u2019Alc\u00e2ntara por fraude \u00e0 cota de g\u00eanero\"}]},{\"@type\":\"WebSite\",\"@id\":\"https:\/\/noticiaempauta.com\/portal\/#website\",\"url\":\"https:\/\/noticiaempauta.com\/portal\/\",\"name\":\"Portal Not\u00edcia em Pauta\",\"description\":\"Voc\u00ea bem informado\",\"publisher\":{\"@id\":\"https:\/\/noticiaempauta.com\/portal\/#organization\"},\"potentialAction\":[{\"@type\":\"SearchAction\",\"target\":{\"@type\":\"EntryPoint\",\"urlTemplate\":\"https:\/\/noticiaempauta.com\/portal\/?s={search_term_string}\"},\"query-input\":{\"@type\":\"PropertyValueSpecification\",\"valueRequired\":true,\"valueName\":\"search_term_string\"}}],\"inLanguage\":\"pt-BR\"},{\"@type\":\"Organization\",\"@id\":\"https:\/\/noticiaempauta.com\/portal\/#organization\",\"name\":\"Portal Not\u00edcia em Pauta\",\"url\":\"https:\/\/noticiaempauta.com\/portal\/\",\"logo\":{\"@type\":\"ImageObject\",\"inLanguage\":\"pt-BR\",\"@id\":\"https:\/\/noticiaempauta.com\/portal\/#\/schema\/logo\/image\/\",\"url\":\"https:\/\/noticiaempauta.com\/portal\/wp-content\/uploads\/2022\/08\/logomarca_tema.fw_.png\",\"contentUrl\":\"https:\/\/noticiaempauta.com\/portal\/wp-content\/uploads\/2022\/08\/logomarca_tema.fw_.png\",\"width\":400,\"height\":232,\"caption\":\"Portal Not\u00edcia em Pauta\"},\"image\":{\"@id\":\"https:\/\/noticiaempauta.com\/portal\/#\/schema\/logo\/image\/\"},\"sameAs\":[\"https:\/\/www.facebook.com\/Portal-Notcia-Em-Pauta-102292869264820\/\",\"https:\/\/www.instagram.com\/portalnoticiaempauta\/\"]},{\"@type\":\"Person\",\"@id\":\"https:\/\/noticiaempauta.com\/portal\/#\/schema\/person\/a74af43dd1ab3deca45f988c717d57ac\",\"name\":\"Reda\u00e7\u00e3o\",\"image\":{\"@type\":\"ImageObject\",\"inLanguage\":\"pt-BR\",\"@id\":\"https:\/\/noticiaempauta.com\/portal\/#\/schema\/person\/image\/\",\"url\":\"https:\/\/secure.gravatar.com\/avatar\/03179346ecce6cdfc13361603e8f54242a90e5cde8618fa23c5c00aa2b0aadf3?s=96&d=mm&r=g\",\"contentUrl\":\"https:\/\/secure.gravatar.com\/avatar\/03179346ecce6cdfc13361603e8f54242a90e5cde8618fa23c5c00aa2b0aadf3?s=96&d=mm&r=g\",\"caption\":\"Reda\u00e7\u00e3o\"},\"sameAs\":[\"https:\/\/noticiaempauta.com\/portal\/\"],\"url\":\"https:\/\/noticiaempauta.com\/portal\/author\/fernando\/\"}]}<\/script>\n<!-- \/ Yoast SEO Premium plugin. -->","yoast_head_json":{"title":"Justi\u00e7a Eleitoral cassa mandatos de vereadores em Barra D\u2019Alc\u00e2ntara por fraude \u00e0 cota de g\u00eanero - Portal Not\u00edcia em Pauta","robots":{"index":"index","follow":"follow","max-snippet":"max-snippet:-1","max-image-preview":"max-image-preview:large","max-video-preview":"max-video-preview:-1"},"canonical":"https:\/\/noticiaempauta.com\/portal\/justica-eleitoral-cassa-mandatos-de-vereadores-em-barra-dalcantara-por-fraude-a-cota-de-genero\/","og_locale":"pt_BR","og_type":"article","og_title":"Justi\u00e7a Eleitoral cassa mandatos de vereadores em Barra D\u2019Alc\u00e2ntara por fraude \u00e0 cota de g\u00eanero","og_description":"Seis vereadores eleitos pelo MDB no munic\u00edpio de Barra D\u2019Alc\u00e2ntara, a 225 km de Teresina, tiveram os mandatos cassados por decis\u00e3o da Justi\u00e7a Eleitoral, acusados de fraude \u00e0 cota de g\u00eanero nas elei\u00e7\u00f5es de 2020. A senten\u00e7a foi proferida pela Comarca de Elesb\u00e3o Veloso e atinge toda a chapa proporcional do partido. De acordo com [&hellip;]","og_url":"https:\/\/noticiaempauta.com\/portal\/justica-eleitoral-cassa-mandatos-de-vereadores-em-barra-dalcantara-por-fraude-a-cota-de-genero\/","og_site_name":"Portal Not\u00edcia em Pauta","article_publisher":"https:\/\/www.facebook.com\/Portal-Notcia-Em-Pauta-102292869264820\/","article_published_time":"2025-07-23T12:12:43+00:00","article_modified_time":"2025-07-23T14:15:06+00:00","og_image":[{"width":1360,"height":1020,"url":"https:\/\/noticiaempauta.com\/portal\/wp-content\/uploads\/2025\/07\/unnamed.webp","type":"image\/webp"}],"author":"Reda\u00e7\u00e3o","twitter_card":"summary_large_image","twitter_misc":{"Escrito por":"Reda\u00e7\u00e3o","Est. tempo de leitura":"4 minutos"},"schema":{"@context":"https:\/\/schema.org","@graph":[{"@type":"Article","@id":"https:\/\/noticiaempauta.com\/portal\/justica-eleitoral-cassa-mandatos-de-vereadores-em-barra-dalcantara-por-fraude-a-cota-de-genero\/#article","isPartOf":{"@id":"https:\/\/noticiaempauta.com\/portal\/justica-eleitoral-cassa-mandatos-de-vereadores-em-barra-dalcantara-por-fraude-a-cota-de-genero\/"},"author":{"name":"Reda\u00e7\u00e3o","@id":"https:\/\/noticiaempauta.com\/portal\/#\/schema\/person\/a74af43dd1ab3deca45f988c717d57ac"},"headline":"Justi\u00e7a Eleitoral cassa mandatos de vereadores em Barra D\u2019Alc\u00e2ntara por fraude \u00e0 cota de g\u00eanero","datePublished":"2025-07-23T12:12:43+00:00","dateModified":"2025-07-23T14:15:06+00:00","mainEntityOfPage":{"@id":"https:\/\/noticiaempauta.com\/portal\/justica-eleitoral-cassa-mandatos-de-vereadores-em-barra-dalcantara-por-fraude-a-cota-de-genero\/"},"wordCount":599,"commentCount":0,"publisher":{"@id":"https:\/\/noticiaempauta.com\/portal\/#organization"},"image":{"@id":"https:\/\/noticiaempauta.com\/portal\/justica-eleitoral-cassa-mandatos-de-vereadores-em-barra-dalcantara-por-fraude-a-cota-de-genero\/#primaryimage"},"thumbnailUrl":"https:\/\/noticiaempauta.com\/portal\/wp-content\/uploads\/2025\/07\/unnamed.webp","keywords":["destaqueprincipal"],"articleSection":["Destaques","Geral","Munic\u00edpios","Pol\u00edtica","Todas as Not\u00edcias"],"inLanguage":"pt-BR","potentialAction":[{"@type":"CommentAction","name":"Comment","target":["https:\/\/noticiaempauta.com\/portal\/justica-eleitoral-cassa-mandatos-de-vereadores-em-barra-dalcantara-por-fraude-a-cota-de-genero\/#respond"]}]},{"@type":"WebPage","@id":"https:\/\/noticiaempauta.com\/portal\/justica-eleitoral-cassa-mandatos-de-vereadores-em-barra-dalcantara-por-fraude-a-cota-de-genero\/","url":"https:\/\/noticiaempauta.com\/portal\/justica-eleitoral-cassa-mandatos-de-vereadores-em-barra-dalcantara-por-fraude-a-cota-de-genero\/","name":"Justi\u00e7a Eleitoral cassa mandatos de vereadores em Barra D\u2019Alc\u00e2ntara por fraude \u00e0 cota de g\u00eanero - Portal Not\u00edcia em Pauta","isPartOf":{"@id":"https:\/\/noticiaempauta.com\/portal\/#website"},"primaryImageOfPage":{"@id":"https:\/\/noticiaempauta.com\/portal\/justica-eleitoral-cassa-mandatos-de-vereadores-em-barra-dalcantara-por-fraude-a-cota-de-genero\/#primaryimage"},"image":{"@id":"https:\/\/noticiaempauta.com\/portal\/justica-eleitoral-cassa-mandatos-de-vereadores-em-barra-dalcantara-por-fraude-a-cota-de-genero\/#primaryimage"},"thumbnailUrl":"https:\/\/noticiaempauta.com\/portal\/wp-content\/uploads\/2025\/07\/unnamed.webp","datePublished":"2025-07-23T12:12:43+00:00","dateModified":"2025-07-23T14:15:06+00:00","breadcrumb":{"@id":"https:\/\/noticiaempauta.com\/portal\/justica-eleitoral-cassa-mandatos-de-vereadores-em-barra-dalcantara-por-fraude-a-cota-de-genero\/#breadcrumb"},"inLanguage":"pt-BR","potentialAction":[{"@type":"ReadAction","target":["https:\/\/noticiaempauta.com\/portal\/justica-eleitoral-cassa-mandatos-de-vereadores-em-barra-dalcantara-por-fraude-a-cota-de-genero\/"]}]},{"@type":"ImageObject","inLanguage":"pt-BR","@id":"https:\/\/noticiaempauta.com\/portal\/justica-eleitoral-cassa-mandatos-de-vereadores-em-barra-dalcantara-por-fraude-a-cota-de-genero\/#primaryimage","url":"https:\/\/noticiaempauta.com\/portal\/wp-content\/uploads\/2025\/07\/unnamed.webp","contentUrl":"https:\/\/noticiaempauta.com\/portal\/wp-content\/uploads\/2025\/07\/unnamed.webp","width":1360,"height":1020},{"@type":"BreadcrumbList","@id":"https:\/\/noticiaempauta.com\/portal\/justica-eleitoral-cassa-mandatos-de-vereadores-em-barra-dalcantara-por-fraude-a-cota-de-genero\/#breadcrumb","itemListElement":[{"@type":"ListItem","position":1,"name":"P\u00e1gina Inicial","item":"https:\/\/noticiaempauta.com\/portal\/"},{"@type":"ListItem","position":2,"name":"Destaques","item":"https:\/\/noticiaempauta.com\/portal\/destaques-site\/"},{"@type":"ListItem","position":3,"name":"Justi\u00e7a Eleitoral cassa mandatos de vereadores em Barra D\u2019Alc\u00e2ntara por fraude \u00e0 cota de g\u00eanero"}]},{"@type":"WebSite","@id":"https:\/\/noticiaempauta.com\/portal\/#website","url":"https:\/\/noticiaempauta.com\/portal\/","name":"Portal Not\u00edcia em Pauta","description":"Voc\u00ea bem informado","publisher":{"@id":"https:\/\/noticiaempauta.com\/portal\/#organization"},"potentialAction":[{"@type":"SearchAction","target":{"@type":"EntryPoint","urlTemplate":"https:\/\/noticiaempauta.com\/portal\/?s={search_term_string}"},"query-input":{"@type":"PropertyValueSpecification","valueRequired":true,"valueName":"search_term_string"}}],"inLanguage":"pt-BR"},{"@type":"Organization","@id":"https:\/\/noticiaempauta.com\/portal\/#organization","name":"Portal Not\u00edcia em Pauta","url":"https:\/\/noticiaempauta.com\/portal\/","logo":{"@type":"ImageObject","inLanguage":"pt-BR","@id":"https:\/\/noticiaempauta.com\/portal\/#\/schema\/logo\/image\/","url":"https:\/\/noticiaempauta.com\/portal\/wp-content\/uploads\/2022\/08\/logomarca_tema.fw_.png","contentUrl":"https:\/\/noticiaempauta.com\/portal\/wp-content\/uploads\/2022\/08\/logomarca_tema.fw_.png","width":400,"height":232,"caption":"Portal Not\u00edcia em Pauta"},"image":{"@id":"https:\/\/noticiaempauta.com\/portal\/#\/schema\/logo\/image\/"},"sameAs":["https:\/\/www.facebook.com\/Portal-Notcia-Em-Pauta-102292869264820\/","https:\/\/www.instagram.com\/portalnoticiaempauta\/"]},{"@type":"Person","@id":"https:\/\/noticiaempauta.com\/portal\/#\/schema\/person\/a74af43dd1ab3deca45f988c717d57ac","name":"Reda\u00e7\u00e3o","image":{"@type":"ImageObject","inLanguage":"pt-BR","@id":"https:\/\/noticiaempauta.com\/portal\/#\/schema\/person\/image\/","url":"https:\/\/secure.gravatar.com\/avatar\/03179346ecce6cdfc13361603e8f54242a90e5cde8618fa23c5c00aa2b0aadf3?s=96&d=mm&r=g","contentUrl":"https:\/\/secure.gravatar.com\/avatar\/03179346ecce6cdfc13361603e8f54242a90e5cde8618fa23c5c00aa2b0aadf3?s=96&d=mm&r=g","caption":"Reda\u00e7\u00e3o"},"sameAs":["https:\/\/noticiaempauta.com\/portal\/"],"url":"https:\/\/noticiaempauta.com\/portal\/author\/fernando\/"}]}},"_links":{"self":[{"href":"https:\/\/noticiaempauta.com\/portal\/wp-json\/wp\/v2\/posts\/275686","targetHints":{"allow":["GET"]}}],"collection":[{"href":"https:\/\/noticiaempauta.com\/portal\/wp-json\/wp\/v2\/posts"}],"about":[{"href":"https:\/\/noticiaempauta.com\/portal\/wp-json\/wp\/v2\/types\/post"}],"author":[{"embeddable":true,"href":"https:\/\/noticiaempauta.com\/portal\/wp-json\/wp\/v2\/users\/2"}],"replies":[{"embeddable":true,"href":"https:\/\/noticiaempauta.com\/portal\/wp-json\/wp\/v2\/comments?post=275686"}],"version-history":[{"count":2,"href":"https:\/\/noticiaempauta.com\/portal\/wp-json\/wp\/v2\/posts\/275686\/revisions"}],"predecessor-version":[{"id":275689,"href":"https:\/\/noticiaempauta.com\/portal\/wp-json\/wp\/v2\/posts\/275686\/revisions\/275689"}],"wp:featuredmedia":[{"embeddable":true,"href":"https:\/\/noticiaempauta.com\/portal\/wp-json\/wp\/v2\/media\/275694"}],"wp:attachment":[{"href":"https:\/\/noticiaempauta.com\/portal\/wp-json\/wp\/v2\/media?parent=275686"}],"wp:term":[{"taxonomy":"category","embeddable":true,"href":"https:\/\/noticiaempauta.com\/portal\/wp-json\/wp\/v2\/categories?post=275686"},{"taxonomy":"post_tag","embeddable":true,"href":"https:\/\/noticiaempauta.com\/portal\/wp-json\/wp\/v2\/tags?post=275686"}],"curies":[{"name":"wp","href":"https:\/\/api.w.org\/{rel}","templated":true}]}}