{"id":275690,"date":"2025-07-23T09:16:09","date_gmt":"2025-07-23T12:16:09","guid":{"rendered":"https:\/\/noticiaempauta.com\/portal\/?p=275690"},"modified":"2025-07-23T09:16:10","modified_gmt":"2025-07-23T12:16:10","slug":"defesa-civil-contrata-abastecimento-emergencial-para-34-cidades-atingidas-pela-seca","status":"publish","type":"post","link":"https:\/\/noticiaempauta.com\/portal\/defesa-civil-contrata-abastecimento-emergencial-para-34-cidades-atingidas-pela-seca\/","title":{"rendered":"Defesa Civil contrata abastecimento emergencial para 34 cidades atingidas pela seca"},"content":{"rendered":"\n<p>A Defesa Civil do Estado do Piau\u00ed firmou, na \u00faltima semana, contratos que somam R$ 3,9 milh\u00f5es para abastecimento de \u00e1gua pot\u00e1vel em 34 munic\u00edpios afetados pela seca. Os contratos, publicados em quatro edi\u00e7\u00f5es recentes do Di\u00e1rio Oficial do Estado, t\u00eam vig\u00eancia de 180 dias e atendem \u00e1reas urbanas e rurais com dificuldades de acesso regular \u00e0 \u00e1gua.<\/p>\n\n\n\n<figure class=\"wp-block-image size-full\"><img fetchpriority=\"high\" decoding=\"async\" width=\"675\" height=\"450\" src=\"https:\/\/noticiaempauta.com\/portal\/wp-content\/uploads\/2025\/07\/3e7f531f4c8daebf70642d5bc1fade41.jpeg\" alt=\"\" class=\"wp-image-275691\" srcset=\"https:\/\/noticiaempauta.com\/portal\/wp-content\/uploads\/2025\/07\/3e7f531f4c8daebf70642d5bc1fade41.jpeg 675w, https:\/\/noticiaempauta.com\/portal\/wp-content\/uploads\/2025\/07\/3e7f531f4c8daebf70642d5bc1fade41-300x200.jpeg 300w\" sizes=\"(max-width: 675px) 100vw, 675px\" \/><\/figure>\n\n\n\n<p>As contrata\u00e7\u00f5es foram feitas com recursos do Tesouro Estadual em um cen\u00e1rio de emerg\u00eancia federal decretada para mais de 120 cidades piauienses devido \u00e0 estiagem prolongada.<\/p>\n\n\n\n<p>O Piau\u00ed enfrenta uma das mais severas estiagens recentes, que levou \u00e0 decreta\u00e7\u00e3o de emerg\u00eancia em 129 munic\u00edpios pelo Governo Estadual, situa\u00e7\u00e3o reconhecida tamb\u00e9m pelo Governo Federal. Para enfrentar a crise, a Defesa Civil mant\u00e9m a Opera\u00e7\u00e3o Carro-Pipa com 152 ve\u00edculos, sendo 66 financiados pelo Estado e 86 com recursos federais.<\/p>\n\n\n\n<p>Em boletim divulgado ontem pela Secretaria de Meio Ambiente, o Piau\u00ed registrou uma piora significativa nos indicativos de seca durante o m\u00eas de junho, com avan\u00e7o da seca moderada (S1) tanto no norte quanto no sul do estado. Segundo dados atualizados do Monitor de Secas, elaborado mensalmente, 100% do territ\u00f3rio piauiense est\u00e1 atualmente sob condi\u00e7\u00e3o de seca.<\/p>\n\n\n\n<p>Desses 100%, 1,6% apresenta seca fraca (S0), 53,7% seca moderada (S1) e 44,7% seca grave (S2). Em compara\u00e7\u00e3o com o m\u00eas de maio, houve uma redu\u00e7\u00e3o dr\u00e1stica nas \u00e1reas com seca fraca, que passaram de 27,7% para apenas 1,6%, que agora atinge somente 10 munic\u00edpios. No entanto, esse dado n\u00e3o representa uma melhora: as \u00e1reas que antes estavam em seca fraca evolu\u00edram para a condi\u00e7\u00e3o de seca moderada, que passou a atingir 116 munic\u00edpios em junho.<\/p>\n\n\n\n<p>A situa\u00e7\u00e3o da seca grave (S2) permaneceu est\u00e1vel, afetando 134 munic\u00edpios piauienses. Quando comparado ao mesmo per\u00edodo de 2024, o cen\u00e1rio \u00e9 ainda mais preocupante: em junho do ano passado, a maioria dos munic\u00edpios (92) estava em condi\u00e7\u00e3o de seca fraca, enquanto apenas 16 enfrentavam seca moderada. Isso evidencia uma intensifica\u00e7\u00e3o significativa do fen\u00f4meno da seca neste ano.<\/p>\n\n\n\n<p>Munic\u00edpios atendidos&nbsp;<\/p>\n\n\n\n<p><strong>&#8211; Di\u00e1rio Edi\u00e7\u00e3o n\u00ba 139 (23\/07\/2025)<\/strong><\/p>\n\n\n\n<p>Valor: R$ 1.145.135,00<\/p>\n\n\n\n<p>Munic\u00edpios: Acau\u00e3, Alagoinha do Piau\u00ed, Bel\u00e9m do Piau\u00ed, Bet\u00e2nia do Piau\u00ed, Caldeir\u00e3o Grande do Piau\u00ed, Campinas do Piau\u00ed, Campo Alegre do Fidalgo, Caridade do Piau\u00ed, Curral Novo do Piau\u00ed, Francisco Macedo, Jacobina do Piau\u00ed, Jaic\u00f3s, Padre Marcos, Paulistana, Patos do Piau\u00ed, Sim\u00f5es e Wall Ferraz (17 cidades).<\/p>\n\n\n\n<p><strong>&#8211; Di\u00e1rio Edi\u00e7\u00e3o n\u00ba 137 (19\/07\/2025)<\/strong><\/p>\n\n\n\n<p>Valor: R$ 1.224.280,00<\/p>\n\n\n\n<p>Munic\u00edpios: Dirceu Arcoverde, S\u00e3o Raimundo Nonato, V\u00e1rzea Branca, Bonfim do Piau\u00ed, Fartura do Piau\u00ed, An\u00edsio de Abreu, Jurema e Coronel Jos\u00e9 Dias (8 cidades).<\/p>\n\n\n\n<p><strong>&#8211; Edi\u00e7\u00e3o n\u00ba 136 (18\/07\/2025)<\/strong><\/p>\n\n\n\n<p>Valor: R$ 715.932,00<\/p>\n\n\n\n<p>Munic\u00edpios: Dom Inoc\u00eancio, Capit\u00e3o Gerv\u00e1sio Oliveira, S\u00e3o Braz do Piau\u00ed e Guaribas (4 cidades).<\/p>\n\n\n\n<p><strong>&#8211; Edi\u00e7\u00e3o n\u00ba 135 (17\/07\/2025)<\/strong><\/p>\n\n\n\n<p>Valor: R$ 893.340,00<\/p>\n\n\n\n<p>Munic\u00edpios: Caracol, Tamboril do Piau\u00ed, Canto do Buriti, Eliseu Martins e Brejo do Piau\u00ed (5 cidades).<\/p>\n\n\n\n<p>Fonte: Cidade Verde<\/p>\n","protected":false},"excerpt":{"rendered":"<p>A Defesa Civil do Estado do Piau\u00ed firmou, na \u00faltima semana, contratos que somam R$ 3,9 milh\u00f5es para abastecimento de \u00e1gua pot\u00e1vel em 34 munic\u00edpios afetados pela seca. Os contratos, publicados em quatro edi\u00e7\u00f5es recentes do Di\u00e1rio Oficial do Estado, t\u00eam vig\u00eancia de 180 dias e atendem \u00e1reas urbanas e rurais com dificuldades de acesso [&hellip;]<\/p>\n","protected":false},"author":2,"featured_media":275691,"comment_status":"open","ping_status":"open","sticky":false,"template":"","format":"standard","meta":{"_mi_skip_tracking":false,"footnotes":""},"categories":[25,1,9,16],"tags":[],"class_list":["post-275690","post","type-post","status-publish","format-standard","has-post-thumbnail","hentry","category-destaques-site","category-geral","category-municipios","category-todas"],"acf":[],"yoast_head":"<!-- This site is optimized with the Yoast SEO Premium plugin v19.2 (Yoast SEO v26.9) - https:\/\/yoast.com\/product\/yoast-seo-premium-wordpress\/ -->\n<title>Defesa Civil contrata abastecimento emergencial para 34 cidades atingidas pela seca - Portal Not\u00edcia em Pauta<\/title>\n<meta name=\"robots\" content=\"index, follow, max-snippet:-1, max-image-preview:large, max-video-preview:-1\" \/>\n<link rel=\"canonical\" href=\"https:\/\/noticiaempauta.com\/portal\/defesa-civil-contrata-abastecimento-emergencial-para-34-cidades-atingidas-pela-seca\/\" \/>\n<meta property=\"og:locale\" content=\"pt_BR\" \/>\n<meta property=\"og:type\" content=\"article\" \/>\n<meta property=\"og:title\" content=\"Defesa Civil contrata abastecimento emergencial para 34 cidades atingidas pela seca\" \/>\n<meta property=\"og:description\" content=\"A Defesa Civil do Estado do Piau\u00ed firmou, na \u00faltima semana, contratos que somam R$ 3,9 milh\u00f5es para abastecimento de \u00e1gua pot\u00e1vel em 34 munic\u00edpios afetados pela seca. Os contratos, publicados em quatro edi\u00e7\u00f5es recentes do Di\u00e1rio Oficial do Estado, t\u00eam vig\u00eancia de 180 dias e atendem \u00e1reas urbanas e rurais com dificuldades de acesso [&hellip;]\" \/>\n<meta property=\"og:url\" content=\"https:\/\/noticiaempauta.com\/portal\/defesa-civil-contrata-abastecimento-emergencial-para-34-cidades-atingidas-pela-seca\/\" \/>\n<meta property=\"og:site_name\" content=\"Portal Not\u00edcia em Pauta\" \/>\n<meta property=\"article:publisher\" content=\"https:\/\/www.facebook.com\/Portal-Notcia-Em-Pauta-102292869264820\/\" \/>\n<meta property=\"article:published_time\" content=\"2025-07-23T12:16:09+00:00\" \/>\n<meta property=\"article:modified_time\" content=\"2025-07-23T12:16:10+00:00\" \/>\n<meta property=\"og:image\" content=\"https:\/\/noticiaempauta.com\/portal\/wp-content\/uploads\/2025\/07\/3e7f531f4c8daebf70642d5bc1fade41.jpeg\" \/>\n\t<meta property=\"og:image:width\" content=\"675\" \/>\n\t<meta property=\"og:image:height\" content=\"450\" \/>\n\t<meta property=\"og:image:type\" content=\"image\/jpeg\" \/>\n<meta name=\"author\" content=\"Reda\u00e7\u00e3o\" \/>\n<meta name=\"twitter:card\" content=\"summary_large_image\" \/>\n<meta name=\"twitter:label1\" content=\"Escrito por\" \/>\n\t<meta name=\"twitter:data1\" content=\"Reda\u00e7\u00e3o\" \/>\n\t<meta name=\"twitter:label2\" content=\"Est. tempo de leitura\" \/>\n\t<meta name=\"twitter:data2\" content=\"3 minutos\" \/>\n<script type=\"application\/ld+json\" class=\"yoast-schema-graph\">{\"@context\":\"https:\/\/schema.org\",\"@graph\":[{\"@type\":\"Article\",\"@id\":\"https:\/\/noticiaempauta.com\/portal\/defesa-civil-contrata-abastecimento-emergencial-para-34-cidades-atingidas-pela-seca\/#article\",\"isPartOf\":{\"@id\":\"https:\/\/noticiaempauta.com\/portal\/defesa-civil-contrata-abastecimento-emergencial-para-34-cidades-atingidas-pela-seca\/\"},\"author\":{\"name\":\"Reda\u00e7\u00e3o\",\"@id\":\"https:\/\/noticiaempauta.com\/portal\/#\/schema\/person\/a74af43dd1ab3deca45f988c717d57ac\"},\"headline\":\"Defesa Civil contrata abastecimento emergencial para 34 cidades atingidas pela seca\",\"datePublished\":\"2025-07-23T12:16:09+00:00\",\"dateModified\":\"2025-07-23T12:16:10+00:00\",\"mainEntityOfPage\":{\"@id\":\"https:\/\/noticiaempauta.com\/portal\/defesa-civil-contrata-abastecimento-emergencial-para-34-cidades-atingidas-pela-seca\/\"},\"wordCount\":499,\"commentCount\":0,\"publisher\":{\"@id\":\"https:\/\/noticiaempauta.com\/portal\/#organization\"},\"image\":{\"@id\":\"https:\/\/noticiaempauta.com\/portal\/defesa-civil-contrata-abastecimento-emergencial-para-34-cidades-atingidas-pela-seca\/#primaryimage\"},\"thumbnailUrl\":\"https:\/\/noticiaempauta.com\/portal\/wp-content\/uploads\/2025\/07\/3e7f531f4c8daebf70642d5bc1fade41.jpeg\",\"articleSection\":[\"Destaques\",\"Geral\",\"Munic\u00edpios\",\"Todas as Not\u00edcias\"],\"inLanguage\":\"pt-BR\",\"potentialAction\":[{\"@type\":\"CommentAction\",\"name\":\"Comment\",\"target\":[\"https:\/\/noticiaempauta.com\/portal\/defesa-civil-contrata-abastecimento-emergencial-para-34-cidades-atingidas-pela-seca\/#respond\"]}]},{\"@type\":\"WebPage\",\"@id\":\"https:\/\/noticiaempauta.com\/portal\/defesa-civil-contrata-abastecimento-emergencial-para-34-cidades-atingidas-pela-seca\/\",\"url\":\"https:\/\/noticiaempauta.com\/portal\/defesa-civil-contrata-abastecimento-emergencial-para-34-cidades-atingidas-pela-seca\/\",\"name\":\"Defesa Civil contrata abastecimento emergencial para 34 cidades atingidas pela seca - Portal Not\u00edcia em Pauta\",\"isPartOf\":{\"@id\":\"https:\/\/noticiaempauta.com\/portal\/#website\"},\"primaryImageOfPage\":{\"@id\":\"https:\/\/noticiaempauta.com\/portal\/defesa-civil-contrata-abastecimento-emergencial-para-34-cidades-atingidas-pela-seca\/#primaryimage\"},\"image\":{\"@id\":\"https:\/\/noticiaempauta.com\/portal\/defesa-civil-contrata-abastecimento-emergencial-para-34-cidades-atingidas-pela-seca\/#primaryimage\"},\"thumbnailUrl\":\"https:\/\/noticiaempauta.com\/portal\/wp-content\/uploads\/2025\/07\/3e7f531f4c8daebf70642d5bc1fade41.jpeg\",\"datePublished\":\"2025-07-23T12:16:09+00:00\",\"dateModified\":\"2025-07-23T12:16:10+00:00\",\"breadcrumb\":{\"@id\":\"https:\/\/noticiaempauta.com\/portal\/defesa-civil-contrata-abastecimento-emergencial-para-34-cidades-atingidas-pela-seca\/#breadcrumb\"},\"inLanguage\":\"pt-BR\",\"potentialAction\":[{\"@type\":\"ReadAction\",\"target\":[\"https:\/\/noticiaempauta.com\/portal\/defesa-civil-contrata-abastecimento-emergencial-para-34-cidades-atingidas-pela-seca\/\"]}]},{\"@type\":\"ImageObject\",\"inLanguage\":\"pt-BR\",\"@id\":\"https:\/\/noticiaempauta.com\/portal\/defesa-civil-contrata-abastecimento-emergencial-para-34-cidades-atingidas-pela-seca\/#primaryimage\",\"url\":\"https:\/\/noticiaempauta.com\/portal\/wp-content\/uploads\/2025\/07\/3e7f531f4c8daebf70642d5bc1fade41.jpeg\",\"contentUrl\":\"https:\/\/noticiaempauta.com\/portal\/wp-content\/uploads\/2025\/07\/3e7f531f4c8daebf70642d5bc1fade41.jpeg\",\"width\":675,\"height\":450},{\"@type\":\"BreadcrumbList\",\"@id\":\"https:\/\/noticiaempauta.com\/portal\/defesa-civil-contrata-abastecimento-emergencial-para-34-cidades-atingidas-pela-seca\/#breadcrumb\",\"itemListElement\":[{\"@type\":\"ListItem\",\"position\":1,\"name\":\"P\u00e1gina Inicial\",\"item\":\"https:\/\/noticiaempauta.com\/portal\/\"},{\"@type\":\"ListItem\",\"position\":2,\"name\":\"Destaques\",\"item\":\"https:\/\/noticiaempauta.com\/portal\/destaques-site\/\"},{\"@type\":\"ListItem\",\"position\":3,\"name\":\"Defesa Civil contrata abastecimento emergencial para 34 cidades atingidas pela seca\"}]},{\"@type\":\"WebSite\",\"@id\":\"https:\/\/noticiaempauta.com\/portal\/#website\",\"url\":\"https:\/\/noticiaempauta.com\/portal\/\",\"name\":\"Portal Not\u00edcia em Pauta\",\"description\":\"Voc\u00ea bem informado\",\"publisher\":{\"@id\":\"https:\/\/noticiaempauta.com\/portal\/#organization\"},\"potentialAction\":[{\"@type\":\"SearchAction\",\"target\":{\"@type\":\"EntryPoint\",\"urlTemplate\":\"https:\/\/noticiaempauta.com\/portal\/?s={search_term_string}\"},\"query-input\":{\"@type\":\"PropertyValueSpecification\",\"valueRequired\":true,\"valueName\":\"search_term_string\"}}],\"inLanguage\":\"pt-BR\"},{\"@type\":\"Organization\",\"@id\":\"https:\/\/noticiaempauta.com\/portal\/#organization\",\"name\":\"Portal Not\u00edcia em Pauta\",\"url\":\"https:\/\/noticiaempauta.com\/portal\/\",\"logo\":{\"@type\":\"ImageObject\",\"inLanguage\":\"pt-BR\",\"@id\":\"https:\/\/noticiaempauta.com\/portal\/#\/schema\/logo\/image\/\",\"url\":\"https:\/\/noticiaempauta.com\/portal\/wp-content\/uploads\/2022\/08\/logomarca_tema.fw_.png\",\"contentUrl\":\"https:\/\/noticiaempauta.com\/portal\/wp-content\/uploads\/2022\/08\/logomarca_tema.fw_.png\",\"width\":400,\"height\":232,\"caption\":\"Portal Not\u00edcia em Pauta\"},\"image\":{\"@id\":\"https:\/\/noticiaempauta.com\/portal\/#\/schema\/logo\/image\/\"},\"sameAs\":[\"https:\/\/www.facebook.com\/Portal-Notcia-Em-Pauta-102292869264820\/\",\"https:\/\/www.instagram.com\/portalnoticiaempauta\/\"]},{\"@type\":\"Person\",\"@id\":\"https:\/\/noticiaempauta.com\/portal\/#\/schema\/person\/a74af43dd1ab3deca45f988c717d57ac\",\"name\":\"Reda\u00e7\u00e3o\",\"image\":{\"@type\":\"ImageObject\",\"inLanguage\":\"pt-BR\",\"@id\":\"https:\/\/noticiaempauta.com\/portal\/#\/schema\/person\/image\/\",\"url\":\"https:\/\/secure.gravatar.com\/avatar\/03179346ecce6cdfc13361603e8f54242a90e5cde8618fa23c5c00aa2b0aadf3?s=96&d=mm&r=g\",\"contentUrl\":\"https:\/\/secure.gravatar.com\/avatar\/03179346ecce6cdfc13361603e8f54242a90e5cde8618fa23c5c00aa2b0aadf3?s=96&d=mm&r=g\",\"caption\":\"Reda\u00e7\u00e3o\"},\"sameAs\":[\"https:\/\/noticiaempauta.com\/portal\/\"],\"url\":\"https:\/\/noticiaempauta.com\/portal\/author\/fernando\/\"}]}<\/script>\n<!-- \/ Yoast SEO Premium plugin. -->","yoast_head_json":{"title":"Defesa Civil contrata abastecimento emergencial para 34 cidades atingidas pela seca - Portal Not\u00edcia em Pauta","robots":{"index":"index","follow":"follow","max-snippet":"max-snippet:-1","max-image-preview":"max-image-preview:large","max-video-preview":"max-video-preview:-1"},"canonical":"https:\/\/noticiaempauta.com\/portal\/defesa-civil-contrata-abastecimento-emergencial-para-34-cidades-atingidas-pela-seca\/","og_locale":"pt_BR","og_type":"article","og_title":"Defesa Civil contrata abastecimento emergencial para 34 cidades atingidas pela seca","og_description":"A Defesa Civil do Estado do Piau\u00ed firmou, na \u00faltima semana, contratos que somam R$ 3,9 milh\u00f5es para abastecimento de \u00e1gua pot\u00e1vel em 34 munic\u00edpios afetados pela seca. Os contratos, publicados em quatro edi\u00e7\u00f5es recentes do Di\u00e1rio Oficial do Estado, t\u00eam vig\u00eancia de 180 dias e atendem \u00e1reas urbanas e rurais com dificuldades de acesso [&hellip;]","og_url":"https:\/\/noticiaempauta.com\/portal\/defesa-civil-contrata-abastecimento-emergencial-para-34-cidades-atingidas-pela-seca\/","og_site_name":"Portal Not\u00edcia em Pauta","article_publisher":"https:\/\/www.facebook.com\/Portal-Notcia-Em-Pauta-102292869264820\/","article_published_time":"2025-07-23T12:16:09+00:00","article_modified_time":"2025-07-23T12:16:10+00:00","og_image":[{"width":675,"height":450,"url":"https:\/\/noticiaempauta.com\/portal\/wp-content\/uploads\/2025\/07\/3e7f531f4c8daebf70642d5bc1fade41.jpeg","type":"image\/jpeg"}],"author":"Reda\u00e7\u00e3o","twitter_card":"summary_large_image","twitter_misc":{"Escrito por":"Reda\u00e7\u00e3o","Est. tempo de leitura":"3 minutos"},"schema":{"@context":"https:\/\/schema.org","@graph":[{"@type":"Article","@id":"https:\/\/noticiaempauta.com\/portal\/defesa-civil-contrata-abastecimento-emergencial-para-34-cidades-atingidas-pela-seca\/#article","isPartOf":{"@id":"https:\/\/noticiaempauta.com\/portal\/defesa-civil-contrata-abastecimento-emergencial-para-34-cidades-atingidas-pela-seca\/"},"author":{"name":"Reda\u00e7\u00e3o","@id":"https:\/\/noticiaempauta.com\/portal\/#\/schema\/person\/a74af43dd1ab3deca45f988c717d57ac"},"headline":"Defesa Civil contrata abastecimento emergencial para 34 cidades atingidas pela seca","datePublished":"2025-07-23T12:16:09+00:00","dateModified":"2025-07-23T12:16:10+00:00","mainEntityOfPage":{"@id":"https:\/\/noticiaempauta.com\/portal\/defesa-civil-contrata-abastecimento-emergencial-para-34-cidades-atingidas-pela-seca\/"},"wordCount":499,"commentCount":0,"publisher":{"@id":"https:\/\/noticiaempauta.com\/portal\/#organization"},"image":{"@id":"https:\/\/noticiaempauta.com\/portal\/defesa-civil-contrata-abastecimento-emergencial-para-34-cidades-atingidas-pela-seca\/#primaryimage"},"thumbnailUrl":"https:\/\/noticiaempauta.com\/portal\/wp-content\/uploads\/2025\/07\/3e7f531f4c8daebf70642d5bc1fade41.jpeg","articleSection":["Destaques","Geral","Munic\u00edpios","Todas as Not\u00edcias"],"inLanguage":"pt-BR","potentialAction":[{"@type":"CommentAction","name":"Comment","target":["https:\/\/noticiaempauta.com\/portal\/defesa-civil-contrata-abastecimento-emergencial-para-34-cidades-atingidas-pela-seca\/#respond"]}]},{"@type":"WebPage","@id":"https:\/\/noticiaempauta.com\/portal\/defesa-civil-contrata-abastecimento-emergencial-para-34-cidades-atingidas-pela-seca\/","url":"https:\/\/noticiaempauta.com\/portal\/defesa-civil-contrata-abastecimento-emergencial-para-34-cidades-atingidas-pela-seca\/","name":"Defesa Civil contrata abastecimento emergencial para 34 cidades atingidas pela seca - Portal Not\u00edcia em Pauta","isPartOf":{"@id":"https:\/\/noticiaempauta.com\/portal\/#website"},"primaryImageOfPage":{"@id":"https:\/\/noticiaempauta.com\/portal\/defesa-civil-contrata-abastecimento-emergencial-para-34-cidades-atingidas-pela-seca\/#primaryimage"},"image":{"@id":"https:\/\/noticiaempauta.com\/portal\/defesa-civil-contrata-abastecimento-emergencial-para-34-cidades-atingidas-pela-seca\/#primaryimage"},"thumbnailUrl":"https:\/\/noticiaempauta.com\/portal\/wp-content\/uploads\/2025\/07\/3e7f531f4c8daebf70642d5bc1fade41.jpeg","datePublished":"2025-07-23T12:16:09+00:00","dateModified":"2025-07-23T12:16:10+00:00","breadcrumb":{"@id":"https:\/\/noticiaempauta.com\/portal\/defesa-civil-contrata-abastecimento-emergencial-para-34-cidades-atingidas-pela-seca\/#breadcrumb"},"inLanguage":"pt-BR","potentialAction":[{"@type":"ReadAction","target":["https:\/\/noticiaempauta.com\/portal\/defesa-civil-contrata-abastecimento-emergencial-para-34-cidades-atingidas-pela-seca\/"]}]},{"@type":"ImageObject","inLanguage":"pt-BR","@id":"https:\/\/noticiaempauta.com\/portal\/defesa-civil-contrata-abastecimento-emergencial-para-34-cidades-atingidas-pela-seca\/#primaryimage","url":"https:\/\/noticiaempauta.com\/portal\/wp-content\/uploads\/2025\/07\/3e7f531f4c8daebf70642d5bc1fade41.jpeg","contentUrl":"https:\/\/noticiaempauta.com\/portal\/wp-content\/uploads\/2025\/07\/3e7f531f4c8daebf70642d5bc1fade41.jpeg","width":675,"height":450},{"@type":"BreadcrumbList","@id":"https:\/\/noticiaempauta.com\/portal\/defesa-civil-contrata-abastecimento-emergencial-para-34-cidades-atingidas-pela-seca\/#breadcrumb","itemListElement":[{"@type":"ListItem","position":1,"name":"P\u00e1gina Inicial","item":"https:\/\/noticiaempauta.com\/portal\/"},{"@type":"ListItem","position":2,"name":"Destaques","item":"https:\/\/noticiaempauta.com\/portal\/destaques-site\/"},{"@type":"ListItem","position":3,"name":"Defesa Civil contrata abastecimento emergencial para 34 cidades atingidas pela seca"}]},{"@type":"WebSite","@id":"https:\/\/noticiaempauta.com\/portal\/#website","url":"https:\/\/noticiaempauta.com\/portal\/","name":"Portal Not\u00edcia em Pauta","description":"Voc\u00ea bem informado","publisher":{"@id":"https:\/\/noticiaempauta.com\/portal\/#organization"},"potentialAction":[{"@type":"SearchAction","target":{"@type":"EntryPoint","urlTemplate":"https:\/\/noticiaempauta.com\/portal\/?s={search_term_string}"},"query-input":{"@type":"PropertyValueSpecification","valueRequired":true,"valueName":"search_term_string"}}],"inLanguage":"pt-BR"},{"@type":"Organization","@id":"https:\/\/noticiaempauta.com\/portal\/#organization","name":"Portal Not\u00edcia em Pauta","url":"https:\/\/noticiaempauta.com\/portal\/","logo":{"@type":"ImageObject","inLanguage":"pt-BR","@id":"https:\/\/noticiaempauta.com\/portal\/#\/schema\/logo\/image\/","url":"https:\/\/noticiaempauta.com\/portal\/wp-content\/uploads\/2022\/08\/logomarca_tema.fw_.png","contentUrl":"https:\/\/noticiaempauta.com\/portal\/wp-content\/uploads\/2022\/08\/logomarca_tema.fw_.png","width":400,"height":232,"caption":"Portal Not\u00edcia em Pauta"},"image":{"@id":"https:\/\/noticiaempauta.com\/portal\/#\/schema\/logo\/image\/"},"sameAs":["https:\/\/www.facebook.com\/Portal-Notcia-Em-Pauta-102292869264820\/","https:\/\/www.instagram.com\/portalnoticiaempauta\/"]},{"@type":"Person","@id":"https:\/\/noticiaempauta.com\/portal\/#\/schema\/person\/a74af43dd1ab3deca45f988c717d57ac","name":"Reda\u00e7\u00e3o","image":{"@type":"ImageObject","inLanguage":"pt-BR","@id":"https:\/\/noticiaempauta.com\/portal\/#\/schema\/person\/image\/","url":"https:\/\/secure.gravatar.com\/avatar\/03179346ecce6cdfc13361603e8f54242a90e5cde8618fa23c5c00aa2b0aadf3?s=96&d=mm&r=g","contentUrl":"https:\/\/secure.gravatar.com\/avatar\/03179346ecce6cdfc13361603e8f54242a90e5cde8618fa23c5c00aa2b0aadf3?s=96&d=mm&r=g","caption":"Reda\u00e7\u00e3o"},"sameAs":["https:\/\/noticiaempauta.com\/portal\/"],"url":"https:\/\/noticiaempauta.com\/portal\/author\/fernando\/"}]}},"_links":{"self":[{"href":"https:\/\/noticiaempauta.com\/portal\/wp-json\/wp\/v2\/posts\/275690","targetHints":{"allow":["GET"]}}],"collection":[{"href":"https:\/\/noticiaempauta.com\/portal\/wp-json\/wp\/v2\/posts"}],"about":[{"href":"https:\/\/noticiaempauta.com\/portal\/wp-json\/wp\/v2\/types\/post"}],"author":[{"embeddable":true,"href":"https:\/\/noticiaempauta.com\/portal\/wp-json\/wp\/v2\/users\/2"}],"replies":[{"embeddable":true,"href":"https:\/\/noticiaempauta.com\/portal\/wp-json\/wp\/v2\/comments?post=275690"}],"version-history":[{"count":2,"href":"https:\/\/noticiaempauta.com\/portal\/wp-json\/wp\/v2\/posts\/275690\/revisions"}],"predecessor-version":[{"id":275693,"href":"https:\/\/noticiaempauta.com\/portal\/wp-json\/wp\/v2\/posts\/275690\/revisions\/275693"}],"wp:featuredmedia":[{"embeddable":true,"href":"https:\/\/noticiaempauta.com\/portal\/wp-json\/wp\/v2\/media\/275691"}],"wp:attachment":[{"href":"https:\/\/noticiaempauta.com\/portal\/wp-json\/wp\/v2\/media?parent=275690"}],"wp:term":[{"taxonomy":"category","embeddable":true,"href":"https:\/\/noticiaempauta.com\/portal\/wp-json\/wp\/v2\/categories?post=275690"},{"taxonomy":"post_tag","embeddable":true,"href":"https:\/\/noticiaempauta.com\/portal\/wp-json\/wp\/v2\/tags?post=275690"}],"curies":[{"name":"wp","href":"https:\/\/api.w.org\/{rel}","templated":true}]}}