{"id":275695,"date":"2025-07-23T11:21:15","date_gmt":"2025-07-23T14:21:15","guid":{"rendered":"https:\/\/noticiaempauta.com\/portal\/?p=275695"},"modified":"2025-07-23T15:50:34","modified_gmt":"2025-07-23T18:50:34","slug":"operacao-crepusculo-prende-tres-pessoas-e-apreende-drogas-municoes-e-celulares-durante-acao-conjunta-em-picos","status":"publish","type":"post","link":"https:\/\/noticiaempauta.com\/portal\/operacao-crepusculo-prende-tres-pessoas-e-apreende-drogas-municoes-e-celulares-durante-acao-conjunta-em-picos\/","title":{"rendered":"Opera\u00e7\u00e3o Crep\u00fasculo efetua pris\u00f5es, apreende drogas, muni\u00e7\u00f5es e celulares durante a\u00e7\u00e3o conjunta em Picos"},"content":{"rendered":"\n<p>Uma opera\u00e7\u00e3o conjunta das for\u00e7as de seguran\u00e7a realizada nesta ter\u00e7a-feira, 22 de julho, no munic\u00edpio de Picos, resultou na pris\u00e3o de tr\u00eas indiv\u00edduos e na apreens\u00e3o de drogas, muni\u00e7\u00f5es, dinheiro e celulares. A opera\u00e7\u00e3o foi denominada de \u201cCrep\u00fasculo\u201d.<\/p>\n\n\n\n<figure class=\"wp-block-image size-large\"><img fetchpriority=\"high\" decoding=\"async\" width=\"1024\" height=\"413\" src=\"https:\/\/noticiaempauta.com\/portal\/wp-content\/uploads\/2025\/07\/WhatsApp-Image-2025-07-23-at-10.07.31-1024x413.jpeg\" alt=\"\" class=\"wp-image-275696\" srcset=\"https:\/\/noticiaempauta.com\/portal\/wp-content\/uploads\/2025\/07\/WhatsApp-Image-2025-07-23-at-10.07.31-1024x413.jpeg 1024w, https:\/\/noticiaempauta.com\/portal\/wp-content\/uploads\/2025\/07\/WhatsApp-Image-2025-07-23-at-10.07.31-300x121.jpeg 300w, https:\/\/noticiaempauta.com\/portal\/wp-content\/uploads\/2025\/07\/WhatsApp-Image-2025-07-23-at-10.07.31-768x310.jpeg 768w, https:\/\/noticiaempauta.com\/portal\/wp-content\/uploads\/2025\/07\/WhatsApp-Image-2025-07-23-at-10.07.31.jpeg 1200w\" sizes=\"(max-width: 1024px) 100vw, 1024px\" \/><figcaption class=\"wp-element-caption\"><em>(Foto: Reprodu\u00e7\u00e3o)<\/em><\/figcaption><\/figure>\n\n\n\n<p>A a\u00e7\u00e3o teve in\u00edcio por volta das 17h30, envolvendo equipes da Delegacia de Flagrantes de Picos (DFHT), da Diretoria de Intelig\u00eancia da Pol\u00edcia Civil, do Batalh\u00e3o de Pol\u00edcia de Opera\u00e7\u00f5es Especiais (BEPI), do 4\u00ba BPM, com equipes da Ronda Ostensiva com Apoio de Motocicletas (ROCAM), For\u00e7a T\u00e1tica e Canil.<\/p>\n\n\n\n<figure class=\"wp-block-image size-large\"><img decoding=\"async\" width=\"1024\" height=\"768\" src=\"https:\/\/noticiaempauta.com\/portal\/wp-content\/uploads\/2025\/07\/WhatsApp-Image-2025-07-23-at-11.23.01-1024x768.jpeg\" alt=\"\" class=\"wp-image-275718\" srcset=\"https:\/\/noticiaempauta.com\/portal\/wp-content\/uploads\/2025\/07\/WhatsApp-Image-2025-07-23-at-11.23.01-1024x768.jpeg 1024w, https:\/\/noticiaempauta.com\/portal\/wp-content\/uploads\/2025\/07\/WhatsApp-Image-2025-07-23-at-11.23.01-300x225.jpeg 300w, https:\/\/noticiaempauta.com\/portal\/wp-content\/uploads\/2025\/07\/WhatsApp-Image-2025-07-23-at-11.23.01-768x576.jpeg 768w, https:\/\/noticiaempauta.com\/portal\/wp-content\/uploads\/2025\/07\/WhatsApp-Image-2025-07-23-at-11.23.01.jpeg 1280w\" sizes=\"(max-width: 1024px) 100vw, 1024px\" \/><\/figure>\n\n\n\n<p>Durante as buscas, as equipes apreenderam aproximadamente 1 kg de coca\u00edna, dividida entre tabletes e por\u00e7\u00f5es, al\u00e9m de duas por\u00e7\u00f5es de maconha, 10 muni\u00e7\u00f5es de calibre .38, uma balan\u00e7a de precis\u00e3o, dinheiro em esp\u00e9cie e diversos aparelhos celulares. A opera\u00e7\u00e3o contou com a atua\u00e7\u00e3o do c\u00e3o farejador K9 Titan, que teve papel fundamental na localiza\u00e7\u00e3o dos entorpecentes.<\/p>\n\n\n\n<figure class=\"wp-block-image size-full\"><img decoding=\"async\" width=\"940\" height=\"788\" src=\"https:\/\/noticiaempauta.com\/portal\/wp-content\/uploads\/2025\/07\/8089ddf4f4fb8ca81b69cb2cd631546f.png\" alt=\"\" class=\"wp-image-275717\" srcset=\"https:\/\/noticiaempauta.com\/portal\/wp-content\/uploads\/2025\/07\/8089ddf4f4fb8ca81b69cb2cd631546f.png 940w, https:\/\/noticiaempauta.com\/portal\/wp-content\/uploads\/2025\/07\/8089ddf4f4fb8ca81b69cb2cd631546f-300x251.png 300w, https:\/\/noticiaempauta.com\/portal\/wp-content\/uploads\/2025\/07\/8089ddf4f4fb8ca81b69cb2cd631546f-768x644.png 768w\" sizes=\"(max-width: 940px) 100vw, 940px\" \/><\/figure>\n\n\n\n<p>Os tr\u00eas presos na a\u00e7\u00e3o foram identificados pelas iniciais A.L.C.S., J.W.S. e R.S.L. Os suspeitos foram autuados por tr\u00e1fico de drogas e posse ilegal de muni\u00e7\u00f5es.<\/p>\n\n\n\n<p>Todo o material apreendido, bem como os tr\u00eas suspeitos, foram encaminhados \u00e0 Delegacia de Pol\u00edcia Civil de Picos para os procedimentos legais cab\u00edveis.<\/p>\n\n\n\n<p>J\u00e1 na manh\u00e3 desta quarta-feira (23), uma quarta pris\u00e3o em flagrante foi realizada no posto da PRF na BR 316\u00a0 onde foi interceptada uma nova remessa de entorpecentes com destino a Picos.<\/p>\n\n\n\n<figure class=\"wp-block-image size-large\"><img loading=\"lazy\" decoding=\"async\" width=\"1024\" height=\"461\" src=\"https:\/\/noticiaempauta.com\/portal\/wp-content\/uploads\/2025\/07\/c0b2b3a6647f9dca4edb9a84f48c6b52-1-1024x461.jpeg\" alt=\"\" class=\"wp-image-275716\" srcset=\"https:\/\/noticiaempauta.com\/portal\/wp-content\/uploads\/2025\/07\/c0b2b3a6647f9dca4edb9a84f48c6b52-1-1024x461.jpeg 1024w, https:\/\/noticiaempauta.com\/portal\/wp-content\/uploads\/2025\/07\/c0b2b3a6647f9dca4edb9a84f48c6b52-1-300x135.jpeg 300w, https:\/\/noticiaempauta.com\/portal\/wp-content\/uploads\/2025\/07\/c0b2b3a6647f9dca4edb9a84f48c6b52-1-768x346.jpeg 768w, https:\/\/noticiaempauta.com\/portal\/wp-content\/uploads\/2025\/07\/c0b2b3a6647f9dca4edb9a84f48c6b52-1.jpeg 1160w\" sizes=\"(max-width: 1024px) 100vw, 1024px\" \/><\/figure>\n\n\n\n<p>Fonte: Cidades na Net<\/p>\n","protected":false},"excerpt":{"rendered":"<p>Uma opera\u00e7\u00e3o conjunta das for\u00e7as de seguran\u00e7a realizada nesta ter\u00e7a-feira, 22 de julho, no munic\u00edpio de Picos, resultou na pris\u00e3o de tr\u00eas indiv\u00edduos e na apreens\u00e3o de drogas, muni\u00e7\u00f5es, dinheiro e celulares. A opera\u00e7\u00e3o foi denominada de \u201cCrep\u00fasculo\u201d. A a\u00e7\u00e3o teve in\u00edcio por volta das 17h30, envolvendo equipes da Delegacia de Flagrantes de Picos (DFHT), [&hellip;]<\/p>\n","protected":false},"author":2,"featured_media":275696,"comment_status":"open","ping_status":"open","sticky":false,"template":"","format":"standard","meta":{"_mi_skip_tracking":false,"footnotes":""},"categories":[25,1,137,16],"tags":[192],"class_list":["post-275695","post","type-post","status-publish","format-standard","has-post-thumbnail","hentry","category-destaques-site","category-geral","category-policia","category-todas","tag-destaqueprincipal"],"acf":[],"yoast_head":"<!-- This site is optimized with the Yoast SEO Premium plugin v19.2 (Yoast SEO v26.9) - https:\/\/yoast.com\/product\/yoast-seo-premium-wordpress\/ -->\n<title>Opera\u00e7\u00e3o Crep\u00fasculo efetua pris\u00f5es, apreende drogas, muni\u00e7\u00f5es e celulares durante a\u00e7\u00e3o conjunta em Picos - Portal Not\u00edcia em Pauta<\/title>\n<meta name=\"robots\" content=\"index, follow, max-snippet:-1, max-image-preview:large, max-video-preview:-1\" \/>\n<link rel=\"canonical\" href=\"https:\/\/noticiaempauta.com\/portal\/operacao-crepusculo-prende-tres-pessoas-e-apreende-drogas-municoes-e-celulares-durante-acao-conjunta-em-picos\/\" \/>\n<meta property=\"og:locale\" content=\"pt_BR\" \/>\n<meta property=\"og:type\" content=\"article\" \/>\n<meta property=\"og:title\" content=\"Opera\u00e7\u00e3o Crep\u00fasculo efetua pris\u00f5es, apreende drogas, muni\u00e7\u00f5es e celulares durante a\u00e7\u00e3o conjunta em Picos\" \/>\n<meta property=\"og:description\" content=\"Uma opera\u00e7\u00e3o conjunta das for\u00e7as de seguran\u00e7a realizada nesta ter\u00e7a-feira, 22 de julho, no munic\u00edpio de Picos, resultou na pris\u00e3o de tr\u00eas indiv\u00edduos e na apreens\u00e3o de drogas, muni\u00e7\u00f5es, dinheiro e celulares. A opera\u00e7\u00e3o foi denominada de \u201cCrep\u00fasculo\u201d. A a\u00e7\u00e3o teve in\u00edcio por volta das 17h30, envolvendo equipes da Delegacia de Flagrantes de Picos (DFHT), [&hellip;]\" \/>\n<meta property=\"og:url\" content=\"https:\/\/noticiaempauta.com\/portal\/operacao-crepusculo-prende-tres-pessoas-e-apreende-drogas-municoes-e-celulares-durante-acao-conjunta-em-picos\/\" \/>\n<meta property=\"og:site_name\" content=\"Portal Not\u00edcia em Pauta\" \/>\n<meta property=\"article:publisher\" content=\"https:\/\/www.facebook.com\/Portal-Notcia-Em-Pauta-102292869264820\/\" \/>\n<meta property=\"article:published_time\" content=\"2025-07-23T14:21:15+00:00\" \/>\n<meta property=\"article:modified_time\" content=\"2025-07-23T18:50:34+00:00\" \/>\n<meta property=\"og:image\" content=\"https:\/\/noticiaempauta.com\/portal\/wp-content\/uploads\/2025\/07\/WhatsApp-Image-2025-07-23-at-10.07.31.jpeg\" \/>\n\t<meta property=\"og:image:width\" content=\"1200\" \/>\n\t<meta property=\"og:image:height\" content=\"484\" \/>\n\t<meta property=\"og:image:type\" content=\"image\/jpeg\" \/>\n<meta name=\"author\" content=\"Reda\u00e7\u00e3o\" \/>\n<meta name=\"twitter:card\" content=\"summary_large_image\" \/>\n<meta name=\"twitter:label1\" content=\"Escrito por\" \/>\n\t<meta name=\"twitter:data1\" content=\"Reda\u00e7\u00e3o\" \/>\n\t<meta name=\"twitter:label2\" content=\"Est. tempo de leitura\" \/>\n\t<meta name=\"twitter:data2\" content=\"3 minutos\" \/>\n<script type=\"application\/ld+json\" class=\"yoast-schema-graph\">{\"@context\":\"https:\/\/schema.org\",\"@graph\":[{\"@type\":\"Article\",\"@id\":\"https:\/\/noticiaempauta.com\/portal\/operacao-crepusculo-prende-tres-pessoas-e-apreende-drogas-municoes-e-celulares-durante-acao-conjunta-em-picos\/#article\",\"isPartOf\":{\"@id\":\"https:\/\/noticiaempauta.com\/portal\/operacao-crepusculo-prende-tres-pessoas-e-apreende-drogas-municoes-e-celulares-durante-acao-conjunta-em-picos\/\"},\"author\":{\"name\":\"Reda\u00e7\u00e3o\",\"@id\":\"https:\/\/noticiaempauta.com\/portal\/#\/schema\/person\/a74af43dd1ab3deca45f988c717d57ac\"},\"headline\":\"Opera\u00e7\u00e3o Crep\u00fasculo efetua pris\u00f5es, apreende drogas, muni\u00e7\u00f5es e celulares durante a\u00e7\u00e3o conjunta em Picos\",\"datePublished\":\"2025-07-23T14:21:15+00:00\",\"dateModified\":\"2025-07-23T18:50:34+00:00\",\"mainEntityOfPage\":{\"@id\":\"https:\/\/noticiaempauta.com\/portal\/operacao-crepusculo-prende-tres-pessoas-e-apreende-drogas-municoes-e-celulares-durante-acao-conjunta-em-picos\/\"},\"wordCount\":291,\"commentCount\":0,\"publisher\":{\"@id\":\"https:\/\/noticiaempauta.com\/portal\/#organization\"},\"image\":{\"@id\":\"https:\/\/noticiaempauta.com\/portal\/operacao-crepusculo-prende-tres-pessoas-e-apreende-drogas-municoes-e-celulares-durante-acao-conjunta-em-picos\/#primaryimage\"},\"thumbnailUrl\":\"https:\/\/noticiaempauta.com\/portal\/wp-content\/uploads\/2025\/07\/WhatsApp-Image-2025-07-23-at-10.07.31.jpeg\",\"keywords\":[\"destaqueprincipal\"],\"articleSection\":[\"Destaques\",\"Geral\",\"Pol\u00edcia\",\"Todas as Not\u00edcias\"],\"inLanguage\":\"pt-BR\",\"potentialAction\":[{\"@type\":\"CommentAction\",\"name\":\"Comment\",\"target\":[\"https:\/\/noticiaempauta.com\/portal\/operacao-crepusculo-prende-tres-pessoas-e-apreende-drogas-municoes-e-celulares-durante-acao-conjunta-em-picos\/#respond\"]}]},{\"@type\":\"WebPage\",\"@id\":\"https:\/\/noticiaempauta.com\/portal\/operacao-crepusculo-prende-tres-pessoas-e-apreende-drogas-municoes-e-celulares-durante-acao-conjunta-em-picos\/\",\"url\":\"https:\/\/noticiaempauta.com\/portal\/operacao-crepusculo-prende-tres-pessoas-e-apreende-drogas-municoes-e-celulares-durante-acao-conjunta-em-picos\/\",\"name\":\"Opera\u00e7\u00e3o Crep\u00fasculo efetua pris\u00f5es, apreende drogas, muni\u00e7\u00f5es e celulares durante a\u00e7\u00e3o conjunta em Picos - Portal Not\u00edcia em Pauta\",\"isPartOf\":{\"@id\":\"https:\/\/noticiaempauta.com\/portal\/#website\"},\"primaryImageOfPage\":{\"@id\":\"https:\/\/noticiaempauta.com\/portal\/operacao-crepusculo-prende-tres-pessoas-e-apreende-drogas-municoes-e-celulares-durante-acao-conjunta-em-picos\/#primaryimage\"},\"image\":{\"@id\":\"https:\/\/noticiaempauta.com\/portal\/operacao-crepusculo-prende-tres-pessoas-e-apreende-drogas-municoes-e-celulares-durante-acao-conjunta-em-picos\/#primaryimage\"},\"thumbnailUrl\":\"https:\/\/noticiaempauta.com\/portal\/wp-content\/uploads\/2025\/07\/WhatsApp-Image-2025-07-23-at-10.07.31.jpeg\",\"datePublished\":\"2025-07-23T14:21:15+00:00\",\"dateModified\":\"2025-07-23T18:50:34+00:00\",\"breadcrumb\":{\"@id\":\"https:\/\/noticiaempauta.com\/portal\/operacao-crepusculo-prende-tres-pessoas-e-apreende-drogas-municoes-e-celulares-durante-acao-conjunta-em-picos\/#breadcrumb\"},\"inLanguage\":\"pt-BR\",\"potentialAction\":[{\"@type\":\"ReadAction\",\"target\":[\"https:\/\/noticiaempauta.com\/portal\/operacao-crepusculo-prende-tres-pessoas-e-apreende-drogas-municoes-e-celulares-durante-acao-conjunta-em-picos\/\"]}]},{\"@type\":\"ImageObject\",\"inLanguage\":\"pt-BR\",\"@id\":\"https:\/\/noticiaempauta.com\/portal\/operacao-crepusculo-prende-tres-pessoas-e-apreende-drogas-municoes-e-celulares-durante-acao-conjunta-em-picos\/#primaryimage\",\"url\":\"https:\/\/noticiaempauta.com\/portal\/wp-content\/uploads\/2025\/07\/WhatsApp-Image-2025-07-23-at-10.07.31.jpeg\",\"contentUrl\":\"https:\/\/noticiaempauta.com\/portal\/wp-content\/uploads\/2025\/07\/WhatsApp-Image-2025-07-23-at-10.07.31.jpeg\",\"width\":1200,\"height\":484},{\"@type\":\"BreadcrumbList\",\"@id\":\"https:\/\/noticiaempauta.com\/portal\/operacao-crepusculo-prende-tres-pessoas-e-apreende-drogas-municoes-e-celulares-durante-acao-conjunta-em-picos\/#breadcrumb\",\"itemListElement\":[{\"@type\":\"ListItem\",\"position\":1,\"name\":\"P\u00e1gina Inicial\",\"item\":\"https:\/\/noticiaempauta.com\/portal\/\"},{\"@type\":\"ListItem\",\"position\":2,\"name\":\"Destaques\",\"item\":\"https:\/\/noticiaempauta.com\/portal\/destaques-site\/\"},{\"@type\":\"ListItem\",\"position\":3,\"name\":\"Opera\u00e7\u00e3o Crep\u00fasculo efetua pris\u00f5es, apreende drogas, muni\u00e7\u00f5es e celulares durante a\u00e7\u00e3o conjunta em Picos\"}]},{\"@type\":\"WebSite\",\"@id\":\"https:\/\/noticiaempauta.com\/portal\/#website\",\"url\":\"https:\/\/noticiaempauta.com\/portal\/\",\"name\":\"Portal Not\u00edcia em Pauta\",\"description\":\"Voc\u00ea bem informado\",\"publisher\":{\"@id\":\"https:\/\/noticiaempauta.com\/portal\/#organization\"},\"potentialAction\":[{\"@type\":\"SearchAction\",\"target\":{\"@type\":\"EntryPoint\",\"urlTemplate\":\"https:\/\/noticiaempauta.com\/portal\/?s={search_term_string}\"},\"query-input\":{\"@type\":\"PropertyValueSpecification\",\"valueRequired\":true,\"valueName\":\"search_term_string\"}}],\"inLanguage\":\"pt-BR\"},{\"@type\":\"Organization\",\"@id\":\"https:\/\/noticiaempauta.com\/portal\/#organization\",\"name\":\"Portal Not\u00edcia em Pauta\",\"url\":\"https:\/\/noticiaempauta.com\/portal\/\",\"logo\":{\"@type\":\"ImageObject\",\"inLanguage\":\"pt-BR\",\"@id\":\"https:\/\/noticiaempauta.com\/portal\/#\/schema\/logo\/image\/\",\"url\":\"https:\/\/noticiaempauta.com\/portal\/wp-content\/uploads\/2022\/08\/logomarca_tema.fw_.png\",\"contentUrl\":\"https:\/\/noticiaempauta.com\/portal\/wp-content\/uploads\/2022\/08\/logomarca_tema.fw_.png\",\"width\":400,\"height\":232,\"caption\":\"Portal Not\u00edcia em Pauta\"},\"image\":{\"@id\":\"https:\/\/noticiaempauta.com\/portal\/#\/schema\/logo\/image\/\"},\"sameAs\":[\"https:\/\/www.facebook.com\/Portal-Notcia-Em-Pauta-102292869264820\/\",\"https:\/\/www.instagram.com\/portalnoticiaempauta\/\"]},{\"@type\":\"Person\",\"@id\":\"https:\/\/noticiaempauta.com\/portal\/#\/schema\/person\/a74af43dd1ab3deca45f988c717d57ac\",\"name\":\"Reda\u00e7\u00e3o\",\"image\":{\"@type\":\"ImageObject\",\"inLanguage\":\"pt-BR\",\"@id\":\"https:\/\/noticiaempauta.com\/portal\/#\/schema\/person\/image\/\",\"url\":\"https:\/\/secure.gravatar.com\/avatar\/03179346ecce6cdfc13361603e8f54242a90e5cde8618fa23c5c00aa2b0aadf3?s=96&d=mm&r=g\",\"contentUrl\":\"https:\/\/secure.gravatar.com\/avatar\/03179346ecce6cdfc13361603e8f54242a90e5cde8618fa23c5c00aa2b0aadf3?s=96&d=mm&r=g\",\"caption\":\"Reda\u00e7\u00e3o\"},\"sameAs\":[\"https:\/\/noticiaempauta.com\/portal\/\"],\"url\":\"https:\/\/noticiaempauta.com\/portal\/author\/fernando\/\"}]}<\/script>\n<!-- \/ Yoast SEO Premium plugin. -->","yoast_head_json":{"title":"Opera\u00e7\u00e3o Crep\u00fasculo efetua pris\u00f5es, apreende drogas, muni\u00e7\u00f5es e celulares durante a\u00e7\u00e3o conjunta em Picos - Portal Not\u00edcia em Pauta","robots":{"index":"index","follow":"follow","max-snippet":"max-snippet:-1","max-image-preview":"max-image-preview:large","max-video-preview":"max-video-preview:-1"},"canonical":"https:\/\/noticiaempauta.com\/portal\/operacao-crepusculo-prende-tres-pessoas-e-apreende-drogas-municoes-e-celulares-durante-acao-conjunta-em-picos\/","og_locale":"pt_BR","og_type":"article","og_title":"Opera\u00e7\u00e3o Crep\u00fasculo efetua pris\u00f5es, apreende drogas, muni\u00e7\u00f5es e celulares durante a\u00e7\u00e3o conjunta em Picos","og_description":"Uma opera\u00e7\u00e3o conjunta das for\u00e7as de seguran\u00e7a realizada nesta ter\u00e7a-feira, 22 de julho, no munic\u00edpio de Picos, resultou na pris\u00e3o de tr\u00eas indiv\u00edduos e na apreens\u00e3o de drogas, muni\u00e7\u00f5es, dinheiro e celulares. A opera\u00e7\u00e3o foi denominada de \u201cCrep\u00fasculo\u201d. A a\u00e7\u00e3o teve in\u00edcio por volta das 17h30, envolvendo equipes da Delegacia de Flagrantes de Picos (DFHT), [&hellip;]","og_url":"https:\/\/noticiaempauta.com\/portal\/operacao-crepusculo-prende-tres-pessoas-e-apreende-drogas-municoes-e-celulares-durante-acao-conjunta-em-picos\/","og_site_name":"Portal Not\u00edcia em Pauta","article_publisher":"https:\/\/www.facebook.com\/Portal-Notcia-Em-Pauta-102292869264820\/","article_published_time":"2025-07-23T14:21:15+00:00","article_modified_time":"2025-07-23T18:50:34+00:00","og_image":[{"width":1200,"height":484,"url":"https:\/\/noticiaempauta.com\/portal\/wp-content\/uploads\/2025\/07\/WhatsApp-Image-2025-07-23-at-10.07.31.jpeg","type":"image\/jpeg"}],"author":"Reda\u00e7\u00e3o","twitter_card":"summary_large_image","twitter_misc":{"Escrito por":"Reda\u00e7\u00e3o","Est. tempo de leitura":"3 minutos"},"schema":{"@context":"https:\/\/schema.org","@graph":[{"@type":"Article","@id":"https:\/\/noticiaempauta.com\/portal\/operacao-crepusculo-prende-tres-pessoas-e-apreende-drogas-municoes-e-celulares-durante-acao-conjunta-em-picos\/#article","isPartOf":{"@id":"https:\/\/noticiaempauta.com\/portal\/operacao-crepusculo-prende-tres-pessoas-e-apreende-drogas-municoes-e-celulares-durante-acao-conjunta-em-picos\/"},"author":{"name":"Reda\u00e7\u00e3o","@id":"https:\/\/noticiaempauta.com\/portal\/#\/schema\/person\/a74af43dd1ab3deca45f988c717d57ac"},"headline":"Opera\u00e7\u00e3o Crep\u00fasculo efetua pris\u00f5es, apreende drogas, muni\u00e7\u00f5es e celulares durante a\u00e7\u00e3o conjunta em Picos","datePublished":"2025-07-23T14:21:15+00:00","dateModified":"2025-07-23T18:50:34+00:00","mainEntityOfPage":{"@id":"https:\/\/noticiaempauta.com\/portal\/operacao-crepusculo-prende-tres-pessoas-e-apreende-drogas-municoes-e-celulares-durante-acao-conjunta-em-picos\/"},"wordCount":291,"commentCount":0,"publisher":{"@id":"https:\/\/noticiaempauta.com\/portal\/#organization"},"image":{"@id":"https:\/\/noticiaempauta.com\/portal\/operacao-crepusculo-prende-tres-pessoas-e-apreende-drogas-municoes-e-celulares-durante-acao-conjunta-em-picos\/#primaryimage"},"thumbnailUrl":"https:\/\/noticiaempauta.com\/portal\/wp-content\/uploads\/2025\/07\/WhatsApp-Image-2025-07-23-at-10.07.31.jpeg","keywords":["destaqueprincipal"],"articleSection":["Destaques","Geral","Pol\u00edcia","Todas as Not\u00edcias"],"inLanguage":"pt-BR","potentialAction":[{"@type":"CommentAction","name":"Comment","target":["https:\/\/noticiaempauta.com\/portal\/operacao-crepusculo-prende-tres-pessoas-e-apreende-drogas-municoes-e-celulares-durante-acao-conjunta-em-picos\/#respond"]}]},{"@type":"WebPage","@id":"https:\/\/noticiaempauta.com\/portal\/operacao-crepusculo-prende-tres-pessoas-e-apreende-drogas-municoes-e-celulares-durante-acao-conjunta-em-picos\/","url":"https:\/\/noticiaempauta.com\/portal\/operacao-crepusculo-prende-tres-pessoas-e-apreende-drogas-municoes-e-celulares-durante-acao-conjunta-em-picos\/","name":"Opera\u00e7\u00e3o Crep\u00fasculo efetua pris\u00f5es, apreende drogas, muni\u00e7\u00f5es e celulares durante a\u00e7\u00e3o conjunta em Picos - Portal Not\u00edcia em Pauta","isPartOf":{"@id":"https:\/\/noticiaempauta.com\/portal\/#website"},"primaryImageOfPage":{"@id":"https:\/\/noticiaempauta.com\/portal\/operacao-crepusculo-prende-tres-pessoas-e-apreende-drogas-municoes-e-celulares-durante-acao-conjunta-em-picos\/#primaryimage"},"image":{"@id":"https:\/\/noticiaempauta.com\/portal\/operacao-crepusculo-prende-tres-pessoas-e-apreende-drogas-municoes-e-celulares-durante-acao-conjunta-em-picos\/#primaryimage"},"thumbnailUrl":"https:\/\/noticiaempauta.com\/portal\/wp-content\/uploads\/2025\/07\/WhatsApp-Image-2025-07-23-at-10.07.31.jpeg","datePublished":"2025-07-23T14:21:15+00:00","dateModified":"2025-07-23T18:50:34+00:00","breadcrumb":{"@id":"https:\/\/noticiaempauta.com\/portal\/operacao-crepusculo-prende-tres-pessoas-e-apreende-drogas-municoes-e-celulares-durante-acao-conjunta-em-picos\/#breadcrumb"},"inLanguage":"pt-BR","potentialAction":[{"@type":"ReadAction","target":["https:\/\/noticiaempauta.com\/portal\/operacao-crepusculo-prende-tres-pessoas-e-apreende-drogas-municoes-e-celulares-durante-acao-conjunta-em-picos\/"]}]},{"@type":"ImageObject","inLanguage":"pt-BR","@id":"https:\/\/noticiaempauta.com\/portal\/operacao-crepusculo-prende-tres-pessoas-e-apreende-drogas-municoes-e-celulares-durante-acao-conjunta-em-picos\/#primaryimage","url":"https:\/\/noticiaempauta.com\/portal\/wp-content\/uploads\/2025\/07\/WhatsApp-Image-2025-07-23-at-10.07.31.jpeg","contentUrl":"https:\/\/noticiaempauta.com\/portal\/wp-content\/uploads\/2025\/07\/WhatsApp-Image-2025-07-23-at-10.07.31.jpeg","width":1200,"height":484},{"@type":"BreadcrumbList","@id":"https:\/\/noticiaempauta.com\/portal\/operacao-crepusculo-prende-tres-pessoas-e-apreende-drogas-municoes-e-celulares-durante-acao-conjunta-em-picos\/#breadcrumb","itemListElement":[{"@type":"ListItem","position":1,"name":"P\u00e1gina Inicial","item":"https:\/\/noticiaempauta.com\/portal\/"},{"@type":"ListItem","position":2,"name":"Destaques","item":"https:\/\/noticiaempauta.com\/portal\/destaques-site\/"},{"@type":"ListItem","position":3,"name":"Opera\u00e7\u00e3o Crep\u00fasculo efetua pris\u00f5es, apreende drogas, muni\u00e7\u00f5es e celulares durante a\u00e7\u00e3o conjunta em Picos"}]},{"@type":"WebSite","@id":"https:\/\/noticiaempauta.com\/portal\/#website","url":"https:\/\/noticiaempauta.com\/portal\/","name":"Portal Not\u00edcia em Pauta","description":"Voc\u00ea bem informado","publisher":{"@id":"https:\/\/noticiaempauta.com\/portal\/#organization"},"potentialAction":[{"@type":"SearchAction","target":{"@type":"EntryPoint","urlTemplate":"https:\/\/noticiaempauta.com\/portal\/?s={search_term_string}"},"query-input":{"@type":"PropertyValueSpecification","valueRequired":true,"valueName":"search_term_string"}}],"inLanguage":"pt-BR"},{"@type":"Organization","@id":"https:\/\/noticiaempauta.com\/portal\/#organization","name":"Portal Not\u00edcia em Pauta","url":"https:\/\/noticiaempauta.com\/portal\/","logo":{"@type":"ImageObject","inLanguage":"pt-BR","@id":"https:\/\/noticiaempauta.com\/portal\/#\/schema\/logo\/image\/","url":"https:\/\/noticiaempauta.com\/portal\/wp-content\/uploads\/2022\/08\/logomarca_tema.fw_.png","contentUrl":"https:\/\/noticiaempauta.com\/portal\/wp-content\/uploads\/2022\/08\/logomarca_tema.fw_.png","width":400,"height":232,"caption":"Portal Not\u00edcia em Pauta"},"image":{"@id":"https:\/\/noticiaempauta.com\/portal\/#\/schema\/logo\/image\/"},"sameAs":["https:\/\/www.facebook.com\/Portal-Notcia-Em-Pauta-102292869264820\/","https:\/\/www.instagram.com\/portalnoticiaempauta\/"]},{"@type":"Person","@id":"https:\/\/noticiaempauta.com\/portal\/#\/schema\/person\/a74af43dd1ab3deca45f988c717d57ac","name":"Reda\u00e7\u00e3o","image":{"@type":"ImageObject","inLanguage":"pt-BR","@id":"https:\/\/noticiaempauta.com\/portal\/#\/schema\/person\/image\/","url":"https:\/\/secure.gravatar.com\/avatar\/03179346ecce6cdfc13361603e8f54242a90e5cde8618fa23c5c00aa2b0aadf3?s=96&d=mm&r=g","contentUrl":"https:\/\/secure.gravatar.com\/avatar\/03179346ecce6cdfc13361603e8f54242a90e5cde8618fa23c5c00aa2b0aadf3?s=96&d=mm&r=g","caption":"Reda\u00e7\u00e3o"},"sameAs":["https:\/\/noticiaempauta.com\/portal\/"],"url":"https:\/\/noticiaempauta.com\/portal\/author\/fernando\/"}]}},"_links":{"self":[{"href":"https:\/\/noticiaempauta.com\/portal\/wp-json\/wp\/v2\/posts\/275695","targetHints":{"allow":["GET"]}}],"collection":[{"href":"https:\/\/noticiaempauta.com\/portal\/wp-json\/wp\/v2\/posts"}],"about":[{"href":"https:\/\/noticiaempauta.com\/portal\/wp-json\/wp\/v2\/types\/post"}],"author":[{"embeddable":true,"href":"https:\/\/noticiaempauta.com\/portal\/wp-json\/wp\/v2\/users\/2"}],"replies":[{"embeddable":true,"href":"https:\/\/noticiaempauta.com\/portal\/wp-json\/wp\/v2\/comments?post=275695"}],"version-history":[{"count":3,"href":"https:\/\/noticiaempauta.com\/portal\/wp-json\/wp\/v2\/posts\/275695\/revisions"}],"predecessor-version":[{"id":275719,"href":"https:\/\/noticiaempauta.com\/portal\/wp-json\/wp\/v2\/posts\/275695\/revisions\/275719"}],"wp:featuredmedia":[{"embeddable":true,"href":"https:\/\/noticiaempauta.com\/portal\/wp-json\/wp\/v2\/media\/275696"}],"wp:attachment":[{"href":"https:\/\/noticiaempauta.com\/portal\/wp-json\/wp\/v2\/media?parent=275695"}],"wp:term":[{"taxonomy":"category","embeddable":true,"href":"https:\/\/noticiaempauta.com\/portal\/wp-json\/wp\/v2\/categories?post=275695"},{"taxonomy":"post_tag","embeddable":true,"href":"https:\/\/noticiaempauta.com\/portal\/wp-json\/wp\/v2\/tags?post=275695"}],"curies":[{"name":"wp","href":"https:\/\/api.w.org\/{rel}","templated":true}]}}