{"id":276347,"date":"2025-08-06T11:47:31","date_gmt":"2025-08-06T14:47:31","guid":{"rendered":"https:\/\/noticiaempauta.com\/portal\/?p=276347"},"modified":"2025-08-06T11:49:28","modified_gmt":"2025-08-06T14:49:28","slug":"procon-de-picos-fiscaliza-promocoes-do-dia-dos-pais-para-garantir-direitos-dos-consumidores","status":"publish","type":"post","link":"https:\/\/noticiaempauta.com\/portal\/procon-de-picos-fiscaliza-promocoes-do-dia-dos-pais-para-garantir-direitos-dos-consumidores\/","title":{"rendered":"PROCON de Picos fiscaliza promo\u00e7\u00f5es do Dia dos Pais para garantir direitos dos consumidores"},"content":{"rendered":"\n<p>O PROCON Municipal de Picos iniciou nesta segunda-feira (04) uma a\u00e7\u00e3o de fiscaliza\u00e7\u00e3o no com\u00e9rcio local, com foco nas promo\u00e7\u00f5es do Dia dos Pais. A opera\u00e7\u00e3o segue at\u00e9 a pr\u00f3xima sexta-feira, dia 08 de agosto, e tem como objetivo coibir pr\u00e1ticas abusivas, assegurar transpar\u00eancia nas ofertas e garantir que os direitos dos consumidores sejam respeitados durante o per\u00edodo de maior movimenta\u00e7\u00e3o nas lojas.<\/p>\n\n\n\n<figure class=\"wp-block-image size-large\"><img fetchpriority=\"high\" decoding=\"async\" width=\"1024\" height=\"668\" src=\"https:\/\/noticiaempauta.com\/portal\/wp-content\/uploads\/2025\/08\/WhatsApp-Image-2025-08-06-at-11.03.55-1-1024x668.jpeg\" alt=\"\" class=\"wp-image-276348\" srcset=\"https:\/\/noticiaempauta.com\/portal\/wp-content\/uploads\/2025\/08\/WhatsApp-Image-2025-08-06-at-11.03.55-1-1024x668.jpeg 1024w, https:\/\/noticiaempauta.com\/portal\/wp-content\/uploads\/2025\/08\/WhatsApp-Image-2025-08-06-at-11.03.55-1-300x196.jpeg 300w, https:\/\/noticiaempauta.com\/portal\/wp-content\/uploads\/2025\/08\/WhatsApp-Image-2025-08-06-at-11.03.55-1-768x501.jpeg 768w, https:\/\/noticiaempauta.com\/portal\/wp-content\/uploads\/2025\/08\/WhatsApp-Image-2025-08-06-at-11.03.55-1-1536x1002.jpeg 1536w, https:\/\/noticiaempauta.com\/portal\/wp-content\/uploads\/2025\/08\/WhatsApp-Image-2025-08-06-at-11.03.55-1.jpeg 1600w\" sizes=\"(max-width: 1024px) 100vw, 1024px\" \/><\/figure>\n\n\n\n<p>Durante as visitas, a equipe do PROCON est\u00e1 verificando se os descontos divulgados de fato representam vantagens reais, ou se os pre\u00e7os foram elevados previamente para simular redu\u00e7\u00f5es. Al\u00e9m disso, s\u00e3o observados crit\u00e9rios como a visibilidade e clareza das informa\u00e7\u00f5es, a corre\u00e7\u00e3o das descri\u00e7\u00f5es dos produtos, a forma de apresenta\u00e7\u00e3o dos valores parcelados e a transpar\u00eancia nas condi\u00e7\u00f5es de pagamento.<\/p>\n\n\n\n<figure class=\"wp-block-image size-large\"><img decoding=\"async\" width=\"1024\" height=\"700\" src=\"https:\/\/noticiaempauta.com\/portal\/wp-content\/uploads\/2025\/08\/WhatsApp-Image-2025-08-06-at-11.03.56-1024x700.jpeg\" alt=\"\" class=\"wp-image-276349\" srcset=\"https:\/\/noticiaempauta.com\/portal\/wp-content\/uploads\/2025\/08\/WhatsApp-Image-2025-08-06-at-11.03.56-1024x700.jpeg 1024w, https:\/\/noticiaempauta.com\/portal\/wp-content\/uploads\/2025\/08\/WhatsApp-Image-2025-08-06-at-11.03.56-300x205.jpeg 300w, https:\/\/noticiaempauta.com\/portal\/wp-content\/uploads\/2025\/08\/WhatsApp-Image-2025-08-06-at-11.03.56-768x525.jpeg 768w, https:\/\/noticiaempauta.com\/portal\/wp-content\/uploads\/2025\/08\/WhatsApp-Image-2025-08-06-at-11.03.56-1536x1050.jpeg 1536w, https:\/\/noticiaempauta.com\/portal\/wp-content\/uploads\/2025\/08\/WhatsApp-Image-2025-08-06-at-11.03.56.jpeg 1600w\" sizes=\"(max-width: 1024px) 100vw, 1024px\" \/><\/figure>\n\n\n\n<p>A fiscaliza\u00e7\u00e3o tamb\u00e9m inclui a an\u00e1lise de poss\u00edveis pr\u00e1ticas abusivas, como vendas casadas e cl\u00e1usulas irregulares, al\u00e9m de garantir que os produtos estejam dentro do prazo de validade e possuam a devida certifica\u00e7\u00e3o. Os fiscais tamb\u00e9m est\u00e3o orientando consumidores e fornecedores sobre seus direitos e deveres, promovendo o equil\u00edbrio nas rela\u00e7\u00f5es de consumo e refor\u00e7ando a import\u00e2ncia do acesso \u00e0 informa\u00e7\u00e3o no ato da compra.<\/p>\n\n\n\n<p>Segundo a coordenadora do PROCON, Jayla Bispo, a fiscaliza\u00e7\u00e3o se da como forma de garantia dos direitos dos consumidores. \u201cA fiscaliza\u00e7\u00e3o est\u00e1 sendo feita para conferir se os valores que est\u00e3o sendo apresentados nas promo\u00e7\u00f5es n\u00e3o eram iguais ou menores antes. Verificamos tamb\u00e9m se as lojas est\u00e3o elevando os pre\u00e7os e depois anunciando uma suposta promo\u00e7\u00e3o, o que fere os direitos do consumidor\u201d, afirmou.<\/p>\n\n\n\n<p>O PROCON orienta que os consumidores exijam sempre a nota fiscal, consultem o valor final das compras parceladas e fiquem atentos a pr\u00e1ticas enganosas. Den\u00fancias podem ser registradas diretamente no \u00f3rg\u00e3o ou por meio dos canais oficiais da Prefeitura Municipal de Picos.<\/p>\n\n\n\n<p><em>Por: Isael Pereira \/ Ascom<\/em><\/p>\n","protected":false},"excerpt":{"rendered":"<p>O PROCON Municipal de Picos iniciou nesta segunda-feira (04) uma a\u00e7\u00e3o de fiscaliza\u00e7\u00e3o no com\u00e9rcio local, com foco nas promo\u00e7\u00f5es do Dia dos Pais. A opera\u00e7\u00e3o segue at\u00e9 a pr\u00f3xima sexta-feira, dia 08 de agosto, e tem como objetivo coibir pr\u00e1ticas abusivas, assegurar transpar\u00eancia nas ofertas e garantir que os direitos dos consumidores sejam respeitados [&hellip;]<\/p>\n","protected":false},"author":2,"featured_media":276348,"comment_status":"open","ping_status":"open","sticky":false,"template":"","format":"standard","meta":{"_mi_skip_tracking":false,"footnotes":""},"categories":[25,1,16],"tags":[192],"class_list":["post-276347","post","type-post","status-publish","format-standard","has-post-thumbnail","hentry","category-destaques-site","category-geral","category-todas","tag-destaqueprincipal"],"acf":[],"yoast_head":"<!-- This site is optimized with the Yoast SEO Premium plugin v19.2 (Yoast SEO v26.9) - https:\/\/yoast.com\/product\/yoast-seo-premium-wordpress\/ -->\n<title>PROCON de Picos fiscaliza promo\u00e7\u00f5es do Dia dos Pais para garantir direitos dos consumidores - Portal Not\u00edcia em Pauta<\/title>\n<meta name=\"robots\" content=\"index, follow, max-snippet:-1, max-image-preview:large, max-video-preview:-1\" \/>\n<link rel=\"canonical\" href=\"https:\/\/noticiaempauta.com\/portal\/procon-de-picos-fiscaliza-promocoes-do-dia-dos-pais-para-garantir-direitos-dos-consumidores\/\" \/>\n<meta property=\"og:locale\" content=\"pt_BR\" \/>\n<meta property=\"og:type\" content=\"article\" \/>\n<meta property=\"og:title\" content=\"PROCON de Picos fiscaliza promo\u00e7\u00f5es do Dia dos Pais para garantir direitos dos consumidores\" \/>\n<meta property=\"og:description\" content=\"O PROCON Municipal de Picos iniciou nesta segunda-feira (04) uma a\u00e7\u00e3o de fiscaliza\u00e7\u00e3o no com\u00e9rcio local, com foco nas promo\u00e7\u00f5es do Dia dos Pais. A opera\u00e7\u00e3o segue at\u00e9 a pr\u00f3xima sexta-feira, dia 08 de agosto, e tem como objetivo coibir pr\u00e1ticas abusivas, assegurar transpar\u00eancia nas ofertas e garantir que os direitos dos consumidores sejam respeitados [&hellip;]\" \/>\n<meta property=\"og:url\" content=\"https:\/\/noticiaempauta.com\/portal\/procon-de-picos-fiscaliza-promocoes-do-dia-dos-pais-para-garantir-direitos-dos-consumidores\/\" \/>\n<meta property=\"og:site_name\" content=\"Portal Not\u00edcia em Pauta\" \/>\n<meta property=\"article:publisher\" content=\"https:\/\/www.facebook.com\/Portal-Notcia-Em-Pauta-102292869264820\/\" \/>\n<meta property=\"article:published_time\" content=\"2025-08-06T14:47:31+00:00\" \/>\n<meta property=\"article:modified_time\" content=\"2025-08-06T14:49:28+00:00\" \/>\n<meta property=\"og:image\" content=\"https:\/\/noticiaempauta.com\/portal\/wp-content\/uploads\/2025\/08\/WhatsApp-Image-2025-08-06-at-11.03.55-1.jpeg\" \/>\n\t<meta property=\"og:image:width\" content=\"1600\" \/>\n\t<meta property=\"og:image:height\" content=\"1044\" \/>\n\t<meta property=\"og:image:type\" content=\"image\/jpeg\" \/>\n<meta name=\"author\" content=\"Reda\u00e7\u00e3o\" \/>\n<meta name=\"twitter:card\" content=\"summary_large_image\" \/>\n<meta name=\"twitter:label1\" content=\"Escrito por\" \/>\n\t<meta name=\"twitter:data1\" content=\"Reda\u00e7\u00e3o\" \/>\n\t<meta name=\"twitter:label2\" content=\"Est. tempo de leitura\" \/>\n\t<meta name=\"twitter:data2\" content=\"3 minutos\" \/>\n<script type=\"application\/ld+json\" class=\"yoast-schema-graph\">{\"@context\":\"https:\/\/schema.org\",\"@graph\":[{\"@type\":\"Article\",\"@id\":\"https:\/\/noticiaempauta.com\/portal\/procon-de-picos-fiscaliza-promocoes-do-dia-dos-pais-para-garantir-direitos-dos-consumidores\/#article\",\"isPartOf\":{\"@id\":\"https:\/\/noticiaempauta.com\/portal\/procon-de-picos-fiscaliza-promocoes-do-dia-dos-pais-para-garantir-direitos-dos-consumidores\/\"},\"author\":{\"name\":\"Reda\u00e7\u00e3o\",\"@id\":\"https:\/\/noticiaempauta.com\/portal\/#\/schema\/person\/a74af43dd1ab3deca45f988c717d57ac\"},\"headline\":\"PROCON de Picos fiscaliza promo\u00e7\u00f5es do Dia dos Pais para garantir direitos dos consumidores\",\"datePublished\":\"2025-08-06T14:47:31+00:00\",\"dateModified\":\"2025-08-06T14:49:28+00:00\",\"mainEntityOfPage\":{\"@id\":\"https:\/\/noticiaempauta.com\/portal\/procon-de-picos-fiscaliza-promocoes-do-dia-dos-pais-para-garantir-direitos-dos-consumidores\/\"},\"wordCount\":358,\"commentCount\":0,\"publisher\":{\"@id\":\"https:\/\/noticiaempauta.com\/portal\/#organization\"},\"image\":{\"@id\":\"https:\/\/noticiaempauta.com\/portal\/procon-de-picos-fiscaliza-promocoes-do-dia-dos-pais-para-garantir-direitos-dos-consumidores\/#primaryimage\"},\"thumbnailUrl\":\"https:\/\/noticiaempauta.com\/portal\/wp-content\/uploads\/2025\/08\/WhatsApp-Image-2025-08-06-at-11.03.55-1.jpeg\",\"keywords\":[\"destaqueprincipal\"],\"articleSection\":[\"Destaques\",\"Geral\",\"Todas as Not\u00edcias\"],\"inLanguage\":\"pt-BR\",\"potentialAction\":[{\"@type\":\"CommentAction\",\"name\":\"Comment\",\"target\":[\"https:\/\/noticiaempauta.com\/portal\/procon-de-picos-fiscaliza-promocoes-do-dia-dos-pais-para-garantir-direitos-dos-consumidores\/#respond\"]}]},{\"@type\":\"WebPage\",\"@id\":\"https:\/\/noticiaempauta.com\/portal\/procon-de-picos-fiscaliza-promocoes-do-dia-dos-pais-para-garantir-direitos-dos-consumidores\/\",\"url\":\"https:\/\/noticiaempauta.com\/portal\/procon-de-picos-fiscaliza-promocoes-do-dia-dos-pais-para-garantir-direitos-dos-consumidores\/\",\"name\":\"PROCON de Picos fiscaliza promo\u00e7\u00f5es do Dia dos Pais para garantir direitos dos consumidores - Portal Not\u00edcia em Pauta\",\"isPartOf\":{\"@id\":\"https:\/\/noticiaempauta.com\/portal\/#website\"},\"primaryImageOfPage\":{\"@id\":\"https:\/\/noticiaempauta.com\/portal\/procon-de-picos-fiscaliza-promocoes-do-dia-dos-pais-para-garantir-direitos-dos-consumidores\/#primaryimage\"},\"image\":{\"@id\":\"https:\/\/noticiaempauta.com\/portal\/procon-de-picos-fiscaliza-promocoes-do-dia-dos-pais-para-garantir-direitos-dos-consumidores\/#primaryimage\"},\"thumbnailUrl\":\"https:\/\/noticiaempauta.com\/portal\/wp-content\/uploads\/2025\/08\/WhatsApp-Image-2025-08-06-at-11.03.55-1.jpeg\",\"datePublished\":\"2025-08-06T14:47:31+00:00\",\"dateModified\":\"2025-08-06T14:49:28+00:00\",\"breadcrumb\":{\"@id\":\"https:\/\/noticiaempauta.com\/portal\/procon-de-picos-fiscaliza-promocoes-do-dia-dos-pais-para-garantir-direitos-dos-consumidores\/#breadcrumb\"},\"inLanguage\":\"pt-BR\",\"potentialAction\":[{\"@type\":\"ReadAction\",\"target\":[\"https:\/\/noticiaempauta.com\/portal\/procon-de-picos-fiscaliza-promocoes-do-dia-dos-pais-para-garantir-direitos-dos-consumidores\/\"]}]},{\"@type\":\"ImageObject\",\"inLanguage\":\"pt-BR\",\"@id\":\"https:\/\/noticiaempauta.com\/portal\/procon-de-picos-fiscaliza-promocoes-do-dia-dos-pais-para-garantir-direitos-dos-consumidores\/#primaryimage\",\"url\":\"https:\/\/noticiaempauta.com\/portal\/wp-content\/uploads\/2025\/08\/WhatsApp-Image-2025-08-06-at-11.03.55-1.jpeg\",\"contentUrl\":\"https:\/\/noticiaempauta.com\/portal\/wp-content\/uploads\/2025\/08\/WhatsApp-Image-2025-08-06-at-11.03.55-1.jpeg\",\"width\":1600,\"height\":1044},{\"@type\":\"BreadcrumbList\",\"@id\":\"https:\/\/noticiaempauta.com\/portal\/procon-de-picos-fiscaliza-promocoes-do-dia-dos-pais-para-garantir-direitos-dos-consumidores\/#breadcrumb\",\"itemListElement\":[{\"@type\":\"ListItem\",\"position\":1,\"name\":\"P\u00e1gina Inicial\",\"item\":\"https:\/\/noticiaempauta.com\/portal\/\"},{\"@type\":\"ListItem\",\"position\":2,\"name\":\"Destaques\",\"item\":\"https:\/\/noticiaempauta.com\/portal\/destaques-site\/\"},{\"@type\":\"ListItem\",\"position\":3,\"name\":\"PROCON de Picos fiscaliza promo\u00e7\u00f5es do Dia dos Pais para garantir direitos dos consumidores\"}]},{\"@type\":\"WebSite\",\"@id\":\"https:\/\/noticiaempauta.com\/portal\/#website\",\"url\":\"https:\/\/noticiaempauta.com\/portal\/\",\"name\":\"Portal Not\u00edcia em Pauta\",\"description\":\"Voc\u00ea bem informado\",\"publisher\":{\"@id\":\"https:\/\/noticiaempauta.com\/portal\/#organization\"},\"potentialAction\":[{\"@type\":\"SearchAction\",\"target\":{\"@type\":\"EntryPoint\",\"urlTemplate\":\"https:\/\/noticiaempauta.com\/portal\/?s={search_term_string}\"},\"query-input\":{\"@type\":\"PropertyValueSpecification\",\"valueRequired\":true,\"valueName\":\"search_term_string\"}}],\"inLanguage\":\"pt-BR\"},{\"@type\":\"Organization\",\"@id\":\"https:\/\/noticiaempauta.com\/portal\/#organization\",\"name\":\"Portal Not\u00edcia em Pauta\",\"url\":\"https:\/\/noticiaempauta.com\/portal\/\",\"logo\":{\"@type\":\"ImageObject\",\"inLanguage\":\"pt-BR\",\"@id\":\"https:\/\/noticiaempauta.com\/portal\/#\/schema\/logo\/image\/\",\"url\":\"https:\/\/noticiaempauta.com\/portal\/wp-content\/uploads\/2022\/08\/logomarca_tema.fw_.png\",\"contentUrl\":\"https:\/\/noticiaempauta.com\/portal\/wp-content\/uploads\/2022\/08\/logomarca_tema.fw_.png\",\"width\":400,\"height\":232,\"caption\":\"Portal Not\u00edcia em Pauta\"},\"image\":{\"@id\":\"https:\/\/noticiaempauta.com\/portal\/#\/schema\/logo\/image\/\"},\"sameAs\":[\"https:\/\/www.facebook.com\/Portal-Notcia-Em-Pauta-102292869264820\/\",\"https:\/\/www.instagram.com\/portalnoticiaempauta\/\"]},{\"@type\":\"Person\",\"@id\":\"https:\/\/noticiaempauta.com\/portal\/#\/schema\/person\/a74af43dd1ab3deca45f988c717d57ac\",\"name\":\"Reda\u00e7\u00e3o\",\"image\":{\"@type\":\"ImageObject\",\"inLanguage\":\"pt-BR\",\"@id\":\"https:\/\/noticiaempauta.com\/portal\/#\/schema\/person\/image\/\",\"url\":\"https:\/\/secure.gravatar.com\/avatar\/03179346ecce6cdfc13361603e8f54242a90e5cde8618fa23c5c00aa2b0aadf3?s=96&d=mm&r=g\",\"contentUrl\":\"https:\/\/secure.gravatar.com\/avatar\/03179346ecce6cdfc13361603e8f54242a90e5cde8618fa23c5c00aa2b0aadf3?s=96&d=mm&r=g\",\"caption\":\"Reda\u00e7\u00e3o\"},\"sameAs\":[\"https:\/\/noticiaempauta.com\/portal\/\"],\"url\":\"https:\/\/noticiaempauta.com\/portal\/author\/fernando\/\"}]}<\/script>\n<!-- \/ Yoast SEO Premium plugin. -->","yoast_head_json":{"title":"PROCON de Picos fiscaliza promo\u00e7\u00f5es do Dia dos Pais para garantir direitos dos consumidores - Portal Not\u00edcia em Pauta","robots":{"index":"index","follow":"follow","max-snippet":"max-snippet:-1","max-image-preview":"max-image-preview:large","max-video-preview":"max-video-preview:-1"},"canonical":"https:\/\/noticiaempauta.com\/portal\/procon-de-picos-fiscaliza-promocoes-do-dia-dos-pais-para-garantir-direitos-dos-consumidores\/","og_locale":"pt_BR","og_type":"article","og_title":"PROCON de Picos fiscaliza promo\u00e7\u00f5es do Dia dos Pais para garantir direitos dos consumidores","og_description":"O PROCON Municipal de Picos iniciou nesta segunda-feira (04) uma a\u00e7\u00e3o de fiscaliza\u00e7\u00e3o no com\u00e9rcio local, com foco nas promo\u00e7\u00f5es do Dia dos Pais. A opera\u00e7\u00e3o segue at\u00e9 a pr\u00f3xima sexta-feira, dia 08 de agosto, e tem como objetivo coibir pr\u00e1ticas abusivas, assegurar transpar\u00eancia nas ofertas e garantir que os direitos dos consumidores sejam respeitados [&hellip;]","og_url":"https:\/\/noticiaempauta.com\/portal\/procon-de-picos-fiscaliza-promocoes-do-dia-dos-pais-para-garantir-direitos-dos-consumidores\/","og_site_name":"Portal Not\u00edcia em Pauta","article_publisher":"https:\/\/www.facebook.com\/Portal-Notcia-Em-Pauta-102292869264820\/","article_published_time":"2025-08-06T14:47:31+00:00","article_modified_time":"2025-08-06T14:49:28+00:00","og_image":[{"width":1600,"height":1044,"url":"https:\/\/noticiaempauta.com\/portal\/wp-content\/uploads\/2025\/08\/WhatsApp-Image-2025-08-06-at-11.03.55-1.jpeg","type":"image\/jpeg"}],"author":"Reda\u00e7\u00e3o","twitter_card":"summary_large_image","twitter_misc":{"Escrito por":"Reda\u00e7\u00e3o","Est. tempo de leitura":"3 minutos"},"schema":{"@context":"https:\/\/schema.org","@graph":[{"@type":"Article","@id":"https:\/\/noticiaempauta.com\/portal\/procon-de-picos-fiscaliza-promocoes-do-dia-dos-pais-para-garantir-direitos-dos-consumidores\/#article","isPartOf":{"@id":"https:\/\/noticiaempauta.com\/portal\/procon-de-picos-fiscaliza-promocoes-do-dia-dos-pais-para-garantir-direitos-dos-consumidores\/"},"author":{"name":"Reda\u00e7\u00e3o","@id":"https:\/\/noticiaempauta.com\/portal\/#\/schema\/person\/a74af43dd1ab3deca45f988c717d57ac"},"headline":"PROCON de Picos fiscaliza promo\u00e7\u00f5es do Dia dos Pais para garantir direitos dos consumidores","datePublished":"2025-08-06T14:47:31+00:00","dateModified":"2025-08-06T14:49:28+00:00","mainEntityOfPage":{"@id":"https:\/\/noticiaempauta.com\/portal\/procon-de-picos-fiscaliza-promocoes-do-dia-dos-pais-para-garantir-direitos-dos-consumidores\/"},"wordCount":358,"commentCount":0,"publisher":{"@id":"https:\/\/noticiaempauta.com\/portal\/#organization"},"image":{"@id":"https:\/\/noticiaempauta.com\/portal\/procon-de-picos-fiscaliza-promocoes-do-dia-dos-pais-para-garantir-direitos-dos-consumidores\/#primaryimage"},"thumbnailUrl":"https:\/\/noticiaempauta.com\/portal\/wp-content\/uploads\/2025\/08\/WhatsApp-Image-2025-08-06-at-11.03.55-1.jpeg","keywords":["destaqueprincipal"],"articleSection":["Destaques","Geral","Todas as Not\u00edcias"],"inLanguage":"pt-BR","potentialAction":[{"@type":"CommentAction","name":"Comment","target":["https:\/\/noticiaempauta.com\/portal\/procon-de-picos-fiscaliza-promocoes-do-dia-dos-pais-para-garantir-direitos-dos-consumidores\/#respond"]}]},{"@type":"WebPage","@id":"https:\/\/noticiaempauta.com\/portal\/procon-de-picos-fiscaliza-promocoes-do-dia-dos-pais-para-garantir-direitos-dos-consumidores\/","url":"https:\/\/noticiaempauta.com\/portal\/procon-de-picos-fiscaliza-promocoes-do-dia-dos-pais-para-garantir-direitos-dos-consumidores\/","name":"PROCON de Picos fiscaliza promo\u00e7\u00f5es do Dia dos Pais para garantir direitos dos consumidores - Portal Not\u00edcia em Pauta","isPartOf":{"@id":"https:\/\/noticiaempauta.com\/portal\/#website"},"primaryImageOfPage":{"@id":"https:\/\/noticiaempauta.com\/portal\/procon-de-picos-fiscaliza-promocoes-do-dia-dos-pais-para-garantir-direitos-dos-consumidores\/#primaryimage"},"image":{"@id":"https:\/\/noticiaempauta.com\/portal\/procon-de-picos-fiscaliza-promocoes-do-dia-dos-pais-para-garantir-direitos-dos-consumidores\/#primaryimage"},"thumbnailUrl":"https:\/\/noticiaempauta.com\/portal\/wp-content\/uploads\/2025\/08\/WhatsApp-Image-2025-08-06-at-11.03.55-1.jpeg","datePublished":"2025-08-06T14:47:31+00:00","dateModified":"2025-08-06T14:49:28+00:00","breadcrumb":{"@id":"https:\/\/noticiaempauta.com\/portal\/procon-de-picos-fiscaliza-promocoes-do-dia-dos-pais-para-garantir-direitos-dos-consumidores\/#breadcrumb"},"inLanguage":"pt-BR","potentialAction":[{"@type":"ReadAction","target":["https:\/\/noticiaempauta.com\/portal\/procon-de-picos-fiscaliza-promocoes-do-dia-dos-pais-para-garantir-direitos-dos-consumidores\/"]}]},{"@type":"ImageObject","inLanguage":"pt-BR","@id":"https:\/\/noticiaempauta.com\/portal\/procon-de-picos-fiscaliza-promocoes-do-dia-dos-pais-para-garantir-direitos-dos-consumidores\/#primaryimage","url":"https:\/\/noticiaempauta.com\/portal\/wp-content\/uploads\/2025\/08\/WhatsApp-Image-2025-08-06-at-11.03.55-1.jpeg","contentUrl":"https:\/\/noticiaempauta.com\/portal\/wp-content\/uploads\/2025\/08\/WhatsApp-Image-2025-08-06-at-11.03.55-1.jpeg","width":1600,"height":1044},{"@type":"BreadcrumbList","@id":"https:\/\/noticiaempauta.com\/portal\/procon-de-picos-fiscaliza-promocoes-do-dia-dos-pais-para-garantir-direitos-dos-consumidores\/#breadcrumb","itemListElement":[{"@type":"ListItem","position":1,"name":"P\u00e1gina Inicial","item":"https:\/\/noticiaempauta.com\/portal\/"},{"@type":"ListItem","position":2,"name":"Destaques","item":"https:\/\/noticiaempauta.com\/portal\/destaques-site\/"},{"@type":"ListItem","position":3,"name":"PROCON de Picos fiscaliza promo\u00e7\u00f5es do Dia dos Pais para garantir direitos dos consumidores"}]},{"@type":"WebSite","@id":"https:\/\/noticiaempauta.com\/portal\/#website","url":"https:\/\/noticiaempauta.com\/portal\/","name":"Portal Not\u00edcia em Pauta","description":"Voc\u00ea bem informado","publisher":{"@id":"https:\/\/noticiaempauta.com\/portal\/#organization"},"potentialAction":[{"@type":"SearchAction","target":{"@type":"EntryPoint","urlTemplate":"https:\/\/noticiaempauta.com\/portal\/?s={search_term_string}"},"query-input":{"@type":"PropertyValueSpecification","valueRequired":true,"valueName":"search_term_string"}}],"inLanguage":"pt-BR"},{"@type":"Organization","@id":"https:\/\/noticiaempauta.com\/portal\/#organization","name":"Portal Not\u00edcia em Pauta","url":"https:\/\/noticiaempauta.com\/portal\/","logo":{"@type":"ImageObject","inLanguage":"pt-BR","@id":"https:\/\/noticiaempauta.com\/portal\/#\/schema\/logo\/image\/","url":"https:\/\/noticiaempauta.com\/portal\/wp-content\/uploads\/2022\/08\/logomarca_tema.fw_.png","contentUrl":"https:\/\/noticiaempauta.com\/portal\/wp-content\/uploads\/2022\/08\/logomarca_tema.fw_.png","width":400,"height":232,"caption":"Portal Not\u00edcia em Pauta"},"image":{"@id":"https:\/\/noticiaempauta.com\/portal\/#\/schema\/logo\/image\/"},"sameAs":["https:\/\/www.facebook.com\/Portal-Notcia-Em-Pauta-102292869264820\/","https:\/\/www.instagram.com\/portalnoticiaempauta\/"]},{"@type":"Person","@id":"https:\/\/noticiaempauta.com\/portal\/#\/schema\/person\/a74af43dd1ab3deca45f988c717d57ac","name":"Reda\u00e7\u00e3o","image":{"@type":"ImageObject","inLanguage":"pt-BR","@id":"https:\/\/noticiaempauta.com\/portal\/#\/schema\/person\/image\/","url":"https:\/\/secure.gravatar.com\/avatar\/03179346ecce6cdfc13361603e8f54242a90e5cde8618fa23c5c00aa2b0aadf3?s=96&d=mm&r=g","contentUrl":"https:\/\/secure.gravatar.com\/avatar\/03179346ecce6cdfc13361603e8f54242a90e5cde8618fa23c5c00aa2b0aadf3?s=96&d=mm&r=g","caption":"Reda\u00e7\u00e3o"},"sameAs":["https:\/\/noticiaempauta.com\/portal\/"],"url":"https:\/\/noticiaempauta.com\/portal\/author\/fernando\/"}]}},"_links":{"self":[{"href":"https:\/\/noticiaempauta.com\/portal\/wp-json\/wp\/v2\/posts\/276347","targetHints":{"allow":["GET"]}}],"collection":[{"href":"https:\/\/noticiaempauta.com\/portal\/wp-json\/wp\/v2\/posts"}],"about":[{"href":"https:\/\/noticiaempauta.com\/portal\/wp-json\/wp\/v2\/types\/post"}],"author":[{"embeddable":true,"href":"https:\/\/noticiaempauta.com\/portal\/wp-json\/wp\/v2\/users\/2"}],"replies":[{"embeddable":true,"href":"https:\/\/noticiaempauta.com\/portal\/wp-json\/wp\/v2\/comments?post=276347"}],"version-history":[{"count":2,"href":"https:\/\/noticiaempauta.com\/portal\/wp-json\/wp\/v2\/posts\/276347\/revisions"}],"predecessor-version":[{"id":276351,"href":"https:\/\/noticiaempauta.com\/portal\/wp-json\/wp\/v2\/posts\/276347\/revisions\/276351"}],"wp:featuredmedia":[{"embeddable":true,"href":"https:\/\/noticiaempauta.com\/portal\/wp-json\/wp\/v2\/media\/276348"}],"wp:attachment":[{"href":"https:\/\/noticiaempauta.com\/portal\/wp-json\/wp\/v2\/media?parent=276347"}],"wp:term":[{"taxonomy":"category","embeddable":true,"href":"https:\/\/noticiaempauta.com\/portal\/wp-json\/wp\/v2\/categories?post=276347"},{"taxonomy":"post_tag","embeddable":true,"href":"https:\/\/noticiaempauta.com\/portal\/wp-json\/wp\/v2\/tags?post=276347"}],"curies":[{"name":"wp","href":"https:\/\/api.w.org\/{rel}","templated":true}]}}