{"id":276358,"date":"2025-08-07T09:17:39","date_gmt":"2025-08-07T12:17:39","guid":{"rendered":"https:\/\/noticiaempauta.com\/portal\/?p=276358"},"modified":"2025-08-07T09:17:39","modified_gmt":"2025-08-07T12:17:39","slug":"cpi-robert-rios-acusa-familia-de-dr-pessoa-e-diz-que-houve-roubo-generalizado","status":"publish","type":"post","link":"https:\/\/noticiaempauta.com\/portal\/cpi-robert-rios-acusa-familia-de-dr-pessoa-e-diz-que-houve-roubo-generalizado\/","title":{"rendered":"CPI: Robert Rios acusa fam\u00edlia de Dr Pessoa e diz que houve &#8220;roubo generalizado&#8221;"},"content":{"rendered":"\n<p>O ex-vice-prefeito de Teresina, Robert Rios, prestou depoimento nesta quarta-feira (6) \u00e0 Comiss\u00e3o Parlamentar de Inqu\u00e9rito (CPI) que apura o d\u00e9ficit bilion\u00e1rio nas contas da Prefeitura de Teresina. Durante a oitiva, Rios afirmou que a gest\u00e3o do ex-prefeito Dr. Pessoa foi marcada por um &#8220;esquema generalizado de corrup\u00e7\u00e3o&#8221;, com envolvimento direto de familiares do gestor.<\/p>\n\n\n\n<figure class=\"wp-block-image size-large\"><img fetchpriority=\"high\" decoding=\"async\" width=\"1024\" height=\"724\" src=\"https:\/\/noticiaempauta.com\/portal\/wp-content\/uploads\/2025\/08\/e245772a779527bdc4d2ffa25e8132f8-1024x724.jpg\" alt=\"\" class=\"wp-image-276359\" srcset=\"https:\/\/noticiaempauta.com\/portal\/wp-content\/uploads\/2025\/08\/e245772a779527bdc4d2ffa25e8132f8-1024x724.jpg 1024w, https:\/\/noticiaempauta.com\/portal\/wp-content\/uploads\/2025\/08\/e245772a779527bdc4d2ffa25e8132f8-300x212.jpg 300w, https:\/\/noticiaempauta.com\/portal\/wp-content\/uploads\/2025\/08\/e245772a779527bdc4d2ffa25e8132f8-768x543.jpg 768w, https:\/\/noticiaempauta.com\/portal\/wp-content\/uploads\/2025\/08\/e245772a779527bdc4d2ffa25e8132f8-1536x1086.jpg 1536w, https:\/\/noticiaempauta.com\/portal\/wp-content\/uploads\/2025\/08\/e245772a779527bdc4d2ffa25e8132f8.jpg 1600w\" sizes=\"(max-width: 1024px) 100vw, 1024px\" \/><figcaption class=\"wp-element-caption\"><em>Foto: Tarcio Cruz\/Cidadeverde.com<\/em><\/figcaption><\/figure>\n\n\n\n<p>O&nbsp;<strong>Cidadeverde.com<\/strong>&nbsp;entrou em contato com o advogado Jo\u00e3o Duarte Pessoa (o Pessoinha) atrav\u00e9s de mensagem de WhatsApp sobre as acusa\u00e7\u00f5es, mas at\u00e9 o momento n\u00e3o se manifestou. O espa\u00e7o segue aberto.&nbsp;<\/p>\n\n\n\n<blockquote class=\"wp-block-quote is-layout-flow wp-block-quote-is-layout-flow\">\n<p>\u201cAt\u00e9 o nome da CPI est\u00e1 equivocado. N\u00e3o tem nada de CPI do rombo, \u00e9 CPI do roubo. Houve roubo e muito roubo. N\u00e3o sou leviano e irrespons\u00e1vel de dizer isso. Tenho 40 anos de pol\u00edcia e nunca vi uma escala de roubo daquele jeito\u201d, afirmou o ex-vice-prefeito.<\/p>\n<\/blockquote>\n\n\n\n<p>Robert citou como exemplo a compra superfaturada de parte do terreno onde seria constru\u00eddo um hospital. Ele tamb\u00e9m apontou irregularidades na Funda\u00e7\u00e3o Municipal de Sa\u00fade (FMS), que, segundo ele, era controlada pela ent\u00e3o primeira-dama do munic\u00edpio. \u201cQuem comandava a prefeitura eram os familiares do prefeito\u201d, disse.<\/p>\n\n\n\n<p>Durante o depoimento, Rios afirmou que diversos cargos estrat\u00e9gicos foram ocupados por parentes do ex-prefeito, mencionando o filho do prefeito, Jo\u00e3o Duarte Pessoa al\u00e9m de sobrinhos, genros e outras pessoas ligadas diretamente \u00e0 gest\u00e3o.&nbsp;<\/p>\n\n\n\n<p>Robert tamb\u00e9m relatou um epis\u00f3dio em que listas de empresas a serem pagas pela Prefeitura seriam elaboradas e entregues diretamente ao setor financeiro por membros da fam\u00edlia do ex-prefeito. Segundo ele, a ent\u00e3o secret\u00e1ria Odimirtes Neves teria recebido orienta\u00e7\u00e3o direta de Dr. Pessoa para s\u00f3 realizar pagamentos ap\u00f3s autoriza\u00e7\u00e3o do filho do prefeito, Jo\u00e3o Pessoa, conhecido como \u201cPessoinha\u201d.<\/p>\n\n\n\n<p>\u201cQuando ele trouxer a lista, receba, mas n\u00e3o pegue nela. Coloque dentro de um envelope grande\u201d, teria dito o ex-prefeito, conforme o relato de Robert. Ele afirmou ter entregue as listas ao Minist\u00e9rio P\u00fablico, junto com outras den\u00fancias.<\/p>\n\n\n\n<p>A fala de Robert Rios marcou um dos momentos mais duros da CPI at\u00e9 agora, com acusa\u00e7\u00f5es diretas de corrup\u00e7\u00e3o sist\u00eamica dentro da gest\u00e3o municipal. A Comiss\u00e3o deve convocar novos depoentes nos pr\u00f3ximos dias.<\/p>\n\n\n\n<p>Fonte: Cidade Verde<\/p>\n","protected":false},"excerpt":{"rendered":"<p>O ex-vice-prefeito de Teresina, Robert Rios, prestou depoimento nesta quarta-feira (6) \u00e0 Comiss\u00e3o Parlamentar de Inqu\u00e9rito (CPI) que apura o d\u00e9ficit bilion\u00e1rio nas contas da Prefeitura de Teresina. Durante a oitiva, Rios afirmou que a gest\u00e3o do ex-prefeito Dr. Pessoa foi marcada por um &#8220;esquema generalizado de corrup\u00e7\u00e3o&#8221;, com envolvimento direto de familiares do gestor. [&hellip;]<\/p>\n","protected":false},"author":2,"featured_media":276359,"comment_status":"open","ping_status":"open","sticky":false,"template":"","format":"standard","meta":{"_mi_skip_tracking":false,"footnotes":""},"categories":[25,1,16],"tags":[],"class_list":["post-276358","post","type-post","status-publish","format-standard","has-post-thumbnail","hentry","category-destaques-site","category-geral","category-todas"],"acf":[],"yoast_head":"<!-- This site is optimized with the Yoast SEO Premium plugin v19.2 (Yoast SEO v26.9) - https:\/\/yoast.com\/product\/yoast-seo-premium-wordpress\/ -->\n<title>CPI: Robert Rios acusa fam\u00edlia de Dr Pessoa e diz que houve &quot;roubo generalizado&quot; - Portal Not\u00edcia em Pauta<\/title>\n<meta name=\"robots\" content=\"index, follow, max-snippet:-1, max-image-preview:large, max-video-preview:-1\" \/>\n<link rel=\"canonical\" href=\"https:\/\/noticiaempauta.com\/portal\/cpi-robert-rios-acusa-familia-de-dr-pessoa-e-diz-que-houve-roubo-generalizado\/\" \/>\n<meta property=\"og:locale\" content=\"pt_BR\" \/>\n<meta property=\"og:type\" content=\"article\" \/>\n<meta property=\"og:title\" content=\"CPI: Robert Rios acusa fam\u00edlia de Dr Pessoa e diz que houve &quot;roubo generalizado&quot;\" \/>\n<meta property=\"og:description\" content=\"O ex-vice-prefeito de Teresina, Robert Rios, prestou depoimento nesta quarta-feira (6) \u00e0 Comiss\u00e3o Parlamentar de Inqu\u00e9rito (CPI) que apura o d\u00e9ficit bilion\u00e1rio nas contas da Prefeitura de Teresina. Durante a oitiva, Rios afirmou que a gest\u00e3o do ex-prefeito Dr. Pessoa foi marcada por um &#8220;esquema generalizado de corrup\u00e7\u00e3o&#8221;, com envolvimento direto de familiares do gestor. [&hellip;]\" \/>\n<meta property=\"og:url\" content=\"https:\/\/noticiaempauta.com\/portal\/cpi-robert-rios-acusa-familia-de-dr-pessoa-e-diz-que-houve-roubo-generalizado\/\" \/>\n<meta property=\"og:site_name\" content=\"Portal Not\u00edcia em Pauta\" \/>\n<meta property=\"article:publisher\" content=\"https:\/\/www.facebook.com\/Portal-Notcia-Em-Pauta-102292869264820\/\" \/>\n<meta property=\"article:published_time\" content=\"2025-08-07T12:17:39+00:00\" \/>\n<meta property=\"og:image\" content=\"https:\/\/noticiaempauta.com\/portal\/wp-content\/uploads\/2025\/08\/e245772a779527bdc4d2ffa25e8132f8.jpg\" \/>\n\t<meta property=\"og:image:width\" content=\"1600\" \/>\n\t<meta property=\"og:image:height\" content=\"1131\" \/>\n\t<meta property=\"og:image:type\" content=\"image\/jpeg\" \/>\n<meta name=\"author\" content=\"Reda\u00e7\u00e3o\" \/>\n<meta name=\"twitter:card\" content=\"summary_large_image\" \/>\n<meta name=\"twitter:label1\" content=\"Escrito por\" \/>\n\t<meta name=\"twitter:data1\" content=\"Reda\u00e7\u00e3o\" \/>\n\t<meta name=\"twitter:label2\" content=\"Est. tempo de leitura\" \/>\n\t<meta name=\"twitter:data2\" content=\"3 minutos\" \/>\n<script type=\"application\/ld+json\" class=\"yoast-schema-graph\">{\"@context\":\"https:\/\/schema.org\",\"@graph\":[{\"@type\":\"Article\",\"@id\":\"https:\/\/noticiaempauta.com\/portal\/cpi-robert-rios-acusa-familia-de-dr-pessoa-e-diz-que-houve-roubo-generalizado\/#article\",\"isPartOf\":{\"@id\":\"https:\/\/noticiaempauta.com\/portal\/cpi-robert-rios-acusa-familia-de-dr-pessoa-e-diz-que-houve-roubo-generalizado\/\"},\"author\":{\"name\":\"Reda\u00e7\u00e3o\",\"@id\":\"https:\/\/noticiaempauta.com\/portal\/#\/schema\/person\/a74af43dd1ab3deca45f988c717d57ac\"},\"headline\":\"CPI: Robert Rios acusa fam\u00edlia de Dr Pessoa e diz que houve &#8220;roubo generalizado&#8221;\",\"datePublished\":\"2025-08-07T12:17:39+00:00\",\"mainEntityOfPage\":{\"@id\":\"https:\/\/noticiaempauta.com\/portal\/cpi-robert-rios-acusa-familia-de-dr-pessoa-e-diz-que-houve-roubo-generalizado\/\"},\"wordCount\":412,\"commentCount\":0,\"publisher\":{\"@id\":\"https:\/\/noticiaempauta.com\/portal\/#organization\"},\"image\":{\"@id\":\"https:\/\/noticiaempauta.com\/portal\/cpi-robert-rios-acusa-familia-de-dr-pessoa-e-diz-que-houve-roubo-generalizado\/#primaryimage\"},\"thumbnailUrl\":\"https:\/\/noticiaempauta.com\/portal\/wp-content\/uploads\/2025\/08\/e245772a779527bdc4d2ffa25e8132f8.jpg\",\"articleSection\":[\"Destaques\",\"Geral\",\"Todas as Not\u00edcias\"],\"inLanguage\":\"pt-BR\",\"potentialAction\":[{\"@type\":\"CommentAction\",\"name\":\"Comment\",\"target\":[\"https:\/\/noticiaempauta.com\/portal\/cpi-robert-rios-acusa-familia-de-dr-pessoa-e-diz-que-houve-roubo-generalizado\/#respond\"]}]},{\"@type\":\"WebPage\",\"@id\":\"https:\/\/noticiaempauta.com\/portal\/cpi-robert-rios-acusa-familia-de-dr-pessoa-e-diz-que-houve-roubo-generalizado\/\",\"url\":\"https:\/\/noticiaempauta.com\/portal\/cpi-robert-rios-acusa-familia-de-dr-pessoa-e-diz-que-houve-roubo-generalizado\/\",\"name\":\"CPI: Robert Rios acusa fam\u00edlia de Dr Pessoa e diz que houve \\\"roubo generalizado\\\" - Portal Not\u00edcia em Pauta\",\"isPartOf\":{\"@id\":\"https:\/\/noticiaempauta.com\/portal\/#website\"},\"primaryImageOfPage\":{\"@id\":\"https:\/\/noticiaempauta.com\/portal\/cpi-robert-rios-acusa-familia-de-dr-pessoa-e-diz-que-houve-roubo-generalizado\/#primaryimage\"},\"image\":{\"@id\":\"https:\/\/noticiaempauta.com\/portal\/cpi-robert-rios-acusa-familia-de-dr-pessoa-e-diz-que-houve-roubo-generalizado\/#primaryimage\"},\"thumbnailUrl\":\"https:\/\/noticiaempauta.com\/portal\/wp-content\/uploads\/2025\/08\/e245772a779527bdc4d2ffa25e8132f8.jpg\",\"datePublished\":\"2025-08-07T12:17:39+00:00\",\"breadcrumb\":{\"@id\":\"https:\/\/noticiaempauta.com\/portal\/cpi-robert-rios-acusa-familia-de-dr-pessoa-e-diz-que-houve-roubo-generalizado\/#breadcrumb\"},\"inLanguage\":\"pt-BR\",\"potentialAction\":[{\"@type\":\"ReadAction\",\"target\":[\"https:\/\/noticiaempauta.com\/portal\/cpi-robert-rios-acusa-familia-de-dr-pessoa-e-diz-que-houve-roubo-generalizado\/\"]}]},{\"@type\":\"ImageObject\",\"inLanguage\":\"pt-BR\",\"@id\":\"https:\/\/noticiaempauta.com\/portal\/cpi-robert-rios-acusa-familia-de-dr-pessoa-e-diz-que-houve-roubo-generalizado\/#primaryimage\",\"url\":\"https:\/\/noticiaempauta.com\/portal\/wp-content\/uploads\/2025\/08\/e245772a779527bdc4d2ffa25e8132f8.jpg\",\"contentUrl\":\"https:\/\/noticiaempauta.com\/portal\/wp-content\/uploads\/2025\/08\/e245772a779527bdc4d2ffa25e8132f8.jpg\",\"width\":1600,\"height\":1131},{\"@type\":\"BreadcrumbList\",\"@id\":\"https:\/\/noticiaempauta.com\/portal\/cpi-robert-rios-acusa-familia-de-dr-pessoa-e-diz-que-houve-roubo-generalizado\/#breadcrumb\",\"itemListElement\":[{\"@type\":\"ListItem\",\"position\":1,\"name\":\"P\u00e1gina Inicial\",\"item\":\"https:\/\/noticiaempauta.com\/portal\/\"},{\"@type\":\"ListItem\",\"position\":2,\"name\":\"Destaques\",\"item\":\"https:\/\/noticiaempauta.com\/portal\/destaques-site\/\"},{\"@type\":\"ListItem\",\"position\":3,\"name\":\"CPI: Robert Rios acusa fam\u00edlia de Dr Pessoa e diz que houve &#8220;roubo generalizado&#8221;\"}]},{\"@type\":\"WebSite\",\"@id\":\"https:\/\/noticiaempauta.com\/portal\/#website\",\"url\":\"https:\/\/noticiaempauta.com\/portal\/\",\"name\":\"Portal Not\u00edcia em Pauta\",\"description\":\"Voc\u00ea bem informado\",\"publisher\":{\"@id\":\"https:\/\/noticiaempauta.com\/portal\/#organization\"},\"potentialAction\":[{\"@type\":\"SearchAction\",\"target\":{\"@type\":\"EntryPoint\",\"urlTemplate\":\"https:\/\/noticiaempauta.com\/portal\/?s={search_term_string}\"},\"query-input\":{\"@type\":\"PropertyValueSpecification\",\"valueRequired\":true,\"valueName\":\"search_term_string\"}}],\"inLanguage\":\"pt-BR\"},{\"@type\":\"Organization\",\"@id\":\"https:\/\/noticiaempauta.com\/portal\/#organization\",\"name\":\"Portal Not\u00edcia em Pauta\",\"url\":\"https:\/\/noticiaempauta.com\/portal\/\",\"logo\":{\"@type\":\"ImageObject\",\"inLanguage\":\"pt-BR\",\"@id\":\"https:\/\/noticiaempauta.com\/portal\/#\/schema\/logo\/image\/\",\"url\":\"https:\/\/noticiaempauta.com\/portal\/wp-content\/uploads\/2022\/08\/logomarca_tema.fw_.png\",\"contentUrl\":\"https:\/\/noticiaempauta.com\/portal\/wp-content\/uploads\/2022\/08\/logomarca_tema.fw_.png\",\"width\":400,\"height\":232,\"caption\":\"Portal Not\u00edcia em Pauta\"},\"image\":{\"@id\":\"https:\/\/noticiaempauta.com\/portal\/#\/schema\/logo\/image\/\"},\"sameAs\":[\"https:\/\/www.facebook.com\/Portal-Notcia-Em-Pauta-102292869264820\/\",\"https:\/\/www.instagram.com\/portalnoticiaempauta\/\"]},{\"@type\":\"Person\",\"@id\":\"https:\/\/noticiaempauta.com\/portal\/#\/schema\/person\/a74af43dd1ab3deca45f988c717d57ac\",\"name\":\"Reda\u00e7\u00e3o\",\"image\":{\"@type\":\"ImageObject\",\"inLanguage\":\"pt-BR\",\"@id\":\"https:\/\/noticiaempauta.com\/portal\/#\/schema\/person\/image\/\",\"url\":\"https:\/\/secure.gravatar.com\/avatar\/03179346ecce6cdfc13361603e8f54242a90e5cde8618fa23c5c00aa2b0aadf3?s=96&d=mm&r=g\",\"contentUrl\":\"https:\/\/secure.gravatar.com\/avatar\/03179346ecce6cdfc13361603e8f54242a90e5cde8618fa23c5c00aa2b0aadf3?s=96&d=mm&r=g\",\"caption\":\"Reda\u00e7\u00e3o\"},\"sameAs\":[\"https:\/\/noticiaempauta.com\/portal\/\"],\"url\":\"https:\/\/noticiaempauta.com\/portal\/author\/fernando\/\"}]}<\/script>\n<!-- \/ Yoast SEO Premium plugin. -->","yoast_head_json":{"title":"CPI: Robert Rios acusa fam\u00edlia de Dr Pessoa e diz que houve \"roubo generalizado\" - Portal Not\u00edcia em Pauta","robots":{"index":"index","follow":"follow","max-snippet":"max-snippet:-1","max-image-preview":"max-image-preview:large","max-video-preview":"max-video-preview:-1"},"canonical":"https:\/\/noticiaempauta.com\/portal\/cpi-robert-rios-acusa-familia-de-dr-pessoa-e-diz-que-houve-roubo-generalizado\/","og_locale":"pt_BR","og_type":"article","og_title":"CPI: Robert Rios acusa fam\u00edlia de Dr Pessoa e diz que houve \"roubo generalizado\"","og_description":"O ex-vice-prefeito de Teresina, Robert Rios, prestou depoimento nesta quarta-feira (6) \u00e0 Comiss\u00e3o Parlamentar de Inqu\u00e9rito (CPI) que apura o d\u00e9ficit bilion\u00e1rio nas contas da Prefeitura de Teresina. Durante a oitiva, Rios afirmou que a gest\u00e3o do ex-prefeito Dr. Pessoa foi marcada por um &#8220;esquema generalizado de corrup\u00e7\u00e3o&#8221;, com envolvimento direto de familiares do gestor. [&hellip;]","og_url":"https:\/\/noticiaempauta.com\/portal\/cpi-robert-rios-acusa-familia-de-dr-pessoa-e-diz-que-houve-roubo-generalizado\/","og_site_name":"Portal Not\u00edcia em Pauta","article_publisher":"https:\/\/www.facebook.com\/Portal-Notcia-Em-Pauta-102292869264820\/","article_published_time":"2025-08-07T12:17:39+00:00","og_image":[{"width":1600,"height":1131,"url":"https:\/\/noticiaempauta.com\/portal\/wp-content\/uploads\/2025\/08\/e245772a779527bdc4d2ffa25e8132f8.jpg","type":"image\/jpeg"}],"author":"Reda\u00e7\u00e3o","twitter_card":"summary_large_image","twitter_misc":{"Escrito por":"Reda\u00e7\u00e3o","Est. tempo de leitura":"3 minutos"},"schema":{"@context":"https:\/\/schema.org","@graph":[{"@type":"Article","@id":"https:\/\/noticiaempauta.com\/portal\/cpi-robert-rios-acusa-familia-de-dr-pessoa-e-diz-que-houve-roubo-generalizado\/#article","isPartOf":{"@id":"https:\/\/noticiaempauta.com\/portal\/cpi-robert-rios-acusa-familia-de-dr-pessoa-e-diz-que-houve-roubo-generalizado\/"},"author":{"name":"Reda\u00e7\u00e3o","@id":"https:\/\/noticiaempauta.com\/portal\/#\/schema\/person\/a74af43dd1ab3deca45f988c717d57ac"},"headline":"CPI: Robert Rios acusa fam\u00edlia de Dr Pessoa e diz que houve &#8220;roubo generalizado&#8221;","datePublished":"2025-08-07T12:17:39+00:00","mainEntityOfPage":{"@id":"https:\/\/noticiaempauta.com\/portal\/cpi-robert-rios-acusa-familia-de-dr-pessoa-e-diz-que-houve-roubo-generalizado\/"},"wordCount":412,"commentCount":0,"publisher":{"@id":"https:\/\/noticiaempauta.com\/portal\/#organization"},"image":{"@id":"https:\/\/noticiaempauta.com\/portal\/cpi-robert-rios-acusa-familia-de-dr-pessoa-e-diz-que-houve-roubo-generalizado\/#primaryimage"},"thumbnailUrl":"https:\/\/noticiaempauta.com\/portal\/wp-content\/uploads\/2025\/08\/e245772a779527bdc4d2ffa25e8132f8.jpg","articleSection":["Destaques","Geral","Todas as Not\u00edcias"],"inLanguage":"pt-BR","potentialAction":[{"@type":"CommentAction","name":"Comment","target":["https:\/\/noticiaempauta.com\/portal\/cpi-robert-rios-acusa-familia-de-dr-pessoa-e-diz-que-houve-roubo-generalizado\/#respond"]}]},{"@type":"WebPage","@id":"https:\/\/noticiaempauta.com\/portal\/cpi-robert-rios-acusa-familia-de-dr-pessoa-e-diz-que-houve-roubo-generalizado\/","url":"https:\/\/noticiaempauta.com\/portal\/cpi-robert-rios-acusa-familia-de-dr-pessoa-e-diz-que-houve-roubo-generalizado\/","name":"CPI: Robert Rios acusa fam\u00edlia de Dr Pessoa e diz que houve \"roubo generalizado\" - Portal Not\u00edcia em Pauta","isPartOf":{"@id":"https:\/\/noticiaempauta.com\/portal\/#website"},"primaryImageOfPage":{"@id":"https:\/\/noticiaempauta.com\/portal\/cpi-robert-rios-acusa-familia-de-dr-pessoa-e-diz-que-houve-roubo-generalizado\/#primaryimage"},"image":{"@id":"https:\/\/noticiaempauta.com\/portal\/cpi-robert-rios-acusa-familia-de-dr-pessoa-e-diz-que-houve-roubo-generalizado\/#primaryimage"},"thumbnailUrl":"https:\/\/noticiaempauta.com\/portal\/wp-content\/uploads\/2025\/08\/e245772a779527bdc4d2ffa25e8132f8.jpg","datePublished":"2025-08-07T12:17:39+00:00","breadcrumb":{"@id":"https:\/\/noticiaempauta.com\/portal\/cpi-robert-rios-acusa-familia-de-dr-pessoa-e-diz-que-houve-roubo-generalizado\/#breadcrumb"},"inLanguage":"pt-BR","potentialAction":[{"@type":"ReadAction","target":["https:\/\/noticiaempauta.com\/portal\/cpi-robert-rios-acusa-familia-de-dr-pessoa-e-diz-que-houve-roubo-generalizado\/"]}]},{"@type":"ImageObject","inLanguage":"pt-BR","@id":"https:\/\/noticiaempauta.com\/portal\/cpi-robert-rios-acusa-familia-de-dr-pessoa-e-diz-que-houve-roubo-generalizado\/#primaryimage","url":"https:\/\/noticiaempauta.com\/portal\/wp-content\/uploads\/2025\/08\/e245772a779527bdc4d2ffa25e8132f8.jpg","contentUrl":"https:\/\/noticiaempauta.com\/portal\/wp-content\/uploads\/2025\/08\/e245772a779527bdc4d2ffa25e8132f8.jpg","width":1600,"height":1131},{"@type":"BreadcrumbList","@id":"https:\/\/noticiaempauta.com\/portal\/cpi-robert-rios-acusa-familia-de-dr-pessoa-e-diz-que-houve-roubo-generalizado\/#breadcrumb","itemListElement":[{"@type":"ListItem","position":1,"name":"P\u00e1gina Inicial","item":"https:\/\/noticiaempauta.com\/portal\/"},{"@type":"ListItem","position":2,"name":"Destaques","item":"https:\/\/noticiaempauta.com\/portal\/destaques-site\/"},{"@type":"ListItem","position":3,"name":"CPI: Robert Rios acusa fam\u00edlia de Dr Pessoa e diz que houve &#8220;roubo generalizado&#8221;"}]},{"@type":"WebSite","@id":"https:\/\/noticiaempauta.com\/portal\/#website","url":"https:\/\/noticiaempauta.com\/portal\/","name":"Portal Not\u00edcia em Pauta","description":"Voc\u00ea bem informado","publisher":{"@id":"https:\/\/noticiaempauta.com\/portal\/#organization"},"potentialAction":[{"@type":"SearchAction","target":{"@type":"EntryPoint","urlTemplate":"https:\/\/noticiaempauta.com\/portal\/?s={search_term_string}"},"query-input":{"@type":"PropertyValueSpecification","valueRequired":true,"valueName":"search_term_string"}}],"inLanguage":"pt-BR"},{"@type":"Organization","@id":"https:\/\/noticiaempauta.com\/portal\/#organization","name":"Portal Not\u00edcia em Pauta","url":"https:\/\/noticiaempauta.com\/portal\/","logo":{"@type":"ImageObject","inLanguage":"pt-BR","@id":"https:\/\/noticiaempauta.com\/portal\/#\/schema\/logo\/image\/","url":"https:\/\/noticiaempauta.com\/portal\/wp-content\/uploads\/2022\/08\/logomarca_tema.fw_.png","contentUrl":"https:\/\/noticiaempauta.com\/portal\/wp-content\/uploads\/2022\/08\/logomarca_tema.fw_.png","width":400,"height":232,"caption":"Portal Not\u00edcia em Pauta"},"image":{"@id":"https:\/\/noticiaempauta.com\/portal\/#\/schema\/logo\/image\/"},"sameAs":["https:\/\/www.facebook.com\/Portal-Notcia-Em-Pauta-102292869264820\/","https:\/\/www.instagram.com\/portalnoticiaempauta\/"]},{"@type":"Person","@id":"https:\/\/noticiaempauta.com\/portal\/#\/schema\/person\/a74af43dd1ab3deca45f988c717d57ac","name":"Reda\u00e7\u00e3o","image":{"@type":"ImageObject","inLanguage":"pt-BR","@id":"https:\/\/noticiaempauta.com\/portal\/#\/schema\/person\/image\/","url":"https:\/\/secure.gravatar.com\/avatar\/03179346ecce6cdfc13361603e8f54242a90e5cde8618fa23c5c00aa2b0aadf3?s=96&d=mm&r=g","contentUrl":"https:\/\/secure.gravatar.com\/avatar\/03179346ecce6cdfc13361603e8f54242a90e5cde8618fa23c5c00aa2b0aadf3?s=96&d=mm&r=g","caption":"Reda\u00e7\u00e3o"},"sameAs":["https:\/\/noticiaempauta.com\/portal\/"],"url":"https:\/\/noticiaempauta.com\/portal\/author\/fernando\/"}]}},"_links":{"self":[{"href":"https:\/\/noticiaempauta.com\/portal\/wp-json\/wp\/v2\/posts\/276358","targetHints":{"allow":["GET"]}}],"collection":[{"href":"https:\/\/noticiaempauta.com\/portal\/wp-json\/wp\/v2\/posts"}],"about":[{"href":"https:\/\/noticiaempauta.com\/portal\/wp-json\/wp\/v2\/types\/post"}],"author":[{"embeddable":true,"href":"https:\/\/noticiaempauta.com\/portal\/wp-json\/wp\/v2\/users\/2"}],"replies":[{"embeddable":true,"href":"https:\/\/noticiaempauta.com\/portal\/wp-json\/wp\/v2\/comments?post=276358"}],"version-history":[{"count":2,"href":"https:\/\/noticiaempauta.com\/portal\/wp-json\/wp\/v2\/posts\/276358\/revisions"}],"predecessor-version":[{"id":276361,"href":"https:\/\/noticiaempauta.com\/portal\/wp-json\/wp\/v2\/posts\/276358\/revisions\/276361"}],"wp:featuredmedia":[{"embeddable":true,"href":"https:\/\/noticiaempauta.com\/portal\/wp-json\/wp\/v2\/media\/276359"}],"wp:attachment":[{"href":"https:\/\/noticiaempauta.com\/portal\/wp-json\/wp\/v2\/media?parent=276358"}],"wp:term":[{"taxonomy":"category","embeddable":true,"href":"https:\/\/noticiaempauta.com\/portal\/wp-json\/wp\/v2\/categories?post=276358"},{"taxonomy":"post_tag","embeddable":true,"href":"https:\/\/noticiaempauta.com\/portal\/wp-json\/wp\/v2\/tags?post=276358"}],"curies":[{"name":"wp","href":"https:\/\/api.w.org\/{rel}","templated":true}]}}