{"id":276369,"date":"2025-08-07T10:15:15","date_gmt":"2025-08-07T13:15:15","guid":{"rendered":"https:\/\/noticiaempauta.com\/portal\/?p=276369"},"modified":"2025-08-07T10:15:16","modified_gmt":"2025-08-07T13:15:16","slug":"justica-cassa-vereadores-do-psd-em-caxingo-por-candidaturas-laranjas","status":"publish","type":"post","link":"https:\/\/noticiaempauta.com\/portal\/justica-cassa-vereadores-do-psd-em-caxingo-por-candidaturas-laranjas\/","title":{"rendered":"Justi\u00e7a cassa vereadores do PSD em Caxing\u00f3 por candidaturas &#8220;laranjas&#8221;"},"content":{"rendered":"\n<p>O juiz Arilton Rosal, da 33\u00aa Zona Eleitoral de Buriti dos Lopes, cassou os mandatos dos vereadores Geovane Calafate (PSD), Luiz Carlos (PSD) e Arabela Machado (PSD) por fraude \u00e0 cota de g\u00eanero nas elei\u00e7\u00f5es de 2024 no munic\u00edpio de Caxing\u00f3. Como se trata de uma decis\u00e3o em primeira inst\u00e2ncia, os parlamentares ainda podem recorrer ao Tribunal Regional Eleitoral do Piau\u00ed (TRE-PI) sem a perda imediata dos mandatos.<\/p>\n\n\n\n<figure class=\"wp-block-image size-full\"><img fetchpriority=\"high\" decoding=\"async\" width=\"701\" height=\"557\" src=\"https:\/\/noticiaempauta.com\/portal\/wp-content\/uploads\/2025\/08\/camara-municipal-de-caxingi-pi.jpg\" alt=\"\" class=\"wp-image-276370\" srcset=\"https:\/\/noticiaempauta.com\/portal\/wp-content\/uploads\/2025\/08\/camara-municipal-de-caxingi-pi.jpg 701w, https:\/\/noticiaempauta.com\/portal\/wp-content\/uploads\/2025\/08\/camara-municipal-de-caxingi-pi-300x238.jpg 300w\" sizes=\"(max-width: 701px) 100vw, 701px\" \/><figcaption class=\"wp-element-caption\"><em>(Foto: Reprodu\u00e7\u00e3o)<\/em><\/figcaption><\/figure>\n\n\n\n<p>Na senten\u00e7a, o magistrado considerou que o partido dos vereadores utilizou candidatas laranjas apenas para cumprir o percentual m\u00ednimo de 30% de candidaturas femininas exigido por lei. As investiga\u00e7\u00f5es apontaram que Cybele Rodrigues de Carvalho, posteriormente substitu\u00edda por C\u00e2ndida dos Santos Franco, n\u00e3o realizou atos de campanha, como propaganda, movimenta\u00e7\u00e3o financeira ou participa\u00e7\u00e3o em eventos p\u00fablicos.<\/p>\n\n\n\n<blockquote class=\"wp-block-quote is-layout-flow wp-block-quote-is-layout-flow\">\n<p><em>\u201cA substitui\u00e7\u00e3o, embora formalmente v\u00e1lida, foi o mecanismo usado para esconder a burla\u201d, diz o parecer do Minist\u00e9rio P\u00fablico Eleitoral (MPE) anexado ao processo.<\/em><\/p>\n<\/blockquote>\n\n\n\n<p>Na decis\u00e3o, o juiz concluiu que \u201chouve simula\u00e7\u00e3o de candidatura\u201d que comprometeu o Demonstrativo de Regularidade dos Atos Partid\u00e1rios (DRAP) da coliga\u00e7\u00e3o investigada. \u201cO que atrai a incid\u00eancia da penalidade de cassa\u00e7\u00e3o do registro ou diploma de todos os candidatos proporcionais benefici\u00e1rios da fraude\u201d, enfatizou o magistrado.<\/p>\n\n\n\n<p>Al\u00e9m da cassa\u00e7\u00e3o dos parlamentares, a decis\u00e3o declarou Cybele e C\u00e2ndida ineleg\u00edveis por um per\u00edodo de oito anos, a contar de 2024.<\/p>\n\n\n\n<p>Fonte: Cidade Verde<\/p>\n","protected":false},"excerpt":{"rendered":"<p>O juiz Arilton Rosal, da 33\u00aa Zona Eleitoral de Buriti dos Lopes, cassou os mandatos dos vereadores Geovane Calafate (PSD), Luiz Carlos (PSD) e Arabela Machado (PSD) por fraude \u00e0 cota de g\u00eanero nas elei\u00e7\u00f5es de 2024 no munic\u00edpio de Caxing\u00f3. Como se trata de uma decis\u00e3o em primeira inst\u00e2ncia, os parlamentares ainda podem recorrer [&hellip;]<\/p>\n","protected":false},"author":2,"featured_media":276370,"comment_status":"open","ping_status":"open","sticky":false,"template":"","format":"standard","meta":{"_mi_skip_tracking":false,"footnotes":""},"categories":[25,1,9,3,16],"tags":[192],"class_list":["post-276369","post","type-post","status-publish","format-standard","has-post-thumbnail","hentry","category-destaques-site","category-geral","category-municipios","category-politica","category-todas","tag-destaqueprincipal"],"acf":[],"yoast_head":"<!-- This site is optimized with the Yoast SEO Premium plugin v19.2 (Yoast SEO v26.9) - https:\/\/yoast.com\/product\/yoast-seo-premium-wordpress\/ -->\n<title>Justi\u00e7a cassa vereadores do PSD em Caxing\u00f3 por candidaturas &quot;laranjas&quot; - Portal Not\u00edcia em Pauta<\/title>\n<meta name=\"robots\" content=\"index, follow, max-snippet:-1, max-image-preview:large, max-video-preview:-1\" \/>\n<link rel=\"canonical\" href=\"https:\/\/noticiaempauta.com\/portal\/justica-cassa-vereadores-do-psd-em-caxingo-por-candidaturas-laranjas\/\" \/>\n<meta property=\"og:locale\" content=\"pt_BR\" \/>\n<meta property=\"og:type\" content=\"article\" \/>\n<meta property=\"og:title\" content=\"Justi\u00e7a cassa vereadores do PSD em Caxing\u00f3 por candidaturas &quot;laranjas&quot;\" \/>\n<meta property=\"og:description\" content=\"O juiz Arilton Rosal, da 33\u00aa Zona Eleitoral de Buriti dos Lopes, cassou os mandatos dos vereadores Geovane Calafate (PSD), Luiz Carlos (PSD) e Arabela Machado (PSD) por fraude \u00e0 cota de g\u00eanero nas elei\u00e7\u00f5es de 2024 no munic\u00edpio de Caxing\u00f3. Como se trata de uma decis\u00e3o em primeira inst\u00e2ncia, os parlamentares ainda podem recorrer [&hellip;]\" \/>\n<meta property=\"og:url\" content=\"https:\/\/noticiaempauta.com\/portal\/justica-cassa-vereadores-do-psd-em-caxingo-por-candidaturas-laranjas\/\" \/>\n<meta property=\"og:site_name\" content=\"Portal Not\u00edcia em Pauta\" \/>\n<meta property=\"article:publisher\" content=\"https:\/\/www.facebook.com\/Portal-Notcia-Em-Pauta-102292869264820\/\" \/>\n<meta property=\"article:published_time\" content=\"2025-08-07T13:15:15+00:00\" \/>\n<meta property=\"article:modified_time\" content=\"2025-08-07T13:15:16+00:00\" \/>\n<meta property=\"og:image\" content=\"https:\/\/noticiaempauta.com\/portal\/wp-content\/uploads\/2025\/08\/camara-municipal-de-caxingi-pi.jpg\" \/>\n\t<meta property=\"og:image:width\" content=\"701\" \/>\n\t<meta property=\"og:image:height\" content=\"557\" \/>\n\t<meta property=\"og:image:type\" content=\"image\/jpeg\" \/>\n<meta name=\"author\" content=\"Reda\u00e7\u00e3o\" \/>\n<meta name=\"twitter:card\" content=\"summary_large_image\" \/>\n<meta name=\"twitter:label1\" content=\"Escrito por\" \/>\n\t<meta name=\"twitter:data1\" content=\"Reda\u00e7\u00e3o\" \/>\n\t<meta name=\"twitter:label2\" content=\"Est. tempo de leitura\" \/>\n\t<meta name=\"twitter:data2\" content=\"2 minutos\" \/>\n<script type=\"application\/ld+json\" class=\"yoast-schema-graph\">{\"@context\":\"https:\/\/schema.org\",\"@graph\":[{\"@type\":\"Article\",\"@id\":\"https:\/\/noticiaempauta.com\/portal\/justica-cassa-vereadores-do-psd-em-caxingo-por-candidaturas-laranjas\/#article\",\"isPartOf\":{\"@id\":\"https:\/\/noticiaempauta.com\/portal\/justica-cassa-vereadores-do-psd-em-caxingo-por-candidaturas-laranjas\/\"},\"author\":{\"name\":\"Reda\u00e7\u00e3o\",\"@id\":\"https:\/\/noticiaempauta.com\/portal\/#\/schema\/person\/a74af43dd1ab3deca45f988c717d57ac\"},\"headline\":\"Justi\u00e7a cassa vereadores do PSD em Caxing\u00f3 por candidaturas &#8220;laranjas&#8221;\",\"datePublished\":\"2025-08-07T13:15:15+00:00\",\"dateModified\":\"2025-08-07T13:15:16+00:00\",\"mainEntityOfPage\":{\"@id\":\"https:\/\/noticiaempauta.com\/portal\/justica-cassa-vereadores-do-psd-em-caxingo-por-candidaturas-laranjas\/\"},\"wordCount\":260,\"commentCount\":0,\"publisher\":{\"@id\":\"https:\/\/noticiaempauta.com\/portal\/#organization\"},\"image\":{\"@id\":\"https:\/\/noticiaempauta.com\/portal\/justica-cassa-vereadores-do-psd-em-caxingo-por-candidaturas-laranjas\/#primaryimage\"},\"thumbnailUrl\":\"https:\/\/noticiaempauta.com\/portal\/wp-content\/uploads\/2025\/08\/camara-municipal-de-caxingi-pi.jpg\",\"keywords\":[\"destaqueprincipal\"],\"articleSection\":[\"Destaques\",\"Geral\",\"Munic\u00edpios\",\"Pol\u00edtica\",\"Todas as Not\u00edcias\"],\"inLanguage\":\"pt-BR\",\"potentialAction\":[{\"@type\":\"CommentAction\",\"name\":\"Comment\",\"target\":[\"https:\/\/noticiaempauta.com\/portal\/justica-cassa-vereadores-do-psd-em-caxingo-por-candidaturas-laranjas\/#respond\"]}]},{\"@type\":\"WebPage\",\"@id\":\"https:\/\/noticiaempauta.com\/portal\/justica-cassa-vereadores-do-psd-em-caxingo-por-candidaturas-laranjas\/\",\"url\":\"https:\/\/noticiaempauta.com\/portal\/justica-cassa-vereadores-do-psd-em-caxingo-por-candidaturas-laranjas\/\",\"name\":\"Justi\u00e7a cassa vereadores do PSD em Caxing\u00f3 por candidaturas \\\"laranjas\\\" - Portal Not\u00edcia em Pauta\",\"isPartOf\":{\"@id\":\"https:\/\/noticiaempauta.com\/portal\/#website\"},\"primaryImageOfPage\":{\"@id\":\"https:\/\/noticiaempauta.com\/portal\/justica-cassa-vereadores-do-psd-em-caxingo-por-candidaturas-laranjas\/#primaryimage\"},\"image\":{\"@id\":\"https:\/\/noticiaempauta.com\/portal\/justica-cassa-vereadores-do-psd-em-caxingo-por-candidaturas-laranjas\/#primaryimage\"},\"thumbnailUrl\":\"https:\/\/noticiaempauta.com\/portal\/wp-content\/uploads\/2025\/08\/camara-municipal-de-caxingi-pi.jpg\",\"datePublished\":\"2025-08-07T13:15:15+00:00\",\"dateModified\":\"2025-08-07T13:15:16+00:00\",\"breadcrumb\":{\"@id\":\"https:\/\/noticiaempauta.com\/portal\/justica-cassa-vereadores-do-psd-em-caxingo-por-candidaturas-laranjas\/#breadcrumb\"},\"inLanguage\":\"pt-BR\",\"potentialAction\":[{\"@type\":\"ReadAction\",\"target\":[\"https:\/\/noticiaempauta.com\/portal\/justica-cassa-vereadores-do-psd-em-caxingo-por-candidaturas-laranjas\/\"]}]},{\"@type\":\"ImageObject\",\"inLanguage\":\"pt-BR\",\"@id\":\"https:\/\/noticiaempauta.com\/portal\/justica-cassa-vereadores-do-psd-em-caxingo-por-candidaturas-laranjas\/#primaryimage\",\"url\":\"https:\/\/noticiaempauta.com\/portal\/wp-content\/uploads\/2025\/08\/camara-municipal-de-caxingi-pi.jpg\",\"contentUrl\":\"https:\/\/noticiaempauta.com\/portal\/wp-content\/uploads\/2025\/08\/camara-municipal-de-caxingi-pi.jpg\",\"width\":701,\"height\":557},{\"@type\":\"BreadcrumbList\",\"@id\":\"https:\/\/noticiaempauta.com\/portal\/justica-cassa-vereadores-do-psd-em-caxingo-por-candidaturas-laranjas\/#breadcrumb\",\"itemListElement\":[{\"@type\":\"ListItem\",\"position\":1,\"name\":\"P\u00e1gina Inicial\",\"item\":\"https:\/\/noticiaempauta.com\/portal\/\"},{\"@type\":\"ListItem\",\"position\":2,\"name\":\"Destaques\",\"item\":\"https:\/\/noticiaempauta.com\/portal\/destaques-site\/\"},{\"@type\":\"ListItem\",\"position\":3,\"name\":\"Justi\u00e7a cassa vereadores do PSD em Caxing\u00f3 por candidaturas &#8220;laranjas&#8221;\"}]},{\"@type\":\"WebSite\",\"@id\":\"https:\/\/noticiaempauta.com\/portal\/#website\",\"url\":\"https:\/\/noticiaempauta.com\/portal\/\",\"name\":\"Portal Not\u00edcia em Pauta\",\"description\":\"Voc\u00ea bem informado\",\"publisher\":{\"@id\":\"https:\/\/noticiaempauta.com\/portal\/#organization\"},\"potentialAction\":[{\"@type\":\"SearchAction\",\"target\":{\"@type\":\"EntryPoint\",\"urlTemplate\":\"https:\/\/noticiaempauta.com\/portal\/?s={search_term_string}\"},\"query-input\":{\"@type\":\"PropertyValueSpecification\",\"valueRequired\":true,\"valueName\":\"search_term_string\"}}],\"inLanguage\":\"pt-BR\"},{\"@type\":\"Organization\",\"@id\":\"https:\/\/noticiaempauta.com\/portal\/#organization\",\"name\":\"Portal Not\u00edcia em Pauta\",\"url\":\"https:\/\/noticiaempauta.com\/portal\/\",\"logo\":{\"@type\":\"ImageObject\",\"inLanguage\":\"pt-BR\",\"@id\":\"https:\/\/noticiaempauta.com\/portal\/#\/schema\/logo\/image\/\",\"url\":\"https:\/\/noticiaempauta.com\/portal\/wp-content\/uploads\/2022\/08\/logomarca_tema.fw_.png\",\"contentUrl\":\"https:\/\/noticiaempauta.com\/portal\/wp-content\/uploads\/2022\/08\/logomarca_tema.fw_.png\",\"width\":400,\"height\":232,\"caption\":\"Portal Not\u00edcia em Pauta\"},\"image\":{\"@id\":\"https:\/\/noticiaempauta.com\/portal\/#\/schema\/logo\/image\/\"},\"sameAs\":[\"https:\/\/www.facebook.com\/Portal-Notcia-Em-Pauta-102292869264820\/\",\"https:\/\/www.instagram.com\/portalnoticiaempauta\/\"]},{\"@type\":\"Person\",\"@id\":\"https:\/\/noticiaempauta.com\/portal\/#\/schema\/person\/a74af43dd1ab3deca45f988c717d57ac\",\"name\":\"Reda\u00e7\u00e3o\",\"image\":{\"@type\":\"ImageObject\",\"inLanguage\":\"pt-BR\",\"@id\":\"https:\/\/noticiaempauta.com\/portal\/#\/schema\/person\/image\/\",\"url\":\"https:\/\/secure.gravatar.com\/avatar\/03179346ecce6cdfc13361603e8f54242a90e5cde8618fa23c5c00aa2b0aadf3?s=96&d=mm&r=g\",\"contentUrl\":\"https:\/\/secure.gravatar.com\/avatar\/03179346ecce6cdfc13361603e8f54242a90e5cde8618fa23c5c00aa2b0aadf3?s=96&d=mm&r=g\",\"caption\":\"Reda\u00e7\u00e3o\"},\"sameAs\":[\"https:\/\/noticiaempauta.com\/portal\/\"],\"url\":\"https:\/\/noticiaempauta.com\/portal\/author\/fernando\/\"}]}<\/script>\n<!-- \/ Yoast SEO Premium plugin. -->","yoast_head_json":{"title":"Justi\u00e7a cassa vereadores do PSD em Caxing\u00f3 por candidaturas \"laranjas\" - Portal Not\u00edcia em Pauta","robots":{"index":"index","follow":"follow","max-snippet":"max-snippet:-1","max-image-preview":"max-image-preview:large","max-video-preview":"max-video-preview:-1"},"canonical":"https:\/\/noticiaempauta.com\/portal\/justica-cassa-vereadores-do-psd-em-caxingo-por-candidaturas-laranjas\/","og_locale":"pt_BR","og_type":"article","og_title":"Justi\u00e7a cassa vereadores do PSD em Caxing\u00f3 por candidaturas \"laranjas\"","og_description":"O juiz Arilton Rosal, da 33\u00aa Zona Eleitoral de Buriti dos Lopes, cassou os mandatos dos vereadores Geovane Calafate (PSD), Luiz Carlos (PSD) e Arabela Machado (PSD) por fraude \u00e0 cota de g\u00eanero nas elei\u00e7\u00f5es de 2024 no munic\u00edpio de Caxing\u00f3. Como se trata de uma decis\u00e3o em primeira inst\u00e2ncia, os parlamentares ainda podem recorrer [&hellip;]","og_url":"https:\/\/noticiaempauta.com\/portal\/justica-cassa-vereadores-do-psd-em-caxingo-por-candidaturas-laranjas\/","og_site_name":"Portal Not\u00edcia em Pauta","article_publisher":"https:\/\/www.facebook.com\/Portal-Notcia-Em-Pauta-102292869264820\/","article_published_time":"2025-08-07T13:15:15+00:00","article_modified_time":"2025-08-07T13:15:16+00:00","og_image":[{"width":701,"height":557,"url":"https:\/\/noticiaempauta.com\/portal\/wp-content\/uploads\/2025\/08\/camara-municipal-de-caxingi-pi.jpg","type":"image\/jpeg"}],"author":"Reda\u00e7\u00e3o","twitter_card":"summary_large_image","twitter_misc":{"Escrito por":"Reda\u00e7\u00e3o","Est. tempo de leitura":"2 minutos"},"schema":{"@context":"https:\/\/schema.org","@graph":[{"@type":"Article","@id":"https:\/\/noticiaempauta.com\/portal\/justica-cassa-vereadores-do-psd-em-caxingo-por-candidaturas-laranjas\/#article","isPartOf":{"@id":"https:\/\/noticiaempauta.com\/portal\/justica-cassa-vereadores-do-psd-em-caxingo-por-candidaturas-laranjas\/"},"author":{"name":"Reda\u00e7\u00e3o","@id":"https:\/\/noticiaempauta.com\/portal\/#\/schema\/person\/a74af43dd1ab3deca45f988c717d57ac"},"headline":"Justi\u00e7a cassa vereadores do PSD em Caxing\u00f3 por candidaturas &#8220;laranjas&#8221;","datePublished":"2025-08-07T13:15:15+00:00","dateModified":"2025-08-07T13:15:16+00:00","mainEntityOfPage":{"@id":"https:\/\/noticiaempauta.com\/portal\/justica-cassa-vereadores-do-psd-em-caxingo-por-candidaturas-laranjas\/"},"wordCount":260,"commentCount":0,"publisher":{"@id":"https:\/\/noticiaempauta.com\/portal\/#organization"},"image":{"@id":"https:\/\/noticiaempauta.com\/portal\/justica-cassa-vereadores-do-psd-em-caxingo-por-candidaturas-laranjas\/#primaryimage"},"thumbnailUrl":"https:\/\/noticiaempauta.com\/portal\/wp-content\/uploads\/2025\/08\/camara-municipal-de-caxingi-pi.jpg","keywords":["destaqueprincipal"],"articleSection":["Destaques","Geral","Munic\u00edpios","Pol\u00edtica","Todas as Not\u00edcias"],"inLanguage":"pt-BR","potentialAction":[{"@type":"CommentAction","name":"Comment","target":["https:\/\/noticiaempauta.com\/portal\/justica-cassa-vereadores-do-psd-em-caxingo-por-candidaturas-laranjas\/#respond"]}]},{"@type":"WebPage","@id":"https:\/\/noticiaempauta.com\/portal\/justica-cassa-vereadores-do-psd-em-caxingo-por-candidaturas-laranjas\/","url":"https:\/\/noticiaempauta.com\/portal\/justica-cassa-vereadores-do-psd-em-caxingo-por-candidaturas-laranjas\/","name":"Justi\u00e7a cassa vereadores do PSD em Caxing\u00f3 por candidaturas \"laranjas\" - Portal Not\u00edcia em Pauta","isPartOf":{"@id":"https:\/\/noticiaempauta.com\/portal\/#website"},"primaryImageOfPage":{"@id":"https:\/\/noticiaempauta.com\/portal\/justica-cassa-vereadores-do-psd-em-caxingo-por-candidaturas-laranjas\/#primaryimage"},"image":{"@id":"https:\/\/noticiaempauta.com\/portal\/justica-cassa-vereadores-do-psd-em-caxingo-por-candidaturas-laranjas\/#primaryimage"},"thumbnailUrl":"https:\/\/noticiaempauta.com\/portal\/wp-content\/uploads\/2025\/08\/camara-municipal-de-caxingi-pi.jpg","datePublished":"2025-08-07T13:15:15+00:00","dateModified":"2025-08-07T13:15:16+00:00","breadcrumb":{"@id":"https:\/\/noticiaempauta.com\/portal\/justica-cassa-vereadores-do-psd-em-caxingo-por-candidaturas-laranjas\/#breadcrumb"},"inLanguage":"pt-BR","potentialAction":[{"@type":"ReadAction","target":["https:\/\/noticiaempauta.com\/portal\/justica-cassa-vereadores-do-psd-em-caxingo-por-candidaturas-laranjas\/"]}]},{"@type":"ImageObject","inLanguage":"pt-BR","@id":"https:\/\/noticiaempauta.com\/portal\/justica-cassa-vereadores-do-psd-em-caxingo-por-candidaturas-laranjas\/#primaryimage","url":"https:\/\/noticiaempauta.com\/portal\/wp-content\/uploads\/2025\/08\/camara-municipal-de-caxingi-pi.jpg","contentUrl":"https:\/\/noticiaempauta.com\/portal\/wp-content\/uploads\/2025\/08\/camara-municipal-de-caxingi-pi.jpg","width":701,"height":557},{"@type":"BreadcrumbList","@id":"https:\/\/noticiaempauta.com\/portal\/justica-cassa-vereadores-do-psd-em-caxingo-por-candidaturas-laranjas\/#breadcrumb","itemListElement":[{"@type":"ListItem","position":1,"name":"P\u00e1gina Inicial","item":"https:\/\/noticiaempauta.com\/portal\/"},{"@type":"ListItem","position":2,"name":"Destaques","item":"https:\/\/noticiaempauta.com\/portal\/destaques-site\/"},{"@type":"ListItem","position":3,"name":"Justi\u00e7a cassa vereadores do PSD em Caxing\u00f3 por candidaturas &#8220;laranjas&#8221;"}]},{"@type":"WebSite","@id":"https:\/\/noticiaempauta.com\/portal\/#website","url":"https:\/\/noticiaempauta.com\/portal\/","name":"Portal Not\u00edcia em Pauta","description":"Voc\u00ea bem informado","publisher":{"@id":"https:\/\/noticiaempauta.com\/portal\/#organization"},"potentialAction":[{"@type":"SearchAction","target":{"@type":"EntryPoint","urlTemplate":"https:\/\/noticiaempauta.com\/portal\/?s={search_term_string}"},"query-input":{"@type":"PropertyValueSpecification","valueRequired":true,"valueName":"search_term_string"}}],"inLanguage":"pt-BR"},{"@type":"Organization","@id":"https:\/\/noticiaempauta.com\/portal\/#organization","name":"Portal Not\u00edcia em Pauta","url":"https:\/\/noticiaempauta.com\/portal\/","logo":{"@type":"ImageObject","inLanguage":"pt-BR","@id":"https:\/\/noticiaempauta.com\/portal\/#\/schema\/logo\/image\/","url":"https:\/\/noticiaempauta.com\/portal\/wp-content\/uploads\/2022\/08\/logomarca_tema.fw_.png","contentUrl":"https:\/\/noticiaempauta.com\/portal\/wp-content\/uploads\/2022\/08\/logomarca_tema.fw_.png","width":400,"height":232,"caption":"Portal Not\u00edcia em Pauta"},"image":{"@id":"https:\/\/noticiaempauta.com\/portal\/#\/schema\/logo\/image\/"},"sameAs":["https:\/\/www.facebook.com\/Portal-Notcia-Em-Pauta-102292869264820\/","https:\/\/www.instagram.com\/portalnoticiaempauta\/"]},{"@type":"Person","@id":"https:\/\/noticiaempauta.com\/portal\/#\/schema\/person\/a74af43dd1ab3deca45f988c717d57ac","name":"Reda\u00e7\u00e3o","image":{"@type":"ImageObject","inLanguage":"pt-BR","@id":"https:\/\/noticiaempauta.com\/portal\/#\/schema\/person\/image\/","url":"https:\/\/secure.gravatar.com\/avatar\/03179346ecce6cdfc13361603e8f54242a90e5cde8618fa23c5c00aa2b0aadf3?s=96&d=mm&r=g","contentUrl":"https:\/\/secure.gravatar.com\/avatar\/03179346ecce6cdfc13361603e8f54242a90e5cde8618fa23c5c00aa2b0aadf3?s=96&d=mm&r=g","caption":"Reda\u00e7\u00e3o"},"sameAs":["https:\/\/noticiaempauta.com\/portal\/"],"url":"https:\/\/noticiaempauta.com\/portal\/author\/fernando\/"}]}},"_links":{"self":[{"href":"https:\/\/noticiaempauta.com\/portal\/wp-json\/wp\/v2\/posts\/276369","targetHints":{"allow":["GET"]}}],"collection":[{"href":"https:\/\/noticiaempauta.com\/portal\/wp-json\/wp\/v2\/posts"}],"about":[{"href":"https:\/\/noticiaempauta.com\/portal\/wp-json\/wp\/v2\/types\/post"}],"author":[{"embeddable":true,"href":"https:\/\/noticiaempauta.com\/portal\/wp-json\/wp\/v2\/users\/2"}],"replies":[{"embeddable":true,"href":"https:\/\/noticiaempauta.com\/portal\/wp-json\/wp\/v2\/comments?post=276369"}],"version-history":[{"count":2,"href":"https:\/\/noticiaempauta.com\/portal\/wp-json\/wp\/v2\/posts\/276369\/revisions"}],"predecessor-version":[{"id":276372,"href":"https:\/\/noticiaempauta.com\/portal\/wp-json\/wp\/v2\/posts\/276369\/revisions\/276372"}],"wp:featuredmedia":[{"embeddable":true,"href":"https:\/\/noticiaempauta.com\/portal\/wp-json\/wp\/v2\/media\/276370"}],"wp:attachment":[{"href":"https:\/\/noticiaempauta.com\/portal\/wp-json\/wp\/v2\/media?parent=276369"}],"wp:term":[{"taxonomy":"category","embeddable":true,"href":"https:\/\/noticiaempauta.com\/portal\/wp-json\/wp\/v2\/categories?post=276369"},{"taxonomy":"post_tag","embeddable":true,"href":"https:\/\/noticiaempauta.com\/portal\/wp-json\/wp\/v2\/tags?post=276369"}],"curies":[{"name":"wp","href":"https:\/\/api.w.org\/{rel}","templated":true}]}}