{"id":276460,"date":"2025-08-11T09:39:09","date_gmt":"2025-08-11T12:39:09","guid":{"rendered":"https:\/\/noticiaempauta.com\/portal\/?p=276460"},"modified":"2025-08-11T09:39:11","modified_gmt":"2025-08-11T12:39:11","slug":"apos-reuniao-com-o-governador-mdb-aguarda-definicao-sobre-espaco-de-themistocles-filho","status":"publish","type":"post","link":"https:\/\/noticiaempauta.com\/portal\/apos-reuniao-com-o-governador-mdb-aguarda-definicao-sobre-espaco-de-themistocles-filho\/","title":{"rendered":"Ap\u00f3s reuni\u00e3o com o governador, MDB aguarda defini\u00e7\u00e3o sobre espa\u00e7o de Them\u00edstocles Filho"},"content":{"rendered":"\n<p>Lideran\u00e7as do MDB se reuniram com o governador Rafael Fonteles em encontro fechado na \u00faltima semana. A reuni\u00e3o contou com a presen\u00e7a do presidente estadual do partido, senador Marcelo Castro, e do l\u00edder da sigla na Assembleia Legislativa, deputado Jo\u00e3o Madison.<\/p>\n\n\n\n<p>Sem detalhar o conte\u00fado da conversa, Marcelo Castro revelou que o encontro abordou o cen\u00e1rio pol\u00edtico estadual, nacional e internacional, al\u00e9m da\u00a0forma\u00e7\u00e3o das chapas para as pr\u00f3ximas elei\u00e7\u00f5es.<\/p>\n\n\n\n<figure class=\"wp-block-image size-full\"><img fetchpriority=\"high\" decoding=\"async\" width=\"790\" height=\"550\" src=\"https:\/\/noticiaempauta.com\/portal\/wp-content\/uploads\/2025\/08\/Marcelo_Castro_1.jpg\" alt=\"\" class=\"wp-image-276461\" srcset=\"https:\/\/noticiaempauta.com\/portal\/wp-content\/uploads\/2025\/08\/Marcelo_Castro_1.jpg 790w, https:\/\/noticiaempauta.com\/portal\/wp-content\/uploads\/2025\/08\/Marcelo_Castro_1-300x209.jpg 300w, https:\/\/noticiaempauta.com\/portal\/wp-content\/uploads\/2025\/08\/Marcelo_Castro_1-768x535.jpg 768w\" sizes=\"(max-width: 790px) 100vw, 790px\" \/><figcaption class=\"wp-element-caption\">Marcelo Castro                                                                                                                                            (Foto: Renato Andrade\/CidadeVerde)<\/figcaption><\/figure>\n\n\n\n<p>Segundo o senador, a rela\u00e7\u00e3o do MDB com o governo estadual permanece s\u00f3lida. \u201cO MDB \u00e9 um partido aliado de primeira hora. Desde o in\u00edcio, o governador tem demonstrado carinho, aten\u00e7\u00e3o e considera\u00e7\u00e3o com o nosso partido. A perman\u00eancia na base nunca esteve fora de cogita\u00e7\u00e3o\u201d, disse.<\/p>\n\n\n\n<p>Marcelo Castro afirmou que a situa\u00e7\u00e3o do vice-governador Them\u00edstocles Filho segue em discuss\u00e3o, mas sem rompimento. \u201cO que queremos \u00e9 que ele seja contemplado de forma que fique satisfeito. Sabemos que certas decis\u00f5es n\u00e3o dependem s\u00f3 do governador e precisamos compreender a realidade\u201d, declarou.<\/p>\n\n\n\n<p>O senador disse ainda que n\u00e3o h\u00e1 defini\u00e7\u00e3o fechada sobre o futuro pol\u00edtico de Them\u00edstocles, mas que as tratativas avan\u00e7am. \u201cN\u00e3o tem nada definido, mas acreditamos que tudo vai dar certo\u201d, completou.<\/p>\n\n\n\n<p>Fonte: Cidade Verde<\/p>\n","protected":false},"excerpt":{"rendered":"<p>Lideran\u00e7as do MDB se reuniram com o governador Rafael Fonteles em encontro fechado na \u00faltima semana. A reuni\u00e3o contou com a presen\u00e7a do presidente estadual do partido, senador Marcelo Castro, e do l\u00edder da sigla na Assembleia Legislativa, deputado Jo\u00e3o Madison. Sem detalhar o conte\u00fado da conversa, Marcelo Castro revelou que o encontro abordou o [&hellip;]<\/p>\n","protected":false},"author":2,"featured_media":276461,"comment_status":"open","ping_status":"open","sticky":false,"template":"","format":"standard","meta":{"_mi_skip_tracking":false,"footnotes":""},"categories":[25,1,9,3,16],"tags":[192],"class_list":["post-276460","post","type-post","status-publish","format-standard","has-post-thumbnail","hentry","category-destaques-site","category-geral","category-municipios","category-politica","category-todas","tag-destaqueprincipal"],"acf":[],"yoast_head":"<!-- This site is optimized with the Yoast SEO Premium plugin v19.2 (Yoast SEO v26.9) - https:\/\/yoast.com\/product\/yoast-seo-premium-wordpress\/ -->\n<title>Ap\u00f3s reuni\u00e3o com o governador, MDB aguarda defini\u00e7\u00e3o sobre espa\u00e7o de Them\u00edstocles Filho - Portal Not\u00edcia em Pauta<\/title>\n<meta name=\"robots\" content=\"index, follow, max-snippet:-1, max-image-preview:large, max-video-preview:-1\" \/>\n<link rel=\"canonical\" href=\"https:\/\/noticiaempauta.com\/portal\/apos-reuniao-com-o-governador-mdb-aguarda-definicao-sobre-espaco-de-themistocles-filho\/\" \/>\n<meta property=\"og:locale\" content=\"pt_BR\" \/>\n<meta property=\"og:type\" content=\"article\" \/>\n<meta property=\"og:title\" content=\"Ap\u00f3s reuni\u00e3o com o governador, MDB aguarda defini\u00e7\u00e3o sobre espa\u00e7o de Them\u00edstocles Filho\" \/>\n<meta property=\"og:description\" content=\"Lideran\u00e7as do MDB se reuniram com o governador Rafael Fonteles em encontro fechado na \u00faltima semana. A reuni\u00e3o contou com a presen\u00e7a do presidente estadual do partido, senador Marcelo Castro, e do l\u00edder da sigla na Assembleia Legislativa, deputado Jo\u00e3o Madison. Sem detalhar o conte\u00fado da conversa, Marcelo Castro revelou que o encontro abordou o [&hellip;]\" \/>\n<meta property=\"og:url\" content=\"https:\/\/noticiaempauta.com\/portal\/apos-reuniao-com-o-governador-mdb-aguarda-definicao-sobre-espaco-de-themistocles-filho\/\" \/>\n<meta property=\"og:site_name\" content=\"Portal Not\u00edcia em Pauta\" \/>\n<meta property=\"article:publisher\" content=\"https:\/\/www.facebook.com\/Portal-Notcia-Em-Pauta-102292869264820\/\" \/>\n<meta property=\"article:published_time\" content=\"2025-08-11T12:39:09+00:00\" \/>\n<meta property=\"article:modified_time\" content=\"2025-08-11T12:39:11+00:00\" \/>\n<meta property=\"og:image\" content=\"https:\/\/noticiaempauta.com\/portal\/wp-content\/uploads\/2025\/08\/Marcelo_Castro_1.jpg\" \/>\n\t<meta property=\"og:image:width\" content=\"790\" \/>\n\t<meta property=\"og:image:height\" content=\"550\" \/>\n\t<meta property=\"og:image:type\" content=\"image\/jpeg\" \/>\n<meta name=\"author\" content=\"Reda\u00e7\u00e3o\" \/>\n<meta name=\"twitter:card\" content=\"summary_large_image\" \/>\n<meta name=\"twitter:label1\" content=\"Escrito por\" \/>\n\t<meta name=\"twitter:data1\" content=\"Reda\u00e7\u00e3o\" \/>\n\t<meta name=\"twitter:label2\" content=\"Est. tempo de leitura\" \/>\n\t<meta name=\"twitter:data2\" content=\"2 minutos\" \/>\n<script type=\"application\/ld+json\" class=\"yoast-schema-graph\">{\"@context\":\"https:\/\/schema.org\",\"@graph\":[{\"@type\":\"Article\",\"@id\":\"https:\/\/noticiaempauta.com\/portal\/apos-reuniao-com-o-governador-mdb-aguarda-definicao-sobre-espaco-de-themistocles-filho\/#article\",\"isPartOf\":{\"@id\":\"https:\/\/noticiaempauta.com\/portal\/apos-reuniao-com-o-governador-mdb-aguarda-definicao-sobre-espaco-de-themistocles-filho\/\"},\"author\":{\"name\":\"Reda\u00e7\u00e3o\",\"@id\":\"https:\/\/noticiaempauta.com\/portal\/#\/schema\/person\/a74af43dd1ab3deca45f988c717d57ac\"},\"headline\":\"Ap\u00f3s reuni\u00e3o com o governador, MDB aguarda defini\u00e7\u00e3o sobre espa\u00e7o de Them\u00edstocles Filho\",\"datePublished\":\"2025-08-11T12:39:09+00:00\",\"dateModified\":\"2025-08-11T12:39:11+00:00\",\"mainEntityOfPage\":{\"@id\":\"https:\/\/noticiaempauta.com\/portal\/apos-reuniao-com-o-governador-mdb-aguarda-definicao-sobre-espaco-de-themistocles-filho\/\"},\"wordCount\":248,\"commentCount\":0,\"publisher\":{\"@id\":\"https:\/\/noticiaempauta.com\/portal\/#organization\"},\"image\":{\"@id\":\"https:\/\/noticiaempauta.com\/portal\/apos-reuniao-com-o-governador-mdb-aguarda-definicao-sobre-espaco-de-themistocles-filho\/#primaryimage\"},\"thumbnailUrl\":\"https:\/\/noticiaempauta.com\/portal\/wp-content\/uploads\/2025\/08\/Marcelo_Castro_1.jpg\",\"keywords\":[\"destaqueprincipal\"],\"articleSection\":[\"Destaques\",\"Geral\",\"Munic\u00edpios\",\"Pol\u00edtica\",\"Todas as Not\u00edcias\"],\"inLanguage\":\"pt-BR\",\"potentialAction\":[{\"@type\":\"CommentAction\",\"name\":\"Comment\",\"target\":[\"https:\/\/noticiaempauta.com\/portal\/apos-reuniao-com-o-governador-mdb-aguarda-definicao-sobre-espaco-de-themistocles-filho\/#respond\"]}]},{\"@type\":\"WebPage\",\"@id\":\"https:\/\/noticiaempauta.com\/portal\/apos-reuniao-com-o-governador-mdb-aguarda-definicao-sobre-espaco-de-themistocles-filho\/\",\"url\":\"https:\/\/noticiaempauta.com\/portal\/apos-reuniao-com-o-governador-mdb-aguarda-definicao-sobre-espaco-de-themistocles-filho\/\",\"name\":\"Ap\u00f3s reuni\u00e3o com o governador, MDB aguarda defini\u00e7\u00e3o sobre espa\u00e7o de Them\u00edstocles Filho - Portal Not\u00edcia em Pauta\",\"isPartOf\":{\"@id\":\"https:\/\/noticiaempauta.com\/portal\/#website\"},\"primaryImageOfPage\":{\"@id\":\"https:\/\/noticiaempauta.com\/portal\/apos-reuniao-com-o-governador-mdb-aguarda-definicao-sobre-espaco-de-themistocles-filho\/#primaryimage\"},\"image\":{\"@id\":\"https:\/\/noticiaempauta.com\/portal\/apos-reuniao-com-o-governador-mdb-aguarda-definicao-sobre-espaco-de-themistocles-filho\/#primaryimage\"},\"thumbnailUrl\":\"https:\/\/noticiaempauta.com\/portal\/wp-content\/uploads\/2025\/08\/Marcelo_Castro_1.jpg\",\"datePublished\":\"2025-08-11T12:39:09+00:00\",\"dateModified\":\"2025-08-11T12:39:11+00:00\",\"breadcrumb\":{\"@id\":\"https:\/\/noticiaempauta.com\/portal\/apos-reuniao-com-o-governador-mdb-aguarda-definicao-sobre-espaco-de-themistocles-filho\/#breadcrumb\"},\"inLanguage\":\"pt-BR\",\"potentialAction\":[{\"@type\":\"ReadAction\",\"target\":[\"https:\/\/noticiaempauta.com\/portal\/apos-reuniao-com-o-governador-mdb-aguarda-definicao-sobre-espaco-de-themistocles-filho\/\"]}]},{\"@type\":\"ImageObject\",\"inLanguage\":\"pt-BR\",\"@id\":\"https:\/\/noticiaempauta.com\/portal\/apos-reuniao-com-o-governador-mdb-aguarda-definicao-sobre-espaco-de-themistocles-filho\/#primaryimage\",\"url\":\"https:\/\/noticiaempauta.com\/portal\/wp-content\/uploads\/2025\/08\/Marcelo_Castro_1.jpg\",\"contentUrl\":\"https:\/\/noticiaempauta.com\/portal\/wp-content\/uploads\/2025\/08\/Marcelo_Castro_1.jpg\",\"width\":790,\"height\":550},{\"@type\":\"BreadcrumbList\",\"@id\":\"https:\/\/noticiaempauta.com\/portal\/apos-reuniao-com-o-governador-mdb-aguarda-definicao-sobre-espaco-de-themistocles-filho\/#breadcrumb\",\"itemListElement\":[{\"@type\":\"ListItem\",\"position\":1,\"name\":\"P\u00e1gina Inicial\",\"item\":\"https:\/\/noticiaempauta.com\/portal\/\"},{\"@type\":\"ListItem\",\"position\":2,\"name\":\"Destaques\",\"item\":\"https:\/\/noticiaempauta.com\/portal\/destaques-site\/\"},{\"@type\":\"ListItem\",\"position\":3,\"name\":\"Ap\u00f3s reuni\u00e3o com o governador, MDB aguarda defini\u00e7\u00e3o sobre espa\u00e7o de Them\u00edstocles Filho\"}]},{\"@type\":\"WebSite\",\"@id\":\"https:\/\/noticiaempauta.com\/portal\/#website\",\"url\":\"https:\/\/noticiaempauta.com\/portal\/\",\"name\":\"Portal Not\u00edcia em Pauta\",\"description\":\"Voc\u00ea bem informado\",\"publisher\":{\"@id\":\"https:\/\/noticiaempauta.com\/portal\/#organization\"},\"potentialAction\":[{\"@type\":\"SearchAction\",\"target\":{\"@type\":\"EntryPoint\",\"urlTemplate\":\"https:\/\/noticiaempauta.com\/portal\/?s={search_term_string}\"},\"query-input\":{\"@type\":\"PropertyValueSpecification\",\"valueRequired\":true,\"valueName\":\"search_term_string\"}}],\"inLanguage\":\"pt-BR\"},{\"@type\":\"Organization\",\"@id\":\"https:\/\/noticiaempauta.com\/portal\/#organization\",\"name\":\"Portal Not\u00edcia em Pauta\",\"url\":\"https:\/\/noticiaempauta.com\/portal\/\",\"logo\":{\"@type\":\"ImageObject\",\"inLanguage\":\"pt-BR\",\"@id\":\"https:\/\/noticiaempauta.com\/portal\/#\/schema\/logo\/image\/\",\"url\":\"https:\/\/noticiaempauta.com\/portal\/wp-content\/uploads\/2022\/08\/logomarca_tema.fw_.png\",\"contentUrl\":\"https:\/\/noticiaempauta.com\/portal\/wp-content\/uploads\/2022\/08\/logomarca_tema.fw_.png\",\"width\":400,\"height\":232,\"caption\":\"Portal Not\u00edcia em Pauta\"},\"image\":{\"@id\":\"https:\/\/noticiaempauta.com\/portal\/#\/schema\/logo\/image\/\"},\"sameAs\":[\"https:\/\/www.facebook.com\/Portal-Notcia-Em-Pauta-102292869264820\/\",\"https:\/\/www.instagram.com\/portalnoticiaempauta\/\"]},{\"@type\":\"Person\",\"@id\":\"https:\/\/noticiaempauta.com\/portal\/#\/schema\/person\/a74af43dd1ab3deca45f988c717d57ac\",\"name\":\"Reda\u00e7\u00e3o\",\"image\":{\"@type\":\"ImageObject\",\"inLanguage\":\"pt-BR\",\"@id\":\"https:\/\/noticiaempauta.com\/portal\/#\/schema\/person\/image\/\",\"url\":\"https:\/\/secure.gravatar.com\/avatar\/03179346ecce6cdfc13361603e8f54242a90e5cde8618fa23c5c00aa2b0aadf3?s=96&d=mm&r=g\",\"contentUrl\":\"https:\/\/secure.gravatar.com\/avatar\/03179346ecce6cdfc13361603e8f54242a90e5cde8618fa23c5c00aa2b0aadf3?s=96&d=mm&r=g\",\"caption\":\"Reda\u00e7\u00e3o\"},\"sameAs\":[\"https:\/\/noticiaempauta.com\/portal\/\"],\"url\":\"https:\/\/noticiaempauta.com\/portal\/author\/fernando\/\"}]}<\/script>\n<!-- \/ Yoast SEO Premium plugin. -->","yoast_head_json":{"title":"Ap\u00f3s reuni\u00e3o com o governador, MDB aguarda defini\u00e7\u00e3o sobre espa\u00e7o de Them\u00edstocles Filho - Portal Not\u00edcia em Pauta","robots":{"index":"index","follow":"follow","max-snippet":"max-snippet:-1","max-image-preview":"max-image-preview:large","max-video-preview":"max-video-preview:-1"},"canonical":"https:\/\/noticiaempauta.com\/portal\/apos-reuniao-com-o-governador-mdb-aguarda-definicao-sobre-espaco-de-themistocles-filho\/","og_locale":"pt_BR","og_type":"article","og_title":"Ap\u00f3s reuni\u00e3o com o governador, MDB aguarda defini\u00e7\u00e3o sobre espa\u00e7o de Them\u00edstocles Filho","og_description":"Lideran\u00e7as do MDB se reuniram com o governador Rafael Fonteles em encontro fechado na \u00faltima semana. A reuni\u00e3o contou com a presen\u00e7a do presidente estadual do partido, senador Marcelo Castro, e do l\u00edder da sigla na Assembleia Legislativa, deputado Jo\u00e3o Madison. Sem detalhar o conte\u00fado da conversa, Marcelo Castro revelou que o encontro abordou o [&hellip;]","og_url":"https:\/\/noticiaempauta.com\/portal\/apos-reuniao-com-o-governador-mdb-aguarda-definicao-sobre-espaco-de-themistocles-filho\/","og_site_name":"Portal Not\u00edcia em Pauta","article_publisher":"https:\/\/www.facebook.com\/Portal-Notcia-Em-Pauta-102292869264820\/","article_published_time":"2025-08-11T12:39:09+00:00","article_modified_time":"2025-08-11T12:39:11+00:00","og_image":[{"width":790,"height":550,"url":"https:\/\/noticiaempauta.com\/portal\/wp-content\/uploads\/2025\/08\/Marcelo_Castro_1.jpg","type":"image\/jpeg"}],"author":"Reda\u00e7\u00e3o","twitter_card":"summary_large_image","twitter_misc":{"Escrito por":"Reda\u00e7\u00e3o","Est. tempo de leitura":"2 minutos"},"schema":{"@context":"https:\/\/schema.org","@graph":[{"@type":"Article","@id":"https:\/\/noticiaempauta.com\/portal\/apos-reuniao-com-o-governador-mdb-aguarda-definicao-sobre-espaco-de-themistocles-filho\/#article","isPartOf":{"@id":"https:\/\/noticiaempauta.com\/portal\/apos-reuniao-com-o-governador-mdb-aguarda-definicao-sobre-espaco-de-themistocles-filho\/"},"author":{"name":"Reda\u00e7\u00e3o","@id":"https:\/\/noticiaempauta.com\/portal\/#\/schema\/person\/a74af43dd1ab3deca45f988c717d57ac"},"headline":"Ap\u00f3s reuni\u00e3o com o governador, MDB aguarda defini\u00e7\u00e3o sobre espa\u00e7o de Them\u00edstocles Filho","datePublished":"2025-08-11T12:39:09+00:00","dateModified":"2025-08-11T12:39:11+00:00","mainEntityOfPage":{"@id":"https:\/\/noticiaempauta.com\/portal\/apos-reuniao-com-o-governador-mdb-aguarda-definicao-sobre-espaco-de-themistocles-filho\/"},"wordCount":248,"commentCount":0,"publisher":{"@id":"https:\/\/noticiaempauta.com\/portal\/#organization"},"image":{"@id":"https:\/\/noticiaempauta.com\/portal\/apos-reuniao-com-o-governador-mdb-aguarda-definicao-sobre-espaco-de-themistocles-filho\/#primaryimage"},"thumbnailUrl":"https:\/\/noticiaempauta.com\/portal\/wp-content\/uploads\/2025\/08\/Marcelo_Castro_1.jpg","keywords":["destaqueprincipal"],"articleSection":["Destaques","Geral","Munic\u00edpios","Pol\u00edtica","Todas as Not\u00edcias"],"inLanguage":"pt-BR","potentialAction":[{"@type":"CommentAction","name":"Comment","target":["https:\/\/noticiaempauta.com\/portal\/apos-reuniao-com-o-governador-mdb-aguarda-definicao-sobre-espaco-de-themistocles-filho\/#respond"]}]},{"@type":"WebPage","@id":"https:\/\/noticiaempauta.com\/portal\/apos-reuniao-com-o-governador-mdb-aguarda-definicao-sobre-espaco-de-themistocles-filho\/","url":"https:\/\/noticiaempauta.com\/portal\/apos-reuniao-com-o-governador-mdb-aguarda-definicao-sobre-espaco-de-themistocles-filho\/","name":"Ap\u00f3s reuni\u00e3o com o governador, MDB aguarda defini\u00e7\u00e3o sobre espa\u00e7o de Them\u00edstocles Filho - Portal Not\u00edcia em Pauta","isPartOf":{"@id":"https:\/\/noticiaempauta.com\/portal\/#website"},"primaryImageOfPage":{"@id":"https:\/\/noticiaempauta.com\/portal\/apos-reuniao-com-o-governador-mdb-aguarda-definicao-sobre-espaco-de-themistocles-filho\/#primaryimage"},"image":{"@id":"https:\/\/noticiaempauta.com\/portal\/apos-reuniao-com-o-governador-mdb-aguarda-definicao-sobre-espaco-de-themistocles-filho\/#primaryimage"},"thumbnailUrl":"https:\/\/noticiaempauta.com\/portal\/wp-content\/uploads\/2025\/08\/Marcelo_Castro_1.jpg","datePublished":"2025-08-11T12:39:09+00:00","dateModified":"2025-08-11T12:39:11+00:00","breadcrumb":{"@id":"https:\/\/noticiaempauta.com\/portal\/apos-reuniao-com-o-governador-mdb-aguarda-definicao-sobre-espaco-de-themistocles-filho\/#breadcrumb"},"inLanguage":"pt-BR","potentialAction":[{"@type":"ReadAction","target":["https:\/\/noticiaempauta.com\/portal\/apos-reuniao-com-o-governador-mdb-aguarda-definicao-sobre-espaco-de-themistocles-filho\/"]}]},{"@type":"ImageObject","inLanguage":"pt-BR","@id":"https:\/\/noticiaempauta.com\/portal\/apos-reuniao-com-o-governador-mdb-aguarda-definicao-sobre-espaco-de-themistocles-filho\/#primaryimage","url":"https:\/\/noticiaempauta.com\/portal\/wp-content\/uploads\/2025\/08\/Marcelo_Castro_1.jpg","contentUrl":"https:\/\/noticiaempauta.com\/portal\/wp-content\/uploads\/2025\/08\/Marcelo_Castro_1.jpg","width":790,"height":550},{"@type":"BreadcrumbList","@id":"https:\/\/noticiaempauta.com\/portal\/apos-reuniao-com-o-governador-mdb-aguarda-definicao-sobre-espaco-de-themistocles-filho\/#breadcrumb","itemListElement":[{"@type":"ListItem","position":1,"name":"P\u00e1gina Inicial","item":"https:\/\/noticiaempauta.com\/portal\/"},{"@type":"ListItem","position":2,"name":"Destaques","item":"https:\/\/noticiaempauta.com\/portal\/destaques-site\/"},{"@type":"ListItem","position":3,"name":"Ap\u00f3s reuni\u00e3o com o governador, MDB aguarda defini\u00e7\u00e3o sobre espa\u00e7o de Them\u00edstocles Filho"}]},{"@type":"WebSite","@id":"https:\/\/noticiaempauta.com\/portal\/#website","url":"https:\/\/noticiaempauta.com\/portal\/","name":"Portal Not\u00edcia em Pauta","description":"Voc\u00ea bem informado","publisher":{"@id":"https:\/\/noticiaempauta.com\/portal\/#organization"},"potentialAction":[{"@type":"SearchAction","target":{"@type":"EntryPoint","urlTemplate":"https:\/\/noticiaempauta.com\/portal\/?s={search_term_string}"},"query-input":{"@type":"PropertyValueSpecification","valueRequired":true,"valueName":"search_term_string"}}],"inLanguage":"pt-BR"},{"@type":"Organization","@id":"https:\/\/noticiaempauta.com\/portal\/#organization","name":"Portal Not\u00edcia em Pauta","url":"https:\/\/noticiaempauta.com\/portal\/","logo":{"@type":"ImageObject","inLanguage":"pt-BR","@id":"https:\/\/noticiaempauta.com\/portal\/#\/schema\/logo\/image\/","url":"https:\/\/noticiaempauta.com\/portal\/wp-content\/uploads\/2022\/08\/logomarca_tema.fw_.png","contentUrl":"https:\/\/noticiaempauta.com\/portal\/wp-content\/uploads\/2022\/08\/logomarca_tema.fw_.png","width":400,"height":232,"caption":"Portal Not\u00edcia em Pauta"},"image":{"@id":"https:\/\/noticiaempauta.com\/portal\/#\/schema\/logo\/image\/"},"sameAs":["https:\/\/www.facebook.com\/Portal-Notcia-Em-Pauta-102292869264820\/","https:\/\/www.instagram.com\/portalnoticiaempauta\/"]},{"@type":"Person","@id":"https:\/\/noticiaempauta.com\/portal\/#\/schema\/person\/a74af43dd1ab3deca45f988c717d57ac","name":"Reda\u00e7\u00e3o","image":{"@type":"ImageObject","inLanguage":"pt-BR","@id":"https:\/\/noticiaempauta.com\/portal\/#\/schema\/person\/image\/","url":"https:\/\/secure.gravatar.com\/avatar\/03179346ecce6cdfc13361603e8f54242a90e5cde8618fa23c5c00aa2b0aadf3?s=96&d=mm&r=g","contentUrl":"https:\/\/secure.gravatar.com\/avatar\/03179346ecce6cdfc13361603e8f54242a90e5cde8618fa23c5c00aa2b0aadf3?s=96&d=mm&r=g","caption":"Reda\u00e7\u00e3o"},"sameAs":["https:\/\/noticiaempauta.com\/portal\/"],"url":"https:\/\/noticiaempauta.com\/portal\/author\/fernando\/"}]}},"_links":{"self":[{"href":"https:\/\/noticiaempauta.com\/portal\/wp-json\/wp\/v2\/posts\/276460","targetHints":{"allow":["GET"]}}],"collection":[{"href":"https:\/\/noticiaempauta.com\/portal\/wp-json\/wp\/v2\/posts"}],"about":[{"href":"https:\/\/noticiaempauta.com\/portal\/wp-json\/wp\/v2\/types\/post"}],"author":[{"embeddable":true,"href":"https:\/\/noticiaempauta.com\/portal\/wp-json\/wp\/v2\/users\/2"}],"replies":[{"embeddable":true,"href":"https:\/\/noticiaempauta.com\/portal\/wp-json\/wp\/v2\/comments?post=276460"}],"version-history":[{"count":2,"href":"https:\/\/noticiaempauta.com\/portal\/wp-json\/wp\/v2\/posts\/276460\/revisions"}],"predecessor-version":[{"id":276463,"href":"https:\/\/noticiaempauta.com\/portal\/wp-json\/wp\/v2\/posts\/276460\/revisions\/276463"}],"wp:featuredmedia":[{"embeddable":true,"href":"https:\/\/noticiaempauta.com\/portal\/wp-json\/wp\/v2\/media\/276461"}],"wp:attachment":[{"href":"https:\/\/noticiaempauta.com\/portal\/wp-json\/wp\/v2\/media?parent=276460"}],"wp:term":[{"taxonomy":"category","embeddable":true,"href":"https:\/\/noticiaempauta.com\/portal\/wp-json\/wp\/v2\/categories?post=276460"},{"taxonomy":"post_tag","embeddable":true,"href":"https:\/\/noticiaempauta.com\/portal\/wp-json\/wp\/v2\/tags?post=276460"}],"curies":[{"name":"wp","href":"https:\/\/api.w.org\/{rel}","templated":true}]}}