{"id":276490,"date":"2025-08-11T15:27:36","date_gmt":"2025-08-11T18:27:36","guid":{"rendered":"https:\/\/noticiaempauta.com\/portal\/?p=276490"},"modified":"2025-08-11T15:30:04","modified_gmt":"2025-08-11T18:30:04","slug":"v-copa-paqueta-de-futsal-tem-inicio-no-proximo-sabado-16","status":"publish","type":"post","link":"https:\/\/noticiaempauta.com\/portal\/v-copa-paqueta-de-futsal-tem-inicio-no-proximo-sabado-16\/","title":{"rendered":"V Copa Paquet\u00e1 de Futsal tem in\u00edcio no pr\u00f3ximo s\u00e1bado (16)"},"content":{"rendered":"\n<p>Tem in\u00edcio no pr\u00f3ximo s\u00e1bado, 16 de agosto, a <strong>V Copa Paquet\u00e1 de Futsal<\/strong>, numa realiza\u00e7\u00e3o da Prefeitura Municipal de Paquet\u00e1 do Piau\u00ed, atrav\u00e9s da Secretaria Municipal de Esportes o evento esportivo que j\u00e1 \u00e9 tradi\u00e7\u00e3o no munic\u00edpio consolida o incentivo ao esporte a integra\u00e7\u00e3o entre as comunidades e cidades vizinhas.<\/p>\n\n\n\n<figure class=\"wp-block-image size-large\"><img fetchpriority=\"high\" decoding=\"async\" width=\"1024\" height=\"683\" src=\"https:\/\/noticiaempauta.com\/portal\/wp-content\/uploads\/2025\/08\/888888888888888888888888888899999999-1024x683.jpg\" alt=\"\" class=\"wp-image-276494\" srcset=\"https:\/\/noticiaempauta.com\/portal\/wp-content\/uploads\/2025\/08\/888888888888888888888888888899999999-1024x683.jpg 1024w, https:\/\/noticiaempauta.com\/portal\/wp-content\/uploads\/2025\/08\/888888888888888888888888888899999999-300x200.jpg 300w, https:\/\/noticiaempauta.com\/portal\/wp-content\/uploads\/2025\/08\/888888888888888888888888888899999999-768x512.jpg 768w, https:\/\/noticiaempauta.com\/portal\/wp-content\/uploads\/2025\/08\/888888888888888888888888888899999999.jpg 1200w\" sizes=\"(max-width: 1024px) 100vw, 1024px\" \/><\/figure>\n\n\n\n<p>A solenidade de abertura da V Copa Paquet\u00e1 de Futsal ter\u00e1 in\u00edcio as 18h30, no Gin\u00e1sio Poliesportivo Francisco Rodrigues da Silva, na sede do munic\u00edpio.<\/p>\n\n\n\n<p>Quatro partidas v\u00e3o abrir a primeira rodada da competi\u00e7\u00e3o, <strong>confira a tabela<\/strong>:<\/p>\n\n\n\n<figure class=\"wp-block-image size-large\"><img decoding=\"async\" width=\"847\" height=\"1024\" src=\"https:\/\/noticiaempauta.com\/portal\/wp-content\/uploads\/2025\/08\/WhatsApp-Image-2025-08-11-at-15.18.20-847x1024.jpeg\" alt=\"\" class=\"wp-image-276495\" srcset=\"https:\/\/noticiaempauta.com\/portal\/wp-content\/uploads\/2025\/08\/WhatsApp-Image-2025-08-11-at-15.18.20-847x1024.jpeg 847w, https:\/\/noticiaempauta.com\/portal\/wp-content\/uploads\/2025\/08\/WhatsApp-Image-2025-08-11-at-15.18.20-248x300.jpeg 248w, https:\/\/noticiaempauta.com\/portal\/wp-content\/uploads\/2025\/08\/WhatsApp-Image-2025-08-11-at-15.18.20-768x928.jpeg 768w, https:\/\/noticiaempauta.com\/portal\/wp-content\/uploads\/2025\/08\/WhatsApp-Image-2025-08-11-at-15.18.20.jpeg 926w\" sizes=\"(max-width: 847px) 100vw, 847px\" \/><\/figure>\n\n\n\n<p>Dr. Clayton Barros, prefeito do munic\u00edpio, refor\u00e7a o convite a popula\u00e7\u00e3o e destaca a import\u00e2ncia do apoio e fomento ao esporte amador em Paquet\u00e1 do Piau\u00ed.<\/p>\n\n\n\n<figure class=\"wp-block-image size-large\"><img decoding=\"async\" width=\"1024\" height=\"683\" src=\"https:\/\/noticiaempauta.com\/portal\/wp-content\/uploads\/2025\/08\/IMG_1743-1024x683.webp\" alt=\"\" class=\"wp-image-276496\" srcset=\"https:\/\/noticiaempauta.com\/portal\/wp-content\/uploads\/2025\/08\/IMG_1743-1024x683.webp 1024w, https:\/\/noticiaempauta.com\/portal\/wp-content\/uploads\/2025\/08\/IMG_1743-300x200.webp 300w, https:\/\/noticiaempauta.com\/portal\/wp-content\/uploads\/2025\/08\/IMG_1743-768x512.webp 768w, https:\/\/noticiaempauta.com\/portal\/wp-content\/uploads\/2025\/08\/IMG_1743.webp 1200w\" sizes=\"(max-width: 1024px) 100vw, 1024px\" \/><\/figure>\n\n\n\n<p>&#8220;Temos esse compromisso, de junto a gest\u00e3o municipal promover o esporte como meio de integra\u00e7\u00e3o social, sa\u00fade e as pr\u00e1tica esportivas em nosso munic\u00edpio. Convido a toda popula\u00e7\u00e3o de Paquet\u00e1 e toda regi\u00e3o a prestigiar mais uma edi\u00e7\u00e3o da nossa Copa Paquet\u00e1 de Futsal \u201d disse o prefeito Dr. Clayton Barros.<\/p>\n\n\n\n<figure class=\"wp-block-image size-large\"><img loading=\"lazy\" decoding=\"async\" width=\"648\" height=\"1024\" src=\"https:\/\/noticiaempauta.com\/portal\/wp-content\/uploads\/2025\/08\/WhatsApp-Image-2025-08-11-at-15.08.35-1-648x1024.jpeg\" alt=\"\" class=\"wp-image-276497\" srcset=\"https:\/\/noticiaempauta.com\/portal\/wp-content\/uploads\/2025\/08\/WhatsApp-Image-2025-08-11-at-15.08.35-1-648x1024.jpeg 648w, https:\/\/noticiaempauta.com\/portal\/wp-content\/uploads\/2025\/08\/WhatsApp-Image-2025-08-11-at-15.08.35-1-190x300.jpeg 190w, https:\/\/noticiaempauta.com\/portal\/wp-content\/uploads\/2025\/08\/WhatsApp-Image-2025-08-11-at-15.08.35-1-768x1214.jpeg 768w, https:\/\/noticiaempauta.com\/portal\/wp-content\/uploads\/2025\/08\/WhatsApp-Image-2025-08-11-at-15.08.35-1.jpeg 810w\" sizes=\"(max-width: 648px) 100vw, 648px\" \/><\/figure>\n","protected":false},"excerpt":{"rendered":"<p>Tem in\u00edcio no pr\u00f3ximo s\u00e1bado, 16 de agosto, a V Copa Paquet\u00e1 de Futsal, numa realiza\u00e7\u00e3o da Prefeitura Municipal de Paquet\u00e1 do Piau\u00ed, atrav\u00e9s da Secretaria Municipal de Esportes o evento esportivo que j\u00e1 \u00e9 tradi\u00e7\u00e3o no munic\u00edpio consolida o incentivo ao esporte a integra\u00e7\u00e3o entre as comunidades e cidades vizinhas. A solenidade de abertura [&hellip;]<\/p>\n","protected":false},"author":2,"featured_media":276494,"comment_status":"open","ping_status":"open","sticky":false,"template":"","format":"standard","meta":{"_mi_skip_tracking":false,"footnotes":""},"categories":[25,26,1,9,16],"tags":[],"class_list":["post-276490","post","type-post","status-publish","format-standard","has-post-thumbnail","hentry","category-destaques-site","category-esporte","category-geral","category-municipios","category-todas"],"acf":[],"yoast_head":"<!-- This site is optimized with the Yoast SEO Premium plugin v19.2 (Yoast SEO v26.9) - https:\/\/yoast.com\/product\/yoast-seo-premium-wordpress\/ -->\n<title>V Copa Paquet\u00e1 de Futsal tem in\u00edcio no pr\u00f3ximo s\u00e1bado (16) - Portal Not\u00edcia em Pauta<\/title>\n<meta name=\"robots\" content=\"index, follow, max-snippet:-1, max-image-preview:large, max-video-preview:-1\" \/>\n<link rel=\"canonical\" href=\"https:\/\/noticiaempauta.com\/portal\/v-copa-paqueta-de-futsal-tem-inicio-no-proximo-sabado-16\/\" \/>\n<meta property=\"og:locale\" content=\"pt_BR\" \/>\n<meta property=\"og:type\" content=\"article\" \/>\n<meta property=\"og:title\" content=\"V Copa Paquet\u00e1 de Futsal tem in\u00edcio no pr\u00f3ximo s\u00e1bado (16)\" \/>\n<meta property=\"og:description\" content=\"Tem in\u00edcio no pr\u00f3ximo s\u00e1bado, 16 de agosto, a V Copa Paquet\u00e1 de Futsal, numa realiza\u00e7\u00e3o da Prefeitura Municipal de Paquet\u00e1 do Piau\u00ed, atrav\u00e9s da Secretaria Municipal de Esportes o evento esportivo que j\u00e1 \u00e9 tradi\u00e7\u00e3o no munic\u00edpio consolida o incentivo ao esporte a integra\u00e7\u00e3o entre as comunidades e cidades vizinhas. A solenidade de abertura [&hellip;]\" \/>\n<meta property=\"og:url\" content=\"https:\/\/noticiaempauta.com\/portal\/v-copa-paqueta-de-futsal-tem-inicio-no-proximo-sabado-16\/\" \/>\n<meta property=\"og:site_name\" content=\"Portal Not\u00edcia em Pauta\" \/>\n<meta property=\"article:publisher\" content=\"https:\/\/www.facebook.com\/Portal-Notcia-Em-Pauta-102292869264820\/\" \/>\n<meta property=\"article:published_time\" content=\"2025-08-11T18:27:36+00:00\" \/>\n<meta property=\"article:modified_time\" content=\"2025-08-11T18:30:04+00:00\" \/>\n<meta property=\"og:image\" content=\"https:\/\/noticiaempauta.com\/portal\/wp-content\/uploads\/2025\/08\/888888888888888888888888888899999999.jpg\" \/>\n\t<meta property=\"og:image:width\" content=\"1200\" \/>\n\t<meta property=\"og:image:height\" content=\"800\" \/>\n\t<meta property=\"og:image:type\" content=\"image\/jpeg\" \/>\n<meta name=\"author\" content=\"Reda\u00e7\u00e3o\" \/>\n<meta name=\"twitter:card\" content=\"summary_large_image\" \/>\n<meta name=\"twitter:label1\" content=\"Escrito por\" \/>\n\t<meta name=\"twitter:data1\" content=\"Reda\u00e7\u00e3o\" \/>\n\t<meta name=\"twitter:label2\" content=\"Est. tempo de leitura\" \/>\n\t<meta name=\"twitter:data2\" content=\"2 minutos\" \/>\n<script type=\"application\/ld+json\" class=\"yoast-schema-graph\">{\"@context\":\"https:\/\/schema.org\",\"@graph\":[{\"@type\":\"Article\",\"@id\":\"https:\/\/noticiaempauta.com\/portal\/v-copa-paqueta-de-futsal-tem-inicio-no-proximo-sabado-16\/#article\",\"isPartOf\":{\"@id\":\"https:\/\/noticiaempauta.com\/portal\/v-copa-paqueta-de-futsal-tem-inicio-no-proximo-sabado-16\/\"},\"author\":{\"name\":\"Reda\u00e7\u00e3o\",\"@id\":\"https:\/\/noticiaempauta.com\/portal\/#\/schema\/person\/a74af43dd1ab3deca45f988c717d57ac\"},\"headline\":\"V Copa Paquet\u00e1 de Futsal tem in\u00edcio no pr\u00f3ximo s\u00e1bado (16)\",\"datePublished\":\"2025-08-11T18:27:36+00:00\",\"dateModified\":\"2025-08-11T18:30:04+00:00\",\"mainEntityOfPage\":{\"@id\":\"https:\/\/noticiaempauta.com\/portal\/v-copa-paqueta-de-futsal-tem-inicio-no-proximo-sabado-16\/\"},\"wordCount\":200,\"commentCount\":0,\"publisher\":{\"@id\":\"https:\/\/noticiaempauta.com\/portal\/#organization\"},\"image\":{\"@id\":\"https:\/\/noticiaempauta.com\/portal\/v-copa-paqueta-de-futsal-tem-inicio-no-proximo-sabado-16\/#primaryimage\"},\"thumbnailUrl\":\"https:\/\/noticiaempauta.com\/portal\/wp-content\/uploads\/2025\/08\/888888888888888888888888888899999999.jpg\",\"articleSection\":[\"Destaques\",\"Esporte\",\"Geral\",\"Munic\u00edpios\",\"Todas as Not\u00edcias\"],\"inLanguage\":\"pt-BR\",\"potentialAction\":[{\"@type\":\"CommentAction\",\"name\":\"Comment\",\"target\":[\"https:\/\/noticiaempauta.com\/portal\/v-copa-paqueta-de-futsal-tem-inicio-no-proximo-sabado-16\/#respond\"]}]},{\"@type\":\"WebPage\",\"@id\":\"https:\/\/noticiaempauta.com\/portal\/v-copa-paqueta-de-futsal-tem-inicio-no-proximo-sabado-16\/\",\"url\":\"https:\/\/noticiaempauta.com\/portal\/v-copa-paqueta-de-futsal-tem-inicio-no-proximo-sabado-16\/\",\"name\":\"V Copa Paquet\u00e1 de Futsal tem in\u00edcio no pr\u00f3ximo s\u00e1bado (16) - Portal Not\u00edcia em Pauta\",\"isPartOf\":{\"@id\":\"https:\/\/noticiaempauta.com\/portal\/#website\"},\"primaryImageOfPage\":{\"@id\":\"https:\/\/noticiaempauta.com\/portal\/v-copa-paqueta-de-futsal-tem-inicio-no-proximo-sabado-16\/#primaryimage\"},\"image\":{\"@id\":\"https:\/\/noticiaempauta.com\/portal\/v-copa-paqueta-de-futsal-tem-inicio-no-proximo-sabado-16\/#primaryimage\"},\"thumbnailUrl\":\"https:\/\/noticiaempauta.com\/portal\/wp-content\/uploads\/2025\/08\/888888888888888888888888888899999999.jpg\",\"datePublished\":\"2025-08-11T18:27:36+00:00\",\"dateModified\":\"2025-08-11T18:30:04+00:00\",\"breadcrumb\":{\"@id\":\"https:\/\/noticiaempauta.com\/portal\/v-copa-paqueta-de-futsal-tem-inicio-no-proximo-sabado-16\/#breadcrumb\"},\"inLanguage\":\"pt-BR\",\"potentialAction\":[{\"@type\":\"ReadAction\",\"target\":[\"https:\/\/noticiaempauta.com\/portal\/v-copa-paqueta-de-futsal-tem-inicio-no-proximo-sabado-16\/\"]}]},{\"@type\":\"ImageObject\",\"inLanguage\":\"pt-BR\",\"@id\":\"https:\/\/noticiaempauta.com\/portal\/v-copa-paqueta-de-futsal-tem-inicio-no-proximo-sabado-16\/#primaryimage\",\"url\":\"https:\/\/noticiaempauta.com\/portal\/wp-content\/uploads\/2025\/08\/888888888888888888888888888899999999.jpg\",\"contentUrl\":\"https:\/\/noticiaempauta.com\/portal\/wp-content\/uploads\/2025\/08\/888888888888888888888888888899999999.jpg\",\"width\":1200,\"height\":800},{\"@type\":\"BreadcrumbList\",\"@id\":\"https:\/\/noticiaempauta.com\/portal\/v-copa-paqueta-de-futsal-tem-inicio-no-proximo-sabado-16\/#breadcrumb\",\"itemListElement\":[{\"@type\":\"ListItem\",\"position\":1,\"name\":\"P\u00e1gina Inicial\",\"item\":\"https:\/\/noticiaempauta.com\/portal\/\"},{\"@type\":\"ListItem\",\"position\":2,\"name\":\"Destaques\",\"item\":\"https:\/\/noticiaempauta.com\/portal\/destaques-site\/\"},{\"@type\":\"ListItem\",\"position\":3,\"name\":\"V Copa Paquet\u00e1 de Futsal tem in\u00edcio no pr\u00f3ximo s\u00e1bado (16)\"}]},{\"@type\":\"WebSite\",\"@id\":\"https:\/\/noticiaempauta.com\/portal\/#website\",\"url\":\"https:\/\/noticiaempauta.com\/portal\/\",\"name\":\"Portal Not\u00edcia em Pauta\",\"description\":\"Voc\u00ea bem informado\",\"publisher\":{\"@id\":\"https:\/\/noticiaempauta.com\/portal\/#organization\"},\"potentialAction\":[{\"@type\":\"SearchAction\",\"target\":{\"@type\":\"EntryPoint\",\"urlTemplate\":\"https:\/\/noticiaempauta.com\/portal\/?s={search_term_string}\"},\"query-input\":{\"@type\":\"PropertyValueSpecification\",\"valueRequired\":true,\"valueName\":\"search_term_string\"}}],\"inLanguage\":\"pt-BR\"},{\"@type\":\"Organization\",\"@id\":\"https:\/\/noticiaempauta.com\/portal\/#organization\",\"name\":\"Portal Not\u00edcia em Pauta\",\"url\":\"https:\/\/noticiaempauta.com\/portal\/\",\"logo\":{\"@type\":\"ImageObject\",\"inLanguage\":\"pt-BR\",\"@id\":\"https:\/\/noticiaempauta.com\/portal\/#\/schema\/logo\/image\/\",\"url\":\"https:\/\/noticiaempauta.com\/portal\/wp-content\/uploads\/2022\/08\/logomarca_tema.fw_.png\",\"contentUrl\":\"https:\/\/noticiaempauta.com\/portal\/wp-content\/uploads\/2022\/08\/logomarca_tema.fw_.png\",\"width\":400,\"height\":232,\"caption\":\"Portal Not\u00edcia em Pauta\"},\"image\":{\"@id\":\"https:\/\/noticiaempauta.com\/portal\/#\/schema\/logo\/image\/\"},\"sameAs\":[\"https:\/\/www.facebook.com\/Portal-Notcia-Em-Pauta-102292869264820\/\",\"https:\/\/www.instagram.com\/portalnoticiaempauta\/\"]},{\"@type\":\"Person\",\"@id\":\"https:\/\/noticiaempauta.com\/portal\/#\/schema\/person\/a74af43dd1ab3deca45f988c717d57ac\",\"name\":\"Reda\u00e7\u00e3o\",\"image\":{\"@type\":\"ImageObject\",\"inLanguage\":\"pt-BR\",\"@id\":\"https:\/\/noticiaempauta.com\/portal\/#\/schema\/person\/image\/\",\"url\":\"https:\/\/secure.gravatar.com\/avatar\/03179346ecce6cdfc13361603e8f54242a90e5cde8618fa23c5c00aa2b0aadf3?s=96&d=mm&r=g\",\"contentUrl\":\"https:\/\/secure.gravatar.com\/avatar\/03179346ecce6cdfc13361603e8f54242a90e5cde8618fa23c5c00aa2b0aadf3?s=96&d=mm&r=g\",\"caption\":\"Reda\u00e7\u00e3o\"},\"sameAs\":[\"https:\/\/noticiaempauta.com\/portal\/\"],\"url\":\"https:\/\/noticiaempauta.com\/portal\/author\/fernando\/\"}]}<\/script>\n<!-- \/ Yoast SEO Premium plugin. -->","yoast_head_json":{"title":"V Copa Paquet\u00e1 de Futsal tem in\u00edcio no pr\u00f3ximo s\u00e1bado (16) - Portal Not\u00edcia em Pauta","robots":{"index":"index","follow":"follow","max-snippet":"max-snippet:-1","max-image-preview":"max-image-preview:large","max-video-preview":"max-video-preview:-1"},"canonical":"https:\/\/noticiaempauta.com\/portal\/v-copa-paqueta-de-futsal-tem-inicio-no-proximo-sabado-16\/","og_locale":"pt_BR","og_type":"article","og_title":"V Copa Paquet\u00e1 de Futsal tem in\u00edcio no pr\u00f3ximo s\u00e1bado (16)","og_description":"Tem in\u00edcio no pr\u00f3ximo s\u00e1bado, 16 de agosto, a V Copa Paquet\u00e1 de Futsal, numa realiza\u00e7\u00e3o da Prefeitura Municipal de Paquet\u00e1 do Piau\u00ed, atrav\u00e9s da Secretaria Municipal de Esportes o evento esportivo que j\u00e1 \u00e9 tradi\u00e7\u00e3o no munic\u00edpio consolida o incentivo ao esporte a integra\u00e7\u00e3o entre as comunidades e cidades vizinhas. A solenidade de abertura [&hellip;]","og_url":"https:\/\/noticiaempauta.com\/portal\/v-copa-paqueta-de-futsal-tem-inicio-no-proximo-sabado-16\/","og_site_name":"Portal Not\u00edcia em Pauta","article_publisher":"https:\/\/www.facebook.com\/Portal-Notcia-Em-Pauta-102292869264820\/","article_published_time":"2025-08-11T18:27:36+00:00","article_modified_time":"2025-08-11T18:30:04+00:00","og_image":[{"width":1200,"height":800,"url":"https:\/\/noticiaempauta.com\/portal\/wp-content\/uploads\/2025\/08\/888888888888888888888888888899999999.jpg","type":"image\/jpeg"}],"author":"Reda\u00e7\u00e3o","twitter_card":"summary_large_image","twitter_misc":{"Escrito por":"Reda\u00e7\u00e3o","Est. tempo de leitura":"2 minutos"},"schema":{"@context":"https:\/\/schema.org","@graph":[{"@type":"Article","@id":"https:\/\/noticiaempauta.com\/portal\/v-copa-paqueta-de-futsal-tem-inicio-no-proximo-sabado-16\/#article","isPartOf":{"@id":"https:\/\/noticiaempauta.com\/portal\/v-copa-paqueta-de-futsal-tem-inicio-no-proximo-sabado-16\/"},"author":{"name":"Reda\u00e7\u00e3o","@id":"https:\/\/noticiaempauta.com\/portal\/#\/schema\/person\/a74af43dd1ab3deca45f988c717d57ac"},"headline":"V Copa Paquet\u00e1 de Futsal tem in\u00edcio no pr\u00f3ximo s\u00e1bado (16)","datePublished":"2025-08-11T18:27:36+00:00","dateModified":"2025-08-11T18:30:04+00:00","mainEntityOfPage":{"@id":"https:\/\/noticiaempauta.com\/portal\/v-copa-paqueta-de-futsal-tem-inicio-no-proximo-sabado-16\/"},"wordCount":200,"commentCount":0,"publisher":{"@id":"https:\/\/noticiaempauta.com\/portal\/#organization"},"image":{"@id":"https:\/\/noticiaempauta.com\/portal\/v-copa-paqueta-de-futsal-tem-inicio-no-proximo-sabado-16\/#primaryimage"},"thumbnailUrl":"https:\/\/noticiaempauta.com\/portal\/wp-content\/uploads\/2025\/08\/888888888888888888888888888899999999.jpg","articleSection":["Destaques","Esporte","Geral","Munic\u00edpios","Todas as Not\u00edcias"],"inLanguage":"pt-BR","potentialAction":[{"@type":"CommentAction","name":"Comment","target":["https:\/\/noticiaempauta.com\/portal\/v-copa-paqueta-de-futsal-tem-inicio-no-proximo-sabado-16\/#respond"]}]},{"@type":"WebPage","@id":"https:\/\/noticiaempauta.com\/portal\/v-copa-paqueta-de-futsal-tem-inicio-no-proximo-sabado-16\/","url":"https:\/\/noticiaempauta.com\/portal\/v-copa-paqueta-de-futsal-tem-inicio-no-proximo-sabado-16\/","name":"V Copa Paquet\u00e1 de Futsal tem in\u00edcio no pr\u00f3ximo s\u00e1bado (16) - Portal Not\u00edcia em Pauta","isPartOf":{"@id":"https:\/\/noticiaempauta.com\/portal\/#website"},"primaryImageOfPage":{"@id":"https:\/\/noticiaempauta.com\/portal\/v-copa-paqueta-de-futsal-tem-inicio-no-proximo-sabado-16\/#primaryimage"},"image":{"@id":"https:\/\/noticiaempauta.com\/portal\/v-copa-paqueta-de-futsal-tem-inicio-no-proximo-sabado-16\/#primaryimage"},"thumbnailUrl":"https:\/\/noticiaempauta.com\/portal\/wp-content\/uploads\/2025\/08\/888888888888888888888888888899999999.jpg","datePublished":"2025-08-11T18:27:36+00:00","dateModified":"2025-08-11T18:30:04+00:00","breadcrumb":{"@id":"https:\/\/noticiaempauta.com\/portal\/v-copa-paqueta-de-futsal-tem-inicio-no-proximo-sabado-16\/#breadcrumb"},"inLanguage":"pt-BR","potentialAction":[{"@type":"ReadAction","target":["https:\/\/noticiaempauta.com\/portal\/v-copa-paqueta-de-futsal-tem-inicio-no-proximo-sabado-16\/"]}]},{"@type":"ImageObject","inLanguage":"pt-BR","@id":"https:\/\/noticiaempauta.com\/portal\/v-copa-paqueta-de-futsal-tem-inicio-no-proximo-sabado-16\/#primaryimage","url":"https:\/\/noticiaempauta.com\/portal\/wp-content\/uploads\/2025\/08\/888888888888888888888888888899999999.jpg","contentUrl":"https:\/\/noticiaempauta.com\/portal\/wp-content\/uploads\/2025\/08\/888888888888888888888888888899999999.jpg","width":1200,"height":800},{"@type":"BreadcrumbList","@id":"https:\/\/noticiaempauta.com\/portal\/v-copa-paqueta-de-futsal-tem-inicio-no-proximo-sabado-16\/#breadcrumb","itemListElement":[{"@type":"ListItem","position":1,"name":"P\u00e1gina Inicial","item":"https:\/\/noticiaempauta.com\/portal\/"},{"@type":"ListItem","position":2,"name":"Destaques","item":"https:\/\/noticiaempauta.com\/portal\/destaques-site\/"},{"@type":"ListItem","position":3,"name":"V Copa Paquet\u00e1 de Futsal tem in\u00edcio no pr\u00f3ximo s\u00e1bado (16)"}]},{"@type":"WebSite","@id":"https:\/\/noticiaempauta.com\/portal\/#website","url":"https:\/\/noticiaempauta.com\/portal\/","name":"Portal Not\u00edcia em Pauta","description":"Voc\u00ea bem informado","publisher":{"@id":"https:\/\/noticiaempauta.com\/portal\/#organization"},"potentialAction":[{"@type":"SearchAction","target":{"@type":"EntryPoint","urlTemplate":"https:\/\/noticiaempauta.com\/portal\/?s={search_term_string}"},"query-input":{"@type":"PropertyValueSpecification","valueRequired":true,"valueName":"search_term_string"}}],"inLanguage":"pt-BR"},{"@type":"Organization","@id":"https:\/\/noticiaempauta.com\/portal\/#organization","name":"Portal Not\u00edcia em Pauta","url":"https:\/\/noticiaempauta.com\/portal\/","logo":{"@type":"ImageObject","inLanguage":"pt-BR","@id":"https:\/\/noticiaempauta.com\/portal\/#\/schema\/logo\/image\/","url":"https:\/\/noticiaempauta.com\/portal\/wp-content\/uploads\/2022\/08\/logomarca_tema.fw_.png","contentUrl":"https:\/\/noticiaempauta.com\/portal\/wp-content\/uploads\/2022\/08\/logomarca_tema.fw_.png","width":400,"height":232,"caption":"Portal Not\u00edcia em Pauta"},"image":{"@id":"https:\/\/noticiaempauta.com\/portal\/#\/schema\/logo\/image\/"},"sameAs":["https:\/\/www.facebook.com\/Portal-Notcia-Em-Pauta-102292869264820\/","https:\/\/www.instagram.com\/portalnoticiaempauta\/"]},{"@type":"Person","@id":"https:\/\/noticiaempauta.com\/portal\/#\/schema\/person\/a74af43dd1ab3deca45f988c717d57ac","name":"Reda\u00e7\u00e3o","image":{"@type":"ImageObject","inLanguage":"pt-BR","@id":"https:\/\/noticiaempauta.com\/portal\/#\/schema\/person\/image\/","url":"https:\/\/secure.gravatar.com\/avatar\/03179346ecce6cdfc13361603e8f54242a90e5cde8618fa23c5c00aa2b0aadf3?s=96&d=mm&r=g","contentUrl":"https:\/\/secure.gravatar.com\/avatar\/03179346ecce6cdfc13361603e8f54242a90e5cde8618fa23c5c00aa2b0aadf3?s=96&d=mm&r=g","caption":"Reda\u00e7\u00e3o"},"sameAs":["https:\/\/noticiaempauta.com\/portal\/"],"url":"https:\/\/noticiaempauta.com\/portal\/author\/fernando\/"}]}},"_links":{"self":[{"href":"https:\/\/noticiaempauta.com\/portal\/wp-json\/wp\/v2\/posts\/276490","targetHints":{"allow":["GET"]}}],"collection":[{"href":"https:\/\/noticiaempauta.com\/portal\/wp-json\/wp\/v2\/posts"}],"about":[{"href":"https:\/\/noticiaempauta.com\/portal\/wp-json\/wp\/v2\/types\/post"}],"author":[{"embeddable":true,"href":"https:\/\/noticiaempauta.com\/portal\/wp-json\/wp\/v2\/users\/2"}],"replies":[{"embeddable":true,"href":"https:\/\/noticiaempauta.com\/portal\/wp-json\/wp\/v2\/comments?post=276490"}],"version-history":[{"count":5,"href":"https:\/\/noticiaempauta.com\/portal\/wp-json\/wp\/v2\/posts\/276490\/revisions"}],"predecessor-version":[{"id":276502,"href":"https:\/\/noticiaempauta.com\/portal\/wp-json\/wp\/v2\/posts\/276490\/revisions\/276502"}],"wp:featuredmedia":[{"embeddable":true,"href":"https:\/\/noticiaempauta.com\/portal\/wp-json\/wp\/v2\/media\/276494"}],"wp:attachment":[{"href":"https:\/\/noticiaempauta.com\/portal\/wp-json\/wp\/v2\/media?parent=276490"}],"wp:term":[{"taxonomy":"category","embeddable":true,"href":"https:\/\/noticiaempauta.com\/portal\/wp-json\/wp\/v2\/categories?post=276490"},{"taxonomy":"post_tag","embeddable":true,"href":"https:\/\/noticiaempauta.com\/portal\/wp-json\/wp\/v2\/tags?post=276490"}],"curies":[{"name":"wp","href":"https:\/\/api.w.org\/{rel}","templated":true}]}}