{"id":276532,"date":"2025-08-12T09:39:04","date_gmt":"2025-08-12T12:39:04","guid":{"rendered":"https:\/\/noticiaempauta.com\/portal\/?p=276532"},"modified":"2025-08-12T09:39:05","modified_gmt":"2025-08-12T12:39:05","slug":"com-tarifaco-e-grave-seca-produtores-de-mel-do-pi-preveem-perdas-acima-de-50","status":"publish","type":"post","link":"https:\/\/noticiaempauta.com\/portal\/com-tarifaco-e-grave-seca-produtores-de-mel-do-pi-preveem-perdas-acima-de-50\/","title":{"rendered":"Com tarifa\u00e7o e grave seca, produtores de mel do PI preveem perdas acima de 50%"},"content":{"rendered":"\n<p>Enfrentando uma seca severa, apicultores do Piau\u00ed preveem preju\u00edzos acima de 50% com o tarifa\u00e7o do presidente Trump, agravada com a escassez de chuvas. O estado \u00e9 um dos mais afetados pelo tarifa\u00e7o, segundo a Abemel (Associa\u00e7\u00e3o Brasileira dos Exportadores de Mel).<\/p>\n\n\n\n<p>A associa\u00e7\u00e3o estima que o preju\u00edzo cerca de US$ 40 milh\u00f5es a US$ 50 milh\u00f5es at\u00e9 dezembro, o que pode ultrapassar os R$ 200 milh\u00f5es para os exportadores de mel no Brasil. Os Estados Unidos s\u00e3o o destino de 51% das exporta\u00e7\u00f5es do produto.&nbsp;<\/p>\n\n\n\n<figure class=\"wp-block-image size-large\"><img fetchpriority=\"high\" decoding=\"async\" width=\"1024\" height=\"570\" src=\"https:\/\/noticiaempauta.com\/portal\/wp-content\/uploads\/2025\/08\/mel5-1024x570.jpeg\" alt=\"\" class=\"wp-image-276533\" srcset=\"https:\/\/noticiaempauta.com\/portal\/wp-content\/uploads\/2025\/08\/mel5-1024x570.jpeg 1024w, https:\/\/noticiaempauta.com\/portal\/wp-content\/uploads\/2025\/08\/mel5-300x167.jpeg 300w, https:\/\/noticiaempauta.com\/portal\/wp-content\/uploads\/2025\/08\/mel5-768x428.jpeg 768w, https:\/\/noticiaempauta.com\/portal\/wp-content\/uploads\/2025\/08\/mel5.jpeg 1280w\" sizes=\"(max-width: 1024px) 100vw, 1024px\" \/><figcaption class=\"wp-element-caption\"><em>(Foto: Reprodu\u00e7\u00e3o)<\/em><\/figcaption><\/figure>\n\n\n\n<p>Nos primeiros dias de tarifa\u00e7o, produtores de mel piauienses relatam momentos de ang\u00fastia e incertezas. Algumas cooperativas ap\u00edcolas destacam que \u00e9 preciso buscar clientes dentro do Brasil, estimulando o consumo de mel e atraindo outros mercados como da Asia, Europa e Oriente M\u00e9dio.<\/p>\n\n\n\n<p>Segundo maior produtor de mel do Pa\u00eds, o Piau\u00ed, em 2024, exportou dez toneladas de mel e movimentou U$ 25,5 milh\u00f5es de d\u00f3lares, de acordo com dados do Minist\u00e9rio do Desenvolvimento, Ind\u00fastria, Com\u00e9rcio e Servi\u00e7os (MDIC).<\/p>\n\n\n\n<p>Filho de uma gera\u00e7\u00e3o de apicultores do munic\u00edpio de Itain\u00f3polis (PI), Luis Henrique Oliveira, 28, cr\u00ea que o impacto da tarifa de Trump ainda \u00e9 uma inc\u00f3gnita para o pequeno produtor.<\/p>\n\n\n\n<p>&#8220;A gente fica angustiado sem saber como ser\u00e3o afetadas as produ\u00e7\u00f5es futuras. Ainda \u00e9 uma inc\u00f3gnita e o cen\u00e1rio n\u00e3o \u00e9 nada bom. O mel \u00e9 a nossa principal fonte de renda. A safra n\u00e3o foi boa este ano e agora juntou com o tarifa\u00e7o e os preju\u00edzos ser\u00e3o maiores, creio que acima de 50%&#8221;, disse Luis Henrique que exportou duas toneladas de mel para o exterior em junho deste ano. Segundo ele, o balde com 25 kg de mel \u00e9 vendido a R$ 380.<\/p>\n\n\n\n<p>Gerente de uma cooperativa de 18 anos, na cidade de Simpl\u00edcio Mendes (PI), Janete Dias, destacou que a seca reduziu este ano a produ\u00e7\u00e3o de mel na regi\u00e3o e que o impacto do tarifa\u00e7o ser\u00e1 sentido em novembro.<\/p>\n\n\n\n<p>&#8220;Vamos sentir esse tarifa\u00e7o com a nova safra prevista para o final do ano. Hoje estamos no escuro e a luta agora \u00e9 n\u00e3o perder enxame nesse per\u00edodo de seca&#8221;, disse Janete Dias que representa 292 cooperados de n\u00facleo familiar.<\/p>\n\n\n\n<p>Ela garante que n\u00e3o tem pedido parado por n\u00e3o ter mat\u00e9ria-prima, devido \u00e0 estiagem. &#8220;T\u00ednhamos uma previs\u00e3o de enviar este ano oito cont\u00eaineres, mas s\u00f3 conseguimos enviar um&#8221;, disse Janete. Um cont\u00eainer tem 19 mil e 200 kg de mel.<\/p>\n\n\n\n<p><strong>Clientes estrangeiros v\u00e3o assumir tarifa at\u00e9 dezembro<\/strong><\/p>\n\n\n\n<p>Representando a maior cooperativa ap\u00edcola do pa\u00eds, a Casa Apis, o presidente Sit\u00f4nho Dantas informou que conseguiu negociar com os clientes estrangeiros de assumir a tarifa at\u00e9 dezembro.<\/p>\n\n\n\n<p>&#8220;A not\u00edcia boa \u00e9 que eles n\u00e3o cancelaram os contratos e autorizaram receber o mel e manter o contrato at\u00e9 dezembro, recebendo de 25 a 30 cont\u00eaineres, e v\u00e3o assumir as tarifas e sem redu\u00e7\u00e3o de pre\u00e7os&#8221;, disse.<\/p>\n\n\n\n<p>Ano passado, a Casa Apis exportou 1.900 toneladas de mel, um total de 96 cont\u00eaineres.<\/p>\n\n\n\n<p>&#8220;Este ano, t\u00ednhamos uma previs\u00e3o de exportar 2.200 toneladas de mel, mas a seca atrapalhou e com a tarifa vai ficar mais dif\u00edcil, mas o mercado tende a crescer&#8221;, disse Sit\u00f4nho.<\/p>\n\n\n\n<p>Ele, que trabalha h\u00e1 mais de 20 anos com a cadeia do mel, defende o estimulo ao consumo interno, principalmente nas escolas. &#8220;Temos um mel de alta qualidade e vamos buscar mercados como o da Asia, da Europa e do Oriente M\u00e9dio&#8221;.<\/p>\n\n\n\n<p>Segundo Sit\u00f4nho o impacto da seca at\u00edpica vai reduzir de 35% a 40% a produ\u00e7\u00e3o do mel dos mais de 800 associados dos estados do Piau\u00ed, Maranh\u00e3o e Cear\u00e1.<\/p>\n\n\n\n<p>No Piau\u00ed, 129 munic\u00edpios dos 224 existentes est\u00e3o em situa\u00e7\u00e3o de emerg\u00eancia, devido \u00e0 escassez de chuvas. Ontem, o governo do estado anunciou medidas para agilizar a devolu\u00e7\u00e3o dos cr\u00e9ditos de exporta\u00e7\u00e3o para minimizar efeitos do tarifa\u00e7o.<\/p>\n\n\n\n<p>De acordo com o presidente da Abemel, Renato Azevedo, o Piau\u00ed tem maior potencial de ser afetado entre os tr\u00eas principais exportadores. &#8220;Quem perde mais s\u00e3o os produtores e os maiores s\u00e3o Rio Grande do Sul, Paran\u00e1 e Piau\u00ed. O Piau\u00ed tem uma produ\u00e7\u00e3o org\u00e2nica, que \u00e9 tradicionalmente o mais exportado, e tem potencial de ser o mais prejudicado.&#8221;<\/p>\n\n\n\n<p>A Abemel afirma que a inseguran\u00e7a sobre o futuro do tarifa\u00e7o \u00e9 um dos principais fatores que preocupam os produtores. Segundo Azevedo, os estoques est\u00e3o cheios e os envios de cargas de mel para os portos foram suspensos.<\/p>\n\n\n\n<p>&#8220;Os Estados Unidos s\u00e3o o destino de 51% da produ\u00e7\u00e3o de mel aproximadamente. 30% ficam no Brasil e 19% s\u00e3o enviados para outros pa\u00edses, como os da Europa&#8221;, diz.<\/p>\n\n\n\n<p>A tend\u00eancia \u00e9 que o pre\u00e7o do produto caia, como efeito das tarifas extras, de acordo com o representante da associa\u00e7\u00e3o. &#8220;O pre\u00e7o vai cair. O mel at\u00e9 julho era negociado na faixa de US$ 3.500 a tonelada. A gente estima que v\u00e1 perder em torno de 30% disso. O volume deve cair 50% na m\u00e9dia&#8221;, diz.<\/p>\n\n\n\n<p>Segundo ele, \u00e9 muito dif\u00edcil repor o envio do mel dentro do Brasil. &#8220;No mercado brasileiro, \u00e9 muito dif\u00edcil repor, seria sair de 30% [de consumo] para quase 80% em seis meses ou um ano.&#8221;<\/p>\n\n\n\n<p>Enquanto isso, na Europa, al\u00e9m de barreiras comerciais, h\u00e1 diferen\u00e7as t\u00e9cnicas na classifica\u00e7\u00e3o do mel org\u00e2nico em rela\u00e7\u00e3o aos EUA, segundo Azevedo.<\/p>\n\n\n\n<p>Apesar dos problemas, as exporta\u00e7\u00f5es para os Estados Unidos v\u00e3o continuar, por\u00e9m, em ritmo menor. &#8220;Mesmo que se coloque essa taxa e fique em vigor, o mercado americano n\u00e3o vai sumir, vai diminuir. Talvez saia de 51% e v\u00e1 para 20% e a\u00ed temos que absorver essa diferen\u00e7a tomando iniciativas&#8221;, diz Renato Azevedo.<\/p>\n\n\n\n<p>Parte das empresas negocia com compradores dos Estados Unidos para manter as exporta\u00e7\u00f5es. Outras cogitam fazer demiss\u00f5es nos pr\u00f3ximos meses caso a situa\u00e7\u00e3o de sobretaxa continue.<\/p>\n\n\n\n<p>O presidente da Abemel participou de encontro de empres\u00e1rios com o vice-presidente Geraldo Alckmin (PSB) em Bras\u00edlia na semana passada e pediu ajuda do governo federal para evitar danos ao setor.<\/p>\n\n\n\n<p>&#8220;Precisamos de uma linha de cr\u00e9dito com prazo de cinco anos para que continuemos comprando do apicultor e fazendo o neg\u00f3cio girar. O mel tem um aspecto social, econ\u00f4mico e socioambiental que \u00e9 um diferencial, temos que tentar preservar isso&#8221;, disse Renato Azevedo.<\/p>\n\n\n\n<p>Fonte: Cidade Verde<\/p>\n","protected":false},"excerpt":{"rendered":"<p>Enfrentando uma seca severa, apicultores do Piau\u00ed preveem preju\u00edzos acima de 50% com o tarifa\u00e7o do presidente Trump, agravada com a escassez de chuvas. O estado \u00e9 um dos mais afetados pelo tarifa\u00e7o, segundo a Abemel (Associa\u00e7\u00e3o Brasileira dos Exportadores de Mel). A associa\u00e7\u00e3o estima que o preju\u00edzo cerca de US$ 40 milh\u00f5es a US$ [&hellip;]<\/p>\n","protected":false},"author":2,"featured_media":276533,"comment_status":"open","ping_status":"open","sticky":false,"template":"","format":"standard","meta":{"_mi_skip_tracking":false,"footnotes":""},"categories":[25,6,1,16],"tags":[192],"class_list":["post-276532","post","type-post","status-publish","format-standard","has-post-thumbnail","hentry","category-destaques-site","category-economia","category-geral","category-todas","tag-destaqueprincipal"],"acf":[],"yoast_head":"<!-- This site is optimized with the Yoast SEO Premium plugin v19.2 (Yoast SEO v26.9) - https:\/\/yoast.com\/product\/yoast-seo-premium-wordpress\/ -->\n<title>Com tarifa\u00e7o e grave seca, produtores de mel do PI preveem perdas acima de 50% - Portal Not\u00edcia em Pauta<\/title>\n<meta name=\"robots\" content=\"index, follow, max-snippet:-1, max-image-preview:large, max-video-preview:-1\" \/>\n<link rel=\"canonical\" href=\"https:\/\/noticiaempauta.com\/portal\/com-tarifaco-e-grave-seca-produtores-de-mel-do-pi-preveem-perdas-acima-de-50\/\" \/>\n<meta property=\"og:locale\" content=\"pt_BR\" \/>\n<meta property=\"og:type\" content=\"article\" \/>\n<meta property=\"og:title\" content=\"Com tarifa\u00e7o e grave seca, produtores de mel do PI preveem perdas acima de 50%\" \/>\n<meta property=\"og:description\" content=\"Enfrentando uma seca severa, apicultores do Piau\u00ed preveem preju\u00edzos acima de 50% com o tarifa\u00e7o do presidente Trump, agravada com a escassez de chuvas. O estado \u00e9 um dos mais afetados pelo tarifa\u00e7o, segundo a Abemel (Associa\u00e7\u00e3o Brasileira dos Exportadores de Mel). A associa\u00e7\u00e3o estima que o preju\u00edzo cerca de US$ 40 milh\u00f5es a US$ [&hellip;]\" \/>\n<meta property=\"og:url\" content=\"https:\/\/noticiaempauta.com\/portal\/com-tarifaco-e-grave-seca-produtores-de-mel-do-pi-preveem-perdas-acima-de-50\/\" \/>\n<meta property=\"og:site_name\" content=\"Portal Not\u00edcia em Pauta\" \/>\n<meta property=\"article:publisher\" content=\"https:\/\/www.facebook.com\/Portal-Notcia-Em-Pauta-102292869264820\/\" \/>\n<meta property=\"article:published_time\" content=\"2025-08-12T12:39:04+00:00\" \/>\n<meta property=\"article:modified_time\" content=\"2025-08-12T12:39:05+00:00\" \/>\n<meta property=\"og:image\" content=\"https:\/\/noticiaempauta.com\/portal\/wp-content\/uploads\/2025\/08\/mel5.jpeg\" \/>\n\t<meta property=\"og:image:width\" content=\"1280\" \/>\n\t<meta property=\"og:image:height\" content=\"713\" \/>\n\t<meta property=\"og:image:type\" content=\"image\/jpeg\" \/>\n<meta name=\"author\" content=\"Reda\u00e7\u00e3o\" \/>\n<meta name=\"twitter:card\" content=\"summary_large_image\" \/>\n<meta name=\"twitter:label1\" content=\"Escrito por\" \/>\n\t<meta name=\"twitter:data1\" content=\"Reda\u00e7\u00e3o\" \/>\n\t<meta name=\"twitter:label2\" content=\"Est. tempo de leitura\" \/>\n\t<meta name=\"twitter:data2\" content=\"7 minutos\" \/>\n<script type=\"application\/ld+json\" class=\"yoast-schema-graph\">{\"@context\":\"https:\/\/schema.org\",\"@graph\":[{\"@type\":\"Article\",\"@id\":\"https:\/\/noticiaempauta.com\/portal\/com-tarifaco-e-grave-seca-produtores-de-mel-do-pi-preveem-perdas-acima-de-50\/#article\",\"isPartOf\":{\"@id\":\"https:\/\/noticiaempauta.com\/portal\/com-tarifaco-e-grave-seca-produtores-de-mel-do-pi-preveem-perdas-acima-de-50\/\"},\"author\":{\"name\":\"Reda\u00e7\u00e3o\",\"@id\":\"https:\/\/noticiaempauta.com\/portal\/#\/schema\/person\/a74af43dd1ab3deca45f988c717d57ac\"},\"headline\":\"Com tarifa\u00e7o e grave seca, produtores de mel do PI preveem perdas acima de 50%\",\"datePublished\":\"2025-08-12T12:39:04+00:00\",\"dateModified\":\"2025-08-12T12:39:05+00:00\",\"mainEntityOfPage\":{\"@id\":\"https:\/\/noticiaempauta.com\/portal\/com-tarifaco-e-grave-seca-produtores-de-mel-do-pi-preveem-perdas-acima-de-50\/\"},\"wordCount\":1105,\"commentCount\":0,\"publisher\":{\"@id\":\"https:\/\/noticiaempauta.com\/portal\/#organization\"},\"image\":{\"@id\":\"https:\/\/noticiaempauta.com\/portal\/com-tarifaco-e-grave-seca-produtores-de-mel-do-pi-preveem-perdas-acima-de-50\/#primaryimage\"},\"thumbnailUrl\":\"https:\/\/noticiaempauta.com\/portal\/wp-content\/uploads\/2025\/08\/mel5.jpeg\",\"keywords\":[\"destaqueprincipal\"],\"articleSection\":[\"Destaques\",\"Economia\",\"Geral\",\"Todas as Not\u00edcias\"],\"inLanguage\":\"pt-BR\",\"potentialAction\":[{\"@type\":\"CommentAction\",\"name\":\"Comment\",\"target\":[\"https:\/\/noticiaempauta.com\/portal\/com-tarifaco-e-grave-seca-produtores-de-mel-do-pi-preveem-perdas-acima-de-50\/#respond\"]}]},{\"@type\":\"WebPage\",\"@id\":\"https:\/\/noticiaempauta.com\/portal\/com-tarifaco-e-grave-seca-produtores-de-mel-do-pi-preveem-perdas-acima-de-50\/\",\"url\":\"https:\/\/noticiaempauta.com\/portal\/com-tarifaco-e-grave-seca-produtores-de-mel-do-pi-preveem-perdas-acima-de-50\/\",\"name\":\"Com tarifa\u00e7o e grave seca, produtores de mel do PI preveem perdas acima de 50% - Portal Not\u00edcia em Pauta\",\"isPartOf\":{\"@id\":\"https:\/\/noticiaempauta.com\/portal\/#website\"},\"primaryImageOfPage\":{\"@id\":\"https:\/\/noticiaempauta.com\/portal\/com-tarifaco-e-grave-seca-produtores-de-mel-do-pi-preveem-perdas-acima-de-50\/#primaryimage\"},\"image\":{\"@id\":\"https:\/\/noticiaempauta.com\/portal\/com-tarifaco-e-grave-seca-produtores-de-mel-do-pi-preveem-perdas-acima-de-50\/#primaryimage\"},\"thumbnailUrl\":\"https:\/\/noticiaempauta.com\/portal\/wp-content\/uploads\/2025\/08\/mel5.jpeg\",\"datePublished\":\"2025-08-12T12:39:04+00:00\",\"dateModified\":\"2025-08-12T12:39:05+00:00\",\"breadcrumb\":{\"@id\":\"https:\/\/noticiaempauta.com\/portal\/com-tarifaco-e-grave-seca-produtores-de-mel-do-pi-preveem-perdas-acima-de-50\/#breadcrumb\"},\"inLanguage\":\"pt-BR\",\"potentialAction\":[{\"@type\":\"ReadAction\",\"target\":[\"https:\/\/noticiaempauta.com\/portal\/com-tarifaco-e-grave-seca-produtores-de-mel-do-pi-preveem-perdas-acima-de-50\/\"]}]},{\"@type\":\"ImageObject\",\"inLanguage\":\"pt-BR\",\"@id\":\"https:\/\/noticiaempauta.com\/portal\/com-tarifaco-e-grave-seca-produtores-de-mel-do-pi-preveem-perdas-acima-de-50\/#primaryimage\",\"url\":\"https:\/\/noticiaempauta.com\/portal\/wp-content\/uploads\/2025\/08\/mel5.jpeg\",\"contentUrl\":\"https:\/\/noticiaempauta.com\/portal\/wp-content\/uploads\/2025\/08\/mel5.jpeg\",\"width\":1280,\"height\":713},{\"@type\":\"BreadcrumbList\",\"@id\":\"https:\/\/noticiaempauta.com\/portal\/com-tarifaco-e-grave-seca-produtores-de-mel-do-pi-preveem-perdas-acima-de-50\/#breadcrumb\",\"itemListElement\":[{\"@type\":\"ListItem\",\"position\":1,\"name\":\"P\u00e1gina Inicial\",\"item\":\"https:\/\/noticiaempauta.com\/portal\/\"},{\"@type\":\"ListItem\",\"position\":2,\"name\":\"Destaques\",\"item\":\"https:\/\/noticiaempauta.com\/portal\/destaques-site\/\"},{\"@type\":\"ListItem\",\"position\":3,\"name\":\"Com tarifa\u00e7o e grave seca, produtores de mel do PI preveem perdas acima de 50%\"}]},{\"@type\":\"WebSite\",\"@id\":\"https:\/\/noticiaempauta.com\/portal\/#website\",\"url\":\"https:\/\/noticiaempauta.com\/portal\/\",\"name\":\"Portal Not\u00edcia em Pauta\",\"description\":\"Voc\u00ea bem informado\",\"publisher\":{\"@id\":\"https:\/\/noticiaempauta.com\/portal\/#organization\"},\"potentialAction\":[{\"@type\":\"SearchAction\",\"target\":{\"@type\":\"EntryPoint\",\"urlTemplate\":\"https:\/\/noticiaempauta.com\/portal\/?s={search_term_string}\"},\"query-input\":{\"@type\":\"PropertyValueSpecification\",\"valueRequired\":true,\"valueName\":\"search_term_string\"}}],\"inLanguage\":\"pt-BR\"},{\"@type\":\"Organization\",\"@id\":\"https:\/\/noticiaempauta.com\/portal\/#organization\",\"name\":\"Portal Not\u00edcia em Pauta\",\"url\":\"https:\/\/noticiaempauta.com\/portal\/\",\"logo\":{\"@type\":\"ImageObject\",\"inLanguage\":\"pt-BR\",\"@id\":\"https:\/\/noticiaempauta.com\/portal\/#\/schema\/logo\/image\/\",\"url\":\"https:\/\/noticiaempauta.com\/portal\/wp-content\/uploads\/2022\/08\/logomarca_tema.fw_.png\",\"contentUrl\":\"https:\/\/noticiaempauta.com\/portal\/wp-content\/uploads\/2022\/08\/logomarca_tema.fw_.png\",\"width\":400,\"height\":232,\"caption\":\"Portal Not\u00edcia em Pauta\"},\"image\":{\"@id\":\"https:\/\/noticiaempauta.com\/portal\/#\/schema\/logo\/image\/\"},\"sameAs\":[\"https:\/\/www.facebook.com\/Portal-Notcia-Em-Pauta-102292869264820\/\",\"https:\/\/www.instagram.com\/portalnoticiaempauta\/\"]},{\"@type\":\"Person\",\"@id\":\"https:\/\/noticiaempauta.com\/portal\/#\/schema\/person\/a74af43dd1ab3deca45f988c717d57ac\",\"name\":\"Reda\u00e7\u00e3o\",\"image\":{\"@type\":\"ImageObject\",\"inLanguage\":\"pt-BR\",\"@id\":\"https:\/\/noticiaempauta.com\/portal\/#\/schema\/person\/image\/\",\"url\":\"https:\/\/secure.gravatar.com\/avatar\/03179346ecce6cdfc13361603e8f54242a90e5cde8618fa23c5c00aa2b0aadf3?s=96&d=mm&r=g\",\"contentUrl\":\"https:\/\/secure.gravatar.com\/avatar\/03179346ecce6cdfc13361603e8f54242a90e5cde8618fa23c5c00aa2b0aadf3?s=96&d=mm&r=g\",\"caption\":\"Reda\u00e7\u00e3o\"},\"sameAs\":[\"https:\/\/noticiaempauta.com\/portal\/\"],\"url\":\"https:\/\/noticiaempauta.com\/portal\/author\/fernando\/\"}]}<\/script>\n<!-- \/ Yoast SEO Premium plugin. -->","yoast_head_json":{"title":"Com tarifa\u00e7o e grave seca, produtores de mel do PI preveem perdas acima de 50% - Portal Not\u00edcia em Pauta","robots":{"index":"index","follow":"follow","max-snippet":"max-snippet:-1","max-image-preview":"max-image-preview:large","max-video-preview":"max-video-preview:-1"},"canonical":"https:\/\/noticiaempauta.com\/portal\/com-tarifaco-e-grave-seca-produtores-de-mel-do-pi-preveem-perdas-acima-de-50\/","og_locale":"pt_BR","og_type":"article","og_title":"Com tarifa\u00e7o e grave seca, produtores de mel do PI preveem perdas acima de 50%","og_description":"Enfrentando uma seca severa, apicultores do Piau\u00ed preveem preju\u00edzos acima de 50% com o tarifa\u00e7o do presidente Trump, agravada com a escassez de chuvas. O estado \u00e9 um dos mais afetados pelo tarifa\u00e7o, segundo a Abemel (Associa\u00e7\u00e3o Brasileira dos Exportadores de Mel). A associa\u00e7\u00e3o estima que o preju\u00edzo cerca de US$ 40 milh\u00f5es a US$ [&hellip;]","og_url":"https:\/\/noticiaempauta.com\/portal\/com-tarifaco-e-grave-seca-produtores-de-mel-do-pi-preveem-perdas-acima-de-50\/","og_site_name":"Portal Not\u00edcia em Pauta","article_publisher":"https:\/\/www.facebook.com\/Portal-Notcia-Em-Pauta-102292869264820\/","article_published_time":"2025-08-12T12:39:04+00:00","article_modified_time":"2025-08-12T12:39:05+00:00","og_image":[{"width":1280,"height":713,"url":"https:\/\/noticiaempauta.com\/portal\/wp-content\/uploads\/2025\/08\/mel5.jpeg","type":"image\/jpeg"}],"author":"Reda\u00e7\u00e3o","twitter_card":"summary_large_image","twitter_misc":{"Escrito por":"Reda\u00e7\u00e3o","Est. tempo de leitura":"7 minutos"},"schema":{"@context":"https:\/\/schema.org","@graph":[{"@type":"Article","@id":"https:\/\/noticiaempauta.com\/portal\/com-tarifaco-e-grave-seca-produtores-de-mel-do-pi-preveem-perdas-acima-de-50\/#article","isPartOf":{"@id":"https:\/\/noticiaempauta.com\/portal\/com-tarifaco-e-grave-seca-produtores-de-mel-do-pi-preveem-perdas-acima-de-50\/"},"author":{"name":"Reda\u00e7\u00e3o","@id":"https:\/\/noticiaempauta.com\/portal\/#\/schema\/person\/a74af43dd1ab3deca45f988c717d57ac"},"headline":"Com tarifa\u00e7o e grave seca, produtores de mel do PI preveem perdas acima de 50%","datePublished":"2025-08-12T12:39:04+00:00","dateModified":"2025-08-12T12:39:05+00:00","mainEntityOfPage":{"@id":"https:\/\/noticiaempauta.com\/portal\/com-tarifaco-e-grave-seca-produtores-de-mel-do-pi-preveem-perdas-acima-de-50\/"},"wordCount":1105,"commentCount":0,"publisher":{"@id":"https:\/\/noticiaempauta.com\/portal\/#organization"},"image":{"@id":"https:\/\/noticiaempauta.com\/portal\/com-tarifaco-e-grave-seca-produtores-de-mel-do-pi-preveem-perdas-acima-de-50\/#primaryimage"},"thumbnailUrl":"https:\/\/noticiaempauta.com\/portal\/wp-content\/uploads\/2025\/08\/mel5.jpeg","keywords":["destaqueprincipal"],"articleSection":["Destaques","Economia","Geral","Todas as Not\u00edcias"],"inLanguage":"pt-BR","potentialAction":[{"@type":"CommentAction","name":"Comment","target":["https:\/\/noticiaempauta.com\/portal\/com-tarifaco-e-grave-seca-produtores-de-mel-do-pi-preveem-perdas-acima-de-50\/#respond"]}]},{"@type":"WebPage","@id":"https:\/\/noticiaempauta.com\/portal\/com-tarifaco-e-grave-seca-produtores-de-mel-do-pi-preveem-perdas-acima-de-50\/","url":"https:\/\/noticiaempauta.com\/portal\/com-tarifaco-e-grave-seca-produtores-de-mel-do-pi-preveem-perdas-acima-de-50\/","name":"Com tarifa\u00e7o e grave seca, produtores de mel do PI preveem perdas acima de 50% - Portal Not\u00edcia em Pauta","isPartOf":{"@id":"https:\/\/noticiaempauta.com\/portal\/#website"},"primaryImageOfPage":{"@id":"https:\/\/noticiaempauta.com\/portal\/com-tarifaco-e-grave-seca-produtores-de-mel-do-pi-preveem-perdas-acima-de-50\/#primaryimage"},"image":{"@id":"https:\/\/noticiaempauta.com\/portal\/com-tarifaco-e-grave-seca-produtores-de-mel-do-pi-preveem-perdas-acima-de-50\/#primaryimage"},"thumbnailUrl":"https:\/\/noticiaempauta.com\/portal\/wp-content\/uploads\/2025\/08\/mel5.jpeg","datePublished":"2025-08-12T12:39:04+00:00","dateModified":"2025-08-12T12:39:05+00:00","breadcrumb":{"@id":"https:\/\/noticiaempauta.com\/portal\/com-tarifaco-e-grave-seca-produtores-de-mel-do-pi-preveem-perdas-acima-de-50\/#breadcrumb"},"inLanguage":"pt-BR","potentialAction":[{"@type":"ReadAction","target":["https:\/\/noticiaempauta.com\/portal\/com-tarifaco-e-grave-seca-produtores-de-mel-do-pi-preveem-perdas-acima-de-50\/"]}]},{"@type":"ImageObject","inLanguage":"pt-BR","@id":"https:\/\/noticiaempauta.com\/portal\/com-tarifaco-e-grave-seca-produtores-de-mel-do-pi-preveem-perdas-acima-de-50\/#primaryimage","url":"https:\/\/noticiaempauta.com\/portal\/wp-content\/uploads\/2025\/08\/mel5.jpeg","contentUrl":"https:\/\/noticiaempauta.com\/portal\/wp-content\/uploads\/2025\/08\/mel5.jpeg","width":1280,"height":713},{"@type":"BreadcrumbList","@id":"https:\/\/noticiaempauta.com\/portal\/com-tarifaco-e-grave-seca-produtores-de-mel-do-pi-preveem-perdas-acima-de-50\/#breadcrumb","itemListElement":[{"@type":"ListItem","position":1,"name":"P\u00e1gina Inicial","item":"https:\/\/noticiaempauta.com\/portal\/"},{"@type":"ListItem","position":2,"name":"Destaques","item":"https:\/\/noticiaempauta.com\/portal\/destaques-site\/"},{"@type":"ListItem","position":3,"name":"Com tarifa\u00e7o e grave seca, produtores de mel do PI preveem perdas acima de 50%"}]},{"@type":"WebSite","@id":"https:\/\/noticiaempauta.com\/portal\/#website","url":"https:\/\/noticiaempauta.com\/portal\/","name":"Portal Not\u00edcia em Pauta","description":"Voc\u00ea bem informado","publisher":{"@id":"https:\/\/noticiaempauta.com\/portal\/#organization"},"potentialAction":[{"@type":"SearchAction","target":{"@type":"EntryPoint","urlTemplate":"https:\/\/noticiaempauta.com\/portal\/?s={search_term_string}"},"query-input":{"@type":"PropertyValueSpecification","valueRequired":true,"valueName":"search_term_string"}}],"inLanguage":"pt-BR"},{"@type":"Organization","@id":"https:\/\/noticiaempauta.com\/portal\/#organization","name":"Portal Not\u00edcia em Pauta","url":"https:\/\/noticiaempauta.com\/portal\/","logo":{"@type":"ImageObject","inLanguage":"pt-BR","@id":"https:\/\/noticiaempauta.com\/portal\/#\/schema\/logo\/image\/","url":"https:\/\/noticiaempauta.com\/portal\/wp-content\/uploads\/2022\/08\/logomarca_tema.fw_.png","contentUrl":"https:\/\/noticiaempauta.com\/portal\/wp-content\/uploads\/2022\/08\/logomarca_tema.fw_.png","width":400,"height":232,"caption":"Portal Not\u00edcia em Pauta"},"image":{"@id":"https:\/\/noticiaempauta.com\/portal\/#\/schema\/logo\/image\/"},"sameAs":["https:\/\/www.facebook.com\/Portal-Notcia-Em-Pauta-102292869264820\/","https:\/\/www.instagram.com\/portalnoticiaempauta\/"]},{"@type":"Person","@id":"https:\/\/noticiaempauta.com\/portal\/#\/schema\/person\/a74af43dd1ab3deca45f988c717d57ac","name":"Reda\u00e7\u00e3o","image":{"@type":"ImageObject","inLanguage":"pt-BR","@id":"https:\/\/noticiaempauta.com\/portal\/#\/schema\/person\/image\/","url":"https:\/\/secure.gravatar.com\/avatar\/03179346ecce6cdfc13361603e8f54242a90e5cde8618fa23c5c00aa2b0aadf3?s=96&d=mm&r=g","contentUrl":"https:\/\/secure.gravatar.com\/avatar\/03179346ecce6cdfc13361603e8f54242a90e5cde8618fa23c5c00aa2b0aadf3?s=96&d=mm&r=g","caption":"Reda\u00e7\u00e3o"},"sameAs":["https:\/\/noticiaempauta.com\/portal\/"],"url":"https:\/\/noticiaempauta.com\/portal\/author\/fernando\/"}]}},"_links":{"self":[{"href":"https:\/\/noticiaempauta.com\/portal\/wp-json\/wp\/v2\/posts\/276532","targetHints":{"allow":["GET"]}}],"collection":[{"href":"https:\/\/noticiaempauta.com\/portal\/wp-json\/wp\/v2\/posts"}],"about":[{"href":"https:\/\/noticiaempauta.com\/portal\/wp-json\/wp\/v2\/types\/post"}],"author":[{"embeddable":true,"href":"https:\/\/noticiaempauta.com\/portal\/wp-json\/wp\/v2\/users\/2"}],"replies":[{"embeddable":true,"href":"https:\/\/noticiaempauta.com\/portal\/wp-json\/wp\/v2\/comments?post=276532"}],"version-history":[{"count":2,"href":"https:\/\/noticiaempauta.com\/portal\/wp-json\/wp\/v2\/posts\/276532\/revisions"}],"predecessor-version":[{"id":276535,"href":"https:\/\/noticiaempauta.com\/portal\/wp-json\/wp\/v2\/posts\/276532\/revisions\/276535"}],"wp:featuredmedia":[{"embeddable":true,"href":"https:\/\/noticiaempauta.com\/portal\/wp-json\/wp\/v2\/media\/276533"}],"wp:attachment":[{"href":"https:\/\/noticiaempauta.com\/portal\/wp-json\/wp\/v2\/media?parent=276532"}],"wp:term":[{"taxonomy":"category","embeddable":true,"href":"https:\/\/noticiaempauta.com\/portal\/wp-json\/wp\/v2\/categories?post=276532"},{"taxonomy":"post_tag","embeddable":true,"href":"https:\/\/noticiaempauta.com\/portal\/wp-json\/wp\/v2\/tags?post=276532"}],"curies":[{"name":"wp","href":"https:\/\/api.w.org\/{rel}","templated":true}]}}