{"id":276546,"date":"2025-08-12T14:54:08","date_gmt":"2025-08-12T17:54:08","guid":{"rendered":"https:\/\/noticiaempauta.com\/portal\/?p=276546"},"modified":"2025-08-12T15:03:32","modified_gmt":"2025-08-12T18:03:32","slug":"paqueta-do-piaui-e-contemplada-com-trator-agricola-caminhonete-e-equipamentos-para-fortalecer-a-agricultura-local","status":"publish","type":"post","link":"https:\/\/noticiaempauta.com\/portal\/paqueta-do-piaui-e-contemplada-com-trator-agricola-caminhonete-e-equipamentos-para-fortalecer-a-agricultura-local\/","title":{"rendered":"Paquet\u00e1 do Piau\u00ed \u00e9 contemplada com trator agr\u00edcola, caminhonete e equipamentos para fortalecer a agricultura local"},"content":{"rendered":"\n<p>O munic\u00edpio de Paquet\u00e1 do Piau\u00ed recebeu, nesta segunda-feira (11), um novo refor\u00e7o para o desenvolvimento da agricultura local. <\/p>\n\n\n\n<figure class=\"wp-block-image size-large\"><img fetchpriority=\"high\" decoding=\"async\" width=\"1024\" height=\"678\" src=\"https:\/\/noticiaempauta.com\/portal\/wp-content\/uploads\/2025\/08\/WhatsApp-Image-2025-08-12-at-14.48.55-1-1024x678.jpeg\" alt=\"\" class=\"wp-image-276551\" srcset=\"https:\/\/noticiaempauta.com\/portal\/wp-content\/uploads\/2025\/08\/WhatsApp-Image-2025-08-12-at-14.48.55-1-1024x678.jpeg 1024w, https:\/\/noticiaempauta.com\/portal\/wp-content\/uploads\/2025\/08\/WhatsApp-Image-2025-08-12-at-14.48.55-1-300x199.jpeg 300w, https:\/\/noticiaempauta.com\/portal\/wp-content\/uploads\/2025\/08\/WhatsApp-Image-2025-08-12-at-14.48.55-1-768x508.jpeg 768w, https:\/\/noticiaempauta.com\/portal\/wp-content\/uploads\/2025\/08\/WhatsApp-Image-2025-08-12-at-14.48.55-1-1536x1016.jpeg 1536w, https:\/\/noticiaempauta.com\/portal\/wp-content\/uploads\/2025\/08\/WhatsApp-Image-2025-08-12-at-14.48.55-1-2048x1355.jpeg 2048w\" sizes=\"(max-width: 1024px) 100vw, 1024px\" \/><\/figure>\n\n\n\n<p>O prefeito Dr. Clayton Barros e o deputado estadual Dr. Thales Coelho, participaram da entrega oficial de um trator agr\u00edcola, atrav\u00e9s do senador Marcelo Castro, durante solenidade realizada no Parque de Exposi\u00e7\u00e3o da SEAGRO em Teresina.<\/p>\n\n\n\n<figure class=\"wp-block-image size-large\"><img decoding=\"async\" width=\"998\" height=\"1024\" src=\"https:\/\/noticiaempauta.com\/portal\/wp-content\/uploads\/2025\/08\/99fbd91f-6721-47ba-a737-0818f185af43-1-998x1024.jpeg\" alt=\"\" class=\"wp-image-276516\" srcset=\"https:\/\/noticiaempauta.com\/portal\/wp-content\/uploads\/2025\/08\/99fbd91f-6721-47ba-a737-0818f185af43-1-998x1024.jpeg 998w, https:\/\/noticiaempauta.com\/portal\/wp-content\/uploads\/2025\/08\/99fbd91f-6721-47ba-a737-0818f185af43-1-292x300.jpeg 292w, https:\/\/noticiaempauta.com\/portal\/wp-content\/uploads\/2025\/08\/99fbd91f-6721-47ba-a737-0818f185af43-1-768x788.jpeg 768w, https:\/\/noticiaempauta.com\/portal\/wp-content\/uploads\/2025\/08\/99fbd91f-6721-47ba-a737-0818f185af43-1-1496x1536.jpeg 1496w, https:\/\/noticiaempauta.com\/portal\/wp-content\/uploads\/2025\/08\/99fbd91f-6721-47ba-a737-0818f185af43-1-1995x2048.jpeg 1995w\" sizes=\"(max-width: 998px) 100vw, 998px\" \/><\/figure>\n\n\n\n<p>Em outro momento, o prefeito Dr. Clayton Barros juntamente com o deputado Dr. Thales Coelho estiveram na sede da CODEVASF para receber outras importantes aquisi\u00e7\u00f5es para o munic\u00edpio, viabilizadas atrav\u00e9s do deputado federal J\u00falio Arcoverde, sendo feita a entrega de uma Caminhonete L200, 01 micro trator, kit de irriga\u00e7\u00e3o com 11 caixas d&#8217;\u00c1gua de 500 litros e 30 caixas de colmeia para tamb\u00e9m fortalecer a apicultura local.<\/p>\n\n\n\n<figure class=\"wp-block-image size-large\"><img decoding=\"async\" width=\"1024\" height=\"576\" src=\"https:\/\/noticiaempauta.com\/portal\/wp-content\/uploads\/2025\/08\/WhatsApp-Image-2025-08-12-at-14.49.29-1024x576.jpeg\" alt=\"\" class=\"wp-image-276550\" srcset=\"https:\/\/noticiaempauta.com\/portal\/wp-content\/uploads\/2025\/08\/WhatsApp-Image-2025-08-12-at-14.49.29-1024x576.jpeg 1024w, https:\/\/noticiaempauta.com\/portal\/wp-content\/uploads\/2025\/08\/WhatsApp-Image-2025-08-12-at-14.49.29-300x169.jpeg 300w, https:\/\/noticiaempauta.com\/portal\/wp-content\/uploads\/2025\/08\/WhatsApp-Image-2025-08-12-at-14.49.29-768x432.jpeg 768w\" sizes=\"(max-width: 1024px) 100vw, 1024px\" \/><\/figure>\n\n\n\n<figure class=\"wp-block-image size-large\"><img loading=\"lazy\" decoding=\"async\" width=\"919\" height=\"1024\" src=\"https:\/\/noticiaempauta.com\/portal\/wp-content\/uploads\/2025\/08\/WhatsApp-Image-2025-08-12-at-14.47.06-919x1024.jpeg\" alt=\"\" class=\"wp-image-276547\" srcset=\"https:\/\/noticiaempauta.com\/portal\/wp-content\/uploads\/2025\/08\/WhatsApp-Image-2025-08-12-at-14.47.06-919x1024.jpeg 919w, https:\/\/noticiaempauta.com\/portal\/wp-content\/uploads\/2025\/08\/WhatsApp-Image-2025-08-12-at-14.47.06-269x300.jpeg 269w, https:\/\/noticiaempauta.com\/portal\/wp-content\/uploads\/2025\/08\/WhatsApp-Image-2025-08-12-at-14.47.06-768x856.jpeg 768w, https:\/\/noticiaempauta.com\/portal\/wp-content\/uploads\/2025\/08\/WhatsApp-Image-2025-08-12-at-14.47.06.jpeg 1149w\" sizes=\"(max-width: 919px) 100vw, 919px\" \/><\/figure>\n\n\n\n<p>Segundo Dr. Clayton Barros, os investimentos recebidos para o munic\u00edpio s\u00e3o essenciais para fortalecer a agricultura local, pois s\u00e3o equipamentos que contribuem no dia a dia das demandas da popula\u00e7\u00e3o, al\u00e9m de impulsionar a produ\u00e7\u00e3o da agricultura familiar nas comunidades.<\/p>\n\n\n\n<figure class=\"wp-block-image size-large\"><img loading=\"lazy\" decoding=\"async\" width=\"1024\" height=\"583\" src=\"https:\/\/noticiaempauta.com\/portal\/wp-content\/uploads\/2025\/08\/WhatsApp-Image-2025-08-12-at-14.47.54-1024x583.jpeg\" alt=\"\" class=\"wp-image-276548\" srcset=\"https:\/\/noticiaempauta.com\/portal\/wp-content\/uploads\/2025\/08\/WhatsApp-Image-2025-08-12-at-14.47.54-1024x583.jpeg 1024w, https:\/\/noticiaempauta.com\/portal\/wp-content\/uploads\/2025\/08\/WhatsApp-Image-2025-08-12-at-14.47.54-300x171.jpeg 300w, https:\/\/noticiaempauta.com\/portal\/wp-content\/uploads\/2025\/08\/WhatsApp-Image-2025-08-12-at-14.47.54-768x437.jpeg 768w, https:\/\/noticiaempauta.com\/portal\/wp-content\/uploads\/2025\/08\/WhatsApp-Image-2025-08-12-at-14.47.54.jpeg 1038w\" sizes=\"(max-width: 1024px) 100vw, 1024px\" \/><\/figure>\n","protected":false},"excerpt":{"rendered":"<p>O munic\u00edpio de Paquet\u00e1 do Piau\u00ed recebeu, nesta segunda-feira (11), um novo refor\u00e7o para o desenvolvimento da agricultura local. O prefeito Dr. Clayton Barros e o deputado estadual Dr. Thales Coelho, participaram da entrega oficial de um trator agr\u00edcola, atrav\u00e9s do senador Marcelo Castro, durante solenidade realizada no Parque de Exposi\u00e7\u00e3o da SEAGRO em Teresina. [&hellip;]<\/p>\n","protected":false},"author":2,"featured_media":276551,"comment_status":"open","ping_status":"open","sticky":false,"template":"","format":"standard","meta":{"_mi_skip_tracking":false,"footnotes":""},"categories":[25,1,9,16],"tags":[192],"class_list":["post-276546","post","type-post","status-publish","format-standard","has-post-thumbnail","hentry","category-destaques-site","category-geral","category-municipios","category-todas","tag-destaqueprincipal"],"acf":[],"yoast_head":"<!-- This site is optimized with the Yoast SEO Premium plugin v19.2 (Yoast SEO v26.9) - https:\/\/yoast.com\/product\/yoast-seo-premium-wordpress\/ -->\n<title>Paquet\u00e1 do Piau\u00ed \u00e9 contemplada com trator agr\u00edcola, caminhonete e equipamentos para fortalecer a agricultura local - Portal Not\u00edcia em Pauta<\/title>\n<meta name=\"robots\" content=\"index, follow, max-snippet:-1, max-image-preview:large, max-video-preview:-1\" \/>\n<link rel=\"canonical\" href=\"https:\/\/noticiaempauta.com\/portal\/paqueta-do-piaui-e-contemplada-com-trator-agricola-caminhonete-e-equipamentos-para-fortalecer-a-agricultura-local\/\" \/>\n<meta property=\"og:locale\" content=\"pt_BR\" \/>\n<meta property=\"og:type\" content=\"article\" \/>\n<meta property=\"og:title\" content=\"Paquet\u00e1 do Piau\u00ed \u00e9 contemplada com trator agr\u00edcola, caminhonete e equipamentos para fortalecer a agricultura local\" \/>\n<meta property=\"og:description\" content=\"O munic\u00edpio de Paquet\u00e1 do Piau\u00ed recebeu, nesta segunda-feira (11), um novo refor\u00e7o para o desenvolvimento da agricultura local. O prefeito Dr. Clayton Barros e o deputado estadual Dr. Thales Coelho, participaram da entrega oficial de um trator agr\u00edcola, atrav\u00e9s do senador Marcelo Castro, durante solenidade realizada no Parque de Exposi\u00e7\u00e3o da SEAGRO em Teresina. [&hellip;]\" \/>\n<meta property=\"og:url\" content=\"https:\/\/noticiaempauta.com\/portal\/paqueta-do-piaui-e-contemplada-com-trator-agricola-caminhonete-e-equipamentos-para-fortalecer-a-agricultura-local\/\" \/>\n<meta property=\"og:site_name\" content=\"Portal Not\u00edcia em Pauta\" \/>\n<meta property=\"article:publisher\" content=\"https:\/\/www.facebook.com\/Portal-Notcia-Em-Pauta-102292869264820\/\" \/>\n<meta property=\"article:published_time\" content=\"2025-08-12T17:54:08+00:00\" \/>\n<meta property=\"article:modified_time\" content=\"2025-08-12T18:03:32+00:00\" \/>\n<meta property=\"og:image\" content=\"https:\/\/noticiaempauta.com\/portal\/wp-content\/uploads\/2025\/08\/WhatsApp-Image-2025-08-12-at-14.48.55-1-scaled.jpeg\" \/>\n\t<meta property=\"og:image:width\" content=\"2560\" \/>\n\t<meta property=\"og:image:height\" content=\"1694\" \/>\n\t<meta property=\"og:image:type\" content=\"image\/jpeg\" \/>\n<meta name=\"author\" content=\"Reda\u00e7\u00e3o\" \/>\n<meta name=\"twitter:card\" content=\"summary_large_image\" \/>\n<meta name=\"twitter:label1\" content=\"Escrito por\" \/>\n\t<meta name=\"twitter:data1\" content=\"Reda\u00e7\u00e3o\" \/>\n\t<meta name=\"twitter:label2\" content=\"Est. tempo de leitura\" \/>\n\t<meta name=\"twitter:data2\" content=\"3 minutos\" \/>\n<script type=\"application\/ld+json\" class=\"yoast-schema-graph\">{\"@context\":\"https:\/\/schema.org\",\"@graph\":[{\"@type\":\"Article\",\"@id\":\"https:\/\/noticiaempauta.com\/portal\/paqueta-do-piaui-e-contemplada-com-trator-agricola-caminhonete-e-equipamentos-para-fortalecer-a-agricultura-local\/#article\",\"isPartOf\":{\"@id\":\"https:\/\/noticiaempauta.com\/portal\/paqueta-do-piaui-e-contemplada-com-trator-agricola-caminhonete-e-equipamentos-para-fortalecer-a-agricultura-local\/\"},\"author\":{\"name\":\"Reda\u00e7\u00e3o\",\"@id\":\"https:\/\/noticiaempauta.com\/portal\/#\/schema\/person\/a74af43dd1ab3deca45f988c717d57ac\"},\"headline\":\"Paquet\u00e1 do Piau\u00ed \u00e9 contemplada com trator agr\u00edcola, caminhonete e equipamentos para fortalecer a agricultura local\",\"datePublished\":\"2025-08-12T17:54:08+00:00\",\"dateModified\":\"2025-08-12T18:03:32+00:00\",\"mainEntityOfPage\":{\"@id\":\"https:\/\/noticiaempauta.com\/portal\/paqueta-do-piaui-e-contemplada-com-trator-agricola-caminhonete-e-equipamentos-para-fortalecer-a-agricultura-local\/\"},\"wordCount\":191,\"commentCount\":0,\"publisher\":{\"@id\":\"https:\/\/noticiaempauta.com\/portal\/#organization\"},\"image\":{\"@id\":\"https:\/\/noticiaempauta.com\/portal\/paqueta-do-piaui-e-contemplada-com-trator-agricola-caminhonete-e-equipamentos-para-fortalecer-a-agricultura-local\/#primaryimage\"},\"thumbnailUrl\":\"https:\/\/noticiaempauta.com\/portal\/wp-content\/uploads\/2025\/08\/WhatsApp-Image-2025-08-12-at-14.48.55-1-scaled.jpeg\",\"keywords\":[\"destaqueprincipal\"],\"articleSection\":[\"Destaques\",\"Geral\",\"Munic\u00edpios\",\"Todas as Not\u00edcias\"],\"inLanguage\":\"pt-BR\",\"potentialAction\":[{\"@type\":\"CommentAction\",\"name\":\"Comment\",\"target\":[\"https:\/\/noticiaempauta.com\/portal\/paqueta-do-piaui-e-contemplada-com-trator-agricola-caminhonete-e-equipamentos-para-fortalecer-a-agricultura-local\/#respond\"]}]},{\"@type\":\"WebPage\",\"@id\":\"https:\/\/noticiaempauta.com\/portal\/paqueta-do-piaui-e-contemplada-com-trator-agricola-caminhonete-e-equipamentos-para-fortalecer-a-agricultura-local\/\",\"url\":\"https:\/\/noticiaempauta.com\/portal\/paqueta-do-piaui-e-contemplada-com-trator-agricola-caminhonete-e-equipamentos-para-fortalecer-a-agricultura-local\/\",\"name\":\"Paquet\u00e1 do Piau\u00ed \u00e9 contemplada com trator agr\u00edcola, caminhonete e equipamentos para fortalecer a agricultura local - Portal Not\u00edcia em Pauta\",\"isPartOf\":{\"@id\":\"https:\/\/noticiaempauta.com\/portal\/#website\"},\"primaryImageOfPage\":{\"@id\":\"https:\/\/noticiaempauta.com\/portal\/paqueta-do-piaui-e-contemplada-com-trator-agricola-caminhonete-e-equipamentos-para-fortalecer-a-agricultura-local\/#primaryimage\"},\"image\":{\"@id\":\"https:\/\/noticiaempauta.com\/portal\/paqueta-do-piaui-e-contemplada-com-trator-agricola-caminhonete-e-equipamentos-para-fortalecer-a-agricultura-local\/#primaryimage\"},\"thumbnailUrl\":\"https:\/\/noticiaempauta.com\/portal\/wp-content\/uploads\/2025\/08\/WhatsApp-Image-2025-08-12-at-14.48.55-1-scaled.jpeg\",\"datePublished\":\"2025-08-12T17:54:08+00:00\",\"dateModified\":\"2025-08-12T18:03:32+00:00\",\"breadcrumb\":{\"@id\":\"https:\/\/noticiaempauta.com\/portal\/paqueta-do-piaui-e-contemplada-com-trator-agricola-caminhonete-e-equipamentos-para-fortalecer-a-agricultura-local\/#breadcrumb\"},\"inLanguage\":\"pt-BR\",\"potentialAction\":[{\"@type\":\"ReadAction\",\"target\":[\"https:\/\/noticiaempauta.com\/portal\/paqueta-do-piaui-e-contemplada-com-trator-agricola-caminhonete-e-equipamentos-para-fortalecer-a-agricultura-local\/\"]}]},{\"@type\":\"ImageObject\",\"inLanguage\":\"pt-BR\",\"@id\":\"https:\/\/noticiaempauta.com\/portal\/paqueta-do-piaui-e-contemplada-com-trator-agricola-caminhonete-e-equipamentos-para-fortalecer-a-agricultura-local\/#primaryimage\",\"url\":\"https:\/\/noticiaempauta.com\/portal\/wp-content\/uploads\/2025\/08\/WhatsApp-Image-2025-08-12-at-14.48.55-1-scaled.jpeg\",\"contentUrl\":\"https:\/\/noticiaempauta.com\/portal\/wp-content\/uploads\/2025\/08\/WhatsApp-Image-2025-08-12-at-14.48.55-1-scaled.jpeg\",\"width\":2560,\"height\":1694},{\"@type\":\"BreadcrumbList\",\"@id\":\"https:\/\/noticiaempauta.com\/portal\/paqueta-do-piaui-e-contemplada-com-trator-agricola-caminhonete-e-equipamentos-para-fortalecer-a-agricultura-local\/#breadcrumb\",\"itemListElement\":[{\"@type\":\"ListItem\",\"position\":1,\"name\":\"P\u00e1gina Inicial\",\"item\":\"https:\/\/noticiaempauta.com\/portal\/\"},{\"@type\":\"ListItem\",\"position\":2,\"name\":\"Destaques\",\"item\":\"https:\/\/noticiaempauta.com\/portal\/destaques-site\/\"},{\"@type\":\"ListItem\",\"position\":3,\"name\":\"Paquet\u00e1 do Piau\u00ed \u00e9 contemplada com trator agr\u00edcola, caminhonete e equipamentos para fortalecer a agricultura local\"}]},{\"@type\":\"WebSite\",\"@id\":\"https:\/\/noticiaempauta.com\/portal\/#website\",\"url\":\"https:\/\/noticiaempauta.com\/portal\/\",\"name\":\"Portal Not\u00edcia em Pauta\",\"description\":\"Voc\u00ea bem informado\",\"publisher\":{\"@id\":\"https:\/\/noticiaempauta.com\/portal\/#organization\"},\"potentialAction\":[{\"@type\":\"SearchAction\",\"target\":{\"@type\":\"EntryPoint\",\"urlTemplate\":\"https:\/\/noticiaempauta.com\/portal\/?s={search_term_string}\"},\"query-input\":{\"@type\":\"PropertyValueSpecification\",\"valueRequired\":true,\"valueName\":\"search_term_string\"}}],\"inLanguage\":\"pt-BR\"},{\"@type\":\"Organization\",\"@id\":\"https:\/\/noticiaempauta.com\/portal\/#organization\",\"name\":\"Portal Not\u00edcia em Pauta\",\"url\":\"https:\/\/noticiaempauta.com\/portal\/\",\"logo\":{\"@type\":\"ImageObject\",\"inLanguage\":\"pt-BR\",\"@id\":\"https:\/\/noticiaempauta.com\/portal\/#\/schema\/logo\/image\/\",\"url\":\"https:\/\/noticiaempauta.com\/portal\/wp-content\/uploads\/2022\/08\/logomarca_tema.fw_.png\",\"contentUrl\":\"https:\/\/noticiaempauta.com\/portal\/wp-content\/uploads\/2022\/08\/logomarca_tema.fw_.png\",\"width\":400,\"height\":232,\"caption\":\"Portal Not\u00edcia em Pauta\"},\"image\":{\"@id\":\"https:\/\/noticiaempauta.com\/portal\/#\/schema\/logo\/image\/\"},\"sameAs\":[\"https:\/\/www.facebook.com\/Portal-Notcia-Em-Pauta-102292869264820\/\",\"https:\/\/www.instagram.com\/portalnoticiaempauta\/\"]},{\"@type\":\"Person\",\"@id\":\"https:\/\/noticiaempauta.com\/portal\/#\/schema\/person\/a74af43dd1ab3deca45f988c717d57ac\",\"name\":\"Reda\u00e7\u00e3o\",\"image\":{\"@type\":\"ImageObject\",\"inLanguage\":\"pt-BR\",\"@id\":\"https:\/\/noticiaempauta.com\/portal\/#\/schema\/person\/image\/\",\"url\":\"https:\/\/secure.gravatar.com\/avatar\/03179346ecce6cdfc13361603e8f54242a90e5cde8618fa23c5c00aa2b0aadf3?s=96&d=mm&r=g\",\"contentUrl\":\"https:\/\/secure.gravatar.com\/avatar\/03179346ecce6cdfc13361603e8f54242a90e5cde8618fa23c5c00aa2b0aadf3?s=96&d=mm&r=g\",\"caption\":\"Reda\u00e7\u00e3o\"},\"sameAs\":[\"https:\/\/noticiaempauta.com\/portal\/\"],\"url\":\"https:\/\/noticiaempauta.com\/portal\/author\/fernando\/\"}]}<\/script>\n<!-- \/ Yoast SEO Premium plugin. -->","yoast_head_json":{"title":"Paquet\u00e1 do Piau\u00ed \u00e9 contemplada com trator agr\u00edcola, caminhonete e equipamentos para fortalecer a agricultura local - Portal Not\u00edcia em Pauta","robots":{"index":"index","follow":"follow","max-snippet":"max-snippet:-1","max-image-preview":"max-image-preview:large","max-video-preview":"max-video-preview:-1"},"canonical":"https:\/\/noticiaempauta.com\/portal\/paqueta-do-piaui-e-contemplada-com-trator-agricola-caminhonete-e-equipamentos-para-fortalecer-a-agricultura-local\/","og_locale":"pt_BR","og_type":"article","og_title":"Paquet\u00e1 do Piau\u00ed \u00e9 contemplada com trator agr\u00edcola, caminhonete e equipamentos para fortalecer a agricultura local","og_description":"O munic\u00edpio de Paquet\u00e1 do Piau\u00ed recebeu, nesta segunda-feira (11), um novo refor\u00e7o para o desenvolvimento da agricultura local. O prefeito Dr. Clayton Barros e o deputado estadual Dr. Thales Coelho, participaram da entrega oficial de um trator agr\u00edcola, atrav\u00e9s do senador Marcelo Castro, durante solenidade realizada no Parque de Exposi\u00e7\u00e3o da SEAGRO em Teresina. [&hellip;]","og_url":"https:\/\/noticiaempauta.com\/portal\/paqueta-do-piaui-e-contemplada-com-trator-agricola-caminhonete-e-equipamentos-para-fortalecer-a-agricultura-local\/","og_site_name":"Portal Not\u00edcia em Pauta","article_publisher":"https:\/\/www.facebook.com\/Portal-Notcia-Em-Pauta-102292869264820\/","article_published_time":"2025-08-12T17:54:08+00:00","article_modified_time":"2025-08-12T18:03:32+00:00","og_image":[{"width":2560,"height":1694,"url":"https:\/\/noticiaempauta.com\/portal\/wp-content\/uploads\/2025\/08\/WhatsApp-Image-2025-08-12-at-14.48.55-1-scaled.jpeg","type":"image\/jpeg"}],"author":"Reda\u00e7\u00e3o","twitter_card":"summary_large_image","twitter_misc":{"Escrito por":"Reda\u00e7\u00e3o","Est. tempo de leitura":"3 minutos"},"schema":{"@context":"https:\/\/schema.org","@graph":[{"@type":"Article","@id":"https:\/\/noticiaempauta.com\/portal\/paqueta-do-piaui-e-contemplada-com-trator-agricola-caminhonete-e-equipamentos-para-fortalecer-a-agricultura-local\/#article","isPartOf":{"@id":"https:\/\/noticiaempauta.com\/portal\/paqueta-do-piaui-e-contemplada-com-trator-agricola-caminhonete-e-equipamentos-para-fortalecer-a-agricultura-local\/"},"author":{"name":"Reda\u00e7\u00e3o","@id":"https:\/\/noticiaempauta.com\/portal\/#\/schema\/person\/a74af43dd1ab3deca45f988c717d57ac"},"headline":"Paquet\u00e1 do Piau\u00ed \u00e9 contemplada com trator agr\u00edcola, caminhonete e equipamentos para fortalecer a agricultura local","datePublished":"2025-08-12T17:54:08+00:00","dateModified":"2025-08-12T18:03:32+00:00","mainEntityOfPage":{"@id":"https:\/\/noticiaempauta.com\/portal\/paqueta-do-piaui-e-contemplada-com-trator-agricola-caminhonete-e-equipamentos-para-fortalecer-a-agricultura-local\/"},"wordCount":191,"commentCount":0,"publisher":{"@id":"https:\/\/noticiaempauta.com\/portal\/#organization"},"image":{"@id":"https:\/\/noticiaempauta.com\/portal\/paqueta-do-piaui-e-contemplada-com-trator-agricola-caminhonete-e-equipamentos-para-fortalecer-a-agricultura-local\/#primaryimage"},"thumbnailUrl":"https:\/\/noticiaempauta.com\/portal\/wp-content\/uploads\/2025\/08\/WhatsApp-Image-2025-08-12-at-14.48.55-1-scaled.jpeg","keywords":["destaqueprincipal"],"articleSection":["Destaques","Geral","Munic\u00edpios","Todas as Not\u00edcias"],"inLanguage":"pt-BR","potentialAction":[{"@type":"CommentAction","name":"Comment","target":["https:\/\/noticiaempauta.com\/portal\/paqueta-do-piaui-e-contemplada-com-trator-agricola-caminhonete-e-equipamentos-para-fortalecer-a-agricultura-local\/#respond"]}]},{"@type":"WebPage","@id":"https:\/\/noticiaempauta.com\/portal\/paqueta-do-piaui-e-contemplada-com-trator-agricola-caminhonete-e-equipamentos-para-fortalecer-a-agricultura-local\/","url":"https:\/\/noticiaempauta.com\/portal\/paqueta-do-piaui-e-contemplada-com-trator-agricola-caminhonete-e-equipamentos-para-fortalecer-a-agricultura-local\/","name":"Paquet\u00e1 do Piau\u00ed \u00e9 contemplada com trator agr\u00edcola, caminhonete e equipamentos para fortalecer a agricultura local - Portal Not\u00edcia em Pauta","isPartOf":{"@id":"https:\/\/noticiaempauta.com\/portal\/#website"},"primaryImageOfPage":{"@id":"https:\/\/noticiaempauta.com\/portal\/paqueta-do-piaui-e-contemplada-com-trator-agricola-caminhonete-e-equipamentos-para-fortalecer-a-agricultura-local\/#primaryimage"},"image":{"@id":"https:\/\/noticiaempauta.com\/portal\/paqueta-do-piaui-e-contemplada-com-trator-agricola-caminhonete-e-equipamentos-para-fortalecer-a-agricultura-local\/#primaryimage"},"thumbnailUrl":"https:\/\/noticiaempauta.com\/portal\/wp-content\/uploads\/2025\/08\/WhatsApp-Image-2025-08-12-at-14.48.55-1-scaled.jpeg","datePublished":"2025-08-12T17:54:08+00:00","dateModified":"2025-08-12T18:03:32+00:00","breadcrumb":{"@id":"https:\/\/noticiaempauta.com\/portal\/paqueta-do-piaui-e-contemplada-com-trator-agricola-caminhonete-e-equipamentos-para-fortalecer-a-agricultura-local\/#breadcrumb"},"inLanguage":"pt-BR","potentialAction":[{"@type":"ReadAction","target":["https:\/\/noticiaempauta.com\/portal\/paqueta-do-piaui-e-contemplada-com-trator-agricola-caminhonete-e-equipamentos-para-fortalecer-a-agricultura-local\/"]}]},{"@type":"ImageObject","inLanguage":"pt-BR","@id":"https:\/\/noticiaempauta.com\/portal\/paqueta-do-piaui-e-contemplada-com-trator-agricola-caminhonete-e-equipamentos-para-fortalecer-a-agricultura-local\/#primaryimage","url":"https:\/\/noticiaempauta.com\/portal\/wp-content\/uploads\/2025\/08\/WhatsApp-Image-2025-08-12-at-14.48.55-1-scaled.jpeg","contentUrl":"https:\/\/noticiaempauta.com\/portal\/wp-content\/uploads\/2025\/08\/WhatsApp-Image-2025-08-12-at-14.48.55-1-scaled.jpeg","width":2560,"height":1694},{"@type":"BreadcrumbList","@id":"https:\/\/noticiaempauta.com\/portal\/paqueta-do-piaui-e-contemplada-com-trator-agricola-caminhonete-e-equipamentos-para-fortalecer-a-agricultura-local\/#breadcrumb","itemListElement":[{"@type":"ListItem","position":1,"name":"P\u00e1gina Inicial","item":"https:\/\/noticiaempauta.com\/portal\/"},{"@type":"ListItem","position":2,"name":"Destaques","item":"https:\/\/noticiaempauta.com\/portal\/destaques-site\/"},{"@type":"ListItem","position":3,"name":"Paquet\u00e1 do Piau\u00ed \u00e9 contemplada com trator agr\u00edcola, caminhonete e equipamentos para fortalecer a agricultura local"}]},{"@type":"WebSite","@id":"https:\/\/noticiaempauta.com\/portal\/#website","url":"https:\/\/noticiaempauta.com\/portal\/","name":"Portal Not\u00edcia em Pauta","description":"Voc\u00ea bem informado","publisher":{"@id":"https:\/\/noticiaempauta.com\/portal\/#organization"},"potentialAction":[{"@type":"SearchAction","target":{"@type":"EntryPoint","urlTemplate":"https:\/\/noticiaempauta.com\/portal\/?s={search_term_string}"},"query-input":{"@type":"PropertyValueSpecification","valueRequired":true,"valueName":"search_term_string"}}],"inLanguage":"pt-BR"},{"@type":"Organization","@id":"https:\/\/noticiaempauta.com\/portal\/#organization","name":"Portal Not\u00edcia em Pauta","url":"https:\/\/noticiaempauta.com\/portal\/","logo":{"@type":"ImageObject","inLanguage":"pt-BR","@id":"https:\/\/noticiaempauta.com\/portal\/#\/schema\/logo\/image\/","url":"https:\/\/noticiaempauta.com\/portal\/wp-content\/uploads\/2022\/08\/logomarca_tema.fw_.png","contentUrl":"https:\/\/noticiaempauta.com\/portal\/wp-content\/uploads\/2022\/08\/logomarca_tema.fw_.png","width":400,"height":232,"caption":"Portal Not\u00edcia em Pauta"},"image":{"@id":"https:\/\/noticiaempauta.com\/portal\/#\/schema\/logo\/image\/"},"sameAs":["https:\/\/www.facebook.com\/Portal-Notcia-Em-Pauta-102292869264820\/","https:\/\/www.instagram.com\/portalnoticiaempauta\/"]},{"@type":"Person","@id":"https:\/\/noticiaempauta.com\/portal\/#\/schema\/person\/a74af43dd1ab3deca45f988c717d57ac","name":"Reda\u00e7\u00e3o","image":{"@type":"ImageObject","inLanguage":"pt-BR","@id":"https:\/\/noticiaempauta.com\/portal\/#\/schema\/person\/image\/","url":"https:\/\/secure.gravatar.com\/avatar\/03179346ecce6cdfc13361603e8f54242a90e5cde8618fa23c5c00aa2b0aadf3?s=96&d=mm&r=g","contentUrl":"https:\/\/secure.gravatar.com\/avatar\/03179346ecce6cdfc13361603e8f54242a90e5cde8618fa23c5c00aa2b0aadf3?s=96&d=mm&r=g","caption":"Reda\u00e7\u00e3o"},"sameAs":["https:\/\/noticiaempauta.com\/portal\/"],"url":"https:\/\/noticiaempauta.com\/portal\/author\/fernando\/"}]}},"_links":{"self":[{"href":"https:\/\/noticiaempauta.com\/portal\/wp-json\/wp\/v2\/posts\/276546","targetHints":{"allow":["GET"]}}],"collection":[{"href":"https:\/\/noticiaempauta.com\/portal\/wp-json\/wp\/v2\/posts"}],"about":[{"href":"https:\/\/noticiaempauta.com\/portal\/wp-json\/wp\/v2\/types\/post"}],"author":[{"embeddable":true,"href":"https:\/\/noticiaempauta.com\/portal\/wp-json\/wp\/v2\/users\/2"}],"replies":[{"embeddable":true,"href":"https:\/\/noticiaempauta.com\/portal\/wp-json\/wp\/v2\/comments?post=276546"}],"version-history":[{"count":3,"href":"https:\/\/noticiaempauta.com\/portal\/wp-json\/wp\/v2\/posts\/276546\/revisions"}],"predecessor-version":[{"id":276554,"href":"https:\/\/noticiaempauta.com\/portal\/wp-json\/wp\/v2\/posts\/276546\/revisions\/276554"}],"wp:featuredmedia":[{"embeddable":true,"href":"https:\/\/noticiaempauta.com\/portal\/wp-json\/wp\/v2\/media\/276551"}],"wp:attachment":[{"href":"https:\/\/noticiaempauta.com\/portal\/wp-json\/wp\/v2\/media?parent=276546"}],"wp:term":[{"taxonomy":"category","embeddable":true,"href":"https:\/\/noticiaempauta.com\/portal\/wp-json\/wp\/v2\/categories?post=276546"},{"taxonomy":"post_tag","embeddable":true,"href":"https:\/\/noticiaempauta.com\/portal\/wp-json\/wp\/v2\/tags?post=276546"}],"curies":[{"name":"wp","href":"https:\/\/api.w.org\/{rel}","templated":true}]}}