{"id":276555,"date":"2025-08-12T15:09:35","date_gmt":"2025-08-12T18:09:35","guid":{"rendered":"https:\/\/noticiaempauta.com\/portal\/?p=276555"},"modified":"2025-08-12T15:09:36","modified_gmt":"2025-08-12T18:09:36","slug":"camara-dos-deputados-celebra-190-anos-da-alepi-em-sessao-solene","status":"publish","type":"post","link":"https:\/\/noticiaempauta.com\/portal\/camara-dos-deputados-celebra-190-anos-da-alepi-em-sessao-solene\/","title":{"rendered":"C\u00e2mara dos Deputados celebra 190 anos da Alepi em sess\u00e3o solene"},"content":{"rendered":"\n<p>A Assembleia Legislativa do Estado do Piau\u00ed (Alepi) foi homenageada nesta ter\u00e7a-feira (12), em sess\u00e3o solene no Plen\u00e1rio da C\u00e2mara dos Deputados, em Bras\u00edlia, pelos seus 190 anos de hist\u00f3ria. <\/p>\n\n\n\n<figure class=\"wp-block-image size-large\"><img fetchpriority=\"high\" decoding=\"async\" width=\"1024\" height=\"568\" src=\"https:\/\/noticiaempauta.com\/portal\/wp-content\/uploads\/2025\/08\/WhatsApp-Image-2025-08-12-at-15.06.37-1-1024x568.jpeg\" alt=\"\" class=\"wp-image-276558\" srcset=\"https:\/\/noticiaempauta.com\/portal\/wp-content\/uploads\/2025\/08\/WhatsApp-Image-2025-08-12-at-15.06.37-1-1024x568.jpeg 1024w, https:\/\/noticiaempauta.com\/portal\/wp-content\/uploads\/2025\/08\/WhatsApp-Image-2025-08-12-at-15.06.37-1-300x166.jpeg 300w, https:\/\/noticiaempauta.com\/portal\/wp-content\/uploads\/2025\/08\/WhatsApp-Image-2025-08-12-at-15.06.37-1-768x426.jpeg 768w, https:\/\/noticiaempauta.com\/portal\/wp-content\/uploads\/2025\/08\/WhatsApp-Image-2025-08-12-at-15.06.37-1.jpeg 1170w\" sizes=\"(max-width: 1024px) 100vw, 1024px\" \/><\/figure>\n\n\n\n<p>A iniciativa foi do deputado federal Fl\u00e1vio Nogueira (PT), que ressaltou o papel dos parlamentos estaduais na constru\u00e7\u00e3o da cidadania, mesmo em per\u00edodos de instabilidade pol\u00edtica, como o regime militar.<\/p>\n\n\n\n<figure class=\"wp-block-image size-full\"><img decoding=\"async\" width=\"600\" height=\"400\" src=\"https:\/\/noticiaempauta.com\/portal\/wp-content\/uploads\/2025\/08\/image_assessoria-8.jpeg\" alt=\"\" class=\"wp-image-276556\" srcset=\"https:\/\/noticiaempauta.com\/portal\/wp-content\/uploads\/2025\/08\/image_assessoria-8.jpeg 600w, https:\/\/noticiaempauta.com\/portal\/wp-content\/uploads\/2025\/08\/image_assessoria-8-300x200.jpeg 300w\" sizes=\"(max-width: 600px) 100vw, 600px\" \/><\/figure>\n\n\n\n<figure class=\"wp-block-image size-large\"><img decoding=\"async\" width=\"963\" height=\"1024\" src=\"https:\/\/noticiaempauta.com\/portal\/wp-content\/uploads\/2025\/08\/WhatsApp-Image-2025-08-12-at-15.06.37-963x1024.jpeg\" alt=\"\" class=\"wp-image-276557\" srcset=\"https:\/\/noticiaempauta.com\/portal\/wp-content\/uploads\/2025\/08\/WhatsApp-Image-2025-08-12-at-15.06.37-963x1024.jpeg 963w, https:\/\/noticiaempauta.com\/portal\/wp-content\/uploads\/2025\/08\/WhatsApp-Image-2025-08-12-at-15.06.37-282x300.jpeg 282w, https:\/\/noticiaempauta.com\/portal\/wp-content\/uploads\/2025\/08\/WhatsApp-Image-2025-08-12-at-15.06.37-768x817.jpeg 768w, https:\/\/noticiaempauta.com\/portal\/wp-content\/uploads\/2025\/08\/WhatsApp-Image-2025-08-12-at-15.06.37.jpeg 1170w\" sizes=\"(max-width: 963px) 100vw, 963px\" \/><\/figure>\n\n\n\n<p>O presidente da Alepi, deputado Severo Eul\u00e1lio (MDB), destacou a contribui\u00e7\u00e3o do Legislativo piauiense para os avan\u00e7os do estado em \u00e1reas como educa\u00e7\u00e3o, sa\u00fade e energia. \u201cAprovamos leis estruturantes, que modernizaram a gest\u00e3o p\u00fablica, fortaleceram a educa\u00e7\u00e3o, aumentaram a seguran\u00e7a jur\u00eddica, incentivaram o desenvolvimento econ\u00f4mico e protegeram os mais vulner\u00e1veis\u201d, afirmou.<\/p>\n\n\n\n<p>O governador Rafael Fonteles enfatizou a import\u00e2ncia de homenagear a democracia e ressaltou que o Poder Legislativo, em todos os n\u00edveis, \u00e9 o que mant\u00e9m maior proximidade com a popula\u00e7\u00e3o.<\/p>\n\n\n\n<p>\u201cNunca \u00e9 demais homenagear a democracia, ainda mais em tempos em que alguns poucos questionam o modelo democr\u00e1tico, seja com palavras, seja at\u00e9 mesmo com a\u00e7\u00f5es contra o modelo que n\u00f3s temos no nosso pa\u00eds. E quem mais representa a democracia, n\u00e3o tenha d\u00favida, \u00e9 o Poder Legislativo, a Casa do Povo, seja em n\u00edvel federal, estadual ou municipal. S\u00e3o, de fato, os parlamentares que mais t\u00eam essa proximidade com a popula\u00e7\u00e3o\u201d, ressaltou o governador Rafael Fonteles.<\/p>\n\n\n\n<figure class=\"wp-block-image size-large\"><img loading=\"lazy\" decoding=\"async\" width=\"1024\" height=\"651\" src=\"https:\/\/noticiaempauta.com\/portal\/wp-content\/uploads\/2025\/08\/WhatsApp-Image-2025-08-12-at-15.08.15-1024x651.jpeg\" alt=\"\" class=\"wp-image-276559\" srcset=\"https:\/\/noticiaempauta.com\/portal\/wp-content\/uploads\/2025\/08\/WhatsApp-Image-2025-08-12-at-15.08.15-1024x651.jpeg 1024w, https:\/\/noticiaempauta.com\/portal\/wp-content\/uploads\/2025\/08\/WhatsApp-Image-2025-08-12-at-15.08.15-300x191.jpeg 300w, https:\/\/noticiaempauta.com\/portal\/wp-content\/uploads\/2025\/08\/WhatsApp-Image-2025-08-12-at-15.08.15-768x488.jpeg 768w, https:\/\/noticiaempauta.com\/portal\/wp-content\/uploads\/2025\/08\/WhatsApp-Image-2025-08-12-at-15.08.15.jpeg 1170w\" sizes=\"(max-width: 1024px) 100vw, 1024px\" \/><\/figure>\n\n\n\n<p>Al\u00e9m das autoridades mencionadas, tamb\u00e9m fizeram parte da mesa de honra, o deputado federal Francisco Costa (PT) e o secret\u00e1rio executivo do Minist\u00e9rio do Desenvolvimento Social, Osmar J\u00fanior. Estiveram presentes, os deputados federais Merlong Solano (PT), Castro Neto (PSD) e Jadyel Alencar (Republicanos), al\u00e9m da ex-deputada e atual diretora de Administra\u00e7\u00e3o e Finan\u00e7as do Sebrae, Margarete Coelho.<\/p>\n\n\n\n<p>Tamb\u00e9m marcaram presen\u00e7a, o ex-presidente da Alepi, Franz\u00e9 Silva (PT), os deputados estaduais Francisco Limma (PT), Wilson Brand\u00e3o (PP), Ziza Carvalho (MDB), Dogim F\u00e9lix (PP), Dr. Marcus Vin\u00edcius Kalume (PT), Evaldo Gomes (Solidariedade), Marden Menezes (PSD), H\u00e9lio Rodrigues (PT) e Tiago Vasconcelos (MDB), al\u00e9m do secret\u00e1rio e deputado licenciado Fl\u00e1vio J\u00fanior, prefeitos, secret\u00e1rios de estado e outras autoridades.<\/p>\n\n\n\n<p><br>Fonte: Alepi<\/p>\n","protected":false},"excerpt":{"rendered":"<p>A Assembleia Legislativa do Estado do Piau\u00ed (Alepi) foi homenageada nesta ter\u00e7a-feira (12), em sess\u00e3o solene no Plen\u00e1rio da C\u00e2mara dos Deputados, em Bras\u00edlia, pelos seus 190 anos de hist\u00f3ria. A iniciativa foi do deputado federal Fl\u00e1vio Nogueira (PT), que ressaltou o papel dos parlamentos estaduais na constru\u00e7\u00e3o da cidadania, mesmo em per\u00edodos de instabilidade [&hellip;]<\/p>\n","protected":false},"author":2,"featured_media":276558,"comment_status":"open","ping_status":"open","sticky":false,"template":"","format":"standard","meta":{"_mi_skip_tracking":false,"footnotes":""},"categories":[25,1,16],"tags":[192],"class_list":["post-276555","post","type-post","status-publish","format-standard","has-post-thumbnail","hentry","category-destaques-site","category-geral","category-todas","tag-destaqueprincipal"],"acf":[],"yoast_head":"<!-- This site is optimized with the Yoast SEO Premium plugin v19.2 (Yoast SEO v26.9) - https:\/\/yoast.com\/product\/yoast-seo-premium-wordpress\/ -->\n<title>C\u00e2mara dos Deputados celebra 190 anos da Alepi em sess\u00e3o solene - Portal Not\u00edcia em Pauta<\/title>\n<meta name=\"robots\" content=\"index, follow, max-snippet:-1, max-image-preview:large, max-video-preview:-1\" \/>\n<link rel=\"canonical\" href=\"https:\/\/noticiaempauta.com\/portal\/camara-dos-deputados-celebra-190-anos-da-alepi-em-sessao-solene\/\" \/>\n<meta property=\"og:locale\" content=\"pt_BR\" \/>\n<meta property=\"og:type\" content=\"article\" \/>\n<meta property=\"og:title\" content=\"C\u00e2mara dos Deputados celebra 190 anos da Alepi em sess\u00e3o solene\" \/>\n<meta property=\"og:description\" content=\"A Assembleia Legislativa do Estado do Piau\u00ed (Alepi) foi homenageada nesta ter\u00e7a-feira (12), em sess\u00e3o solene no Plen\u00e1rio da C\u00e2mara dos Deputados, em Bras\u00edlia, pelos seus 190 anos de hist\u00f3ria. A iniciativa foi do deputado federal Fl\u00e1vio Nogueira (PT), que ressaltou o papel dos parlamentos estaduais na constru\u00e7\u00e3o da cidadania, mesmo em per\u00edodos de instabilidade [&hellip;]\" \/>\n<meta property=\"og:url\" content=\"https:\/\/noticiaempauta.com\/portal\/camara-dos-deputados-celebra-190-anos-da-alepi-em-sessao-solene\/\" \/>\n<meta property=\"og:site_name\" content=\"Portal Not\u00edcia em Pauta\" \/>\n<meta property=\"article:publisher\" content=\"https:\/\/www.facebook.com\/Portal-Notcia-Em-Pauta-102292869264820\/\" \/>\n<meta property=\"article:published_time\" content=\"2025-08-12T18:09:35+00:00\" \/>\n<meta property=\"article:modified_time\" content=\"2025-08-12T18:09:36+00:00\" \/>\n<meta property=\"og:image\" content=\"https:\/\/noticiaempauta.com\/portal\/wp-content\/uploads\/2025\/08\/WhatsApp-Image-2025-08-12-at-15.06.37-1.jpeg\" \/>\n\t<meta property=\"og:image:width\" content=\"1170\" \/>\n\t<meta property=\"og:image:height\" content=\"649\" \/>\n\t<meta property=\"og:image:type\" content=\"image\/jpeg\" \/>\n<meta name=\"author\" content=\"Reda\u00e7\u00e3o\" \/>\n<meta name=\"twitter:card\" content=\"summary_large_image\" \/>\n<meta name=\"twitter:label1\" content=\"Escrito por\" \/>\n\t<meta name=\"twitter:data1\" content=\"Reda\u00e7\u00e3o\" \/>\n\t<meta name=\"twitter:label2\" content=\"Est. tempo de leitura\" \/>\n\t<meta name=\"twitter:data2\" content=\"3 minutos\" \/>\n<script type=\"application\/ld+json\" class=\"yoast-schema-graph\">{\"@context\":\"https:\/\/schema.org\",\"@graph\":[{\"@type\":\"Article\",\"@id\":\"https:\/\/noticiaempauta.com\/portal\/camara-dos-deputados-celebra-190-anos-da-alepi-em-sessao-solene\/#article\",\"isPartOf\":{\"@id\":\"https:\/\/noticiaempauta.com\/portal\/camara-dos-deputados-celebra-190-anos-da-alepi-em-sessao-solene\/\"},\"author\":{\"name\":\"Reda\u00e7\u00e3o\",\"@id\":\"https:\/\/noticiaempauta.com\/portal\/#\/schema\/person\/a74af43dd1ab3deca45f988c717d57ac\"},\"headline\":\"C\u00e2mara dos Deputados celebra 190 anos da Alepi em sess\u00e3o solene\",\"datePublished\":\"2025-08-12T18:09:35+00:00\",\"dateModified\":\"2025-08-12T18:09:36+00:00\",\"mainEntityOfPage\":{\"@id\":\"https:\/\/noticiaempauta.com\/portal\/camara-dos-deputados-celebra-190-anos-da-alepi-em-sessao-solene\/\"},\"wordCount\":397,\"commentCount\":0,\"publisher\":{\"@id\":\"https:\/\/noticiaempauta.com\/portal\/#organization\"},\"image\":{\"@id\":\"https:\/\/noticiaempauta.com\/portal\/camara-dos-deputados-celebra-190-anos-da-alepi-em-sessao-solene\/#primaryimage\"},\"thumbnailUrl\":\"https:\/\/noticiaempauta.com\/portal\/wp-content\/uploads\/2025\/08\/WhatsApp-Image-2025-08-12-at-15.06.37-1.jpeg\",\"keywords\":[\"destaqueprincipal\"],\"articleSection\":[\"Destaques\",\"Geral\",\"Todas as Not\u00edcias\"],\"inLanguage\":\"pt-BR\",\"potentialAction\":[{\"@type\":\"CommentAction\",\"name\":\"Comment\",\"target\":[\"https:\/\/noticiaempauta.com\/portal\/camara-dos-deputados-celebra-190-anos-da-alepi-em-sessao-solene\/#respond\"]}]},{\"@type\":\"WebPage\",\"@id\":\"https:\/\/noticiaempauta.com\/portal\/camara-dos-deputados-celebra-190-anos-da-alepi-em-sessao-solene\/\",\"url\":\"https:\/\/noticiaempauta.com\/portal\/camara-dos-deputados-celebra-190-anos-da-alepi-em-sessao-solene\/\",\"name\":\"C\u00e2mara dos Deputados celebra 190 anos da Alepi em sess\u00e3o solene - Portal Not\u00edcia em Pauta\",\"isPartOf\":{\"@id\":\"https:\/\/noticiaempauta.com\/portal\/#website\"},\"primaryImageOfPage\":{\"@id\":\"https:\/\/noticiaempauta.com\/portal\/camara-dos-deputados-celebra-190-anos-da-alepi-em-sessao-solene\/#primaryimage\"},\"image\":{\"@id\":\"https:\/\/noticiaempauta.com\/portal\/camara-dos-deputados-celebra-190-anos-da-alepi-em-sessao-solene\/#primaryimage\"},\"thumbnailUrl\":\"https:\/\/noticiaempauta.com\/portal\/wp-content\/uploads\/2025\/08\/WhatsApp-Image-2025-08-12-at-15.06.37-1.jpeg\",\"datePublished\":\"2025-08-12T18:09:35+00:00\",\"dateModified\":\"2025-08-12T18:09:36+00:00\",\"breadcrumb\":{\"@id\":\"https:\/\/noticiaempauta.com\/portal\/camara-dos-deputados-celebra-190-anos-da-alepi-em-sessao-solene\/#breadcrumb\"},\"inLanguage\":\"pt-BR\",\"potentialAction\":[{\"@type\":\"ReadAction\",\"target\":[\"https:\/\/noticiaempauta.com\/portal\/camara-dos-deputados-celebra-190-anos-da-alepi-em-sessao-solene\/\"]}]},{\"@type\":\"ImageObject\",\"inLanguage\":\"pt-BR\",\"@id\":\"https:\/\/noticiaempauta.com\/portal\/camara-dos-deputados-celebra-190-anos-da-alepi-em-sessao-solene\/#primaryimage\",\"url\":\"https:\/\/noticiaempauta.com\/portal\/wp-content\/uploads\/2025\/08\/WhatsApp-Image-2025-08-12-at-15.06.37-1.jpeg\",\"contentUrl\":\"https:\/\/noticiaempauta.com\/portal\/wp-content\/uploads\/2025\/08\/WhatsApp-Image-2025-08-12-at-15.06.37-1.jpeg\",\"width\":1170,\"height\":649},{\"@type\":\"BreadcrumbList\",\"@id\":\"https:\/\/noticiaempauta.com\/portal\/camara-dos-deputados-celebra-190-anos-da-alepi-em-sessao-solene\/#breadcrumb\",\"itemListElement\":[{\"@type\":\"ListItem\",\"position\":1,\"name\":\"P\u00e1gina Inicial\",\"item\":\"https:\/\/noticiaempauta.com\/portal\/\"},{\"@type\":\"ListItem\",\"position\":2,\"name\":\"Geral\",\"item\":\"https:\/\/noticiaempauta.com\/portal\/geral\/\"},{\"@type\":\"ListItem\",\"position\":3,\"name\":\"C\u00e2mara dos Deputados celebra 190 anos da Alepi em sess\u00e3o solene\"}]},{\"@type\":\"WebSite\",\"@id\":\"https:\/\/noticiaempauta.com\/portal\/#website\",\"url\":\"https:\/\/noticiaempauta.com\/portal\/\",\"name\":\"Portal Not\u00edcia em Pauta\",\"description\":\"Voc\u00ea bem informado\",\"publisher\":{\"@id\":\"https:\/\/noticiaempauta.com\/portal\/#organization\"},\"potentialAction\":[{\"@type\":\"SearchAction\",\"target\":{\"@type\":\"EntryPoint\",\"urlTemplate\":\"https:\/\/noticiaempauta.com\/portal\/?s={search_term_string}\"},\"query-input\":{\"@type\":\"PropertyValueSpecification\",\"valueRequired\":true,\"valueName\":\"search_term_string\"}}],\"inLanguage\":\"pt-BR\"},{\"@type\":\"Organization\",\"@id\":\"https:\/\/noticiaempauta.com\/portal\/#organization\",\"name\":\"Portal Not\u00edcia em Pauta\",\"url\":\"https:\/\/noticiaempauta.com\/portal\/\",\"logo\":{\"@type\":\"ImageObject\",\"inLanguage\":\"pt-BR\",\"@id\":\"https:\/\/noticiaempauta.com\/portal\/#\/schema\/logo\/image\/\",\"url\":\"https:\/\/noticiaempauta.com\/portal\/wp-content\/uploads\/2022\/08\/logomarca_tema.fw_.png\",\"contentUrl\":\"https:\/\/noticiaempauta.com\/portal\/wp-content\/uploads\/2022\/08\/logomarca_tema.fw_.png\",\"width\":400,\"height\":232,\"caption\":\"Portal Not\u00edcia em Pauta\"},\"image\":{\"@id\":\"https:\/\/noticiaempauta.com\/portal\/#\/schema\/logo\/image\/\"},\"sameAs\":[\"https:\/\/www.facebook.com\/Portal-Notcia-Em-Pauta-102292869264820\/\",\"https:\/\/www.instagram.com\/portalnoticiaempauta\/\"]},{\"@type\":\"Person\",\"@id\":\"https:\/\/noticiaempauta.com\/portal\/#\/schema\/person\/a74af43dd1ab3deca45f988c717d57ac\",\"name\":\"Reda\u00e7\u00e3o\",\"image\":{\"@type\":\"ImageObject\",\"inLanguage\":\"pt-BR\",\"@id\":\"https:\/\/noticiaempauta.com\/portal\/#\/schema\/person\/image\/\",\"url\":\"https:\/\/secure.gravatar.com\/avatar\/03179346ecce6cdfc13361603e8f54242a90e5cde8618fa23c5c00aa2b0aadf3?s=96&d=mm&r=g\",\"contentUrl\":\"https:\/\/secure.gravatar.com\/avatar\/03179346ecce6cdfc13361603e8f54242a90e5cde8618fa23c5c00aa2b0aadf3?s=96&d=mm&r=g\",\"caption\":\"Reda\u00e7\u00e3o\"},\"sameAs\":[\"https:\/\/noticiaempauta.com\/portal\/\"],\"url\":\"https:\/\/noticiaempauta.com\/portal\/author\/fernando\/\"}]}<\/script>\n<!-- \/ Yoast SEO Premium plugin. -->","yoast_head_json":{"title":"C\u00e2mara dos Deputados celebra 190 anos da Alepi em sess\u00e3o solene - Portal Not\u00edcia em Pauta","robots":{"index":"index","follow":"follow","max-snippet":"max-snippet:-1","max-image-preview":"max-image-preview:large","max-video-preview":"max-video-preview:-1"},"canonical":"https:\/\/noticiaempauta.com\/portal\/camara-dos-deputados-celebra-190-anos-da-alepi-em-sessao-solene\/","og_locale":"pt_BR","og_type":"article","og_title":"C\u00e2mara dos Deputados celebra 190 anos da Alepi em sess\u00e3o solene","og_description":"A Assembleia Legislativa do Estado do Piau\u00ed (Alepi) foi homenageada nesta ter\u00e7a-feira (12), em sess\u00e3o solene no Plen\u00e1rio da C\u00e2mara dos Deputados, em Bras\u00edlia, pelos seus 190 anos de hist\u00f3ria. A iniciativa foi do deputado federal Fl\u00e1vio Nogueira (PT), que ressaltou o papel dos parlamentos estaduais na constru\u00e7\u00e3o da cidadania, mesmo em per\u00edodos de instabilidade [&hellip;]","og_url":"https:\/\/noticiaempauta.com\/portal\/camara-dos-deputados-celebra-190-anos-da-alepi-em-sessao-solene\/","og_site_name":"Portal Not\u00edcia em Pauta","article_publisher":"https:\/\/www.facebook.com\/Portal-Notcia-Em-Pauta-102292869264820\/","article_published_time":"2025-08-12T18:09:35+00:00","article_modified_time":"2025-08-12T18:09:36+00:00","og_image":[{"width":1170,"height":649,"url":"https:\/\/noticiaempauta.com\/portal\/wp-content\/uploads\/2025\/08\/WhatsApp-Image-2025-08-12-at-15.06.37-1.jpeg","type":"image\/jpeg"}],"author":"Reda\u00e7\u00e3o","twitter_card":"summary_large_image","twitter_misc":{"Escrito por":"Reda\u00e7\u00e3o","Est. tempo de leitura":"3 minutos"},"schema":{"@context":"https:\/\/schema.org","@graph":[{"@type":"Article","@id":"https:\/\/noticiaempauta.com\/portal\/camara-dos-deputados-celebra-190-anos-da-alepi-em-sessao-solene\/#article","isPartOf":{"@id":"https:\/\/noticiaempauta.com\/portal\/camara-dos-deputados-celebra-190-anos-da-alepi-em-sessao-solene\/"},"author":{"name":"Reda\u00e7\u00e3o","@id":"https:\/\/noticiaempauta.com\/portal\/#\/schema\/person\/a74af43dd1ab3deca45f988c717d57ac"},"headline":"C\u00e2mara dos Deputados celebra 190 anos da Alepi em sess\u00e3o solene","datePublished":"2025-08-12T18:09:35+00:00","dateModified":"2025-08-12T18:09:36+00:00","mainEntityOfPage":{"@id":"https:\/\/noticiaempauta.com\/portal\/camara-dos-deputados-celebra-190-anos-da-alepi-em-sessao-solene\/"},"wordCount":397,"commentCount":0,"publisher":{"@id":"https:\/\/noticiaempauta.com\/portal\/#organization"},"image":{"@id":"https:\/\/noticiaempauta.com\/portal\/camara-dos-deputados-celebra-190-anos-da-alepi-em-sessao-solene\/#primaryimage"},"thumbnailUrl":"https:\/\/noticiaempauta.com\/portal\/wp-content\/uploads\/2025\/08\/WhatsApp-Image-2025-08-12-at-15.06.37-1.jpeg","keywords":["destaqueprincipal"],"articleSection":["Destaques","Geral","Todas as Not\u00edcias"],"inLanguage":"pt-BR","potentialAction":[{"@type":"CommentAction","name":"Comment","target":["https:\/\/noticiaempauta.com\/portal\/camara-dos-deputados-celebra-190-anos-da-alepi-em-sessao-solene\/#respond"]}]},{"@type":"WebPage","@id":"https:\/\/noticiaempauta.com\/portal\/camara-dos-deputados-celebra-190-anos-da-alepi-em-sessao-solene\/","url":"https:\/\/noticiaempauta.com\/portal\/camara-dos-deputados-celebra-190-anos-da-alepi-em-sessao-solene\/","name":"C\u00e2mara dos Deputados celebra 190 anos da Alepi em sess\u00e3o solene - Portal Not\u00edcia em Pauta","isPartOf":{"@id":"https:\/\/noticiaempauta.com\/portal\/#website"},"primaryImageOfPage":{"@id":"https:\/\/noticiaempauta.com\/portal\/camara-dos-deputados-celebra-190-anos-da-alepi-em-sessao-solene\/#primaryimage"},"image":{"@id":"https:\/\/noticiaempauta.com\/portal\/camara-dos-deputados-celebra-190-anos-da-alepi-em-sessao-solene\/#primaryimage"},"thumbnailUrl":"https:\/\/noticiaempauta.com\/portal\/wp-content\/uploads\/2025\/08\/WhatsApp-Image-2025-08-12-at-15.06.37-1.jpeg","datePublished":"2025-08-12T18:09:35+00:00","dateModified":"2025-08-12T18:09:36+00:00","breadcrumb":{"@id":"https:\/\/noticiaempauta.com\/portal\/camara-dos-deputados-celebra-190-anos-da-alepi-em-sessao-solene\/#breadcrumb"},"inLanguage":"pt-BR","potentialAction":[{"@type":"ReadAction","target":["https:\/\/noticiaempauta.com\/portal\/camara-dos-deputados-celebra-190-anos-da-alepi-em-sessao-solene\/"]}]},{"@type":"ImageObject","inLanguage":"pt-BR","@id":"https:\/\/noticiaempauta.com\/portal\/camara-dos-deputados-celebra-190-anos-da-alepi-em-sessao-solene\/#primaryimage","url":"https:\/\/noticiaempauta.com\/portal\/wp-content\/uploads\/2025\/08\/WhatsApp-Image-2025-08-12-at-15.06.37-1.jpeg","contentUrl":"https:\/\/noticiaempauta.com\/portal\/wp-content\/uploads\/2025\/08\/WhatsApp-Image-2025-08-12-at-15.06.37-1.jpeg","width":1170,"height":649},{"@type":"BreadcrumbList","@id":"https:\/\/noticiaempauta.com\/portal\/camara-dos-deputados-celebra-190-anos-da-alepi-em-sessao-solene\/#breadcrumb","itemListElement":[{"@type":"ListItem","position":1,"name":"P\u00e1gina Inicial","item":"https:\/\/noticiaempauta.com\/portal\/"},{"@type":"ListItem","position":2,"name":"Geral","item":"https:\/\/noticiaempauta.com\/portal\/geral\/"},{"@type":"ListItem","position":3,"name":"C\u00e2mara dos Deputados celebra 190 anos da Alepi em sess\u00e3o solene"}]},{"@type":"WebSite","@id":"https:\/\/noticiaempauta.com\/portal\/#website","url":"https:\/\/noticiaempauta.com\/portal\/","name":"Portal Not\u00edcia em Pauta","description":"Voc\u00ea bem informado","publisher":{"@id":"https:\/\/noticiaempauta.com\/portal\/#organization"},"potentialAction":[{"@type":"SearchAction","target":{"@type":"EntryPoint","urlTemplate":"https:\/\/noticiaempauta.com\/portal\/?s={search_term_string}"},"query-input":{"@type":"PropertyValueSpecification","valueRequired":true,"valueName":"search_term_string"}}],"inLanguage":"pt-BR"},{"@type":"Organization","@id":"https:\/\/noticiaempauta.com\/portal\/#organization","name":"Portal Not\u00edcia em Pauta","url":"https:\/\/noticiaempauta.com\/portal\/","logo":{"@type":"ImageObject","inLanguage":"pt-BR","@id":"https:\/\/noticiaempauta.com\/portal\/#\/schema\/logo\/image\/","url":"https:\/\/noticiaempauta.com\/portal\/wp-content\/uploads\/2022\/08\/logomarca_tema.fw_.png","contentUrl":"https:\/\/noticiaempauta.com\/portal\/wp-content\/uploads\/2022\/08\/logomarca_tema.fw_.png","width":400,"height":232,"caption":"Portal Not\u00edcia em Pauta"},"image":{"@id":"https:\/\/noticiaempauta.com\/portal\/#\/schema\/logo\/image\/"},"sameAs":["https:\/\/www.facebook.com\/Portal-Notcia-Em-Pauta-102292869264820\/","https:\/\/www.instagram.com\/portalnoticiaempauta\/"]},{"@type":"Person","@id":"https:\/\/noticiaempauta.com\/portal\/#\/schema\/person\/a74af43dd1ab3deca45f988c717d57ac","name":"Reda\u00e7\u00e3o","image":{"@type":"ImageObject","inLanguage":"pt-BR","@id":"https:\/\/noticiaempauta.com\/portal\/#\/schema\/person\/image\/","url":"https:\/\/secure.gravatar.com\/avatar\/03179346ecce6cdfc13361603e8f54242a90e5cde8618fa23c5c00aa2b0aadf3?s=96&d=mm&r=g","contentUrl":"https:\/\/secure.gravatar.com\/avatar\/03179346ecce6cdfc13361603e8f54242a90e5cde8618fa23c5c00aa2b0aadf3?s=96&d=mm&r=g","caption":"Reda\u00e7\u00e3o"},"sameAs":["https:\/\/noticiaempauta.com\/portal\/"],"url":"https:\/\/noticiaempauta.com\/portal\/author\/fernando\/"}]}},"_links":{"self":[{"href":"https:\/\/noticiaempauta.com\/portal\/wp-json\/wp\/v2\/posts\/276555","targetHints":{"allow":["GET"]}}],"collection":[{"href":"https:\/\/noticiaempauta.com\/portal\/wp-json\/wp\/v2\/posts"}],"about":[{"href":"https:\/\/noticiaempauta.com\/portal\/wp-json\/wp\/v2\/types\/post"}],"author":[{"embeddable":true,"href":"https:\/\/noticiaempauta.com\/portal\/wp-json\/wp\/v2\/users\/2"}],"replies":[{"embeddable":true,"href":"https:\/\/noticiaempauta.com\/portal\/wp-json\/wp\/v2\/comments?post=276555"}],"version-history":[{"count":2,"href":"https:\/\/noticiaempauta.com\/portal\/wp-json\/wp\/v2\/posts\/276555\/revisions"}],"predecessor-version":[{"id":276561,"href":"https:\/\/noticiaempauta.com\/portal\/wp-json\/wp\/v2\/posts\/276555\/revisions\/276561"}],"wp:featuredmedia":[{"embeddable":true,"href":"https:\/\/noticiaempauta.com\/portal\/wp-json\/wp\/v2\/media\/276558"}],"wp:attachment":[{"href":"https:\/\/noticiaempauta.com\/portal\/wp-json\/wp\/v2\/media?parent=276555"}],"wp:term":[{"taxonomy":"category","embeddable":true,"href":"https:\/\/noticiaempauta.com\/portal\/wp-json\/wp\/v2\/categories?post=276555"},{"taxonomy":"post_tag","embeddable":true,"href":"https:\/\/noticiaempauta.com\/portal\/wp-json\/wp\/v2\/tags?post=276555"}],"curies":[{"name":"wp","href":"https:\/\/api.w.org\/{rel}","templated":true}]}}