{"id":277018,"date":"2025-08-22T15:37:25","date_gmt":"2025-08-22T18:37:25","guid":{"rendered":"https:\/\/noticiaempauta.com\/portal\/?p=277018"},"modified":"2025-08-22T15:37:26","modified_gmt":"2025-08-22T18:37:26","slug":"semel-de-picos-apoia-o-portas-abertas-do-sest-senat","status":"publish","type":"post","link":"https:\/\/noticiaempauta.com\/portal\/semel-de-picos-apoia-o-portas-abertas-do-sest-senat\/","title":{"rendered":"SEMEL de Picos apoia o \u201cPortas Abertas\u201d do SEST SENAT"},"content":{"rendered":"\n<p>A Prefeitura de Picos, atrav\u00e9s da SEMEL (Secretaria Municipal de Esportes e Lazer), apoia o \u201cPortas Abertas\u201d, evento gratuito que ser\u00e1 realizado pela Unidade do SEST SENAST (Servi\u00e7o Social do Transporte e Servi\u00e7o Nacional de Aprendizagem do Transporte), para as fam\u00edlias picoenses.<\/p>\n\n\n\n<figure class=\"wp-block-image size-full\"><img fetchpriority=\"high\" decoding=\"async\" width=\"640\" height=\"412\" src=\"https:\/\/noticiaempauta.com\/portal\/wp-content\/uploads\/2025\/08\/IMG_8854.jpeg\" alt=\"\" class=\"wp-image-277019\" srcset=\"https:\/\/noticiaempauta.com\/portal\/wp-content\/uploads\/2025\/08\/IMG_8854.jpeg 640w, https:\/\/noticiaempauta.com\/portal\/wp-content\/uploads\/2025\/08\/IMG_8854-300x193.jpeg 300w\" sizes=\"(max-width: 640px) 100vw, 640px\" \/><\/figure>\n\n\n\n<p>O \u201cPortas Abertas\u201d vai acontecer neste s\u00e1bado (23), das 08h00min \u00e0s 12h00min e das 14h00min \u00e0s 17h00min, na sede do SEST SENAT, localizado Avenida Piau\u00ed, N\u00ba 656, Bairro Parque de Exposi\u00e7\u00e3o.<\/p>\n\n\n\n<p>Na manh\u00e3 desta sexta-feira (22), a secret\u00e1ria de Esportes e Lazer de Picos, Layana Rufino, esteve reunida com o coordenador de Promo\u00e7\u00e3o Social do SEST SENAT, Layon Feitosa, para alinhar as a\u00e7\u00f5es que ser\u00e3o promovidas pela pasta durante o evento.<\/p>\n\n\n\n<p>\u201cPreparamos uma surpresa para valorizar ainda mais voc\u00ea atleta, \u00e9 amanh\u00e3 das 08h00min \u00e0s 17h00min, com um breve intervalo para o almo\u00e7o\u201d, destacou Layana Rufino.<\/p>\n\n\n\n<p>O \u201cPortas Abertas\u201d contar\u00e1 com uma vasta programa\u00e7\u00e3o voltada para todos os p\u00fablicos onde ser\u00e3o ofertados servi\u00e7os de sa\u00fade gratuitos, atividades esportivas, aul\u00e3o de dan\u00e7a, dentre outras atividades e a distribui\u00e7\u00e3o de brindes.<\/p>\n\n\n\n<p>No local tamb\u00e9m ser\u00e1 montada uma Pra\u00e7a de Alimenta\u00e7\u00e3o.<\/p>\n\n\n\n<p>Para a divers\u00e3o da crian\u00e7ada ser\u00e3o disponibilizados tobog\u00e3 infl\u00e1vel, casinha de bolinhas, cama el\u00e1stica, al\u00e9m de pintura de rosto e maquiagem.<\/p>\n\n\n\n<p>\u201cNa \u00e1rea de sa\u00fade teremos atendimento odontol\u00f3gico, fisioterapia, nutri\u00e7\u00e3o, psicologia e a parte esportiva com futsal Sub-12, Sub-15 e voleibol\u201d, finalizou Layon Feitosa.<\/p>\n\n\n\n<p>CCOM<\/p>\n","protected":false},"excerpt":{"rendered":"<p>A Prefeitura de Picos, atrav\u00e9s da SEMEL (Secretaria Municipal de Esportes e Lazer), apoia o \u201cPortas Abertas\u201d, evento gratuito que ser\u00e1 realizado pela Unidade do SEST SENAST (Servi\u00e7o Social do Transporte e Servi\u00e7o Nacional de Aprendizagem do Transporte), para as fam\u00edlias picoenses. O \u201cPortas Abertas\u201d vai acontecer neste s\u00e1bado (23), das 08h00min \u00e0s 12h00min e [&hellip;]<\/p>\n","protected":false},"author":2,"featured_media":277019,"comment_status":"open","ping_status":"open","sticky":false,"template":"","format":"standard","meta":{"_mi_skip_tracking":false,"footnotes":""},"categories":[25,26,1,16],"tags":[],"class_list":["post-277018","post","type-post","status-publish","format-standard","has-post-thumbnail","hentry","category-destaques-site","category-esporte","category-geral","category-todas"],"acf":[],"yoast_head":"<!-- This site is optimized with the Yoast SEO Premium plugin v19.2 (Yoast SEO v26.9) - https:\/\/yoast.com\/product\/yoast-seo-premium-wordpress\/ -->\n<title>SEMEL de Picos apoia o \u201cPortas Abertas\u201d do SEST SENAT - Portal Not\u00edcia em Pauta<\/title>\n<meta name=\"robots\" content=\"index, follow, max-snippet:-1, max-image-preview:large, max-video-preview:-1\" \/>\n<link rel=\"canonical\" href=\"https:\/\/noticiaempauta.com\/portal\/semel-de-picos-apoia-o-portas-abertas-do-sest-senat\/\" \/>\n<meta property=\"og:locale\" content=\"pt_BR\" \/>\n<meta property=\"og:type\" content=\"article\" \/>\n<meta property=\"og:title\" content=\"SEMEL de Picos apoia o \u201cPortas Abertas\u201d do SEST SENAT\" \/>\n<meta property=\"og:description\" content=\"A Prefeitura de Picos, atrav\u00e9s da SEMEL (Secretaria Municipal de Esportes e Lazer), apoia o \u201cPortas Abertas\u201d, evento gratuito que ser\u00e1 realizado pela Unidade do SEST SENAST (Servi\u00e7o Social do Transporte e Servi\u00e7o Nacional de Aprendizagem do Transporte), para as fam\u00edlias picoenses. O \u201cPortas Abertas\u201d vai acontecer neste s\u00e1bado (23), das 08h00min \u00e0s 12h00min e [&hellip;]\" \/>\n<meta property=\"og:url\" content=\"https:\/\/noticiaempauta.com\/portal\/semel-de-picos-apoia-o-portas-abertas-do-sest-senat\/\" \/>\n<meta property=\"og:site_name\" content=\"Portal Not\u00edcia em Pauta\" \/>\n<meta property=\"article:publisher\" content=\"https:\/\/www.facebook.com\/Portal-Notcia-Em-Pauta-102292869264820\/\" \/>\n<meta property=\"article:published_time\" content=\"2025-08-22T18:37:25+00:00\" \/>\n<meta property=\"article:modified_time\" content=\"2025-08-22T18:37:26+00:00\" \/>\n<meta property=\"og:image\" content=\"https:\/\/noticiaempauta.com\/portal\/wp-content\/uploads\/2025\/08\/IMG_8854.jpeg\" \/>\n\t<meta property=\"og:image:width\" content=\"640\" \/>\n\t<meta property=\"og:image:height\" content=\"412\" \/>\n\t<meta property=\"og:image:type\" content=\"image\/jpeg\" \/>\n<meta name=\"author\" content=\"Reda\u00e7\u00e3o\" \/>\n<meta name=\"twitter:card\" content=\"summary_large_image\" \/>\n<meta name=\"twitter:label1\" content=\"Escrito por\" \/>\n\t<meta name=\"twitter:data1\" content=\"Reda\u00e7\u00e3o\" \/>\n\t<meta name=\"twitter:label2\" content=\"Est. tempo de leitura\" \/>\n\t<meta name=\"twitter:data2\" content=\"2 minutos\" \/>\n<script type=\"application\/ld+json\" class=\"yoast-schema-graph\">{\"@context\":\"https:\/\/schema.org\",\"@graph\":[{\"@type\":\"Article\",\"@id\":\"https:\/\/noticiaempauta.com\/portal\/semel-de-picos-apoia-o-portas-abertas-do-sest-senat\/#article\",\"isPartOf\":{\"@id\":\"https:\/\/noticiaempauta.com\/portal\/semel-de-picos-apoia-o-portas-abertas-do-sest-senat\/\"},\"author\":{\"name\":\"Reda\u00e7\u00e3o\",\"@id\":\"https:\/\/noticiaempauta.com\/portal\/#\/schema\/person\/a74af43dd1ab3deca45f988c717d57ac\"},\"headline\":\"SEMEL de Picos apoia o \u201cPortas Abertas\u201d do SEST SENAT\",\"datePublished\":\"2025-08-22T18:37:25+00:00\",\"dateModified\":\"2025-08-22T18:37:26+00:00\",\"mainEntityOfPage\":{\"@id\":\"https:\/\/noticiaempauta.com\/portal\/semel-de-picos-apoia-o-portas-abertas-do-sest-senat\/\"},\"wordCount\":268,\"commentCount\":0,\"publisher\":{\"@id\":\"https:\/\/noticiaempauta.com\/portal\/#organization\"},\"image\":{\"@id\":\"https:\/\/noticiaempauta.com\/portal\/semel-de-picos-apoia-o-portas-abertas-do-sest-senat\/#primaryimage\"},\"thumbnailUrl\":\"https:\/\/noticiaempauta.com\/portal\/wp-content\/uploads\/2025\/08\/IMG_8854.jpeg\",\"articleSection\":[\"Destaques\",\"Esporte\",\"Geral\",\"Todas as Not\u00edcias\"],\"inLanguage\":\"pt-BR\",\"potentialAction\":[{\"@type\":\"CommentAction\",\"name\":\"Comment\",\"target\":[\"https:\/\/noticiaempauta.com\/portal\/semel-de-picos-apoia-o-portas-abertas-do-sest-senat\/#respond\"]}]},{\"@type\":\"WebPage\",\"@id\":\"https:\/\/noticiaempauta.com\/portal\/semel-de-picos-apoia-o-portas-abertas-do-sest-senat\/\",\"url\":\"https:\/\/noticiaempauta.com\/portal\/semel-de-picos-apoia-o-portas-abertas-do-sest-senat\/\",\"name\":\"SEMEL de Picos apoia o \u201cPortas Abertas\u201d do SEST SENAT - Portal Not\u00edcia em Pauta\",\"isPartOf\":{\"@id\":\"https:\/\/noticiaempauta.com\/portal\/#website\"},\"primaryImageOfPage\":{\"@id\":\"https:\/\/noticiaempauta.com\/portal\/semel-de-picos-apoia-o-portas-abertas-do-sest-senat\/#primaryimage\"},\"image\":{\"@id\":\"https:\/\/noticiaempauta.com\/portal\/semel-de-picos-apoia-o-portas-abertas-do-sest-senat\/#primaryimage\"},\"thumbnailUrl\":\"https:\/\/noticiaempauta.com\/portal\/wp-content\/uploads\/2025\/08\/IMG_8854.jpeg\",\"datePublished\":\"2025-08-22T18:37:25+00:00\",\"dateModified\":\"2025-08-22T18:37:26+00:00\",\"breadcrumb\":{\"@id\":\"https:\/\/noticiaempauta.com\/portal\/semel-de-picos-apoia-o-portas-abertas-do-sest-senat\/#breadcrumb\"},\"inLanguage\":\"pt-BR\",\"potentialAction\":[{\"@type\":\"ReadAction\",\"target\":[\"https:\/\/noticiaempauta.com\/portal\/semel-de-picos-apoia-o-portas-abertas-do-sest-senat\/\"]}]},{\"@type\":\"ImageObject\",\"inLanguage\":\"pt-BR\",\"@id\":\"https:\/\/noticiaempauta.com\/portal\/semel-de-picos-apoia-o-portas-abertas-do-sest-senat\/#primaryimage\",\"url\":\"https:\/\/noticiaempauta.com\/portal\/wp-content\/uploads\/2025\/08\/IMG_8854.jpeg\",\"contentUrl\":\"https:\/\/noticiaempauta.com\/portal\/wp-content\/uploads\/2025\/08\/IMG_8854.jpeg\",\"width\":640,\"height\":412},{\"@type\":\"BreadcrumbList\",\"@id\":\"https:\/\/noticiaempauta.com\/portal\/semel-de-picos-apoia-o-portas-abertas-do-sest-senat\/#breadcrumb\",\"itemListElement\":[{\"@type\":\"ListItem\",\"position\":1,\"name\":\"P\u00e1gina Inicial\",\"item\":\"https:\/\/noticiaempauta.com\/portal\/\"},{\"@type\":\"ListItem\",\"position\":2,\"name\":\"Destaques\",\"item\":\"https:\/\/noticiaempauta.com\/portal\/destaques-site\/\"},{\"@type\":\"ListItem\",\"position\":3,\"name\":\"SEMEL de Picos apoia o \u201cPortas Abertas\u201d do SEST SENAT\"}]},{\"@type\":\"WebSite\",\"@id\":\"https:\/\/noticiaempauta.com\/portal\/#website\",\"url\":\"https:\/\/noticiaempauta.com\/portal\/\",\"name\":\"Portal Not\u00edcia em Pauta\",\"description\":\"Voc\u00ea bem informado\",\"publisher\":{\"@id\":\"https:\/\/noticiaempauta.com\/portal\/#organization\"},\"potentialAction\":[{\"@type\":\"SearchAction\",\"target\":{\"@type\":\"EntryPoint\",\"urlTemplate\":\"https:\/\/noticiaempauta.com\/portal\/?s={search_term_string}\"},\"query-input\":{\"@type\":\"PropertyValueSpecification\",\"valueRequired\":true,\"valueName\":\"search_term_string\"}}],\"inLanguage\":\"pt-BR\"},{\"@type\":\"Organization\",\"@id\":\"https:\/\/noticiaempauta.com\/portal\/#organization\",\"name\":\"Portal Not\u00edcia em Pauta\",\"url\":\"https:\/\/noticiaempauta.com\/portal\/\",\"logo\":{\"@type\":\"ImageObject\",\"inLanguage\":\"pt-BR\",\"@id\":\"https:\/\/noticiaempauta.com\/portal\/#\/schema\/logo\/image\/\",\"url\":\"https:\/\/noticiaempauta.com\/portal\/wp-content\/uploads\/2022\/08\/logomarca_tema.fw_.png\",\"contentUrl\":\"https:\/\/noticiaempauta.com\/portal\/wp-content\/uploads\/2022\/08\/logomarca_tema.fw_.png\",\"width\":400,\"height\":232,\"caption\":\"Portal Not\u00edcia em Pauta\"},\"image\":{\"@id\":\"https:\/\/noticiaempauta.com\/portal\/#\/schema\/logo\/image\/\"},\"sameAs\":[\"https:\/\/www.facebook.com\/Portal-Notcia-Em-Pauta-102292869264820\/\",\"https:\/\/www.instagram.com\/portalnoticiaempauta\/\"]},{\"@type\":\"Person\",\"@id\":\"https:\/\/noticiaempauta.com\/portal\/#\/schema\/person\/a74af43dd1ab3deca45f988c717d57ac\",\"name\":\"Reda\u00e7\u00e3o\",\"image\":{\"@type\":\"ImageObject\",\"inLanguage\":\"pt-BR\",\"@id\":\"https:\/\/noticiaempauta.com\/portal\/#\/schema\/person\/image\/\",\"url\":\"https:\/\/secure.gravatar.com\/avatar\/03179346ecce6cdfc13361603e8f54242a90e5cde8618fa23c5c00aa2b0aadf3?s=96&d=mm&r=g\",\"contentUrl\":\"https:\/\/secure.gravatar.com\/avatar\/03179346ecce6cdfc13361603e8f54242a90e5cde8618fa23c5c00aa2b0aadf3?s=96&d=mm&r=g\",\"caption\":\"Reda\u00e7\u00e3o\"},\"sameAs\":[\"https:\/\/noticiaempauta.com\/portal\/\"],\"url\":\"https:\/\/noticiaempauta.com\/portal\/author\/fernando\/\"}]}<\/script>\n<!-- \/ Yoast SEO Premium plugin. -->","yoast_head_json":{"title":"SEMEL de Picos apoia o \u201cPortas Abertas\u201d do SEST SENAT - Portal Not\u00edcia em Pauta","robots":{"index":"index","follow":"follow","max-snippet":"max-snippet:-1","max-image-preview":"max-image-preview:large","max-video-preview":"max-video-preview:-1"},"canonical":"https:\/\/noticiaempauta.com\/portal\/semel-de-picos-apoia-o-portas-abertas-do-sest-senat\/","og_locale":"pt_BR","og_type":"article","og_title":"SEMEL de Picos apoia o \u201cPortas Abertas\u201d do SEST SENAT","og_description":"A Prefeitura de Picos, atrav\u00e9s da SEMEL (Secretaria Municipal de Esportes e Lazer), apoia o \u201cPortas Abertas\u201d, evento gratuito que ser\u00e1 realizado pela Unidade do SEST SENAST (Servi\u00e7o Social do Transporte e Servi\u00e7o Nacional de Aprendizagem do Transporte), para as fam\u00edlias picoenses. O \u201cPortas Abertas\u201d vai acontecer neste s\u00e1bado (23), das 08h00min \u00e0s 12h00min e [&hellip;]","og_url":"https:\/\/noticiaempauta.com\/portal\/semel-de-picos-apoia-o-portas-abertas-do-sest-senat\/","og_site_name":"Portal Not\u00edcia em Pauta","article_publisher":"https:\/\/www.facebook.com\/Portal-Notcia-Em-Pauta-102292869264820\/","article_published_time":"2025-08-22T18:37:25+00:00","article_modified_time":"2025-08-22T18:37:26+00:00","og_image":[{"width":640,"height":412,"url":"https:\/\/noticiaempauta.com\/portal\/wp-content\/uploads\/2025\/08\/IMG_8854.jpeg","type":"image\/jpeg"}],"author":"Reda\u00e7\u00e3o","twitter_card":"summary_large_image","twitter_misc":{"Escrito por":"Reda\u00e7\u00e3o","Est. tempo de leitura":"2 minutos"},"schema":{"@context":"https:\/\/schema.org","@graph":[{"@type":"Article","@id":"https:\/\/noticiaempauta.com\/portal\/semel-de-picos-apoia-o-portas-abertas-do-sest-senat\/#article","isPartOf":{"@id":"https:\/\/noticiaempauta.com\/portal\/semel-de-picos-apoia-o-portas-abertas-do-sest-senat\/"},"author":{"name":"Reda\u00e7\u00e3o","@id":"https:\/\/noticiaempauta.com\/portal\/#\/schema\/person\/a74af43dd1ab3deca45f988c717d57ac"},"headline":"SEMEL de Picos apoia o \u201cPortas Abertas\u201d do SEST SENAT","datePublished":"2025-08-22T18:37:25+00:00","dateModified":"2025-08-22T18:37:26+00:00","mainEntityOfPage":{"@id":"https:\/\/noticiaempauta.com\/portal\/semel-de-picos-apoia-o-portas-abertas-do-sest-senat\/"},"wordCount":268,"commentCount":0,"publisher":{"@id":"https:\/\/noticiaempauta.com\/portal\/#organization"},"image":{"@id":"https:\/\/noticiaempauta.com\/portal\/semel-de-picos-apoia-o-portas-abertas-do-sest-senat\/#primaryimage"},"thumbnailUrl":"https:\/\/noticiaempauta.com\/portal\/wp-content\/uploads\/2025\/08\/IMG_8854.jpeg","articleSection":["Destaques","Esporte","Geral","Todas as Not\u00edcias"],"inLanguage":"pt-BR","potentialAction":[{"@type":"CommentAction","name":"Comment","target":["https:\/\/noticiaempauta.com\/portal\/semel-de-picos-apoia-o-portas-abertas-do-sest-senat\/#respond"]}]},{"@type":"WebPage","@id":"https:\/\/noticiaempauta.com\/portal\/semel-de-picos-apoia-o-portas-abertas-do-sest-senat\/","url":"https:\/\/noticiaempauta.com\/portal\/semel-de-picos-apoia-o-portas-abertas-do-sest-senat\/","name":"SEMEL de Picos apoia o \u201cPortas Abertas\u201d do SEST SENAT - Portal Not\u00edcia em Pauta","isPartOf":{"@id":"https:\/\/noticiaempauta.com\/portal\/#website"},"primaryImageOfPage":{"@id":"https:\/\/noticiaempauta.com\/portal\/semel-de-picos-apoia-o-portas-abertas-do-sest-senat\/#primaryimage"},"image":{"@id":"https:\/\/noticiaempauta.com\/portal\/semel-de-picos-apoia-o-portas-abertas-do-sest-senat\/#primaryimage"},"thumbnailUrl":"https:\/\/noticiaempauta.com\/portal\/wp-content\/uploads\/2025\/08\/IMG_8854.jpeg","datePublished":"2025-08-22T18:37:25+00:00","dateModified":"2025-08-22T18:37:26+00:00","breadcrumb":{"@id":"https:\/\/noticiaempauta.com\/portal\/semel-de-picos-apoia-o-portas-abertas-do-sest-senat\/#breadcrumb"},"inLanguage":"pt-BR","potentialAction":[{"@type":"ReadAction","target":["https:\/\/noticiaempauta.com\/portal\/semel-de-picos-apoia-o-portas-abertas-do-sest-senat\/"]}]},{"@type":"ImageObject","inLanguage":"pt-BR","@id":"https:\/\/noticiaempauta.com\/portal\/semel-de-picos-apoia-o-portas-abertas-do-sest-senat\/#primaryimage","url":"https:\/\/noticiaempauta.com\/portal\/wp-content\/uploads\/2025\/08\/IMG_8854.jpeg","contentUrl":"https:\/\/noticiaempauta.com\/portal\/wp-content\/uploads\/2025\/08\/IMG_8854.jpeg","width":640,"height":412},{"@type":"BreadcrumbList","@id":"https:\/\/noticiaempauta.com\/portal\/semel-de-picos-apoia-o-portas-abertas-do-sest-senat\/#breadcrumb","itemListElement":[{"@type":"ListItem","position":1,"name":"P\u00e1gina Inicial","item":"https:\/\/noticiaempauta.com\/portal\/"},{"@type":"ListItem","position":2,"name":"Destaques","item":"https:\/\/noticiaempauta.com\/portal\/destaques-site\/"},{"@type":"ListItem","position":3,"name":"SEMEL de Picos apoia o \u201cPortas Abertas\u201d do SEST SENAT"}]},{"@type":"WebSite","@id":"https:\/\/noticiaempauta.com\/portal\/#website","url":"https:\/\/noticiaempauta.com\/portal\/","name":"Portal Not\u00edcia em Pauta","description":"Voc\u00ea bem informado","publisher":{"@id":"https:\/\/noticiaempauta.com\/portal\/#organization"},"potentialAction":[{"@type":"SearchAction","target":{"@type":"EntryPoint","urlTemplate":"https:\/\/noticiaempauta.com\/portal\/?s={search_term_string}"},"query-input":{"@type":"PropertyValueSpecification","valueRequired":true,"valueName":"search_term_string"}}],"inLanguage":"pt-BR"},{"@type":"Organization","@id":"https:\/\/noticiaempauta.com\/portal\/#organization","name":"Portal Not\u00edcia em Pauta","url":"https:\/\/noticiaempauta.com\/portal\/","logo":{"@type":"ImageObject","inLanguage":"pt-BR","@id":"https:\/\/noticiaempauta.com\/portal\/#\/schema\/logo\/image\/","url":"https:\/\/noticiaempauta.com\/portal\/wp-content\/uploads\/2022\/08\/logomarca_tema.fw_.png","contentUrl":"https:\/\/noticiaempauta.com\/portal\/wp-content\/uploads\/2022\/08\/logomarca_tema.fw_.png","width":400,"height":232,"caption":"Portal Not\u00edcia em Pauta"},"image":{"@id":"https:\/\/noticiaempauta.com\/portal\/#\/schema\/logo\/image\/"},"sameAs":["https:\/\/www.facebook.com\/Portal-Notcia-Em-Pauta-102292869264820\/","https:\/\/www.instagram.com\/portalnoticiaempauta\/"]},{"@type":"Person","@id":"https:\/\/noticiaempauta.com\/portal\/#\/schema\/person\/a74af43dd1ab3deca45f988c717d57ac","name":"Reda\u00e7\u00e3o","image":{"@type":"ImageObject","inLanguage":"pt-BR","@id":"https:\/\/noticiaempauta.com\/portal\/#\/schema\/person\/image\/","url":"https:\/\/secure.gravatar.com\/avatar\/03179346ecce6cdfc13361603e8f54242a90e5cde8618fa23c5c00aa2b0aadf3?s=96&d=mm&r=g","contentUrl":"https:\/\/secure.gravatar.com\/avatar\/03179346ecce6cdfc13361603e8f54242a90e5cde8618fa23c5c00aa2b0aadf3?s=96&d=mm&r=g","caption":"Reda\u00e7\u00e3o"},"sameAs":["https:\/\/noticiaempauta.com\/portal\/"],"url":"https:\/\/noticiaempauta.com\/portal\/author\/fernando\/"}]}},"_links":{"self":[{"href":"https:\/\/noticiaempauta.com\/portal\/wp-json\/wp\/v2\/posts\/277018","targetHints":{"allow":["GET"]}}],"collection":[{"href":"https:\/\/noticiaempauta.com\/portal\/wp-json\/wp\/v2\/posts"}],"about":[{"href":"https:\/\/noticiaempauta.com\/portal\/wp-json\/wp\/v2\/types\/post"}],"author":[{"embeddable":true,"href":"https:\/\/noticiaempauta.com\/portal\/wp-json\/wp\/v2\/users\/2"}],"replies":[{"embeddable":true,"href":"https:\/\/noticiaempauta.com\/portal\/wp-json\/wp\/v2\/comments?post=277018"}],"version-history":[{"count":2,"href":"https:\/\/noticiaempauta.com\/portal\/wp-json\/wp\/v2\/posts\/277018\/revisions"}],"predecessor-version":[{"id":277021,"href":"https:\/\/noticiaempauta.com\/portal\/wp-json\/wp\/v2\/posts\/277018\/revisions\/277021"}],"wp:featuredmedia":[{"embeddable":true,"href":"https:\/\/noticiaempauta.com\/portal\/wp-json\/wp\/v2\/media\/277019"}],"wp:attachment":[{"href":"https:\/\/noticiaempauta.com\/portal\/wp-json\/wp\/v2\/media?parent=277018"}],"wp:term":[{"taxonomy":"category","embeddable":true,"href":"https:\/\/noticiaempauta.com\/portal\/wp-json\/wp\/v2\/categories?post=277018"},{"taxonomy":"post_tag","embeddable":true,"href":"https:\/\/noticiaempauta.com\/portal\/wp-json\/wp\/v2\/tags?post=277018"}],"curies":[{"name":"wp","href":"https:\/\/api.w.org\/{rel}","templated":true}]}}