{"id":277132,"date":"2025-08-25T09:29:43","date_gmt":"2025-08-25T12:29:43","guid":{"rendered":"https:\/\/noticiaempauta.com\/portal\/?p=277132"},"modified":"2025-08-25T09:29:44","modified_gmt":"2025-08-25T12:29:44","slug":"prefeitura-de-aroeiras-do-itaim-realiza-entrega-de-colmeias-a-apicultores-locais-em-parceria-com-a-codevasf","status":"publish","type":"post","link":"https:\/\/noticiaempauta.com\/portal\/prefeitura-de-aroeiras-do-itaim-realiza-entrega-de-colmeias-a-apicultores-locais-em-parceria-com-a-codevasf\/","title":{"rendered":"Prefeitura de Aroeiras do Itaim realiza entrega de colmeias a apicultores locais em parceria com a Codevasf"},"content":{"rendered":"\n<p>Na manh\u00e3 deste domingo, 24, a Prefeitura de Aroeiras do Itaim, por meio da Secretaria Municipal de Agricultura, realizou a entrega de 154 colmeias doadas pela Codevasf a apicultores independentes e membros da associa\u00e7\u00e3o local.<\/p>\n\n\n\n<figure class=\"wp-block-image size-large\"><img fetchpriority=\"high\" decoding=\"async\" width=\"1024\" height=\"576\" src=\"https:\/\/noticiaempauta.com\/portal\/wp-content\/uploads\/2025\/08\/IMG-20250825-WA0016-1024x576.jpg\" alt=\"\" class=\"wp-image-277144\" srcset=\"https:\/\/noticiaempauta.com\/portal\/wp-content\/uploads\/2025\/08\/IMG-20250825-WA0016-1024x576.jpg 1024w, https:\/\/noticiaempauta.com\/portal\/wp-content\/uploads\/2025\/08\/IMG-20250825-WA0016-300x169.jpg 300w, https:\/\/noticiaempauta.com\/portal\/wp-content\/uploads\/2025\/08\/IMG-20250825-WA0016-768x432.jpg 768w, https:\/\/noticiaempauta.com\/portal\/wp-content\/uploads\/2025\/08\/IMG-20250825-WA0016-1536x864.jpg 1536w, https:\/\/noticiaempauta.com\/portal\/wp-content\/uploads\/2025\/08\/IMG-20250825-WA0016.jpg 1600w\" sizes=\"(max-width: 1024px) 100vw, 1024px\" \/><\/figure>\n\n\n\n<p> A iniciativa tem como objetivo fortalecer a produ\u00e7\u00e3o de mel no munic\u00edpio e gerar novas oportunidades de desenvolvimento econ\u00f4mico para as fam\u00edlias da regi\u00e3o.<\/p>\n\n\n\n<figure class=\"wp-block-image size-large\"><img decoding=\"async\" width=\"1024\" height=\"576\" src=\"https:\/\/noticiaempauta.com\/portal\/wp-content\/uploads\/2025\/08\/IMG-20250825-WA0017-1024x576.jpg\" alt=\"\" class=\"wp-image-277143\" srcset=\"https:\/\/noticiaempauta.com\/portal\/wp-content\/uploads\/2025\/08\/IMG-20250825-WA0017-1024x576.jpg 1024w, https:\/\/noticiaempauta.com\/portal\/wp-content\/uploads\/2025\/08\/IMG-20250825-WA0017-300x169.jpg 300w, https:\/\/noticiaempauta.com\/portal\/wp-content\/uploads\/2025\/08\/IMG-20250825-WA0017-768x432.jpg 768w, https:\/\/noticiaempauta.com\/portal\/wp-content\/uploads\/2025\/08\/IMG-20250825-WA0017-1536x864.jpg 1536w, https:\/\/noticiaempauta.com\/portal\/wp-content\/uploads\/2025\/08\/IMG-20250825-WA0017.jpg 1600w\" sizes=\"(max-width: 1024px) 100vw, 1024px\" \/><\/figure>\n\n\n\n<p>O evento contou com a presen\u00e7a do prefeito Marciano Macedo, da secret\u00e1ria de Administra\u00e7\u00e3o e Finan\u00e7as, Dra. Marli Macedo, da secret\u00e1ria da Mulher, Francisca Lisboa, do vice-prefeito Z\u00eanio Neves, do secret\u00e1rio de Esporte, Oliveira, e do secret\u00e1rio de Sa\u00fade, Z\u00eanio Holanda Filho. Tamb\u00e9m compuseram a mesa de honra os vereadores Louro Pio, Chagas Moura, Zoneide e Justino Holanda, refor\u00e7ando o apoio ao fortalecimento da agricultura familiar, al\u00e9m de representantes das associa\u00e7\u00f5es locais, como Jos\u00e9 Louren\u00e7o, secret\u00e1rio de agricultura e presidente da Associa\u00e7\u00e3o do Boqueir\u00e3o da On\u00e7a, e Osni, presidente da Associa\u00e7\u00e3o dos Apicultores.<\/p>\n\n\n\n<figure class=\"wp-block-image size-large\"><img decoding=\"async\" width=\"1024\" height=\"576\" src=\"https:\/\/noticiaempauta.com\/portal\/wp-content\/uploads\/2025\/08\/IMG-20250825-WA0018-1024x576.jpg\" alt=\"\" class=\"wp-image-277142\" srcset=\"https:\/\/noticiaempauta.com\/portal\/wp-content\/uploads\/2025\/08\/IMG-20250825-WA0018-1024x576.jpg 1024w, https:\/\/noticiaempauta.com\/portal\/wp-content\/uploads\/2025\/08\/IMG-20250825-WA0018-300x169.jpg 300w, https:\/\/noticiaempauta.com\/portal\/wp-content\/uploads\/2025\/08\/IMG-20250825-WA0018-768x432.jpg 768w, https:\/\/noticiaempauta.com\/portal\/wp-content\/uploads\/2025\/08\/IMG-20250825-WA0018-1536x864.jpg 1536w, https:\/\/noticiaempauta.com\/portal\/wp-content\/uploads\/2025\/08\/IMG-20250825-WA0018.jpg 1600w\" sizes=\"(max-width: 1024px) 100vw, 1024px\" \/><\/figure>\n\n\n\n<p>Participaram ainda representantes do SENAR \u2014 entre eles o t\u00e9cnico de campo Juliano e o supervisor t\u00e9cnico Dr. Valdecir \u2014 al\u00e9m da representante do SEBRAE, Katiane.<\/p>\n\n\n\n<figure class=\"wp-block-image size-large\"><img loading=\"lazy\" decoding=\"async\" width=\"1024\" height=\"576\" src=\"https:\/\/noticiaempauta.com\/portal\/wp-content\/uploads\/2025\/08\/IMG-20250825-WA0042-1024x576.jpg\" alt=\"\" class=\"wp-image-277141\" srcset=\"https:\/\/noticiaempauta.com\/portal\/wp-content\/uploads\/2025\/08\/IMG-20250825-WA0042-1024x576.jpg 1024w, https:\/\/noticiaempauta.com\/portal\/wp-content\/uploads\/2025\/08\/IMG-20250825-WA0042-300x169.jpg 300w, https:\/\/noticiaempauta.com\/portal\/wp-content\/uploads\/2025\/08\/IMG-20250825-WA0042-768x432.jpg 768w, https:\/\/noticiaempauta.com\/portal\/wp-content\/uploads\/2025\/08\/IMG-20250825-WA0042-1536x864.jpg 1536w, https:\/\/noticiaempauta.com\/portal\/wp-content\/uploads\/2025\/08\/IMG-20250825-WA0042.jpg 1600w\" sizes=\"(max-width: 1024px) 100vw, 1024px\" \/><\/figure>\n\n\n\n<p>O secret\u00e1rio de Agricultura, Jos\u00e9 Louren\u00e7o, ressaltou:<br>&#8220;Essa entrega mostra que a apicultura \u00e9 uma grande for\u00e7a para o campo. Estamos garantindo mais produ\u00e7\u00e3o e renda para nossas fam\u00edlias.&#8221;<\/p>\n\n\n\n<figure class=\"wp-block-image size-large\"><img loading=\"lazy\" decoding=\"async\" width=\"1024\" height=\"576\" src=\"https:\/\/noticiaempauta.com\/portal\/wp-content\/uploads\/2025\/08\/IMG-20250825-WA0028-1024x576.jpg\" alt=\"\" class=\"wp-image-277133\" srcset=\"https:\/\/noticiaempauta.com\/portal\/wp-content\/uploads\/2025\/08\/IMG-20250825-WA0028-1024x576.jpg 1024w, https:\/\/noticiaempauta.com\/portal\/wp-content\/uploads\/2025\/08\/IMG-20250825-WA0028-300x169.jpg 300w, https:\/\/noticiaempauta.com\/portal\/wp-content\/uploads\/2025\/08\/IMG-20250825-WA0028-768x432.jpg 768w, https:\/\/noticiaempauta.com\/portal\/wp-content\/uploads\/2025\/08\/IMG-20250825-WA0028-1536x864.jpg 1536w, https:\/\/noticiaempauta.com\/portal\/wp-content\/uploads\/2025\/08\/IMG-20250825-WA0028.jpg 1600w\" sizes=\"(max-width: 1024px) 100vw, 1024px\" \/><\/figure>\n\n\n\n<p>O prefeito Marciano Macedo destacou:<br>&#8220;Hoje \u00e9 um dia importante para Aroeiras do Itaim. A entrega dessas colmeias \u00e9 um passo no fortalecimento da nossa agricultura e no apoio \u00e0s fam\u00edlias que vivem do campo. A apicultura tem grande potencial de gera\u00e7\u00e3o de renda e n\u00f3s vamos continuar investindo para que os produtores tenham cada vez mais oportunidades de crescer e se desenvolver.&#8221;<\/p>\n\n\n\n<figure class=\"wp-block-image size-large\"><img loading=\"lazy\" decoding=\"async\" width=\"1024\" height=\"576\" src=\"https:\/\/noticiaempauta.com\/portal\/wp-content\/uploads\/2025\/08\/IMG-20250825-WA00251-1024x576.jpg\" alt=\"\" class=\"wp-image-277134\" srcset=\"https:\/\/noticiaempauta.com\/portal\/wp-content\/uploads\/2025\/08\/IMG-20250825-WA00251-1024x576.jpg 1024w, https:\/\/noticiaempauta.com\/portal\/wp-content\/uploads\/2025\/08\/IMG-20250825-WA00251-300x169.jpg 300w, https:\/\/noticiaempauta.com\/portal\/wp-content\/uploads\/2025\/08\/IMG-20250825-WA00251-768x432.jpg 768w, https:\/\/noticiaempauta.com\/portal\/wp-content\/uploads\/2025\/08\/IMG-20250825-WA00251-1536x864.jpg 1536w, https:\/\/noticiaempauta.com\/portal\/wp-content\/uploads\/2025\/08\/IMG-20250825-WA00251.jpg 1600w\" sizes=\"(max-width: 1024px) 100vw, 1024px\" \/><\/figure>\n\n\n\n<p>O vice-prefeito Z\u00eanio Neves acrescentou:<br>&#8220;\u00c9 gratificante ver a gest\u00e3o apoiando quem vive do campo. Esse \u00e9 um passo importante para o presente e para o futuro da nossa cidade.&#8221;<\/p>\n\n\n\n<figure class=\"wp-block-image size-large\"><img loading=\"lazy\" decoding=\"async\" width=\"1024\" height=\"576\" src=\"https:\/\/noticiaempauta.com\/portal\/wp-content\/uploads\/2025\/08\/IMG-20250825-WA0029-1024x576.jpg\" alt=\"\" class=\"wp-image-277135\" srcset=\"https:\/\/noticiaempauta.com\/portal\/wp-content\/uploads\/2025\/08\/IMG-20250825-WA0029-1024x576.jpg 1024w, https:\/\/noticiaempauta.com\/portal\/wp-content\/uploads\/2025\/08\/IMG-20250825-WA0029-300x169.jpg 300w, https:\/\/noticiaempauta.com\/portal\/wp-content\/uploads\/2025\/08\/IMG-20250825-WA0029-768x432.jpg 768w, https:\/\/noticiaempauta.com\/portal\/wp-content\/uploads\/2025\/08\/IMG-20250825-WA0029-1536x864.jpg 1536w, https:\/\/noticiaempauta.com\/portal\/wp-content\/uploads\/2025\/08\/IMG-20250825-WA0029.jpg 1600w\" sizes=\"(max-width: 1024px) 100vw, 1024px\" \/><\/figure>\n\n\n\n<p>A representante do SEBRAE, Katiane, frisou:<br>&#8220;O mel \u00e9 um produto com grande potencial de mercado e o SEBRAE seguir\u00e1 apoiando os apicultores para que cres\u00e7am com qualidade.\u201d<\/p>\n\n\n\n<figure class=\"wp-block-image size-large\"><img loading=\"lazy\" decoding=\"async\" width=\"1024\" height=\"576\" src=\"https:\/\/noticiaempauta.com\/portal\/wp-content\/uploads\/2025\/08\/IMG-20250825-WA0024-1-1024x576.jpg\" alt=\"\" class=\"wp-image-277137\" srcset=\"https:\/\/noticiaempauta.com\/portal\/wp-content\/uploads\/2025\/08\/IMG-20250825-WA0024-1-1024x576.jpg 1024w, https:\/\/noticiaempauta.com\/portal\/wp-content\/uploads\/2025\/08\/IMG-20250825-WA0024-1-300x169.jpg 300w, https:\/\/noticiaempauta.com\/portal\/wp-content\/uploads\/2025\/08\/IMG-20250825-WA0024-1-768x432.jpg 768w, https:\/\/noticiaempauta.com\/portal\/wp-content\/uploads\/2025\/08\/IMG-20250825-WA0024-1-1536x864.jpg 1536w, https:\/\/noticiaempauta.com\/portal\/wp-content\/uploads\/2025\/08\/IMG-20250825-WA0024-1.jpg 1600w\" sizes=\"(max-width: 1024px) 100vw, 1024px\" \/><\/figure>\n\n\n\n<p>J\u00e1 o supervisor t\u00e9cnico do SENAR, Dr. Valdecir, completou:<br>&#8220;Com capacita\u00e7\u00e3o e apoio, os apicultores t\u00eam condi\u00e7\u00f5es de transformar seu trabalho em mais resultados para o munic\u00edpio.&#8221;<\/p>\n\n\n\n<figure class=\"wp-block-image size-large\"><img loading=\"lazy\" decoding=\"async\" width=\"1024\" height=\"576\" src=\"https:\/\/noticiaempauta.com\/portal\/wp-content\/uploads\/2025\/08\/IMG-20250825-WA0047-1024x576.jpg\" alt=\"\" class=\"wp-image-277138\" srcset=\"https:\/\/noticiaempauta.com\/portal\/wp-content\/uploads\/2025\/08\/IMG-20250825-WA0047-1024x576.jpg 1024w, https:\/\/noticiaempauta.com\/portal\/wp-content\/uploads\/2025\/08\/IMG-20250825-WA0047-300x169.jpg 300w, https:\/\/noticiaempauta.com\/portal\/wp-content\/uploads\/2025\/08\/IMG-20250825-WA0047-768x432.jpg 768w, https:\/\/noticiaempauta.com\/portal\/wp-content\/uploads\/2025\/08\/IMG-20250825-WA0047-1536x864.jpg 1536w, https:\/\/noticiaempauta.com\/portal\/wp-content\/uploads\/2025\/08\/IMG-20250825-WA0047.jpg 1600w\" sizes=\"(max-width: 1024px) 100vw, 1024px\" \/><\/figure>\n\n\n\n<p>Al\u00e9m da entrega das colmeias, foi anunciado que, entre os dias 12 e 14 de setembro, o SENAR, em parceria com a Secretaria Municipal de Agricultura, promover\u00e1 um curso de alimenta\u00e7\u00e3o para abelhas, capacitando ainda mais os agricultores locais e fortalecendo a cadeia produtiva do mel.<\/p>\n\n\n\n<figure class=\"wp-block-image size-large\"><img loading=\"lazy\" decoding=\"async\" width=\"1024\" height=\"576\" src=\"https:\/\/noticiaempauta.com\/portal\/wp-content\/uploads\/2025\/08\/IMG-20250825-WA0027-1024x576.jpg\" alt=\"\" class=\"wp-image-277139\" srcset=\"https:\/\/noticiaempauta.com\/portal\/wp-content\/uploads\/2025\/08\/IMG-20250825-WA0027-1024x576.jpg 1024w, https:\/\/noticiaempauta.com\/portal\/wp-content\/uploads\/2025\/08\/IMG-20250825-WA0027-300x169.jpg 300w, https:\/\/noticiaempauta.com\/portal\/wp-content\/uploads\/2025\/08\/IMG-20250825-WA0027-768x432.jpg 768w, https:\/\/noticiaempauta.com\/portal\/wp-content\/uploads\/2025\/08\/IMG-20250825-WA0027-1536x864.jpg 1536w, https:\/\/noticiaempauta.com\/portal\/wp-content\/uploads\/2025\/08\/IMG-20250825-WA0027.jpg 1600w\" sizes=\"(max-width: 1024px) 100vw, 1024px\" \/><\/figure>\n\n\n\n<p>Com essas a\u00e7\u00f5es, a gest\u00e3o municipal reafirma o compromisso em investir na agricultura, valorizando o campo e apoiando pr\u00e1ticas que garantam renda, sustentabilidade e desenvolvimento econ\u00f4mico para Aroeiras do Itaim.<\/p>\n\n\n\n<figure class=\"wp-block-image size-large\"><img loading=\"lazy\" decoding=\"async\" width=\"1024\" height=\"576\" src=\"https:\/\/noticiaempauta.com\/portal\/wp-content\/uploads\/2025\/08\/IMG-20250825-WA0012-1024x576.jpg\" alt=\"\" class=\"wp-image-277140\" srcset=\"https:\/\/noticiaempauta.com\/portal\/wp-content\/uploads\/2025\/08\/IMG-20250825-WA0012-1024x576.jpg 1024w, https:\/\/noticiaempauta.com\/portal\/wp-content\/uploads\/2025\/08\/IMG-20250825-WA0012-300x169.jpg 300w, https:\/\/noticiaempauta.com\/portal\/wp-content\/uploads\/2025\/08\/IMG-20250825-WA0012-768x432.jpg 768w, https:\/\/noticiaempauta.com\/portal\/wp-content\/uploads\/2025\/08\/IMG-20250825-WA0012-1536x864.jpg 1536w, https:\/\/noticiaempauta.com\/portal\/wp-content\/uploads\/2025\/08\/IMG-20250825-WA0012.jpg 1600w\" sizes=\"(max-width: 1024px) 100vw, 1024px\" \/><\/figure>\n\n\n\n<p>Ascom<\/p>\n","protected":false},"excerpt":{"rendered":"<p>Na manh\u00e3 deste domingo, 24, a Prefeitura de Aroeiras do Itaim, por meio da Secretaria Municipal de Agricultura, realizou a entrega de 154 colmeias doadas pela Codevasf a apicultores independentes e membros da associa\u00e7\u00e3o local. A iniciativa tem como objetivo fortalecer a produ\u00e7\u00e3o de mel no munic\u00edpio e gerar novas oportunidades de desenvolvimento econ\u00f4mico para [&hellip;]<\/p>\n","protected":false},"author":2,"featured_media":277133,"comment_status":"open","ping_status":"open","sticky":false,"template":"","format":"standard","meta":{"_mi_skip_tracking":false,"footnotes":""},"categories":[25,1,9,16],"tags":[],"class_list":["post-277132","post","type-post","status-publish","format-standard","has-post-thumbnail","hentry","category-destaques-site","category-geral","category-municipios","category-todas"],"acf":[],"yoast_head":"<!-- This site is optimized with the Yoast SEO Premium plugin v19.2 (Yoast SEO v26.9) - https:\/\/yoast.com\/product\/yoast-seo-premium-wordpress\/ -->\n<title>Prefeitura de Aroeiras do Itaim realiza entrega de colmeias a apicultores locais em parceria com a Codevasf - Portal Not\u00edcia em Pauta<\/title>\n<meta name=\"robots\" content=\"index, follow, max-snippet:-1, max-image-preview:large, max-video-preview:-1\" \/>\n<link rel=\"canonical\" href=\"https:\/\/noticiaempauta.com\/portal\/prefeitura-de-aroeiras-do-itaim-realiza-entrega-de-colmeias-a-apicultores-locais-em-parceria-com-a-codevasf\/\" \/>\n<meta property=\"og:locale\" content=\"pt_BR\" \/>\n<meta property=\"og:type\" content=\"article\" \/>\n<meta property=\"og:title\" content=\"Prefeitura de Aroeiras do Itaim realiza entrega de colmeias a apicultores locais em parceria com a Codevasf\" \/>\n<meta property=\"og:description\" content=\"Na manh\u00e3 deste domingo, 24, a Prefeitura de Aroeiras do Itaim, por meio da Secretaria Municipal de Agricultura, realizou a entrega de 154 colmeias doadas pela Codevasf a apicultores independentes e membros da associa\u00e7\u00e3o local. A iniciativa tem como objetivo fortalecer a produ\u00e7\u00e3o de mel no munic\u00edpio e gerar novas oportunidades de desenvolvimento econ\u00f4mico para [&hellip;]\" \/>\n<meta property=\"og:url\" content=\"https:\/\/noticiaempauta.com\/portal\/prefeitura-de-aroeiras-do-itaim-realiza-entrega-de-colmeias-a-apicultores-locais-em-parceria-com-a-codevasf\/\" \/>\n<meta property=\"og:site_name\" content=\"Portal Not\u00edcia em Pauta\" \/>\n<meta property=\"article:publisher\" content=\"https:\/\/www.facebook.com\/Portal-Notcia-Em-Pauta-102292869264820\/\" \/>\n<meta property=\"article:published_time\" content=\"2025-08-25T12:29:43+00:00\" \/>\n<meta property=\"article:modified_time\" content=\"2025-08-25T12:29:44+00:00\" \/>\n<meta property=\"og:image\" content=\"https:\/\/noticiaempauta.com\/portal\/wp-content\/uploads\/2025\/08\/IMG-20250825-WA0028.jpg\" \/>\n\t<meta property=\"og:image:width\" content=\"1600\" \/>\n\t<meta property=\"og:image:height\" content=\"900\" \/>\n\t<meta property=\"og:image:type\" content=\"image\/jpeg\" \/>\n<meta name=\"author\" content=\"Reda\u00e7\u00e3o\" \/>\n<meta name=\"twitter:card\" content=\"summary_large_image\" \/>\n<meta name=\"twitter:label1\" content=\"Escrito por\" \/>\n\t<meta name=\"twitter:data1\" content=\"Reda\u00e7\u00e3o\" \/>\n\t<meta name=\"twitter:label2\" content=\"Est. tempo de leitura\" \/>\n\t<meta name=\"twitter:data2\" content=\"5 minutos\" \/>\n<script type=\"application\/ld+json\" class=\"yoast-schema-graph\">{\"@context\":\"https:\/\/schema.org\",\"@graph\":[{\"@type\":\"Article\",\"@id\":\"https:\/\/noticiaempauta.com\/portal\/prefeitura-de-aroeiras-do-itaim-realiza-entrega-de-colmeias-a-apicultores-locais-em-parceria-com-a-codevasf\/#article\",\"isPartOf\":{\"@id\":\"https:\/\/noticiaempauta.com\/portal\/prefeitura-de-aroeiras-do-itaim-realiza-entrega-de-colmeias-a-apicultores-locais-em-parceria-com-a-codevasf\/\"},\"author\":{\"name\":\"Reda\u00e7\u00e3o\",\"@id\":\"https:\/\/noticiaempauta.com\/portal\/#\/schema\/person\/a74af43dd1ab3deca45f988c717d57ac\"},\"headline\":\"Prefeitura de Aroeiras do Itaim realiza entrega de colmeias a apicultores locais em parceria com a Codevasf\",\"datePublished\":\"2025-08-25T12:29:43+00:00\",\"dateModified\":\"2025-08-25T12:29:44+00:00\",\"mainEntityOfPage\":{\"@id\":\"https:\/\/noticiaempauta.com\/portal\/prefeitura-de-aroeiras-do-itaim-realiza-entrega-de-colmeias-a-apicultores-locais-em-parceria-com-a-codevasf\/\"},\"wordCount\":488,\"commentCount\":0,\"publisher\":{\"@id\":\"https:\/\/noticiaempauta.com\/portal\/#organization\"},\"image\":{\"@id\":\"https:\/\/noticiaempauta.com\/portal\/prefeitura-de-aroeiras-do-itaim-realiza-entrega-de-colmeias-a-apicultores-locais-em-parceria-com-a-codevasf\/#primaryimage\"},\"thumbnailUrl\":\"https:\/\/noticiaempauta.com\/portal\/wp-content\/uploads\/2025\/08\/IMG-20250825-WA0028.jpg\",\"articleSection\":[\"Destaques\",\"Geral\",\"Munic\u00edpios\",\"Todas as Not\u00edcias\"],\"inLanguage\":\"pt-BR\",\"potentialAction\":[{\"@type\":\"CommentAction\",\"name\":\"Comment\",\"target\":[\"https:\/\/noticiaempauta.com\/portal\/prefeitura-de-aroeiras-do-itaim-realiza-entrega-de-colmeias-a-apicultores-locais-em-parceria-com-a-codevasf\/#respond\"]}]},{\"@type\":\"WebPage\",\"@id\":\"https:\/\/noticiaempauta.com\/portal\/prefeitura-de-aroeiras-do-itaim-realiza-entrega-de-colmeias-a-apicultores-locais-em-parceria-com-a-codevasf\/\",\"url\":\"https:\/\/noticiaempauta.com\/portal\/prefeitura-de-aroeiras-do-itaim-realiza-entrega-de-colmeias-a-apicultores-locais-em-parceria-com-a-codevasf\/\",\"name\":\"Prefeitura de Aroeiras do Itaim realiza entrega de colmeias a apicultores locais em parceria com a Codevasf - Portal Not\u00edcia em Pauta\",\"isPartOf\":{\"@id\":\"https:\/\/noticiaempauta.com\/portal\/#website\"},\"primaryImageOfPage\":{\"@id\":\"https:\/\/noticiaempauta.com\/portal\/prefeitura-de-aroeiras-do-itaim-realiza-entrega-de-colmeias-a-apicultores-locais-em-parceria-com-a-codevasf\/#primaryimage\"},\"image\":{\"@id\":\"https:\/\/noticiaempauta.com\/portal\/prefeitura-de-aroeiras-do-itaim-realiza-entrega-de-colmeias-a-apicultores-locais-em-parceria-com-a-codevasf\/#primaryimage\"},\"thumbnailUrl\":\"https:\/\/noticiaempauta.com\/portal\/wp-content\/uploads\/2025\/08\/IMG-20250825-WA0028.jpg\",\"datePublished\":\"2025-08-25T12:29:43+00:00\",\"dateModified\":\"2025-08-25T12:29:44+00:00\",\"breadcrumb\":{\"@id\":\"https:\/\/noticiaempauta.com\/portal\/prefeitura-de-aroeiras-do-itaim-realiza-entrega-de-colmeias-a-apicultores-locais-em-parceria-com-a-codevasf\/#breadcrumb\"},\"inLanguage\":\"pt-BR\",\"potentialAction\":[{\"@type\":\"ReadAction\",\"target\":[\"https:\/\/noticiaempauta.com\/portal\/prefeitura-de-aroeiras-do-itaim-realiza-entrega-de-colmeias-a-apicultores-locais-em-parceria-com-a-codevasf\/\"]}]},{\"@type\":\"ImageObject\",\"inLanguage\":\"pt-BR\",\"@id\":\"https:\/\/noticiaempauta.com\/portal\/prefeitura-de-aroeiras-do-itaim-realiza-entrega-de-colmeias-a-apicultores-locais-em-parceria-com-a-codevasf\/#primaryimage\",\"url\":\"https:\/\/noticiaempauta.com\/portal\/wp-content\/uploads\/2025\/08\/IMG-20250825-WA0028.jpg\",\"contentUrl\":\"https:\/\/noticiaempauta.com\/portal\/wp-content\/uploads\/2025\/08\/IMG-20250825-WA0028.jpg\",\"width\":1600,\"height\":900},{\"@type\":\"BreadcrumbList\",\"@id\":\"https:\/\/noticiaempauta.com\/portal\/prefeitura-de-aroeiras-do-itaim-realiza-entrega-de-colmeias-a-apicultores-locais-em-parceria-com-a-codevasf\/#breadcrumb\",\"itemListElement\":[{\"@type\":\"ListItem\",\"position\":1,\"name\":\"P\u00e1gina Inicial\",\"item\":\"https:\/\/noticiaempauta.com\/portal\/\"},{\"@type\":\"ListItem\",\"position\":2,\"name\":\"Destaques\",\"item\":\"https:\/\/noticiaempauta.com\/portal\/destaques-site\/\"},{\"@type\":\"ListItem\",\"position\":3,\"name\":\"Prefeitura de Aroeiras do Itaim realiza entrega de colmeias a apicultores locais em parceria com a Codevasf\"}]},{\"@type\":\"WebSite\",\"@id\":\"https:\/\/noticiaempauta.com\/portal\/#website\",\"url\":\"https:\/\/noticiaempauta.com\/portal\/\",\"name\":\"Portal Not\u00edcia em Pauta\",\"description\":\"Voc\u00ea bem informado\",\"publisher\":{\"@id\":\"https:\/\/noticiaempauta.com\/portal\/#organization\"},\"potentialAction\":[{\"@type\":\"SearchAction\",\"target\":{\"@type\":\"EntryPoint\",\"urlTemplate\":\"https:\/\/noticiaempauta.com\/portal\/?s={search_term_string}\"},\"query-input\":{\"@type\":\"PropertyValueSpecification\",\"valueRequired\":true,\"valueName\":\"search_term_string\"}}],\"inLanguage\":\"pt-BR\"},{\"@type\":\"Organization\",\"@id\":\"https:\/\/noticiaempauta.com\/portal\/#organization\",\"name\":\"Portal Not\u00edcia em Pauta\",\"url\":\"https:\/\/noticiaempauta.com\/portal\/\",\"logo\":{\"@type\":\"ImageObject\",\"inLanguage\":\"pt-BR\",\"@id\":\"https:\/\/noticiaempauta.com\/portal\/#\/schema\/logo\/image\/\",\"url\":\"https:\/\/noticiaempauta.com\/portal\/wp-content\/uploads\/2022\/08\/logomarca_tema.fw_.png\",\"contentUrl\":\"https:\/\/noticiaempauta.com\/portal\/wp-content\/uploads\/2022\/08\/logomarca_tema.fw_.png\",\"width\":400,\"height\":232,\"caption\":\"Portal Not\u00edcia em Pauta\"},\"image\":{\"@id\":\"https:\/\/noticiaempauta.com\/portal\/#\/schema\/logo\/image\/\"},\"sameAs\":[\"https:\/\/www.facebook.com\/Portal-Notcia-Em-Pauta-102292869264820\/\",\"https:\/\/www.instagram.com\/portalnoticiaempauta\/\"]},{\"@type\":\"Person\",\"@id\":\"https:\/\/noticiaempauta.com\/portal\/#\/schema\/person\/a74af43dd1ab3deca45f988c717d57ac\",\"name\":\"Reda\u00e7\u00e3o\",\"image\":{\"@type\":\"ImageObject\",\"inLanguage\":\"pt-BR\",\"@id\":\"https:\/\/noticiaempauta.com\/portal\/#\/schema\/person\/image\/\",\"url\":\"https:\/\/secure.gravatar.com\/avatar\/03179346ecce6cdfc13361603e8f54242a90e5cde8618fa23c5c00aa2b0aadf3?s=96&d=mm&r=g\",\"contentUrl\":\"https:\/\/secure.gravatar.com\/avatar\/03179346ecce6cdfc13361603e8f54242a90e5cde8618fa23c5c00aa2b0aadf3?s=96&d=mm&r=g\",\"caption\":\"Reda\u00e7\u00e3o\"},\"sameAs\":[\"https:\/\/noticiaempauta.com\/portal\/\"],\"url\":\"https:\/\/noticiaempauta.com\/portal\/author\/fernando\/\"}]}<\/script>\n<!-- \/ Yoast SEO Premium plugin. -->","yoast_head_json":{"title":"Prefeitura de Aroeiras do Itaim realiza entrega de colmeias a apicultores locais em parceria com a Codevasf - Portal Not\u00edcia em Pauta","robots":{"index":"index","follow":"follow","max-snippet":"max-snippet:-1","max-image-preview":"max-image-preview:large","max-video-preview":"max-video-preview:-1"},"canonical":"https:\/\/noticiaempauta.com\/portal\/prefeitura-de-aroeiras-do-itaim-realiza-entrega-de-colmeias-a-apicultores-locais-em-parceria-com-a-codevasf\/","og_locale":"pt_BR","og_type":"article","og_title":"Prefeitura de Aroeiras do Itaim realiza entrega de colmeias a apicultores locais em parceria com a Codevasf","og_description":"Na manh\u00e3 deste domingo, 24, a Prefeitura de Aroeiras do Itaim, por meio da Secretaria Municipal de Agricultura, realizou a entrega de 154 colmeias doadas pela Codevasf a apicultores independentes e membros da associa\u00e7\u00e3o local. A iniciativa tem como objetivo fortalecer a produ\u00e7\u00e3o de mel no munic\u00edpio e gerar novas oportunidades de desenvolvimento econ\u00f4mico para [&hellip;]","og_url":"https:\/\/noticiaempauta.com\/portal\/prefeitura-de-aroeiras-do-itaim-realiza-entrega-de-colmeias-a-apicultores-locais-em-parceria-com-a-codevasf\/","og_site_name":"Portal Not\u00edcia em Pauta","article_publisher":"https:\/\/www.facebook.com\/Portal-Notcia-Em-Pauta-102292869264820\/","article_published_time":"2025-08-25T12:29:43+00:00","article_modified_time":"2025-08-25T12:29:44+00:00","og_image":[{"width":1600,"height":900,"url":"https:\/\/noticiaempauta.com\/portal\/wp-content\/uploads\/2025\/08\/IMG-20250825-WA0028.jpg","type":"image\/jpeg"}],"author":"Reda\u00e7\u00e3o","twitter_card":"summary_large_image","twitter_misc":{"Escrito por":"Reda\u00e7\u00e3o","Est. tempo de leitura":"5 minutos"},"schema":{"@context":"https:\/\/schema.org","@graph":[{"@type":"Article","@id":"https:\/\/noticiaempauta.com\/portal\/prefeitura-de-aroeiras-do-itaim-realiza-entrega-de-colmeias-a-apicultores-locais-em-parceria-com-a-codevasf\/#article","isPartOf":{"@id":"https:\/\/noticiaempauta.com\/portal\/prefeitura-de-aroeiras-do-itaim-realiza-entrega-de-colmeias-a-apicultores-locais-em-parceria-com-a-codevasf\/"},"author":{"name":"Reda\u00e7\u00e3o","@id":"https:\/\/noticiaempauta.com\/portal\/#\/schema\/person\/a74af43dd1ab3deca45f988c717d57ac"},"headline":"Prefeitura de Aroeiras do Itaim realiza entrega de colmeias a apicultores locais em parceria com a Codevasf","datePublished":"2025-08-25T12:29:43+00:00","dateModified":"2025-08-25T12:29:44+00:00","mainEntityOfPage":{"@id":"https:\/\/noticiaempauta.com\/portal\/prefeitura-de-aroeiras-do-itaim-realiza-entrega-de-colmeias-a-apicultores-locais-em-parceria-com-a-codevasf\/"},"wordCount":488,"commentCount":0,"publisher":{"@id":"https:\/\/noticiaempauta.com\/portal\/#organization"},"image":{"@id":"https:\/\/noticiaempauta.com\/portal\/prefeitura-de-aroeiras-do-itaim-realiza-entrega-de-colmeias-a-apicultores-locais-em-parceria-com-a-codevasf\/#primaryimage"},"thumbnailUrl":"https:\/\/noticiaempauta.com\/portal\/wp-content\/uploads\/2025\/08\/IMG-20250825-WA0028.jpg","articleSection":["Destaques","Geral","Munic\u00edpios","Todas as Not\u00edcias"],"inLanguage":"pt-BR","potentialAction":[{"@type":"CommentAction","name":"Comment","target":["https:\/\/noticiaempauta.com\/portal\/prefeitura-de-aroeiras-do-itaim-realiza-entrega-de-colmeias-a-apicultores-locais-em-parceria-com-a-codevasf\/#respond"]}]},{"@type":"WebPage","@id":"https:\/\/noticiaempauta.com\/portal\/prefeitura-de-aroeiras-do-itaim-realiza-entrega-de-colmeias-a-apicultores-locais-em-parceria-com-a-codevasf\/","url":"https:\/\/noticiaempauta.com\/portal\/prefeitura-de-aroeiras-do-itaim-realiza-entrega-de-colmeias-a-apicultores-locais-em-parceria-com-a-codevasf\/","name":"Prefeitura de Aroeiras do Itaim realiza entrega de colmeias a apicultores locais em parceria com a Codevasf - Portal Not\u00edcia em Pauta","isPartOf":{"@id":"https:\/\/noticiaempauta.com\/portal\/#website"},"primaryImageOfPage":{"@id":"https:\/\/noticiaempauta.com\/portal\/prefeitura-de-aroeiras-do-itaim-realiza-entrega-de-colmeias-a-apicultores-locais-em-parceria-com-a-codevasf\/#primaryimage"},"image":{"@id":"https:\/\/noticiaempauta.com\/portal\/prefeitura-de-aroeiras-do-itaim-realiza-entrega-de-colmeias-a-apicultores-locais-em-parceria-com-a-codevasf\/#primaryimage"},"thumbnailUrl":"https:\/\/noticiaempauta.com\/portal\/wp-content\/uploads\/2025\/08\/IMG-20250825-WA0028.jpg","datePublished":"2025-08-25T12:29:43+00:00","dateModified":"2025-08-25T12:29:44+00:00","breadcrumb":{"@id":"https:\/\/noticiaempauta.com\/portal\/prefeitura-de-aroeiras-do-itaim-realiza-entrega-de-colmeias-a-apicultores-locais-em-parceria-com-a-codevasf\/#breadcrumb"},"inLanguage":"pt-BR","potentialAction":[{"@type":"ReadAction","target":["https:\/\/noticiaempauta.com\/portal\/prefeitura-de-aroeiras-do-itaim-realiza-entrega-de-colmeias-a-apicultores-locais-em-parceria-com-a-codevasf\/"]}]},{"@type":"ImageObject","inLanguage":"pt-BR","@id":"https:\/\/noticiaempauta.com\/portal\/prefeitura-de-aroeiras-do-itaim-realiza-entrega-de-colmeias-a-apicultores-locais-em-parceria-com-a-codevasf\/#primaryimage","url":"https:\/\/noticiaempauta.com\/portal\/wp-content\/uploads\/2025\/08\/IMG-20250825-WA0028.jpg","contentUrl":"https:\/\/noticiaempauta.com\/portal\/wp-content\/uploads\/2025\/08\/IMG-20250825-WA0028.jpg","width":1600,"height":900},{"@type":"BreadcrumbList","@id":"https:\/\/noticiaempauta.com\/portal\/prefeitura-de-aroeiras-do-itaim-realiza-entrega-de-colmeias-a-apicultores-locais-em-parceria-com-a-codevasf\/#breadcrumb","itemListElement":[{"@type":"ListItem","position":1,"name":"P\u00e1gina Inicial","item":"https:\/\/noticiaempauta.com\/portal\/"},{"@type":"ListItem","position":2,"name":"Destaques","item":"https:\/\/noticiaempauta.com\/portal\/destaques-site\/"},{"@type":"ListItem","position":3,"name":"Prefeitura de Aroeiras do Itaim realiza entrega de colmeias a apicultores locais em parceria com a Codevasf"}]},{"@type":"WebSite","@id":"https:\/\/noticiaempauta.com\/portal\/#website","url":"https:\/\/noticiaempauta.com\/portal\/","name":"Portal Not\u00edcia em Pauta","description":"Voc\u00ea bem informado","publisher":{"@id":"https:\/\/noticiaempauta.com\/portal\/#organization"},"potentialAction":[{"@type":"SearchAction","target":{"@type":"EntryPoint","urlTemplate":"https:\/\/noticiaempauta.com\/portal\/?s={search_term_string}"},"query-input":{"@type":"PropertyValueSpecification","valueRequired":true,"valueName":"search_term_string"}}],"inLanguage":"pt-BR"},{"@type":"Organization","@id":"https:\/\/noticiaempauta.com\/portal\/#organization","name":"Portal Not\u00edcia em Pauta","url":"https:\/\/noticiaempauta.com\/portal\/","logo":{"@type":"ImageObject","inLanguage":"pt-BR","@id":"https:\/\/noticiaempauta.com\/portal\/#\/schema\/logo\/image\/","url":"https:\/\/noticiaempauta.com\/portal\/wp-content\/uploads\/2022\/08\/logomarca_tema.fw_.png","contentUrl":"https:\/\/noticiaempauta.com\/portal\/wp-content\/uploads\/2022\/08\/logomarca_tema.fw_.png","width":400,"height":232,"caption":"Portal Not\u00edcia em Pauta"},"image":{"@id":"https:\/\/noticiaempauta.com\/portal\/#\/schema\/logo\/image\/"},"sameAs":["https:\/\/www.facebook.com\/Portal-Notcia-Em-Pauta-102292869264820\/","https:\/\/www.instagram.com\/portalnoticiaempauta\/"]},{"@type":"Person","@id":"https:\/\/noticiaempauta.com\/portal\/#\/schema\/person\/a74af43dd1ab3deca45f988c717d57ac","name":"Reda\u00e7\u00e3o","image":{"@type":"ImageObject","inLanguage":"pt-BR","@id":"https:\/\/noticiaempauta.com\/portal\/#\/schema\/person\/image\/","url":"https:\/\/secure.gravatar.com\/avatar\/03179346ecce6cdfc13361603e8f54242a90e5cde8618fa23c5c00aa2b0aadf3?s=96&d=mm&r=g","contentUrl":"https:\/\/secure.gravatar.com\/avatar\/03179346ecce6cdfc13361603e8f54242a90e5cde8618fa23c5c00aa2b0aadf3?s=96&d=mm&r=g","caption":"Reda\u00e7\u00e3o"},"sameAs":["https:\/\/noticiaempauta.com\/portal\/"],"url":"https:\/\/noticiaempauta.com\/portal\/author\/fernando\/"}]}},"_links":{"self":[{"href":"https:\/\/noticiaempauta.com\/portal\/wp-json\/wp\/v2\/posts\/277132","targetHints":{"allow":["GET"]}}],"collection":[{"href":"https:\/\/noticiaempauta.com\/portal\/wp-json\/wp\/v2\/posts"}],"about":[{"href":"https:\/\/noticiaempauta.com\/portal\/wp-json\/wp\/v2\/types\/post"}],"author":[{"embeddable":true,"href":"https:\/\/noticiaempauta.com\/portal\/wp-json\/wp\/v2\/users\/2"}],"replies":[{"embeddable":true,"href":"https:\/\/noticiaempauta.com\/portal\/wp-json\/wp\/v2\/comments?post=277132"}],"version-history":[{"count":2,"href":"https:\/\/noticiaempauta.com\/portal\/wp-json\/wp\/v2\/posts\/277132\/revisions"}],"predecessor-version":[{"id":277146,"href":"https:\/\/noticiaempauta.com\/portal\/wp-json\/wp\/v2\/posts\/277132\/revisions\/277146"}],"wp:featuredmedia":[{"embeddable":true,"href":"https:\/\/noticiaempauta.com\/portal\/wp-json\/wp\/v2\/media\/277133"}],"wp:attachment":[{"href":"https:\/\/noticiaempauta.com\/portal\/wp-json\/wp\/v2\/media?parent=277132"}],"wp:term":[{"taxonomy":"category","embeddable":true,"href":"https:\/\/noticiaempauta.com\/portal\/wp-json\/wp\/v2\/categories?post=277132"},{"taxonomy":"post_tag","embeddable":true,"href":"https:\/\/noticiaempauta.com\/portal\/wp-json\/wp\/v2\/tags?post=277132"}],"curies":[{"name":"wp","href":"https:\/\/api.w.org\/{rel}","templated":true}]}}