{"id":277153,"date":"2025-08-25T10:21:10","date_gmt":"2025-08-25T13:21:10","guid":{"rendered":"https:\/\/noticiaempauta.com\/portal\/?p=277153"},"modified":"2025-08-25T10:21:12","modified_gmt":"2025-08-25T13:21:12","slug":"desfile-civico-de-7-de-setembro-promete-entrar-para-a-historia-como-um-dos-maiores-ja-realizados-em-picos","status":"publish","type":"post","link":"https:\/\/noticiaempauta.com\/portal\/desfile-civico-de-7-de-setembro-promete-entrar-para-a-historia-como-um-dos-maiores-ja-realizados-em-picos\/","title":{"rendered":"Desfile c\u00edvico de 7 de Setembro promete entrar para a hist\u00f3ria como um dos maiores j\u00e1 realizados em Picos"},"content":{"rendered":"\n<p>O Munic\u00edpio de Picos j\u00e1 se prepara para a realiza\u00e7\u00e3o do tradicional Desfile de 7 de Setembro, que neste ano promete ser um dos maiores e mais organizados j\u00e1 realizados no munic\u00edpio. Com a confirma\u00e7\u00e3o de diversas institui\u00e7\u00f5es p\u00fablicas e privadas, o evento deve reunir milhares de pessoas na Avenida Nossa Senhora de F\u00e1tima.<\/p>\n\n\n\n<p>De acordo com a secret\u00e1ria municipal de Cultura, Sibelly Martins, os preparativos est\u00e3o em fase final e a procura por parte das institui\u00e7\u00f5es superou as expectativas. \u201cJ\u00e1 realizamos, nos meses de julho e agosto, reuni\u00f5es com v\u00e1rias institui\u00e7\u00f5es. A procura este ano foi muito grande e isso nos deixa felizes, porque mostra o quanto esse momento \u00e9 aguardado pela popula\u00e7\u00e3o. Estamos organizando tudo com muito zelo\u201d, afirmou.<\/p>\n\n\n\n<figure class=\"wp-block-image size-full\"><img fetchpriority=\"high\" decoding=\"async\" width=\"640\" height=\"427\" src=\"https:\/\/noticiaempauta.com\/portal\/wp-content\/uploads\/2025\/08\/WhatsApp-Image-2025-08-25-at-10.12.41.jpeg\" alt=\"\" class=\"wp-image-277154\" srcset=\"https:\/\/noticiaempauta.com\/portal\/wp-content\/uploads\/2025\/08\/WhatsApp-Image-2025-08-25-at-10.12.41.jpeg 640w, https:\/\/noticiaempauta.com\/portal\/wp-content\/uploads\/2025\/08\/WhatsApp-Image-2025-08-25-at-10.12.41-300x200.jpeg 300w\" sizes=\"(max-width: 640px) 100vw, 640px\" \/><\/figure>\n\n\n\n<p>Sibelly informa que a programa\u00e7\u00e3o vem sendo estruturada h\u00e1 cerca de dois meses, contando com o apoio do 3\u00ba BEC, na pessoa do comandante A\u00e9cio, e tamb\u00e9m da Pol\u00edcia Militar do Piau\u00ed, por meio do coronel Felipe Oliveira. Ambas as institui\u00e7\u00f5es t\u00eam atuado como parceiras da gest\u00e3o municipal na realiza\u00e7\u00e3o log\u00edstica do evento, que envolve escolas, bandas marciais, entidades civis, for\u00e7as armadas e projetos sociais.<\/p>\n\n\n\n<p>\u201cNosso cronograma j\u00e1 est\u00e1 praticamente finalizado, aguardando apenas o envio dos \u00faltimos of\u00edcios de confirma\u00e7\u00e3o das institui\u00e7\u00f5es. O mapa do percurso tamb\u00e9m est\u00e1 praticamente pronto, o que nos deixa confiantes de que ser\u00e1 um desfile grandioso\u201d, explicou a secret\u00e1ria.<\/p>\n\n\n\n<p>O desfile c\u00edvico de 7 de Setembro \u00e9 um dos eventos mais aguardados do calend\u00e1rio cultural e educativo de Picos. Ele mobiliza escolas, fam\u00edlias, servidores p\u00fablicos, for\u00e7as de seguran\u00e7a e moradores dos mais diversos bairros da cidade.<\/p>\n\n\n\n<p>Sibelly aproveitou para fazer um convite especial \u00e0 popula\u00e7\u00e3o: \u201cEsse \u00e9 um momento que desenvolve o nosso respeito pela p\u00e1tria. A gente pede que a popula\u00e7\u00e3o compare\u00e7a, que venha cedinho no dia 7 de setembro para acompanhar o desfile, que \u00e9 um momento \u00fanico na vida do cidad\u00e3o picoense\u201d, finaliza.<\/p>\n\n\n\n<p><strong><em>Por: Isael Pereira \/ Ascom<\/em><\/strong><\/p>\n","protected":false},"excerpt":{"rendered":"<p>O Munic\u00edpio de Picos j\u00e1 se prepara para a realiza\u00e7\u00e3o do tradicional Desfile de 7 de Setembro, que neste ano promete ser um dos maiores e mais organizados j\u00e1 realizados no munic\u00edpio. Com a confirma\u00e7\u00e3o de diversas institui\u00e7\u00f5es p\u00fablicas e privadas, o evento deve reunir milhares de pessoas na Avenida Nossa Senhora de F\u00e1tima. De [&hellip;]<\/p>\n","protected":false},"author":2,"featured_media":277154,"comment_status":"open","ping_status":"open","sticky":false,"template":"","format":"standard","meta":{"_mi_skip_tracking":false,"footnotes":""},"categories":[25,1,16],"tags":[],"class_list":["post-277153","post","type-post","status-publish","format-standard","has-post-thumbnail","hentry","category-destaques-site","category-geral","category-todas"],"acf":[],"yoast_head":"<!-- This site is optimized with the Yoast SEO Premium plugin v19.2 (Yoast SEO v26.9) - https:\/\/yoast.com\/product\/yoast-seo-premium-wordpress\/ -->\n<title>Desfile c\u00edvico de 7 de Setembro promete entrar para a hist\u00f3ria como um dos maiores j\u00e1 realizados em Picos - Portal Not\u00edcia em Pauta<\/title>\n<meta name=\"robots\" content=\"index, follow, max-snippet:-1, max-image-preview:large, max-video-preview:-1\" \/>\n<link rel=\"canonical\" href=\"https:\/\/noticiaempauta.com\/portal\/desfile-civico-de-7-de-setembro-promete-entrar-para-a-historia-como-um-dos-maiores-ja-realizados-em-picos\/\" \/>\n<meta property=\"og:locale\" content=\"pt_BR\" \/>\n<meta property=\"og:type\" content=\"article\" \/>\n<meta property=\"og:title\" content=\"Desfile c\u00edvico de 7 de Setembro promete entrar para a hist\u00f3ria como um dos maiores j\u00e1 realizados em Picos\" \/>\n<meta property=\"og:description\" content=\"O Munic\u00edpio de Picos j\u00e1 se prepara para a realiza\u00e7\u00e3o do tradicional Desfile de 7 de Setembro, que neste ano promete ser um dos maiores e mais organizados j\u00e1 realizados no munic\u00edpio. Com a confirma\u00e7\u00e3o de diversas institui\u00e7\u00f5es p\u00fablicas e privadas, o evento deve reunir milhares de pessoas na Avenida Nossa Senhora de F\u00e1tima. De [&hellip;]\" \/>\n<meta property=\"og:url\" content=\"https:\/\/noticiaempauta.com\/portal\/desfile-civico-de-7-de-setembro-promete-entrar-para-a-historia-como-um-dos-maiores-ja-realizados-em-picos\/\" \/>\n<meta property=\"og:site_name\" content=\"Portal Not\u00edcia em Pauta\" \/>\n<meta property=\"article:publisher\" content=\"https:\/\/www.facebook.com\/Portal-Notcia-Em-Pauta-102292869264820\/\" \/>\n<meta property=\"article:published_time\" content=\"2025-08-25T13:21:10+00:00\" \/>\n<meta property=\"article:modified_time\" content=\"2025-08-25T13:21:12+00:00\" \/>\n<meta property=\"og:image\" content=\"https:\/\/noticiaempauta.com\/portal\/wp-content\/uploads\/2025\/08\/WhatsApp-Image-2025-08-25-at-10.12.41.jpeg\" \/>\n\t<meta property=\"og:image:width\" content=\"640\" \/>\n\t<meta property=\"og:image:height\" content=\"427\" \/>\n\t<meta property=\"og:image:type\" content=\"image\/jpeg\" \/>\n<meta name=\"author\" content=\"Reda\u00e7\u00e3o\" \/>\n<meta name=\"twitter:card\" content=\"summary_large_image\" \/>\n<meta name=\"twitter:label1\" content=\"Escrito por\" \/>\n\t<meta name=\"twitter:data1\" content=\"Reda\u00e7\u00e3o\" \/>\n\t<meta name=\"twitter:label2\" content=\"Est. tempo de leitura\" \/>\n\t<meta name=\"twitter:data2\" content=\"3 minutos\" \/>\n<script type=\"application\/ld+json\" class=\"yoast-schema-graph\">{\"@context\":\"https:\/\/schema.org\",\"@graph\":[{\"@type\":\"Article\",\"@id\":\"https:\/\/noticiaempauta.com\/portal\/desfile-civico-de-7-de-setembro-promete-entrar-para-a-historia-como-um-dos-maiores-ja-realizados-em-picos\/#article\",\"isPartOf\":{\"@id\":\"https:\/\/noticiaempauta.com\/portal\/desfile-civico-de-7-de-setembro-promete-entrar-para-a-historia-como-um-dos-maiores-ja-realizados-em-picos\/\"},\"author\":{\"name\":\"Reda\u00e7\u00e3o\",\"@id\":\"https:\/\/noticiaempauta.com\/portal\/#\/schema\/person\/a74af43dd1ab3deca45f988c717d57ac\"},\"headline\":\"Desfile c\u00edvico de 7 de Setembro promete entrar para a hist\u00f3ria como um dos maiores j\u00e1 realizados em Picos\",\"datePublished\":\"2025-08-25T13:21:10+00:00\",\"dateModified\":\"2025-08-25T13:21:12+00:00\",\"mainEntityOfPage\":{\"@id\":\"https:\/\/noticiaempauta.com\/portal\/desfile-civico-de-7-de-setembro-promete-entrar-para-a-historia-como-um-dos-maiores-ja-realizados-em-picos\/\"},\"wordCount\":367,\"commentCount\":0,\"publisher\":{\"@id\":\"https:\/\/noticiaempauta.com\/portal\/#organization\"},\"image\":{\"@id\":\"https:\/\/noticiaempauta.com\/portal\/desfile-civico-de-7-de-setembro-promete-entrar-para-a-historia-como-um-dos-maiores-ja-realizados-em-picos\/#primaryimage\"},\"thumbnailUrl\":\"https:\/\/noticiaempauta.com\/portal\/wp-content\/uploads\/2025\/08\/WhatsApp-Image-2025-08-25-at-10.12.41.jpeg\",\"articleSection\":[\"Destaques\",\"Geral\",\"Todas as Not\u00edcias\"],\"inLanguage\":\"pt-BR\",\"potentialAction\":[{\"@type\":\"CommentAction\",\"name\":\"Comment\",\"target\":[\"https:\/\/noticiaempauta.com\/portal\/desfile-civico-de-7-de-setembro-promete-entrar-para-a-historia-como-um-dos-maiores-ja-realizados-em-picos\/#respond\"]}]},{\"@type\":\"WebPage\",\"@id\":\"https:\/\/noticiaempauta.com\/portal\/desfile-civico-de-7-de-setembro-promete-entrar-para-a-historia-como-um-dos-maiores-ja-realizados-em-picos\/\",\"url\":\"https:\/\/noticiaempauta.com\/portal\/desfile-civico-de-7-de-setembro-promete-entrar-para-a-historia-como-um-dos-maiores-ja-realizados-em-picos\/\",\"name\":\"Desfile c\u00edvico de 7 de Setembro promete entrar para a hist\u00f3ria como um dos maiores j\u00e1 realizados em Picos - Portal Not\u00edcia em Pauta\",\"isPartOf\":{\"@id\":\"https:\/\/noticiaempauta.com\/portal\/#website\"},\"primaryImageOfPage\":{\"@id\":\"https:\/\/noticiaempauta.com\/portal\/desfile-civico-de-7-de-setembro-promete-entrar-para-a-historia-como-um-dos-maiores-ja-realizados-em-picos\/#primaryimage\"},\"image\":{\"@id\":\"https:\/\/noticiaempauta.com\/portal\/desfile-civico-de-7-de-setembro-promete-entrar-para-a-historia-como-um-dos-maiores-ja-realizados-em-picos\/#primaryimage\"},\"thumbnailUrl\":\"https:\/\/noticiaempauta.com\/portal\/wp-content\/uploads\/2025\/08\/WhatsApp-Image-2025-08-25-at-10.12.41.jpeg\",\"datePublished\":\"2025-08-25T13:21:10+00:00\",\"dateModified\":\"2025-08-25T13:21:12+00:00\",\"breadcrumb\":{\"@id\":\"https:\/\/noticiaempauta.com\/portal\/desfile-civico-de-7-de-setembro-promete-entrar-para-a-historia-como-um-dos-maiores-ja-realizados-em-picos\/#breadcrumb\"},\"inLanguage\":\"pt-BR\",\"potentialAction\":[{\"@type\":\"ReadAction\",\"target\":[\"https:\/\/noticiaempauta.com\/portal\/desfile-civico-de-7-de-setembro-promete-entrar-para-a-historia-como-um-dos-maiores-ja-realizados-em-picos\/\"]}]},{\"@type\":\"ImageObject\",\"inLanguage\":\"pt-BR\",\"@id\":\"https:\/\/noticiaempauta.com\/portal\/desfile-civico-de-7-de-setembro-promete-entrar-para-a-historia-como-um-dos-maiores-ja-realizados-em-picos\/#primaryimage\",\"url\":\"https:\/\/noticiaempauta.com\/portal\/wp-content\/uploads\/2025\/08\/WhatsApp-Image-2025-08-25-at-10.12.41.jpeg\",\"contentUrl\":\"https:\/\/noticiaempauta.com\/portal\/wp-content\/uploads\/2025\/08\/WhatsApp-Image-2025-08-25-at-10.12.41.jpeg\",\"width\":640,\"height\":427},{\"@type\":\"BreadcrumbList\",\"@id\":\"https:\/\/noticiaempauta.com\/portal\/desfile-civico-de-7-de-setembro-promete-entrar-para-a-historia-como-um-dos-maiores-ja-realizados-em-picos\/#breadcrumb\",\"itemListElement\":[{\"@type\":\"ListItem\",\"position\":1,\"name\":\"P\u00e1gina Inicial\",\"item\":\"https:\/\/noticiaempauta.com\/portal\/\"},{\"@type\":\"ListItem\",\"position\":2,\"name\":\"Destaques\",\"item\":\"https:\/\/noticiaempauta.com\/portal\/destaques-site\/\"},{\"@type\":\"ListItem\",\"position\":3,\"name\":\"Desfile c\u00edvico de 7 de Setembro promete entrar para a hist\u00f3ria como um dos maiores j\u00e1 realizados em Picos\"}]},{\"@type\":\"WebSite\",\"@id\":\"https:\/\/noticiaempauta.com\/portal\/#website\",\"url\":\"https:\/\/noticiaempauta.com\/portal\/\",\"name\":\"Portal Not\u00edcia em Pauta\",\"description\":\"Voc\u00ea bem informado\",\"publisher\":{\"@id\":\"https:\/\/noticiaempauta.com\/portal\/#organization\"},\"potentialAction\":[{\"@type\":\"SearchAction\",\"target\":{\"@type\":\"EntryPoint\",\"urlTemplate\":\"https:\/\/noticiaempauta.com\/portal\/?s={search_term_string}\"},\"query-input\":{\"@type\":\"PropertyValueSpecification\",\"valueRequired\":true,\"valueName\":\"search_term_string\"}}],\"inLanguage\":\"pt-BR\"},{\"@type\":\"Organization\",\"@id\":\"https:\/\/noticiaempauta.com\/portal\/#organization\",\"name\":\"Portal Not\u00edcia em Pauta\",\"url\":\"https:\/\/noticiaempauta.com\/portal\/\",\"logo\":{\"@type\":\"ImageObject\",\"inLanguage\":\"pt-BR\",\"@id\":\"https:\/\/noticiaempauta.com\/portal\/#\/schema\/logo\/image\/\",\"url\":\"https:\/\/noticiaempauta.com\/portal\/wp-content\/uploads\/2022\/08\/logomarca_tema.fw_.png\",\"contentUrl\":\"https:\/\/noticiaempauta.com\/portal\/wp-content\/uploads\/2022\/08\/logomarca_tema.fw_.png\",\"width\":400,\"height\":232,\"caption\":\"Portal Not\u00edcia em Pauta\"},\"image\":{\"@id\":\"https:\/\/noticiaempauta.com\/portal\/#\/schema\/logo\/image\/\"},\"sameAs\":[\"https:\/\/www.facebook.com\/Portal-Notcia-Em-Pauta-102292869264820\/\",\"https:\/\/www.instagram.com\/portalnoticiaempauta\/\"]},{\"@type\":\"Person\",\"@id\":\"https:\/\/noticiaempauta.com\/portal\/#\/schema\/person\/a74af43dd1ab3deca45f988c717d57ac\",\"name\":\"Reda\u00e7\u00e3o\",\"image\":{\"@type\":\"ImageObject\",\"inLanguage\":\"pt-BR\",\"@id\":\"https:\/\/noticiaempauta.com\/portal\/#\/schema\/person\/image\/\",\"url\":\"https:\/\/secure.gravatar.com\/avatar\/03179346ecce6cdfc13361603e8f54242a90e5cde8618fa23c5c00aa2b0aadf3?s=96&d=mm&r=g\",\"contentUrl\":\"https:\/\/secure.gravatar.com\/avatar\/03179346ecce6cdfc13361603e8f54242a90e5cde8618fa23c5c00aa2b0aadf3?s=96&d=mm&r=g\",\"caption\":\"Reda\u00e7\u00e3o\"},\"sameAs\":[\"https:\/\/noticiaempauta.com\/portal\/\"],\"url\":\"https:\/\/noticiaempauta.com\/portal\/author\/fernando\/\"}]}<\/script>\n<!-- \/ Yoast SEO Premium plugin. -->","yoast_head_json":{"title":"Desfile c\u00edvico de 7 de Setembro promete entrar para a hist\u00f3ria como um dos maiores j\u00e1 realizados em Picos - Portal Not\u00edcia em Pauta","robots":{"index":"index","follow":"follow","max-snippet":"max-snippet:-1","max-image-preview":"max-image-preview:large","max-video-preview":"max-video-preview:-1"},"canonical":"https:\/\/noticiaempauta.com\/portal\/desfile-civico-de-7-de-setembro-promete-entrar-para-a-historia-como-um-dos-maiores-ja-realizados-em-picos\/","og_locale":"pt_BR","og_type":"article","og_title":"Desfile c\u00edvico de 7 de Setembro promete entrar para a hist\u00f3ria como um dos maiores j\u00e1 realizados em Picos","og_description":"O Munic\u00edpio de Picos j\u00e1 se prepara para a realiza\u00e7\u00e3o do tradicional Desfile de 7 de Setembro, que neste ano promete ser um dos maiores e mais organizados j\u00e1 realizados no munic\u00edpio. Com a confirma\u00e7\u00e3o de diversas institui\u00e7\u00f5es p\u00fablicas e privadas, o evento deve reunir milhares de pessoas na Avenida Nossa Senhora de F\u00e1tima. De [&hellip;]","og_url":"https:\/\/noticiaempauta.com\/portal\/desfile-civico-de-7-de-setembro-promete-entrar-para-a-historia-como-um-dos-maiores-ja-realizados-em-picos\/","og_site_name":"Portal Not\u00edcia em Pauta","article_publisher":"https:\/\/www.facebook.com\/Portal-Notcia-Em-Pauta-102292869264820\/","article_published_time":"2025-08-25T13:21:10+00:00","article_modified_time":"2025-08-25T13:21:12+00:00","og_image":[{"width":640,"height":427,"url":"https:\/\/noticiaempauta.com\/portal\/wp-content\/uploads\/2025\/08\/WhatsApp-Image-2025-08-25-at-10.12.41.jpeg","type":"image\/jpeg"}],"author":"Reda\u00e7\u00e3o","twitter_card":"summary_large_image","twitter_misc":{"Escrito por":"Reda\u00e7\u00e3o","Est. tempo de leitura":"3 minutos"},"schema":{"@context":"https:\/\/schema.org","@graph":[{"@type":"Article","@id":"https:\/\/noticiaempauta.com\/portal\/desfile-civico-de-7-de-setembro-promete-entrar-para-a-historia-como-um-dos-maiores-ja-realizados-em-picos\/#article","isPartOf":{"@id":"https:\/\/noticiaempauta.com\/portal\/desfile-civico-de-7-de-setembro-promete-entrar-para-a-historia-como-um-dos-maiores-ja-realizados-em-picos\/"},"author":{"name":"Reda\u00e7\u00e3o","@id":"https:\/\/noticiaempauta.com\/portal\/#\/schema\/person\/a74af43dd1ab3deca45f988c717d57ac"},"headline":"Desfile c\u00edvico de 7 de Setembro promete entrar para a hist\u00f3ria como um dos maiores j\u00e1 realizados em Picos","datePublished":"2025-08-25T13:21:10+00:00","dateModified":"2025-08-25T13:21:12+00:00","mainEntityOfPage":{"@id":"https:\/\/noticiaempauta.com\/portal\/desfile-civico-de-7-de-setembro-promete-entrar-para-a-historia-como-um-dos-maiores-ja-realizados-em-picos\/"},"wordCount":367,"commentCount":0,"publisher":{"@id":"https:\/\/noticiaempauta.com\/portal\/#organization"},"image":{"@id":"https:\/\/noticiaempauta.com\/portal\/desfile-civico-de-7-de-setembro-promete-entrar-para-a-historia-como-um-dos-maiores-ja-realizados-em-picos\/#primaryimage"},"thumbnailUrl":"https:\/\/noticiaempauta.com\/portal\/wp-content\/uploads\/2025\/08\/WhatsApp-Image-2025-08-25-at-10.12.41.jpeg","articleSection":["Destaques","Geral","Todas as Not\u00edcias"],"inLanguage":"pt-BR","potentialAction":[{"@type":"CommentAction","name":"Comment","target":["https:\/\/noticiaempauta.com\/portal\/desfile-civico-de-7-de-setembro-promete-entrar-para-a-historia-como-um-dos-maiores-ja-realizados-em-picos\/#respond"]}]},{"@type":"WebPage","@id":"https:\/\/noticiaempauta.com\/portal\/desfile-civico-de-7-de-setembro-promete-entrar-para-a-historia-como-um-dos-maiores-ja-realizados-em-picos\/","url":"https:\/\/noticiaempauta.com\/portal\/desfile-civico-de-7-de-setembro-promete-entrar-para-a-historia-como-um-dos-maiores-ja-realizados-em-picos\/","name":"Desfile c\u00edvico de 7 de Setembro promete entrar para a hist\u00f3ria como um dos maiores j\u00e1 realizados em Picos - Portal Not\u00edcia em Pauta","isPartOf":{"@id":"https:\/\/noticiaempauta.com\/portal\/#website"},"primaryImageOfPage":{"@id":"https:\/\/noticiaempauta.com\/portal\/desfile-civico-de-7-de-setembro-promete-entrar-para-a-historia-como-um-dos-maiores-ja-realizados-em-picos\/#primaryimage"},"image":{"@id":"https:\/\/noticiaempauta.com\/portal\/desfile-civico-de-7-de-setembro-promete-entrar-para-a-historia-como-um-dos-maiores-ja-realizados-em-picos\/#primaryimage"},"thumbnailUrl":"https:\/\/noticiaempauta.com\/portal\/wp-content\/uploads\/2025\/08\/WhatsApp-Image-2025-08-25-at-10.12.41.jpeg","datePublished":"2025-08-25T13:21:10+00:00","dateModified":"2025-08-25T13:21:12+00:00","breadcrumb":{"@id":"https:\/\/noticiaempauta.com\/portal\/desfile-civico-de-7-de-setembro-promete-entrar-para-a-historia-como-um-dos-maiores-ja-realizados-em-picos\/#breadcrumb"},"inLanguage":"pt-BR","potentialAction":[{"@type":"ReadAction","target":["https:\/\/noticiaempauta.com\/portal\/desfile-civico-de-7-de-setembro-promete-entrar-para-a-historia-como-um-dos-maiores-ja-realizados-em-picos\/"]}]},{"@type":"ImageObject","inLanguage":"pt-BR","@id":"https:\/\/noticiaempauta.com\/portal\/desfile-civico-de-7-de-setembro-promete-entrar-para-a-historia-como-um-dos-maiores-ja-realizados-em-picos\/#primaryimage","url":"https:\/\/noticiaempauta.com\/portal\/wp-content\/uploads\/2025\/08\/WhatsApp-Image-2025-08-25-at-10.12.41.jpeg","contentUrl":"https:\/\/noticiaempauta.com\/portal\/wp-content\/uploads\/2025\/08\/WhatsApp-Image-2025-08-25-at-10.12.41.jpeg","width":640,"height":427},{"@type":"BreadcrumbList","@id":"https:\/\/noticiaempauta.com\/portal\/desfile-civico-de-7-de-setembro-promete-entrar-para-a-historia-como-um-dos-maiores-ja-realizados-em-picos\/#breadcrumb","itemListElement":[{"@type":"ListItem","position":1,"name":"P\u00e1gina Inicial","item":"https:\/\/noticiaempauta.com\/portal\/"},{"@type":"ListItem","position":2,"name":"Destaques","item":"https:\/\/noticiaempauta.com\/portal\/destaques-site\/"},{"@type":"ListItem","position":3,"name":"Desfile c\u00edvico de 7 de Setembro promete entrar para a hist\u00f3ria como um dos maiores j\u00e1 realizados em Picos"}]},{"@type":"WebSite","@id":"https:\/\/noticiaempauta.com\/portal\/#website","url":"https:\/\/noticiaempauta.com\/portal\/","name":"Portal Not\u00edcia em Pauta","description":"Voc\u00ea bem informado","publisher":{"@id":"https:\/\/noticiaempauta.com\/portal\/#organization"},"potentialAction":[{"@type":"SearchAction","target":{"@type":"EntryPoint","urlTemplate":"https:\/\/noticiaempauta.com\/portal\/?s={search_term_string}"},"query-input":{"@type":"PropertyValueSpecification","valueRequired":true,"valueName":"search_term_string"}}],"inLanguage":"pt-BR"},{"@type":"Organization","@id":"https:\/\/noticiaempauta.com\/portal\/#organization","name":"Portal Not\u00edcia em Pauta","url":"https:\/\/noticiaempauta.com\/portal\/","logo":{"@type":"ImageObject","inLanguage":"pt-BR","@id":"https:\/\/noticiaempauta.com\/portal\/#\/schema\/logo\/image\/","url":"https:\/\/noticiaempauta.com\/portal\/wp-content\/uploads\/2022\/08\/logomarca_tema.fw_.png","contentUrl":"https:\/\/noticiaempauta.com\/portal\/wp-content\/uploads\/2022\/08\/logomarca_tema.fw_.png","width":400,"height":232,"caption":"Portal Not\u00edcia em Pauta"},"image":{"@id":"https:\/\/noticiaempauta.com\/portal\/#\/schema\/logo\/image\/"},"sameAs":["https:\/\/www.facebook.com\/Portal-Notcia-Em-Pauta-102292869264820\/","https:\/\/www.instagram.com\/portalnoticiaempauta\/"]},{"@type":"Person","@id":"https:\/\/noticiaempauta.com\/portal\/#\/schema\/person\/a74af43dd1ab3deca45f988c717d57ac","name":"Reda\u00e7\u00e3o","image":{"@type":"ImageObject","inLanguage":"pt-BR","@id":"https:\/\/noticiaempauta.com\/portal\/#\/schema\/person\/image\/","url":"https:\/\/secure.gravatar.com\/avatar\/03179346ecce6cdfc13361603e8f54242a90e5cde8618fa23c5c00aa2b0aadf3?s=96&d=mm&r=g","contentUrl":"https:\/\/secure.gravatar.com\/avatar\/03179346ecce6cdfc13361603e8f54242a90e5cde8618fa23c5c00aa2b0aadf3?s=96&d=mm&r=g","caption":"Reda\u00e7\u00e3o"},"sameAs":["https:\/\/noticiaempauta.com\/portal\/"],"url":"https:\/\/noticiaempauta.com\/portal\/author\/fernando\/"}]}},"_links":{"self":[{"href":"https:\/\/noticiaempauta.com\/portal\/wp-json\/wp\/v2\/posts\/277153","targetHints":{"allow":["GET"]}}],"collection":[{"href":"https:\/\/noticiaempauta.com\/portal\/wp-json\/wp\/v2\/posts"}],"about":[{"href":"https:\/\/noticiaempauta.com\/portal\/wp-json\/wp\/v2\/types\/post"}],"author":[{"embeddable":true,"href":"https:\/\/noticiaempauta.com\/portal\/wp-json\/wp\/v2\/users\/2"}],"replies":[{"embeddable":true,"href":"https:\/\/noticiaempauta.com\/portal\/wp-json\/wp\/v2\/comments?post=277153"}],"version-history":[{"count":2,"href":"https:\/\/noticiaempauta.com\/portal\/wp-json\/wp\/v2\/posts\/277153\/revisions"}],"predecessor-version":[{"id":277156,"href":"https:\/\/noticiaempauta.com\/portal\/wp-json\/wp\/v2\/posts\/277153\/revisions\/277156"}],"wp:featuredmedia":[{"embeddable":true,"href":"https:\/\/noticiaempauta.com\/portal\/wp-json\/wp\/v2\/media\/277154"}],"wp:attachment":[{"href":"https:\/\/noticiaempauta.com\/portal\/wp-json\/wp\/v2\/media?parent=277153"}],"wp:term":[{"taxonomy":"category","embeddable":true,"href":"https:\/\/noticiaempauta.com\/portal\/wp-json\/wp\/v2\/categories?post=277153"},{"taxonomy":"post_tag","embeddable":true,"href":"https:\/\/noticiaempauta.com\/portal\/wp-json\/wp\/v2\/tags?post=277153"}],"curies":[{"name":"wp","href":"https:\/\/api.w.org\/{rel}","templated":true}]}}