{"id":277163,"date":"2025-08-25T15:54:15","date_gmt":"2025-08-25T18:54:15","guid":{"rendered":"https:\/\/noticiaempauta.com\/portal\/?p=277163"},"modified":"2025-08-25T15:54:16","modified_gmt":"2025-08-25T18:54:16","slug":"marcelo-cobra-compensacao-ao-mdb-e-nao-descarta-themistocles-na-assembleia","status":"publish","type":"post","link":"https:\/\/noticiaempauta.com\/portal\/marcelo-cobra-compensacao-ao-mdb-e-nao-descarta-themistocles-na-assembleia\/","title":{"rendered":"Marcelo cobra compensa\u00e7\u00e3o ao MDB e n\u00e3o descarta Them\u00edstocles na Assembleia"},"content":{"rendered":"\n<p>O presidente estadual do MDB, senador Marcelo Castro, afirmou nesta segunda-feira (25) que o vice-governador Them\u00edstocles Filho poder\u00e1 retornar \u00e0 Assembleia Legislativa do Piau\u00ed (Alepi) em 2026, ocupando a vaga do filho, o deputado estadual Felipe Sampaio. O senador cobrou mais uma vez uma compensa\u00e7\u00e3o do governador Rafael Fonteles ao MDB.<\/p>\n\n\n\n<figure class=\"wp-block-image size-large\"><img fetchpriority=\"high\" decoding=\"async\" width=\"1024\" height=\"682\" src=\"https:\/\/noticiaempauta.com\/portal\/wp-content\/uploads\/2025\/08\/5879a1b0c72fd44ef4d64a22919e95c4-1024x682.jpeg\" alt=\"\" class=\"wp-image-277164\" srcset=\"https:\/\/noticiaempauta.com\/portal\/wp-content\/uploads\/2025\/08\/5879a1b0c72fd44ef4d64a22919e95c4-1024x682.jpeg 1024w, https:\/\/noticiaempauta.com\/portal\/wp-content\/uploads\/2025\/08\/5879a1b0c72fd44ef4d64a22919e95c4-300x200.jpeg 300w, https:\/\/noticiaempauta.com\/portal\/wp-content\/uploads\/2025\/08\/5879a1b0c72fd44ef4d64a22919e95c4-768x512.jpeg 768w, https:\/\/noticiaempauta.com\/portal\/wp-content\/uploads\/2025\/08\/5879a1b0c72fd44ef4d64a22919e95c4-1536x1023.jpeg 1536w, https:\/\/noticiaempauta.com\/portal\/wp-content\/uploads\/2025\/08\/5879a1b0c72fd44ef4d64a22919e95c4.jpeg 1600w\" sizes=\"(max-width: 1024px) 100vw, 1024px\" \/><figcaption class=\"wp-element-caption\"><em>Foto: Renato Andrade\/Cidadeverde.com<\/em><\/figcaption><\/figure>\n\n\n\n<p>Segundo o senador, a possibilidade j\u00e1 foi discutida internamente e \u00e9 considerada um processo natural dentro do partido. \u201cN\u00e3o fui informado oficialmente, mas isso foi conversado e discutido, e a gente esperava que isso viesse a acontecer. Eu tomo como caminho natural o filho abrir a vaga de deputado estadual para o vice-governador\u201d, disse Marcelo Castro.<\/p>\n\n\n\n<p>O presidente do MDB destacou que o partido busca um entendimento com o governador Rafael Fonteles, j\u00e1 que a perman\u00eancia de Them\u00edstocles Filho na vice-governadoria significaria a perda de uma posi\u00e7\u00e3o de destaque para o MDB na composi\u00e7\u00e3o majorit\u00e1ria.<\/p>\n\n\n\n<p>Marcelo Castro afirmou que o governador j\u00e1 sinalizou a disposi\u00e7\u00e3o de oferecer uma compensa\u00e7\u00e3o pol\u00edtica, tanto para o partido quanto para o grupo do vice-governador.<\/p>\n\n\n\n<blockquote class=\"wp-block-quote is-layout-flow wp-block-quote-is-layout-flow\">\n<p>\u201cO governador se disp\u00f4s a isso desde o come\u00e7o, que haver\u00e1 uma compensa\u00e7\u00e3o, tanto para o partido, quanto para o grupo do Them\u00edstocles Filho\u201d, declarou.<\/p>\n<\/blockquote>\n\n\n\n<p>O senador ressaltou ainda a import\u00e2ncia da trajet\u00f3ria de Them\u00edstocles Filho, que est\u00e1 na vida p\u00fablica desde 1982, foi presidente da Alepi por nove mandatos consecutivos, \u00e9 vice-governador e tem forte representatividade pol\u00edtica em todo o estado.<\/p>\n\n\n\n<p>As negocia\u00e7\u00f5es seguem em andamento e, segundo Marcelo Castro, a expectativa \u00e9 de que MDB e governo cheguem a um entendimento que garanta a manuten\u00e7\u00e3o do espa\u00e7o pol\u00edtico do partido e do grupo ligado a Them\u00edstocles.<\/p>\n\n\n\n<p>Fonte: Cidade Verde<\/p>\n\n\n\n<p><\/p>\n","protected":false},"excerpt":{"rendered":"<p>O presidente estadual do MDB, senador Marcelo Castro, afirmou nesta segunda-feira (25) que o vice-governador Them\u00edstocles Filho poder\u00e1 retornar \u00e0 Assembleia Legislativa do Piau\u00ed (Alepi) em 2026, ocupando a vaga do filho, o deputado estadual Felipe Sampaio. O senador cobrou mais uma vez uma compensa\u00e7\u00e3o do governador Rafael Fonteles ao MDB. Segundo o senador, a [&hellip;]<\/p>\n","protected":false},"author":2,"featured_media":277164,"comment_status":"open","ping_status":"open","sticky":false,"template":"","format":"standard","meta":{"_mi_skip_tracking":false,"footnotes":""},"categories":[25,3,16],"tags":[192],"class_list":["post-277163","post","type-post","status-publish","format-standard","has-post-thumbnail","hentry","category-destaques-site","category-politica","category-todas","tag-destaqueprincipal"],"acf":[],"yoast_head":"<!-- This site is optimized with the Yoast SEO Premium plugin v19.2 (Yoast SEO v26.9) - https:\/\/yoast.com\/product\/yoast-seo-premium-wordpress\/ -->\n<title>Marcelo cobra compensa\u00e7\u00e3o ao MDB e n\u00e3o descarta Them\u00edstocles na Assembleia - Portal Not\u00edcia em Pauta<\/title>\n<meta name=\"robots\" content=\"index, follow, max-snippet:-1, max-image-preview:large, max-video-preview:-1\" \/>\n<link rel=\"canonical\" href=\"https:\/\/noticiaempauta.com\/portal\/marcelo-cobra-compensacao-ao-mdb-e-nao-descarta-themistocles-na-assembleia\/\" \/>\n<meta property=\"og:locale\" content=\"pt_BR\" \/>\n<meta property=\"og:type\" content=\"article\" \/>\n<meta property=\"og:title\" content=\"Marcelo cobra compensa\u00e7\u00e3o ao MDB e n\u00e3o descarta Them\u00edstocles na Assembleia\" \/>\n<meta property=\"og:description\" content=\"O presidente estadual do MDB, senador Marcelo Castro, afirmou nesta segunda-feira (25) que o vice-governador Them\u00edstocles Filho poder\u00e1 retornar \u00e0 Assembleia Legislativa do Piau\u00ed (Alepi) em 2026, ocupando a vaga do filho, o deputado estadual Felipe Sampaio. O senador cobrou mais uma vez uma compensa\u00e7\u00e3o do governador Rafael Fonteles ao MDB. Segundo o senador, a [&hellip;]\" \/>\n<meta property=\"og:url\" content=\"https:\/\/noticiaempauta.com\/portal\/marcelo-cobra-compensacao-ao-mdb-e-nao-descarta-themistocles-na-assembleia\/\" \/>\n<meta property=\"og:site_name\" content=\"Portal Not\u00edcia em Pauta\" \/>\n<meta property=\"article:publisher\" content=\"https:\/\/www.facebook.com\/Portal-Notcia-Em-Pauta-102292869264820\/\" \/>\n<meta property=\"article:published_time\" content=\"2025-08-25T18:54:15+00:00\" \/>\n<meta property=\"article:modified_time\" content=\"2025-08-25T18:54:16+00:00\" \/>\n<meta property=\"og:image\" content=\"https:\/\/noticiaempauta.com\/portal\/wp-content\/uploads\/2025\/08\/5879a1b0c72fd44ef4d64a22919e95c4.jpeg\" \/>\n\t<meta property=\"og:image:width\" content=\"1600\" \/>\n\t<meta property=\"og:image:height\" content=\"1066\" \/>\n\t<meta property=\"og:image:type\" content=\"image\/jpeg\" \/>\n<meta name=\"author\" content=\"Reda\u00e7\u00e3o\" \/>\n<meta name=\"twitter:card\" content=\"summary_large_image\" \/>\n<meta name=\"twitter:label1\" content=\"Escrito por\" \/>\n\t<meta name=\"twitter:data1\" content=\"Reda\u00e7\u00e3o\" \/>\n\t<meta name=\"twitter:label2\" content=\"Est. tempo de leitura\" \/>\n\t<meta name=\"twitter:data2\" content=\"2 minutos\" \/>\n<script type=\"application\/ld+json\" class=\"yoast-schema-graph\">{\"@context\":\"https:\/\/schema.org\",\"@graph\":[{\"@type\":\"Article\",\"@id\":\"https:\/\/noticiaempauta.com\/portal\/marcelo-cobra-compensacao-ao-mdb-e-nao-descarta-themistocles-na-assembleia\/#article\",\"isPartOf\":{\"@id\":\"https:\/\/noticiaempauta.com\/portal\/marcelo-cobra-compensacao-ao-mdb-e-nao-descarta-themistocles-na-assembleia\/\"},\"author\":{\"name\":\"Reda\u00e7\u00e3o\",\"@id\":\"https:\/\/noticiaempauta.com\/portal\/#\/schema\/person\/a74af43dd1ab3deca45f988c717d57ac\"},\"headline\":\"Marcelo cobra compensa\u00e7\u00e3o ao MDB e n\u00e3o descarta Them\u00edstocles na Assembleia\",\"datePublished\":\"2025-08-25T18:54:15+00:00\",\"dateModified\":\"2025-08-25T18:54:16+00:00\",\"mainEntityOfPage\":{\"@id\":\"https:\/\/noticiaempauta.com\/portal\/marcelo-cobra-compensacao-ao-mdb-e-nao-descarta-themistocles-na-assembleia\/\"},\"wordCount\":309,\"commentCount\":0,\"publisher\":{\"@id\":\"https:\/\/noticiaempauta.com\/portal\/#organization\"},\"image\":{\"@id\":\"https:\/\/noticiaempauta.com\/portal\/marcelo-cobra-compensacao-ao-mdb-e-nao-descarta-themistocles-na-assembleia\/#primaryimage\"},\"thumbnailUrl\":\"https:\/\/noticiaempauta.com\/portal\/wp-content\/uploads\/2025\/08\/5879a1b0c72fd44ef4d64a22919e95c4.jpeg\",\"keywords\":[\"destaqueprincipal\"],\"articleSection\":[\"Destaques\",\"Pol\u00edtica\",\"Todas as Not\u00edcias\"],\"inLanguage\":\"pt-BR\",\"potentialAction\":[{\"@type\":\"CommentAction\",\"name\":\"Comment\",\"target\":[\"https:\/\/noticiaempauta.com\/portal\/marcelo-cobra-compensacao-ao-mdb-e-nao-descarta-themistocles-na-assembleia\/#respond\"]}]},{\"@type\":\"WebPage\",\"@id\":\"https:\/\/noticiaempauta.com\/portal\/marcelo-cobra-compensacao-ao-mdb-e-nao-descarta-themistocles-na-assembleia\/\",\"url\":\"https:\/\/noticiaempauta.com\/portal\/marcelo-cobra-compensacao-ao-mdb-e-nao-descarta-themistocles-na-assembleia\/\",\"name\":\"Marcelo cobra compensa\u00e7\u00e3o ao MDB e n\u00e3o descarta Them\u00edstocles na Assembleia - Portal Not\u00edcia em Pauta\",\"isPartOf\":{\"@id\":\"https:\/\/noticiaempauta.com\/portal\/#website\"},\"primaryImageOfPage\":{\"@id\":\"https:\/\/noticiaempauta.com\/portal\/marcelo-cobra-compensacao-ao-mdb-e-nao-descarta-themistocles-na-assembleia\/#primaryimage\"},\"image\":{\"@id\":\"https:\/\/noticiaempauta.com\/portal\/marcelo-cobra-compensacao-ao-mdb-e-nao-descarta-themistocles-na-assembleia\/#primaryimage\"},\"thumbnailUrl\":\"https:\/\/noticiaempauta.com\/portal\/wp-content\/uploads\/2025\/08\/5879a1b0c72fd44ef4d64a22919e95c4.jpeg\",\"datePublished\":\"2025-08-25T18:54:15+00:00\",\"dateModified\":\"2025-08-25T18:54:16+00:00\",\"breadcrumb\":{\"@id\":\"https:\/\/noticiaempauta.com\/portal\/marcelo-cobra-compensacao-ao-mdb-e-nao-descarta-themistocles-na-assembleia\/#breadcrumb\"},\"inLanguage\":\"pt-BR\",\"potentialAction\":[{\"@type\":\"ReadAction\",\"target\":[\"https:\/\/noticiaempauta.com\/portal\/marcelo-cobra-compensacao-ao-mdb-e-nao-descarta-themistocles-na-assembleia\/\"]}]},{\"@type\":\"ImageObject\",\"inLanguage\":\"pt-BR\",\"@id\":\"https:\/\/noticiaempauta.com\/portal\/marcelo-cobra-compensacao-ao-mdb-e-nao-descarta-themistocles-na-assembleia\/#primaryimage\",\"url\":\"https:\/\/noticiaempauta.com\/portal\/wp-content\/uploads\/2025\/08\/5879a1b0c72fd44ef4d64a22919e95c4.jpeg\",\"contentUrl\":\"https:\/\/noticiaempauta.com\/portal\/wp-content\/uploads\/2025\/08\/5879a1b0c72fd44ef4d64a22919e95c4.jpeg\",\"width\":1600,\"height\":1066},{\"@type\":\"BreadcrumbList\",\"@id\":\"https:\/\/noticiaempauta.com\/portal\/marcelo-cobra-compensacao-ao-mdb-e-nao-descarta-themistocles-na-assembleia\/#breadcrumb\",\"itemListElement\":[{\"@type\":\"ListItem\",\"position\":1,\"name\":\"P\u00e1gina Inicial\",\"item\":\"https:\/\/noticiaempauta.com\/portal\/\"},{\"@type\":\"ListItem\",\"position\":2,\"name\":\"Destaques\",\"item\":\"https:\/\/noticiaempauta.com\/portal\/destaques-site\/\"},{\"@type\":\"ListItem\",\"position\":3,\"name\":\"Marcelo cobra compensa\u00e7\u00e3o ao MDB e n\u00e3o descarta Them\u00edstocles na Assembleia\"}]},{\"@type\":\"WebSite\",\"@id\":\"https:\/\/noticiaempauta.com\/portal\/#website\",\"url\":\"https:\/\/noticiaempauta.com\/portal\/\",\"name\":\"Portal Not\u00edcia em Pauta\",\"description\":\"Voc\u00ea bem informado\",\"publisher\":{\"@id\":\"https:\/\/noticiaempauta.com\/portal\/#organization\"},\"potentialAction\":[{\"@type\":\"SearchAction\",\"target\":{\"@type\":\"EntryPoint\",\"urlTemplate\":\"https:\/\/noticiaempauta.com\/portal\/?s={search_term_string}\"},\"query-input\":{\"@type\":\"PropertyValueSpecification\",\"valueRequired\":true,\"valueName\":\"search_term_string\"}}],\"inLanguage\":\"pt-BR\"},{\"@type\":\"Organization\",\"@id\":\"https:\/\/noticiaempauta.com\/portal\/#organization\",\"name\":\"Portal Not\u00edcia em Pauta\",\"url\":\"https:\/\/noticiaempauta.com\/portal\/\",\"logo\":{\"@type\":\"ImageObject\",\"inLanguage\":\"pt-BR\",\"@id\":\"https:\/\/noticiaempauta.com\/portal\/#\/schema\/logo\/image\/\",\"url\":\"https:\/\/noticiaempauta.com\/portal\/wp-content\/uploads\/2022\/08\/logomarca_tema.fw_.png\",\"contentUrl\":\"https:\/\/noticiaempauta.com\/portal\/wp-content\/uploads\/2022\/08\/logomarca_tema.fw_.png\",\"width\":400,\"height\":232,\"caption\":\"Portal Not\u00edcia em Pauta\"},\"image\":{\"@id\":\"https:\/\/noticiaempauta.com\/portal\/#\/schema\/logo\/image\/\"},\"sameAs\":[\"https:\/\/www.facebook.com\/Portal-Notcia-Em-Pauta-102292869264820\/\",\"https:\/\/www.instagram.com\/portalnoticiaempauta\/\"]},{\"@type\":\"Person\",\"@id\":\"https:\/\/noticiaempauta.com\/portal\/#\/schema\/person\/a74af43dd1ab3deca45f988c717d57ac\",\"name\":\"Reda\u00e7\u00e3o\",\"image\":{\"@type\":\"ImageObject\",\"inLanguage\":\"pt-BR\",\"@id\":\"https:\/\/noticiaempauta.com\/portal\/#\/schema\/person\/image\/\",\"url\":\"https:\/\/secure.gravatar.com\/avatar\/03179346ecce6cdfc13361603e8f54242a90e5cde8618fa23c5c00aa2b0aadf3?s=96&d=mm&r=g\",\"contentUrl\":\"https:\/\/secure.gravatar.com\/avatar\/03179346ecce6cdfc13361603e8f54242a90e5cde8618fa23c5c00aa2b0aadf3?s=96&d=mm&r=g\",\"caption\":\"Reda\u00e7\u00e3o\"},\"sameAs\":[\"https:\/\/noticiaempauta.com\/portal\/\"],\"url\":\"https:\/\/noticiaempauta.com\/portal\/author\/fernando\/\"}]}<\/script>\n<!-- \/ Yoast SEO Premium plugin. -->","yoast_head_json":{"title":"Marcelo cobra compensa\u00e7\u00e3o ao MDB e n\u00e3o descarta Them\u00edstocles na Assembleia - Portal Not\u00edcia em Pauta","robots":{"index":"index","follow":"follow","max-snippet":"max-snippet:-1","max-image-preview":"max-image-preview:large","max-video-preview":"max-video-preview:-1"},"canonical":"https:\/\/noticiaempauta.com\/portal\/marcelo-cobra-compensacao-ao-mdb-e-nao-descarta-themistocles-na-assembleia\/","og_locale":"pt_BR","og_type":"article","og_title":"Marcelo cobra compensa\u00e7\u00e3o ao MDB e n\u00e3o descarta Them\u00edstocles na Assembleia","og_description":"O presidente estadual do MDB, senador Marcelo Castro, afirmou nesta segunda-feira (25) que o vice-governador Them\u00edstocles Filho poder\u00e1 retornar \u00e0 Assembleia Legislativa do Piau\u00ed (Alepi) em 2026, ocupando a vaga do filho, o deputado estadual Felipe Sampaio. O senador cobrou mais uma vez uma compensa\u00e7\u00e3o do governador Rafael Fonteles ao MDB. Segundo o senador, a [&hellip;]","og_url":"https:\/\/noticiaempauta.com\/portal\/marcelo-cobra-compensacao-ao-mdb-e-nao-descarta-themistocles-na-assembleia\/","og_site_name":"Portal Not\u00edcia em Pauta","article_publisher":"https:\/\/www.facebook.com\/Portal-Notcia-Em-Pauta-102292869264820\/","article_published_time":"2025-08-25T18:54:15+00:00","article_modified_time":"2025-08-25T18:54:16+00:00","og_image":[{"width":1600,"height":1066,"url":"https:\/\/noticiaempauta.com\/portal\/wp-content\/uploads\/2025\/08\/5879a1b0c72fd44ef4d64a22919e95c4.jpeg","type":"image\/jpeg"}],"author":"Reda\u00e7\u00e3o","twitter_card":"summary_large_image","twitter_misc":{"Escrito por":"Reda\u00e7\u00e3o","Est. tempo de leitura":"2 minutos"},"schema":{"@context":"https:\/\/schema.org","@graph":[{"@type":"Article","@id":"https:\/\/noticiaempauta.com\/portal\/marcelo-cobra-compensacao-ao-mdb-e-nao-descarta-themistocles-na-assembleia\/#article","isPartOf":{"@id":"https:\/\/noticiaempauta.com\/portal\/marcelo-cobra-compensacao-ao-mdb-e-nao-descarta-themistocles-na-assembleia\/"},"author":{"name":"Reda\u00e7\u00e3o","@id":"https:\/\/noticiaempauta.com\/portal\/#\/schema\/person\/a74af43dd1ab3deca45f988c717d57ac"},"headline":"Marcelo cobra compensa\u00e7\u00e3o ao MDB e n\u00e3o descarta Them\u00edstocles na Assembleia","datePublished":"2025-08-25T18:54:15+00:00","dateModified":"2025-08-25T18:54:16+00:00","mainEntityOfPage":{"@id":"https:\/\/noticiaempauta.com\/portal\/marcelo-cobra-compensacao-ao-mdb-e-nao-descarta-themistocles-na-assembleia\/"},"wordCount":309,"commentCount":0,"publisher":{"@id":"https:\/\/noticiaempauta.com\/portal\/#organization"},"image":{"@id":"https:\/\/noticiaempauta.com\/portal\/marcelo-cobra-compensacao-ao-mdb-e-nao-descarta-themistocles-na-assembleia\/#primaryimage"},"thumbnailUrl":"https:\/\/noticiaempauta.com\/portal\/wp-content\/uploads\/2025\/08\/5879a1b0c72fd44ef4d64a22919e95c4.jpeg","keywords":["destaqueprincipal"],"articleSection":["Destaques","Pol\u00edtica","Todas as Not\u00edcias"],"inLanguage":"pt-BR","potentialAction":[{"@type":"CommentAction","name":"Comment","target":["https:\/\/noticiaempauta.com\/portal\/marcelo-cobra-compensacao-ao-mdb-e-nao-descarta-themistocles-na-assembleia\/#respond"]}]},{"@type":"WebPage","@id":"https:\/\/noticiaempauta.com\/portal\/marcelo-cobra-compensacao-ao-mdb-e-nao-descarta-themistocles-na-assembleia\/","url":"https:\/\/noticiaempauta.com\/portal\/marcelo-cobra-compensacao-ao-mdb-e-nao-descarta-themistocles-na-assembleia\/","name":"Marcelo cobra compensa\u00e7\u00e3o ao MDB e n\u00e3o descarta Them\u00edstocles na Assembleia - Portal Not\u00edcia em Pauta","isPartOf":{"@id":"https:\/\/noticiaempauta.com\/portal\/#website"},"primaryImageOfPage":{"@id":"https:\/\/noticiaempauta.com\/portal\/marcelo-cobra-compensacao-ao-mdb-e-nao-descarta-themistocles-na-assembleia\/#primaryimage"},"image":{"@id":"https:\/\/noticiaempauta.com\/portal\/marcelo-cobra-compensacao-ao-mdb-e-nao-descarta-themistocles-na-assembleia\/#primaryimage"},"thumbnailUrl":"https:\/\/noticiaempauta.com\/portal\/wp-content\/uploads\/2025\/08\/5879a1b0c72fd44ef4d64a22919e95c4.jpeg","datePublished":"2025-08-25T18:54:15+00:00","dateModified":"2025-08-25T18:54:16+00:00","breadcrumb":{"@id":"https:\/\/noticiaempauta.com\/portal\/marcelo-cobra-compensacao-ao-mdb-e-nao-descarta-themistocles-na-assembleia\/#breadcrumb"},"inLanguage":"pt-BR","potentialAction":[{"@type":"ReadAction","target":["https:\/\/noticiaempauta.com\/portal\/marcelo-cobra-compensacao-ao-mdb-e-nao-descarta-themistocles-na-assembleia\/"]}]},{"@type":"ImageObject","inLanguage":"pt-BR","@id":"https:\/\/noticiaempauta.com\/portal\/marcelo-cobra-compensacao-ao-mdb-e-nao-descarta-themistocles-na-assembleia\/#primaryimage","url":"https:\/\/noticiaempauta.com\/portal\/wp-content\/uploads\/2025\/08\/5879a1b0c72fd44ef4d64a22919e95c4.jpeg","contentUrl":"https:\/\/noticiaempauta.com\/portal\/wp-content\/uploads\/2025\/08\/5879a1b0c72fd44ef4d64a22919e95c4.jpeg","width":1600,"height":1066},{"@type":"BreadcrumbList","@id":"https:\/\/noticiaempauta.com\/portal\/marcelo-cobra-compensacao-ao-mdb-e-nao-descarta-themistocles-na-assembleia\/#breadcrumb","itemListElement":[{"@type":"ListItem","position":1,"name":"P\u00e1gina Inicial","item":"https:\/\/noticiaempauta.com\/portal\/"},{"@type":"ListItem","position":2,"name":"Destaques","item":"https:\/\/noticiaempauta.com\/portal\/destaques-site\/"},{"@type":"ListItem","position":3,"name":"Marcelo cobra compensa\u00e7\u00e3o ao MDB e n\u00e3o descarta Them\u00edstocles na Assembleia"}]},{"@type":"WebSite","@id":"https:\/\/noticiaempauta.com\/portal\/#website","url":"https:\/\/noticiaempauta.com\/portal\/","name":"Portal Not\u00edcia em Pauta","description":"Voc\u00ea bem informado","publisher":{"@id":"https:\/\/noticiaempauta.com\/portal\/#organization"},"potentialAction":[{"@type":"SearchAction","target":{"@type":"EntryPoint","urlTemplate":"https:\/\/noticiaempauta.com\/portal\/?s={search_term_string}"},"query-input":{"@type":"PropertyValueSpecification","valueRequired":true,"valueName":"search_term_string"}}],"inLanguage":"pt-BR"},{"@type":"Organization","@id":"https:\/\/noticiaempauta.com\/portal\/#organization","name":"Portal Not\u00edcia em Pauta","url":"https:\/\/noticiaempauta.com\/portal\/","logo":{"@type":"ImageObject","inLanguage":"pt-BR","@id":"https:\/\/noticiaempauta.com\/portal\/#\/schema\/logo\/image\/","url":"https:\/\/noticiaempauta.com\/portal\/wp-content\/uploads\/2022\/08\/logomarca_tema.fw_.png","contentUrl":"https:\/\/noticiaempauta.com\/portal\/wp-content\/uploads\/2022\/08\/logomarca_tema.fw_.png","width":400,"height":232,"caption":"Portal Not\u00edcia em Pauta"},"image":{"@id":"https:\/\/noticiaempauta.com\/portal\/#\/schema\/logo\/image\/"},"sameAs":["https:\/\/www.facebook.com\/Portal-Notcia-Em-Pauta-102292869264820\/","https:\/\/www.instagram.com\/portalnoticiaempauta\/"]},{"@type":"Person","@id":"https:\/\/noticiaempauta.com\/portal\/#\/schema\/person\/a74af43dd1ab3deca45f988c717d57ac","name":"Reda\u00e7\u00e3o","image":{"@type":"ImageObject","inLanguage":"pt-BR","@id":"https:\/\/noticiaempauta.com\/portal\/#\/schema\/person\/image\/","url":"https:\/\/secure.gravatar.com\/avatar\/03179346ecce6cdfc13361603e8f54242a90e5cde8618fa23c5c00aa2b0aadf3?s=96&d=mm&r=g","contentUrl":"https:\/\/secure.gravatar.com\/avatar\/03179346ecce6cdfc13361603e8f54242a90e5cde8618fa23c5c00aa2b0aadf3?s=96&d=mm&r=g","caption":"Reda\u00e7\u00e3o"},"sameAs":["https:\/\/noticiaempauta.com\/portal\/"],"url":"https:\/\/noticiaempauta.com\/portal\/author\/fernando\/"}]}},"_links":{"self":[{"href":"https:\/\/noticiaempauta.com\/portal\/wp-json\/wp\/v2\/posts\/277163","targetHints":{"allow":["GET"]}}],"collection":[{"href":"https:\/\/noticiaempauta.com\/portal\/wp-json\/wp\/v2\/posts"}],"about":[{"href":"https:\/\/noticiaempauta.com\/portal\/wp-json\/wp\/v2\/types\/post"}],"author":[{"embeddable":true,"href":"https:\/\/noticiaempauta.com\/portal\/wp-json\/wp\/v2\/users\/2"}],"replies":[{"embeddable":true,"href":"https:\/\/noticiaempauta.com\/portal\/wp-json\/wp\/v2\/comments?post=277163"}],"version-history":[{"count":2,"href":"https:\/\/noticiaempauta.com\/portal\/wp-json\/wp\/v2\/posts\/277163\/revisions"}],"predecessor-version":[{"id":277166,"href":"https:\/\/noticiaempauta.com\/portal\/wp-json\/wp\/v2\/posts\/277163\/revisions\/277166"}],"wp:featuredmedia":[{"embeddable":true,"href":"https:\/\/noticiaempauta.com\/portal\/wp-json\/wp\/v2\/media\/277164"}],"wp:attachment":[{"href":"https:\/\/noticiaempauta.com\/portal\/wp-json\/wp\/v2\/media?parent=277163"}],"wp:term":[{"taxonomy":"category","embeddable":true,"href":"https:\/\/noticiaempauta.com\/portal\/wp-json\/wp\/v2\/categories?post=277163"},{"taxonomy":"post_tag","embeddable":true,"href":"https:\/\/noticiaempauta.com\/portal\/wp-json\/wp\/v2\/tags?post=277163"}],"curies":[{"name":"wp","href":"https:\/\/api.w.org\/{rel}","templated":true}]}}