{"id":277167,"date":"2025-08-25T16:35:48","date_gmt":"2025-08-25T19:35:48","guid":{"rendered":"https:\/\/noticiaempauta.com\/portal\/?p=277167"},"modified":"2025-08-25T16:35:50","modified_gmt":"2025-08-25T19:35:50","slug":"piaui-tem-previsao-de-chuva-durante-o-b-r-o-bro-confira","status":"publish","type":"post","link":"https:\/\/noticiaempauta.com\/portal\/piaui-tem-previsao-de-chuva-durante-o-b-r-o-bro-confira\/","title":{"rendered":"Piau\u00ed tem previs\u00e3o de chuva durante o B-R-O BR\u00d3; confira"},"content":{"rendered":"\n<p>As primeiras chuvas do per\u00edodo do B-R-O BR\u00d3 devem ocorrer no Piau\u00ed a partir do dia 10 de outubro, com maior intensidade no extremo sul do estado. O fen\u00f4meno marca o in\u00edcio das chamadas \u201cchuvas do caju\u201d e \u201cchuvas da manga\u201d, t\u00edpicas desta \u00e9poca do ano.<\/p>\n\n\n\n<p>A climatologista e coordenadora da Sala de Monitoramento e Preven\u00e7\u00e3o de Eventos Clim\u00e1ticos Extremos da Semarh Piau\u00ed, Sara Cardoso, explicou que o B-R-O BR\u00d3 \u00e9 caracterizado por altas temperaturas e baixa umidade, o que dificulta a forma\u00e7\u00e3o de nuvens carregadas. Por\u00e9m, a combina\u00e7\u00e3o de sistemas atmosf\u00e9ricos pode abrir espa\u00e7o para precipita\u00e7\u00f5es isoladas.<\/p>\n\n\n\n<figure class=\"wp-block-image size-full\"><img fetchpriority=\"high\" decoding=\"async\" width=\"790\" height=\"550\" src=\"https:\/\/noticiaempauta.com\/portal\/wp-content\/uploads\/2025\/08\/705b1d44eea38fd50c10a1c75564a31e.jpg\" alt=\"\" class=\"wp-image-277169\" srcset=\"https:\/\/noticiaempauta.com\/portal\/wp-content\/uploads\/2025\/08\/705b1d44eea38fd50c10a1c75564a31e.jpg 790w, https:\/\/noticiaempauta.com\/portal\/wp-content\/uploads\/2025\/08\/705b1d44eea38fd50c10a1c75564a31e-300x209.jpg 300w, https:\/\/noticiaempauta.com\/portal\/wp-content\/uploads\/2025\/08\/705b1d44eea38fd50c10a1c75564a31e-768x535.jpg 768w\" sizes=\"(max-width: 790px) 100vw, 790px\" \/><figcaption class=\"wp-element-caption\"><em>Foto: Renato Andrade\/Cidadeverde.com<\/em><\/figcaption><\/figure>\n\n\n\n<blockquote class=\"wp-block-quote is-layout-flow wp-block-quote-is-layout-flow\">\n<p>\u201cO B-R-O BR\u00d3 \u00e9 o momento em que, no estado do Piau\u00ed, observamos as maiores temperaturas, as menores umidades e algumas massas de ar que causam o bloqueio da entrada de umidade no nosso territ\u00f3rio. Quando essas massas de ar se dispersam, formam-se \u00e1reas de baixa press\u00e3o que atraem a umidade do entorno, gerando as primeiras chuvas\u201d, explicou.<\/p>\n<\/blockquote>\n\n\n\n<p>O m\u00eas de setembro segue com forte calor e baixa umidade em praticamente todo o Piau\u00ed, mas a expectativa \u00e9 que, a partir de outubro, a popula\u00e7\u00e3o comece a sentir os primeiros sinais da pr\u00e9-esta\u00e7\u00e3o chuvosa.<\/p>\n\n\n\n<p>A climatologista destacou que os modelos meteorol\u00f3gicos j\u00e1 indicam as primeiras ocorr\u00eancias.<\/p>\n\n\n\n<blockquote class=\"wp-block-quote is-layout-flow wp-block-quote-is-layout-flow\">\n<p>\u201cAs primeiras previs\u00f5es de chuva, de acordo com os modelos, est\u00e3o para o dia 10, com maior regularidade a partir de 10 de outubro. N\u00f3s j\u00e1 temos os modelos de previs\u00e3o apontando isso para o extremo sul do estado\u201d, afirmou.<\/p>\n<\/blockquote>\n\n\n\n<p>Essas precipita\u00e7\u00f5es, no entanto, devem se manter abaixo da m\u00e9dia hist\u00f3rica.<\/p>\n\n\n\n<p>\u201cElas est\u00e3o previstas dentro dos modelos de previs\u00e3o, por\u00e9m, a expectativa \u00e9 que fiquem na faixa normal ou abaixo do normal. Ou seja, se era esperado para outubro 10 mil\u00edmetros, n\u00f3s vamos observar chuvas menores que essa m\u00e9dia climatol\u00f3gica\u201d, completou.<\/p>\n\n\n\n<p>Al\u00e9m disso, outros sistemas atmosf\u00e9ricos devem influenciar o regime de chuvas no fim do ano, como a Zona de Converg\u00eancia do Atl\u00e2ntico Sul (ZCAS) e os V\u00f3rtices Cicl\u00f4nicos de Altos N\u00edveis (VCANs), que podem contribuir para a entrada de umidade no territ\u00f3rio piauiense.<\/p>\n\n\n\n<figure class=\"wp-block-image size-large\"><img decoding=\"async\" width=\"724\" height=\"1024\" src=\"https:\/\/noticiaempauta.com\/portal\/wp-content\/uploads\/2025\/08\/b61b5a531fe39273c1c6855a3c87b195-724x1024.jpg\" alt=\"\" class=\"wp-image-277168\" srcset=\"https:\/\/noticiaempauta.com\/portal\/wp-content\/uploads\/2025\/08\/b61b5a531fe39273c1c6855a3c87b195-724x1024.jpg 724w, https:\/\/noticiaempauta.com\/portal\/wp-content\/uploads\/2025\/08\/b61b5a531fe39273c1c6855a3c87b195-212x300.jpg 212w, https:\/\/noticiaempauta.com\/portal\/wp-content\/uploads\/2025\/08\/b61b5a531fe39273c1c6855a3c87b195-768x1087.jpg 768w, https:\/\/noticiaempauta.com\/portal\/wp-content\/uploads\/2025\/08\/b61b5a531fe39273c1c6855a3c87b195.jpg 826w\" sizes=\"(max-width: 724px) 100vw, 724px\" \/><\/figure>\n\n\n\n<p>\u201cN\u00f3s temos um conjunto de sistemas que se organizam no final do ano e que v\u00e3o trazer essas primeiras chuvas, mas os principais s\u00e3o a Zona de Converg\u00eancia do Atl\u00e2ntico Sul e os VCANs\u201d, concluiu.<\/p>\n\n\n\n<p>Fonte: Cidade Verde<\/p>\n","protected":false},"excerpt":{"rendered":"<p>As primeiras chuvas do per\u00edodo do B-R-O BR\u00d3 devem ocorrer no Piau\u00ed a partir do dia 10 de outubro, com maior intensidade no extremo sul do estado. O fen\u00f4meno marca o in\u00edcio das chamadas \u201cchuvas do caju\u201d e \u201cchuvas da manga\u201d, t\u00edpicas desta \u00e9poca do ano. A climatologista e coordenadora da Sala de Monitoramento e [&hellip;]<\/p>\n","protected":false},"author":2,"featured_media":277169,"comment_status":"open","ping_status":"open","sticky":false,"template":"","format":"standard","meta":{"_mi_skip_tracking":false,"footnotes":""},"categories":[25,1,9,16],"tags":[],"class_list":["post-277167","post","type-post","status-publish","format-standard","has-post-thumbnail","hentry","category-destaques-site","category-geral","category-municipios","category-todas"],"acf":[],"yoast_head":"<!-- This site is optimized with the Yoast SEO Premium plugin v19.2 (Yoast SEO v26.9) - https:\/\/yoast.com\/product\/yoast-seo-premium-wordpress\/ -->\n<title>Piau\u00ed tem previs\u00e3o de chuva durante o B-R-O BR\u00d3; confira - Portal Not\u00edcia em Pauta<\/title>\n<meta name=\"robots\" content=\"index, follow, max-snippet:-1, max-image-preview:large, max-video-preview:-1\" \/>\n<link rel=\"canonical\" href=\"https:\/\/noticiaempauta.com\/portal\/piaui-tem-previsao-de-chuva-durante-o-b-r-o-bro-confira\/\" \/>\n<meta property=\"og:locale\" content=\"pt_BR\" \/>\n<meta property=\"og:type\" content=\"article\" \/>\n<meta property=\"og:title\" content=\"Piau\u00ed tem previs\u00e3o de chuva durante o B-R-O BR\u00d3; confira\" \/>\n<meta property=\"og:description\" content=\"As primeiras chuvas do per\u00edodo do B-R-O BR\u00d3 devem ocorrer no Piau\u00ed a partir do dia 10 de outubro, com maior intensidade no extremo sul do estado. O fen\u00f4meno marca o in\u00edcio das chamadas \u201cchuvas do caju\u201d e \u201cchuvas da manga\u201d, t\u00edpicas desta \u00e9poca do ano. A climatologista e coordenadora da Sala de Monitoramento e [&hellip;]\" \/>\n<meta property=\"og:url\" content=\"https:\/\/noticiaempauta.com\/portal\/piaui-tem-previsao-de-chuva-durante-o-b-r-o-bro-confira\/\" \/>\n<meta property=\"og:site_name\" content=\"Portal Not\u00edcia em Pauta\" \/>\n<meta property=\"article:publisher\" content=\"https:\/\/www.facebook.com\/Portal-Notcia-Em-Pauta-102292869264820\/\" \/>\n<meta property=\"article:published_time\" content=\"2025-08-25T19:35:48+00:00\" \/>\n<meta property=\"article:modified_time\" content=\"2025-08-25T19:35:50+00:00\" \/>\n<meta property=\"og:image\" content=\"https:\/\/noticiaempauta.com\/portal\/wp-content\/uploads\/2025\/08\/705b1d44eea38fd50c10a1c75564a31e.jpg\" \/>\n\t<meta property=\"og:image:width\" content=\"790\" \/>\n\t<meta property=\"og:image:height\" content=\"550\" \/>\n\t<meta property=\"og:image:type\" content=\"image\/jpeg\" \/>\n<meta name=\"author\" content=\"Reda\u00e7\u00e3o\" \/>\n<meta name=\"twitter:card\" content=\"summary_large_image\" \/>\n<meta name=\"twitter:label1\" content=\"Escrito por\" \/>\n\t<meta name=\"twitter:data1\" content=\"Reda\u00e7\u00e3o\" \/>\n\t<meta name=\"twitter:label2\" content=\"Est. tempo de leitura\" \/>\n\t<meta name=\"twitter:data2\" content=\"3 minutos\" \/>\n<script type=\"application\/ld+json\" class=\"yoast-schema-graph\">{\"@context\":\"https:\/\/schema.org\",\"@graph\":[{\"@type\":\"Article\",\"@id\":\"https:\/\/noticiaempauta.com\/portal\/piaui-tem-previsao-de-chuva-durante-o-b-r-o-bro-confira\/#article\",\"isPartOf\":{\"@id\":\"https:\/\/noticiaempauta.com\/portal\/piaui-tem-previsao-de-chuva-durante-o-b-r-o-bro-confira\/\"},\"author\":{\"name\":\"Reda\u00e7\u00e3o\",\"@id\":\"https:\/\/noticiaempauta.com\/portal\/#\/schema\/person\/a74af43dd1ab3deca45f988c717d57ac\"},\"headline\":\"Piau\u00ed tem previs\u00e3o de chuva durante o B-R-O BR\u00d3; confira\",\"datePublished\":\"2025-08-25T19:35:48+00:00\",\"dateModified\":\"2025-08-25T19:35:50+00:00\",\"mainEntityOfPage\":{\"@id\":\"https:\/\/noticiaempauta.com\/portal\/piaui-tem-previsao-de-chuva-durante-o-b-r-o-bro-confira\/\"},\"wordCount\":431,\"commentCount\":0,\"publisher\":{\"@id\":\"https:\/\/noticiaempauta.com\/portal\/#organization\"},\"image\":{\"@id\":\"https:\/\/noticiaempauta.com\/portal\/piaui-tem-previsao-de-chuva-durante-o-b-r-o-bro-confira\/#primaryimage\"},\"thumbnailUrl\":\"https:\/\/noticiaempauta.com\/portal\/wp-content\/uploads\/2025\/08\/705b1d44eea38fd50c10a1c75564a31e.jpg\",\"articleSection\":[\"Destaques\",\"Geral\",\"Munic\u00edpios\",\"Todas as Not\u00edcias\"],\"inLanguage\":\"pt-BR\",\"potentialAction\":[{\"@type\":\"CommentAction\",\"name\":\"Comment\",\"target\":[\"https:\/\/noticiaempauta.com\/portal\/piaui-tem-previsao-de-chuva-durante-o-b-r-o-bro-confira\/#respond\"]}]},{\"@type\":\"WebPage\",\"@id\":\"https:\/\/noticiaempauta.com\/portal\/piaui-tem-previsao-de-chuva-durante-o-b-r-o-bro-confira\/\",\"url\":\"https:\/\/noticiaempauta.com\/portal\/piaui-tem-previsao-de-chuva-durante-o-b-r-o-bro-confira\/\",\"name\":\"Piau\u00ed tem previs\u00e3o de chuva durante o B-R-O BR\u00d3; confira - Portal Not\u00edcia em Pauta\",\"isPartOf\":{\"@id\":\"https:\/\/noticiaempauta.com\/portal\/#website\"},\"primaryImageOfPage\":{\"@id\":\"https:\/\/noticiaempauta.com\/portal\/piaui-tem-previsao-de-chuva-durante-o-b-r-o-bro-confira\/#primaryimage\"},\"image\":{\"@id\":\"https:\/\/noticiaempauta.com\/portal\/piaui-tem-previsao-de-chuva-durante-o-b-r-o-bro-confira\/#primaryimage\"},\"thumbnailUrl\":\"https:\/\/noticiaempauta.com\/portal\/wp-content\/uploads\/2025\/08\/705b1d44eea38fd50c10a1c75564a31e.jpg\",\"datePublished\":\"2025-08-25T19:35:48+00:00\",\"dateModified\":\"2025-08-25T19:35:50+00:00\",\"breadcrumb\":{\"@id\":\"https:\/\/noticiaempauta.com\/portal\/piaui-tem-previsao-de-chuva-durante-o-b-r-o-bro-confira\/#breadcrumb\"},\"inLanguage\":\"pt-BR\",\"potentialAction\":[{\"@type\":\"ReadAction\",\"target\":[\"https:\/\/noticiaempauta.com\/portal\/piaui-tem-previsao-de-chuva-durante-o-b-r-o-bro-confira\/\"]}]},{\"@type\":\"ImageObject\",\"inLanguage\":\"pt-BR\",\"@id\":\"https:\/\/noticiaempauta.com\/portal\/piaui-tem-previsao-de-chuva-durante-o-b-r-o-bro-confira\/#primaryimage\",\"url\":\"https:\/\/noticiaempauta.com\/portal\/wp-content\/uploads\/2025\/08\/705b1d44eea38fd50c10a1c75564a31e.jpg\",\"contentUrl\":\"https:\/\/noticiaempauta.com\/portal\/wp-content\/uploads\/2025\/08\/705b1d44eea38fd50c10a1c75564a31e.jpg\",\"width\":790,\"height\":550},{\"@type\":\"BreadcrumbList\",\"@id\":\"https:\/\/noticiaempauta.com\/portal\/piaui-tem-previsao-de-chuva-durante-o-b-r-o-bro-confira\/#breadcrumb\",\"itemListElement\":[{\"@type\":\"ListItem\",\"position\":1,\"name\":\"P\u00e1gina Inicial\",\"item\":\"https:\/\/noticiaempauta.com\/portal\/\"},{\"@type\":\"ListItem\",\"position\":2,\"name\":\"Destaques\",\"item\":\"https:\/\/noticiaempauta.com\/portal\/destaques-site\/\"},{\"@type\":\"ListItem\",\"position\":3,\"name\":\"Piau\u00ed tem previs\u00e3o de chuva durante o B-R-O BR\u00d3; confira\"}]},{\"@type\":\"WebSite\",\"@id\":\"https:\/\/noticiaempauta.com\/portal\/#website\",\"url\":\"https:\/\/noticiaempauta.com\/portal\/\",\"name\":\"Portal Not\u00edcia em Pauta\",\"description\":\"Voc\u00ea bem informado\",\"publisher\":{\"@id\":\"https:\/\/noticiaempauta.com\/portal\/#organization\"},\"potentialAction\":[{\"@type\":\"SearchAction\",\"target\":{\"@type\":\"EntryPoint\",\"urlTemplate\":\"https:\/\/noticiaempauta.com\/portal\/?s={search_term_string}\"},\"query-input\":{\"@type\":\"PropertyValueSpecification\",\"valueRequired\":true,\"valueName\":\"search_term_string\"}}],\"inLanguage\":\"pt-BR\"},{\"@type\":\"Organization\",\"@id\":\"https:\/\/noticiaempauta.com\/portal\/#organization\",\"name\":\"Portal Not\u00edcia em Pauta\",\"url\":\"https:\/\/noticiaempauta.com\/portal\/\",\"logo\":{\"@type\":\"ImageObject\",\"inLanguage\":\"pt-BR\",\"@id\":\"https:\/\/noticiaempauta.com\/portal\/#\/schema\/logo\/image\/\",\"url\":\"https:\/\/noticiaempauta.com\/portal\/wp-content\/uploads\/2022\/08\/logomarca_tema.fw_.png\",\"contentUrl\":\"https:\/\/noticiaempauta.com\/portal\/wp-content\/uploads\/2022\/08\/logomarca_tema.fw_.png\",\"width\":400,\"height\":232,\"caption\":\"Portal Not\u00edcia em Pauta\"},\"image\":{\"@id\":\"https:\/\/noticiaempauta.com\/portal\/#\/schema\/logo\/image\/\"},\"sameAs\":[\"https:\/\/www.facebook.com\/Portal-Notcia-Em-Pauta-102292869264820\/\",\"https:\/\/www.instagram.com\/portalnoticiaempauta\/\"]},{\"@type\":\"Person\",\"@id\":\"https:\/\/noticiaempauta.com\/portal\/#\/schema\/person\/a74af43dd1ab3deca45f988c717d57ac\",\"name\":\"Reda\u00e7\u00e3o\",\"image\":{\"@type\":\"ImageObject\",\"inLanguage\":\"pt-BR\",\"@id\":\"https:\/\/noticiaempauta.com\/portal\/#\/schema\/person\/image\/\",\"url\":\"https:\/\/secure.gravatar.com\/avatar\/03179346ecce6cdfc13361603e8f54242a90e5cde8618fa23c5c00aa2b0aadf3?s=96&d=mm&r=g\",\"contentUrl\":\"https:\/\/secure.gravatar.com\/avatar\/03179346ecce6cdfc13361603e8f54242a90e5cde8618fa23c5c00aa2b0aadf3?s=96&d=mm&r=g\",\"caption\":\"Reda\u00e7\u00e3o\"},\"sameAs\":[\"https:\/\/noticiaempauta.com\/portal\/\"],\"url\":\"https:\/\/noticiaempauta.com\/portal\/author\/fernando\/\"}]}<\/script>\n<!-- \/ Yoast SEO Premium plugin. -->","yoast_head_json":{"title":"Piau\u00ed tem previs\u00e3o de chuva durante o B-R-O BR\u00d3; confira - Portal Not\u00edcia em Pauta","robots":{"index":"index","follow":"follow","max-snippet":"max-snippet:-1","max-image-preview":"max-image-preview:large","max-video-preview":"max-video-preview:-1"},"canonical":"https:\/\/noticiaempauta.com\/portal\/piaui-tem-previsao-de-chuva-durante-o-b-r-o-bro-confira\/","og_locale":"pt_BR","og_type":"article","og_title":"Piau\u00ed tem previs\u00e3o de chuva durante o B-R-O BR\u00d3; confira","og_description":"As primeiras chuvas do per\u00edodo do B-R-O BR\u00d3 devem ocorrer no Piau\u00ed a partir do dia 10 de outubro, com maior intensidade no extremo sul do estado. O fen\u00f4meno marca o in\u00edcio das chamadas \u201cchuvas do caju\u201d e \u201cchuvas da manga\u201d, t\u00edpicas desta \u00e9poca do ano. A climatologista e coordenadora da Sala de Monitoramento e [&hellip;]","og_url":"https:\/\/noticiaempauta.com\/portal\/piaui-tem-previsao-de-chuva-durante-o-b-r-o-bro-confira\/","og_site_name":"Portal Not\u00edcia em Pauta","article_publisher":"https:\/\/www.facebook.com\/Portal-Notcia-Em-Pauta-102292869264820\/","article_published_time":"2025-08-25T19:35:48+00:00","article_modified_time":"2025-08-25T19:35:50+00:00","og_image":[{"width":790,"height":550,"url":"https:\/\/noticiaempauta.com\/portal\/wp-content\/uploads\/2025\/08\/705b1d44eea38fd50c10a1c75564a31e.jpg","type":"image\/jpeg"}],"author":"Reda\u00e7\u00e3o","twitter_card":"summary_large_image","twitter_misc":{"Escrito por":"Reda\u00e7\u00e3o","Est. tempo de leitura":"3 minutos"},"schema":{"@context":"https:\/\/schema.org","@graph":[{"@type":"Article","@id":"https:\/\/noticiaempauta.com\/portal\/piaui-tem-previsao-de-chuva-durante-o-b-r-o-bro-confira\/#article","isPartOf":{"@id":"https:\/\/noticiaempauta.com\/portal\/piaui-tem-previsao-de-chuva-durante-o-b-r-o-bro-confira\/"},"author":{"name":"Reda\u00e7\u00e3o","@id":"https:\/\/noticiaempauta.com\/portal\/#\/schema\/person\/a74af43dd1ab3deca45f988c717d57ac"},"headline":"Piau\u00ed tem previs\u00e3o de chuva durante o B-R-O BR\u00d3; confira","datePublished":"2025-08-25T19:35:48+00:00","dateModified":"2025-08-25T19:35:50+00:00","mainEntityOfPage":{"@id":"https:\/\/noticiaempauta.com\/portal\/piaui-tem-previsao-de-chuva-durante-o-b-r-o-bro-confira\/"},"wordCount":431,"commentCount":0,"publisher":{"@id":"https:\/\/noticiaempauta.com\/portal\/#organization"},"image":{"@id":"https:\/\/noticiaempauta.com\/portal\/piaui-tem-previsao-de-chuva-durante-o-b-r-o-bro-confira\/#primaryimage"},"thumbnailUrl":"https:\/\/noticiaempauta.com\/portal\/wp-content\/uploads\/2025\/08\/705b1d44eea38fd50c10a1c75564a31e.jpg","articleSection":["Destaques","Geral","Munic\u00edpios","Todas as Not\u00edcias"],"inLanguage":"pt-BR","potentialAction":[{"@type":"CommentAction","name":"Comment","target":["https:\/\/noticiaempauta.com\/portal\/piaui-tem-previsao-de-chuva-durante-o-b-r-o-bro-confira\/#respond"]}]},{"@type":"WebPage","@id":"https:\/\/noticiaempauta.com\/portal\/piaui-tem-previsao-de-chuva-durante-o-b-r-o-bro-confira\/","url":"https:\/\/noticiaempauta.com\/portal\/piaui-tem-previsao-de-chuva-durante-o-b-r-o-bro-confira\/","name":"Piau\u00ed tem previs\u00e3o de chuva durante o B-R-O BR\u00d3; confira - Portal Not\u00edcia em Pauta","isPartOf":{"@id":"https:\/\/noticiaempauta.com\/portal\/#website"},"primaryImageOfPage":{"@id":"https:\/\/noticiaempauta.com\/portal\/piaui-tem-previsao-de-chuva-durante-o-b-r-o-bro-confira\/#primaryimage"},"image":{"@id":"https:\/\/noticiaempauta.com\/portal\/piaui-tem-previsao-de-chuva-durante-o-b-r-o-bro-confira\/#primaryimage"},"thumbnailUrl":"https:\/\/noticiaempauta.com\/portal\/wp-content\/uploads\/2025\/08\/705b1d44eea38fd50c10a1c75564a31e.jpg","datePublished":"2025-08-25T19:35:48+00:00","dateModified":"2025-08-25T19:35:50+00:00","breadcrumb":{"@id":"https:\/\/noticiaempauta.com\/portal\/piaui-tem-previsao-de-chuva-durante-o-b-r-o-bro-confira\/#breadcrumb"},"inLanguage":"pt-BR","potentialAction":[{"@type":"ReadAction","target":["https:\/\/noticiaempauta.com\/portal\/piaui-tem-previsao-de-chuva-durante-o-b-r-o-bro-confira\/"]}]},{"@type":"ImageObject","inLanguage":"pt-BR","@id":"https:\/\/noticiaempauta.com\/portal\/piaui-tem-previsao-de-chuva-durante-o-b-r-o-bro-confira\/#primaryimage","url":"https:\/\/noticiaempauta.com\/portal\/wp-content\/uploads\/2025\/08\/705b1d44eea38fd50c10a1c75564a31e.jpg","contentUrl":"https:\/\/noticiaempauta.com\/portal\/wp-content\/uploads\/2025\/08\/705b1d44eea38fd50c10a1c75564a31e.jpg","width":790,"height":550},{"@type":"BreadcrumbList","@id":"https:\/\/noticiaempauta.com\/portal\/piaui-tem-previsao-de-chuva-durante-o-b-r-o-bro-confira\/#breadcrumb","itemListElement":[{"@type":"ListItem","position":1,"name":"P\u00e1gina Inicial","item":"https:\/\/noticiaempauta.com\/portal\/"},{"@type":"ListItem","position":2,"name":"Destaques","item":"https:\/\/noticiaempauta.com\/portal\/destaques-site\/"},{"@type":"ListItem","position":3,"name":"Piau\u00ed tem previs\u00e3o de chuva durante o B-R-O BR\u00d3; confira"}]},{"@type":"WebSite","@id":"https:\/\/noticiaempauta.com\/portal\/#website","url":"https:\/\/noticiaempauta.com\/portal\/","name":"Portal Not\u00edcia em Pauta","description":"Voc\u00ea bem informado","publisher":{"@id":"https:\/\/noticiaempauta.com\/portal\/#organization"},"potentialAction":[{"@type":"SearchAction","target":{"@type":"EntryPoint","urlTemplate":"https:\/\/noticiaempauta.com\/portal\/?s={search_term_string}"},"query-input":{"@type":"PropertyValueSpecification","valueRequired":true,"valueName":"search_term_string"}}],"inLanguage":"pt-BR"},{"@type":"Organization","@id":"https:\/\/noticiaempauta.com\/portal\/#organization","name":"Portal Not\u00edcia em Pauta","url":"https:\/\/noticiaempauta.com\/portal\/","logo":{"@type":"ImageObject","inLanguage":"pt-BR","@id":"https:\/\/noticiaempauta.com\/portal\/#\/schema\/logo\/image\/","url":"https:\/\/noticiaempauta.com\/portal\/wp-content\/uploads\/2022\/08\/logomarca_tema.fw_.png","contentUrl":"https:\/\/noticiaempauta.com\/portal\/wp-content\/uploads\/2022\/08\/logomarca_tema.fw_.png","width":400,"height":232,"caption":"Portal Not\u00edcia em Pauta"},"image":{"@id":"https:\/\/noticiaempauta.com\/portal\/#\/schema\/logo\/image\/"},"sameAs":["https:\/\/www.facebook.com\/Portal-Notcia-Em-Pauta-102292869264820\/","https:\/\/www.instagram.com\/portalnoticiaempauta\/"]},{"@type":"Person","@id":"https:\/\/noticiaempauta.com\/portal\/#\/schema\/person\/a74af43dd1ab3deca45f988c717d57ac","name":"Reda\u00e7\u00e3o","image":{"@type":"ImageObject","inLanguage":"pt-BR","@id":"https:\/\/noticiaempauta.com\/portal\/#\/schema\/person\/image\/","url":"https:\/\/secure.gravatar.com\/avatar\/03179346ecce6cdfc13361603e8f54242a90e5cde8618fa23c5c00aa2b0aadf3?s=96&d=mm&r=g","contentUrl":"https:\/\/secure.gravatar.com\/avatar\/03179346ecce6cdfc13361603e8f54242a90e5cde8618fa23c5c00aa2b0aadf3?s=96&d=mm&r=g","caption":"Reda\u00e7\u00e3o"},"sameAs":["https:\/\/noticiaempauta.com\/portal\/"],"url":"https:\/\/noticiaempauta.com\/portal\/author\/fernando\/"}]}},"_links":{"self":[{"href":"https:\/\/noticiaempauta.com\/portal\/wp-json\/wp\/v2\/posts\/277167","targetHints":{"allow":["GET"]}}],"collection":[{"href":"https:\/\/noticiaempauta.com\/portal\/wp-json\/wp\/v2\/posts"}],"about":[{"href":"https:\/\/noticiaempauta.com\/portal\/wp-json\/wp\/v2\/types\/post"}],"author":[{"embeddable":true,"href":"https:\/\/noticiaempauta.com\/portal\/wp-json\/wp\/v2\/users\/2"}],"replies":[{"embeddable":true,"href":"https:\/\/noticiaempauta.com\/portal\/wp-json\/wp\/v2\/comments?post=277167"}],"version-history":[{"count":2,"href":"https:\/\/noticiaempauta.com\/portal\/wp-json\/wp\/v2\/posts\/277167\/revisions"}],"predecessor-version":[{"id":277171,"href":"https:\/\/noticiaempauta.com\/portal\/wp-json\/wp\/v2\/posts\/277167\/revisions\/277171"}],"wp:featuredmedia":[{"embeddable":true,"href":"https:\/\/noticiaempauta.com\/portal\/wp-json\/wp\/v2\/media\/277169"}],"wp:attachment":[{"href":"https:\/\/noticiaempauta.com\/portal\/wp-json\/wp\/v2\/media?parent=277167"}],"wp:term":[{"taxonomy":"category","embeddable":true,"href":"https:\/\/noticiaempauta.com\/portal\/wp-json\/wp\/v2\/categories?post=277167"},{"taxonomy":"post_tag","embeddable":true,"href":"https:\/\/noticiaempauta.com\/portal\/wp-json\/wp\/v2\/tags?post=277167"}],"curies":[{"name":"wp","href":"https:\/\/api.w.org\/{rel}","templated":true}]}}