{"id":277225,"date":"2025-08-27T09:08:41","date_gmt":"2025-08-27T12:08:41","guid":{"rendered":"https:\/\/noticiaempauta.com\/portal\/?p=277225"},"modified":"2025-08-27T09:08:42","modified_gmt":"2025-08-27T12:08:42","slug":"padre-e-afastado-no-piaui-por-conduta-incompativel-3-caso-em-menos-de-um-mes","status":"publish","type":"post","link":"https:\/\/noticiaempauta.com\/portal\/padre-e-afastado-no-piaui-por-conduta-incompativel-3-caso-em-menos-de-um-mes\/","title":{"rendered":"Padre \u00e9 afastado no Piau\u00ed por &#8216;conduta incompat\u00edvel&#8217;; 3\u00b0 caso em menos de um m\u00eas"},"content":{"rendered":"\n<p>O padre C\u00edcero de Moura Filho foi temporariamente afastado da Par\u00f3quia S\u00e3o Francisco das Chagas, em Rio Grande do Piau\u00ed. Em comunicado (leia na \u00edntegra ao final da mat\u00e9ria), a Diocese de Floriano informou que a medida foi tomada ap\u00f3s \u201cacusa\u00e7\u00f5es formais relacionadas \u00e0 conduta incompat\u00edvel com as exig\u00eancias pr\u00f3prias do estado clerical\u201d.<\/p>\n\n\n\n<figure class=\"wp-block-image size-full\"><img fetchpriority=\"high\" decoding=\"async\" width=\"790\" height=\"500\" src=\"https:\/\/noticiaempauta.com\/portal\/wp-content\/uploads\/2025\/08\/69c8b00f51d41456a3fa7fa372fea7b2.jpg\" alt=\"\" class=\"wp-image-277226\" srcset=\"https:\/\/noticiaempauta.com\/portal\/wp-content\/uploads\/2025\/08\/69c8b00f51d41456a3fa7fa372fea7b2.jpg 790w, https:\/\/noticiaempauta.com\/portal\/wp-content\/uploads\/2025\/08\/69c8b00f51d41456a3fa7fa372fea7b2-300x190.jpg 300w, https:\/\/noticiaempauta.com\/portal\/wp-content\/uploads\/2025\/08\/69c8b00f51d41456a3fa7fa372fea7b2-768x486.jpg 768w\" sizes=\"(max-width: 790px) 100vw, 790px\" \/><figcaption class=\"wp-element-caption\">Foto: Instagram\/Par\u00f3quia S\u00e3o Francisco das Chagas<\/figcaption><\/figure>\n\n\n\n<blockquote class=\"wp-block-quote is-layout-flow wp-block-quote-is-layout-flow\">\n<p><em>\u201cO afastamento tem car\u00e1ter preventivo e n\u00e3o punitivo, sendo medida prudencial adotada para resguardar o bem da comunidade e garantir a devida apura\u00e7\u00e3o dos fatos\u201d, afirma o documento, assinado pelo bispo diocesano, Dom J\u00falio C\u00e9sar Souza de Jesus, e pelo chanceler da C\u00faria Diocesana, Frei Cl\u00e1udio da Silva Santos.&nbsp;<\/em><\/p>\n<\/blockquote>\n\n\n\n<p>Esse \u00e9 o terceiro sacerdote afastado das fun\u00e7\u00f5es no Piau\u00ed em pouco menos de um m\u00eas, o segundo da Diocese de Floriano, que no dia 14 de agosto\u00a0<strong>suspendeu o padre Vinicius Jos\u00e9 da par\u00f3quia S\u00e3o Jo\u00e3o Batista<\/strong>, na cidade de Ribeiro Gon\u00e7alves, ap\u00f3s ter supostos v\u00eddeos \u00edntimos vazados nas redes sociais.\u00a0<\/p>\n\n\n\n<p>No dia 30 de julho, a Diocese de Bom Jesus\u00a0<strong>afastou o ent\u00e3o padre da par\u00f3quia de S\u00e3o Jos\u00e9<\/strong>, em Brejo do Piau\u00ed, ap\u00f3s ele ser indiciado pela Pol\u00edcia Civil (PC) pelo estupro de uma mulher de 27 anos. Segundo a investiga\u00e7\u00e3o, o sacerdote teria se aproveitado da amizade com a fam\u00edlia da v\u00edtima para cometer o crime.\u00a0<\/p>\n\n\n\n<p><strong>Leia na \u00edntegra:<\/strong><\/p>\n\n\n\n<blockquote class=\"wp-block-quote is-layout-flow wp-block-quote-is-layout-flow\">\n<p><em><strong>NOTA DE AFASTAMENTO<\/strong><\/em><\/p>\n\n\n\n<p><em>A Diocese de Floriano, em esp\u00edrito de transpar\u00eancia e responsabilidade pastoral, vem a p\u00fablico informar que, por determina\u00e7\u00e3o de Sua Excel\u00eancia Reverend\u00edssima, o Bispo Diocesano Dom J\u00falio C\u00e9sar de Jesus, o Revmo. Pe. C\u00edcero de Moura Filho foi afastado provisoriamente do exerc\u00edcio p\u00fablico do minist\u00e9rio sacerdotal.<\/em><\/p>\n\n\n\n<p><em>A decis\u00e3o foi tomada em virtude do recebimento de acusa\u00e7\u00f5es formais relacionadas \u00e0 conduta incompat\u00edvel com as exig\u00eancias pr\u00f3prias do estado clerical (cf. c\u00e2n. 1395 \u00a71, CIC). O afastamento tem car\u00e1ter preventivo e n\u00e3o punitivo, sendo medida prudencial adotada para resguardar o bem da comunidade e garantir a devida apura\u00e7\u00e3o dos fatos.<\/em><\/p>\n\n\n\n<p><em>Conforme os princ\u00edpios do Direito Can\u00f4nico e do devido processo, o sacerdote ter\u00e1 plena oportunidade de apresentar sua defesa. A Diocese seguir\u00e1 conduzindo o caso com o cuidado pastoral, a justi\u00e7a e a caridade que a situa\u00e7\u00e3o exige, mantendo o sigilo e o respeito \u00e0s pessoas envolvidas.<\/em><\/p>\n\n\n\n<p><em>Pedimos \u00e0s comunidades paroquiais que mantenham-se unidas em ora\u00e7\u00e3o, evitando julgamentos precipitados e confiando no discernimento da Igreja. A verdade ser\u00e1 buscada com serenidade e responsabilidade.<\/em><\/p>\n\n\n\n<p><em>Floriano-PI, 26 de agosto de 2025.<\/em><\/p>\n\n\n\n<p>Fonte: Cidade Verde<\/p>\n<\/blockquote>\n","protected":false},"excerpt":{"rendered":"<p>O padre C\u00edcero de Moura Filho foi temporariamente afastado da Par\u00f3quia S\u00e3o Francisco das Chagas, em Rio Grande do Piau\u00ed. Em comunicado (leia na \u00edntegra ao final da mat\u00e9ria), a Diocese de Floriano informou que a medida foi tomada ap\u00f3s \u201cacusa\u00e7\u00f5es formais relacionadas \u00e0 conduta incompat\u00edvel com as exig\u00eancias pr\u00f3prias do estado clerical\u201d. \u201cO afastamento [&hellip;]<\/p>\n","protected":false},"author":2,"featured_media":277226,"comment_status":"open","ping_status":"open","sticky":false,"template":"","format":"standard","meta":{"_mi_skip_tracking":false,"footnotes":""},"categories":[25,1,9,16],"tags":[192],"class_list":["post-277225","post","type-post","status-publish","format-standard","has-post-thumbnail","hentry","category-destaques-site","category-geral","category-municipios","category-todas","tag-destaqueprincipal"],"acf":[],"yoast_head":"<!-- This site is optimized with the Yoast SEO Premium plugin v19.2 (Yoast SEO v26.9) - https:\/\/yoast.com\/product\/yoast-seo-premium-wordpress\/ -->\n<title>Padre \u00e9 afastado no Piau\u00ed por &#039;conduta incompat\u00edvel&#039;; 3\u00b0 caso em menos de um m\u00eas - Portal Not\u00edcia em Pauta<\/title>\n<meta name=\"robots\" content=\"index, follow, max-snippet:-1, max-image-preview:large, max-video-preview:-1\" \/>\n<link rel=\"canonical\" href=\"https:\/\/noticiaempauta.com\/portal\/padre-e-afastado-no-piaui-por-conduta-incompativel-3-caso-em-menos-de-um-mes\/\" \/>\n<meta property=\"og:locale\" content=\"pt_BR\" \/>\n<meta property=\"og:type\" content=\"article\" \/>\n<meta property=\"og:title\" content=\"Padre \u00e9 afastado no Piau\u00ed por &#039;conduta incompat\u00edvel&#039;; 3\u00b0 caso em menos de um m\u00eas\" \/>\n<meta property=\"og:description\" content=\"O padre C\u00edcero de Moura Filho foi temporariamente afastado da Par\u00f3quia S\u00e3o Francisco das Chagas, em Rio Grande do Piau\u00ed. Em comunicado (leia na \u00edntegra ao final da mat\u00e9ria), a Diocese de Floriano informou que a medida foi tomada ap\u00f3s \u201cacusa\u00e7\u00f5es formais relacionadas \u00e0 conduta incompat\u00edvel com as exig\u00eancias pr\u00f3prias do estado clerical\u201d. \u201cO afastamento [&hellip;]\" \/>\n<meta property=\"og:url\" content=\"https:\/\/noticiaempauta.com\/portal\/padre-e-afastado-no-piaui-por-conduta-incompativel-3-caso-em-menos-de-um-mes\/\" \/>\n<meta property=\"og:site_name\" content=\"Portal Not\u00edcia em Pauta\" \/>\n<meta property=\"article:publisher\" content=\"https:\/\/www.facebook.com\/Portal-Notcia-Em-Pauta-102292869264820\/\" \/>\n<meta property=\"article:published_time\" content=\"2025-08-27T12:08:41+00:00\" \/>\n<meta property=\"article:modified_time\" content=\"2025-08-27T12:08:42+00:00\" \/>\n<meta property=\"og:image\" content=\"https:\/\/noticiaempauta.com\/portal\/wp-content\/uploads\/2025\/08\/69c8b00f51d41456a3fa7fa372fea7b2.jpg\" \/>\n\t<meta property=\"og:image:width\" content=\"790\" \/>\n\t<meta property=\"og:image:height\" content=\"500\" \/>\n\t<meta property=\"og:image:type\" content=\"image\/jpeg\" \/>\n<meta name=\"author\" content=\"Reda\u00e7\u00e3o\" \/>\n<meta name=\"twitter:card\" content=\"summary_large_image\" \/>\n<meta name=\"twitter:label1\" content=\"Escrito por\" \/>\n\t<meta name=\"twitter:data1\" content=\"Reda\u00e7\u00e3o\" \/>\n\t<meta name=\"twitter:label2\" content=\"Est. tempo de leitura\" \/>\n\t<meta name=\"twitter:data2\" content=\"2 minutos\" \/>\n<script type=\"application\/ld+json\" class=\"yoast-schema-graph\">{\"@context\":\"https:\/\/schema.org\",\"@graph\":[{\"@type\":\"Article\",\"@id\":\"https:\/\/noticiaempauta.com\/portal\/padre-e-afastado-no-piaui-por-conduta-incompativel-3-caso-em-menos-de-um-mes\/#article\",\"isPartOf\":{\"@id\":\"https:\/\/noticiaempauta.com\/portal\/padre-e-afastado-no-piaui-por-conduta-incompativel-3-caso-em-menos-de-um-mes\/\"},\"author\":{\"name\":\"Reda\u00e7\u00e3o\",\"@id\":\"https:\/\/noticiaempauta.com\/portal\/#\/schema\/person\/a74af43dd1ab3deca45f988c717d57ac\"},\"headline\":\"Padre \u00e9 afastado no Piau\u00ed por &#8216;conduta incompat\u00edvel&#8217;; 3\u00b0 caso em menos de um m\u00eas\",\"datePublished\":\"2025-08-27T12:08:41+00:00\",\"dateModified\":\"2025-08-27T12:08:42+00:00\",\"mainEntityOfPage\":{\"@id\":\"https:\/\/noticiaempauta.com\/portal\/padre-e-afastado-no-piaui-por-conduta-incompativel-3-caso-em-menos-de-um-mes\/\"},\"wordCount\":471,\"commentCount\":0,\"publisher\":{\"@id\":\"https:\/\/noticiaempauta.com\/portal\/#organization\"},\"image\":{\"@id\":\"https:\/\/noticiaempauta.com\/portal\/padre-e-afastado-no-piaui-por-conduta-incompativel-3-caso-em-menos-de-um-mes\/#primaryimage\"},\"thumbnailUrl\":\"https:\/\/noticiaempauta.com\/portal\/wp-content\/uploads\/2025\/08\/69c8b00f51d41456a3fa7fa372fea7b2.jpg\",\"keywords\":[\"destaqueprincipal\"],\"articleSection\":[\"Destaques\",\"Geral\",\"Munic\u00edpios\",\"Todas as Not\u00edcias\"],\"inLanguage\":\"pt-BR\",\"potentialAction\":[{\"@type\":\"CommentAction\",\"name\":\"Comment\",\"target\":[\"https:\/\/noticiaempauta.com\/portal\/padre-e-afastado-no-piaui-por-conduta-incompativel-3-caso-em-menos-de-um-mes\/#respond\"]}]},{\"@type\":\"WebPage\",\"@id\":\"https:\/\/noticiaempauta.com\/portal\/padre-e-afastado-no-piaui-por-conduta-incompativel-3-caso-em-menos-de-um-mes\/\",\"url\":\"https:\/\/noticiaempauta.com\/portal\/padre-e-afastado-no-piaui-por-conduta-incompativel-3-caso-em-menos-de-um-mes\/\",\"name\":\"Padre \u00e9 afastado no Piau\u00ed por 'conduta incompat\u00edvel'; 3\u00b0 caso em menos de um m\u00eas - Portal Not\u00edcia em Pauta\",\"isPartOf\":{\"@id\":\"https:\/\/noticiaempauta.com\/portal\/#website\"},\"primaryImageOfPage\":{\"@id\":\"https:\/\/noticiaempauta.com\/portal\/padre-e-afastado-no-piaui-por-conduta-incompativel-3-caso-em-menos-de-um-mes\/#primaryimage\"},\"image\":{\"@id\":\"https:\/\/noticiaempauta.com\/portal\/padre-e-afastado-no-piaui-por-conduta-incompativel-3-caso-em-menos-de-um-mes\/#primaryimage\"},\"thumbnailUrl\":\"https:\/\/noticiaempauta.com\/portal\/wp-content\/uploads\/2025\/08\/69c8b00f51d41456a3fa7fa372fea7b2.jpg\",\"datePublished\":\"2025-08-27T12:08:41+00:00\",\"dateModified\":\"2025-08-27T12:08:42+00:00\",\"breadcrumb\":{\"@id\":\"https:\/\/noticiaempauta.com\/portal\/padre-e-afastado-no-piaui-por-conduta-incompativel-3-caso-em-menos-de-um-mes\/#breadcrumb\"},\"inLanguage\":\"pt-BR\",\"potentialAction\":[{\"@type\":\"ReadAction\",\"target\":[\"https:\/\/noticiaempauta.com\/portal\/padre-e-afastado-no-piaui-por-conduta-incompativel-3-caso-em-menos-de-um-mes\/\"]}]},{\"@type\":\"ImageObject\",\"inLanguage\":\"pt-BR\",\"@id\":\"https:\/\/noticiaempauta.com\/portal\/padre-e-afastado-no-piaui-por-conduta-incompativel-3-caso-em-menos-de-um-mes\/#primaryimage\",\"url\":\"https:\/\/noticiaempauta.com\/portal\/wp-content\/uploads\/2025\/08\/69c8b00f51d41456a3fa7fa372fea7b2.jpg\",\"contentUrl\":\"https:\/\/noticiaempauta.com\/portal\/wp-content\/uploads\/2025\/08\/69c8b00f51d41456a3fa7fa372fea7b2.jpg\",\"width\":790,\"height\":500},{\"@type\":\"BreadcrumbList\",\"@id\":\"https:\/\/noticiaempauta.com\/portal\/padre-e-afastado-no-piaui-por-conduta-incompativel-3-caso-em-menos-de-um-mes\/#breadcrumb\",\"itemListElement\":[{\"@type\":\"ListItem\",\"position\":1,\"name\":\"P\u00e1gina Inicial\",\"item\":\"https:\/\/noticiaempauta.com\/portal\/\"},{\"@type\":\"ListItem\",\"position\":2,\"name\":\"Destaques\",\"item\":\"https:\/\/noticiaempauta.com\/portal\/destaques-site\/\"},{\"@type\":\"ListItem\",\"position\":3,\"name\":\"Padre \u00e9 afastado no Piau\u00ed por &#8216;conduta incompat\u00edvel&#8217;; 3\u00b0 caso em menos de um m\u00eas\"}]},{\"@type\":\"WebSite\",\"@id\":\"https:\/\/noticiaempauta.com\/portal\/#website\",\"url\":\"https:\/\/noticiaempauta.com\/portal\/\",\"name\":\"Portal Not\u00edcia em Pauta\",\"description\":\"Voc\u00ea bem informado\",\"publisher\":{\"@id\":\"https:\/\/noticiaempauta.com\/portal\/#organization\"},\"potentialAction\":[{\"@type\":\"SearchAction\",\"target\":{\"@type\":\"EntryPoint\",\"urlTemplate\":\"https:\/\/noticiaempauta.com\/portal\/?s={search_term_string}\"},\"query-input\":{\"@type\":\"PropertyValueSpecification\",\"valueRequired\":true,\"valueName\":\"search_term_string\"}}],\"inLanguage\":\"pt-BR\"},{\"@type\":\"Organization\",\"@id\":\"https:\/\/noticiaempauta.com\/portal\/#organization\",\"name\":\"Portal Not\u00edcia em Pauta\",\"url\":\"https:\/\/noticiaempauta.com\/portal\/\",\"logo\":{\"@type\":\"ImageObject\",\"inLanguage\":\"pt-BR\",\"@id\":\"https:\/\/noticiaempauta.com\/portal\/#\/schema\/logo\/image\/\",\"url\":\"https:\/\/noticiaempauta.com\/portal\/wp-content\/uploads\/2022\/08\/logomarca_tema.fw_.png\",\"contentUrl\":\"https:\/\/noticiaempauta.com\/portal\/wp-content\/uploads\/2022\/08\/logomarca_tema.fw_.png\",\"width\":400,\"height\":232,\"caption\":\"Portal Not\u00edcia em Pauta\"},\"image\":{\"@id\":\"https:\/\/noticiaempauta.com\/portal\/#\/schema\/logo\/image\/\"},\"sameAs\":[\"https:\/\/www.facebook.com\/Portal-Notcia-Em-Pauta-102292869264820\/\",\"https:\/\/www.instagram.com\/portalnoticiaempauta\/\"]},{\"@type\":\"Person\",\"@id\":\"https:\/\/noticiaempauta.com\/portal\/#\/schema\/person\/a74af43dd1ab3deca45f988c717d57ac\",\"name\":\"Reda\u00e7\u00e3o\",\"image\":{\"@type\":\"ImageObject\",\"inLanguage\":\"pt-BR\",\"@id\":\"https:\/\/noticiaempauta.com\/portal\/#\/schema\/person\/image\/\",\"url\":\"https:\/\/secure.gravatar.com\/avatar\/03179346ecce6cdfc13361603e8f54242a90e5cde8618fa23c5c00aa2b0aadf3?s=96&d=mm&r=g\",\"contentUrl\":\"https:\/\/secure.gravatar.com\/avatar\/03179346ecce6cdfc13361603e8f54242a90e5cde8618fa23c5c00aa2b0aadf3?s=96&d=mm&r=g\",\"caption\":\"Reda\u00e7\u00e3o\"},\"sameAs\":[\"https:\/\/noticiaempauta.com\/portal\/\"],\"url\":\"https:\/\/noticiaempauta.com\/portal\/author\/fernando\/\"}]}<\/script>\n<!-- \/ Yoast SEO Premium plugin. -->","yoast_head_json":{"title":"Padre \u00e9 afastado no Piau\u00ed por 'conduta incompat\u00edvel'; 3\u00b0 caso em menos de um m\u00eas - Portal Not\u00edcia em Pauta","robots":{"index":"index","follow":"follow","max-snippet":"max-snippet:-1","max-image-preview":"max-image-preview:large","max-video-preview":"max-video-preview:-1"},"canonical":"https:\/\/noticiaempauta.com\/portal\/padre-e-afastado-no-piaui-por-conduta-incompativel-3-caso-em-menos-de-um-mes\/","og_locale":"pt_BR","og_type":"article","og_title":"Padre \u00e9 afastado no Piau\u00ed por 'conduta incompat\u00edvel'; 3\u00b0 caso em menos de um m\u00eas","og_description":"O padre C\u00edcero de Moura Filho foi temporariamente afastado da Par\u00f3quia S\u00e3o Francisco das Chagas, em Rio Grande do Piau\u00ed. Em comunicado (leia na \u00edntegra ao final da mat\u00e9ria), a Diocese de Floriano informou que a medida foi tomada ap\u00f3s \u201cacusa\u00e7\u00f5es formais relacionadas \u00e0 conduta incompat\u00edvel com as exig\u00eancias pr\u00f3prias do estado clerical\u201d. \u201cO afastamento [&hellip;]","og_url":"https:\/\/noticiaempauta.com\/portal\/padre-e-afastado-no-piaui-por-conduta-incompativel-3-caso-em-menos-de-um-mes\/","og_site_name":"Portal Not\u00edcia em Pauta","article_publisher":"https:\/\/www.facebook.com\/Portal-Notcia-Em-Pauta-102292869264820\/","article_published_time":"2025-08-27T12:08:41+00:00","article_modified_time":"2025-08-27T12:08:42+00:00","og_image":[{"width":790,"height":500,"url":"https:\/\/noticiaempauta.com\/portal\/wp-content\/uploads\/2025\/08\/69c8b00f51d41456a3fa7fa372fea7b2.jpg","type":"image\/jpeg"}],"author":"Reda\u00e7\u00e3o","twitter_card":"summary_large_image","twitter_misc":{"Escrito por":"Reda\u00e7\u00e3o","Est. tempo de leitura":"2 minutos"},"schema":{"@context":"https:\/\/schema.org","@graph":[{"@type":"Article","@id":"https:\/\/noticiaempauta.com\/portal\/padre-e-afastado-no-piaui-por-conduta-incompativel-3-caso-em-menos-de-um-mes\/#article","isPartOf":{"@id":"https:\/\/noticiaempauta.com\/portal\/padre-e-afastado-no-piaui-por-conduta-incompativel-3-caso-em-menos-de-um-mes\/"},"author":{"name":"Reda\u00e7\u00e3o","@id":"https:\/\/noticiaempauta.com\/portal\/#\/schema\/person\/a74af43dd1ab3deca45f988c717d57ac"},"headline":"Padre \u00e9 afastado no Piau\u00ed por &#8216;conduta incompat\u00edvel&#8217;; 3\u00b0 caso em menos de um m\u00eas","datePublished":"2025-08-27T12:08:41+00:00","dateModified":"2025-08-27T12:08:42+00:00","mainEntityOfPage":{"@id":"https:\/\/noticiaempauta.com\/portal\/padre-e-afastado-no-piaui-por-conduta-incompativel-3-caso-em-menos-de-um-mes\/"},"wordCount":471,"commentCount":0,"publisher":{"@id":"https:\/\/noticiaempauta.com\/portal\/#organization"},"image":{"@id":"https:\/\/noticiaempauta.com\/portal\/padre-e-afastado-no-piaui-por-conduta-incompativel-3-caso-em-menos-de-um-mes\/#primaryimage"},"thumbnailUrl":"https:\/\/noticiaempauta.com\/portal\/wp-content\/uploads\/2025\/08\/69c8b00f51d41456a3fa7fa372fea7b2.jpg","keywords":["destaqueprincipal"],"articleSection":["Destaques","Geral","Munic\u00edpios","Todas as Not\u00edcias"],"inLanguage":"pt-BR","potentialAction":[{"@type":"CommentAction","name":"Comment","target":["https:\/\/noticiaempauta.com\/portal\/padre-e-afastado-no-piaui-por-conduta-incompativel-3-caso-em-menos-de-um-mes\/#respond"]}]},{"@type":"WebPage","@id":"https:\/\/noticiaempauta.com\/portal\/padre-e-afastado-no-piaui-por-conduta-incompativel-3-caso-em-menos-de-um-mes\/","url":"https:\/\/noticiaempauta.com\/portal\/padre-e-afastado-no-piaui-por-conduta-incompativel-3-caso-em-menos-de-um-mes\/","name":"Padre \u00e9 afastado no Piau\u00ed por 'conduta incompat\u00edvel'; 3\u00b0 caso em menos de um m\u00eas - Portal Not\u00edcia em Pauta","isPartOf":{"@id":"https:\/\/noticiaempauta.com\/portal\/#website"},"primaryImageOfPage":{"@id":"https:\/\/noticiaempauta.com\/portal\/padre-e-afastado-no-piaui-por-conduta-incompativel-3-caso-em-menos-de-um-mes\/#primaryimage"},"image":{"@id":"https:\/\/noticiaempauta.com\/portal\/padre-e-afastado-no-piaui-por-conduta-incompativel-3-caso-em-menos-de-um-mes\/#primaryimage"},"thumbnailUrl":"https:\/\/noticiaempauta.com\/portal\/wp-content\/uploads\/2025\/08\/69c8b00f51d41456a3fa7fa372fea7b2.jpg","datePublished":"2025-08-27T12:08:41+00:00","dateModified":"2025-08-27T12:08:42+00:00","breadcrumb":{"@id":"https:\/\/noticiaempauta.com\/portal\/padre-e-afastado-no-piaui-por-conduta-incompativel-3-caso-em-menos-de-um-mes\/#breadcrumb"},"inLanguage":"pt-BR","potentialAction":[{"@type":"ReadAction","target":["https:\/\/noticiaempauta.com\/portal\/padre-e-afastado-no-piaui-por-conduta-incompativel-3-caso-em-menos-de-um-mes\/"]}]},{"@type":"ImageObject","inLanguage":"pt-BR","@id":"https:\/\/noticiaempauta.com\/portal\/padre-e-afastado-no-piaui-por-conduta-incompativel-3-caso-em-menos-de-um-mes\/#primaryimage","url":"https:\/\/noticiaempauta.com\/portal\/wp-content\/uploads\/2025\/08\/69c8b00f51d41456a3fa7fa372fea7b2.jpg","contentUrl":"https:\/\/noticiaempauta.com\/portal\/wp-content\/uploads\/2025\/08\/69c8b00f51d41456a3fa7fa372fea7b2.jpg","width":790,"height":500},{"@type":"BreadcrumbList","@id":"https:\/\/noticiaempauta.com\/portal\/padre-e-afastado-no-piaui-por-conduta-incompativel-3-caso-em-menos-de-um-mes\/#breadcrumb","itemListElement":[{"@type":"ListItem","position":1,"name":"P\u00e1gina Inicial","item":"https:\/\/noticiaempauta.com\/portal\/"},{"@type":"ListItem","position":2,"name":"Destaques","item":"https:\/\/noticiaempauta.com\/portal\/destaques-site\/"},{"@type":"ListItem","position":3,"name":"Padre \u00e9 afastado no Piau\u00ed por &#8216;conduta incompat\u00edvel&#8217;; 3\u00b0 caso em menos de um m\u00eas"}]},{"@type":"WebSite","@id":"https:\/\/noticiaempauta.com\/portal\/#website","url":"https:\/\/noticiaempauta.com\/portal\/","name":"Portal Not\u00edcia em Pauta","description":"Voc\u00ea bem informado","publisher":{"@id":"https:\/\/noticiaempauta.com\/portal\/#organization"},"potentialAction":[{"@type":"SearchAction","target":{"@type":"EntryPoint","urlTemplate":"https:\/\/noticiaempauta.com\/portal\/?s={search_term_string}"},"query-input":{"@type":"PropertyValueSpecification","valueRequired":true,"valueName":"search_term_string"}}],"inLanguage":"pt-BR"},{"@type":"Organization","@id":"https:\/\/noticiaempauta.com\/portal\/#organization","name":"Portal Not\u00edcia em Pauta","url":"https:\/\/noticiaempauta.com\/portal\/","logo":{"@type":"ImageObject","inLanguage":"pt-BR","@id":"https:\/\/noticiaempauta.com\/portal\/#\/schema\/logo\/image\/","url":"https:\/\/noticiaempauta.com\/portal\/wp-content\/uploads\/2022\/08\/logomarca_tema.fw_.png","contentUrl":"https:\/\/noticiaempauta.com\/portal\/wp-content\/uploads\/2022\/08\/logomarca_tema.fw_.png","width":400,"height":232,"caption":"Portal Not\u00edcia em Pauta"},"image":{"@id":"https:\/\/noticiaempauta.com\/portal\/#\/schema\/logo\/image\/"},"sameAs":["https:\/\/www.facebook.com\/Portal-Notcia-Em-Pauta-102292869264820\/","https:\/\/www.instagram.com\/portalnoticiaempauta\/"]},{"@type":"Person","@id":"https:\/\/noticiaempauta.com\/portal\/#\/schema\/person\/a74af43dd1ab3deca45f988c717d57ac","name":"Reda\u00e7\u00e3o","image":{"@type":"ImageObject","inLanguage":"pt-BR","@id":"https:\/\/noticiaempauta.com\/portal\/#\/schema\/person\/image\/","url":"https:\/\/secure.gravatar.com\/avatar\/03179346ecce6cdfc13361603e8f54242a90e5cde8618fa23c5c00aa2b0aadf3?s=96&d=mm&r=g","contentUrl":"https:\/\/secure.gravatar.com\/avatar\/03179346ecce6cdfc13361603e8f54242a90e5cde8618fa23c5c00aa2b0aadf3?s=96&d=mm&r=g","caption":"Reda\u00e7\u00e3o"},"sameAs":["https:\/\/noticiaempauta.com\/portal\/"],"url":"https:\/\/noticiaempauta.com\/portal\/author\/fernando\/"}]}},"_links":{"self":[{"href":"https:\/\/noticiaempauta.com\/portal\/wp-json\/wp\/v2\/posts\/277225","targetHints":{"allow":["GET"]}}],"collection":[{"href":"https:\/\/noticiaempauta.com\/portal\/wp-json\/wp\/v2\/posts"}],"about":[{"href":"https:\/\/noticiaempauta.com\/portal\/wp-json\/wp\/v2\/types\/post"}],"author":[{"embeddable":true,"href":"https:\/\/noticiaempauta.com\/portal\/wp-json\/wp\/v2\/users\/2"}],"replies":[{"embeddable":true,"href":"https:\/\/noticiaempauta.com\/portal\/wp-json\/wp\/v2\/comments?post=277225"}],"version-history":[{"count":2,"href":"https:\/\/noticiaempauta.com\/portal\/wp-json\/wp\/v2\/posts\/277225\/revisions"}],"predecessor-version":[{"id":277228,"href":"https:\/\/noticiaempauta.com\/portal\/wp-json\/wp\/v2\/posts\/277225\/revisions\/277228"}],"wp:featuredmedia":[{"embeddable":true,"href":"https:\/\/noticiaempauta.com\/portal\/wp-json\/wp\/v2\/media\/277226"}],"wp:attachment":[{"href":"https:\/\/noticiaempauta.com\/portal\/wp-json\/wp\/v2\/media?parent=277225"}],"wp:term":[{"taxonomy":"category","embeddable":true,"href":"https:\/\/noticiaempauta.com\/portal\/wp-json\/wp\/v2\/categories?post=277225"},{"taxonomy":"post_tag","embeddable":true,"href":"https:\/\/noticiaempauta.com\/portal\/wp-json\/wp\/v2\/tags?post=277225"}],"curies":[{"name":"wp","href":"https:\/\/api.w.org\/{rel}","templated":true}]}}