{"id":277234,"date":"2025-08-27T09:27:47","date_gmt":"2025-08-27T12:27:47","guid":{"rendered":"https:\/\/noticiaempauta.com\/portal\/?p=277234"},"modified":"2025-08-27T09:27:48","modified_gmt":"2025-08-27T12:27:48","slug":"piaui-volta-a-registrar-seca-extrema-apos-sete-anos-222-do-territorio-esta-sob-impacto-severo","status":"publish","type":"post","link":"https:\/\/noticiaempauta.com\/portal\/piaui-volta-a-registrar-seca-extrema-apos-sete-anos-222-do-territorio-esta-sob-impacto-severo\/","title":{"rendered":"Piau\u00ed volta a registrar seca extrema ap\u00f3s sete anos; 22,2% do territ\u00f3rio est\u00e1 sob impacto severo"},"content":{"rendered":"\n<p>Ap\u00f3s sete anos, o Piau\u00ed voltou a registrar \u00e1reas em situa\u00e7\u00e3o de seca extrema. De acordo com dados do Monitor de Secas referentes a julho de 2025, um percentual de 22,2% do territ\u00f3rio apresenta esse n\u00edvel cr\u00edtico de estiagem, concentrado principalmente no sudeste do estado. A \u00faltima ocorr\u00eancia desse fen\u00f4meno havia sido registrada em julho de 2018.<\/p>\n\n\n\n<p>O levantamento aponta ainda que 62% do territ\u00f3rio enfrenta seca grave, enquanto 14,5% sofre com seca moderada e 1,3% apresenta seca fraca. O agravamento \u00e9 resultado da persist\u00eancia de chuvas abaixo da normalidade, afetando as regi\u00f5es centro-norte, sudeste e sudoeste do Piau\u00ed.<\/p>\n\n\n\n<figure class=\"wp-block-image size-full\"><img fetchpriority=\"high\" decoding=\"async\" width=\"342\" height=\"458\" src=\"https:\/\/noticiaempauta.com\/portal\/wp-content\/uploads\/2025\/08\/WhatsApp-Image-2025-08-27-at-07.49.29.jpeg\" alt=\"\" class=\"wp-image-277235\" srcset=\"https:\/\/noticiaempauta.com\/portal\/wp-content\/uploads\/2025\/08\/WhatsApp-Image-2025-08-27-at-07.49.29.jpeg 342w, https:\/\/noticiaempauta.com\/portal\/wp-content\/uploads\/2025\/08\/WhatsApp-Image-2025-08-27-at-07.49.29-224x300.jpeg 224w\" sizes=\"(max-width: 342px) 100vw, 342px\" \/><\/figure>\n\n\n\n<p>A coordenadora da Sala de Monitoramento e Previs\u00e3o de Eventos Clim\u00e1ticos Extremos (Sampece) da Secretaria do Meio Ambiente e Recursos H\u00eddricos do Piau\u00ed (Semarh), Sara Cardoso, explica que o avan\u00e7o da seca extrema \u00e9 um alerta importante. \u201cEstamos observando uma combina\u00e7\u00e3o de chuvas escassas e temperaturas elevadas, que favorecem a perda de umidade do solo e comprometem atividades agr\u00edcolas, abastecimento de \u00e1gua e ecossistemas. Essa \u00e9 uma situa\u00e7\u00e3o que exige aten\u00e7\u00e3o redobrada e planejamento urgente para os pr\u00f3ximos meses\u201d, destacou a climatologista.<\/p>\n\n\n\n<figure class=\"wp-block-image size-large\"><img decoding=\"async\" width=\"1024\" height=\"768\" src=\"https:\/\/noticiaempauta.com\/portal\/wp-content\/uploads\/2025\/08\/WhatsApp-Image-2025-05-20-at-13.14.15-1-1024x768.jpeg\" alt=\"\" class=\"wp-image-277236\" srcset=\"https:\/\/noticiaempauta.com\/portal\/wp-content\/uploads\/2025\/08\/WhatsApp-Image-2025-05-20-at-13.14.15-1-1024x768.jpeg 1024w, https:\/\/noticiaempauta.com\/portal\/wp-content\/uploads\/2025\/08\/WhatsApp-Image-2025-05-20-at-13.14.15-1-300x225.jpeg 300w, https:\/\/noticiaempauta.com\/portal\/wp-content\/uploads\/2025\/08\/WhatsApp-Image-2025-05-20-at-13.14.15-1-768x576.jpeg 768w, https:\/\/noticiaempauta.com\/portal\/wp-content\/uploads\/2025\/08\/WhatsApp-Image-2025-05-20-at-13.14.15-1-1536x1152.jpeg 1536w, https:\/\/noticiaempauta.com\/portal\/wp-content\/uploads\/2025\/08\/WhatsApp-Image-2025-05-20-at-13.14.15-1.jpeg 1600w\" sizes=\"(max-width: 1024px) 100vw, 1024px\" \/><\/figure>\n\n\n\n<p>Diante do cen\u00e1rio, o secret\u00e1rio de Meio Ambiente e Recursos H\u00eddricos, Feliphe Ara\u00fajo, refor\u00e7ou as a\u00e7\u00f5es que o Estado vem implementando para reduzir os impactos da estiagem. \u201cTemos investido na perfura\u00e7\u00e3o de po\u00e7os, constru\u00e7\u00e3o de sistemas simplificados de abastecimento, programas de recupera\u00e7\u00e3o de nascentes e apoio direto \u00e0s comunidades mais afetadas. Nosso objetivo \u00e9 garantir \u00e1gua para consumo humano, produ\u00e7\u00e3o agr\u00edcola e preserva\u00e7\u00e3o ambiental, mesmo em per\u00edodos cr\u00edticos como este\u201d, afirmou o gestor.<\/p>\n\n\n\n<p>Especialistas alertam que os impactos s\u00e3o de curto e longo prazo (CL), exigindo medidas permanentes para adapta\u00e7\u00e3o \u00e0s mudan\u00e7as clim\u00e1ticas e redu\u00e7\u00e3o da vulnerabilidade h\u00eddrica no Piau\u00ed.<\/p>\n\n\n\n<p>CCOM-PI<\/p>\n","protected":false},"excerpt":{"rendered":"<p>Ap\u00f3s sete anos, o Piau\u00ed voltou a registrar \u00e1reas em situa\u00e7\u00e3o de seca extrema. De acordo com dados do Monitor de Secas referentes a julho de 2025, um percentual de 22,2% do territ\u00f3rio apresenta esse n\u00edvel cr\u00edtico de estiagem, concentrado principalmente no sudeste do estado. A \u00faltima ocorr\u00eancia desse fen\u00f4meno havia sido registrada em julho [&hellip;]<\/p>\n","protected":false},"author":2,"featured_media":277236,"comment_status":"open","ping_status":"open","sticky":false,"template":"","format":"standard","meta":{"_mi_skip_tracking":false,"footnotes":""},"categories":[25,1,9,16],"tags":[],"class_list":["post-277234","post","type-post","status-publish","format-standard","has-post-thumbnail","hentry","category-destaques-site","category-geral","category-municipios","category-todas"],"acf":[],"yoast_head":"<!-- This site is optimized with the Yoast SEO Premium plugin v19.2 (Yoast SEO v26.9) - https:\/\/yoast.com\/product\/yoast-seo-premium-wordpress\/ -->\n<title>Piau\u00ed volta a registrar seca extrema ap\u00f3s sete anos; 22,2% do territ\u00f3rio est\u00e1 sob impacto severo - Portal Not\u00edcia em Pauta<\/title>\n<meta name=\"robots\" content=\"index, follow, max-snippet:-1, max-image-preview:large, max-video-preview:-1\" \/>\n<link rel=\"canonical\" href=\"https:\/\/noticiaempauta.com\/portal\/piaui-volta-a-registrar-seca-extrema-apos-sete-anos-222-do-territorio-esta-sob-impacto-severo\/\" \/>\n<meta property=\"og:locale\" content=\"pt_BR\" \/>\n<meta property=\"og:type\" content=\"article\" \/>\n<meta property=\"og:title\" content=\"Piau\u00ed volta a registrar seca extrema ap\u00f3s sete anos; 22,2% do territ\u00f3rio est\u00e1 sob impacto severo\" \/>\n<meta property=\"og:description\" content=\"Ap\u00f3s sete anos, o Piau\u00ed voltou a registrar \u00e1reas em situa\u00e7\u00e3o de seca extrema. De acordo com dados do Monitor de Secas referentes a julho de 2025, um percentual de 22,2% do territ\u00f3rio apresenta esse n\u00edvel cr\u00edtico de estiagem, concentrado principalmente no sudeste do estado. A \u00faltima ocorr\u00eancia desse fen\u00f4meno havia sido registrada em julho [&hellip;]\" \/>\n<meta property=\"og:url\" content=\"https:\/\/noticiaempauta.com\/portal\/piaui-volta-a-registrar-seca-extrema-apos-sete-anos-222-do-territorio-esta-sob-impacto-severo\/\" \/>\n<meta property=\"og:site_name\" content=\"Portal Not\u00edcia em Pauta\" \/>\n<meta property=\"article:publisher\" content=\"https:\/\/www.facebook.com\/Portal-Notcia-Em-Pauta-102292869264820\/\" \/>\n<meta property=\"article:published_time\" content=\"2025-08-27T12:27:47+00:00\" \/>\n<meta property=\"article:modified_time\" content=\"2025-08-27T12:27:48+00:00\" \/>\n<meta property=\"og:image\" content=\"https:\/\/noticiaempauta.com\/portal\/wp-content\/uploads\/2025\/08\/WhatsApp-Image-2025-05-20-at-13.14.15-1.jpeg\" \/>\n\t<meta property=\"og:image:width\" content=\"1600\" \/>\n\t<meta property=\"og:image:height\" content=\"1200\" \/>\n\t<meta property=\"og:image:type\" content=\"image\/jpeg\" \/>\n<meta name=\"author\" content=\"Reda\u00e7\u00e3o\" \/>\n<meta name=\"twitter:card\" content=\"summary_large_image\" \/>\n<meta name=\"twitter:label1\" content=\"Escrito por\" \/>\n\t<meta name=\"twitter:data1\" content=\"Reda\u00e7\u00e3o\" \/>\n\t<meta name=\"twitter:label2\" content=\"Est. tempo de leitura\" \/>\n\t<meta name=\"twitter:data2\" content=\"3 minutos\" \/>\n<script type=\"application\/ld+json\" class=\"yoast-schema-graph\">{\"@context\":\"https:\/\/schema.org\",\"@graph\":[{\"@type\":\"Article\",\"@id\":\"https:\/\/noticiaempauta.com\/portal\/piaui-volta-a-registrar-seca-extrema-apos-sete-anos-222-do-territorio-esta-sob-impacto-severo\/#article\",\"isPartOf\":{\"@id\":\"https:\/\/noticiaempauta.com\/portal\/piaui-volta-a-registrar-seca-extrema-apos-sete-anos-222-do-territorio-esta-sob-impacto-severo\/\"},\"author\":{\"name\":\"Reda\u00e7\u00e3o\",\"@id\":\"https:\/\/noticiaempauta.com\/portal\/#\/schema\/person\/a74af43dd1ab3deca45f988c717d57ac\"},\"headline\":\"Piau\u00ed volta a registrar seca extrema ap\u00f3s sete anos; 22,2% do territ\u00f3rio est\u00e1 sob impacto severo\",\"datePublished\":\"2025-08-27T12:27:47+00:00\",\"dateModified\":\"2025-08-27T12:27:48+00:00\",\"mainEntityOfPage\":{\"@id\":\"https:\/\/noticiaempauta.com\/portal\/piaui-volta-a-registrar-seca-extrema-apos-sete-anos-222-do-territorio-esta-sob-impacto-severo\/\"},\"wordCount\":329,\"commentCount\":0,\"publisher\":{\"@id\":\"https:\/\/noticiaempauta.com\/portal\/#organization\"},\"image\":{\"@id\":\"https:\/\/noticiaempauta.com\/portal\/piaui-volta-a-registrar-seca-extrema-apos-sete-anos-222-do-territorio-esta-sob-impacto-severo\/#primaryimage\"},\"thumbnailUrl\":\"https:\/\/noticiaempauta.com\/portal\/wp-content\/uploads\/2025\/08\/WhatsApp-Image-2025-05-20-at-13.14.15-1.jpeg\",\"articleSection\":[\"Destaques\",\"Geral\",\"Munic\u00edpios\",\"Todas as Not\u00edcias\"],\"inLanguage\":\"pt-BR\",\"potentialAction\":[{\"@type\":\"CommentAction\",\"name\":\"Comment\",\"target\":[\"https:\/\/noticiaempauta.com\/portal\/piaui-volta-a-registrar-seca-extrema-apos-sete-anos-222-do-territorio-esta-sob-impacto-severo\/#respond\"]}]},{\"@type\":\"WebPage\",\"@id\":\"https:\/\/noticiaempauta.com\/portal\/piaui-volta-a-registrar-seca-extrema-apos-sete-anos-222-do-territorio-esta-sob-impacto-severo\/\",\"url\":\"https:\/\/noticiaempauta.com\/portal\/piaui-volta-a-registrar-seca-extrema-apos-sete-anos-222-do-territorio-esta-sob-impacto-severo\/\",\"name\":\"Piau\u00ed volta a registrar seca extrema ap\u00f3s sete anos; 22,2% do territ\u00f3rio est\u00e1 sob impacto severo - Portal Not\u00edcia em Pauta\",\"isPartOf\":{\"@id\":\"https:\/\/noticiaempauta.com\/portal\/#website\"},\"primaryImageOfPage\":{\"@id\":\"https:\/\/noticiaempauta.com\/portal\/piaui-volta-a-registrar-seca-extrema-apos-sete-anos-222-do-territorio-esta-sob-impacto-severo\/#primaryimage\"},\"image\":{\"@id\":\"https:\/\/noticiaempauta.com\/portal\/piaui-volta-a-registrar-seca-extrema-apos-sete-anos-222-do-territorio-esta-sob-impacto-severo\/#primaryimage\"},\"thumbnailUrl\":\"https:\/\/noticiaempauta.com\/portal\/wp-content\/uploads\/2025\/08\/WhatsApp-Image-2025-05-20-at-13.14.15-1.jpeg\",\"datePublished\":\"2025-08-27T12:27:47+00:00\",\"dateModified\":\"2025-08-27T12:27:48+00:00\",\"breadcrumb\":{\"@id\":\"https:\/\/noticiaempauta.com\/portal\/piaui-volta-a-registrar-seca-extrema-apos-sete-anos-222-do-territorio-esta-sob-impacto-severo\/#breadcrumb\"},\"inLanguage\":\"pt-BR\",\"potentialAction\":[{\"@type\":\"ReadAction\",\"target\":[\"https:\/\/noticiaempauta.com\/portal\/piaui-volta-a-registrar-seca-extrema-apos-sete-anos-222-do-territorio-esta-sob-impacto-severo\/\"]}]},{\"@type\":\"ImageObject\",\"inLanguage\":\"pt-BR\",\"@id\":\"https:\/\/noticiaempauta.com\/portal\/piaui-volta-a-registrar-seca-extrema-apos-sete-anos-222-do-territorio-esta-sob-impacto-severo\/#primaryimage\",\"url\":\"https:\/\/noticiaempauta.com\/portal\/wp-content\/uploads\/2025\/08\/WhatsApp-Image-2025-05-20-at-13.14.15-1.jpeg\",\"contentUrl\":\"https:\/\/noticiaempauta.com\/portal\/wp-content\/uploads\/2025\/08\/WhatsApp-Image-2025-05-20-at-13.14.15-1.jpeg\",\"width\":1600,\"height\":1200},{\"@type\":\"BreadcrumbList\",\"@id\":\"https:\/\/noticiaempauta.com\/portal\/piaui-volta-a-registrar-seca-extrema-apos-sete-anos-222-do-territorio-esta-sob-impacto-severo\/#breadcrumb\",\"itemListElement\":[{\"@type\":\"ListItem\",\"position\":1,\"name\":\"P\u00e1gina Inicial\",\"item\":\"https:\/\/noticiaempauta.com\/portal\/\"},{\"@type\":\"ListItem\",\"position\":2,\"name\":\"Destaques\",\"item\":\"https:\/\/noticiaempauta.com\/portal\/destaques-site\/\"},{\"@type\":\"ListItem\",\"position\":3,\"name\":\"Piau\u00ed volta a registrar seca extrema ap\u00f3s sete anos; 22,2% do territ\u00f3rio est\u00e1 sob impacto severo\"}]},{\"@type\":\"WebSite\",\"@id\":\"https:\/\/noticiaempauta.com\/portal\/#website\",\"url\":\"https:\/\/noticiaempauta.com\/portal\/\",\"name\":\"Portal Not\u00edcia em Pauta\",\"description\":\"Voc\u00ea bem informado\",\"publisher\":{\"@id\":\"https:\/\/noticiaempauta.com\/portal\/#organization\"},\"potentialAction\":[{\"@type\":\"SearchAction\",\"target\":{\"@type\":\"EntryPoint\",\"urlTemplate\":\"https:\/\/noticiaempauta.com\/portal\/?s={search_term_string}\"},\"query-input\":{\"@type\":\"PropertyValueSpecification\",\"valueRequired\":true,\"valueName\":\"search_term_string\"}}],\"inLanguage\":\"pt-BR\"},{\"@type\":\"Organization\",\"@id\":\"https:\/\/noticiaempauta.com\/portal\/#organization\",\"name\":\"Portal Not\u00edcia em Pauta\",\"url\":\"https:\/\/noticiaempauta.com\/portal\/\",\"logo\":{\"@type\":\"ImageObject\",\"inLanguage\":\"pt-BR\",\"@id\":\"https:\/\/noticiaempauta.com\/portal\/#\/schema\/logo\/image\/\",\"url\":\"https:\/\/noticiaempauta.com\/portal\/wp-content\/uploads\/2022\/08\/logomarca_tema.fw_.png\",\"contentUrl\":\"https:\/\/noticiaempauta.com\/portal\/wp-content\/uploads\/2022\/08\/logomarca_tema.fw_.png\",\"width\":400,\"height\":232,\"caption\":\"Portal Not\u00edcia em Pauta\"},\"image\":{\"@id\":\"https:\/\/noticiaempauta.com\/portal\/#\/schema\/logo\/image\/\"},\"sameAs\":[\"https:\/\/www.facebook.com\/Portal-Notcia-Em-Pauta-102292869264820\/\",\"https:\/\/www.instagram.com\/portalnoticiaempauta\/\"]},{\"@type\":\"Person\",\"@id\":\"https:\/\/noticiaempauta.com\/portal\/#\/schema\/person\/a74af43dd1ab3deca45f988c717d57ac\",\"name\":\"Reda\u00e7\u00e3o\",\"image\":{\"@type\":\"ImageObject\",\"inLanguage\":\"pt-BR\",\"@id\":\"https:\/\/noticiaempauta.com\/portal\/#\/schema\/person\/image\/\",\"url\":\"https:\/\/secure.gravatar.com\/avatar\/03179346ecce6cdfc13361603e8f54242a90e5cde8618fa23c5c00aa2b0aadf3?s=96&d=mm&r=g\",\"contentUrl\":\"https:\/\/secure.gravatar.com\/avatar\/03179346ecce6cdfc13361603e8f54242a90e5cde8618fa23c5c00aa2b0aadf3?s=96&d=mm&r=g\",\"caption\":\"Reda\u00e7\u00e3o\"},\"sameAs\":[\"https:\/\/noticiaempauta.com\/portal\/\"],\"url\":\"https:\/\/noticiaempauta.com\/portal\/author\/fernando\/\"}]}<\/script>\n<!-- \/ Yoast SEO Premium plugin. -->","yoast_head_json":{"title":"Piau\u00ed volta a registrar seca extrema ap\u00f3s sete anos; 22,2% do territ\u00f3rio est\u00e1 sob impacto severo - Portal Not\u00edcia em Pauta","robots":{"index":"index","follow":"follow","max-snippet":"max-snippet:-1","max-image-preview":"max-image-preview:large","max-video-preview":"max-video-preview:-1"},"canonical":"https:\/\/noticiaempauta.com\/portal\/piaui-volta-a-registrar-seca-extrema-apos-sete-anos-222-do-territorio-esta-sob-impacto-severo\/","og_locale":"pt_BR","og_type":"article","og_title":"Piau\u00ed volta a registrar seca extrema ap\u00f3s sete anos; 22,2% do territ\u00f3rio est\u00e1 sob impacto severo","og_description":"Ap\u00f3s sete anos, o Piau\u00ed voltou a registrar \u00e1reas em situa\u00e7\u00e3o de seca extrema. De acordo com dados do Monitor de Secas referentes a julho de 2025, um percentual de 22,2% do territ\u00f3rio apresenta esse n\u00edvel cr\u00edtico de estiagem, concentrado principalmente no sudeste do estado. A \u00faltima ocorr\u00eancia desse fen\u00f4meno havia sido registrada em julho [&hellip;]","og_url":"https:\/\/noticiaempauta.com\/portal\/piaui-volta-a-registrar-seca-extrema-apos-sete-anos-222-do-territorio-esta-sob-impacto-severo\/","og_site_name":"Portal Not\u00edcia em Pauta","article_publisher":"https:\/\/www.facebook.com\/Portal-Notcia-Em-Pauta-102292869264820\/","article_published_time":"2025-08-27T12:27:47+00:00","article_modified_time":"2025-08-27T12:27:48+00:00","og_image":[{"width":1600,"height":1200,"url":"https:\/\/noticiaempauta.com\/portal\/wp-content\/uploads\/2025\/08\/WhatsApp-Image-2025-05-20-at-13.14.15-1.jpeg","type":"image\/jpeg"}],"author":"Reda\u00e7\u00e3o","twitter_card":"summary_large_image","twitter_misc":{"Escrito por":"Reda\u00e7\u00e3o","Est. tempo de leitura":"3 minutos"},"schema":{"@context":"https:\/\/schema.org","@graph":[{"@type":"Article","@id":"https:\/\/noticiaempauta.com\/portal\/piaui-volta-a-registrar-seca-extrema-apos-sete-anos-222-do-territorio-esta-sob-impacto-severo\/#article","isPartOf":{"@id":"https:\/\/noticiaempauta.com\/portal\/piaui-volta-a-registrar-seca-extrema-apos-sete-anos-222-do-territorio-esta-sob-impacto-severo\/"},"author":{"name":"Reda\u00e7\u00e3o","@id":"https:\/\/noticiaempauta.com\/portal\/#\/schema\/person\/a74af43dd1ab3deca45f988c717d57ac"},"headline":"Piau\u00ed volta a registrar seca extrema ap\u00f3s sete anos; 22,2% do territ\u00f3rio est\u00e1 sob impacto severo","datePublished":"2025-08-27T12:27:47+00:00","dateModified":"2025-08-27T12:27:48+00:00","mainEntityOfPage":{"@id":"https:\/\/noticiaempauta.com\/portal\/piaui-volta-a-registrar-seca-extrema-apos-sete-anos-222-do-territorio-esta-sob-impacto-severo\/"},"wordCount":329,"commentCount":0,"publisher":{"@id":"https:\/\/noticiaempauta.com\/portal\/#organization"},"image":{"@id":"https:\/\/noticiaempauta.com\/portal\/piaui-volta-a-registrar-seca-extrema-apos-sete-anos-222-do-territorio-esta-sob-impacto-severo\/#primaryimage"},"thumbnailUrl":"https:\/\/noticiaempauta.com\/portal\/wp-content\/uploads\/2025\/08\/WhatsApp-Image-2025-05-20-at-13.14.15-1.jpeg","articleSection":["Destaques","Geral","Munic\u00edpios","Todas as Not\u00edcias"],"inLanguage":"pt-BR","potentialAction":[{"@type":"CommentAction","name":"Comment","target":["https:\/\/noticiaempauta.com\/portal\/piaui-volta-a-registrar-seca-extrema-apos-sete-anos-222-do-territorio-esta-sob-impacto-severo\/#respond"]}]},{"@type":"WebPage","@id":"https:\/\/noticiaempauta.com\/portal\/piaui-volta-a-registrar-seca-extrema-apos-sete-anos-222-do-territorio-esta-sob-impacto-severo\/","url":"https:\/\/noticiaempauta.com\/portal\/piaui-volta-a-registrar-seca-extrema-apos-sete-anos-222-do-territorio-esta-sob-impacto-severo\/","name":"Piau\u00ed volta a registrar seca extrema ap\u00f3s sete anos; 22,2% do territ\u00f3rio est\u00e1 sob impacto severo - Portal Not\u00edcia em Pauta","isPartOf":{"@id":"https:\/\/noticiaempauta.com\/portal\/#website"},"primaryImageOfPage":{"@id":"https:\/\/noticiaempauta.com\/portal\/piaui-volta-a-registrar-seca-extrema-apos-sete-anos-222-do-territorio-esta-sob-impacto-severo\/#primaryimage"},"image":{"@id":"https:\/\/noticiaempauta.com\/portal\/piaui-volta-a-registrar-seca-extrema-apos-sete-anos-222-do-territorio-esta-sob-impacto-severo\/#primaryimage"},"thumbnailUrl":"https:\/\/noticiaempauta.com\/portal\/wp-content\/uploads\/2025\/08\/WhatsApp-Image-2025-05-20-at-13.14.15-1.jpeg","datePublished":"2025-08-27T12:27:47+00:00","dateModified":"2025-08-27T12:27:48+00:00","breadcrumb":{"@id":"https:\/\/noticiaempauta.com\/portal\/piaui-volta-a-registrar-seca-extrema-apos-sete-anos-222-do-territorio-esta-sob-impacto-severo\/#breadcrumb"},"inLanguage":"pt-BR","potentialAction":[{"@type":"ReadAction","target":["https:\/\/noticiaempauta.com\/portal\/piaui-volta-a-registrar-seca-extrema-apos-sete-anos-222-do-territorio-esta-sob-impacto-severo\/"]}]},{"@type":"ImageObject","inLanguage":"pt-BR","@id":"https:\/\/noticiaempauta.com\/portal\/piaui-volta-a-registrar-seca-extrema-apos-sete-anos-222-do-territorio-esta-sob-impacto-severo\/#primaryimage","url":"https:\/\/noticiaempauta.com\/portal\/wp-content\/uploads\/2025\/08\/WhatsApp-Image-2025-05-20-at-13.14.15-1.jpeg","contentUrl":"https:\/\/noticiaempauta.com\/portal\/wp-content\/uploads\/2025\/08\/WhatsApp-Image-2025-05-20-at-13.14.15-1.jpeg","width":1600,"height":1200},{"@type":"BreadcrumbList","@id":"https:\/\/noticiaempauta.com\/portal\/piaui-volta-a-registrar-seca-extrema-apos-sete-anos-222-do-territorio-esta-sob-impacto-severo\/#breadcrumb","itemListElement":[{"@type":"ListItem","position":1,"name":"P\u00e1gina Inicial","item":"https:\/\/noticiaempauta.com\/portal\/"},{"@type":"ListItem","position":2,"name":"Destaques","item":"https:\/\/noticiaempauta.com\/portal\/destaques-site\/"},{"@type":"ListItem","position":3,"name":"Piau\u00ed volta a registrar seca extrema ap\u00f3s sete anos; 22,2% do territ\u00f3rio est\u00e1 sob impacto severo"}]},{"@type":"WebSite","@id":"https:\/\/noticiaempauta.com\/portal\/#website","url":"https:\/\/noticiaempauta.com\/portal\/","name":"Portal Not\u00edcia em Pauta","description":"Voc\u00ea bem informado","publisher":{"@id":"https:\/\/noticiaempauta.com\/portal\/#organization"},"potentialAction":[{"@type":"SearchAction","target":{"@type":"EntryPoint","urlTemplate":"https:\/\/noticiaempauta.com\/portal\/?s={search_term_string}"},"query-input":{"@type":"PropertyValueSpecification","valueRequired":true,"valueName":"search_term_string"}}],"inLanguage":"pt-BR"},{"@type":"Organization","@id":"https:\/\/noticiaempauta.com\/portal\/#organization","name":"Portal Not\u00edcia em Pauta","url":"https:\/\/noticiaempauta.com\/portal\/","logo":{"@type":"ImageObject","inLanguage":"pt-BR","@id":"https:\/\/noticiaempauta.com\/portal\/#\/schema\/logo\/image\/","url":"https:\/\/noticiaempauta.com\/portal\/wp-content\/uploads\/2022\/08\/logomarca_tema.fw_.png","contentUrl":"https:\/\/noticiaempauta.com\/portal\/wp-content\/uploads\/2022\/08\/logomarca_tema.fw_.png","width":400,"height":232,"caption":"Portal Not\u00edcia em Pauta"},"image":{"@id":"https:\/\/noticiaempauta.com\/portal\/#\/schema\/logo\/image\/"},"sameAs":["https:\/\/www.facebook.com\/Portal-Notcia-Em-Pauta-102292869264820\/","https:\/\/www.instagram.com\/portalnoticiaempauta\/"]},{"@type":"Person","@id":"https:\/\/noticiaempauta.com\/portal\/#\/schema\/person\/a74af43dd1ab3deca45f988c717d57ac","name":"Reda\u00e7\u00e3o","image":{"@type":"ImageObject","inLanguage":"pt-BR","@id":"https:\/\/noticiaempauta.com\/portal\/#\/schema\/person\/image\/","url":"https:\/\/secure.gravatar.com\/avatar\/03179346ecce6cdfc13361603e8f54242a90e5cde8618fa23c5c00aa2b0aadf3?s=96&d=mm&r=g","contentUrl":"https:\/\/secure.gravatar.com\/avatar\/03179346ecce6cdfc13361603e8f54242a90e5cde8618fa23c5c00aa2b0aadf3?s=96&d=mm&r=g","caption":"Reda\u00e7\u00e3o"},"sameAs":["https:\/\/noticiaempauta.com\/portal\/"],"url":"https:\/\/noticiaempauta.com\/portal\/author\/fernando\/"}]}},"_links":{"self":[{"href":"https:\/\/noticiaempauta.com\/portal\/wp-json\/wp\/v2\/posts\/277234","targetHints":{"allow":["GET"]}}],"collection":[{"href":"https:\/\/noticiaempauta.com\/portal\/wp-json\/wp\/v2\/posts"}],"about":[{"href":"https:\/\/noticiaempauta.com\/portal\/wp-json\/wp\/v2\/types\/post"}],"author":[{"embeddable":true,"href":"https:\/\/noticiaempauta.com\/portal\/wp-json\/wp\/v2\/users\/2"}],"replies":[{"embeddable":true,"href":"https:\/\/noticiaempauta.com\/portal\/wp-json\/wp\/v2\/comments?post=277234"}],"version-history":[{"count":2,"href":"https:\/\/noticiaempauta.com\/portal\/wp-json\/wp\/v2\/posts\/277234\/revisions"}],"predecessor-version":[{"id":277238,"href":"https:\/\/noticiaempauta.com\/portal\/wp-json\/wp\/v2\/posts\/277234\/revisions\/277238"}],"wp:featuredmedia":[{"embeddable":true,"href":"https:\/\/noticiaempauta.com\/portal\/wp-json\/wp\/v2\/media\/277236"}],"wp:attachment":[{"href":"https:\/\/noticiaempauta.com\/portal\/wp-json\/wp\/v2\/media?parent=277234"}],"wp:term":[{"taxonomy":"category","embeddable":true,"href":"https:\/\/noticiaempauta.com\/portal\/wp-json\/wp\/v2\/categories?post=277234"},{"taxonomy":"post_tag","embeddable":true,"href":"https:\/\/noticiaempauta.com\/portal\/wp-json\/wp\/v2\/tags?post=277234"}],"curies":[{"name":"wp","href":"https:\/\/api.w.org\/{rel}","templated":true}]}}