{"id":277262,"date":"2025-08-27T13:54:52","date_gmt":"2025-08-27T16:54:52","guid":{"rendered":"https:\/\/noticiaempauta.com\/portal\/?p=277262"},"modified":"2025-08-27T13:54:53","modified_gmt":"2025-08-27T16:54:53","slug":"suspeito-de-matar-vereador-e-ex-comandante-da-gcm-e-preso-no-bairro-parque-piaui","status":"publish","type":"post","link":"https:\/\/noticiaempauta.com\/portal\/suspeito-de-matar-vereador-e-ex-comandante-da-gcm-e-preso-no-bairro-parque-piaui\/","title":{"rendered":"Suspeito de matar vereador e ex-comandante da GCM \u00e9 preso no bairro Parque Piau\u00ed"},"content":{"rendered":"\n<p>Francisco Fernando Castro, de 38 anos, foi preso horas ap\u00f3s assassinar\u00a0o vereador Thiciano Ribeiro, e\u00a0Pen\u00e9lope de Brito, ex-chefe da guarda civil de Parna\u00edba.\u00a0A pris\u00e3o ocorreu no Parque Piau\u00ed, zona Sul de Teresina. Na imagem divulgada da pris\u00e3o do suspeito, ele j\u00e1 havia trocado a cal\u00e7a por uma bermuda. Duas armas de fogo foram apreendidas com ele.<\/p>\n\n\n\n<p>O suspeito foi preso em uma casa da fam\u00edlia dele no Parque Piau\u00ed. Com ele foi encontrada uma carabina, dinheiro, mais de 12 muni\u00e7\u00f5es, duas pistolas, dois carregadores, tr\u00eas celulares, carteira, rel\u00f3gio, notebook e chave do carro. Ele chegou \u00e0 sede do DHPP por volta das 13h20.<\/p>\n\n\n\n<figure class=\"wp-block-image size-large\"><img fetchpriority=\"high\" decoding=\"async\" width=\"1024\" height=\"682\" src=\"https:\/\/noticiaempauta.com\/portal\/wp-content\/uploads\/2025\/08\/IMG_9343-1024x682.jpeg\" alt=\"\" class=\"wp-image-277263\" srcset=\"https:\/\/noticiaempauta.com\/portal\/wp-content\/uploads\/2025\/08\/IMG_9343-1024x682.jpeg 1024w, https:\/\/noticiaempauta.com\/portal\/wp-content\/uploads\/2025\/08\/IMG_9343-300x200.jpeg 300w, https:\/\/noticiaempauta.com\/portal\/wp-content\/uploads\/2025\/08\/IMG_9343-768x512.jpeg 768w, https:\/\/noticiaempauta.com\/portal\/wp-content\/uploads\/2025\/08\/IMG_9343-1536x1023.jpeg 1536w, https:\/\/noticiaempauta.com\/portal\/wp-content\/uploads\/2025\/08\/IMG_9343.jpeg 1600w\" sizes=\"(max-width: 1024px) 100vw, 1024px\" \/><figcaption class=\"wp-element-caption\"><em>(Foto: Renato Andrade\/ Cidade Verde)<\/em><\/figcaption><\/figure>\n\n\n\n<p>Imagens de c\u00e2mera de seguran\u00e7a de um estacionamento flagraram o suspeito fugindo da cena do crime.&nbsp;Fernando era guarda municipal em Parna\u00edba e ex-marido de Penelope de Brito.<\/p>\n\n\n\n<figure class=\"wp-block-image size-full\"><img decoding=\"async\" width=\"790\" height=\"550\" src=\"https:\/\/noticiaempauta.com\/portal\/wp-content\/uploads\/2025\/08\/IMG_9344.jpeg\" alt=\"\" class=\"wp-image-277264\" srcset=\"https:\/\/noticiaempauta.com\/portal\/wp-content\/uploads\/2025\/08\/IMG_9344.jpeg 790w, https:\/\/noticiaempauta.com\/portal\/wp-content\/uploads\/2025\/08\/IMG_9344-300x209.jpeg 300w, https:\/\/noticiaempauta.com\/portal\/wp-content\/uploads\/2025\/08\/IMG_9344-768x535.jpeg 768w\" sizes=\"(max-width: 790px) 100vw, 790px\" \/><\/figure>\n\n\n\n<p>A informa\u00e7\u00e3o \u00e9 que ele j\u00e1 havia amea\u00e7ado a ex-companheira avisando que ela n\u00e3o ficaria com outra pessoa. Um dia antes do crime, Fernando teria trabalhado normalmente.&nbsp;<\/p>\n\n\n\n<p>V\u00eddeos do circuito do estacionamento pr\u00f3ximo ao local do crime mostram Fernando saindo da cena e escondendo a arma do crime.<\/p>\n\n\n\n<p>Outro v\u00eddeo mostrou o momento exato da execu\u00e7\u00e3o das v\u00edtimas que estavam de costas e n\u00e3o perceberam a chegada do suspeito. Ele dispara por diversas vezes e em seguida foge caminhando do local. Foram ouvidos pelo menos cinco disparos de arma de fogo.<\/p>\n\n\n\n<p>Fernando Castro \u00e9 natural de Barras, mas morava em Parna\u00edba.\u00a0<br><\/p>\n\n\n\n<p><strong>Casal atuava em Parna\u00edba<\/strong><\/p>\n\n\n\n<p>Thiciano Ribeiro foi\u00a0eleito como primeiro suplente do Partido Liberal (PL), assumiu o cargo de vereador em Parna\u00edba no dia 13 de maio deste ano,\u00a0ap\u00f3s o falecimento do vereador Bruno Vasconcelos Cunha, conhecido como Brun\u00e3o, de 40 anos. Pen\u00e9lope de Brito deixa um filho de 5 anos.<\/p>\n\n\n\n<p>Fonte: Cidade Verde\u00a0<\/p>\n","protected":false},"excerpt":{"rendered":"<p>Francisco Fernando Castro, de 38 anos, foi preso horas ap\u00f3s assassinar\u00a0o vereador Thiciano Ribeiro, e\u00a0Pen\u00e9lope de Brito, ex-chefe da guarda civil de Parna\u00edba.\u00a0A pris\u00e3o ocorreu no Parque Piau\u00ed, zona Sul de Teresina. Na imagem divulgada da pris\u00e3o do suspeito, ele j\u00e1 havia trocado a cal\u00e7a por uma bermuda. Duas armas de fogo foram apreendidas com [&hellip;]<\/p>\n","protected":false},"author":2,"featured_media":277263,"comment_status":"open","ping_status":"open","sticky":false,"template":"","format":"standard","meta":{"_mi_skip_tracking":false,"footnotes":""},"categories":[25,1,137,16],"tags":[192],"class_list":["post-277262","post","type-post","status-publish","format-standard","has-post-thumbnail","hentry","category-destaques-site","category-geral","category-policia","category-todas","tag-destaqueprincipal"],"acf":[],"yoast_head":"<!-- This site is optimized with the Yoast SEO Premium plugin v19.2 (Yoast SEO v26.9) - https:\/\/yoast.com\/product\/yoast-seo-premium-wordpress\/ -->\n<title>Suspeito de matar vereador e ex-comandante da GCM \u00e9 preso no bairro Parque Piau\u00ed - Portal Not\u00edcia em Pauta<\/title>\n<meta name=\"robots\" content=\"index, follow, max-snippet:-1, max-image-preview:large, max-video-preview:-1\" \/>\n<link rel=\"canonical\" href=\"https:\/\/noticiaempauta.com\/portal\/suspeito-de-matar-vereador-e-ex-comandante-da-gcm-e-preso-no-bairro-parque-piaui\/\" \/>\n<meta property=\"og:locale\" content=\"pt_BR\" \/>\n<meta property=\"og:type\" content=\"article\" \/>\n<meta property=\"og:title\" content=\"Suspeito de matar vereador e ex-comandante da GCM \u00e9 preso no bairro Parque Piau\u00ed\" \/>\n<meta property=\"og:description\" content=\"Francisco Fernando Castro, de 38 anos, foi preso horas ap\u00f3s assassinar\u00a0o vereador Thiciano Ribeiro, e\u00a0Pen\u00e9lope de Brito, ex-chefe da guarda civil de Parna\u00edba.\u00a0A pris\u00e3o ocorreu no Parque Piau\u00ed, zona Sul de Teresina. Na imagem divulgada da pris\u00e3o do suspeito, ele j\u00e1 havia trocado a cal\u00e7a por uma bermuda. Duas armas de fogo foram apreendidas com [&hellip;]\" \/>\n<meta property=\"og:url\" content=\"https:\/\/noticiaempauta.com\/portal\/suspeito-de-matar-vereador-e-ex-comandante-da-gcm-e-preso-no-bairro-parque-piaui\/\" \/>\n<meta property=\"og:site_name\" content=\"Portal Not\u00edcia em Pauta\" \/>\n<meta property=\"article:publisher\" content=\"https:\/\/www.facebook.com\/Portal-Notcia-Em-Pauta-102292869264820\/\" \/>\n<meta property=\"article:published_time\" content=\"2025-08-27T16:54:52+00:00\" \/>\n<meta property=\"article:modified_time\" content=\"2025-08-27T16:54:53+00:00\" \/>\n<meta property=\"og:image\" content=\"https:\/\/noticiaempauta.com\/portal\/wp-content\/uploads\/2025\/08\/IMG_9343.jpeg\" \/>\n\t<meta property=\"og:image:width\" content=\"1600\" \/>\n\t<meta property=\"og:image:height\" content=\"1066\" \/>\n\t<meta property=\"og:image:type\" content=\"image\/jpeg\" \/>\n<meta name=\"author\" content=\"Reda\u00e7\u00e3o\" \/>\n<meta name=\"twitter:card\" content=\"summary_large_image\" \/>\n<meta name=\"twitter:label1\" content=\"Escrito por\" \/>\n\t<meta name=\"twitter:data1\" content=\"Reda\u00e7\u00e3o\" \/>\n\t<meta name=\"twitter:label2\" content=\"Est. tempo de leitura\" \/>\n\t<meta name=\"twitter:data2\" content=\"3 minutos\" \/>\n<script type=\"application\/ld+json\" class=\"yoast-schema-graph\">{\"@context\":\"https:\/\/schema.org\",\"@graph\":[{\"@type\":\"Article\",\"@id\":\"https:\/\/noticiaempauta.com\/portal\/suspeito-de-matar-vereador-e-ex-comandante-da-gcm-e-preso-no-bairro-parque-piaui\/#article\",\"isPartOf\":{\"@id\":\"https:\/\/noticiaempauta.com\/portal\/suspeito-de-matar-vereador-e-ex-comandante-da-gcm-e-preso-no-bairro-parque-piaui\/\"},\"author\":{\"name\":\"Reda\u00e7\u00e3o\",\"@id\":\"https:\/\/noticiaempauta.com\/portal\/#\/schema\/person\/a74af43dd1ab3deca45f988c717d57ac\"},\"headline\":\"Suspeito de matar vereador e ex-comandante da GCM \u00e9 preso no bairro Parque Piau\u00ed\",\"datePublished\":\"2025-08-27T16:54:52+00:00\",\"dateModified\":\"2025-08-27T16:54:53+00:00\",\"mainEntityOfPage\":{\"@id\":\"https:\/\/noticiaempauta.com\/portal\/suspeito-de-matar-vereador-e-ex-comandante-da-gcm-e-preso-no-bairro-parque-piaui\/\"},\"wordCount\":330,\"commentCount\":0,\"publisher\":{\"@id\":\"https:\/\/noticiaempauta.com\/portal\/#organization\"},\"image\":{\"@id\":\"https:\/\/noticiaempauta.com\/portal\/suspeito-de-matar-vereador-e-ex-comandante-da-gcm-e-preso-no-bairro-parque-piaui\/#primaryimage\"},\"thumbnailUrl\":\"https:\/\/noticiaempauta.com\/portal\/wp-content\/uploads\/2025\/08\/IMG_9343.jpeg\",\"keywords\":[\"destaqueprincipal\"],\"articleSection\":[\"Destaques\",\"Geral\",\"Pol\u00edcia\",\"Todas as Not\u00edcias\"],\"inLanguage\":\"pt-BR\",\"potentialAction\":[{\"@type\":\"CommentAction\",\"name\":\"Comment\",\"target\":[\"https:\/\/noticiaempauta.com\/portal\/suspeito-de-matar-vereador-e-ex-comandante-da-gcm-e-preso-no-bairro-parque-piaui\/#respond\"]}]},{\"@type\":\"WebPage\",\"@id\":\"https:\/\/noticiaempauta.com\/portal\/suspeito-de-matar-vereador-e-ex-comandante-da-gcm-e-preso-no-bairro-parque-piaui\/\",\"url\":\"https:\/\/noticiaempauta.com\/portal\/suspeito-de-matar-vereador-e-ex-comandante-da-gcm-e-preso-no-bairro-parque-piaui\/\",\"name\":\"Suspeito de matar vereador e ex-comandante da GCM \u00e9 preso no bairro Parque Piau\u00ed - Portal Not\u00edcia em Pauta\",\"isPartOf\":{\"@id\":\"https:\/\/noticiaempauta.com\/portal\/#website\"},\"primaryImageOfPage\":{\"@id\":\"https:\/\/noticiaempauta.com\/portal\/suspeito-de-matar-vereador-e-ex-comandante-da-gcm-e-preso-no-bairro-parque-piaui\/#primaryimage\"},\"image\":{\"@id\":\"https:\/\/noticiaempauta.com\/portal\/suspeito-de-matar-vereador-e-ex-comandante-da-gcm-e-preso-no-bairro-parque-piaui\/#primaryimage\"},\"thumbnailUrl\":\"https:\/\/noticiaempauta.com\/portal\/wp-content\/uploads\/2025\/08\/IMG_9343.jpeg\",\"datePublished\":\"2025-08-27T16:54:52+00:00\",\"dateModified\":\"2025-08-27T16:54:53+00:00\",\"breadcrumb\":{\"@id\":\"https:\/\/noticiaempauta.com\/portal\/suspeito-de-matar-vereador-e-ex-comandante-da-gcm-e-preso-no-bairro-parque-piaui\/#breadcrumb\"},\"inLanguage\":\"pt-BR\",\"potentialAction\":[{\"@type\":\"ReadAction\",\"target\":[\"https:\/\/noticiaempauta.com\/portal\/suspeito-de-matar-vereador-e-ex-comandante-da-gcm-e-preso-no-bairro-parque-piaui\/\"]}]},{\"@type\":\"ImageObject\",\"inLanguage\":\"pt-BR\",\"@id\":\"https:\/\/noticiaempauta.com\/portal\/suspeito-de-matar-vereador-e-ex-comandante-da-gcm-e-preso-no-bairro-parque-piaui\/#primaryimage\",\"url\":\"https:\/\/noticiaempauta.com\/portal\/wp-content\/uploads\/2025\/08\/IMG_9343.jpeg\",\"contentUrl\":\"https:\/\/noticiaempauta.com\/portal\/wp-content\/uploads\/2025\/08\/IMG_9343.jpeg\",\"width\":1600,\"height\":1066},{\"@type\":\"BreadcrumbList\",\"@id\":\"https:\/\/noticiaempauta.com\/portal\/suspeito-de-matar-vereador-e-ex-comandante-da-gcm-e-preso-no-bairro-parque-piaui\/#breadcrumb\",\"itemListElement\":[{\"@type\":\"ListItem\",\"position\":1,\"name\":\"P\u00e1gina Inicial\",\"item\":\"https:\/\/noticiaempauta.com\/portal\/\"},{\"@type\":\"ListItem\",\"position\":2,\"name\":\"Geral\",\"item\":\"https:\/\/noticiaempauta.com\/portal\/geral\/\"},{\"@type\":\"ListItem\",\"position\":3,\"name\":\"Suspeito de matar vereador e ex-comandante da GCM \u00e9 preso no bairro Parque Piau\u00ed\"}]},{\"@type\":\"WebSite\",\"@id\":\"https:\/\/noticiaempauta.com\/portal\/#website\",\"url\":\"https:\/\/noticiaempauta.com\/portal\/\",\"name\":\"Portal Not\u00edcia em Pauta\",\"description\":\"Voc\u00ea bem informado\",\"publisher\":{\"@id\":\"https:\/\/noticiaempauta.com\/portal\/#organization\"},\"potentialAction\":[{\"@type\":\"SearchAction\",\"target\":{\"@type\":\"EntryPoint\",\"urlTemplate\":\"https:\/\/noticiaempauta.com\/portal\/?s={search_term_string}\"},\"query-input\":{\"@type\":\"PropertyValueSpecification\",\"valueRequired\":true,\"valueName\":\"search_term_string\"}}],\"inLanguage\":\"pt-BR\"},{\"@type\":\"Organization\",\"@id\":\"https:\/\/noticiaempauta.com\/portal\/#organization\",\"name\":\"Portal Not\u00edcia em Pauta\",\"url\":\"https:\/\/noticiaempauta.com\/portal\/\",\"logo\":{\"@type\":\"ImageObject\",\"inLanguage\":\"pt-BR\",\"@id\":\"https:\/\/noticiaempauta.com\/portal\/#\/schema\/logo\/image\/\",\"url\":\"https:\/\/noticiaempauta.com\/portal\/wp-content\/uploads\/2022\/08\/logomarca_tema.fw_.png\",\"contentUrl\":\"https:\/\/noticiaempauta.com\/portal\/wp-content\/uploads\/2022\/08\/logomarca_tema.fw_.png\",\"width\":400,\"height\":232,\"caption\":\"Portal Not\u00edcia em Pauta\"},\"image\":{\"@id\":\"https:\/\/noticiaempauta.com\/portal\/#\/schema\/logo\/image\/\"},\"sameAs\":[\"https:\/\/www.facebook.com\/Portal-Notcia-Em-Pauta-102292869264820\/\",\"https:\/\/www.instagram.com\/portalnoticiaempauta\/\"]},{\"@type\":\"Person\",\"@id\":\"https:\/\/noticiaempauta.com\/portal\/#\/schema\/person\/a74af43dd1ab3deca45f988c717d57ac\",\"name\":\"Reda\u00e7\u00e3o\",\"image\":{\"@type\":\"ImageObject\",\"inLanguage\":\"pt-BR\",\"@id\":\"https:\/\/noticiaempauta.com\/portal\/#\/schema\/person\/image\/\",\"url\":\"https:\/\/secure.gravatar.com\/avatar\/03179346ecce6cdfc13361603e8f54242a90e5cde8618fa23c5c00aa2b0aadf3?s=96&d=mm&r=g\",\"contentUrl\":\"https:\/\/secure.gravatar.com\/avatar\/03179346ecce6cdfc13361603e8f54242a90e5cde8618fa23c5c00aa2b0aadf3?s=96&d=mm&r=g\",\"caption\":\"Reda\u00e7\u00e3o\"},\"sameAs\":[\"https:\/\/noticiaempauta.com\/portal\/\"],\"url\":\"https:\/\/noticiaempauta.com\/portal\/author\/fernando\/\"}]}<\/script>\n<!-- \/ Yoast SEO Premium plugin. -->","yoast_head_json":{"title":"Suspeito de matar vereador e ex-comandante da GCM \u00e9 preso no bairro Parque Piau\u00ed - Portal Not\u00edcia em Pauta","robots":{"index":"index","follow":"follow","max-snippet":"max-snippet:-1","max-image-preview":"max-image-preview:large","max-video-preview":"max-video-preview:-1"},"canonical":"https:\/\/noticiaempauta.com\/portal\/suspeito-de-matar-vereador-e-ex-comandante-da-gcm-e-preso-no-bairro-parque-piaui\/","og_locale":"pt_BR","og_type":"article","og_title":"Suspeito de matar vereador e ex-comandante da GCM \u00e9 preso no bairro Parque Piau\u00ed","og_description":"Francisco Fernando Castro, de 38 anos, foi preso horas ap\u00f3s assassinar\u00a0o vereador Thiciano Ribeiro, e\u00a0Pen\u00e9lope de Brito, ex-chefe da guarda civil de Parna\u00edba.\u00a0A pris\u00e3o ocorreu no Parque Piau\u00ed, zona Sul de Teresina. Na imagem divulgada da pris\u00e3o do suspeito, ele j\u00e1 havia trocado a cal\u00e7a por uma bermuda. Duas armas de fogo foram apreendidas com [&hellip;]","og_url":"https:\/\/noticiaempauta.com\/portal\/suspeito-de-matar-vereador-e-ex-comandante-da-gcm-e-preso-no-bairro-parque-piaui\/","og_site_name":"Portal Not\u00edcia em Pauta","article_publisher":"https:\/\/www.facebook.com\/Portal-Notcia-Em-Pauta-102292869264820\/","article_published_time":"2025-08-27T16:54:52+00:00","article_modified_time":"2025-08-27T16:54:53+00:00","og_image":[{"width":1600,"height":1066,"url":"https:\/\/noticiaempauta.com\/portal\/wp-content\/uploads\/2025\/08\/IMG_9343.jpeg","type":"image\/jpeg"}],"author":"Reda\u00e7\u00e3o","twitter_card":"summary_large_image","twitter_misc":{"Escrito por":"Reda\u00e7\u00e3o","Est. tempo de leitura":"3 minutos"},"schema":{"@context":"https:\/\/schema.org","@graph":[{"@type":"Article","@id":"https:\/\/noticiaempauta.com\/portal\/suspeito-de-matar-vereador-e-ex-comandante-da-gcm-e-preso-no-bairro-parque-piaui\/#article","isPartOf":{"@id":"https:\/\/noticiaempauta.com\/portal\/suspeito-de-matar-vereador-e-ex-comandante-da-gcm-e-preso-no-bairro-parque-piaui\/"},"author":{"name":"Reda\u00e7\u00e3o","@id":"https:\/\/noticiaempauta.com\/portal\/#\/schema\/person\/a74af43dd1ab3deca45f988c717d57ac"},"headline":"Suspeito de matar vereador e ex-comandante da GCM \u00e9 preso no bairro Parque Piau\u00ed","datePublished":"2025-08-27T16:54:52+00:00","dateModified":"2025-08-27T16:54:53+00:00","mainEntityOfPage":{"@id":"https:\/\/noticiaempauta.com\/portal\/suspeito-de-matar-vereador-e-ex-comandante-da-gcm-e-preso-no-bairro-parque-piaui\/"},"wordCount":330,"commentCount":0,"publisher":{"@id":"https:\/\/noticiaempauta.com\/portal\/#organization"},"image":{"@id":"https:\/\/noticiaempauta.com\/portal\/suspeito-de-matar-vereador-e-ex-comandante-da-gcm-e-preso-no-bairro-parque-piaui\/#primaryimage"},"thumbnailUrl":"https:\/\/noticiaempauta.com\/portal\/wp-content\/uploads\/2025\/08\/IMG_9343.jpeg","keywords":["destaqueprincipal"],"articleSection":["Destaques","Geral","Pol\u00edcia","Todas as Not\u00edcias"],"inLanguage":"pt-BR","potentialAction":[{"@type":"CommentAction","name":"Comment","target":["https:\/\/noticiaempauta.com\/portal\/suspeito-de-matar-vereador-e-ex-comandante-da-gcm-e-preso-no-bairro-parque-piaui\/#respond"]}]},{"@type":"WebPage","@id":"https:\/\/noticiaempauta.com\/portal\/suspeito-de-matar-vereador-e-ex-comandante-da-gcm-e-preso-no-bairro-parque-piaui\/","url":"https:\/\/noticiaempauta.com\/portal\/suspeito-de-matar-vereador-e-ex-comandante-da-gcm-e-preso-no-bairro-parque-piaui\/","name":"Suspeito de matar vereador e ex-comandante da GCM \u00e9 preso no bairro Parque Piau\u00ed - Portal Not\u00edcia em Pauta","isPartOf":{"@id":"https:\/\/noticiaempauta.com\/portal\/#website"},"primaryImageOfPage":{"@id":"https:\/\/noticiaempauta.com\/portal\/suspeito-de-matar-vereador-e-ex-comandante-da-gcm-e-preso-no-bairro-parque-piaui\/#primaryimage"},"image":{"@id":"https:\/\/noticiaempauta.com\/portal\/suspeito-de-matar-vereador-e-ex-comandante-da-gcm-e-preso-no-bairro-parque-piaui\/#primaryimage"},"thumbnailUrl":"https:\/\/noticiaempauta.com\/portal\/wp-content\/uploads\/2025\/08\/IMG_9343.jpeg","datePublished":"2025-08-27T16:54:52+00:00","dateModified":"2025-08-27T16:54:53+00:00","breadcrumb":{"@id":"https:\/\/noticiaempauta.com\/portal\/suspeito-de-matar-vereador-e-ex-comandante-da-gcm-e-preso-no-bairro-parque-piaui\/#breadcrumb"},"inLanguage":"pt-BR","potentialAction":[{"@type":"ReadAction","target":["https:\/\/noticiaempauta.com\/portal\/suspeito-de-matar-vereador-e-ex-comandante-da-gcm-e-preso-no-bairro-parque-piaui\/"]}]},{"@type":"ImageObject","inLanguage":"pt-BR","@id":"https:\/\/noticiaempauta.com\/portal\/suspeito-de-matar-vereador-e-ex-comandante-da-gcm-e-preso-no-bairro-parque-piaui\/#primaryimage","url":"https:\/\/noticiaempauta.com\/portal\/wp-content\/uploads\/2025\/08\/IMG_9343.jpeg","contentUrl":"https:\/\/noticiaempauta.com\/portal\/wp-content\/uploads\/2025\/08\/IMG_9343.jpeg","width":1600,"height":1066},{"@type":"BreadcrumbList","@id":"https:\/\/noticiaempauta.com\/portal\/suspeito-de-matar-vereador-e-ex-comandante-da-gcm-e-preso-no-bairro-parque-piaui\/#breadcrumb","itemListElement":[{"@type":"ListItem","position":1,"name":"P\u00e1gina Inicial","item":"https:\/\/noticiaempauta.com\/portal\/"},{"@type":"ListItem","position":2,"name":"Geral","item":"https:\/\/noticiaempauta.com\/portal\/geral\/"},{"@type":"ListItem","position":3,"name":"Suspeito de matar vereador e ex-comandante da GCM \u00e9 preso no bairro Parque Piau\u00ed"}]},{"@type":"WebSite","@id":"https:\/\/noticiaempauta.com\/portal\/#website","url":"https:\/\/noticiaempauta.com\/portal\/","name":"Portal Not\u00edcia em Pauta","description":"Voc\u00ea bem informado","publisher":{"@id":"https:\/\/noticiaempauta.com\/portal\/#organization"},"potentialAction":[{"@type":"SearchAction","target":{"@type":"EntryPoint","urlTemplate":"https:\/\/noticiaempauta.com\/portal\/?s={search_term_string}"},"query-input":{"@type":"PropertyValueSpecification","valueRequired":true,"valueName":"search_term_string"}}],"inLanguage":"pt-BR"},{"@type":"Organization","@id":"https:\/\/noticiaempauta.com\/portal\/#organization","name":"Portal Not\u00edcia em Pauta","url":"https:\/\/noticiaempauta.com\/portal\/","logo":{"@type":"ImageObject","inLanguage":"pt-BR","@id":"https:\/\/noticiaempauta.com\/portal\/#\/schema\/logo\/image\/","url":"https:\/\/noticiaempauta.com\/portal\/wp-content\/uploads\/2022\/08\/logomarca_tema.fw_.png","contentUrl":"https:\/\/noticiaempauta.com\/portal\/wp-content\/uploads\/2022\/08\/logomarca_tema.fw_.png","width":400,"height":232,"caption":"Portal Not\u00edcia em Pauta"},"image":{"@id":"https:\/\/noticiaempauta.com\/portal\/#\/schema\/logo\/image\/"},"sameAs":["https:\/\/www.facebook.com\/Portal-Notcia-Em-Pauta-102292869264820\/","https:\/\/www.instagram.com\/portalnoticiaempauta\/"]},{"@type":"Person","@id":"https:\/\/noticiaempauta.com\/portal\/#\/schema\/person\/a74af43dd1ab3deca45f988c717d57ac","name":"Reda\u00e7\u00e3o","image":{"@type":"ImageObject","inLanguage":"pt-BR","@id":"https:\/\/noticiaempauta.com\/portal\/#\/schema\/person\/image\/","url":"https:\/\/secure.gravatar.com\/avatar\/03179346ecce6cdfc13361603e8f54242a90e5cde8618fa23c5c00aa2b0aadf3?s=96&d=mm&r=g","contentUrl":"https:\/\/secure.gravatar.com\/avatar\/03179346ecce6cdfc13361603e8f54242a90e5cde8618fa23c5c00aa2b0aadf3?s=96&d=mm&r=g","caption":"Reda\u00e7\u00e3o"},"sameAs":["https:\/\/noticiaempauta.com\/portal\/"],"url":"https:\/\/noticiaempauta.com\/portal\/author\/fernando\/"}]}},"_links":{"self":[{"href":"https:\/\/noticiaempauta.com\/portal\/wp-json\/wp\/v2\/posts\/277262","targetHints":{"allow":["GET"]}}],"collection":[{"href":"https:\/\/noticiaempauta.com\/portal\/wp-json\/wp\/v2\/posts"}],"about":[{"href":"https:\/\/noticiaempauta.com\/portal\/wp-json\/wp\/v2\/types\/post"}],"author":[{"embeddable":true,"href":"https:\/\/noticiaempauta.com\/portal\/wp-json\/wp\/v2\/users\/2"}],"replies":[{"embeddable":true,"href":"https:\/\/noticiaempauta.com\/portal\/wp-json\/wp\/v2\/comments?post=277262"}],"version-history":[{"count":2,"href":"https:\/\/noticiaempauta.com\/portal\/wp-json\/wp\/v2\/posts\/277262\/revisions"}],"predecessor-version":[{"id":277266,"href":"https:\/\/noticiaempauta.com\/portal\/wp-json\/wp\/v2\/posts\/277262\/revisions\/277266"}],"wp:featuredmedia":[{"embeddable":true,"href":"https:\/\/noticiaempauta.com\/portal\/wp-json\/wp\/v2\/media\/277263"}],"wp:attachment":[{"href":"https:\/\/noticiaempauta.com\/portal\/wp-json\/wp\/v2\/media?parent=277262"}],"wp:term":[{"taxonomy":"category","embeddable":true,"href":"https:\/\/noticiaempauta.com\/portal\/wp-json\/wp\/v2\/categories?post=277262"},{"taxonomy":"post_tag","embeddable":true,"href":"https:\/\/noticiaempauta.com\/portal\/wp-json\/wp\/v2\/tags?post=277262"}],"curies":[{"name":"wp","href":"https:\/\/api.w.org\/{rel}","templated":true}]}}