{"id":277267,"date":"2025-08-27T17:11:31","date_gmt":"2025-08-27T20:11:31","guid":{"rendered":"https:\/\/noticiaempauta.com\/portal\/?p=277267"},"modified":"2025-08-27T17:11:33","modified_gmt":"2025-08-27T20:11:33","slug":"secretaria-de-transito-anuncia-mudanca-no-sentindo-da-rua-marcos-parente-e-implantacao-de-novo-semaforo-em-picos","status":"publish","type":"post","link":"https:\/\/noticiaempauta.com\/portal\/secretaria-de-transito-anuncia-mudanca-no-sentindo-da-rua-marcos-parente-e-implantacao-de-novo-semaforo-em-picos\/","title":{"rendered":"Secretaria de Tr\u00e2nsito anuncia mudan\u00e7a no sentindo da Rua Marcos Parente e implanta\u00e7\u00e3o de novo sem\u00e1foro em Picos"},"content":{"rendered":"\n<p>Na manh\u00e3 desta quarta-feira (27), o secret\u00e1rio municipal de Transporte, Tr\u00e2nsito e Mobilidade Urbana de Picos, Edvaldo Filho, anunciou mudan\u00e7as que acontecer\u00e3o nas vias de algumas ruas da cidade.<\/p>\n\n\n\n<figure class=\"wp-block-image size-full\"><img fetchpriority=\"high\" decoding=\"async\" width=\"1000\" height=\"562\" src=\"https:\/\/noticiaempauta.com\/portal\/wp-content\/uploads\/2025\/08\/IMG_9358.webp\" alt=\"\" class=\"wp-image-277268\" srcset=\"https:\/\/noticiaempauta.com\/portal\/wp-content\/uploads\/2025\/08\/IMG_9358.webp 1000w, https:\/\/noticiaempauta.com\/portal\/wp-content\/uploads\/2025\/08\/IMG_9358-300x169.webp 300w, https:\/\/noticiaempauta.com\/portal\/wp-content\/uploads\/2025\/08\/IMG_9358-768x432.webp 768w\" sizes=\"(max-width: 1000px) 100vw, 1000px\" \/><\/figure>\n\n\n\n<p>A principal delas \u00e9 a altera\u00e7\u00e3o no sentido da Rua Marcos Parente, que passar\u00e1 a ser uma via de m\u00e3o \u00fanica.&nbsp;<\/p>\n\n\n\n<figure class=\"wp-block-image size-full\"><img decoding=\"async\" width=\"900\" height=\"675\" src=\"https:\/\/noticiaempauta.com\/portal\/wp-content\/uploads\/2025\/08\/IMG_9359.webp\" alt=\"\" class=\"wp-image-277269\" srcset=\"https:\/\/noticiaempauta.com\/portal\/wp-content\/uploads\/2025\/08\/IMG_9359.webp 900w, https:\/\/noticiaempauta.com\/portal\/wp-content\/uploads\/2025\/08\/IMG_9359-300x225.webp 300w, https:\/\/noticiaempauta.com\/portal\/wp-content\/uploads\/2025\/08\/IMG_9359-768x576.webp 768w\" sizes=\"(max-width: 900px) 100vw, 900px\" \/><\/figure>\n\n\n\n<p>Segundo Edvaldo Filho, a mudan\u00e7a ser\u00e1 conclu\u00edda em at\u00e9 quinze dias. A altera\u00e7\u00e3o vinha sendo cobrada pelos moradores do local devido aos problemas que a via de m\u00e3o dupla tem provocado, especialmente em hor\u00e1rios de alto fluxo de ve\u00edculos.<\/p>\n\n\n\n<p>Por esse motivo, conforme explicou o secret\u00e1rio, a mudan\u00e7a j\u00e1 vinha sendo estudada e foi planejada a partir de di\u00e1logo com os moradores.&nbsp;<\/p>\n\n\n\n<p>\u201cFoi realizado um estudo sobre essa via com muito [&#8230;] di\u00e1logo com comerciantes e moradores daquela rua. Todos [estavam] solicitando arduamente a mudan\u00e7a do sentido daquela via para que fosse apenas uma via de m\u00e3o \u00fanica. [&#8230;] Ent\u00e3o, entendemos que a popula\u00e7\u00e3o clama por uma mudan\u00e7a nesse sentido das vias para que possamos melhorar o fluxo do tr\u00e2nsito e diminuir, principalmente, os acidentes\u201d, explicou.&nbsp;<br><\/p>\n\n\n\n<p>Outra mudan\u00e7a que ser\u00e1 feita \u00e9 a implanta\u00e7\u00e3o de um sem\u00e1foro no cruzamento da Rua Marcos Parentes com a Rua S\u00e3o Francisco, nas proximidades da prefeitura municipal com a ponte.&nbsp;<\/p>\n\n\n\n<p>\u201cNesse novo sem\u00e1foro, j\u00e1 vamos instalar um sem\u00e1foro mais moderno, que vai ter sinaliza\u00e7\u00e3o de quem passar no vermelho. A gente vai buscar tamb\u00e9m, implementar [o mecanismo] nos demais sem\u00e1foros e nos demais pontos da cidade para que possamos regulamentar e para que as pessoas n\u00e3o desobede\u00e7am a sinaliza\u00e7\u00e3o\u201d, pontuou.&nbsp;<\/p>\n\n\n\n<p>Al\u00e9m disso, a Rua Marcos Parente passar\u00e1 a ter a via no sentido do Est\u00e1dio Municipal Helv\u00eddio Nunes para a prefeitura.&nbsp;<\/p>\n\n\n\n<p>Entre os objetivos das mudan\u00e7as est\u00e1 a diminui\u00e7\u00e3o das infra\u00e7\u00f5es de tr\u00e2nsito e consequentemente do n\u00famero de acidentes. O secret\u00e1rio destacou outras medidas que tamb\u00e9m ser\u00e3o tomadas pela pasta com o mesmo objetivo.<\/p>\n\n\n\n<p>\u201cVamos trabalhar com blitz educativa novamente para tentar conter [os acidentes] e vamos iniciar fortemente a sinaliza\u00e7\u00e3o de quebra-mola, de implanta\u00e7\u00e3o de tach\u00f5es e de redutor de velocidade para que possamos apertar o cinto nessa situa\u00e7\u00e3o de n\u00e3o termos essa quest\u00e3o de tr\u00e2nsito r\u00e1pido no centro\u201d, concluiu.<\/p>\n\n\n\n<p>Fonte: Portal Grande Picos <\/p>\n","protected":false},"excerpt":{"rendered":"<p>Na manh\u00e3 desta quarta-feira (27), o secret\u00e1rio municipal de Transporte, Tr\u00e2nsito e Mobilidade Urbana de Picos, Edvaldo Filho, anunciou mudan\u00e7as que acontecer\u00e3o nas vias de algumas ruas da cidade. A principal delas \u00e9 a altera\u00e7\u00e3o no sentido da Rua Marcos Parente, que passar\u00e1 a ser uma via de m\u00e3o \u00fanica.&nbsp; Segundo Edvaldo Filho, a mudan\u00e7a [&hellip;]<\/p>\n","protected":false},"author":2,"featured_media":277268,"comment_status":"open","ping_status":"open","sticky":false,"template":"","format":"standard","meta":{"_mi_skip_tracking":false,"footnotes":""},"categories":[25,1,16],"tags":[192],"class_list":["post-277267","post","type-post","status-publish","format-standard","has-post-thumbnail","hentry","category-destaques-site","category-geral","category-todas","tag-destaqueprincipal"],"acf":[],"yoast_head":"<!-- This site is optimized with the Yoast SEO Premium plugin v19.2 (Yoast SEO v26.9) - https:\/\/yoast.com\/product\/yoast-seo-premium-wordpress\/ -->\n<title>Secretaria de Tr\u00e2nsito anuncia mudan\u00e7a no sentindo da Rua Marcos Parente e implanta\u00e7\u00e3o de novo sem\u00e1foro em Picos - Portal Not\u00edcia em Pauta<\/title>\n<meta name=\"robots\" content=\"index, follow, max-snippet:-1, max-image-preview:large, max-video-preview:-1\" \/>\n<link rel=\"canonical\" href=\"https:\/\/noticiaempauta.com\/portal\/secretaria-de-transito-anuncia-mudanca-no-sentindo-da-rua-marcos-parente-e-implantacao-de-novo-semaforo-em-picos\/\" \/>\n<meta property=\"og:locale\" content=\"pt_BR\" \/>\n<meta property=\"og:type\" content=\"article\" \/>\n<meta property=\"og:title\" content=\"Secretaria de Tr\u00e2nsito anuncia mudan\u00e7a no sentindo da Rua Marcos Parente e implanta\u00e7\u00e3o de novo sem\u00e1foro em Picos\" \/>\n<meta property=\"og:description\" content=\"Na manh\u00e3 desta quarta-feira (27), o secret\u00e1rio municipal de Transporte, Tr\u00e2nsito e Mobilidade Urbana de Picos, Edvaldo Filho, anunciou mudan\u00e7as que acontecer\u00e3o nas vias de algumas ruas da cidade. A principal delas \u00e9 a altera\u00e7\u00e3o no sentido da Rua Marcos Parente, que passar\u00e1 a ser uma via de m\u00e3o \u00fanica.&nbsp; Segundo Edvaldo Filho, a mudan\u00e7a [&hellip;]\" \/>\n<meta property=\"og:url\" content=\"https:\/\/noticiaempauta.com\/portal\/secretaria-de-transito-anuncia-mudanca-no-sentindo-da-rua-marcos-parente-e-implantacao-de-novo-semaforo-em-picos\/\" \/>\n<meta property=\"og:site_name\" content=\"Portal Not\u00edcia em Pauta\" \/>\n<meta property=\"article:publisher\" content=\"https:\/\/www.facebook.com\/Portal-Notcia-Em-Pauta-102292869264820\/\" \/>\n<meta property=\"article:published_time\" content=\"2025-08-27T20:11:31+00:00\" \/>\n<meta property=\"article:modified_time\" content=\"2025-08-27T20:11:33+00:00\" \/>\n<meta property=\"og:image\" content=\"https:\/\/noticiaempauta.com\/portal\/wp-content\/uploads\/2025\/08\/IMG_9358.webp\" \/>\n\t<meta property=\"og:image:width\" content=\"1000\" \/>\n\t<meta property=\"og:image:height\" content=\"562\" \/>\n\t<meta property=\"og:image:type\" content=\"image\/webp\" \/>\n<meta name=\"author\" content=\"Reda\u00e7\u00e3o\" \/>\n<meta name=\"twitter:card\" content=\"summary_large_image\" \/>\n<meta name=\"twitter:label1\" content=\"Escrito por\" \/>\n\t<meta name=\"twitter:data1\" content=\"Reda\u00e7\u00e3o\" \/>\n\t<meta name=\"twitter:label2\" content=\"Est. tempo de leitura\" \/>\n\t<meta name=\"twitter:data2\" content=\"3 minutos\" \/>\n<script type=\"application\/ld+json\" class=\"yoast-schema-graph\">{\"@context\":\"https:\/\/schema.org\",\"@graph\":[{\"@type\":\"Article\",\"@id\":\"https:\/\/noticiaempauta.com\/portal\/secretaria-de-transito-anuncia-mudanca-no-sentindo-da-rua-marcos-parente-e-implantacao-de-novo-semaforo-em-picos\/#article\",\"isPartOf\":{\"@id\":\"https:\/\/noticiaempauta.com\/portal\/secretaria-de-transito-anuncia-mudanca-no-sentindo-da-rua-marcos-parente-e-implantacao-de-novo-semaforo-em-picos\/\"},\"author\":{\"name\":\"Reda\u00e7\u00e3o\",\"@id\":\"https:\/\/noticiaempauta.com\/portal\/#\/schema\/person\/a74af43dd1ab3deca45f988c717d57ac\"},\"headline\":\"Secretaria de Tr\u00e2nsito anuncia mudan\u00e7a no sentindo da Rua Marcos Parente e implanta\u00e7\u00e3o de novo sem\u00e1foro em Picos\",\"datePublished\":\"2025-08-27T20:11:31+00:00\",\"dateModified\":\"2025-08-27T20:11:33+00:00\",\"mainEntityOfPage\":{\"@id\":\"https:\/\/noticiaempauta.com\/portal\/secretaria-de-transito-anuncia-mudanca-no-sentindo-da-rua-marcos-parente-e-implantacao-de-novo-semaforo-em-picos\/\"},\"wordCount\":437,\"commentCount\":0,\"publisher\":{\"@id\":\"https:\/\/noticiaempauta.com\/portal\/#organization\"},\"image\":{\"@id\":\"https:\/\/noticiaempauta.com\/portal\/secretaria-de-transito-anuncia-mudanca-no-sentindo-da-rua-marcos-parente-e-implantacao-de-novo-semaforo-em-picos\/#primaryimage\"},\"thumbnailUrl\":\"https:\/\/noticiaempauta.com\/portal\/wp-content\/uploads\/2025\/08\/IMG_9358.webp\",\"keywords\":[\"destaqueprincipal\"],\"articleSection\":[\"Destaques\",\"Geral\",\"Todas as Not\u00edcias\"],\"inLanguage\":\"pt-BR\",\"potentialAction\":[{\"@type\":\"CommentAction\",\"name\":\"Comment\",\"target\":[\"https:\/\/noticiaempauta.com\/portal\/secretaria-de-transito-anuncia-mudanca-no-sentindo-da-rua-marcos-parente-e-implantacao-de-novo-semaforo-em-picos\/#respond\"]}]},{\"@type\":\"WebPage\",\"@id\":\"https:\/\/noticiaempauta.com\/portal\/secretaria-de-transito-anuncia-mudanca-no-sentindo-da-rua-marcos-parente-e-implantacao-de-novo-semaforo-em-picos\/\",\"url\":\"https:\/\/noticiaempauta.com\/portal\/secretaria-de-transito-anuncia-mudanca-no-sentindo-da-rua-marcos-parente-e-implantacao-de-novo-semaforo-em-picos\/\",\"name\":\"Secretaria de Tr\u00e2nsito anuncia mudan\u00e7a no sentindo da Rua Marcos Parente e implanta\u00e7\u00e3o de novo sem\u00e1foro em Picos - Portal Not\u00edcia em Pauta\",\"isPartOf\":{\"@id\":\"https:\/\/noticiaempauta.com\/portal\/#website\"},\"primaryImageOfPage\":{\"@id\":\"https:\/\/noticiaempauta.com\/portal\/secretaria-de-transito-anuncia-mudanca-no-sentindo-da-rua-marcos-parente-e-implantacao-de-novo-semaforo-em-picos\/#primaryimage\"},\"image\":{\"@id\":\"https:\/\/noticiaempauta.com\/portal\/secretaria-de-transito-anuncia-mudanca-no-sentindo-da-rua-marcos-parente-e-implantacao-de-novo-semaforo-em-picos\/#primaryimage\"},\"thumbnailUrl\":\"https:\/\/noticiaempauta.com\/portal\/wp-content\/uploads\/2025\/08\/IMG_9358.webp\",\"datePublished\":\"2025-08-27T20:11:31+00:00\",\"dateModified\":\"2025-08-27T20:11:33+00:00\",\"breadcrumb\":{\"@id\":\"https:\/\/noticiaempauta.com\/portal\/secretaria-de-transito-anuncia-mudanca-no-sentindo-da-rua-marcos-parente-e-implantacao-de-novo-semaforo-em-picos\/#breadcrumb\"},\"inLanguage\":\"pt-BR\",\"potentialAction\":[{\"@type\":\"ReadAction\",\"target\":[\"https:\/\/noticiaempauta.com\/portal\/secretaria-de-transito-anuncia-mudanca-no-sentindo-da-rua-marcos-parente-e-implantacao-de-novo-semaforo-em-picos\/\"]}]},{\"@type\":\"ImageObject\",\"inLanguage\":\"pt-BR\",\"@id\":\"https:\/\/noticiaempauta.com\/portal\/secretaria-de-transito-anuncia-mudanca-no-sentindo-da-rua-marcos-parente-e-implantacao-de-novo-semaforo-em-picos\/#primaryimage\",\"url\":\"https:\/\/noticiaempauta.com\/portal\/wp-content\/uploads\/2025\/08\/IMG_9358.webp\",\"contentUrl\":\"https:\/\/noticiaempauta.com\/portal\/wp-content\/uploads\/2025\/08\/IMG_9358.webp\",\"width\":1000,\"height\":562},{\"@type\":\"BreadcrumbList\",\"@id\":\"https:\/\/noticiaempauta.com\/portal\/secretaria-de-transito-anuncia-mudanca-no-sentindo-da-rua-marcos-parente-e-implantacao-de-novo-semaforo-em-picos\/#breadcrumb\",\"itemListElement\":[{\"@type\":\"ListItem\",\"position\":1,\"name\":\"P\u00e1gina Inicial\",\"item\":\"https:\/\/noticiaempauta.com\/portal\/\"},{\"@type\":\"ListItem\",\"position\":2,\"name\":\"Geral\",\"item\":\"https:\/\/noticiaempauta.com\/portal\/geral\/\"},{\"@type\":\"ListItem\",\"position\":3,\"name\":\"Secretaria de Tr\u00e2nsito anuncia mudan\u00e7a no sentindo da Rua Marcos Parente e implanta\u00e7\u00e3o de novo sem\u00e1foro em Picos\"}]},{\"@type\":\"WebSite\",\"@id\":\"https:\/\/noticiaempauta.com\/portal\/#website\",\"url\":\"https:\/\/noticiaempauta.com\/portal\/\",\"name\":\"Portal Not\u00edcia em Pauta\",\"description\":\"Voc\u00ea bem informado\",\"publisher\":{\"@id\":\"https:\/\/noticiaempauta.com\/portal\/#organization\"},\"potentialAction\":[{\"@type\":\"SearchAction\",\"target\":{\"@type\":\"EntryPoint\",\"urlTemplate\":\"https:\/\/noticiaempauta.com\/portal\/?s={search_term_string}\"},\"query-input\":{\"@type\":\"PropertyValueSpecification\",\"valueRequired\":true,\"valueName\":\"search_term_string\"}}],\"inLanguage\":\"pt-BR\"},{\"@type\":\"Organization\",\"@id\":\"https:\/\/noticiaempauta.com\/portal\/#organization\",\"name\":\"Portal Not\u00edcia em Pauta\",\"url\":\"https:\/\/noticiaempauta.com\/portal\/\",\"logo\":{\"@type\":\"ImageObject\",\"inLanguage\":\"pt-BR\",\"@id\":\"https:\/\/noticiaempauta.com\/portal\/#\/schema\/logo\/image\/\",\"url\":\"https:\/\/noticiaempauta.com\/portal\/wp-content\/uploads\/2022\/08\/logomarca_tema.fw_.png\",\"contentUrl\":\"https:\/\/noticiaempauta.com\/portal\/wp-content\/uploads\/2022\/08\/logomarca_tema.fw_.png\",\"width\":400,\"height\":232,\"caption\":\"Portal Not\u00edcia em Pauta\"},\"image\":{\"@id\":\"https:\/\/noticiaempauta.com\/portal\/#\/schema\/logo\/image\/\"},\"sameAs\":[\"https:\/\/www.facebook.com\/Portal-Notcia-Em-Pauta-102292869264820\/\",\"https:\/\/www.instagram.com\/portalnoticiaempauta\/\"]},{\"@type\":\"Person\",\"@id\":\"https:\/\/noticiaempauta.com\/portal\/#\/schema\/person\/a74af43dd1ab3deca45f988c717d57ac\",\"name\":\"Reda\u00e7\u00e3o\",\"image\":{\"@type\":\"ImageObject\",\"inLanguage\":\"pt-BR\",\"@id\":\"https:\/\/noticiaempauta.com\/portal\/#\/schema\/person\/image\/\",\"url\":\"https:\/\/secure.gravatar.com\/avatar\/03179346ecce6cdfc13361603e8f54242a90e5cde8618fa23c5c00aa2b0aadf3?s=96&d=mm&r=g\",\"contentUrl\":\"https:\/\/secure.gravatar.com\/avatar\/03179346ecce6cdfc13361603e8f54242a90e5cde8618fa23c5c00aa2b0aadf3?s=96&d=mm&r=g\",\"caption\":\"Reda\u00e7\u00e3o\"},\"sameAs\":[\"https:\/\/noticiaempauta.com\/portal\/\"],\"url\":\"https:\/\/noticiaempauta.com\/portal\/author\/fernando\/\"}]}<\/script>\n<!-- \/ Yoast SEO Premium plugin. -->","yoast_head_json":{"title":"Secretaria de Tr\u00e2nsito anuncia mudan\u00e7a no sentindo da Rua Marcos Parente e implanta\u00e7\u00e3o de novo sem\u00e1foro em Picos - Portal Not\u00edcia em Pauta","robots":{"index":"index","follow":"follow","max-snippet":"max-snippet:-1","max-image-preview":"max-image-preview:large","max-video-preview":"max-video-preview:-1"},"canonical":"https:\/\/noticiaempauta.com\/portal\/secretaria-de-transito-anuncia-mudanca-no-sentindo-da-rua-marcos-parente-e-implantacao-de-novo-semaforo-em-picos\/","og_locale":"pt_BR","og_type":"article","og_title":"Secretaria de Tr\u00e2nsito anuncia mudan\u00e7a no sentindo da Rua Marcos Parente e implanta\u00e7\u00e3o de novo sem\u00e1foro em Picos","og_description":"Na manh\u00e3 desta quarta-feira (27), o secret\u00e1rio municipal de Transporte, Tr\u00e2nsito e Mobilidade Urbana de Picos, Edvaldo Filho, anunciou mudan\u00e7as que acontecer\u00e3o nas vias de algumas ruas da cidade. A principal delas \u00e9 a altera\u00e7\u00e3o no sentido da Rua Marcos Parente, que passar\u00e1 a ser uma via de m\u00e3o \u00fanica.&nbsp; Segundo Edvaldo Filho, a mudan\u00e7a [&hellip;]","og_url":"https:\/\/noticiaempauta.com\/portal\/secretaria-de-transito-anuncia-mudanca-no-sentindo-da-rua-marcos-parente-e-implantacao-de-novo-semaforo-em-picos\/","og_site_name":"Portal Not\u00edcia em Pauta","article_publisher":"https:\/\/www.facebook.com\/Portal-Notcia-Em-Pauta-102292869264820\/","article_published_time":"2025-08-27T20:11:31+00:00","article_modified_time":"2025-08-27T20:11:33+00:00","og_image":[{"width":1000,"height":562,"url":"https:\/\/noticiaempauta.com\/portal\/wp-content\/uploads\/2025\/08\/IMG_9358.webp","type":"image\/webp"}],"author":"Reda\u00e7\u00e3o","twitter_card":"summary_large_image","twitter_misc":{"Escrito por":"Reda\u00e7\u00e3o","Est. tempo de leitura":"3 minutos"},"schema":{"@context":"https:\/\/schema.org","@graph":[{"@type":"Article","@id":"https:\/\/noticiaempauta.com\/portal\/secretaria-de-transito-anuncia-mudanca-no-sentindo-da-rua-marcos-parente-e-implantacao-de-novo-semaforo-em-picos\/#article","isPartOf":{"@id":"https:\/\/noticiaempauta.com\/portal\/secretaria-de-transito-anuncia-mudanca-no-sentindo-da-rua-marcos-parente-e-implantacao-de-novo-semaforo-em-picos\/"},"author":{"name":"Reda\u00e7\u00e3o","@id":"https:\/\/noticiaempauta.com\/portal\/#\/schema\/person\/a74af43dd1ab3deca45f988c717d57ac"},"headline":"Secretaria de Tr\u00e2nsito anuncia mudan\u00e7a no sentindo da Rua Marcos Parente e implanta\u00e7\u00e3o de novo sem\u00e1foro em Picos","datePublished":"2025-08-27T20:11:31+00:00","dateModified":"2025-08-27T20:11:33+00:00","mainEntityOfPage":{"@id":"https:\/\/noticiaempauta.com\/portal\/secretaria-de-transito-anuncia-mudanca-no-sentindo-da-rua-marcos-parente-e-implantacao-de-novo-semaforo-em-picos\/"},"wordCount":437,"commentCount":0,"publisher":{"@id":"https:\/\/noticiaempauta.com\/portal\/#organization"},"image":{"@id":"https:\/\/noticiaempauta.com\/portal\/secretaria-de-transito-anuncia-mudanca-no-sentindo-da-rua-marcos-parente-e-implantacao-de-novo-semaforo-em-picos\/#primaryimage"},"thumbnailUrl":"https:\/\/noticiaempauta.com\/portal\/wp-content\/uploads\/2025\/08\/IMG_9358.webp","keywords":["destaqueprincipal"],"articleSection":["Destaques","Geral","Todas as Not\u00edcias"],"inLanguage":"pt-BR","potentialAction":[{"@type":"CommentAction","name":"Comment","target":["https:\/\/noticiaempauta.com\/portal\/secretaria-de-transito-anuncia-mudanca-no-sentindo-da-rua-marcos-parente-e-implantacao-de-novo-semaforo-em-picos\/#respond"]}]},{"@type":"WebPage","@id":"https:\/\/noticiaempauta.com\/portal\/secretaria-de-transito-anuncia-mudanca-no-sentindo-da-rua-marcos-parente-e-implantacao-de-novo-semaforo-em-picos\/","url":"https:\/\/noticiaempauta.com\/portal\/secretaria-de-transito-anuncia-mudanca-no-sentindo-da-rua-marcos-parente-e-implantacao-de-novo-semaforo-em-picos\/","name":"Secretaria de Tr\u00e2nsito anuncia mudan\u00e7a no sentindo da Rua Marcos Parente e implanta\u00e7\u00e3o de novo sem\u00e1foro em Picos - Portal Not\u00edcia em Pauta","isPartOf":{"@id":"https:\/\/noticiaempauta.com\/portal\/#website"},"primaryImageOfPage":{"@id":"https:\/\/noticiaempauta.com\/portal\/secretaria-de-transito-anuncia-mudanca-no-sentindo-da-rua-marcos-parente-e-implantacao-de-novo-semaforo-em-picos\/#primaryimage"},"image":{"@id":"https:\/\/noticiaempauta.com\/portal\/secretaria-de-transito-anuncia-mudanca-no-sentindo-da-rua-marcos-parente-e-implantacao-de-novo-semaforo-em-picos\/#primaryimage"},"thumbnailUrl":"https:\/\/noticiaempauta.com\/portal\/wp-content\/uploads\/2025\/08\/IMG_9358.webp","datePublished":"2025-08-27T20:11:31+00:00","dateModified":"2025-08-27T20:11:33+00:00","breadcrumb":{"@id":"https:\/\/noticiaempauta.com\/portal\/secretaria-de-transito-anuncia-mudanca-no-sentindo-da-rua-marcos-parente-e-implantacao-de-novo-semaforo-em-picos\/#breadcrumb"},"inLanguage":"pt-BR","potentialAction":[{"@type":"ReadAction","target":["https:\/\/noticiaempauta.com\/portal\/secretaria-de-transito-anuncia-mudanca-no-sentindo-da-rua-marcos-parente-e-implantacao-de-novo-semaforo-em-picos\/"]}]},{"@type":"ImageObject","inLanguage":"pt-BR","@id":"https:\/\/noticiaempauta.com\/portal\/secretaria-de-transito-anuncia-mudanca-no-sentindo-da-rua-marcos-parente-e-implantacao-de-novo-semaforo-em-picos\/#primaryimage","url":"https:\/\/noticiaempauta.com\/portal\/wp-content\/uploads\/2025\/08\/IMG_9358.webp","contentUrl":"https:\/\/noticiaempauta.com\/portal\/wp-content\/uploads\/2025\/08\/IMG_9358.webp","width":1000,"height":562},{"@type":"BreadcrumbList","@id":"https:\/\/noticiaempauta.com\/portal\/secretaria-de-transito-anuncia-mudanca-no-sentindo-da-rua-marcos-parente-e-implantacao-de-novo-semaforo-em-picos\/#breadcrumb","itemListElement":[{"@type":"ListItem","position":1,"name":"P\u00e1gina Inicial","item":"https:\/\/noticiaempauta.com\/portal\/"},{"@type":"ListItem","position":2,"name":"Geral","item":"https:\/\/noticiaempauta.com\/portal\/geral\/"},{"@type":"ListItem","position":3,"name":"Secretaria de Tr\u00e2nsito anuncia mudan\u00e7a no sentindo da Rua Marcos Parente e implanta\u00e7\u00e3o de novo sem\u00e1foro em Picos"}]},{"@type":"WebSite","@id":"https:\/\/noticiaempauta.com\/portal\/#website","url":"https:\/\/noticiaempauta.com\/portal\/","name":"Portal Not\u00edcia em Pauta","description":"Voc\u00ea bem informado","publisher":{"@id":"https:\/\/noticiaempauta.com\/portal\/#organization"},"potentialAction":[{"@type":"SearchAction","target":{"@type":"EntryPoint","urlTemplate":"https:\/\/noticiaempauta.com\/portal\/?s={search_term_string}"},"query-input":{"@type":"PropertyValueSpecification","valueRequired":true,"valueName":"search_term_string"}}],"inLanguage":"pt-BR"},{"@type":"Organization","@id":"https:\/\/noticiaempauta.com\/portal\/#organization","name":"Portal Not\u00edcia em Pauta","url":"https:\/\/noticiaempauta.com\/portal\/","logo":{"@type":"ImageObject","inLanguage":"pt-BR","@id":"https:\/\/noticiaempauta.com\/portal\/#\/schema\/logo\/image\/","url":"https:\/\/noticiaempauta.com\/portal\/wp-content\/uploads\/2022\/08\/logomarca_tema.fw_.png","contentUrl":"https:\/\/noticiaempauta.com\/portal\/wp-content\/uploads\/2022\/08\/logomarca_tema.fw_.png","width":400,"height":232,"caption":"Portal Not\u00edcia em Pauta"},"image":{"@id":"https:\/\/noticiaempauta.com\/portal\/#\/schema\/logo\/image\/"},"sameAs":["https:\/\/www.facebook.com\/Portal-Notcia-Em-Pauta-102292869264820\/","https:\/\/www.instagram.com\/portalnoticiaempauta\/"]},{"@type":"Person","@id":"https:\/\/noticiaempauta.com\/portal\/#\/schema\/person\/a74af43dd1ab3deca45f988c717d57ac","name":"Reda\u00e7\u00e3o","image":{"@type":"ImageObject","inLanguage":"pt-BR","@id":"https:\/\/noticiaempauta.com\/portal\/#\/schema\/person\/image\/","url":"https:\/\/secure.gravatar.com\/avatar\/03179346ecce6cdfc13361603e8f54242a90e5cde8618fa23c5c00aa2b0aadf3?s=96&d=mm&r=g","contentUrl":"https:\/\/secure.gravatar.com\/avatar\/03179346ecce6cdfc13361603e8f54242a90e5cde8618fa23c5c00aa2b0aadf3?s=96&d=mm&r=g","caption":"Reda\u00e7\u00e3o"},"sameAs":["https:\/\/noticiaempauta.com\/portal\/"],"url":"https:\/\/noticiaempauta.com\/portal\/author\/fernando\/"}]}},"_links":{"self":[{"href":"https:\/\/noticiaempauta.com\/portal\/wp-json\/wp\/v2\/posts\/277267","targetHints":{"allow":["GET"]}}],"collection":[{"href":"https:\/\/noticiaempauta.com\/portal\/wp-json\/wp\/v2\/posts"}],"about":[{"href":"https:\/\/noticiaempauta.com\/portal\/wp-json\/wp\/v2\/types\/post"}],"author":[{"embeddable":true,"href":"https:\/\/noticiaempauta.com\/portal\/wp-json\/wp\/v2\/users\/2"}],"replies":[{"embeddable":true,"href":"https:\/\/noticiaempauta.com\/portal\/wp-json\/wp\/v2\/comments?post=277267"}],"version-history":[{"count":2,"href":"https:\/\/noticiaempauta.com\/portal\/wp-json\/wp\/v2\/posts\/277267\/revisions"}],"predecessor-version":[{"id":277271,"href":"https:\/\/noticiaempauta.com\/portal\/wp-json\/wp\/v2\/posts\/277267\/revisions\/277271"}],"wp:featuredmedia":[{"embeddable":true,"href":"https:\/\/noticiaempauta.com\/portal\/wp-json\/wp\/v2\/media\/277268"}],"wp:attachment":[{"href":"https:\/\/noticiaempauta.com\/portal\/wp-json\/wp\/v2\/media?parent=277267"}],"wp:term":[{"taxonomy":"category","embeddable":true,"href":"https:\/\/noticiaempauta.com\/portal\/wp-json\/wp\/v2\/categories?post=277267"},{"taxonomy":"post_tag","embeddable":true,"href":"https:\/\/noticiaempauta.com\/portal\/wp-json\/wp\/v2\/tags?post=277267"}],"curies":[{"name":"wp","href":"https:\/\/api.w.org\/{rel}","templated":true}]}}