{"id":277299,"date":"2025-08-29T09:27:32","date_gmt":"2025-08-29T12:27:32","guid":{"rendered":"https:\/\/noticiaempauta.com\/portal\/?p=277299"},"modified":"2025-08-29T09:27:33","modified_gmt":"2025-08-29T12:27:33","slug":"prefeitura-de-aroeiras-do-itaim-realiza-escuta-publica-da-lei-aldir-blanc","status":"publish","type":"post","link":"https:\/\/noticiaempauta.com\/portal\/prefeitura-de-aroeiras-do-itaim-realiza-escuta-publica-da-lei-aldir-blanc\/","title":{"rendered":"Prefeitura de Aroeiras do Itaim realiza escuta p\u00fablica da Lei Aldir Blanc"},"content":{"rendered":"\n<p>A Prefeitura Municipal de Aroeiras do Itaim, por meio da Secretaria de Cultura, promoveu&nbsp;a Escuta P\u00fablica da Lei Aldir Blanc, iniciativa que tem como objetivo ampliar o di\u00e1logo com a comunidade cultural do munic\u00edpio.<\/p>\n\n\n\n<figure class=\"wp-block-image size-large\"><img fetchpriority=\"high\" decoding=\"async\" width=\"1024\" height=\"768\" src=\"https:\/\/noticiaempauta.com\/portal\/wp-content\/uploads\/2025\/08\/FA-IMG-bebd5fad59a1d0d5c8bb-1-1024x768.jpg\" alt=\"\" class=\"wp-image-277301\" srcset=\"https:\/\/noticiaempauta.com\/portal\/wp-content\/uploads\/2025\/08\/FA-IMG-bebd5fad59a1d0d5c8bb-1-1024x768.jpg 1024w, https:\/\/noticiaempauta.com\/portal\/wp-content\/uploads\/2025\/08\/FA-IMG-bebd5fad59a1d0d5c8bb-1-300x225.jpg 300w, https:\/\/noticiaempauta.com\/portal\/wp-content\/uploads\/2025\/08\/FA-IMG-bebd5fad59a1d0d5c8bb-1-768x576.jpg 768w, https:\/\/noticiaempauta.com\/portal\/wp-content\/uploads\/2025\/08\/FA-IMG-bebd5fad59a1d0d5c8bb-1-1536x1152.jpg 1536w, https:\/\/noticiaempauta.com\/portal\/wp-content\/uploads\/2025\/08\/FA-IMG-bebd5fad59a1d0d5c8bb-1-2048x1536.jpg 2048w\" sizes=\"(max-width: 1024px) 100vw, 1024px\" \/><\/figure>\n\n\n\n<p>O encontro reuniu artistas, fazedores de cultura, representantes de associa\u00e7\u00f5es e popula\u00e7\u00e3o em geral, que puderam contribuir com propostas e sugest\u00f5es para a aplica\u00e7\u00e3o dos recursos destinados ao setor.<\/p>\n\n\n\n<figure class=\"wp-block-image size-large\"><img decoding=\"async\" width=\"1024\" height=\"768\" src=\"https:\/\/noticiaempauta.com\/portal\/wp-content\/uploads\/2025\/08\/7ece65f3-f4bb-4fb7-80e4-a91498028f62-1024x768.jpg\" alt=\"\" class=\"wp-image-277302\" srcset=\"https:\/\/noticiaempauta.com\/portal\/wp-content\/uploads\/2025\/08\/7ece65f3-f4bb-4fb7-80e4-a91498028f62-1024x768.jpg 1024w, https:\/\/noticiaempauta.com\/portal\/wp-content\/uploads\/2025\/08\/7ece65f3-f4bb-4fb7-80e4-a91498028f62-300x225.jpg 300w, https:\/\/noticiaempauta.com\/portal\/wp-content\/uploads\/2025\/08\/7ece65f3-f4bb-4fb7-80e4-a91498028f62-768x576.jpg 768w, https:\/\/noticiaempauta.com\/portal\/wp-content\/uploads\/2025\/08\/7ece65f3-f4bb-4fb7-80e4-a91498028f62-1536x1152.jpg 1536w, https:\/\/noticiaempauta.com\/portal\/wp-content\/uploads\/2025\/08\/7ece65f3-f4bb-4fb7-80e4-a91498028f62.jpg 1600w\" sizes=\"(max-width: 1024px) 100vw, 1024px\" \/><\/figure>\n\n\n\n<p>A escuta foi conduzida pelo procurador do munic\u00edpio, Dr. Elianderson Moura, e contou com a presen\u00e7a do secret\u00e1rio de Cultura, Teixeira Neto, que destacou a import\u00e2ncia do momento para fortalecer o setor cultural local.<\/p>\n\n\n\n<figure class=\"wp-block-image size-large\"><img decoding=\"async\" width=\"1024\" height=\"768\" src=\"https:\/\/noticiaempauta.com\/portal\/wp-content\/uploads\/2025\/08\/a1d36ac4-0ed0-48dd-98cd-6cd91364231f-1024x768.jpg\" alt=\"\" class=\"wp-image-277303\" srcset=\"https:\/\/noticiaempauta.com\/portal\/wp-content\/uploads\/2025\/08\/a1d36ac4-0ed0-48dd-98cd-6cd91364231f-1024x768.jpg 1024w, https:\/\/noticiaempauta.com\/portal\/wp-content\/uploads\/2025\/08\/a1d36ac4-0ed0-48dd-98cd-6cd91364231f-300x225.jpg 300w, https:\/\/noticiaempauta.com\/portal\/wp-content\/uploads\/2025\/08\/a1d36ac4-0ed0-48dd-98cd-6cd91364231f-768x576.jpg 768w, https:\/\/noticiaempauta.com\/portal\/wp-content\/uploads\/2025\/08\/a1d36ac4-0ed0-48dd-98cd-6cd91364231f-1536x1152.jpg 1536w, https:\/\/noticiaempauta.com\/portal\/wp-content\/uploads\/2025\/08\/a1d36ac4-0ed0-48dd-98cd-6cd91364231f.jpg 1600w\" sizes=\"(max-width: 1024px) 100vw, 1024px\" \/><\/figure>\n\n\n\n<p>Durante o evento, foram discutidas demandas, prioridades de investimento e formas de garantir maior participa\u00e7\u00e3o dos trabalhadores da cultura nos projetos apoiados<\/p>\n\n\n\n<p>O prefeito Marciano Macedo ressaltou a relev\u00e2ncia da iniciativa: \u201cA escuta p\u00fablica \u00e9 essencial para que possamos ouvir os artistas, artes\u00e3os e produtores culturais de Aroeiras do Itaim. Nossa gest\u00e3o tem o compromisso de construir pol\u00edticas p\u00fablicas de forma participativa, valorizando a cultura e garantindo que os recursos cheguem a quem realmente precisa\u201d.<\/p>\n\n\n\n<p>O vice-prefeito tamb\u00e9m participou do encontro, refor\u00e7ando o apoio da gest\u00e3o municipal na condu\u00e7\u00e3o dos processos legais e transparentes de aplica\u00e7\u00e3o dos recursos. Ap\u00f3s a escuta p\u00fablica, ser\u00e1 elaborado um plano de a\u00e7\u00e3o, em conson\u00e2ncia com as sugest\u00f5es apresentadas, que servir\u00e1 de base para os editais culturais a serem lan\u00e7ados.<\/p>\n\n\n\n<p>Com a iniciativa, a Prefeitura reafirma seu compromisso com a valoriza\u00e7\u00e3o da cultura e com o fortalecimento da identidade cultural de Aroeiras do Itaim, garantindo que artistas e agentes culturais tenham voz ativa na constru\u00e7\u00e3o de pol\u00edticas que impactam diretamente o setor.<\/p>\n\n\n\n<p>Ascom<\/p>\n","protected":false},"excerpt":{"rendered":"<p>A Prefeitura Municipal de Aroeiras do Itaim, por meio da Secretaria de Cultura, promoveu&nbsp;a Escuta P\u00fablica da Lei Aldir Blanc, iniciativa que tem como objetivo ampliar o di\u00e1logo com a comunidade cultural do munic\u00edpio. O encontro reuniu artistas, fazedores de cultura, representantes de associa\u00e7\u00f5es e popula\u00e7\u00e3o em geral, que puderam contribuir com propostas e sugest\u00f5es [&hellip;]<\/p>\n","protected":false},"author":2,"featured_media":277300,"comment_status":"open","ping_status":"open","sticky":false,"template":"","format":"standard","meta":{"_mi_skip_tracking":false,"footnotes":""},"categories":[167,25,1,9,16],"tags":[],"class_list":["post-277299","post","type-post","status-publish","format-standard","has-post-thumbnail","hentry","category-cultura","category-destaques-site","category-geral","category-municipios","category-todas"],"acf":[],"yoast_head":"<!-- This site is optimized with the Yoast SEO Premium plugin v19.2 (Yoast SEO v26.9) - https:\/\/yoast.com\/product\/yoast-seo-premium-wordpress\/ -->\n<title>Prefeitura de Aroeiras do Itaim realiza escuta p\u00fablica da Lei Aldir Blanc - Portal Not\u00edcia em Pauta<\/title>\n<meta name=\"robots\" content=\"index, follow, max-snippet:-1, max-image-preview:large, max-video-preview:-1\" \/>\n<link rel=\"canonical\" href=\"https:\/\/noticiaempauta.com\/portal\/prefeitura-de-aroeiras-do-itaim-realiza-escuta-publica-da-lei-aldir-blanc\/\" \/>\n<meta property=\"og:locale\" content=\"pt_BR\" \/>\n<meta property=\"og:type\" content=\"article\" \/>\n<meta property=\"og:title\" content=\"Prefeitura de Aroeiras do Itaim realiza escuta p\u00fablica da Lei Aldir Blanc\" \/>\n<meta property=\"og:description\" content=\"A Prefeitura Municipal de Aroeiras do Itaim, por meio da Secretaria de Cultura, promoveu&nbsp;a Escuta P\u00fablica da Lei Aldir Blanc, iniciativa que tem como objetivo ampliar o di\u00e1logo com a comunidade cultural do munic\u00edpio. O encontro reuniu artistas, fazedores de cultura, representantes de associa\u00e7\u00f5es e popula\u00e7\u00e3o em geral, que puderam contribuir com propostas e sugest\u00f5es [&hellip;]\" \/>\n<meta property=\"og:url\" content=\"https:\/\/noticiaempauta.com\/portal\/prefeitura-de-aroeiras-do-itaim-realiza-escuta-publica-da-lei-aldir-blanc\/\" \/>\n<meta property=\"og:site_name\" content=\"Portal Not\u00edcia em Pauta\" \/>\n<meta property=\"article:publisher\" content=\"https:\/\/www.facebook.com\/Portal-Notcia-Em-Pauta-102292869264820\/\" \/>\n<meta property=\"article:published_time\" content=\"2025-08-29T12:27:32+00:00\" \/>\n<meta property=\"article:modified_time\" content=\"2025-08-29T12:27:33+00:00\" \/>\n<meta property=\"og:image\" content=\"https:\/\/noticiaempauta.com\/portal\/wp-content\/uploads\/2025\/08\/FA-IMG-bebd5fad59a1d0d5c8bb-scaled.jpg\" \/>\n\t<meta property=\"og:image:width\" content=\"2560\" \/>\n\t<meta property=\"og:image:height\" content=\"1920\" \/>\n\t<meta property=\"og:image:type\" content=\"image\/jpeg\" \/>\n<meta name=\"author\" content=\"Reda\u00e7\u00e3o\" \/>\n<meta name=\"twitter:card\" content=\"summary_large_image\" \/>\n<meta name=\"twitter:label1\" content=\"Escrito por\" \/>\n\t<meta name=\"twitter:data1\" content=\"Reda\u00e7\u00e3o\" \/>\n\t<meta name=\"twitter:label2\" content=\"Est. tempo de leitura\" \/>\n\t<meta name=\"twitter:data2\" content=\"3 minutos\" \/>\n<script type=\"application\/ld+json\" class=\"yoast-schema-graph\">{\"@context\":\"https:\/\/schema.org\",\"@graph\":[{\"@type\":\"Article\",\"@id\":\"https:\/\/noticiaempauta.com\/portal\/prefeitura-de-aroeiras-do-itaim-realiza-escuta-publica-da-lei-aldir-blanc\/#article\",\"isPartOf\":{\"@id\":\"https:\/\/noticiaempauta.com\/portal\/prefeitura-de-aroeiras-do-itaim-realiza-escuta-publica-da-lei-aldir-blanc\/\"},\"author\":{\"name\":\"Reda\u00e7\u00e3o\",\"@id\":\"https:\/\/noticiaempauta.com\/portal\/#\/schema\/person\/a74af43dd1ab3deca45f988c717d57ac\"},\"headline\":\"Prefeitura de Aroeiras do Itaim realiza escuta p\u00fablica da Lei Aldir Blanc\",\"datePublished\":\"2025-08-29T12:27:32+00:00\",\"dateModified\":\"2025-08-29T12:27:33+00:00\",\"mainEntityOfPage\":{\"@id\":\"https:\/\/noticiaempauta.com\/portal\/prefeitura-de-aroeiras-do-itaim-realiza-escuta-publica-da-lei-aldir-blanc\/\"},\"wordCount\":311,\"commentCount\":0,\"publisher\":{\"@id\":\"https:\/\/noticiaempauta.com\/portal\/#organization\"},\"image\":{\"@id\":\"https:\/\/noticiaempauta.com\/portal\/prefeitura-de-aroeiras-do-itaim-realiza-escuta-publica-da-lei-aldir-blanc\/#primaryimage\"},\"thumbnailUrl\":\"https:\/\/noticiaempauta.com\/portal\/wp-content\/uploads\/2025\/08\/FA-IMG-bebd5fad59a1d0d5c8bb-scaled.jpg\",\"articleSection\":[\"Cultura\",\"Destaques\",\"Geral\",\"Munic\u00edpios\",\"Todas as Not\u00edcias\"],\"inLanguage\":\"pt-BR\",\"potentialAction\":[{\"@type\":\"CommentAction\",\"name\":\"Comment\",\"target\":[\"https:\/\/noticiaempauta.com\/portal\/prefeitura-de-aroeiras-do-itaim-realiza-escuta-publica-da-lei-aldir-blanc\/#respond\"]}]},{\"@type\":\"WebPage\",\"@id\":\"https:\/\/noticiaempauta.com\/portal\/prefeitura-de-aroeiras-do-itaim-realiza-escuta-publica-da-lei-aldir-blanc\/\",\"url\":\"https:\/\/noticiaempauta.com\/portal\/prefeitura-de-aroeiras-do-itaim-realiza-escuta-publica-da-lei-aldir-blanc\/\",\"name\":\"Prefeitura de Aroeiras do Itaim realiza escuta p\u00fablica da Lei Aldir Blanc - Portal Not\u00edcia em Pauta\",\"isPartOf\":{\"@id\":\"https:\/\/noticiaempauta.com\/portal\/#website\"},\"primaryImageOfPage\":{\"@id\":\"https:\/\/noticiaempauta.com\/portal\/prefeitura-de-aroeiras-do-itaim-realiza-escuta-publica-da-lei-aldir-blanc\/#primaryimage\"},\"image\":{\"@id\":\"https:\/\/noticiaempauta.com\/portal\/prefeitura-de-aroeiras-do-itaim-realiza-escuta-publica-da-lei-aldir-blanc\/#primaryimage\"},\"thumbnailUrl\":\"https:\/\/noticiaempauta.com\/portal\/wp-content\/uploads\/2025\/08\/FA-IMG-bebd5fad59a1d0d5c8bb-scaled.jpg\",\"datePublished\":\"2025-08-29T12:27:32+00:00\",\"dateModified\":\"2025-08-29T12:27:33+00:00\",\"breadcrumb\":{\"@id\":\"https:\/\/noticiaempauta.com\/portal\/prefeitura-de-aroeiras-do-itaim-realiza-escuta-publica-da-lei-aldir-blanc\/#breadcrumb\"},\"inLanguage\":\"pt-BR\",\"potentialAction\":[{\"@type\":\"ReadAction\",\"target\":[\"https:\/\/noticiaempauta.com\/portal\/prefeitura-de-aroeiras-do-itaim-realiza-escuta-publica-da-lei-aldir-blanc\/\"]}]},{\"@type\":\"ImageObject\",\"inLanguage\":\"pt-BR\",\"@id\":\"https:\/\/noticiaempauta.com\/portal\/prefeitura-de-aroeiras-do-itaim-realiza-escuta-publica-da-lei-aldir-blanc\/#primaryimage\",\"url\":\"https:\/\/noticiaempauta.com\/portal\/wp-content\/uploads\/2025\/08\/FA-IMG-bebd5fad59a1d0d5c8bb-scaled.jpg\",\"contentUrl\":\"https:\/\/noticiaempauta.com\/portal\/wp-content\/uploads\/2025\/08\/FA-IMG-bebd5fad59a1d0d5c8bb-scaled.jpg\",\"width\":2560,\"height\":1920},{\"@type\":\"BreadcrumbList\",\"@id\":\"https:\/\/noticiaempauta.com\/portal\/prefeitura-de-aroeiras-do-itaim-realiza-escuta-publica-da-lei-aldir-blanc\/#breadcrumb\",\"itemListElement\":[{\"@type\":\"ListItem\",\"position\":1,\"name\":\"P\u00e1gina Inicial\",\"item\":\"https:\/\/noticiaempauta.com\/portal\/\"},{\"@type\":\"ListItem\",\"position\":2,\"name\":\"Destaques\",\"item\":\"https:\/\/noticiaempauta.com\/portal\/destaques-site\/\"},{\"@type\":\"ListItem\",\"position\":3,\"name\":\"Prefeitura de Aroeiras do Itaim realiza escuta p\u00fablica da Lei Aldir Blanc\"}]},{\"@type\":\"WebSite\",\"@id\":\"https:\/\/noticiaempauta.com\/portal\/#website\",\"url\":\"https:\/\/noticiaempauta.com\/portal\/\",\"name\":\"Portal Not\u00edcia em Pauta\",\"description\":\"Voc\u00ea bem informado\",\"publisher\":{\"@id\":\"https:\/\/noticiaempauta.com\/portal\/#organization\"},\"potentialAction\":[{\"@type\":\"SearchAction\",\"target\":{\"@type\":\"EntryPoint\",\"urlTemplate\":\"https:\/\/noticiaempauta.com\/portal\/?s={search_term_string}\"},\"query-input\":{\"@type\":\"PropertyValueSpecification\",\"valueRequired\":true,\"valueName\":\"search_term_string\"}}],\"inLanguage\":\"pt-BR\"},{\"@type\":\"Organization\",\"@id\":\"https:\/\/noticiaempauta.com\/portal\/#organization\",\"name\":\"Portal Not\u00edcia em Pauta\",\"url\":\"https:\/\/noticiaempauta.com\/portal\/\",\"logo\":{\"@type\":\"ImageObject\",\"inLanguage\":\"pt-BR\",\"@id\":\"https:\/\/noticiaempauta.com\/portal\/#\/schema\/logo\/image\/\",\"url\":\"https:\/\/noticiaempauta.com\/portal\/wp-content\/uploads\/2022\/08\/logomarca_tema.fw_.png\",\"contentUrl\":\"https:\/\/noticiaempauta.com\/portal\/wp-content\/uploads\/2022\/08\/logomarca_tema.fw_.png\",\"width\":400,\"height\":232,\"caption\":\"Portal Not\u00edcia em Pauta\"},\"image\":{\"@id\":\"https:\/\/noticiaempauta.com\/portal\/#\/schema\/logo\/image\/\"},\"sameAs\":[\"https:\/\/www.facebook.com\/Portal-Notcia-Em-Pauta-102292869264820\/\",\"https:\/\/www.instagram.com\/portalnoticiaempauta\/\"]},{\"@type\":\"Person\",\"@id\":\"https:\/\/noticiaempauta.com\/portal\/#\/schema\/person\/a74af43dd1ab3deca45f988c717d57ac\",\"name\":\"Reda\u00e7\u00e3o\",\"image\":{\"@type\":\"ImageObject\",\"inLanguage\":\"pt-BR\",\"@id\":\"https:\/\/noticiaempauta.com\/portal\/#\/schema\/person\/image\/\",\"url\":\"https:\/\/secure.gravatar.com\/avatar\/03179346ecce6cdfc13361603e8f54242a90e5cde8618fa23c5c00aa2b0aadf3?s=96&d=mm&r=g\",\"contentUrl\":\"https:\/\/secure.gravatar.com\/avatar\/03179346ecce6cdfc13361603e8f54242a90e5cde8618fa23c5c00aa2b0aadf3?s=96&d=mm&r=g\",\"caption\":\"Reda\u00e7\u00e3o\"},\"sameAs\":[\"https:\/\/noticiaempauta.com\/portal\/\"],\"url\":\"https:\/\/noticiaempauta.com\/portal\/author\/fernando\/\"}]}<\/script>\n<!-- \/ Yoast SEO Premium plugin. -->","yoast_head_json":{"title":"Prefeitura de Aroeiras do Itaim realiza escuta p\u00fablica da Lei Aldir Blanc - Portal Not\u00edcia em Pauta","robots":{"index":"index","follow":"follow","max-snippet":"max-snippet:-1","max-image-preview":"max-image-preview:large","max-video-preview":"max-video-preview:-1"},"canonical":"https:\/\/noticiaempauta.com\/portal\/prefeitura-de-aroeiras-do-itaim-realiza-escuta-publica-da-lei-aldir-blanc\/","og_locale":"pt_BR","og_type":"article","og_title":"Prefeitura de Aroeiras do Itaim realiza escuta p\u00fablica da Lei Aldir Blanc","og_description":"A Prefeitura Municipal de Aroeiras do Itaim, por meio da Secretaria de Cultura, promoveu&nbsp;a Escuta P\u00fablica da Lei Aldir Blanc, iniciativa que tem como objetivo ampliar o di\u00e1logo com a comunidade cultural do munic\u00edpio. O encontro reuniu artistas, fazedores de cultura, representantes de associa\u00e7\u00f5es e popula\u00e7\u00e3o em geral, que puderam contribuir com propostas e sugest\u00f5es [&hellip;]","og_url":"https:\/\/noticiaempauta.com\/portal\/prefeitura-de-aroeiras-do-itaim-realiza-escuta-publica-da-lei-aldir-blanc\/","og_site_name":"Portal Not\u00edcia em Pauta","article_publisher":"https:\/\/www.facebook.com\/Portal-Notcia-Em-Pauta-102292869264820\/","article_published_time":"2025-08-29T12:27:32+00:00","article_modified_time":"2025-08-29T12:27:33+00:00","og_image":[{"width":2560,"height":1920,"url":"https:\/\/noticiaempauta.com\/portal\/wp-content\/uploads\/2025\/08\/FA-IMG-bebd5fad59a1d0d5c8bb-scaled.jpg","type":"image\/jpeg"}],"author":"Reda\u00e7\u00e3o","twitter_card":"summary_large_image","twitter_misc":{"Escrito por":"Reda\u00e7\u00e3o","Est. tempo de leitura":"3 minutos"},"schema":{"@context":"https:\/\/schema.org","@graph":[{"@type":"Article","@id":"https:\/\/noticiaempauta.com\/portal\/prefeitura-de-aroeiras-do-itaim-realiza-escuta-publica-da-lei-aldir-blanc\/#article","isPartOf":{"@id":"https:\/\/noticiaempauta.com\/portal\/prefeitura-de-aroeiras-do-itaim-realiza-escuta-publica-da-lei-aldir-blanc\/"},"author":{"name":"Reda\u00e7\u00e3o","@id":"https:\/\/noticiaempauta.com\/portal\/#\/schema\/person\/a74af43dd1ab3deca45f988c717d57ac"},"headline":"Prefeitura de Aroeiras do Itaim realiza escuta p\u00fablica da Lei Aldir Blanc","datePublished":"2025-08-29T12:27:32+00:00","dateModified":"2025-08-29T12:27:33+00:00","mainEntityOfPage":{"@id":"https:\/\/noticiaempauta.com\/portal\/prefeitura-de-aroeiras-do-itaim-realiza-escuta-publica-da-lei-aldir-blanc\/"},"wordCount":311,"commentCount":0,"publisher":{"@id":"https:\/\/noticiaempauta.com\/portal\/#organization"},"image":{"@id":"https:\/\/noticiaempauta.com\/portal\/prefeitura-de-aroeiras-do-itaim-realiza-escuta-publica-da-lei-aldir-blanc\/#primaryimage"},"thumbnailUrl":"https:\/\/noticiaempauta.com\/portal\/wp-content\/uploads\/2025\/08\/FA-IMG-bebd5fad59a1d0d5c8bb-scaled.jpg","articleSection":["Cultura","Destaques","Geral","Munic\u00edpios","Todas as Not\u00edcias"],"inLanguage":"pt-BR","potentialAction":[{"@type":"CommentAction","name":"Comment","target":["https:\/\/noticiaempauta.com\/portal\/prefeitura-de-aroeiras-do-itaim-realiza-escuta-publica-da-lei-aldir-blanc\/#respond"]}]},{"@type":"WebPage","@id":"https:\/\/noticiaempauta.com\/portal\/prefeitura-de-aroeiras-do-itaim-realiza-escuta-publica-da-lei-aldir-blanc\/","url":"https:\/\/noticiaempauta.com\/portal\/prefeitura-de-aroeiras-do-itaim-realiza-escuta-publica-da-lei-aldir-blanc\/","name":"Prefeitura de Aroeiras do Itaim realiza escuta p\u00fablica da Lei Aldir Blanc - Portal Not\u00edcia em Pauta","isPartOf":{"@id":"https:\/\/noticiaempauta.com\/portal\/#website"},"primaryImageOfPage":{"@id":"https:\/\/noticiaempauta.com\/portal\/prefeitura-de-aroeiras-do-itaim-realiza-escuta-publica-da-lei-aldir-blanc\/#primaryimage"},"image":{"@id":"https:\/\/noticiaempauta.com\/portal\/prefeitura-de-aroeiras-do-itaim-realiza-escuta-publica-da-lei-aldir-blanc\/#primaryimage"},"thumbnailUrl":"https:\/\/noticiaempauta.com\/portal\/wp-content\/uploads\/2025\/08\/FA-IMG-bebd5fad59a1d0d5c8bb-scaled.jpg","datePublished":"2025-08-29T12:27:32+00:00","dateModified":"2025-08-29T12:27:33+00:00","breadcrumb":{"@id":"https:\/\/noticiaempauta.com\/portal\/prefeitura-de-aroeiras-do-itaim-realiza-escuta-publica-da-lei-aldir-blanc\/#breadcrumb"},"inLanguage":"pt-BR","potentialAction":[{"@type":"ReadAction","target":["https:\/\/noticiaempauta.com\/portal\/prefeitura-de-aroeiras-do-itaim-realiza-escuta-publica-da-lei-aldir-blanc\/"]}]},{"@type":"ImageObject","inLanguage":"pt-BR","@id":"https:\/\/noticiaempauta.com\/portal\/prefeitura-de-aroeiras-do-itaim-realiza-escuta-publica-da-lei-aldir-blanc\/#primaryimage","url":"https:\/\/noticiaempauta.com\/portal\/wp-content\/uploads\/2025\/08\/FA-IMG-bebd5fad59a1d0d5c8bb-scaled.jpg","contentUrl":"https:\/\/noticiaempauta.com\/portal\/wp-content\/uploads\/2025\/08\/FA-IMG-bebd5fad59a1d0d5c8bb-scaled.jpg","width":2560,"height":1920},{"@type":"BreadcrumbList","@id":"https:\/\/noticiaempauta.com\/portal\/prefeitura-de-aroeiras-do-itaim-realiza-escuta-publica-da-lei-aldir-blanc\/#breadcrumb","itemListElement":[{"@type":"ListItem","position":1,"name":"P\u00e1gina Inicial","item":"https:\/\/noticiaempauta.com\/portal\/"},{"@type":"ListItem","position":2,"name":"Destaques","item":"https:\/\/noticiaempauta.com\/portal\/destaques-site\/"},{"@type":"ListItem","position":3,"name":"Prefeitura de Aroeiras do Itaim realiza escuta p\u00fablica da Lei Aldir Blanc"}]},{"@type":"WebSite","@id":"https:\/\/noticiaempauta.com\/portal\/#website","url":"https:\/\/noticiaempauta.com\/portal\/","name":"Portal Not\u00edcia em Pauta","description":"Voc\u00ea bem informado","publisher":{"@id":"https:\/\/noticiaempauta.com\/portal\/#organization"},"potentialAction":[{"@type":"SearchAction","target":{"@type":"EntryPoint","urlTemplate":"https:\/\/noticiaempauta.com\/portal\/?s={search_term_string}"},"query-input":{"@type":"PropertyValueSpecification","valueRequired":true,"valueName":"search_term_string"}}],"inLanguage":"pt-BR"},{"@type":"Organization","@id":"https:\/\/noticiaempauta.com\/portal\/#organization","name":"Portal Not\u00edcia em Pauta","url":"https:\/\/noticiaempauta.com\/portal\/","logo":{"@type":"ImageObject","inLanguage":"pt-BR","@id":"https:\/\/noticiaempauta.com\/portal\/#\/schema\/logo\/image\/","url":"https:\/\/noticiaempauta.com\/portal\/wp-content\/uploads\/2022\/08\/logomarca_tema.fw_.png","contentUrl":"https:\/\/noticiaempauta.com\/portal\/wp-content\/uploads\/2022\/08\/logomarca_tema.fw_.png","width":400,"height":232,"caption":"Portal Not\u00edcia em Pauta"},"image":{"@id":"https:\/\/noticiaempauta.com\/portal\/#\/schema\/logo\/image\/"},"sameAs":["https:\/\/www.facebook.com\/Portal-Notcia-Em-Pauta-102292869264820\/","https:\/\/www.instagram.com\/portalnoticiaempauta\/"]},{"@type":"Person","@id":"https:\/\/noticiaempauta.com\/portal\/#\/schema\/person\/a74af43dd1ab3deca45f988c717d57ac","name":"Reda\u00e7\u00e3o","image":{"@type":"ImageObject","inLanguage":"pt-BR","@id":"https:\/\/noticiaempauta.com\/portal\/#\/schema\/person\/image\/","url":"https:\/\/secure.gravatar.com\/avatar\/03179346ecce6cdfc13361603e8f54242a90e5cde8618fa23c5c00aa2b0aadf3?s=96&d=mm&r=g","contentUrl":"https:\/\/secure.gravatar.com\/avatar\/03179346ecce6cdfc13361603e8f54242a90e5cde8618fa23c5c00aa2b0aadf3?s=96&d=mm&r=g","caption":"Reda\u00e7\u00e3o"},"sameAs":["https:\/\/noticiaempauta.com\/portal\/"],"url":"https:\/\/noticiaempauta.com\/portal\/author\/fernando\/"}]}},"_links":{"self":[{"href":"https:\/\/noticiaempauta.com\/portal\/wp-json\/wp\/v2\/posts\/277299","targetHints":{"allow":["GET"]}}],"collection":[{"href":"https:\/\/noticiaempauta.com\/portal\/wp-json\/wp\/v2\/posts"}],"about":[{"href":"https:\/\/noticiaempauta.com\/portal\/wp-json\/wp\/v2\/types\/post"}],"author":[{"embeddable":true,"href":"https:\/\/noticiaempauta.com\/portal\/wp-json\/wp\/v2\/users\/2"}],"replies":[{"embeddable":true,"href":"https:\/\/noticiaempauta.com\/portal\/wp-json\/wp\/v2\/comments?post=277299"}],"version-history":[{"count":2,"href":"https:\/\/noticiaempauta.com\/portal\/wp-json\/wp\/v2\/posts\/277299\/revisions"}],"predecessor-version":[{"id":277305,"href":"https:\/\/noticiaempauta.com\/portal\/wp-json\/wp\/v2\/posts\/277299\/revisions\/277305"}],"wp:featuredmedia":[{"embeddable":true,"href":"https:\/\/noticiaempauta.com\/portal\/wp-json\/wp\/v2\/media\/277300"}],"wp:attachment":[{"href":"https:\/\/noticiaempauta.com\/portal\/wp-json\/wp\/v2\/media?parent=277299"}],"wp:term":[{"taxonomy":"category","embeddable":true,"href":"https:\/\/noticiaempauta.com\/portal\/wp-json\/wp\/v2\/categories?post=277299"},{"taxonomy":"post_tag","embeddable":true,"href":"https:\/\/noticiaempauta.com\/portal\/wp-json\/wp\/v2\/tags?post=277299"}],"curies":[{"name":"wp","href":"https:\/\/api.w.org\/{rel}","templated":true}]}}