{"id":277306,"date":"2025-08-29T09:35:52","date_gmt":"2025-08-29T12:35:52","guid":{"rendered":"https:\/\/noticiaempauta.com\/portal\/?p=277306"},"modified":"2025-08-29T09:35:53","modified_gmt":"2025-08-29T12:35:53","slug":"piaui-e-1o-lugar-no-pais-em-vacinacao-de-gestantes-criancas-e-idosos-contra-influenza","status":"publish","type":"post","link":"https:\/\/noticiaempauta.com\/portal\/piaui-e-1o-lugar-no-pais-em-vacinacao-de-gestantes-criancas-e-idosos-contra-influenza\/","title":{"rendered":"Piau\u00ed \u00e9 1\u00ba lugar no pa\u00eds em vacina\u00e7\u00e3o de gestantes, crian\u00e7as e idosos contra influenza"},"content":{"rendered":"\n<p>O Piau\u00ed alcan\u00e7ou a primeira coloca\u00e7\u00e3o nacional na cobertura vacinal contra a influenza entre os grupos priorit\u00e1rios \u2014 gestantes, crian\u00e7as e idosos \u2014 atingindo 57,91% de imuniza\u00e7\u00e3o. O resultado, divulgado pelo Minist\u00e9rio da Sa\u00fade, coloca o Piau\u00ed \u00e0 frente do Esp\u00edrito Santo (55,39%) e do Paran\u00e1 (54,08%), consolidando sua posi\u00e7\u00e3o de destaque na campanha deste ano.<\/p>\n\n\n\n<p>\u201cO Minist\u00e9rio da Sa\u00fade reconheceu que o Piau\u00ed tirou o primeiro lugar em cobertura vacinal contra a influenza nesse ano de 2025. Ent\u00e3o, mais uma vez, os profissionais de sa\u00fade do Piau\u00ed, a rede integrada de sa\u00fade, que envolve Minist\u00e9rio, Secretaria Estadual, secretarias municipais e todos os profissionais, desde o agente comunit\u00e1rio de sa\u00fade, aos m\u00e9dicos, enfermeiros, t\u00e9cnicos de enfermagem, todo mundo envolvido nesse processo de vacina\u00e7\u00e3o, est\u00e3o de parab\u00e9ns. A vacina \u00e9 a maneira mais eficiente de garantir sa\u00fade pro povo\u201d, comemora o governador Rafael Fonteles.<\/p>\n\n\n\n<figure class=\"wp-block-image size-full\"><img fetchpriority=\"high\" decoding=\"async\" width=\"830\" height=\"494\" src=\"https:\/\/noticiaempauta.com\/portal\/wp-content\/uploads\/2025\/08\/FA-IMG-755f84fbadfdcc199bab.png\" alt=\"\" class=\"wp-image-277307\" srcset=\"https:\/\/noticiaempauta.com\/portal\/wp-content\/uploads\/2025\/08\/FA-IMG-755f84fbadfdcc199bab.png 830w, https:\/\/noticiaempauta.com\/portal\/wp-content\/uploads\/2025\/08\/FA-IMG-755f84fbadfdcc199bab-300x179.png 300w, https:\/\/noticiaempauta.com\/portal\/wp-content\/uploads\/2025\/08\/FA-IMG-755f84fbadfdcc199bab-768x457.png 768w\" sizes=\"(max-width: 830px) 100vw, 830px\" \/><\/figure>\n\n\n\n<p>De acordo com a Coordena\u00e7\u00e3o de Imuniza\u00e7\u00e3o da Sesapi, at\u00e9 o momento j\u00e1 foram aplicadas 303.035 doses em idosos, 146.742 em crian\u00e7as e 12.172 em gestantes. Os n\u00fameros consideram 1\u00aa dose, 2\u00aa dose, dose \u00fanica e refor\u00e7os, resultado do trabalho das equipes de sa\u00fade nos munic\u00edpios e da mobiliza\u00e7\u00e3o comunit\u00e1ria em torno da preven\u00e7\u00e3o.<\/p>\n\n\n\n<p>\u201cNo ano passado, o Piau\u00ed j\u00e1 foi o estado que teve a maior cobertura vacinal e, agora, em 2025, o Minist\u00e9rio da Sa\u00fade ranqueou os estados e o Piau\u00ed ficou de novo em primeiro lugar na vacina\u00e7\u00e3o contra a influenza. O Estado age de forma integrada com os munic\u00edpios que est\u00e3o executando a pol\u00edtica de vacina\u00e7\u00e3o e isso faz com que os piauienses consigam acreditar na vacina, na ci\u00eancia e consigam se prevenir de doen\u00e7as\u201d, avalia Antonio Luiz, secret\u00e1rio de Sa\u00fade.<\/p>\n\n\n\n<p>A coordenadora de Imuniza\u00e7\u00e3o da Sesapi, B\u00e1rbara Pinheiro, destacou que, apesar do desempenho positivo, ainda h\u00e1 desafios a superar. \u201cOs resultados mostram que estamos no caminho certo, mas o esfor\u00e7o precisa ser cont\u00ednuo. Nossa meta \u00e9 alcan\u00e7ar 90% de cobertura vacinal e, para isso, \u00e9 fundamental manter as campanhas de incentivo e a participa\u00e7\u00e3o ativa da popula\u00e7\u00e3o\u201d, afirmou.<\/p>\n\n\n\n<p>O governador Rafael Fonteles comemorou tamb\u00e9m o Pr\u00eamio Excel\u00eancia em Competitividade no ranking de boas pr\u00e1ticas do CLP (Centro de Lideran\u00e7a P\u00fablica), recebido ontem (27), pelo secret\u00e1rio Antonio Luiz, representando o governador, em Bras\u00edlia. O projeto em destaque foi o Piau\u00ed Sa\u00fade Digital, que ficou em primeiro na premia\u00e7\u00e3o nacional.<\/p>\n\n\n\n<p>\u201cEssa pol\u00edtica p\u00fablica, que est\u00e1 chegando pr\u00f3ximo a um milh\u00e3o de procedimentos daqui a cerca de quarenta dias, \u00e9 que tem revolucionado a sa\u00fade p\u00fablica, o SUS do Piau\u00ed, levando m\u00e9dicos especialistas mais pr\u00f3ximos de cada cidad\u00e3o, reduzindo o tempo de espera e melhorando a qualidade de vida do nosso povo. Ent\u00e3o, esse \u00e9 um grande reconhecimento de uma pol\u00edtica p\u00fablica t\u00e3o importante na \u00e1rea da sa\u00fade, que n\u00f3s temos desenvolvido muito bem aqui no Piau\u00ed com toda a equipe do secret\u00e1rio Ant\u00f4nio Luiz\u201d, disse o governador.<\/p>\n\n\n\n<p>&nbsp;Fonte: Governo do Piau\u00ed<\/p>\n","protected":false},"excerpt":{"rendered":"<p>O Piau\u00ed alcan\u00e7ou a primeira coloca\u00e7\u00e3o nacional na cobertura vacinal contra a influenza entre os grupos priorit\u00e1rios \u2014 gestantes, crian\u00e7as e idosos \u2014 atingindo 57,91% de imuniza\u00e7\u00e3o. O resultado, divulgado pelo Minist\u00e9rio da Sa\u00fade, coloca o Piau\u00ed \u00e0 frente do Esp\u00edrito Santo (55,39%) e do Paran\u00e1 (54,08%), consolidando sua posi\u00e7\u00e3o de destaque na campanha deste [&hellip;]<\/p>\n","protected":false},"author":2,"featured_media":277307,"comment_status":"open","ping_status":"open","sticky":false,"template":"","format":"standard","meta":{"_mi_skip_tracking":false,"footnotes":""},"categories":[25,1,5,16],"tags":[],"class_list":["post-277306","post","type-post","status-publish","format-standard","has-post-thumbnail","hentry","category-destaques-site","category-geral","category-saude","category-todas"],"acf":[],"yoast_head":"<!-- This site is optimized with the Yoast SEO Premium plugin v19.2 (Yoast SEO v26.9) - https:\/\/yoast.com\/product\/yoast-seo-premium-wordpress\/ -->\n<title>Piau\u00ed \u00e9 1\u00ba lugar no pa\u00eds em vacina\u00e7\u00e3o de gestantes, crian\u00e7as e idosos contra influenza - Portal Not\u00edcia em Pauta<\/title>\n<meta name=\"robots\" content=\"index, follow, max-snippet:-1, max-image-preview:large, max-video-preview:-1\" \/>\n<link rel=\"canonical\" href=\"https:\/\/noticiaempauta.com\/portal\/piaui-e-1o-lugar-no-pais-em-vacinacao-de-gestantes-criancas-e-idosos-contra-influenza\/\" \/>\n<meta property=\"og:locale\" content=\"pt_BR\" \/>\n<meta property=\"og:type\" content=\"article\" \/>\n<meta property=\"og:title\" content=\"Piau\u00ed \u00e9 1\u00ba lugar no pa\u00eds em vacina\u00e7\u00e3o de gestantes, crian\u00e7as e idosos contra influenza\" \/>\n<meta property=\"og:description\" content=\"O Piau\u00ed alcan\u00e7ou a primeira coloca\u00e7\u00e3o nacional na cobertura vacinal contra a influenza entre os grupos priorit\u00e1rios \u2014 gestantes, crian\u00e7as e idosos \u2014 atingindo 57,91% de imuniza\u00e7\u00e3o. O resultado, divulgado pelo Minist\u00e9rio da Sa\u00fade, coloca o Piau\u00ed \u00e0 frente do Esp\u00edrito Santo (55,39%) e do Paran\u00e1 (54,08%), consolidando sua posi\u00e7\u00e3o de destaque na campanha deste [&hellip;]\" \/>\n<meta property=\"og:url\" content=\"https:\/\/noticiaempauta.com\/portal\/piaui-e-1o-lugar-no-pais-em-vacinacao-de-gestantes-criancas-e-idosos-contra-influenza\/\" \/>\n<meta property=\"og:site_name\" content=\"Portal Not\u00edcia em Pauta\" \/>\n<meta property=\"article:publisher\" content=\"https:\/\/www.facebook.com\/Portal-Notcia-Em-Pauta-102292869264820\/\" \/>\n<meta property=\"article:published_time\" content=\"2025-08-29T12:35:52+00:00\" \/>\n<meta property=\"article:modified_time\" content=\"2025-08-29T12:35:53+00:00\" \/>\n<meta property=\"og:image\" content=\"https:\/\/noticiaempauta.com\/portal\/wp-content\/uploads\/2025\/08\/FA-IMG-755f84fbadfdcc199bab.png\" \/>\n\t<meta property=\"og:image:width\" content=\"830\" \/>\n\t<meta property=\"og:image:height\" content=\"494\" \/>\n\t<meta property=\"og:image:type\" content=\"image\/png\" \/>\n<meta name=\"author\" content=\"Reda\u00e7\u00e3o\" \/>\n<meta name=\"twitter:card\" content=\"summary_large_image\" \/>\n<meta name=\"twitter:label1\" content=\"Escrito por\" \/>\n\t<meta name=\"twitter:data1\" content=\"Reda\u00e7\u00e3o\" \/>\n\t<meta name=\"twitter:label2\" content=\"Est. tempo de leitura\" \/>\n\t<meta name=\"twitter:data2\" content=\"4 minutos\" \/>\n<script type=\"application\/ld+json\" class=\"yoast-schema-graph\">{\"@context\":\"https:\/\/schema.org\",\"@graph\":[{\"@type\":\"Article\",\"@id\":\"https:\/\/noticiaempauta.com\/portal\/piaui-e-1o-lugar-no-pais-em-vacinacao-de-gestantes-criancas-e-idosos-contra-influenza\/#article\",\"isPartOf\":{\"@id\":\"https:\/\/noticiaempauta.com\/portal\/piaui-e-1o-lugar-no-pais-em-vacinacao-de-gestantes-criancas-e-idosos-contra-influenza\/\"},\"author\":{\"name\":\"Reda\u00e7\u00e3o\",\"@id\":\"https:\/\/noticiaempauta.com\/portal\/#\/schema\/person\/a74af43dd1ab3deca45f988c717d57ac\"},\"headline\":\"Piau\u00ed \u00e9 1\u00ba lugar no pa\u00eds em vacina\u00e7\u00e3o de gestantes, crian\u00e7as e idosos contra influenza\",\"datePublished\":\"2025-08-29T12:35:52+00:00\",\"dateModified\":\"2025-08-29T12:35:53+00:00\",\"mainEntityOfPage\":{\"@id\":\"https:\/\/noticiaempauta.com\/portal\/piaui-e-1o-lugar-no-pais-em-vacinacao-de-gestantes-criancas-e-idosos-contra-influenza\/\"},\"wordCount\":552,\"commentCount\":0,\"publisher\":{\"@id\":\"https:\/\/noticiaempauta.com\/portal\/#organization\"},\"image\":{\"@id\":\"https:\/\/noticiaempauta.com\/portal\/piaui-e-1o-lugar-no-pais-em-vacinacao-de-gestantes-criancas-e-idosos-contra-influenza\/#primaryimage\"},\"thumbnailUrl\":\"https:\/\/noticiaempauta.com\/portal\/wp-content\/uploads\/2025\/08\/FA-IMG-755f84fbadfdcc199bab.png\",\"articleSection\":[\"Destaques\",\"Geral\",\"Sa\u00fade\",\"Todas as Not\u00edcias\"],\"inLanguage\":\"pt-BR\",\"potentialAction\":[{\"@type\":\"CommentAction\",\"name\":\"Comment\",\"target\":[\"https:\/\/noticiaempauta.com\/portal\/piaui-e-1o-lugar-no-pais-em-vacinacao-de-gestantes-criancas-e-idosos-contra-influenza\/#respond\"]}]},{\"@type\":\"WebPage\",\"@id\":\"https:\/\/noticiaempauta.com\/portal\/piaui-e-1o-lugar-no-pais-em-vacinacao-de-gestantes-criancas-e-idosos-contra-influenza\/\",\"url\":\"https:\/\/noticiaempauta.com\/portal\/piaui-e-1o-lugar-no-pais-em-vacinacao-de-gestantes-criancas-e-idosos-contra-influenza\/\",\"name\":\"Piau\u00ed \u00e9 1\u00ba lugar no pa\u00eds em vacina\u00e7\u00e3o de gestantes, crian\u00e7as e idosos contra influenza - Portal Not\u00edcia em Pauta\",\"isPartOf\":{\"@id\":\"https:\/\/noticiaempauta.com\/portal\/#website\"},\"primaryImageOfPage\":{\"@id\":\"https:\/\/noticiaempauta.com\/portal\/piaui-e-1o-lugar-no-pais-em-vacinacao-de-gestantes-criancas-e-idosos-contra-influenza\/#primaryimage\"},\"image\":{\"@id\":\"https:\/\/noticiaempauta.com\/portal\/piaui-e-1o-lugar-no-pais-em-vacinacao-de-gestantes-criancas-e-idosos-contra-influenza\/#primaryimage\"},\"thumbnailUrl\":\"https:\/\/noticiaempauta.com\/portal\/wp-content\/uploads\/2025\/08\/FA-IMG-755f84fbadfdcc199bab.png\",\"datePublished\":\"2025-08-29T12:35:52+00:00\",\"dateModified\":\"2025-08-29T12:35:53+00:00\",\"breadcrumb\":{\"@id\":\"https:\/\/noticiaempauta.com\/portal\/piaui-e-1o-lugar-no-pais-em-vacinacao-de-gestantes-criancas-e-idosos-contra-influenza\/#breadcrumb\"},\"inLanguage\":\"pt-BR\",\"potentialAction\":[{\"@type\":\"ReadAction\",\"target\":[\"https:\/\/noticiaempauta.com\/portal\/piaui-e-1o-lugar-no-pais-em-vacinacao-de-gestantes-criancas-e-idosos-contra-influenza\/\"]}]},{\"@type\":\"ImageObject\",\"inLanguage\":\"pt-BR\",\"@id\":\"https:\/\/noticiaempauta.com\/portal\/piaui-e-1o-lugar-no-pais-em-vacinacao-de-gestantes-criancas-e-idosos-contra-influenza\/#primaryimage\",\"url\":\"https:\/\/noticiaempauta.com\/portal\/wp-content\/uploads\/2025\/08\/FA-IMG-755f84fbadfdcc199bab.png\",\"contentUrl\":\"https:\/\/noticiaempauta.com\/portal\/wp-content\/uploads\/2025\/08\/FA-IMG-755f84fbadfdcc199bab.png\",\"width\":830,\"height\":494},{\"@type\":\"BreadcrumbList\",\"@id\":\"https:\/\/noticiaempauta.com\/portal\/piaui-e-1o-lugar-no-pais-em-vacinacao-de-gestantes-criancas-e-idosos-contra-influenza\/#breadcrumb\",\"itemListElement\":[{\"@type\":\"ListItem\",\"position\":1,\"name\":\"P\u00e1gina Inicial\",\"item\":\"https:\/\/noticiaempauta.com\/portal\/\"},{\"@type\":\"ListItem\",\"position\":2,\"name\":\"Destaques\",\"item\":\"https:\/\/noticiaempauta.com\/portal\/destaques-site\/\"},{\"@type\":\"ListItem\",\"position\":3,\"name\":\"Piau\u00ed \u00e9 1\u00ba lugar no pa\u00eds em vacina\u00e7\u00e3o de gestantes, crian\u00e7as e idosos contra influenza\"}]},{\"@type\":\"WebSite\",\"@id\":\"https:\/\/noticiaempauta.com\/portal\/#website\",\"url\":\"https:\/\/noticiaempauta.com\/portal\/\",\"name\":\"Portal Not\u00edcia em Pauta\",\"description\":\"Voc\u00ea bem informado\",\"publisher\":{\"@id\":\"https:\/\/noticiaempauta.com\/portal\/#organization\"},\"potentialAction\":[{\"@type\":\"SearchAction\",\"target\":{\"@type\":\"EntryPoint\",\"urlTemplate\":\"https:\/\/noticiaempauta.com\/portal\/?s={search_term_string}\"},\"query-input\":{\"@type\":\"PropertyValueSpecification\",\"valueRequired\":true,\"valueName\":\"search_term_string\"}}],\"inLanguage\":\"pt-BR\"},{\"@type\":\"Organization\",\"@id\":\"https:\/\/noticiaempauta.com\/portal\/#organization\",\"name\":\"Portal Not\u00edcia em Pauta\",\"url\":\"https:\/\/noticiaempauta.com\/portal\/\",\"logo\":{\"@type\":\"ImageObject\",\"inLanguage\":\"pt-BR\",\"@id\":\"https:\/\/noticiaempauta.com\/portal\/#\/schema\/logo\/image\/\",\"url\":\"https:\/\/noticiaempauta.com\/portal\/wp-content\/uploads\/2022\/08\/logomarca_tema.fw_.png\",\"contentUrl\":\"https:\/\/noticiaempauta.com\/portal\/wp-content\/uploads\/2022\/08\/logomarca_tema.fw_.png\",\"width\":400,\"height\":232,\"caption\":\"Portal Not\u00edcia em Pauta\"},\"image\":{\"@id\":\"https:\/\/noticiaempauta.com\/portal\/#\/schema\/logo\/image\/\"},\"sameAs\":[\"https:\/\/www.facebook.com\/Portal-Notcia-Em-Pauta-102292869264820\/\",\"https:\/\/www.instagram.com\/portalnoticiaempauta\/\"]},{\"@type\":\"Person\",\"@id\":\"https:\/\/noticiaempauta.com\/portal\/#\/schema\/person\/a74af43dd1ab3deca45f988c717d57ac\",\"name\":\"Reda\u00e7\u00e3o\",\"image\":{\"@type\":\"ImageObject\",\"inLanguage\":\"pt-BR\",\"@id\":\"https:\/\/noticiaempauta.com\/portal\/#\/schema\/person\/image\/\",\"url\":\"https:\/\/secure.gravatar.com\/avatar\/03179346ecce6cdfc13361603e8f54242a90e5cde8618fa23c5c00aa2b0aadf3?s=96&d=mm&r=g\",\"contentUrl\":\"https:\/\/secure.gravatar.com\/avatar\/03179346ecce6cdfc13361603e8f54242a90e5cde8618fa23c5c00aa2b0aadf3?s=96&d=mm&r=g\",\"caption\":\"Reda\u00e7\u00e3o\"},\"sameAs\":[\"https:\/\/noticiaempauta.com\/portal\/\"],\"url\":\"https:\/\/noticiaempauta.com\/portal\/author\/fernando\/\"}]}<\/script>\n<!-- \/ Yoast SEO Premium plugin. -->","yoast_head_json":{"title":"Piau\u00ed \u00e9 1\u00ba lugar no pa\u00eds em vacina\u00e7\u00e3o de gestantes, crian\u00e7as e idosos contra influenza - Portal Not\u00edcia em Pauta","robots":{"index":"index","follow":"follow","max-snippet":"max-snippet:-1","max-image-preview":"max-image-preview:large","max-video-preview":"max-video-preview:-1"},"canonical":"https:\/\/noticiaempauta.com\/portal\/piaui-e-1o-lugar-no-pais-em-vacinacao-de-gestantes-criancas-e-idosos-contra-influenza\/","og_locale":"pt_BR","og_type":"article","og_title":"Piau\u00ed \u00e9 1\u00ba lugar no pa\u00eds em vacina\u00e7\u00e3o de gestantes, crian\u00e7as e idosos contra influenza","og_description":"O Piau\u00ed alcan\u00e7ou a primeira coloca\u00e7\u00e3o nacional na cobertura vacinal contra a influenza entre os grupos priorit\u00e1rios \u2014 gestantes, crian\u00e7as e idosos \u2014 atingindo 57,91% de imuniza\u00e7\u00e3o. O resultado, divulgado pelo Minist\u00e9rio da Sa\u00fade, coloca o Piau\u00ed \u00e0 frente do Esp\u00edrito Santo (55,39%) e do Paran\u00e1 (54,08%), consolidando sua posi\u00e7\u00e3o de destaque na campanha deste [&hellip;]","og_url":"https:\/\/noticiaempauta.com\/portal\/piaui-e-1o-lugar-no-pais-em-vacinacao-de-gestantes-criancas-e-idosos-contra-influenza\/","og_site_name":"Portal Not\u00edcia em Pauta","article_publisher":"https:\/\/www.facebook.com\/Portal-Notcia-Em-Pauta-102292869264820\/","article_published_time":"2025-08-29T12:35:52+00:00","article_modified_time":"2025-08-29T12:35:53+00:00","og_image":[{"width":830,"height":494,"url":"https:\/\/noticiaempauta.com\/portal\/wp-content\/uploads\/2025\/08\/FA-IMG-755f84fbadfdcc199bab.png","type":"image\/png"}],"author":"Reda\u00e7\u00e3o","twitter_card":"summary_large_image","twitter_misc":{"Escrito por":"Reda\u00e7\u00e3o","Est. tempo de leitura":"4 minutos"},"schema":{"@context":"https:\/\/schema.org","@graph":[{"@type":"Article","@id":"https:\/\/noticiaempauta.com\/portal\/piaui-e-1o-lugar-no-pais-em-vacinacao-de-gestantes-criancas-e-idosos-contra-influenza\/#article","isPartOf":{"@id":"https:\/\/noticiaempauta.com\/portal\/piaui-e-1o-lugar-no-pais-em-vacinacao-de-gestantes-criancas-e-idosos-contra-influenza\/"},"author":{"name":"Reda\u00e7\u00e3o","@id":"https:\/\/noticiaempauta.com\/portal\/#\/schema\/person\/a74af43dd1ab3deca45f988c717d57ac"},"headline":"Piau\u00ed \u00e9 1\u00ba lugar no pa\u00eds em vacina\u00e7\u00e3o de gestantes, crian\u00e7as e idosos contra influenza","datePublished":"2025-08-29T12:35:52+00:00","dateModified":"2025-08-29T12:35:53+00:00","mainEntityOfPage":{"@id":"https:\/\/noticiaempauta.com\/portal\/piaui-e-1o-lugar-no-pais-em-vacinacao-de-gestantes-criancas-e-idosos-contra-influenza\/"},"wordCount":552,"commentCount":0,"publisher":{"@id":"https:\/\/noticiaempauta.com\/portal\/#organization"},"image":{"@id":"https:\/\/noticiaempauta.com\/portal\/piaui-e-1o-lugar-no-pais-em-vacinacao-de-gestantes-criancas-e-idosos-contra-influenza\/#primaryimage"},"thumbnailUrl":"https:\/\/noticiaempauta.com\/portal\/wp-content\/uploads\/2025\/08\/FA-IMG-755f84fbadfdcc199bab.png","articleSection":["Destaques","Geral","Sa\u00fade","Todas as Not\u00edcias"],"inLanguage":"pt-BR","potentialAction":[{"@type":"CommentAction","name":"Comment","target":["https:\/\/noticiaempauta.com\/portal\/piaui-e-1o-lugar-no-pais-em-vacinacao-de-gestantes-criancas-e-idosos-contra-influenza\/#respond"]}]},{"@type":"WebPage","@id":"https:\/\/noticiaempauta.com\/portal\/piaui-e-1o-lugar-no-pais-em-vacinacao-de-gestantes-criancas-e-idosos-contra-influenza\/","url":"https:\/\/noticiaempauta.com\/portal\/piaui-e-1o-lugar-no-pais-em-vacinacao-de-gestantes-criancas-e-idosos-contra-influenza\/","name":"Piau\u00ed \u00e9 1\u00ba lugar no pa\u00eds em vacina\u00e7\u00e3o de gestantes, crian\u00e7as e idosos contra influenza - Portal Not\u00edcia em Pauta","isPartOf":{"@id":"https:\/\/noticiaempauta.com\/portal\/#website"},"primaryImageOfPage":{"@id":"https:\/\/noticiaempauta.com\/portal\/piaui-e-1o-lugar-no-pais-em-vacinacao-de-gestantes-criancas-e-idosos-contra-influenza\/#primaryimage"},"image":{"@id":"https:\/\/noticiaempauta.com\/portal\/piaui-e-1o-lugar-no-pais-em-vacinacao-de-gestantes-criancas-e-idosos-contra-influenza\/#primaryimage"},"thumbnailUrl":"https:\/\/noticiaempauta.com\/portal\/wp-content\/uploads\/2025\/08\/FA-IMG-755f84fbadfdcc199bab.png","datePublished":"2025-08-29T12:35:52+00:00","dateModified":"2025-08-29T12:35:53+00:00","breadcrumb":{"@id":"https:\/\/noticiaempauta.com\/portal\/piaui-e-1o-lugar-no-pais-em-vacinacao-de-gestantes-criancas-e-idosos-contra-influenza\/#breadcrumb"},"inLanguage":"pt-BR","potentialAction":[{"@type":"ReadAction","target":["https:\/\/noticiaempauta.com\/portal\/piaui-e-1o-lugar-no-pais-em-vacinacao-de-gestantes-criancas-e-idosos-contra-influenza\/"]}]},{"@type":"ImageObject","inLanguage":"pt-BR","@id":"https:\/\/noticiaempauta.com\/portal\/piaui-e-1o-lugar-no-pais-em-vacinacao-de-gestantes-criancas-e-idosos-contra-influenza\/#primaryimage","url":"https:\/\/noticiaempauta.com\/portal\/wp-content\/uploads\/2025\/08\/FA-IMG-755f84fbadfdcc199bab.png","contentUrl":"https:\/\/noticiaempauta.com\/portal\/wp-content\/uploads\/2025\/08\/FA-IMG-755f84fbadfdcc199bab.png","width":830,"height":494},{"@type":"BreadcrumbList","@id":"https:\/\/noticiaempauta.com\/portal\/piaui-e-1o-lugar-no-pais-em-vacinacao-de-gestantes-criancas-e-idosos-contra-influenza\/#breadcrumb","itemListElement":[{"@type":"ListItem","position":1,"name":"P\u00e1gina Inicial","item":"https:\/\/noticiaempauta.com\/portal\/"},{"@type":"ListItem","position":2,"name":"Destaques","item":"https:\/\/noticiaempauta.com\/portal\/destaques-site\/"},{"@type":"ListItem","position":3,"name":"Piau\u00ed \u00e9 1\u00ba lugar no pa\u00eds em vacina\u00e7\u00e3o de gestantes, crian\u00e7as e idosos contra influenza"}]},{"@type":"WebSite","@id":"https:\/\/noticiaempauta.com\/portal\/#website","url":"https:\/\/noticiaempauta.com\/portal\/","name":"Portal Not\u00edcia em Pauta","description":"Voc\u00ea bem informado","publisher":{"@id":"https:\/\/noticiaempauta.com\/portal\/#organization"},"potentialAction":[{"@type":"SearchAction","target":{"@type":"EntryPoint","urlTemplate":"https:\/\/noticiaempauta.com\/portal\/?s={search_term_string}"},"query-input":{"@type":"PropertyValueSpecification","valueRequired":true,"valueName":"search_term_string"}}],"inLanguage":"pt-BR"},{"@type":"Organization","@id":"https:\/\/noticiaempauta.com\/portal\/#organization","name":"Portal Not\u00edcia em Pauta","url":"https:\/\/noticiaempauta.com\/portal\/","logo":{"@type":"ImageObject","inLanguage":"pt-BR","@id":"https:\/\/noticiaempauta.com\/portal\/#\/schema\/logo\/image\/","url":"https:\/\/noticiaempauta.com\/portal\/wp-content\/uploads\/2022\/08\/logomarca_tema.fw_.png","contentUrl":"https:\/\/noticiaempauta.com\/portal\/wp-content\/uploads\/2022\/08\/logomarca_tema.fw_.png","width":400,"height":232,"caption":"Portal Not\u00edcia em Pauta"},"image":{"@id":"https:\/\/noticiaempauta.com\/portal\/#\/schema\/logo\/image\/"},"sameAs":["https:\/\/www.facebook.com\/Portal-Notcia-Em-Pauta-102292869264820\/","https:\/\/www.instagram.com\/portalnoticiaempauta\/"]},{"@type":"Person","@id":"https:\/\/noticiaempauta.com\/portal\/#\/schema\/person\/a74af43dd1ab3deca45f988c717d57ac","name":"Reda\u00e7\u00e3o","image":{"@type":"ImageObject","inLanguage":"pt-BR","@id":"https:\/\/noticiaempauta.com\/portal\/#\/schema\/person\/image\/","url":"https:\/\/secure.gravatar.com\/avatar\/03179346ecce6cdfc13361603e8f54242a90e5cde8618fa23c5c00aa2b0aadf3?s=96&d=mm&r=g","contentUrl":"https:\/\/secure.gravatar.com\/avatar\/03179346ecce6cdfc13361603e8f54242a90e5cde8618fa23c5c00aa2b0aadf3?s=96&d=mm&r=g","caption":"Reda\u00e7\u00e3o"},"sameAs":["https:\/\/noticiaempauta.com\/portal\/"],"url":"https:\/\/noticiaempauta.com\/portal\/author\/fernando\/"}]}},"_links":{"self":[{"href":"https:\/\/noticiaempauta.com\/portal\/wp-json\/wp\/v2\/posts\/277306","targetHints":{"allow":["GET"]}}],"collection":[{"href":"https:\/\/noticiaempauta.com\/portal\/wp-json\/wp\/v2\/posts"}],"about":[{"href":"https:\/\/noticiaempauta.com\/portal\/wp-json\/wp\/v2\/types\/post"}],"author":[{"embeddable":true,"href":"https:\/\/noticiaempauta.com\/portal\/wp-json\/wp\/v2\/users\/2"}],"replies":[{"embeddable":true,"href":"https:\/\/noticiaempauta.com\/portal\/wp-json\/wp\/v2\/comments?post=277306"}],"version-history":[{"count":2,"href":"https:\/\/noticiaempauta.com\/portal\/wp-json\/wp\/v2\/posts\/277306\/revisions"}],"predecessor-version":[{"id":277309,"href":"https:\/\/noticiaempauta.com\/portal\/wp-json\/wp\/v2\/posts\/277306\/revisions\/277309"}],"wp:featuredmedia":[{"embeddable":true,"href":"https:\/\/noticiaempauta.com\/portal\/wp-json\/wp\/v2\/media\/277307"}],"wp:attachment":[{"href":"https:\/\/noticiaempauta.com\/portal\/wp-json\/wp\/v2\/media?parent=277306"}],"wp:term":[{"taxonomy":"category","embeddable":true,"href":"https:\/\/noticiaempauta.com\/portal\/wp-json\/wp\/v2\/categories?post=277306"},{"taxonomy":"post_tag","embeddable":true,"href":"https:\/\/noticiaempauta.com\/portal\/wp-json\/wp\/v2\/tags?post=277306"}],"curies":[{"name":"wp","href":"https:\/\/api.w.org\/{rel}","templated":true}]}}