{"id":277345,"date":"2025-08-29T10:59:39","date_gmt":"2025-08-29T13:59:39","guid":{"rendered":"https:\/\/noticiaempauta.com\/portal\/?p=277345"},"modified":"2025-08-29T11:07:23","modified_gmt":"2025-08-29T14:07:23","slug":"vereador-rinaldinho-anuncia-reforma-do-anexo-da-camara-municipal-e-destaca-a-importancia-do-projeto-para-criacao-de-novas-secretarias","status":"publish","type":"post","link":"https:\/\/noticiaempauta.com\/portal\/vereador-rinaldinho-anuncia-reforma-do-anexo-da-camara-municipal-e-destaca-a-importancia-do-projeto-para-criacao-de-novas-secretarias\/","title":{"rendered":"Vereador Rinaldinho anuncia reforma do anexo da C\u00e2mara Municipal e destaca a import\u00e2ncia do projeto para cria\u00e7\u00e3o de novas secretarias"},"content":{"rendered":"\n<p>Durante sess\u00e3o ordin\u00e1ria realizada na tarde desta quinta-feira (28), o presidente da C\u00e2mara Municipal de Picos, Ver. Rinaldinho, anunciou que o pr\u00e9dio do poder legislativo picoense passar\u00e1 por nova reestrutura\u00e7\u00e3o.<\/p>\n\n\n\n<p>De acordo com Rinaldinho, a principal interven\u00e7\u00e3o ser\u00e1 realizada no anexo antigo do pr\u00e9dio, uma estrutura hist\u00f3rica que apresenta problemas desde a sua constru\u00e7\u00e3o \u2014 especialmente no teto do plen\u00e1rio e do anexo. A reforma ser\u00e1 viabilizada por meio de uma emenda parlamentar do deputado federal Florentino Neto.<\/p>\n\n\n\n<figure class=\"wp-block-image size-full\"><img fetchpriority=\"high\" decoding=\"async\" width=\"959\" height=\"696\" src=\"https:\/\/noticiaempauta.com\/portal\/wp-content\/uploads\/2025\/08\/IMG_1882.jpg\" alt=\"\" class=\"wp-image-277350\" srcset=\"https:\/\/noticiaempauta.com\/portal\/wp-content\/uploads\/2025\/08\/IMG_1882.jpg 959w, https:\/\/noticiaempauta.com\/portal\/wp-content\/uploads\/2025\/08\/IMG_1882-300x218.jpg 300w, https:\/\/noticiaempauta.com\/portal\/wp-content\/uploads\/2025\/08\/IMG_1882-768x557.jpg 768w\" sizes=\"(max-width: 959px) 100vw, 959px\" \/><\/figure>\n\n\n\n<p>\u201cVamos quebrar toda essa parte e reformar com o que h\u00e1 de mais moderno, utilizando manta t\u00e9rmica e eliminando as telhas aparentes\u201d, explicou o presidente.<\/p>\n\n\n\n<p>Al\u00e9m da recupera\u00e7\u00e3o do teto, o projeto contempla melhorias na estrutura f\u00edsica dos gabinetes, instala\u00e7\u00e3o de novo piso e constru\u00e7\u00e3o de novos espa\u00e7os para atender \u00e0 atual demanda da C\u00e2mara. Atualmente, o Legislativo conta com 17 parlamentares, al\u00e9m da necessidade de gabinetes para suplentes \u2014 um cen\u00e1rio bem diferente da \u00faltima reforma, quando a Casa tinha apenas cinco vereadores.<\/p>\n\n\n\n<p>Outro destaque feito pelo parlamentar foi a realoca\u00e7\u00e3o do sistema de energia solar. As placas fotovoltaicas atualmente instaladas no anexo antigo ser\u00e3o transferidas para o novo anexo, permitindo o isolamento da \u00e1rea e o in\u00edcio imediato da obra.<\/p>\n\n\n\n<figure class=\"wp-block-image size-large\"><img decoding=\"async\" width=\"1024\" height=\"768\" src=\"https:\/\/noticiaempauta.com\/portal\/wp-content\/uploads\/2025\/08\/WhatsApp-Image-2025-08-29-at-10.57.44-1024x768.jpeg\" alt=\"\" class=\"wp-image-277346\" srcset=\"https:\/\/noticiaempauta.com\/portal\/wp-content\/uploads\/2025\/08\/WhatsApp-Image-2025-08-29-at-10.57.44-1024x768.jpeg 1024w, https:\/\/noticiaempauta.com\/portal\/wp-content\/uploads\/2025\/08\/WhatsApp-Image-2025-08-29-at-10.57.44-300x225.jpeg 300w, https:\/\/noticiaempauta.com\/portal\/wp-content\/uploads\/2025\/08\/WhatsApp-Image-2025-08-29-at-10.57.44-768x576.jpeg 768w, https:\/\/noticiaempauta.com\/portal\/wp-content\/uploads\/2025\/08\/WhatsApp-Image-2025-08-29-at-10.57.44.jpeg 1280w\" sizes=\"(max-width: 1024px) 100vw, 1024px\" \/><\/figure>\n\n\n\n<p>Ainda na sess\u00e3o ordin\u00e1ria, Rinaldinho, comentou sobre o projeto de reforma administrativa encaminhado pelo prefeito Pablo Santos, que prev\u00ea a cria\u00e7\u00e3o de novas secretarias no munic\u00edpio.<\/p>\n\n\n\n<p>Segundo o parlamentar, a principal novidade \u00e9 a cria\u00e7\u00e3o da Secretaria de Estradas e Rodagens, que ter\u00e1 a responsabilidade de centralizar os servi\u00e7os relacionados \u00e0 malha vi\u00e1ria, hoje distribu\u00eddos entre diferentes pastas.<\/p>\n\n\n\n<p>\u201cN\u00f3s temos a Secretaria de Agricultura, de Obras, de Empresas P\u00fablicas e do Meio Ambiente, todas atuando em estradas vicinais. Com a nova secretaria, esses trabalhos ser\u00e3o concentrados em um \u00fanico \u00f3rg\u00e3o, que ficar\u00e1 respons\u00e1vel por gerenciar o maquin\u00e1rio, captar recursos e melhorar a infraestrutura vi\u00e1ria, principalmente na zona rural\u201d, explicou.<\/p>\n\n\n\n<p><em>(Com informa\u00e7\u00f5es do Portal T\u00f4 de Olho e Cidades Em Foco)<\/em><\/p>\n","protected":false},"excerpt":{"rendered":"<p>Durante sess\u00e3o ordin\u00e1ria realizada na tarde desta quinta-feira (28), o presidente da C\u00e2mara Municipal de Picos, Ver. Rinaldinho, anunciou que o pr\u00e9dio do poder legislativo picoense passar\u00e1 por nova reestrutura\u00e7\u00e3o. De acordo com Rinaldinho, a principal interven\u00e7\u00e3o ser\u00e1 realizada no anexo antigo do pr\u00e9dio, uma estrutura hist\u00f3rica que apresenta problemas desde a sua constru\u00e7\u00e3o \u2014 [&hellip;]<\/p>\n","protected":false},"author":2,"featured_media":277350,"comment_status":"open","ping_status":"open","sticky":false,"template":"","format":"standard","meta":{"_mi_skip_tracking":false,"footnotes":""},"categories":[25,1,16],"tags":[192],"class_list":["post-277345","post","type-post","status-publish","format-standard","has-post-thumbnail","hentry","category-destaques-site","category-geral","category-todas","tag-destaqueprincipal"],"acf":[],"yoast_head":"<!-- This site is optimized with the Yoast SEO Premium plugin v19.2 (Yoast SEO v26.9) - https:\/\/yoast.com\/product\/yoast-seo-premium-wordpress\/ -->\n<title>Vereador Rinaldinho anuncia reforma do anexo da C\u00e2mara Municipal e destaca a import\u00e2ncia do projeto para cria\u00e7\u00e3o de novas secretarias - Portal Not\u00edcia em Pauta<\/title>\n<meta name=\"robots\" content=\"index, follow, max-snippet:-1, max-image-preview:large, max-video-preview:-1\" \/>\n<link rel=\"canonical\" href=\"https:\/\/noticiaempauta.com\/portal\/vereador-rinaldinho-anuncia-reforma-do-anexo-da-camara-municipal-e-destaca-a-importancia-do-projeto-para-criacao-de-novas-secretarias\/\" \/>\n<meta property=\"og:locale\" content=\"pt_BR\" \/>\n<meta property=\"og:type\" content=\"article\" \/>\n<meta property=\"og:title\" content=\"Vereador Rinaldinho anuncia reforma do anexo da C\u00e2mara Municipal e destaca a import\u00e2ncia do projeto para cria\u00e7\u00e3o de novas secretarias\" \/>\n<meta property=\"og:description\" content=\"Durante sess\u00e3o ordin\u00e1ria realizada na tarde desta quinta-feira (28), o presidente da C\u00e2mara Municipal de Picos, Ver. Rinaldinho, anunciou que o pr\u00e9dio do poder legislativo picoense passar\u00e1 por nova reestrutura\u00e7\u00e3o. De acordo com Rinaldinho, a principal interven\u00e7\u00e3o ser\u00e1 realizada no anexo antigo do pr\u00e9dio, uma estrutura hist\u00f3rica que apresenta problemas desde a sua constru\u00e7\u00e3o \u2014 [&hellip;]\" \/>\n<meta property=\"og:url\" content=\"https:\/\/noticiaempauta.com\/portal\/vereador-rinaldinho-anuncia-reforma-do-anexo-da-camara-municipal-e-destaca-a-importancia-do-projeto-para-criacao-de-novas-secretarias\/\" \/>\n<meta property=\"og:site_name\" content=\"Portal Not\u00edcia em Pauta\" \/>\n<meta property=\"article:publisher\" content=\"https:\/\/www.facebook.com\/Portal-Notcia-Em-Pauta-102292869264820\/\" \/>\n<meta property=\"article:published_time\" content=\"2025-08-29T13:59:39+00:00\" \/>\n<meta property=\"article:modified_time\" content=\"2025-08-29T14:07:23+00:00\" \/>\n<meta property=\"og:image\" content=\"https:\/\/noticiaempauta.com\/portal\/wp-content\/uploads\/2025\/08\/IMG_1882.jpg\" \/>\n\t<meta property=\"og:image:width\" content=\"959\" \/>\n\t<meta property=\"og:image:height\" content=\"696\" \/>\n\t<meta property=\"og:image:type\" content=\"image\/jpeg\" \/>\n<meta name=\"author\" content=\"Reda\u00e7\u00e3o\" \/>\n<meta name=\"twitter:card\" content=\"summary_large_image\" \/>\n<meta name=\"twitter:label1\" content=\"Escrito por\" \/>\n\t<meta name=\"twitter:data1\" content=\"Reda\u00e7\u00e3o\" \/>\n\t<meta name=\"twitter:label2\" content=\"Est. tempo de leitura\" \/>\n\t<meta name=\"twitter:data2\" content=\"3 minutos\" \/>\n<script type=\"application\/ld+json\" class=\"yoast-schema-graph\">{\"@context\":\"https:\/\/schema.org\",\"@graph\":[{\"@type\":\"Article\",\"@id\":\"https:\/\/noticiaempauta.com\/portal\/vereador-rinaldinho-anuncia-reforma-do-anexo-da-camara-municipal-e-destaca-a-importancia-do-projeto-para-criacao-de-novas-secretarias\/#article\",\"isPartOf\":{\"@id\":\"https:\/\/noticiaempauta.com\/portal\/vereador-rinaldinho-anuncia-reforma-do-anexo-da-camara-municipal-e-destaca-a-importancia-do-projeto-para-criacao-de-novas-secretarias\/\"},\"author\":{\"name\":\"Reda\u00e7\u00e3o\",\"@id\":\"https:\/\/noticiaempauta.com\/portal\/#\/schema\/person\/a74af43dd1ab3deca45f988c717d57ac\"},\"headline\":\"Vereador Rinaldinho anuncia reforma do anexo da C\u00e2mara Municipal e destaca a import\u00e2ncia do projeto para cria\u00e7\u00e3o de novas secretarias\",\"datePublished\":\"2025-08-29T13:59:39+00:00\",\"dateModified\":\"2025-08-29T14:07:23+00:00\",\"mainEntityOfPage\":{\"@id\":\"https:\/\/noticiaempauta.com\/portal\/vereador-rinaldinho-anuncia-reforma-do-anexo-da-camara-municipal-e-destaca-a-importancia-do-projeto-para-criacao-de-novas-secretarias\/\"},\"wordCount\":375,\"commentCount\":0,\"publisher\":{\"@id\":\"https:\/\/noticiaempauta.com\/portal\/#organization\"},\"image\":{\"@id\":\"https:\/\/noticiaempauta.com\/portal\/vereador-rinaldinho-anuncia-reforma-do-anexo-da-camara-municipal-e-destaca-a-importancia-do-projeto-para-criacao-de-novas-secretarias\/#primaryimage\"},\"thumbnailUrl\":\"https:\/\/noticiaempauta.com\/portal\/wp-content\/uploads\/2025\/08\/IMG_1882.jpg\",\"keywords\":[\"destaqueprincipal\"],\"articleSection\":[\"Destaques\",\"Geral\",\"Todas as Not\u00edcias\"],\"inLanguage\":\"pt-BR\",\"potentialAction\":[{\"@type\":\"CommentAction\",\"name\":\"Comment\",\"target\":[\"https:\/\/noticiaempauta.com\/portal\/vereador-rinaldinho-anuncia-reforma-do-anexo-da-camara-municipal-e-destaca-a-importancia-do-projeto-para-criacao-de-novas-secretarias\/#respond\"]}]},{\"@type\":\"WebPage\",\"@id\":\"https:\/\/noticiaempauta.com\/portal\/vereador-rinaldinho-anuncia-reforma-do-anexo-da-camara-municipal-e-destaca-a-importancia-do-projeto-para-criacao-de-novas-secretarias\/\",\"url\":\"https:\/\/noticiaempauta.com\/portal\/vereador-rinaldinho-anuncia-reforma-do-anexo-da-camara-municipal-e-destaca-a-importancia-do-projeto-para-criacao-de-novas-secretarias\/\",\"name\":\"Vereador Rinaldinho anuncia reforma do anexo da C\u00e2mara Municipal e destaca a import\u00e2ncia do projeto para cria\u00e7\u00e3o de novas secretarias - Portal Not\u00edcia em Pauta\",\"isPartOf\":{\"@id\":\"https:\/\/noticiaempauta.com\/portal\/#website\"},\"primaryImageOfPage\":{\"@id\":\"https:\/\/noticiaempauta.com\/portal\/vereador-rinaldinho-anuncia-reforma-do-anexo-da-camara-municipal-e-destaca-a-importancia-do-projeto-para-criacao-de-novas-secretarias\/#primaryimage\"},\"image\":{\"@id\":\"https:\/\/noticiaempauta.com\/portal\/vereador-rinaldinho-anuncia-reforma-do-anexo-da-camara-municipal-e-destaca-a-importancia-do-projeto-para-criacao-de-novas-secretarias\/#primaryimage\"},\"thumbnailUrl\":\"https:\/\/noticiaempauta.com\/portal\/wp-content\/uploads\/2025\/08\/IMG_1882.jpg\",\"datePublished\":\"2025-08-29T13:59:39+00:00\",\"dateModified\":\"2025-08-29T14:07:23+00:00\",\"breadcrumb\":{\"@id\":\"https:\/\/noticiaempauta.com\/portal\/vereador-rinaldinho-anuncia-reforma-do-anexo-da-camara-municipal-e-destaca-a-importancia-do-projeto-para-criacao-de-novas-secretarias\/#breadcrumb\"},\"inLanguage\":\"pt-BR\",\"potentialAction\":[{\"@type\":\"ReadAction\",\"target\":[\"https:\/\/noticiaempauta.com\/portal\/vereador-rinaldinho-anuncia-reforma-do-anexo-da-camara-municipal-e-destaca-a-importancia-do-projeto-para-criacao-de-novas-secretarias\/\"]}]},{\"@type\":\"ImageObject\",\"inLanguage\":\"pt-BR\",\"@id\":\"https:\/\/noticiaempauta.com\/portal\/vereador-rinaldinho-anuncia-reforma-do-anexo-da-camara-municipal-e-destaca-a-importancia-do-projeto-para-criacao-de-novas-secretarias\/#primaryimage\",\"url\":\"https:\/\/noticiaempauta.com\/portal\/wp-content\/uploads\/2025\/08\/IMG_1882.jpg\",\"contentUrl\":\"https:\/\/noticiaempauta.com\/portal\/wp-content\/uploads\/2025\/08\/IMG_1882.jpg\",\"width\":959,\"height\":696},{\"@type\":\"BreadcrumbList\",\"@id\":\"https:\/\/noticiaempauta.com\/portal\/vereador-rinaldinho-anuncia-reforma-do-anexo-da-camara-municipal-e-destaca-a-importancia-do-projeto-para-criacao-de-novas-secretarias\/#breadcrumb\",\"itemListElement\":[{\"@type\":\"ListItem\",\"position\":1,\"name\":\"P\u00e1gina Inicial\",\"item\":\"https:\/\/noticiaempauta.com\/portal\/\"},{\"@type\":\"ListItem\",\"position\":2,\"name\":\"Destaques\",\"item\":\"https:\/\/noticiaempauta.com\/portal\/destaques-site\/\"},{\"@type\":\"ListItem\",\"position\":3,\"name\":\"Vereador Rinaldinho anuncia reforma do anexo da C\u00e2mara Municipal e destaca a import\u00e2ncia do projeto para cria\u00e7\u00e3o de novas secretarias\"}]},{\"@type\":\"WebSite\",\"@id\":\"https:\/\/noticiaempauta.com\/portal\/#website\",\"url\":\"https:\/\/noticiaempauta.com\/portal\/\",\"name\":\"Portal Not\u00edcia em Pauta\",\"description\":\"Voc\u00ea bem informado\",\"publisher\":{\"@id\":\"https:\/\/noticiaempauta.com\/portal\/#organization\"},\"potentialAction\":[{\"@type\":\"SearchAction\",\"target\":{\"@type\":\"EntryPoint\",\"urlTemplate\":\"https:\/\/noticiaempauta.com\/portal\/?s={search_term_string}\"},\"query-input\":{\"@type\":\"PropertyValueSpecification\",\"valueRequired\":true,\"valueName\":\"search_term_string\"}}],\"inLanguage\":\"pt-BR\"},{\"@type\":\"Organization\",\"@id\":\"https:\/\/noticiaempauta.com\/portal\/#organization\",\"name\":\"Portal Not\u00edcia em Pauta\",\"url\":\"https:\/\/noticiaempauta.com\/portal\/\",\"logo\":{\"@type\":\"ImageObject\",\"inLanguage\":\"pt-BR\",\"@id\":\"https:\/\/noticiaempauta.com\/portal\/#\/schema\/logo\/image\/\",\"url\":\"https:\/\/noticiaempauta.com\/portal\/wp-content\/uploads\/2022\/08\/logomarca_tema.fw_.png\",\"contentUrl\":\"https:\/\/noticiaempauta.com\/portal\/wp-content\/uploads\/2022\/08\/logomarca_tema.fw_.png\",\"width\":400,\"height\":232,\"caption\":\"Portal Not\u00edcia em Pauta\"},\"image\":{\"@id\":\"https:\/\/noticiaempauta.com\/portal\/#\/schema\/logo\/image\/\"},\"sameAs\":[\"https:\/\/www.facebook.com\/Portal-Notcia-Em-Pauta-102292869264820\/\",\"https:\/\/www.instagram.com\/portalnoticiaempauta\/\"]},{\"@type\":\"Person\",\"@id\":\"https:\/\/noticiaempauta.com\/portal\/#\/schema\/person\/a74af43dd1ab3deca45f988c717d57ac\",\"name\":\"Reda\u00e7\u00e3o\",\"image\":{\"@type\":\"ImageObject\",\"inLanguage\":\"pt-BR\",\"@id\":\"https:\/\/noticiaempauta.com\/portal\/#\/schema\/person\/image\/\",\"url\":\"https:\/\/secure.gravatar.com\/avatar\/03179346ecce6cdfc13361603e8f54242a90e5cde8618fa23c5c00aa2b0aadf3?s=96&d=mm&r=g\",\"contentUrl\":\"https:\/\/secure.gravatar.com\/avatar\/03179346ecce6cdfc13361603e8f54242a90e5cde8618fa23c5c00aa2b0aadf3?s=96&d=mm&r=g\",\"caption\":\"Reda\u00e7\u00e3o\"},\"sameAs\":[\"https:\/\/noticiaempauta.com\/portal\/\"],\"url\":\"https:\/\/noticiaempauta.com\/portal\/author\/fernando\/\"}]}<\/script>\n<!-- \/ Yoast SEO Premium plugin. -->","yoast_head_json":{"title":"Vereador Rinaldinho anuncia reforma do anexo da C\u00e2mara Municipal e destaca a import\u00e2ncia do projeto para cria\u00e7\u00e3o de novas secretarias - Portal Not\u00edcia em Pauta","robots":{"index":"index","follow":"follow","max-snippet":"max-snippet:-1","max-image-preview":"max-image-preview:large","max-video-preview":"max-video-preview:-1"},"canonical":"https:\/\/noticiaempauta.com\/portal\/vereador-rinaldinho-anuncia-reforma-do-anexo-da-camara-municipal-e-destaca-a-importancia-do-projeto-para-criacao-de-novas-secretarias\/","og_locale":"pt_BR","og_type":"article","og_title":"Vereador Rinaldinho anuncia reforma do anexo da C\u00e2mara Municipal e destaca a import\u00e2ncia do projeto para cria\u00e7\u00e3o de novas secretarias","og_description":"Durante sess\u00e3o ordin\u00e1ria realizada na tarde desta quinta-feira (28), o presidente da C\u00e2mara Municipal de Picos, Ver. Rinaldinho, anunciou que o pr\u00e9dio do poder legislativo picoense passar\u00e1 por nova reestrutura\u00e7\u00e3o. De acordo com Rinaldinho, a principal interven\u00e7\u00e3o ser\u00e1 realizada no anexo antigo do pr\u00e9dio, uma estrutura hist\u00f3rica que apresenta problemas desde a sua constru\u00e7\u00e3o \u2014 [&hellip;]","og_url":"https:\/\/noticiaempauta.com\/portal\/vereador-rinaldinho-anuncia-reforma-do-anexo-da-camara-municipal-e-destaca-a-importancia-do-projeto-para-criacao-de-novas-secretarias\/","og_site_name":"Portal Not\u00edcia em Pauta","article_publisher":"https:\/\/www.facebook.com\/Portal-Notcia-Em-Pauta-102292869264820\/","article_published_time":"2025-08-29T13:59:39+00:00","article_modified_time":"2025-08-29T14:07:23+00:00","og_image":[{"width":959,"height":696,"url":"https:\/\/noticiaempauta.com\/portal\/wp-content\/uploads\/2025\/08\/IMG_1882.jpg","type":"image\/jpeg"}],"author":"Reda\u00e7\u00e3o","twitter_card":"summary_large_image","twitter_misc":{"Escrito por":"Reda\u00e7\u00e3o","Est. tempo de leitura":"3 minutos"},"schema":{"@context":"https:\/\/schema.org","@graph":[{"@type":"Article","@id":"https:\/\/noticiaempauta.com\/portal\/vereador-rinaldinho-anuncia-reforma-do-anexo-da-camara-municipal-e-destaca-a-importancia-do-projeto-para-criacao-de-novas-secretarias\/#article","isPartOf":{"@id":"https:\/\/noticiaempauta.com\/portal\/vereador-rinaldinho-anuncia-reforma-do-anexo-da-camara-municipal-e-destaca-a-importancia-do-projeto-para-criacao-de-novas-secretarias\/"},"author":{"name":"Reda\u00e7\u00e3o","@id":"https:\/\/noticiaempauta.com\/portal\/#\/schema\/person\/a74af43dd1ab3deca45f988c717d57ac"},"headline":"Vereador Rinaldinho anuncia reforma do anexo da C\u00e2mara Municipal e destaca a import\u00e2ncia do projeto para cria\u00e7\u00e3o de novas secretarias","datePublished":"2025-08-29T13:59:39+00:00","dateModified":"2025-08-29T14:07:23+00:00","mainEntityOfPage":{"@id":"https:\/\/noticiaempauta.com\/portal\/vereador-rinaldinho-anuncia-reforma-do-anexo-da-camara-municipal-e-destaca-a-importancia-do-projeto-para-criacao-de-novas-secretarias\/"},"wordCount":375,"commentCount":0,"publisher":{"@id":"https:\/\/noticiaempauta.com\/portal\/#organization"},"image":{"@id":"https:\/\/noticiaempauta.com\/portal\/vereador-rinaldinho-anuncia-reforma-do-anexo-da-camara-municipal-e-destaca-a-importancia-do-projeto-para-criacao-de-novas-secretarias\/#primaryimage"},"thumbnailUrl":"https:\/\/noticiaempauta.com\/portal\/wp-content\/uploads\/2025\/08\/IMG_1882.jpg","keywords":["destaqueprincipal"],"articleSection":["Destaques","Geral","Todas as Not\u00edcias"],"inLanguage":"pt-BR","potentialAction":[{"@type":"CommentAction","name":"Comment","target":["https:\/\/noticiaempauta.com\/portal\/vereador-rinaldinho-anuncia-reforma-do-anexo-da-camara-municipal-e-destaca-a-importancia-do-projeto-para-criacao-de-novas-secretarias\/#respond"]}]},{"@type":"WebPage","@id":"https:\/\/noticiaempauta.com\/portal\/vereador-rinaldinho-anuncia-reforma-do-anexo-da-camara-municipal-e-destaca-a-importancia-do-projeto-para-criacao-de-novas-secretarias\/","url":"https:\/\/noticiaempauta.com\/portal\/vereador-rinaldinho-anuncia-reforma-do-anexo-da-camara-municipal-e-destaca-a-importancia-do-projeto-para-criacao-de-novas-secretarias\/","name":"Vereador Rinaldinho anuncia reforma do anexo da C\u00e2mara Municipal e destaca a import\u00e2ncia do projeto para cria\u00e7\u00e3o de novas secretarias - Portal Not\u00edcia em Pauta","isPartOf":{"@id":"https:\/\/noticiaempauta.com\/portal\/#website"},"primaryImageOfPage":{"@id":"https:\/\/noticiaempauta.com\/portal\/vereador-rinaldinho-anuncia-reforma-do-anexo-da-camara-municipal-e-destaca-a-importancia-do-projeto-para-criacao-de-novas-secretarias\/#primaryimage"},"image":{"@id":"https:\/\/noticiaempauta.com\/portal\/vereador-rinaldinho-anuncia-reforma-do-anexo-da-camara-municipal-e-destaca-a-importancia-do-projeto-para-criacao-de-novas-secretarias\/#primaryimage"},"thumbnailUrl":"https:\/\/noticiaempauta.com\/portal\/wp-content\/uploads\/2025\/08\/IMG_1882.jpg","datePublished":"2025-08-29T13:59:39+00:00","dateModified":"2025-08-29T14:07:23+00:00","breadcrumb":{"@id":"https:\/\/noticiaempauta.com\/portal\/vereador-rinaldinho-anuncia-reforma-do-anexo-da-camara-municipal-e-destaca-a-importancia-do-projeto-para-criacao-de-novas-secretarias\/#breadcrumb"},"inLanguage":"pt-BR","potentialAction":[{"@type":"ReadAction","target":["https:\/\/noticiaempauta.com\/portal\/vereador-rinaldinho-anuncia-reforma-do-anexo-da-camara-municipal-e-destaca-a-importancia-do-projeto-para-criacao-de-novas-secretarias\/"]}]},{"@type":"ImageObject","inLanguage":"pt-BR","@id":"https:\/\/noticiaempauta.com\/portal\/vereador-rinaldinho-anuncia-reforma-do-anexo-da-camara-municipal-e-destaca-a-importancia-do-projeto-para-criacao-de-novas-secretarias\/#primaryimage","url":"https:\/\/noticiaempauta.com\/portal\/wp-content\/uploads\/2025\/08\/IMG_1882.jpg","contentUrl":"https:\/\/noticiaempauta.com\/portal\/wp-content\/uploads\/2025\/08\/IMG_1882.jpg","width":959,"height":696},{"@type":"BreadcrumbList","@id":"https:\/\/noticiaempauta.com\/portal\/vereador-rinaldinho-anuncia-reforma-do-anexo-da-camara-municipal-e-destaca-a-importancia-do-projeto-para-criacao-de-novas-secretarias\/#breadcrumb","itemListElement":[{"@type":"ListItem","position":1,"name":"P\u00e1gina Inicial","item":"https:\/\/noticiaempauta.com\/portal\/"},{"@type":"ListItem","position":2,"name":"Destaques","item":"https:\/\/noticiaempauta.com\/portal\/destaques-site\/"},{"@type":"ListItem","position":3,"name":"Vereador Rinaldinho anuncia reforma do anexo da C\u00e2mara Municipal e destaca a import\u00e2ncia do projeto para cria\u00e7\u00e3o de novas secretarias"}]},{"@type":"WebSite","@id":"https:\/\/noticiaempauta.com\/portal\/#website","url":"https:\/\/noticiaempauta.com\/portal\/","name":"Portal Not\u00edcia em Pauta","description":"Voc\u00ea bem informado","publisher":{"@id":"https:\/\/noticiaempauta.com\/portal\/#organization"},"potentialAction":[{"@type":"SearchAction","target":{"@type":"EntryPoint","urlTemplate":"https:\/\/noticiaempauta.com\/portal\/?s={search_term_string}"},"query-input":{"@type":"PropertyValueSpecification","valueRequired":true,"valueName":"search_term_string"}}],"inLanguage":"pt-BR"},{"@type":"Organization","@id":"https:\/\/noticiaempauta.com\/portal\/#organization","name":"Portal Not\u00edcia em Pauta","url":"https:\/\/noticiaempauta.com\/portal\/","logo":{"@type":"ImageObject","inLanguage":"pt-BR","@id":"https:\/\/noticiaempauta.com\/portal\/#\/schema\/logo\/image\/","url":"https:\/\/noticiaempauta.com\/portal\/wp-content\/uploads\/2022\/08\/logomarca_tema.fw_.png","contentUrl":"https:\/\/noticiaempauta.com\/portal\/wp-content\/uploads\/2022\/08\/logomarca_tema.fw_.png","width":400,"height":232,"caption":"Portal Not\u00edcia em Pauta"},"image":{"@id":"https:\/\/noticiaempauta.com\/portal\/#\/schema\/logo\/image\/"},"sameAs":["https:\/\/www.facebook.com\/Portal-Notcia-Em-Pauta-102292869264820\/","https:\/\/www.instagram.com\/portalnoticiaempauta\/"]},{"@type":"Person","@id":"https:\/\/noticiaempauta.com\/portal\/#\/schema\/person\/a74af43dd1ab3deca45f988c717d57ac","name":"Reda\u00e7\u00e3o","image":{"@type":"ImageObject","inLanguage":"pt-BR","@id":"https:\/\/noticiaempauta.com\/portal\/#\/schema\/person\/image\/","url":"https:\/\/secure.gravatar.com\/avatar\/03179346ecce6cdfc13361603e8f54242a90e5cde8618fa23c5c00aa2b0aadf3?s=96&d=mm&r=g","contentUrl":"https:\/\/secure.gravatar.com\/avatar\/03179346ecce6cdfc13361603e8f54242a90e5cde8618fa23c5c00aa2b0aadf3?s=96&d=mm&r=g","caption":"Reda\u00e7\u00e3o"},"sameAs":["https:\/\/noticiaempauta.com\/portal\/"],"url":"https:\/\/noticiaempauta.com\/portal\/author\/fernando\/"}]}},"_links":{"self":[{"href":"https:\/\/noticiaempauta.com\/portal\/wp-json\/wp\/v2\/posts\/277345","targetHints":{"allow":["GET"]}}],"collection":[{"href":"https:\/\/noticiaempauta.com\/portal\/wp-json\/wp\/v2\/posts"}],"about":[{"href":"https:\/\/noticiaempauta.com\/portal\/wp-json\/wp\/v2\/types\/post"}],"author":[{"embeddable":true,"href":"https:\/\/noticiaempauta.com\/portal\/wp-json\/wp\/v2\/users\/2"}],"replies":[{"embeddable":true,"href":"https:\/\/noticiaempauta.com\/portal\/wp-json\/wp\/v2\/comments?post=277345"}],"version-history":[{"count":3,"href":"https:\/\/noticiaempauta.com\/portal\/wp-json\/wp\/v2\/posts\/277345\/revisions"}],"predecessor-version":[{"id":277352,"href":"https:\/\/noticiaempauta.com\/portal\/wp-json\/wp\/v2\/posts\/277345\/revisions\/277352"}],"wp:featuredmedia":[{"embeddable":true,"href":"https:\/\/noticiaempauta.com\/portal\/wp-json\/wp\/v2\/media\/277350"}],"wp:attachment":[{"href":"https:\/\/noticiaempauta.com\/portal\/wp-json\/wp\/v2\/media?parent=277345"}],"wp:term":[{"taxonomy":"category","embeddable":true,"href":"https:\/\/noticiaempauta.com\/portal\/wp-json\/wp\/v2\/categories?post=277345"},{"taxonomy":"post_tag","embeddable":true,"href":"https:\/\/noticiaempauta.com\/portal\/wp-json\/wp\/v2\/tags?post=277345"}],"curies":[{"name":"wp","href":"https:\/\/api.w.org\/{rel}","templated":true}]}}