{"id":277387,"date":"2025-08-29T14:47:13","date_gmt":"2025-08-29T17:47:13","guid":{"rendered":"https:\/\/noticiaempauta.com\/portal\/?p=277387"},"modified":"2025-08-29T14:47:14","modified_gmt":"2025-08-29T17:47:14","slug":"picos-copa-leonardo-7-sera-disputada-no-formato-mata-mata","status":"publish","type":"post","link":"https:\/\/noticiaempauta.com\/portal\/picos-copa-leonardo-7-sera-disputada-no-formato-mata-mata\/","title":{"rendered":"PICOS | Copa Leonardo 7 ser\u00e1 disputada no formato mata-mata"},"content":{"rendered":"\n<p>Dezenas de desportistas, entre atletas, ex-atletas, donos de times de futebol amador e integrantes da cr\u00f4nica esportiva picoense, participaram na manh\u00e3 desta \u00faltima quinta-feira (28), de uma reuni\u00e3o com a equipe t\u00e9cnica da SEMEL (Secretaria Municipal de Esportes e Lazer), no Plen\u00e1rio Vereador Pedro Barbosa da Silva, na C\u00e2mara de Vereadores de Picos.<\/p>\n\n\n\n<figure class=\"wp-block-image size-full\"><img fetchpriority=\"high\" decoding=\"async\" width=\"640\" height=\"427\" src=\"https:\/\/noticiaempauta.com\/portal\/wp-content\/uploads\/2025\/08\/CCM_0756.jpg\" alt=\"\" class=\"wp-image-277388\" srcset=\"https:\/\/noticiaempauta.com\/portal\/wp-content\/uploads\/2025\/08\/CCM_0756.jpg 640w, https:\/\/noticiaempauta.com\/portal\/wp-content\/uploads\/2025\/08\/CCM_0756-300x200.jpg 300w\" sizes=\"(max-width: 640px) 100vw, 640px\" \/><\/figure>\n\n\n\n<p>O encontro promovido pela SEMEL teve o objetivo de apresentar o Projeto da Copa Leonardo 7 de Futebol Amador, competi\u00e7\u00e3o que corresponder\u00e1 ao Campeonato Picoense 2025.<\/p>\n\n\n\n<figure class=\"wp-block-image size-full\"><img decoding=\"async\" width=\"640\" height=\"427\" src=\"https:\/\/noticiaempauta.com\/portal\/wp-content\/uploads\/2025\/08\/CCM_0750.jpg\" alt=\"\" class=\"wp-image-277389\" srcset=\"https:\/\/noticiaempauta.com\/portal\/wp-content\/uploads\/2025\/08\/CCM_0750.jpg 640w, https:\/\/noticiaempauta.com\/portal\/wp-content\/uploads\/2025\/08\/CCM_0750-300x200.jpg 300w\" sizes=\"(max-width: 640px) 100vw, 640px\" \/><\/figure>\n\n\n\n<p>O principal ponto apresentado pela secret\u00e1ria de Esportes e Lazer, Layana Rufino, foi que a Copa Leonardo 7 ser\u00e1 disputada no sistema mata-mata, onde o vencedor de cada partida passa para pr\u00f3xima fase enquanto a equipe derrotada \u00e9 eliminada automaticamente da competi\u00e7\u00e3o.<\/p>\n\n\n\n<figure class=\"wp-block-image size-full\"><img decoding=\"async\" width=\"640\" height=\"427\" src=\"https:\/\/noticiaempauta.com\/portal\/wp-content\/uploads\/2025\/08\/CCM_0747.jpg\" alt=\"\" class=\"wp-image-277390\" srcset=\"https:\/\/noticiaempauta.com\/portal\/wp-content\/uploads\/2025\/08\/CCM_0747.jpg 640w, https:\/\/noticiaempauta.com\/portal\/wp-content\/uploads\/2025\/08\/CCM_0747-300x200.jpg 300w\" sizes=\"(max-width: 640px) 100vw, 640px\" \/><\/figure>\n\n\n\n<p>Ao todo 16 times participar\u00e3o da Copa Leonardo 7 e a Prefeitura de Picos ir\u00e1 doar os uniformes para todas as equipes e em troca ter\u00e1 sua logomarca estampada nas camisas, no entanto, os times tamb\u00e9m poder\u00e3o estampar a marca de outros patrocinadores para que assim possam gerar receita pr\u00f3pria.<\/p>\n\n\n\n<figure class=\"wp-block-image size-full\"><img loading=\"lazy\" decoding=\"async\" width=\"640\" height=\"427\" src=\"https:\/\/noticiaempauta.com\/portal\/wp-content\/uploads\/2025\/08\/CCM_0768.jpg\" alt=\"\" class=\"wp-image-277391\" srcset=\"https:\/\/noticiaempauta.com\/portal\/wp-content\/uploads\/2025\/08\/CCM_0768.jpg 640w, https:\/\/noticiaempauta.com\/portal\/wp-content\/uploads\/2025\/08\/CCM_0768-300x200.jpg 300w\" sizes=\"(max-width: 640px) 100vw, 640px\" \/><\/figure>\n\n\n\n<p>A abertura da competi\u00e7\u00e3o est\u00e1 prevista para acontecer no dia 28 de outubro, no Est\u00e1dio Municipal Helv\u00eddio Nunes, e a final em 11 de dezembro, v\u00e9spera do anivers\u00e1rio de 135 anos de emancipa\u00e7\u00e3o pol\u00edtica e administrativa de Picos.<\/p>\n\n\n\n<figure class=\"wp-block-image size-full\"><img loading=\"lazy\" decoding=\"async\" width=\"640\" height=\"427\" src=\"https:\/\/noticiaempauta.com\/portal\/wp-content\/uploads\/2025\/08\/CCM_0769.jpg\" alt=\"\" class=\"wp-image-277392\" srcset=\"https:\/\/noticiaempauta.com\/portal\/wp-content\/uploads\/2025\/08\/CCM_0769.jpg 640w, https:\/\/noticiaempauta.com\/portal\/wp-content\/uploads\/2025\/08\/CCM_0769-300x200.jpg 300w\" sizes=\"(max-width: 640px) 100vw, 640px\" \/><\/figure>\n\n\n\n<p>As inscri\u00e7\u00f5es, que s\u00e3o gratuitas, acontecer\u00e3o nos dias 01 e 02 de setembro, sendo que as mesmas ter\u00e3o de ser confirmadas at\u00e9 o dia da abertura do certame, onde cada time poder\u00e1 inscrever, entre os 24 atletas, apenas um n\u00e3o domiciliado eleitoralmente no munic\u00edpio picoense e somente para a posi\u00e7\u00e3o de goleiro.<\/p>\n\n\n\n<figure class=\"wp-block-image size-full\"><img loading=\"lazy\" decoding=\"async\" width=\"640\" height=\"427\" src=\"https:\/\/noticiaempauta.com\/portal\/wp-content\/uploads\/2025\/08\/CCM_0776.jpg\" alt=\"\" class=\"wp-image-277393\" srcset=\"https:\/\/noticiaempauta.com\/portal\/wp-content\/uploads\/2025\/08\/CCM_0776.jpg 640w, https:\/\/noticiaempauta.com\/portal\/wp-content\/uploads\/2025\/08\/CCM_0776-300x200.jpg 300w\" sizes=\"(max-width: 640px) 100vw, 640px\" \/><\/figure>\n\n\n\n<p>Outra restri\u00e7\u00e3o que consta no regulamento \u00e9 que os times n\u00e3o poder\u00e3o inscrever atletas que tenham constado no BID (Boletim Informativo Di\u00e1rio), da CBF (Confedera\u00e7\u00e3o Brasileira de Futebol), e jogado profissionalmente no ano de 2025.<\/p>\n\n\n\n<p>Como forma de preservar o Gigant\u00e3o da Malva, que est\u00e1 recebendo um novo gramado, acontecer\u00e3o apenas duas partidas por semana, uma na quarta e outra na quinta-feira.<\/p>\n\n\n\n<figure class=\"wp-block-image size-full\"><img loading=\"lazy\" decoding=\"async\" width=\"640\" height=\"427\" src=\"https:\/\/noticiaempauta.com\/portal\/wp-content\/uploads\/2025\/08\/CCM_0761-1.jpg\" alt=\"\" class=\"wp-image-277394\" srcset=\"https:\/\/noticiaempauta.com\/portal\/wp-content\/uploads\/2025\/08\/CCM_0761-1.jpg 640w, https:\/\/noticiaempauta.com\/portal\/wp-content\/uploads\/2025\/08\/CCM_0761-1-300x200.jpg 300w\" sizes=\"(max-width: 640px) 100vw, 640px\" \/><\/figure>\n\n\n\n<p>A Copa Leonardo 7 distribuir\u00e1 uma premia\u00e7\u00e3o de R$ 20.000.00 (vinte mil reais), divididos da seguinte forma: R$ 10.000,00 (dez mil reais), para a equipa campe\u00e3, R$ 5.000,00 (cinco mil reais), para o vice-campe\u00e3o e R$ 3,000, 00 (tr\u00eas mil reais), para o terceiro lugar.<\/p>\n\n\n\n<p>Haver\u00e1 ainda a distribui\u00e7\u00e3o de premia\u00e7\u00f5es individuais, no valor de R$ 500,00 reais, para o melhor jogador, o goleiro menos vazado, o artilheiro e o atleta revela\u00e7\u00e3o do campeonato.<\/p>\n\n\n\n<p>CCOM<\/p>\n","protected":false},"excerpt":{"rendered":"<p>Dezenas de desportistas, entre atletas, ex-atletas, donos de times de futebol amador e integrantes da cr\u00f4nica esportiva picoense, participaram na manh\u00e3 desta \u00faltima quinta-feira (28), de uma reuni\u00e3o com a equipe t\u00e9cnica da SEMEL (Secretaria Municipal de Esportes e Lazer), no Plen\u00e1rio Vereador Pedro Barbosa da Silva, na C\u00e2mara de Vereadores de Picos. O encontro [&hellip;]<\/p>\n","protected":false},"author":2,"featured_media":277388,"comment_status":"open","ping_status":"open","sticky":false,"template":"","format":"standard","meta":{"_mi_skip_tracking":false,"footnotes":""},"categories":[25,26,1,16],"tags":[],"class_list":["post-277387","post","type-post","status-publish","format-standard","has-post-thumbnail","hentry","category-destaques-site","category-esporte","category-geral","category-todas"],"acf":[],"yoast_head":"<!-- This site is optimized with the Yoast SEO Premium plugin v19.2 (Yoast SEO v26.9) - https:\/\/yoast.com\/product\/yoast-seo-premium-wordpress\/ -->\n<title>PICOS | Copa Leonardo 7 ser\u00e1 disputada no formato mata-mata - Portal Not\u00edcia em Pauta<\/title>\n<meta name=\"robots\" content=\"index, follow, max-snippet:-1, max-image-preview:large, max-video-preview:-1\" \/>\n<link rel=\"canonical\" href=\"https:\/\/noticiaempauta.com\/portal\/picos-copa-leonardo-7-sera-disputada-no-formato-mata-mata\/\" \/>\n<meta property=\"og:locale\" content=\"pt_BR\" \/>\n<meta property=\"og:type\" content=\"article\" \/>\n<meta property=\"og:title\" content=\"PICOS | Copa Leonardo 7 ser\u00e1 disputada no formato mata-mata\" \/>\n<meta property=\"og:description\" content=\"Dezenas de desportistas, entre atletas, ex-atletas, donos de times de futebol amador e integrantes da cr\u00f4nica esportiva picoense, participaram na manh\u00e3 desta \u00faltima quinta-feira (28), de uma reuni\u00e3o com a equipe t\u00e9cnica da SEMEL (Secretaria Municipal de Esportes e Lazer), no Plen\u00e1rio Vereador Pedro Barbosa da Silva, na C\u00e2mara de Vereadores de Picos. O encontro [&hellip;]\" \/>\n<meta property=\"og:url\" content=\"https:\/\/noticiaempauta.com\/portal\/picos-copa-leonardo-7-sera-disputada-no-formato-mata-mata\/\" \/>\n<meta property=\"og:site_name\" content=\"Portal Not\u00edcia em Pauta\" \/>\n<meta property=\"article:publisher\" content=\"https:\/\/www.facebook.com\/Portal-Notcia-Em-Pauta-102292869264820\/\" \/>\n<meta property=\"article:published_time\" content=\"2025-08-29T17:47:13+00:00\" \/>\n<meta property=\"article:modified_time\" content=\"2025-08-29T17:47:14+00:00\" \/>\n<meta property=\"og:image\" content=\"https:\/\/noticiaempauta.com\/portal\/wp-content\/uploads\/2025\/08\/CCM_0756.jpg\" \/>\n\t<meta property=\"og:image:width\" content=\"640\" \/>\n\t<meta property=\"og:image:height\" content=\"427\" \/>\n\t<meta property=\"og:image:type\" content=\"image\/jpeg\" \/>\n<meta name=\"author\" content=\"Reda\u00e7\u00e3o\" \/>\n<meta name=\"twitter:card\" content=\"summary_large_image\" \/>\n<meta name=\"twitter:label1\" content=\"Escrito por\" \/>\n\t<meta name=\"twitter:data1\" content=\"Reda\u00e7\u00e3o\" \/>\n\t<meta name=\"twitter:label2\" content=\"Est. tempo de leitura\" \/>\n\t<meta name=\"twitter:data2\" content=\"4 minutos\" \/>\n<script type=\"application\/ld+json\" class=\"yoast-schema-graph\">{\"@context\":\"https:\/\/schema.org\",\"@graph\":[{\"@type\":\"Article\",\"@id\":\"https:\/\/noticiaempauta.com\/portal\/picos-copa-leonardo-7-sera-disputada-no-formato-mata-mata\/#article\",\"isPartOf\":{\"@id\":\"https:\/\/noticiaempauta.com\/portal\/picos-copa-leonardo-7-sera-disputada-no-formato-mata-mata\/\"},\"author\":{\"name\":\"Reda\u00e7\u00e3o\",\"@id\":\"https:\/\/noticiaempauta.com\/portal\/#\/schema\/person\/a74af43dd1ab3deca45f988c717d57ac\"},\"headline\":\"PICOS | Copa Leonardo 7 ser\u00e1 disputada no formato mata-mata\",\"datePublished\":\"2025-08-29T17:47:13+00:00\",\"dateModified\":\"2025-08-29T17:47:14+00:00\",\"mainEntityOfPage\":{\"@id\":\"https:\/\/noticiaempauta.com\/portal\/picos-copa-leonardo-7-sera-disputada-no-formato-mata-mata\/\"},\"wordCount\":424,\"commentCount\":0,\"publisher\":{\"@id\":\"https:\/\/noticiaempauta.com\/portal\/#organization\"},\"image\":{\"@id\":\"https:\/\/noticiaempauta.com\/portal\/picos-copa-leonardo-7-sera-disputada-no-formato-mata-mata\/#primaryimage\"},\"thumbnailUrl\":\"https:\/\/noticiaempauta.com\/portal\/wp-content\/uploads\/2025\/08\/CCM_0756.jpg\",\"articleSection\":[\"Destaques\",\"Esporte\",\"Geral\",\"Todas as Not\u00edcias\"],\"inLanguage\":\"pt-BR\",\"potentialAction\":[{\"@type\":\"CommentAction\",\"name\":\"Comment\",\"target\":[\"https:\/\/noticiaempauta.com\/portal\/picos-copa-leonardo-7-sera-disputada-no-formato-mata-mata\/#respond\"]}]},{\"@type\":\"WebPage\",\"@id\":\"https:\/\/noticiaempauta.com\/portal\/picos-copa-leonardo-7-sera-disputada-no-formato-mata-mata\/\",\"url\":\"https:\/\/noticiaempauta.com\/portal\/picos-copa-leonardo-7-sera-disputada-no-formato-mata-mata\/\",\"name\":\"PICOS | Copa Leonardo 7 ser\u00e1 disputada no formato mata-mata - Portal Not\u00edcia em Pauta\",\"isPartOf\":{\"@id\":\"https:\/\/noticiaempauta.com\/portal\/#website\"},\"primaryImageOfPage\":{\"@id\":\"https:\/\/noticiaempauta.com\/portal\/picos-copa-leonardo-7-sera-disputada-no-formato-mata-mata\/#primaryimage\"},\"image\":{\"@id\":\"https:\/\/noticiaempauta.com\/portal\/picos-copa-leonardo-7-sera-disputada-no-formato-mata-mata\/#primaryimage\"},\"thumbnailUrl\":\"https:\/\/noticiaempauta.com\/portal\/wp-content\/uploads\/2025\/08\/CCM_0756.jpg\",\"datePublished\":\"2025-08-29T17:47:13+00:00\",\"dateModified\":\"2025-08-29T17:47:14+00:00\",\"breadcrumb\":{\"@id\":\"https:\/\/noticiaempauta.com\/portal\/picos-copa-leonardo-7-sera-disputada-no-formato-mata-mata\/#breadcrumb\"},\"inLanguage\":\"pt-BR\",\"potentialAction\":[{\"@type\":\"ReadAction\",\"target\":[\"https:\/\/noticiaempauta.com\/portal\/picos-copa-leonardo-7-sera-disputada-no-formato-mata-mata\/\"]}]},{\"@type\":\"ImageObject\",\"inLanguage\":\"pt-BR\",\"@id\":\"https:\/\/noticiaempauta.com\/portal\/picos-copa-leonardo-7-sera-disputada-no-formato-mata-mata\/#primaryimage\",\"url\":\"https:\/\/noticiaempauta.com\/portal\/wp-content\/uploads\/2025\/08\/CCM_0756.jpg\",\"contentUrl\":\"https:\/\/noticiaempauta.com\/portal\/wp-content\/uploads\/2025\/08\/CCM_0756.jpg\",\"width\":640,\"height\":427},{\"@type\":\"BreadcrumbList\",\"@id\":\"https:\/\/noticiaempauta.com\/portal\/picos-copa-leonardo-7-sera-disputada-no-formato-mata-mata\/#breadcrumb\",\"itemListElement\":[{\"@type\":\"ListItem\",\"position\":1,\"name\":\"P\u00e1gina Inicial\",\"item\":\"https:\/\/noticiaempauta.com\/portal\/\"},{\"@type\":\"ListItem\",\"position\":2,\"name\":\"Destaques\",\"item\":\"https:\/\/noticiaempauta.com\/portal\/destaques-site\/\"},{\"@type\":\"ListItem\",\"position\":3,\"name\":\"PICOS | Copa Leonardo 7 ser\u00e1 disputada no formato mata-mata\"}]},{\"@type\":\"WebSite\",\"@id\":\"https:\/\/noticiaempauta.com\/portal\/#website\",\"url\":\"https:\/\/noticiaempauta.com\/portal\/\",\"name\":\"Portal Not\u00edcia em Pauta\",\"description\":\"Voc\u00ea bem informado\",\"publisher\":{\"@id\":\"https:\/\/noticiaempauta.com\/portal\/#organization\"},\"potentialAction\":[{\"@type\":\"SearchAction\",\"target\":{\"@type\":\"EntryPoint\",\"urlTemplate\":\"https:\/\/noticiaempauta.com\/portal\/?s={search_term_string}\"},\"query-input\":{\"@type\":\"PropertyValueSpecification\",\"valueRequired\":true,\"valueName\":\"search_term_string\"}}],\"inLanguage\":\"pt-BR\"},{\"@type\":\"Organization\",\"@id\":\"https:\/\/noticiaempauta.com\/portal\/#organization\",\"name\":\"Portal Not\u00edcia em Pauta\",\"url\":\"https:\/\/noticiaempauta.com\/portal\/\",\"logo\":{\"@type\":\"ImageObject\",\"inLanguage\":\"pt-BR\",\"@id\":\"https:\/\/noticiaempauta.com\/portal\/#\/schema\/logo\/image\/\",\"url\":\"https:\/\/noticiaempauta.com\/portal\/wp-content\/uploads\/2022\/08\/logomarca_tema.fw_.png\",\"contentUrl\":\"https:\/\/noticiaempauta.com\/portal\/wp-content\/uploads\/2022\/08\/logomarca_tema.fw_.png\",\"width\":400,\"height\":232,\"caption\":\"Portal Not\u00edcia em Pauta\"},\"image\":{\"@id\":\"https:\/\/noticiaempauta.com\/portal\/#\/schema\/logo\/image\/\"},\"sameAs\":[\"https:\/\/www.facebook.com\/Portal-Notcia-Em-Pauta-102292869264820\/\",\"https:\/\/www.instagram.com\/portalnoticiaempauta\/\"]},{\"@type\":\"Person\",\"@id\":\"https:\/\/noticiaempauta.com\/portal\/#\/schema\/person\/a74af43dd1ab3deca45f988c717d57ac\",\"name\":\"Reda\u00e7\u00e3o\",\"image\":{\"@type\":\"ImageObject\",\"inLanguage\":\"pt-BR\",\"@id\":\"https:\/\/noticiaempauta.com\/portal\/#\/schema\/person\/image\/\",\"url\":\"https:\/\/secure.gravatar.com\/avatar\/03179346ecce6cdfc13361603e8f54242a90e5cde8618fa23c5c00aa2b0aadf3?s=96&d=mm&r=g\",\"contentUrl\":\"https:\/\/secure.gravatar.com\/avatar\/03179346ecce6cdfc13361603e8f54242a90e5cde8618fa23c5c00aa2b0aadf3?s=96&d=mm&r=g\",\"caption\":\"Reda\u00e7\u00e3o\"},\"sameAs\":[\"https:\/\/noticiaempauta.com\/portal\/\"],\"url\":\"https:\/\/noticiaempauta.com\/portal\/author\/fernando\/\"}]}<\/script>\n<!-- \/ Yoast SEO Premium plugin. -->","yoast_head_json":{"title":"PICOS | Copa Leonardo 7 ser\u00e1 disputada no formato mata-mata - Portal Not\u00edcia em Pauta","robots":{"index":"index","follow":"follow","max-snippet":"max-snippet:-1","max-image-preview":"max-image-preview:large","max-video-preview":"max-video-preview:-1"},"canonical":"https:\/\/noticiaempauta.com\/portal\/picos-copa-leonardo-7-sera-disputada-no-formato-mata-mata\/","og_locale":"pt_BR","og_type":"article","og_title":"PICOS | Copa Leonardo 7 ser\u00e1 disputada no formato mata-mata","og_description":"Dezenas de desportistas, entre atletas, ex-atletas, donos de times de futebol amador e integrantes da cr\u00f4nica esportiva picoense, participaram na manh\u00e3 desta \u00faltima quinta-feira (28), de uma reuni\u00e3o com a equipe t\u00e9cnica da SEMEL (Secretaria Municipal de Esportes e Lazer), no Plen\u00e1rio Vereador Pedro Barbosa da Silva, na C\u00e2mara de Vereadores de Picos. O encontro [&hellip;]","og_url":"https:\/\/noticiaempauta.com\/portal\/picos-copa-leonardo-7-sera-disputada-no-formato-mata-mata\/","og_site_name":"Portal Not\u00edcia em Pauta","article_publisher":"https:\/\/www.facebook.com\/Portal-Notcia-Em-Pauta-102292869264820\/","article_published_time":"2025-08-29T17:47:13+00:00","article_modified_time":"2025-08-29T17:47:14+00:00","og_image":[{"width":640,"height":427,"url":"https:\/\/noticiaempauta.com\/portal\/wp-content\/uploads\/2025\/08\/CCM_0756.jpg","type":"image\/jpeg"}],"author":"Reda\u00e7\u00e3o","twitter_card":"summary_large_image","twitter_misc":{"Escrito por":"Reda\u00e7\u00e3o","Est. tempo de leitura":"4 minutos"},"schema":{"@context":"https:\/\/schema.org","@graph":[{"@type":"Article","@id":"https:\/\/noticiaempauta.com\/portal\/picos-copa-leonardo-7-sera-disputada-no-formato-mata-mata\/#article","isPartOf":{"@id":"https:\/\/noticiaempauta.com\/portal\/picos-copa-leonardo-7-sera-disputada-no-formato-mata-mata\/"},"author":{"name":"Reda\u00e7\u00e3o","@id":"https:\/\/noticiaempauta.com\/portal\/#\/schema\/person\/a74af43dd1ab3deca45f988c717d57ac"},"headline":"PICOS | Copa Leonardo 7 ser\u00e1 disputada no formato mata-mata","datePublished":"2025-08-29T17:47:13+00:00","dateModified":"2025-08-29T17:47:14+00:00","mainEntityOfPage":{"@id":"https:\/\/noticiaempauta.com\/portal\/picos-copa-leonardo-7-sera-disputada-no-formato-mata-mata\/"},"wordCount":424,"commentCount":0,"publisher":{"@id":"https:\/\/noticiaempauta.com\/portal\/#organization"},"image":{"@id":"https:\/\/noticiaempauta.com\/portal\/picos-copa-leonardo-7-sera-disputada-no-formato-mata-mata\/#primaryimage"},"thumbnailUrl":"https:\/\/noticiaempauta.com\/portal\/wp-content\/uploads\/2025\/08\/CCM_0756.jpg","articleSection":["Destaques","Esporte","Geral","Todas as Not\u00edcias"],"inLanguage":"pt-BR","potentialAction":[{"@type":"CommentAction","name":"Comment","target":["https:\/\/noticiaempauta.com\/portal\/picos-copa-leonardo-7-sera-disputada-no-formato-mata-mata\/#respond"]}]},{"@type":"WebPage","@id":"https:\/\/noticiaempauta.com\/portal\/picos-copa-leonardo-7-sera-disputada-no-formato-mata-mata\/","url":"https:\/\/noticiaempauta.com\/portal\/picos-copa-leonardo-7-sera-disputada-no-formato-mata-mata\/","name":"PICOS | Copa Leonardo 7 ser\u00e1 disputada no formato mata-mata - Portal Not\u00edcia em Pauta","isPartOf":{"@id":"https:\/\/noticiaempauta.com\/portal\/#website"},"primaryImageOfPage":{"@id":"https:\/\/noticiaempauta.com\/portal\/picos-copa-leonardo-7-sera-disputada-no-formato-mata-mata\/#primaryimage"},"image":{"@id":"https:\/\/noticiaempauta.com\/portal\/picos-copa-leonardo-7-sera-disputada-no-formato-mata-mata\/#primaryimage"},"thumbnailUrl":"https:\/\/noticiaempauta.com\/portal\/wp-content\/uploads\/2025\/08\/CCM_0756.jpg","datePublished":"2025-08-29T17:47:13+00:00","dateModified":"2025-08-29T17:47:14+00:00","breadcrumb":{"@id":"https:\/\/noticiaempauta.com\/portal\/picos-copa-leonardo-7-sera-disputada-no-formato-mata-mata\/#breadcrumb"},"inLanguage":"pt-BR","potentialAction":[{"@type":"ReadAction","target":["https:\/\/noticiaempauta.com\/portal\/picos-copa-leonardo-7-sera-disputada-no-formato-mata-mata\/"]}]},{"@type":"ImageObject","inLanguage":"pt-BR","@id":"https:\/\/noticiaempauta.com\/portal\/picos-copa-leonardo-7-sera-disputada-no-formato-mata-mata\/#primaryimage","url":"https:\/\/noticiaempauta.com\/portal\/wp-content\/uploads\/2025\/08\/CCM_0756.jpg","contentUrl":"https:\/\/noticiaempauta.com\/portal\/wp-content\/uploads\/2025\/08\/CCM_0756.jpg","width":640,"height":427},{"@type":"BreadcrumbList","@id":"https:\/\/noticiaempauta.com\/portal\/picos-copa-leonardo-7-sera-disputada-no-formato-mata-mata\/#breadcrumb","itemListElement":[{"@type":"ListItem","position":1,"name":"P\u00e1gina Inicial","item":"https:\/\/noticiaempauta.com\/portal\/"},{"@type":"ListItem","position":2,"name":"Destaques","item":"https:\/\/noticiaempauta.com\/portal\/destaques-site\/"},{"@type":"ListItem","position":3,"name":"PICOS | Copa Leonardo 7 ser\u00e1 disputada no formato mata-mata"}]},{"@type":"WebSite","@id":"https:\/\/noticiaempauta.com\/portal\/#website","url":"https:\/\/noticiaempauta.com\/portal\/","name":"Portal Not\u00edcia em Pauta","description":"Voc\u00ea bem informado","publisher":{"@id":"https:\/\/noticiaempauta.com\/portal\/#organization"},"potentialAction":[{"@type":"SearchAction","target":{"@type":"EntryPoint","urlTemplate":"https:\/\/noticiaempauta.com\/portal\/?s={search_term_string}"},"query-input":{"@type":"PropertyValueSpecification","valueRequired":true,"valueName":"search_term_string"}}],"inLanguage":"pt-BR"},{"@type":"Organization","@id":"https:\/\/noticiaempauta.com\/portal\/#organization","name":"Portal Not\u00edcia em Pauta","url":"https:\/\/noticiaempauta.com\/portal\/","logo":{"@type":"ImageObject","inLanguage":"pt-BR","@id":"https:\/\/noticiaempauta.com\/portal\/#\/schema\/logo\/image\/","url":"https:\/\/noticiaempauta.com\/portal\/wp-content\/uploads\/2022\/08\/logomarca_tema.fw_.png","contentUrl":"https:\/\/noticiaempauta.com\/portal\/wp-content\/uploads\/2022\/08\/logomarca_tema.fw_.png","width":400,"height":232,"caption":"Portal Not\u00edcia em Pauta"},"image":{"@id":"https:\/\/noticiaempauta.com\/portal\/#\/schema\/logo\/image\/"},"sameAs":["https:\/\/www.facebook.com\/Portal-Notcia-Em-Pauta-102292869264820\/","https:\/\/www.instagram.com\/portalnoticiaempauta\/"]},{"@type":"Person","@id":"https:\/\/noticiaempauta.com\/portal\/#\/schema\/person\/a74af43dd1ab3deca45f988c717d57ac","name":"Reda\u00e7\u00e3o","image":{"@type":"ImageObject","inLanguage":"pt-BR","@id":"https:\/\/noticiaempauta.com\/portal\/#\/schema\/person\/image\/","url":"https:\/\/secure.gravatar.com\/avatar\/03179346ecce6cdfc13361603e8f54242a90e5cde8618fa23c5c00aa2b0aadf3?s=96&d=mm&r=g","contentUrl":"https:\/\/secure.gravatar.com\/avatar\/03179346ecce6cdfc13361603e8f54242a90e5cde8618fa23c5c00aa2b0aadf3?s=96&d=mm&r=g","caption":"Reda\u00e7\u00e3o"},"sameAs":["https:\/\/noticiaempauta.com\/portal\/"],"url":"https:\/\/noticiaempauta.com\/portal\/author\/fernando\/"}]}},"_links":{"self":[{"href":"https:\/\/noticiaempauta.com\/portal\/wp-json\/wp\/v2\/posts\/277387","targetHints":{"allow":["GET"]}}],"collection":[{"href":"https:\/\/noticiaempauta.com\/portal\/wp-json\/wp\/v2\/posts"}],"about":[{"href":"https:\/\/noticiaempauta.com\/portal\/wp-json\/wp\/v2\/types\/post"}],"author":[{"embeddable":true,"href":"https:\/\/noticiaempauta.com\/portal\/wp-json\/wp\/v2\/users\/2"}],"replies":[{"embeddable":true,"href":"https:\/\/noticiaempauta.com\/portal\/wp-json\/wp\/v2\/comments?post=277387"}],"version-history":[{"count":2,"href":"https:\/\/noticiaempauta.com\/portal\/wp-json\/wp\/v2\/posts\/277387\/revisions"}],"predecessor-version":[{"id":277396,"href":"https:\/\/noticiaempauta.com\/portal\/wp-json\/wp\/v2\/posts\/277387\/revisions\/277396"}],"wp:featuredmedia":[{"embeddable":true,"href":"https:\/\/noticiaempauta.com\/portal\/wp-json\/wp\/v2\/media\/277388"}],"wp:attachment":[{"href":"https:\/\/noticiaempauta.com\/portal\/wp-json\/wp\/v2\/media?parent=277387"}],"wp:term":[{"taxonomy":"category","embeddable":true,"href":"https:\/\/noticiaempauta.com\/portal\/wp-json\/wp\/v2\/categories?post=277387"},{"taxonomy":"post_tag","embeddable":true,"href":"https:\/\/noticiaempauta.com\/portal\/wp-json\/wp\/v2\/tags?post=277387"}],"curies":[{"name":"wp","href":"https:\/\/api.w.org\/{rel}","templated":true}]}}