{"id":277397,"date":"2025-08-29T15:06:24","date_gmt":"2025-08-29T18:06:24","guid":{"rendered":"https:\/\/noticiaempauta.com\/portal\/?p=277397"},"modified":"2025-08-29T15:06:25","modified_gmt":"2025-08-29T18:06:25","slug":"eduardo-bolsonaro-pede-a-motta-para-exercer-mandato-dos-eua","status":"publish","type":"post","link":"https:\/\/noticiaempauta.com\/portal\/eduardo-bolsonaro-pede-a-motta-para-exercer-mandato-dos-eua\/","title":{"rendered":"Eduardo Bolsonaro pede a Motta para exercer mandato dos EUA"},"content":{"rendered":"\n<p>O deputado federal Eduardo Bolsonaro (PL-SP) pediu ao presidente da C\u00e2mara, Hugo Motta (Republicanos-PB), para exercer o mandato dos Estados Unidos. No of\u00edcio encaminhado a Motta, o filho do ex-presidente Jair Bolsonaro (PL) alega que tem realizado &#8220;diplomacia parlamentar&#8221; no pa\u00eds. Al\u00e9m disso, citou a pandemia de covid-19 como um &#8220;precedente claro&#8221; de exerc\u00edcio remoto do mandato.<\/p>\n\n\n\n<blockquote class=\"wp-block-quote is-layout-flow wp-block-quote-is-layout-flow\">\n<p>&#8220;N\u00e3o se pode admitir que o que foi assegurado em tempos de crise sanit\u00e1ria deixe de s\u00ea-lo em um momento de crise institucional ainda mais profunda&#8221;, afirmou Eduardo no of\u00edcio, replicado em seu perfil do X (antigo Twitter).<\/p>\n<\/blockquote>\n\n\n\n<figure class=\"wp-block-image size-full\"><img fetchpriority=\"high\" decoding=\"async\" width=\"790\" height=\"550\" src=\"https:\/\/noticiaempauta.com\/portal\/wp-content\/uploads\/2025\/08\/ae9d01f1c0612c6fcca190c9f6f3819a.jpg\" alt=\"\" class=\"wp-image-277398\" srcset=\"https:\/\/noticiaempauta.com\/portal\/wp-content\/uploads\/2025\/08\/ae9d01f1c0612c6fcca190c9f6f3819a.jpg 790w, https:\/\/noticiaempauta.com\/portal\/wp-content\/uploads\/2025\/08\/ae9d01f1c0612c6fcca190c9f6f3819a-300x209.jpg 300w, https:\/\/noticiaempauta.com\/portal\/wp-content\/uploads\/2025\/08\/ae9d01f1c0612c6fcca190c9f6f3819a-768x535.jpg 768w\" sizes=\"(max-width: 790px) 100vw, 790px\" \/><figcaption class=\"wp-element-caption\"><em>Foto: Reprodu\u00e7\u00e3o\/Youtube\/SBT<\/em><\/figcaption><\/figure>\n\n\n\n<p>Eduardo Bolsonaro est\u00e1 nos Estados Unidos desde o in\u00edcio de 2025 Em mar\u00e7o, pediu licen\u00e7a do mandato na C\u00e2mara e anunciou que permaneceria no pa\u00eds, onde buscaria &#8220;san\u00e7\u00f5es aos violadores dos direitos humanos&#8221;, em refer\u00eancia ao ministro Alexandre de Moraes, STF, e outras autoridades que se alinham ao magistrado.<\/p>\n\n\n\n<p>Neste m\u00eas, Eduardo e Jair Bolsonaro foram indiciados pela Pol\u00edcia Federal pelos crimes de tentativa de aboli\u00e7\u00e3o do Estado Democr\u00e1tico de Direito e coa\u00e7\u00e3o no curso do processo. Segundo a investiga\u00e7\u00e3o, o filho do ex-presidente estimulou san\u00e7\u00f5es contra o Brasil com o objetivo de constranger o processo em que seu pai \u00e9 r\u00e9u por tentativa de golpe de Estado.<\/p>\n\n\n\n<p>Na quarta-feira, 27, Eduardo participou \u00e0 dist\u00e2ncia de uma subcomiss\u00e3o da C\u00e2mara. A participa\u00e7\u00e3o ocorreu sem convite formal. Por outro lado, em 7 de agosto, Motta recha\u00e7ou a ideia de um &#8220;mandato \u00e0 dist\u00e2ncia&#8221;. &#8220;N\u00e3o h\u00e1 previsibilidade para exerc\u00edcio do mandato \u00e0 dist\u00e2ncia&#8221;, disse Motta em entrevista ao portal Metr\u00f3poles. &#8220;N\u00e3o h\u00e1 previs\u00e3o no regimento para isso&#8221;.<\/p>\n\n\n\n<p>Quatro dias depois, em entrevista \u00e0 revista Veja, Motta afirmou que n\u00e3o concorda com quem age para impor san\u00e7\u00f5es ao pr\u00f3prio Pa\u00eds. &#8220;Cada parlamentar tem a sua autonomia e a sua liberdade para agir com aquilo que entende ser importante para representar o seu eleitorado. Eu n\u00e3o posso concordar com a atitude de um parlamentar que est\u00e1 fora do Pa\u00eds, trabalhando muitas vezes para que medidas cheguem ao seu Pa\u00eds de origem e que tragam danos \u00e0 economia do Pa\u00eds&#8221;, afirmou o presidente da C\u00e2mara.<\/p>\n\n\n\n<p>Um processo de cassa\u00e7\u00e3o de Eduardo Bolsonaro foi encaminhado ao Conselho de \u00c9tica por Motta no dia 15. O presidente da Casa despistou as amea\u00e7as do filho do ex-presidente, que afirmou, em mais de uma ocasi\u00e3o, que Motta poderia entrar no radar das san\u00e7\u00f5es se n\u00e3o pautasse um projeto de lei de anistia aos r\u00e9us dos 8 de Janeiro.<\/p>\n\n\n\n<p>Fonte: Estad\u00e3o Conte\u00fado<\/p>\n","protected":false},"excerpt":{"rendered":"<p>O deputado federal Eduardo Bolsonaro (PL-SP) pediu ao presidente da C\u00e2mara, Hugo Motta (Republicanos-PB), para exercer o mandato dos Estados Unidos. No of\u00edcio encaminhado a Motta, o filho do ex-presidente Jair Bolsonaro (PL) alega que tem realizado &#8220;diplomacia parlamentar&#8221; no pa\u00eds. Al\u00e9m disso, citou a pandemia de covid-19 como um &#8220;precedente claro&#8221; de exerc\u00edcio remoto [&hellip;]<\/p>\n","protected":false},"author":2,"featured_media":277398,"comment_status":"open","ping_status":"open","sticky":false,"template":"","format":"standard","meta":{"_mi_skip_tracking":false,"footnotes":""},"categories":[25,1,3,16],"tags":[],"class_list":["post-277397","post","type-post","status-publish","format-standard","has-post-thumbnail","hentry","category-destaques-site","category-geral","category-politica","category-todas"],"acf":[],"yoast_head":"<!-- This site is optimized with the Yoast SEO Premium plugin v19.2 (Yoast SEO v26.9) - https:\/\/yoast.com\/product\/yoast-seo-premium-wordpress\/ -->\n<title>Eduardo Bolsonaro pede a Motta para exercer mandato dos EUA - Portal Not\u00edcia em Pauta<\/title>\n<meta name=\"robots\" content=\"index, follow, max-snippet:-1, max-image-preview:large, max-video-preview:-1\" \/>\n<link rel=\"canonical\" href=\"https:\/\/noticiaempauta.com\/portal\/eduardo-bolsonaro-pede-a-motta-para-exercer-mandato-dos-eua\/\" \/>\n<meta property=\"og:locale\" content=\"pt_BR\" \/>\n<meta property=\"og:type\" content=\"article\" \/>\n<meta property=\"og:title\" content=\"Eduardo Bolsonaro pede a Motta para exercer mandato dos EUA\" \/>\n<meta property=\"og:description\" content=\"O deputado federal Eduardo Bolsonaro (PL-SP) pediu ao presidente da C\u00e2mara, Hugo Motta (Republicanos-PB), para exercer o mandato dos Estados Unidos. No of\u00edcio encaminhado a Motta, o filho do ex-presidente Jair Bolsonaro (PL) alega que tem realizado &#8220;diplomacia parlamentar&#8221; no pa\u00eds. Al\u00e9m disso, citou a pandemia de covid-19 como um &#8220;precedente claro&#8221; de exerc\u00edcio remoto [&hellip;]\" \/>\n<meta property=\"og:url\" content=\"https:\/\/noticiaempauta.com\/portal\/eduardo-bolsonaro-pede-a-motta-para-exercer-mandato-dos-eua\/\" \/>\n<meta property=\"og:site_name\" content=\"Portal Not\u00edcia em Pauta\" \/>\n<meta property=\"article:publisher\" content=\"https:\/\/www.facebook.com\/Portal-Notcia-Em-Pauta-102292869264820\/\" \/>\n<meta property=\"article:published_time\" content=\"2025-08-29T18:06:24+00:00\" \/>\n<meta property=\"article:modified_time\" content=\"2025-08-29T18:06:25+00:00\" \/>\n<meta property=\"og:image\" content=\"https:\/\/noticiaempauta.com\/portal\/wp-content\/uploads\/2025\/08\/ae9d01f1c0612c6fcca190c9f6f3819a.jpg\" \/>\n\t<meta property=\"og:image:width\" content=\"790\" \/>\n\t<meta property=\"og:image:height\" content=\"550\" \/>\n\t<meta property=\"og:image:type\" content=\"image\/jpeg\" \/>\n<meta name=\"author\" content=\"Reda\u00e7\u00e3o\" \/>\n<meta name=\"twitter:card\" content=\"summary_large_image\" \/>\n<meta name=\"twitter:label1\" content=\"Escrito por\" \/>\n\t<meta name=\"twitter:data1\" content=\"Reda\u00e7\u00e3o\" \/>\n\t<meta name=\"twitter:label2\" content=\"Est. tempo de leitura\" \/>\n\t<meta name=\"twitter:data2\" content=\"3 minutos\" \/>\n<script type=\"application\/ld+json\" class=\"yoast-schema-graph\">{\"@context\":\"https:\/\/schema.org\",\"@graph\":[{\"@type\":\"Article\",\"@id\":\"https:\/\/noticiaempauta.com\/portal\/eduardo-bolsonaro-pede-a-motta-para-exercer-mandato-dos-eua\/#article\",\"isPartOf\":{\"@id\":\"https:\/\/noticiaempauta.com\/portal\/eduardo-bolsonaro-pede-a-motta-para-exercer-mandato-dos-eua\/\"},\"author\":{\"name\":\"Reda\u00e7\u00e3o\",\"@id\":\"https:\/\/noticiaempauta.com\/portal\/#\/schema\/person\/a74af43dd1ab3deca45f988c717d57ac\"},\"headline\":\"Eduardo Bolsonaro pede a Motta para exercer mandato dos EUA\",\"datePublished\":\"2025-08-29T18:06:24+00:00\",\"dateModified\":\"2025-08-29T18:06:25+00:00\",\"mainEntityOfPage\":{\"@id\":\"https:\/\/noticiaempauta.com\/portal\/eduardo-bolsonaro-pede-a-motta-para-exercer-mandato-dos-eua\/\"},\"wordCount\":464,\"commentCount\":0,\"publisher\":{\"@id\":\"https:\/\/noticiaempauta.com\/portal\/#organization\"},\"image\":{\"@id\":\"https:\/\/noticiaempauta.com\/portal\/eduardo-bolsonaro-pede-a-motta-para-exercer-mandato-dos-eua\/#primaryimage\"},\"thumbnailUrl\":\"https:\/\/noticiaempauta.com\/portal\/wp-content\/uploads\/2025\/08\/ae9d01f1c0612c6fcca190c9f6f3819a.jpg\",\"articleSection\":[\"Destaques\",\"Geral\",\"Pol\u00edtica\",\"Todas as Not\u00edcias\"],\"inLanguage\":\"pt-BR\",\"potentialAction\":[{\"@type\":\"CommentAction\",\"name\":\"Comment\",\"target\":[\"https:\/\/noticiaempauta.com\/portal\/eduardo-bolsonaro-pede-a-motta-para-exercer-mandato-dos-eua\/#respond\"]}]},{\"@type\":\"WebPage\",\"@id\":\"https:\/\/noticiaempauta.com\/portal\/eduardo-bolsonaro-pede-a-motta-para-exercer-mandato-dos-eua\/\",\"url\":\"https:\/\/noticiaempauta.com\/portal\/eduardo-bolsonaro-pede-a-motta-para-exercer-mandato-dos-eua\/\",\"name\":\"Eduardo Bolsonaro pede a Motta para exercer mandato dos EUA - Portal Not\u00edcia em Pauta\",\"isPartOf\":{\"@id\":\"https:\/\/noticiaempauta.com\/portal\/#website\"},\"primaryImageOfPage\":{\"@id\":\"https:\/\/noticiaempauta.com\/portal\/eduardo-bolsonaro-pede-a-motta-para-exercer-mandato-dos-eua\/#primaryimage\"},\"image\":{\"@id\":\"https:\/\/noticiaempauta.com\/portal\/eduardo-bolsonaro-pede-a-motta-para-exercer-mandato-dos-eua\/#primaryimage\"},\"thumbnailUrl\":\"https:\/\/noticiaempauta.com\/portal\/wp-content\/uploads\/2025\/08\/ae9d01f1c0612c6fcca190c9f6f3819a.jpg\",\"datePublished\":\"2025-08-29T18:06:24+00:00\",\"dateModified\":\"2025-08-29T18:06:25+00:00\",\"breadcrumb\":{\"@id\":\"https:\/\/noticiaempauta.com\/portal\/eduardo-bolsonaro-pede-a-motta-para-exercer-mandato-dos-eua\/#breadcrumb\"},\"inLanguage\":\"pt-BR\",\"potentialAction\":[{\"@type\":\"ReadAction\",\"target\":[\"https:\/\/noticiaempauta.com\/portal\/eduardo-bolsonaro-pede-a-motta-para-exercer-mandato-dos-eua\/\"]}]},{\"@type\":\"ImageObject\",\"inLanguage\":\"pt-BR\",\"@id\":\"https:\/\/noticiaempauta.com\/portal\/eduardo-bolsonaro-pede-a-motta-para-exercer-mandato-dos-eua\/#primaryimage\",\"url\":\"https:\/\/noticiaempauta.com\/portal\/wp-content\/uploads\/2025\/08\/ae9d01f1c0612c6fcca190c9f6f3819a.jpg\",\"contentUrl\":\"https:\/\/noticiaempauta.com\/portal\/wp-content\/uploads\/2025\/08\/ae9d01f1c0612c6fcca190c9f6f3819a.jpg\",\"width\":790,\"height\":550},{\"@type\":\"BreadcrumbList\",\"@id\":\"https:\/\/noticiaempauta.com\/portal\/eduardo-bolsonaro-pede-a-motta-para-exercer-mandato-dos-eua\/#breadcrumb\",\"itemListElement\":[{\"@type\":\"ListItem\",\"position\":1,\"name\":\"P\u00e1gina Inicial\",\"item\":\"https:\/\/noticiaempauta.com\/portal\/\"},{\"@type\":\"ListItem\",\"position\":2,\"name\":\"Destaques\",\"item\":\"https:\/\/noticiaempauta.com\/portal\/destaques-site\/\"},{\"@type\":\"ListItem\",\"position\":3,\"name\":\"Eduardo Bolsonaro pede a Motta para exercer mandato dos EUA\"}]},{\"@type\":\"WebSite\",\"@id\":\"https:\/\/noticiaempauta.com\/portal\/#website\",\"url\":\"https:\/\/noticiaempauta.com\/portal\/\",\"name\":\"Portal Not\u00edcia em Pauta\",\"description\":\"Voc\u00ea bem informado\",\"publisher\":{\"@id\":\"https:\/\/noticiaempauta.com\/portal\/#organization\"},\"potentialAction\":[{\"@type\":\"SearchAction\",\"target\":{\"@type\":\"EntryPoint\",\"urlTemplate\":\"https:\/\/noticiaempauta.com\/portal\/?s={search_term_string}\"},\"query-input\":{\"@type\":\"PropertyValueSpecification\",\"valueRequired\":true,\"valueName\":\"search_term_string\"}}],\"inLanguage\":\"pt-BR\"},{\"@type\":\"Organization\",\"@id\":\"https:\/\/noticiaempauta.com\/portal\/#organization\",\"name\":\"Portal Not\u00edcia em Pauta\",\"url\":\"https:\/\/noticiaempauta.com\/portal\/\",\"logo\":{\"@type\":\"ImageObject\",\"inLanguage\":\"pt-BR\",\"@id\":\"https:\/\/noticiaempauta.com\/portal\/#\/schema\/logo\/image\/\",\"url\":\"https:\/\/noticiaempauta.com\/portal\/wp-content\/uploads\/2022\/08\/logomarca_tema.fw_.png\",\"contentUrl\":\"https:\/\/noticiaempauta.com\/portal\/wp-content\/uploads\/2022\/08\/logomarca_tema.fw_.png\",\"width\":400,\"height\":232,\"caption\":\"Portal Not\u00edcia em Pauta\"},\"image\":{\"@id\":\"https:\/\/noticiaempauta.com\/portal\/#\/schema\/logo\/image\/\"},\"sameAs\":[\"https:\/\/www.facebook.com\/Portal-Notcia-Em-Pauta-102292869264820\/\",\"https:\/\/www.instagram.com\/portalnoticiaempauta\/\"]},{\"@type\":\"Person\",\"@id\":\"https:\/\/noticiaempauta.com\/portal\/#\/schema\/person\/a74af43dd1ab3deca45f988c717d57ac\",\"name\":\"Reda\u00e7\u00e3o\",\"image\":{\"@type\":\"ImageObject\",\"inLanguage\":\"pt-BR\",\"@id\":\"https:\/\/noticiaempauta.com\/portal\/#\/schema\/person\/image\/\",\"url\":\"https:\/\/secure.gravatar.com\/avatar\/03179346ecce6cdfc13361603e8f54242a90e5cde8618fa23c5c00aa2b0aadf3?s=96&d=mm&r=g\",\"contentUrl\":\"https:\/\/secure.gravatar.com\/avatar\/03179346ecce6cdfc13361603e8f54242a90e5cde8618fa23c5c00aa2b0aadf3?s=96&d=mm&r=g\",\"caption\":\"Reda\u00e7\u00e3o\"},\"sameAs\":[\"https:\/\/noticiaempauta.com\/portal\/\"],\"url\":\"https:\/\/noticiaempauta.com\/portal\/author\/fernando\/\"}]}<\/script>\n<!-- \/ Yoast SEO Premium plugin. -->","yoast_head_json":{"title":"Eduardo Bolsonaro pede a Motta para exercer mandato dos EUA - Portal Not\u00edcia em Pauta","robots":{"index":"index","follow":"follow","max-snippet":"max-snippet:-1","max-image-preview":"max-image-preview:large","max-video-preview":"max-video-preview:-1"},"canonical":"https:\/\/noticiaempauta.com\/portal\/eduardo-bolsonaro-pede-a-motta-para-exercer-mandato-dos-eua\/","og_locale":"pt_BR","og_type":"article","og_title":"Eduardo Bolsonaro pede a Motta para exercer mandato dos EUA","og_description":"O deputado federal Eduardo Bolsonaro (PL-SP) pediu ao presidente da C\u00e2mara, Hugo Motta (Republicanos-PB), para exercer o mandato dos Estados Unidos. No of\u00edcio encaminhado a Motta, o filho do ex-presidente Jair Bolsonaro (PL) alega que tem realizado &#8220;diplomacia parlamentar&#8221; no pa\u00eds. Al\u00e9m disso, citou a pandemia de covid-19 como um &#8220;precedente claro&#8221; de exerc\u00edcio remoto [&hellip;]","og_url":"https:\/\/noticiaempauta.com\/portal\/eduardo-bolsonaro-pede-a-motta-para-exercer-mandato-dos-eua\/","og_site_name":"Portal Not\u00edcia em Pauta","article_publisher":"https:\/\/www.facebook.com\/Portal-Notcia-Em-Pauta-102292869264820\/","article_published_time":"2025-08-29T18:06:24+00:00","article_modified_time":"2025-08-29T18:06:25+00:00","og_image":[{"width":790,"height":550,"url":"https:\/\/noticiaempauta.com\/portal\/wp-content\/uploads\/2025\/08\/ae9d01f1c0612c6fcca190c9f6f3819a.jpg","type":"image\/jpeg"}],"author":"Reda\u00e7\u00e3o","twitter_card":"summary_large_image","twitter_misc":{"Escrito por":"Reda\u00e7\u00e3o","Est. tempo de leitura":"3 minutos"},"schema":{"@context":"https:\/\/schema.org","@graph":[{"@type":"Article","@id":"https:\/\/noticiaempauta.com\/portal\/eduardo-bolsonaro-pede-a-motta-para-exercer-mandato-dos-eua\/#article","isPartOf":{"@id":"https:\/\/noticiaempauta.com\/portal\/eduardo-bolsonaro-pede-a-motta-para-exercer-mandato-dos-eua\/"},"author":{"name":"Reda\u00e7\u00e3o","@id":"https:\/\/noticiaempauta.com\/portal\/#\/schema\/person\/a74af43dd1ab3deca45f988c717d57ac"},"headline":"Eduardo Bolsonaro pede a Motta para exercer mandato dos EUA","datePublished":"2025-08-29T18:06:24+00:00","dateModified":"2025-08-29T18:06:25+00:00","mainEntityOfPage":{"@id":"https:\/\/noticiaempauta.com\/portal\/eduardo-bolsonaro-pede-a-motta-para-exercer-mandato-dos-eua\/"},"wordCount":464,"commentCount":0,"publisher":{"@id":"https:\/\/noticiaempauta.com\/portal\/#organization"},"image":{"@id":"https:\/\/noticiaempauta.com\/portal\/eduardo-bolsonaro-pede-a-motta-para-exercer-mandato-dos-eua\/#primaryimage"},"thumbnailUrl":"https:\/\/noticiaempauta.com\/portal\/wp-content\/uploads\/2025\/08\/ae9d01f1c0612c6fcca190c9f6f3819a.jpg","articleSection":["Destaques","Geral","Pol\u00edtica","Todas as Not\u00edcias"],"inLanguage":"pt-BR","potentialAction":[{"@type":"CommentAction","name":"Comment","target":["https:\/\/noticiaempauta.com\/portal\/eduardo-bolsonaro-pede-a-motta-para-exercer-mandato-dos-eua\/#respond"]}]},{"@type":"WebPage","@id":"https:\/\/noticiaempauta.com\/portal\/eduardo-bolsonaro-pede-a-motta-para-exercer-mandato-dos-eua\/","url":"https:\/\/noticiaempauta.com\/portal\/eduardo-bolsonaro-pede-a-motta-para-exercer-mandato-dos-eua\/","name":"Eduardo Bolsonaro pede a Motta para exercer mandato dos EUA - Portal Not\u00edcia em Pauta","isPartOf":{"@id":"https:\/\/noticiaempauta.com\/portal\/#website"},"primaryImageOfPage":{"@id":"https:\/\/noticiaempauta.com\/portal\/eduardo-bolsonaro-pede-a-motta-para-exercer-mandato-dos-eua\/#primaryimage"},"image":{"@id":"https:\/\/noticiaempauta.com\/portal\/eduardo-bolsonaro-pede-a-motta-para-exercer-mandato-dos-eua\/#primaryimage"},"thumbnailUrl":"https:\/\/noticiaempauta.com\/portal\/wp-content\/uploads\/2025\/08\/ae9d01f1c0612c6fcca190c9f6f3819a.jpg","datePublished":"2025-08-29T18:06:24+00:00","dateModified":"2025-08-29T18:06:25+00:00","breadcrumb":{"@id":"https:\/\/noticiaempauta.com\/portal\/eduardo-bolsonaro-pede-a-motta-para-exercer-mandato-dos-eua\/#breadcrumb"},"inLanguage":"pt-BR","potentialAction":[{"@type":"ReadAction","target":["https:\/\/noticiaempauta.com\/portal\/eduardo-bolsonaro-pede-a-motta-para-exercer-mandato-dos-eua\/"]}]},{"@type":"ImageObject","inLanguage":"pt-BR","@id":"https:\/\/noticiaempauta.com\/portal\/eduardo-bolsonaro-pede-a-motta-para-exercer-mandato-dos-eua\/#primaryimage","url":"https:\/\/noticiaempauta.com\/portal\/wp-content\/uploads\/2025\/08\/ae9d01f1c0612c6fcca190c9f6f3819a.jpg","contentUrl":"https:\/\/noticiaempauta.com\/portal\/wp-content\/uploads\/2025\/08\/ae9d01f1c0612c6fcca190c9f6f3819a.jpg","width":790,"height":550},{"@type":"BreadcrumbList","@id":"https:\/\/noticiaempauta.com\/portal\/eduardo-bolsonaro-pede-a-motta-para-exercer-mandato-dos-eua\/#breadcrumb","itemListElement":[{"@type":"ListItem","position":1,"name":"P\u00e1gina Inicial","item":"https:\/\/noticiaempauta.com\/portal\/"},{"@type":"ListItem","position":2,"name":"Destaques","item":"https:\/\/noticiaempauta.com\/portal\/destaques-site\/"},{"@type":"ListItem","position":3,"name":"Eduardo Bolsonaro pede a Motta para exercer mandato dos EUA"}]},{"@type":"WebSite","@id":"https:\/\/noticiaempauta.com\/portal\/#website","url":"https:\/\/noticiaempauta.com\/portal\/","name":"Portal Not\u00edcia em Pauta","description":"Voc\u00ea bem informado","publisher":{"@id":"https:\/\/noticiaempauta.com\/portal\/#organization"},"potentialAction":[{"@type":"SearchAction","target":{"@type":"EntryPoint","urlTemplate":"https:\/\/noticiaempauta.com\/portal\/?s={search_term_string}"},"query-input":{"@type":"PropertyValueSpecification","valueRequired":true,"valueName":"search_term_string"}}],"inLanguage":"pt-BR"},{"@type":"Organization","@id":"https:\/\/noticiaempauta.com\/portal\/#organization","name":"Portal Not\u00edcia em Pauta","url":"https:\/\/noticiaempauta.com\/portal\/","logo":{"@type":"ImageObject","inLanguage":"pt-BR","@id":"https:\/\/noticiaempauta.com\/portal\/#\/schema\/logo\/image\/","url":"https:\/\/noticiaempauta.com\/portal\/wp-content\/uploads\/2022\/08\/logomarca_tema.fw_.png","contentUrl":"https:\/\/noticiaempauta.com\/portal\/wp-content\/uploads\/2022\/08\/logomarca_tema.fw_.png","width":400,"height":232,"caption":"Portal Not\u00edcia em Pauta"},"image":{"@id":"https:\/\/noticiaempauta.com\/portal\/#\/schema\/logo\/image\/"},"sameAs":["https:\/\/www.facebook.com\/Portal-Notcia-Em-Pauta-102292869264820\/","https:\/\/www.instagram.com\/portalnoticiaempauta\/"]},{"@type":"Person","@id":"https:\/\/noticiaempauta.com\/portal\/#\/schema\/person\/a74af43dd1ab3deca45f988c717d57ac","name":"Reda\u00e7\u00e3o","image":{"@type":"ImageObject","inLanguage":"pt-BR","@id":"https:\/\/noticiaempauta.com\/portal\/#\/schema\/person\/image\/","url":"https:\/\/secure.gravatar.com\/avatar\/03179346ecce6cdfc13361603e8f54242a90e5cde8618fa23c5c00aa2b0aadf3?s=96&d=mm&r=g","contentUrl":"https:\/\/secure.gravatar.com\/avatar\/03179346ecce6cdfc13361603e8f54242a90e5cde8618fa23c5c00aa2b0aadf3?s=96&d=mm&r=g","caption":"Reda\u00e7\u00e3o"},"sameAs":["https:\/\/noticiaempauta.com\/portal\/"],"url":"https:\/\/noticiaempauta.com\/portal\/author\/fernando\/"}]}},"_links":{"self":[{"href":"https:\/\/noticiaempauta.com\/portal\/wp-json\/wp\/v2\/posts\/277397","targetHints":{"allow":["GET"]}}],"collection":[{"href":"https:\/\/noticiaempauta.com\/portal\/wp-json\/wp\/v2\/posts"}],"about":[{"href":"https:\/\/noticiaempauta.com\/portal\/wp-json\/wp\/v2\/types\/post"}],"author":[{"embeddable":true,"href":"https:\/\/noticiaempauta.com\/portal\/wp-json\/wp\/v2\/users\/2"}],"replies":[{"embeddable":true,"href":"https:\/\/noticiaempauta.com\/portal\/wp-json\/wp\/v2\/comments?post=277397"}],"version-history":[{"count":2,"href":"https:\/\/noticiaempauta.com\/portal\/wp-json\/wp\/v2\/posts\/277397\/revisions"}],"predecessor-version":[{"id":277400,"href":"https:\/\/noticiaempauta.com\/portal\/wp-json\/wp\/v2\/posts\/277397\/revisions\/277400"}],"wp:featuredmedia":[{"embeddable":true,"href":"https:\/\/noticiaempauta.com\/portal\/wp-json\/wp\/v2\/media\/277398"}],"wp:attachment":[{"href":"https:\/\/noticiaempauta.com\/portal\/wp-json\/wp\/v2\/media?parent=277397"}],"wp:term":[{"taxonomy":"category","embeddable":true,"href":"https:\/\/noticiaempauta.com\/portal\/wp-json\/wp\/v2\/categories?post=277397"},{"taxonomy":"post_tag","embeddable":true,"href":"https:\/\/noticiaempauta.com\/portal\/wp-json\/wp\/v2\/tags?post=277397"}],"curies":[{"name":"wp","href":"https:\/\/api.w.org\/{rel}","templated":true}]}}