{"id":277419,"date":"2025-08-30T08:46:38","date_gmt":"2025-08-30T11:46:38","guid":{"rendered":"https:\/\/noticiaempauta.com\/portal\/?p=277419"},"modified":"2025-08-30T08:46:39","modified_gmt":"2025-08-30T11:46:39","slug":"salario-minimo-deve-subir-para-r-1-631-no-proximo-ano-preve-governo","status":"publish","type":"post","link":"https:\/\/noticiaempauta.com\/portal\/salario-minimo-deve-subir-para-r-1-631-no-proximo-ano-preve-governo\/","title":{"rendered":"Sal\u00e1rio m\u00ednimo deve subir para R$ 1.631 no pr\u00f3ximo ano, prev\u00ea governo"},"content":{"rendered":"\n<p>A proposta do governo para o Or\u00e7amento de 2026 prev\u00ea que o sal\u00e1rio m\u00ednimo\u00a0ser\u00e1 de\u00a0R$ 1.631\u00a0a partir de janeiro \u2014 um aumento de\u00a0R$ 113\u00a0em rela\u00e7\u00e3o ao valor atual de R$ 1.518. Os n\u00fameros constam no Projeto de Lei Or\u00e7ament\u00e1ria Anual (PLOA), enviado nesta sexta-feira (29) ao Congresso Nacional.<\/p>\n\n\n\n<figure class=\"wp-block-image size-full\"><img fetchpriority=\"high\" decoding=\"async\" width=\"1000\" height=\"666\" src=\"https:\/\/noticiaempauta.com\/portal\/wp-content\/uploads\/2022\/12\/dinheiro-2316703504511672399158-1.jpg\" alt=\"\" class=\"wp-image-242779\" srcset=\"https:\/\/noticiaempauta.com\/portal\/wp-content\/uploads\/2022\/12\/dinheiro-2316703504511672399158-1.jpg 1000w, https:\/\/noticiaempauta.com\/portal\/wp-content\/uploads\/2022\/12\/dinheiro-2316703504511672399158-1-300x200.jpg 300w, https:\/\/noticiaempauta.com\/portal\/wp-content\/uploads\/2022\/12\/dinheiro-2316703504511672399158-1-768x511.jpg 768w\" sizes=\"(max-width: 1000px) 100vw, 1000px\" \/><figcaption class=\"wp-element-caption\">Foto: Reprodu\u00e7\u00e3o<\/figcaption><\/figure>\n\n\n\n<p>O reajuste, que passar\u00e1 a valer nos sal\u00e1rios pagos em fevereiro, representa uma alta de\u00a07,44%\u00a0sobre o piso vigente. A nova estimativa tamb\u00e9m supera a previs\u00e3o divulgada em abril, quando o governo projetava um m\u00ednimo de R$ 1.630.<\/p>\n\n\n\n<h3 class=\"wp-block-heading\">Valor definitivo ser\u00e1 divulgado em dezembro<\/h3>\n\n\n\n<p>O valor ainda poder\u00e1 mudar, j\u00e1 que o c\u00e1lculo depende do \u00cdndice Nacional de Pre\u00e7os ao Consumidor (INPC) acumulado at\u00e9 novembro, que ser\u00e1 conhecido apenas em dezembro.<\/p>\n\n\n\n<p>Desde o ano passado, o sal\u00e1rio m\u00ednimo \u00e9 reajustado de acordo com uma pol\u00edtica de valoriza\u00e7\u00e3o real sancionada pelo presidente Luiz In\u00e1cio Lula da Silva (PT). Pela regra, o aumento corresponde \u00e0 soma:<\/p>\n\n\n\n<ul class=\"wp-block-list\">\n<li>da infla\u00e7\u00e3o medida pelo INPC em 12 meses at\u00e9 novembro;<\/li>\n\n\n\n<li>do crescimento real do Produto Interno Bruto (PIB) de dois anos antes \u2014 no caso de 2026, o PIB de 2024, que cresceu 3,4%.<\/li>\n<\/ul>\n\n\n\n<h3 class=\"wp-block-heading\">Piso \u00e9 refer\u00eancia para quase 60 milh\u00f5es de pessoas<\/h3>\n\n\n\n<p>Segundo o Dieese, o sal\u00e1rio m\u00ednimo serve de refer\u00eancia para&nbsp;<strong>59,9 milh\u00f5es de brasileiros<\/strong>, incluindo trabalhadores com remunera\u00e7\u00e3o atrelada ao piso, aposentados e benefici\u00e1rios de programas sociais como o Benef\u00edcio de Presta\u00e7\u00e3o Continuada (BPC).<\/p>\n\n\n\n<p>O sal\u00e1rio m\u00ednimo tamb\u00e9m gera impactos indiretos na economia, como o aumento do &#8220;sal\u00e1rio m\u00e9dio&#8221; dos brasileiros e a eleva\u00e7\u00e3o do poder de compra do trabalhador.<\/p>\n\n\n\n<p>Fonte: Meio News<\/p>\n","protected":false},"excerpt":{"rendered":"<p>A proposta do governo para o Or\u00e7amento de 2026 prev\u00ea que o sal\u00e1rio m\u00ednimo\u00a0ser\u00e1 de\u00a0R$ 1.631\u00a0a partir de janeiro \u2014 um aumento de\u00a0R$ 113\u00a0em rela\u00e7\u00e3o ao valor atual de R$ 1.518. Os n\u00fameros constam no Projeto de Lei Or\u00e7ament\u00e1ria Anual (PLOA), enviado nesta sexta-feira (29) ao Congresso Nacional. O reajuste, que passar\u00e1 a valer nos [&hellip;]<\/p>\n","protected":false},"author":2,"featured_media":242779,"comment_status":"open","ping_status":"open","sticky":false,"template":"","format":"standard","meta":{"_mi_skip_tracking":false,"footnotes":""},"categories":[25,1,16],"tags":[192],"class_list":["post-277419","post","type-post","status-publish","format-standard","has-post-thumbnail","hentry","category-destaques-site","category-geral","category-todas","tag-destaqueprincipal"],"acf":[],"yoast_head":"<!-- This site is optimized with the Yoast SEO Premium plugin v19.2 (Yoast SEO v26.9) - https:\/\/yoast.com\/product\/yoast-seo-premium-wordpress\/ -->\n<title>Sal\u00e1rio m\u00ednimo deve subir para R$ 1.631 no pr\u00f3ximo ano, prev\u00ea governo - Portal Not\u00edcia em Pauta<\/title>\n<meta name=\"robots\" content=\"index, follow, max-snippet:-1, max-image-preview:large, max-video-preview:-1\" \/>\n<link rel=\"canonical\" href=\"https:\/\/noticiaempauta.com\/portal\/salario-minimo-deve-subir-para-r-1-631-no-proximo-ano-preve-governo\/\" \/>\n<meta property=\"og:locale\" content=\"pt_BR\" \/>\n<meta property=\"og:type\" content=\"article\" \/>\n<meta property=\"og:title\" content=\"Sal\u00e1rio m\u00ednimo deve subir para R$ 1.631 no pr\u00f3ximo ano, prev\u00ea governo\" \/>\n<meta property=\"og:description\" content=\"A proposta do governo para o Or\u00e7amento de 2026 prev\u00ea que o sal\u00e1rio m\u00ednimo\u00a0ser\u00e1 de\u00a0R$ 1.631\u00a0a partir de janeiro \u2014 um aumento de\u00a0R$ 113\u00a0em rela\u00e7\u00e3o ao valor atual de R$ 1.518. Os n\u00fameros constam no Projeto de Lei Or\u00e7ament\u00e1ria Anual (PLOA), enviado nesta sexta-feira (29) ao Congresso Nacional. O reajuste, que passar\u00e1 a valer nos [&hellip;]\" \/>\n<meta property=\"og:url\" content=\"https:\/\/noticiaempauta.com\/portal\/salario-minimo-deve-subir-para-r-1-631-no-proximo-ano-preve-governo\/\" \/>\n<meta property=\"og:site_name\" content=\"Portal Not\u00edcia em Pauta\" \/>\n<meta property=\"article:publisher\" content=\"https:\/\/www.facebook.com\/Portal-Notcia-Em-Pauta-102292869264820\/\" \/>\n<meta property=\"article:published_time\" content=\"2025-08-30T11:46:38+00:00\" \/>\n<meta property=\"article:modified_time\" content=\"2025-08-30T11:46:39+00:00\" \/>\n<meta property=\"og:image\" content=\"https:\/\/noticiaempauta.com\/portal\/wp-content\/uploads\/2022\/12\/dinheiro-2316703504511672399158-1.jpg\" \/>\n\t<meta property=\"og:image:width\" content=\"1000\" \/>\n\t<meta property=\"og:image:height\" content=\"666\" \/>\n\t<meta property=\"og:image:type\" content=\"image\/jpeg\" \/>\n<meta name=\"author\" content=\"Reda\u00e7\u00e3o\" \/>\n<meta name=\"twitter:card\" content=\"summary_large_image\" \/>\n<meta name=\"twitter:label1\" content=\"Escrito por\" \/>\n\t<meta name=\"twitter:data1\" content=\"Reda\u00e7\u00e3o\" \/>\n\t<meta name=\"twitter:label2\" content=\"Est. tempo de leitura\" \/>\n\t<meta name=\"twitter:data2\" content=\"2 minutos\" \/>\n<script type=\"application\/ld+json\" class=\"yoast-schema-graph\">{\"@context\":\"https:\/\/schema.org\",\"@graph\":[{\"@type\":\"Article\",\"@id\":\"https:\/\/noticiaempauta.com\/portal\/salario-minimo-deve-subir-para-r-1-631-no-proximo-ano-preve-governo\/#article\",\"isPartOf\":{\"@id\":\"https:\/\/noticiaempauta.com\/portal\/salario-minimo-deve-subir-para-r-1-631-no-proximo-ano-preve-governo\/\"},\"author\":{\"name\":\"Reda\u00e7\u00e3o\",\"@id\":\"https:\/\/noticiaempauta.com\/portal\/#\/schema\/person\/a74af43dd1ab3deca45f988c717d57ac\"},\"headline\":\"Sal\u00e1rio m\u00ednimo deve subir para R$ 1.631 no pr\u00f3ximo ano, prev\u00ea governo\",\"datePublished\":\"2025-08-30T11:46:38+00:00\",\"dateModified\":\"2025-08-30T11:46:39+00:00\",\"mainEntityOfPage\":{\"@id\":\"https:\/\/noticiaempauta.com\/portal\/salario-minimo-deve-subir-para-r-1-631-no-proximo-ano-preve-governo\/\"},\"wordCount\":299,\"commentCount\":0,\"publisher\":{\"@id\":\"https:\/\/noticiaempauta.com\/portal\/#organization\"},\"image\":{\"@id\":\"https:\/\/noticiaempauta.com\/portal\/salario-minimo-deve-subir-para-r-1-631-no-proximo-ano-preve-governo\/#primaryimage\"},\"thumbnailUrl\":\"https:\/\/noticiaempauta.com\/portal\/wp-content\/uploads\/2022\/12\/dinheiro-2316703504511672399158-1.jpg\",\"keywords\":[\"destaqueprincipal\"],\"articleSection\":[\"Destaques\",\"Geral\",\"Todas as Not\u00edcias\"],\"inLanguage\":\"pt-BR\",\"potentialAction\":[{\"@type\":\"CommentAction\",\"name\":\"Comment\",\"target\":[\"https:\/\/noticiaempauta.com\/portal\/salario-minimo-deve-subir-para-r-1-631-no-proximo-ano-preve-governo\/#respond\"]}]},{\"@type\":\"WebPage\",\"@id\":\"https:\/\/noticiaempauta.com\/portal\/salario-minimo-deve-subir-para-r-1-631-no-proximo-ano-preve-governo\/\",\"url\":\"https:\/\/noticiaempauta.com\/portal\/salario-minimo-deve-subir-para-r-1-631-no-proximo-ano-preve-governo\/\",\"name\":\"Sal\u00e1rio m\u00ednimo deve subir para R$ 1.631 no pr\u00f3ximo ano, prev\u00ea governo - Portal Not\u00edcia em Pauta\",\"isPartOf\":{\"@id\":\"https:\/\/noticiaempauta.com\/portal\/#website\"},\"primaryImageOfPage\":{\"@id\":\"https:\/\/noticiaempauta.com\/portal\/salario-minimo-deve-subir-para-r-1-631-no-proximo-ano-preve-governo\/#primaryimage\"},\"image\":{\"@id\":\"https:\/\/noticiaempauta.com\/portal\/salario-minimo-deve-subir-para-r-1-631-no-proximo-ano-preve-governo\/#primaryimage\"},\"thumbnailUrl\":\"https:\/\/noticiaempauta.com\/portal\/wp-content\/uploads\/2022\/12\/dinheiro-2316703504511672399158-1.jpg\",\"datePublished\":\"2025-08-30T11:46:38+00:00\",\"dateModified\":\"2025-08-30T11:46:39+00:00\",\"breadcrumb\":{\"@id\":\"https:\/\/noticiaempauta.com\/portal\/salario-minimo-deve-subir-para-r-1-631-no-proximo-ano-preve-governo\/#breadcrumb\"},\"inLanguage\":\"pt-BR\",\"potentialAction\":[{\"@type\":\"ReadAction\",\"target\":[\"https:\/\/noticiaempauta.com\/portal\/salario-minimo-deve-subir-para-r-1-631-no-proximo-ano-preve-governo\/\"]}]},{\"@type\":\"ImageObject\",\"inLanguage\":\"pt-BR\",\"@id\":\"https:\/\/noticiaempauta.com\/portal\/salario-minimo-deve-subir-para-r-1-631-no-proximo-ano-preve-governo\/#primaryimage\",\"url\":\"https:\/\/noticiaempauta.com\/portal\/wp-content\/uploads\/2022\/12\/dinheiro-2316703504511672399158-1.jpg\",\"contentUrl\":\"https:\/\/noticiaempauta.com\/portal\/wp-content\/uploads\/2022\/12\/dinheiro-2316703504511672399158-1.jpg\",\"width\":1000,\"height\":666,\"caption\":\"Foto: Reprodu\u00e7\u00e3o\"},{\"@type\":\"BreadcrumbList\",\"@id\":\"https:\/\/noticiaempauta.com\/portal\/salario-minimo-deve-subir-para-r-1-631-no-proximo-ano-preve-governo\/#breadcrumb\",\"itemListElement\":[{\"@type\":\"ListItem\",\"position\":1,\"name\":\"P\u00e1gina Inicial\",\"item\":\"https:\/\/noticiaempauta.com\/portal\/\"},{\"@type\":\"ListItem\",\"position\":2,\"name\":\"Destaques\",\"item\":\"https:\/\/noticiaempauta.com\/portal\/destaques-site\/\"},{\"@type\":\"ListItem\",\"position\":3,\"name\":\"Sal\u00e1rio m\u00ednimo deve subir para R$ 1.631 no pr\u00f3ximo ano, prev\u00ea governo\"}]},{\"@type\":\"WebSite\",\"@id\":\"https:\/\/noticiaempauta.com\/portal\/#website\",\"url\":\"https:\/\/noticiaempauta.com\/portal\/\",\"name\":\"Portal Not\u00edcia em Pauta\",\"description\":\"Voc\u00ea bem informado\",\"publisher\":{\"@id\":\"https:\/\/noticiaempauta.com\/portal\/#organization\"},\"potentialAction\":[{\"@type\":\"SearchAction\",\"target\":{\"@type\":\"EntryPoint\",\"urlTemplate\":\"https:\/\/noticiaempauta.com\/portal\/?s={search_term_string}\"},\"query-input\":{\"@type\":\"PropertyValueSpecification\",\"valueRequired\":true,\"valueName\":\"search_term_string\"}}],\"inLanguage\":\"pt-BR\"},{\"@type\":\"Organization\",\"@id\":\"https:\/\/noticiaempauta.com\/portal\/#organization\",\"name\":\"Portal Not\u00edcia em Pauta\",\"url\":\"https:\/\/noticiaempauta.com\/portal\/\",\"logo\":{\"@type\":\"ImageObject\",\"inLanguage\":\"pt-BR\",\"@id\":\"https:\/\/noticiaempauta.com\/portal\/#\/schema\/logo\/image\/\",\"url\":\"https:\/\/noticiaempauta.com\/portal\/wp-content\/uploads\/2022\/08\/logomarca_tema.fw_.png\",\"contentUrl\":\"https:\/\/noticiaempauta.com\/portal\/wp-content\/uploads\/2022\/08\/logomarca_tema.fw_.png\",\"width\":400,\"height\":232,\"caption\":\"Portal Not\u00edcia em Pauta\"},\"image\":{\"@id\":\"https:\/\/noticiaempauta.com\/portal\/#\/schema\/logo\/image\/\"},\"sameAs\":[\"https:\/\/www.facebook.com\/Portal-Notcia-Em-Pauta-102292869264820\/\",\"https:\/\/www.instagram.com\/portalnoticiaempauta\/\"]},{\"@type\":\"Person\",\"@id\":\"https:\/\/noticiaempauta.com\/portal\/#\/schema\/person\/a74af43dd1ab3deca45f988c717d57ac\",\"name\":\"Reda\u00e7\u00e3o\",\"image\":{\"@type\":\"ImageObject\",\"inLanguage\":\"pt-BR\",\"@id\":\"https:\/\/noticiaempauta.com\/portal\/#\/schema\/person\/image\/\",\"url\":\"https:\/\/secure.gravatar.com\/avatar\/03179346ecce6cdfc13361603e8f54242a90e5cde8618fa23c5c00aa2b0aadf3?s=96&d=mm&r=g\",\"contentUrl\":\"https:\/\/secure.gravatar.com\/avatar\/03179346ecce6cdfc13361603e8f54242a90e5cde8618fa23c5c00aa2b0aadf3?s=96&d=mm&r=g\",\"caption\":\"Reda\u00e7\u00e3o\"},\"sameAs\":[\"https:\/\/noticiaempauta.com\/portal\/\"],\"url\":\"https:\/\/noticiaempauta.com\/portal\/author\/fernando\/\"}]}<\/script>\n<!-- \/ Yoast SEO Premium plugin. -->","yoast_head_json":{"title":"Sal\u00e1rio m\u00ednimo deve subir para R$ 1.631 no pr\u00f3ximo ano, prev\u00ea governo - Portal Not\u00edcia em Pauta","robots":{"index":"index","follow":"follow","max-snippet":"max-snippet:-1","max-image-preview":"max-image-preview:large","max-video-preview":"max-video-preview:-1"},"canonical":"https:\/\/noticiaempauta.com\/portal\/salario-minimo-deve-subir-para-r-1-631-no-proximo-ano-preve-governo\/","og_locale":"pt_BR","og_type":"article","og_title":"Sal\u00e1rio m\u00ednimo deve subir para R$ 1.631 no pr\u00f3ximo ano, prev\u00ea governo","og_description":"A proposta do governo para o Or\u00e7amento de 2026 prev\u00ea que o sal\u00e1rio m\u00ednimo\u00a0ser\u00e1 de\u00a0R$ 1.631\u00a0a partir de janeiro \u2014 um aumento de\u00a0R$ 113\u00a0em rela\u00e7\u00e3o ao valor atual de R$ 1.518. Os n\u00fameros constam no Projeto de Lei Or\u00e7ament\u00e1ria Anual (PLOA), enviado nesta sexta-feira (29) ao Congresso Nacional. O reajuste, que passar\u00e1 a valer nos [&hellip;]","og_url":"https:\/\/noticiaempauta.com\/portal\/salario-minimo-deve-subir-para-r-1-631-no-proximo-ano-preve-governo\/","og_site_name":"Portal Not\u00edcia em Pauta","article_publisher":"https:\/\/www.facebook.com\/Portal-Notcia-Em-Pauta-102292869264820\/","article_published_time":"2025-08-30T11:46:38+00:00","article_modified_time":"2025-08-30T11:46:39+00:00","og_image":[{"width":1000,"height":666,"url":"https:\/\/noticiaempauta.com\/portal\/wp-content\/uploads\/2022\/12\/dinheiro-2316703504511672399158-1.jpg","type":"image\/jpeg"}],"author":"Reda\u00e7\u00e3o","twitter_card":"summary_large_image","twitter_misc":{"Escrito por":"Reda\u00e7\u00e3o","Est. tempo de leitura":"2 minutos"},"schema":{"@context":"https:\/\/schema.org","@graph":[{"@type":"Article","@id":"https:\/\/noticiaempauta.com\/portal\/salario-minimo-deve-subir-para-r-1-631-no-proximo-ano-preve-governo\/#article","isPartOf":{"@id":"https:\/\/noticiaempauta.com\/portal\/salario-minimo-deve-subir-para-r-1-631-no-proximo-ano-preve-governo\/"},"author":{"name":"Reda\u00e7\u00e3o","@id":"https:\/\/noticiaempauta.com\/portal\/#\/schema\/person\/a74af43dd1ab3deca45f988c717d57ac"},"headline":"Sal\u00e1rio m\u00ednimo deve subir para R$ 1.631 no pr\u00f3ximo ano, prev\u00ea governo","datePublished":"2025-08-30T11:46:38+00:00","dateModified":"2025-08-30T11:46:39+00:00","mainEntityOfPage":{"@id":"https:\/\/noticiaempauta.com\/portal\/salario-minimo-deve-subir-para-r-1-631-no-proximo-ano-preve-governo\/"},"wordCount":299,"commentCount":0,"publisher":{"@id":"https:\/\/noticiaempauta.com\/portal\/#organization"},"image":{"@id":"https:\/\/noticiaempauta.com\/portal\/salario-minimo-deve-subir-para-r-1-631-no-proximo-ano-preve-governo\/#primaryimage"},"thumbnailUrl":"https:\/\/noticiaempauta.com\/portal\/wp-content\/uploads\/2022\/12\/dinheiro-2316703504511672399158-1.jpg","keywords":["destaqueprincipal"],"articleSection":["Destaques","Geral","Todas as Not\u00edcias"],"inLanguage":"pt-BR","potentialAction":[{"@type":"CommentAction","name":"Comment","target":["https:\/\/noticiaempauta.com\/portal\/salario-minimo-deve-subir-para-r-1-631-no-proximo-ano-preve-governo\/#respond"]}]},{"@type":"WebPage","@id":"https:\/\/noticiaempauta.com\/portal\/salario-minimo-deve-subir-para-r-1-631-no-proximo-ano-preve-governo\/","url":"https:\/\/noticiaempauta.com\/portal\/salario-minimo-deve-subir-para-r-1-631-no-proximo-ano-preve-governo\/","name":"Sal\u00e1rio m\u00ednimo deve subir para R$ 1.631 no pr\u00f3ximo ano, prev\u00ea governo - Portal Not\u00edcia em Pauta","isPartOf":{"@id":"https:\/\/noticiaempauta.com\/portal\/#website"},"primaryImageOfPage":{"@id":"https:\/\/noticiaempauta.com\/portal\/salario-minimo-deve-subir-para-r-1-631-no-proximo-ano-preve-governo\/#primaryimage"},"image":{"@id":"https:\/\/noticiaempauta.com\/portal\/salario-minimo-deve-subir-para-r-1-631-no-proximo-ano-preve-governo\/#primaryimage"},"thumbnailUrl":"https:\/\/noticiaempauta.com\/portal\/wp-content\/uploads\/2022\/12\/dinheiro-2316703504511672399158-1.jpg","datePublished":"2025-08-30T11:46:38+00:00","dateModified":"2025-08-30T11:46:39+00:00","breadcrumb":{"@id":"https:\/\/noticiaempauta.com\/portal\/salario-minimo-deve-subir-para-r-1-631-no-proximo-ano-preve-governo\/#breadcrumb"},"inLanguage":"pt-BR","potentialAction":[{"@type":"ReadAction","target":["https:\/\/noticiaempauta.com\/portal\/salario-minimo-deve-subir-para-r-1-631-no-proximo-ano-preve-governo\/"]}]},{"@type":"ImageObject","inLanguage":"pt-BR","@id":"https:\/\/noticiaempauta.com\/portal\/salario-minimo-deve-subir-para-r-1-631-no-proximo-ano-preve-governo\/#primaryimage","url":"https:\/\/noticiaempauta.com\/portal\/wp-content\/uploads\/2022\/12\/dinheiro-2316703504511672399158-1.jpg","contentUrl":"https:\/\/noticiaempauta.com\/portal\/wp-content\/uploads\/2022\/12\/dinheiro-2316703504511672399158-1.jpg","width":1000,"height":666,"caption":"Foto: Reprodu\u00e7\u00e3o"},{"@type":"BreadcrumbList","@id":"https:\/\/noticiaempauta.com\/portal\/salario-minimo-deve-subir-para-r-1-631-no-proximo-ano-preve-governo\/#breadcrumb","itemListElement":[{"@type":"ListItem","position":1,"name":"P\u00e1gina Inicial","item":"https:\/\/noticiaempauta.com\/portal\/"},{"@type":"ListItem","position":2,"name":"Destaques","item":"https:\/\/noticiaempauta.com\/portal\/destaques-site\/"},{"@type":"ListItem","position":3,"name":"Sal\u00e1rio m\u00ednimo deve subir para R$ 1.631 no pr\u00f3ximo ano, prev\u00ea governo"}]},{"@type":"WebSite","@id":"https:\/\/noticiaempauta.com\/portal\/#website","url":"https:\/\/noticiaempauta.com\/portal\/","name":"Portal Not\u00edcia em Pauta","description":"Voc\u00ea bem informado","publisher":{"@id":"https:\/\/noticiaempauta.com\/portal\/#organization"},"potentialAction":[{"@type":"SearchAction","target":{"@type":"EntryPoint","urlTemplate":"https:\/\/noticiaempauta.com\/portal\/?s={search_term_string}"},"query-input":{"@type":"PropertyValueSpecification","valueRequired":true,"valueName":"search_term_string"}}],"inLanguage":"pt-BR"},{"@type":"Organization","@id":"https:\/\/noticiaempauta.com\/portal\/#organization","name":"Portal Not\u00edcia em Pauta","url":"https:\/\/noticiaempauta.com\/portal\/","logo":{"@type":"ImageObject","inLanguage":"pt-BR","@id":"https:\/\/noticiaempauta.com\/portal\/#\/schema\/logo\/image\/","url":"https:\/\/noticiaempauta.com\/portal\/wp-content\/uploads\/2022\/08\/logomarca_tema.fw_.png","contentUrl":"https:\/\/noticiaempauta.com\/portal\/wp-content\/uploads\/2022\/08\/logomarca_tema.fw_.png","width":400,"height":232,"caption":"Portal Not\u00edcia em Pauta"},"image":{"@id":"https:\/\/noticiaempauta.com\/portal\/#\/schema\/logo\/image\/"},"sameAs":["https:\/\/www.facebook.com\/Portal-Notcia-Em-Pauta-102292869264820\/","https:\/\/www.instagram.com\/portalnoticiaempauta\/"]},{"@type":"Person","@id":"https:\/\/noticiaempauta.com\/portal\/#\/schema\/person\/a74af43dd1ab3deca45f988c717d57ac","name":"Reda\u00e7\u00e3o","image":{"@type":"ImageObject","inLanguage":"pt-BR","@id":"https:\/\/noticiaempauta.com\/portal\/#\/schema\/person\/image\/","url":"https:\/\/secure.gravatar.com\/avatar\/03179346ecce6cdfc13361603e8f54242a90e5cde8618fa23c5c00aa2b0aadf3?s=96&d=mm&r=g","contentUrl":"https:\/\/secure.gravatar.com\/avatar\/03179346ecce6cdfc13361603e8f54242a90e5cde8618fa23c5c00aa2b0aadf3?s=96&d=mm&r=g","caption":"Reda\u00e7\u00e3o"},"sameAs":["https:\/\/noticiaempauta.com\/portal\/"],"url":"https:\/\/noticiaempauta.com\/portal\/author\/fernando\/"}]}},"_links":{"self":[{"href":"https:\/\/noticiaempauta.com\/portal\/wp-json\/wp\/v2\/posts\/277419","targetHints":{"allow":["GET"]}}],"collection":[{"href":"https:\/\/noticiaempauta.com\/portal\/wp-json\/wp\/v2\/posts"}],"about":[{"href":"https:\/\/noticiaempauta.com\/portal\/wp-json\/wp\/v2\/types\/post"}],"author":[{"embeddable":true,"href":"https:\/\/noticiaempauta.com\/portal\/wp-json\/wp\/v2\/users\/2"}],"replies":[{"embeddable":true,"href":"https:\/\/noticiaempauta.com\/portal\/wp-json\/wp\/v2\/comments?post=277419"}],"version-history":[{"count":2,"href":"https:\/\/noticiaempauta.com\/portal\/wp-json\/wp\/v2\/posts\/277419\/revisions"}],"predecessor-version":[{"id":277421,"href":"https:\/\/noticiaempauta.com\/portal\/wp-json\/wp\/v2\/posts\/277419\/revisions\/277421"}],"wp:featuredmedia":[{"embeddable":true,"href":"https:\/\/noticiaempauta.com\/portal\/wp-json\/wp\/v2\/media\/242779"}],"wp:attachment":[{"href":"https:\/\/noticiaempauta.com\/portal\/wp-json\/wp\/v2\/media?parent=277419"}],"wp:term":[{"taxonomy":"category","embeddable":true,"href":"https:\/\/noticiaempauta.com\/portal\/wp-json\/wp\/v2\/categories?post=277419"},{"taxonomy":"post_tag","embeddable":true,"href":"https:\/\/noticiaempauta.com\/portal\/wp-json\/wp\/v2\/tags?post=277419"}],"curies":[{"name":"wp","href":"https:\/\/api.w.org\/{rel}","templated":true}]}}