{"id":277422,"date":"2025-08-30T09:42:07","date_gmt":"2025-08-30T12:42:07","guid":{"rendered":"https:\/\/noticiaempauta.com\/portal\/?p=277422"},"modified":"2025-08-30T09:42:08","modified_gmt":"2025-08-30T12:42:08","slug":"gestor-do-programa-bolsa-familia-de-aroeiras-do-itaim-participa-de-capacitacao-sobre-o-sibec-em-teresina","status":"publish","type":"post","link":"https:\/\/noticiaempauta.com\/portal\/gestor-do-programa-bolsa-familia-de-aroeiras-do-itaim-participa-de-capacitacao-sobre-o-sibec-em-teresina\/","title":{"rendered":"Gestor do Programa Bolsa Fam\u00edlia de Aroeiras do Itaim participa de capacita\u00e7\u00e3o sobre o SIBEC em Teresina"},"content":{"rendered":"\n<p>A Prefeitura de Aroeiras do Itaim, por meio da Secretaria de Assist\u00eancia Social, participou nesta semana, em Teresina, da Capacita\u00e7\u00e3o das Funcionalidades do SIBEC \u2013 Sistema de Benef\u00edcios ao Cidad\u00e3o, que detalhou os impactos do Cadastro \u00danico e a gest\u00e3o do Programa Bolsa Fam\u00edlia. O munic\u00edpio foi representado por Marcos Douglas, gestor do programa local.<\/p>\n\n\n\n<figure class=\"wp-block-image size-large\"><img fetchpriority=\"high\" decoding=\"async\" width=\"1024\" height=\"822\" src=\"https:\/\/noticiaempauta.com\/portal\/wp-content\/uploads\/2025\/08\/FA-IMG-d2c17c64985fad204c43-1024x822.jpg\" alt=\"\" class=\"wp-image-277423\" srcset=\"https:\/\/noticiaempauta.com\/portal\/wp-content\/uploads\/2025\/08\/FA-IMG-d2c17c64985fad204c43-1024x822.jpg 1024w, https:\/\/noticiaempauta.com\/portal\/wp-content\/uploads\/2025\/08\/FA-IMG-d2c17c64985fad204c43-300x241.jpg 300w, https:\/\/noticiaempauta.com\/portal\/wp-content\/uploads\/2025\/08\/FA-IMG-d2c17c64985fad204c43-768x616.jpg 768w, https:\/\/noticiaempauta.com\/portal\/wp-content\/uploads\/2025\/08\/FA-IMG-d2c17c64985fad204c43.jpg 1200w\" sizes=\"(max-width: 1024px) 100vw, 1024px\" \/><\/figure>\n\n\n\n<p>O encontro reuniu profissionais de diferentes cidades e teve como objetivo atualizar os conhecimentos sobre o uso do SIBEC, garantindo que as normas previstas na legisla\u00e7\u00e3o vigente sejam corretamente aplicadas. A capacita\u00e7\u00e3o tamb\u00e9m destacou boas pr\u00e1ticas e estrat\u00e9gias para otimizar a gest\u00e3o dos benef\u00edcios sociais, com foco em efici\u00eancia, transpar\u00eancia e atendimento humanizado \u00e0s fam\u00edlias em situa\u00e7\u00e3o de vulnerabilidade.<\/p>\n\n\n\n<p>Conforme a Secretaria de Assist\u00eancia Social, a iniciativa visa fortalecer a execu\u00e7\u00e3o das pol\u00edticas p\u00fablicas voltadas \u00e0s fam\u00edlias em situa\u00e7\u00e3o de vulnerabilidade, promovendo um servi\u00e7o mais \u00e1gil, seguro e alinhado \u00e0 realidade de cada cidad\u00e3o.<\/p>\n\n\n\n<p>Em sua participa\u00e7\u00e3o, Marcos Douglas, representante do munic\u00edpio, refor\u00e7ou a import\u00e2ncia da capacita\u00e7\u00e3o.<\/p>\n\n\n\n<p>\u201cEventos como este s\u00e3o fundamentais para podermos melhorar continuamente a gest\u00e3o do Bolsa Fam\u00edlia em nosso munic\u00edpio. O conhecimento adquirido permite que atendamos as fam\u00edlias de maneira mais eficiente e humanizada, garantindo que cada benef\u00edcio chegue a quem realmente precisa, respeitando as diretrizes da pol\u00edtica p\u00fablica de Assist\u00eancia Social.\u201d<\/p>\n\n\n\n<p>A capacita\u00e7\u00e3o tamb\u00e9m serviu para estimular a troca de experi\u00eancias entre os profissionais e a constru\u00e7\u00e3o de solu\u00e7\u00f5es pr\u00e1ticas para desafios comuns na administra\u00e7\u00e3o dos programas sociais, refor\u00e7ando o compromisso da Prefeitura com a popula\u00e7\u00e3o mais vulner\u00e1vel.<\/p>\n\n\n\n<p>Ascom<\/p>\n","protected":false},"excerpt":{"rendered":"<p>A Prefeitura de Aroeiras do Itaim, por meio da Secretaria de Assist\u00eancia Social, participou nesta semana, em Teresina, da Capacita\u00e7\u00e3o das Funcionalidades do SIBEC \u2013 Sistema de Benef\u00edcios ao Cidad\u00e3o, que detalhou os impactos do Cadastro \u00danico e a gest\u00e3o do Programa Bolsa Fam\u00edlia. O munic\u00edpio foi representado por Marcos Douglas, gestor do programa local. [&hellip;]<\/p>\n","protected":false},"author":2,"featured_media":277423,"comment_status":"open","ping_status":"open","sticky":false,"template":"","format":"standard","meta":{"_mi_skip_tracking":false,"footnotes":""},"categories":[1,9],"tags":[],"class_list":["post-277422","post","type-post","status-publish","format-standard","has-post-thumbnail","hentry","category-geral","category-municipios"],"acf":[],"yoast_head":"<!-- This site is optimized with the Yoast SEO Premium plugin v19.2 (Yoast SEO v26.9) - https:\/\/yoast.com\/product\/yoast-seo-premium-wordpress\/ -->\n<title>Gestor do Programa Bolsa Fam\u00edlia de Aroeiras do Itaim participa de capacita\u00e7\u00e3o sobre o SIBEC em Teresina - Portal Not\u00edcia em Pauta<\/title>\n<meta name=\"robots\" content=\"index, follow, max-snippet:-1, max-image-preview:large, max-video-preview:-1\" \/>\n<link rel=\"canonical\" href=\"https:\/\/noticiaempauta.com\/portal\/gestor-do-programa-bolsa-familia-de-aroeiras-do-itaim-participa-de-capacitacao-sobre-o-sibec-em-teresina\/\" \/>\n<meta property=\"og:locale\" content=\"pt_BR\" \/>\n<meta property=\"og:type\" content=\"article\" \/>\n<meta property=\"og:title\" content=\"Gestor do Programa Bolsa Fam\u00edlia de Aroeiras do Itaim participa de capacita\u00e7\u00e3o sobre o SIBEC em Teresina\" \/>\n<meta property=\"og:description\" content=\"A Prefeitura de Aroeiras do Itaim, por meio da Secretaria de Assist\u00eancia Social, participou nesta semana, em Teresina, da Capacita\u00e7\u00e3o das Funcionalidades do SIBEC \u2013 Sistema de Benef\u00edcios ao Cidad\u00e3o, que detalhou os impactos do Cadastro \u00danico e a gest\u00e3o do Programa Bolsa Fam\u00edlia. O munic\u00edpio foi representado por Marcos Douglas, gestor do programa local. [&hellip;]\" \/>\n<meta property=\"og:url\" content=\"https:\/\/noticiaempauta.com\/portal\/gestor-do-programa-bolsa-familia-de-aroeiras-do-itaim-participa-de-capacitacao-sobre-o-sibec-em-teresina\/\" \/>\n<meta property=\"og:site_name\" content=\"Portal Not\u00edcia em Pauta\" \/>\n<meta property=\"article:publisher\" content=\"https:\/\/www.facebook.com\/Portal-Notcia-Em-Pauta-102292869264820\/\" \/>\n<meta property=\"article:published_time\" content=\"2025-08-30T12:42:07+00:00\" \/>\n<meta property=\"article:modified_time\" content=\"2025-08-30T12:42:08+00:00\" \/>\n<meta property=\"og:image\" content=\"https:\/\/noticiaempauta.com\/portal\/wp-content\/uploads\/2025\/08\/FA-IMG-d2c17c64985fad204c43.jpg\" \/>\n\t<meta property=\"og:image:width\" content=\"1200\" \/>\n\t<meta property=\"og:image:height\" content=\"963\" \/>\n\t<meta property=\"og:image:type\" content=\"image\/jpeg\" \/>\n<meta name=\"author\" content=\"Reda\u00e7\u00e3o\" \/>\n<meta name=\"twitter:card\" content=\"summary_large_image\" \/>\n<meta name=\"twitter:label1\" content=\"Escrito por\" \/>\n\t<meta name=\"twitter:data1\" content=\"Reda\u00e7\u00e3o\" \/>\n\t<meta name=\"twitter:label2\" content=\"Est. tempo de leitura\" \/>\n\t<meta name=\"twitter:data2\" content=\"2 minutos\" \/>\n<script type=\"application\/ld+json\" class=\"yoast-schema-graph\">{\"@context\":\"https:\/\/schema.org\",\"@graph\":[{\"@type\":\"Article\",\"@id\":\"https:\/\/noticiaempauta.com\/portal\/gestor-do-programa-bolsa-familia-de-aroeiras-do-itaim-participa-de-capacitacao-sobre-o-sibec-em-teresina\/#article\",\"isPartOf\":{\"@id\":\"https:\/\/noticiaempauta.com\/portal\/gestor-do-programa-bolsa-familia-de-aroeiras-do-itaim-participa-de-capacitacao-sobre-o-sibec-em-teresina\/\"},\"author\":{\"name\":\"Reda\u00e7\u00e3o\",\"@id\":\"https:\/\/noticiaempauta.com\/portal\/#\/schema\/person\/a74af43dd1ab3deca45f988c717d57ac\"},\"headline\":\"Gestor do Programa Bolsa Fam\u00edlia de Aroeiras do Itaim participa de capacita\u00e7\u00e3o sobre o SIBEC em Teresina\",\"datePublished\":\"2025-08-30T12:42:07+00:00\",\"dateModified\":\"2025-08-30T12:42:08+00:00\",\"mainEntityOfPage\":{\"@id\":\"https:\/\/noticiaempauta.com\/portal\/gestor-do-programa-bolsa-familia-de-aroeiras-do-itaim-participa-de-capacitacao-sobre-o-sibec-em-teresina\/\"},\"wordCount\":316,\"commentCount\":0,\"publisher\":{\"@id\":\"https:\/\/noticiaempauta.com\/portal\/#organization\"},\"image\":{\"@id\":\"https:\/\/noticiaempauta.com\/portal\/gestor-do-programa-bolsa-familia-de-aroeiras-do-itaim-participa-de-capacitacao-sobre-o-sibec-em-teresina\/#primaryimage\"},\"thumbnailUrl\":\"https:\/\/noticiaempauta.com\/portal\/wp-content\/uploads\/2025\/08\/FA-IMG-d2c17c64985fad204c43.jpg\",\"articleSection\":[\"Geral\",\"Munic\u00edpios\"],\"inLanguage\":\"pt-BR\",\"potentialAction\":[{\"@type\":\"CommentAction\",\"name\":\"Comment\",\"target\":[\"https:\/\/noticiaempauta.com\/portal\/gestor-do-programa-bolsa-familia-de-aroeiras-do-itaim-participa-de-capacitacao-sobre-o-sibec-em-teresina\/#respond\"]}]},{\"@type\":\"WebPage\",\"@id\":\"https:\/\/noticiaempauta.com\/portal\/gestor-do-programa-bolsa-familia-de-aroeiras-do-itaim-participa-de-capacitacao-sobre-o-sibec-em-teresina\/\",\"url\":\"https:\/\/noticiaempauta.com\/portal\/gestor-do-programa-bolsa-familia-de-aroeiras-do-itaim-participa-de-capacitacao-sobre-o-sibec-em-teresina\/\",\"name\":\"Gestor do Programa Bolsa Fam\u00edlia de Aroeiras do Itaim participa de capacita\u00e7\u00e3o sobre o SIBEC em Teresina - Portal Not\u00edcia em Pauta\",\"isPartOf\":{\"@id\":\"https:\/\/noticiaempauta.com\/portal\/#website\"},\"primaryImageOfPage\":{\"@id\":\"https:\/\/noticiaempauta.com\/portal\/gestor-do-programa-bolsa-familia-de-aroeiras-do-itaim-participa-de-capacitacao-sobre-o-sibec-em-teresina\/#primaryimage\"},\"image\":{\"@id\":\"https:\/\/noticiaempauta.com\/portal\/gestor-do-programa-bolsa-familia-de-aroeiras-do-itaim-participa-de-capacitacao-sobre-o-sibec-em-teresina\/#primaryimage\"},\"thumbnailUrl\":\"https:\/\/noticiaempauta.com\/portal\/wp-content\/uploads\/2025\/08\/FA-IMG-d2c17c64985fad204c43.jpg\",\"datePublished\":\"2025-08-30T12:42:07+00:00\",\"dateModified\":\"2025-08-30T12:42:08+00:00\",\"breadcrumb\":{\"@id\":\"https:\/\/noticiaempauta.com\/portal\/gestor-do-programa-bolsa-familia-de-aroeiras-do-itaim-participa-de-capacitacao-sobre-o-sibec-em-teresina\/#breadcrumb\"},\"inLanguage\":\"pt-BR\",\"potentialAction\":[{\"@type\":\"ReadAction\",\"target\":[\"https:\/\/noticiaempauta.com\/portal\/gestor-do-programa-bolsa-familia-de-aroeiras-do-itaim-participa-de-capacitacao-sobre-o-sibec-em-teresina\/\"]}]},{\"@type\":\"ImageObject\",\"inLanguage\":\"pt-BR\",\"@id\":\"https:\/\/noticiaempauta.com\/portal\/gestor-do-programa-bolsa-familia-de-aroeiras-do-itaim-participa-de-capacitacao-sobre-o-sibec-em-teresina\/#primaryimage\",\"url\":\"https:\/\/noticiaempauta.com\/portal\/wp-content\/uploads\/2025\/08\/FA-IMG-d2c17c64985fad204c43.jpg\",\"contentUrl\":\"https:\/\/noticiaempauta.com\/portal\/wp-content\/uploads\/2025\/08\/FA-IMG-d2c17c64985fad204c43.jpg\",\"width\":1200,\"height\":963},{\"@type\":\"BreadcrumbList\",\"@id\":\"https:\/\/noticiaempauta.com\/portal\/gestor-do-programa-bolsa-familia-de-aroeiras-do-itaim-participa-de-capacitacao-sobre-o-sibec-em-teresina\/#breadcrumb\",\"itemListElement\":[{\"@type\":\"ListItem\",\"position\":1,\"name\":\"P\u00e1gina Inicial\",\"item\":\"https:\/\/noticiaempauta.com\/portal\/\"},{\"@type\":\"ListItem\",\"position\":2,\"name\":\"Geral\",\"item\":\"https:\/\/noticiaempauta.com\/portal\/geral\/\"},{\"@type\":\"ListItem\",\"position\":3,\"name\":\"Gestor do Programa Bolsa Fam\u00edlia de Aroeiras do Itaim participa de capacita\u00e7\u00e3o sobre o SIBEC em Teresina\"}]},{\"@type\":\"WebSite\",\"@id\":\"https:\/\/noticiaempauta.com\/portal\/#website\",\"url\":\"https:\/\/noticiaempauta.com\/portal\/\",\"name\":\"Portal Not\u00edcia em Pauta\",\"description\":\"Voc\u00ea bem informado\",\"publisher\":{\"@id\":\"https:\/\/noticiaempauta.com\/portal\/#organization\"},\"potentialAction\":[{\"@type\":\"SearchAction\",\"target\":{\"@type\":\"EntryPoint\",\"urlTemplate\":\"https:\/\/noticiaempauta.com\/portal\/?s={search_term_string}\"},\"query-input\":{\"@type\":\"PropertyValueSpecification\",\"valueRequired\":true,\"valueName\":\"search_term_string\"}}],\"inLanguage\":\"pt-BR\"},{\"@type\":\"Organization\",\"@id\":\"https:\/\/noticiaempauta.com\/portal\/#organization\",\"name\":\"Portal Not\u00edcia em Pauta\",\"url\":\"https:\/\/noticiaempauta.com\/portal\/\",\"logo\":{\"@type\":\"ImageObject\",\"inLanguage\":\"pt-BR\",\"@id\":\"https:\/\/noticiaempauta.com\/portal\/#\/schema\/logo\/image\/\",\"url\":\"https:\/\/noticiaempauta.com\/portal\/wp-content\/uploads\/2022\/08\/logomarca_tema.fw_.png\",\"contentUrl\":\"https:\/\/noticiaempauta.com\/portal\/wp-content\/uploads\/2022\/08\/logomarca_tema.fw_.png\",\"width\":400,\"height\":232,\"caption\":\"Portal Not\u00edcia em Pauta\"},\"image\":{\"@id\":\"https:\/\/noticiaempauta.com\/portal\/#\/schema\/logo\/image\/\"},\"sameAs\":[\"https:\/\/www.facebook.com\/Portal-Notcia-Em-Pauta-102292869264820\/\",\"https:\/\/www.instagram.com\/portalnoticiaempauta\/\"]},{\"@type\":\"Person\",\"@id\":\"https:\/\/noticiaempauta.com\/portal\/#\/schema\/person\/a74af43dd1ab3deca45f988c717d57ac\",\"name\":\"Reda\u00e7\u00e3o\",\"image\":{\"@type\":\"ImageObject\",\"inLanguage\":\"pt-BR\",\"@id\":\"https:\/\/noticiaempauta.com\/portal\/#\/schema\/person\/image\/\",\"url\":\"https:\/\/secure.gravatar.com\/avatar\/03179346ecce6cdfc13361603e8f54242a90e5cde8618fa23c5c00aa2b0aadf3?s=96&d=mm&r=g\",\"contentUrl\":\"https:\/\/secure.gravatar.com\/avatar\/03179346ecce6cdfc13361603e8f54242a90e5cde8618fa23c5c00aa2b0aadf3?s=96&d=mm&r=g\",\"caption\":\"Reda\u00e7\u00e3o\"},\"sameAs\":[\"https:\/\/noticiaempauta.com\/portal\/\"],\"url\":\"https:\/\/noticiaempauta.com\/portal\/author\/fernando\/\"}]}<\/script>\n<!-- \/ Yoast SEO Premium plugin. -->","yoast_head_json":{"title":"Gestor do Programa Bolsa Fam\u00edlia de Aroeiras do Itaim participa de capacita\u00e7\u00e3o sobre o SIBEC em Teresina - Portal Not\u00edcia em Pauta","robots":{"index":"index","follow":"follow","max-snippet":"max-snippet:-1","max-image-preview":"max-image-preview:large","max-video-preview":"max-video-preview:-1"},"canonical":"https:\/\/noticiaempauta.com\/portal\/gestor-do-programa-bolsa-familia-de-aroeiras-do-itaim-participa-de-capacitacao-sobre-o-sibec-em-teresina\/","og_locale":"pt_BR","og_type":"article","og_title":"Gestor do Programa Bolsa Fam\u00edlia de Aroeiras do Itaim participa de capacita\u00e7\u00e3o sobre o SIBEC em Teresina","og_description":"A Prefeitura de Aroeiras do Itaim, por meio da Secretaria de Assist\u00eancia Social, participou nesta semana, em Teresina, da Capacita\u00e7\u00e3o das Funcionalidades do SIBEC \u2013 Sistema de Benef\u00edcios ao Cidad\u00e3o, que detalhou os impactos do Cadastro \u00danico e a gest\u00e3o do Programa Bolsa Fam\u00edlia. O munic\u00edpio foi representado por Marcos Douglas, gestor do programa local. [&hellip;]","og_url":"https:\/\/noticiaempauta.com\/portal\/gestor-do-programa-bolsa-familia-de-aroeiras-do-itaim-participa-de-capacitacao-sobre-o-sibec-em-teresina\/","og_site_name":"Portal Not\u00edcia em Pauta","article_publisher":"https:\/\/www.facebook.com\/Portal-Notcia-Em-Pauta-102292869264820\/","article_published_time":"2025-08-30T12:42:07+00:00","article_modified_time":"2025-08-30T12:42:08+00:00","og_image":[{"width":1200,"height":963,"url":"https:\/\/noticiaempauta.com\/portal\/wp-content\/uploads\/2025\/08\/FA-IMG-d2c17c64985fad204c43.jpg","type":"image\/jpeg"}],"author":"Reda\u00e7\u00e3o","twitter_card":"summary_large_image","twitter_misc":{"Escrito por":"Reda\u00e7\u00e3o","Est. tempo de leitura":"2 minutos"},"schema":{"@context":"https:\/\/schema.org","@graph":[{"@type":"Article","@id":"https:\/\/noticiaempauta.com\/portal\/gestor-do-programa-bolsa-familia-de-aroeiras-do-itaim-participa-de-capacitacao-sobre-o-sibec-em-teresina\/#article","isPartOf":{"@id":"https:\/\/noticiaempauta.com\/portal\/gestor-do-programa-bolsa-familia-de-aroeiras-do-itaim-participa-de-capacitacao-sobre-o-sibec-em-teresina\/"},"author":{"name":"Reda\u00e7\u00e3o","@id":"https:\/\/noticiaempauta.com\/portal\/#\/schema\/person\/a74af43dd1ab3deca45f988c717d57ac"},"headline":"Gestor do Programa Bolsa Fam\u00edlia de Aroeiras do Itaim participa de capacita\u00e7\u00e3o sobre o SIBEC em Teresina","datePublished":"2025-08-30T12:42:07+00:00","dateModified":"2025-08-30T12:42:08+00:00","mainEntityOfPage":{"@id":"https:\/\/noticiaempauta.com\/portal\/gestor-do-programa-bolsa-familia-de-aroeiras-do-itaim-participa-de-capacitacao-sobre-o-sibec-em-teresina\/"},"wordCount":316,"commentCount":0,"publisher":{"@id":"https:\/\/noticiaempauta.com\/portal\/#organization"},"image":{"@id":"https:\/\/noticiaempauta.com\/portal\/gestor-do-programa-bolsa-familia-de-aroeiras-do-itaim-participa-de-capacitacao-sobre-o-sibec-em-teresina\/#primaryimage"},"thumbnailUrl":"https:\/\/noticiaempauta.com\/portal\/wp-content\/uploads\/2025\/08\/FA-IMG-d2c17c64985fad204c43.jpg","articleSection":["Geral","Munic\u00edpios"],"inLanguage":"pt-BR","potentialAction":[{"@type":"CommentAction","name":"Comment","target":["https:\/\/noticiaempauta.com\/portal\/gestor-do-programa-bolsa-familia-de-aroeiras-do-itaim-participa-de-capacitacao-sobre-o-sibec-em-teresina\/#respond"]}]},{"@type":"WebPage","@id":"https:\/\/noticiaempauta.com\/portal\/gestor-do-programa-bolsa-familia-de-aroeiras-do-itaim-participa-de-capacitacao-sobre-o-sibec-em-teresina\/","url":"https:\/\/noticiaempauta.com\/portal\/gestor-do-programa-bolsa-familia-de-aroeiras-do-itaim-participa-de-capacitacao-sobre-o-sibec-em-teresina\/","name":"Gestor do Programa Bolsa Fam\u00edlia de Aroeiras do Itaim participa de capacita\u00e7\u00e3o sobre o SIBEC em Teresina - Portal Not\u00edcia em Pauta","isPartOf":{"@id":"https:\/\/noticiaempauta.com\/portal\/#website"},"primaryImageOfPage":{"@id":"https:\/\/noticiaempauta.com\/portal\/gestor-do-programa-bolsa-familia-de-aroeiras-do-itaim-participa-de-capacitacao-sobre-o-sibec-em-teresina\/#primaryimage"},"image":{"@id":"https:\/\/noticiaempauta.com\/portal\/gestor-do-programa-bolsa-familia-de-aroeiras-do-itaim-participa-de-capacitacao-sobre-o-sibec-em-teresina\/#primaryimage"},"thumbnailUrl":"https:\/\/noticiaempauta.com\/portal\/wp-content\/uploads\/2025\/08\/FA-IMG-d2c17c64985fad204c43.jpg","datePublished":"2025-08-30T12:42:07+00:00","dateModified":"2025-08-30T12:42:08+00:00","breadcrumb":{"@id":"https:\/\/noticiaempauta.com\/portal\/gestor-do-programa-bolsa-familia-de-aroeiras-do-itaim-participa-de-capacitacao-sobre-o-sibec-em-teresina\/#breadcrumb"},"inLanguage":"pt-BR","potentialAction":[{"@type":"ReadAction","target":["https:\/\/noticiaempauta.com\/portal\/gestor-do-programa-bolsa-familia-de-aroeiras-do-itaim-participa-de-capacitacao-sobre-o-sibec-em-teresina\/"]}]},{"@type":"ImageObject","inLanguage":"pt-BR","@id":"https:\/\/noticiaempauta.com\/portal\/gestor-do-programa-bolsa-familia-de-aroeiras-do-itaim-participa-de-capacitacao-sobre-o-sibec-em-teresina\/#primaryimage","url":"https:\/\/noticiaempauta.com\/portal\/wp-content\/uploads\/2025\/08\/FA-IMG-d2c17c64985fad204c43.jpg","contentUrl":"https:\/\/noticiaempauta.com\/portal\/wp-content\/uploads\/2025\/08\/FA-IMG-d2c17c64985fad204c43.jpg","width":1200,"height":963},{"@type":"BreadcrumbList","@id":"https:\/\/noticiaempauta.com\/portal\/gestor-do-programa-bolsa-familia-de-aroeiras-do-itaim-participa-de-capacitacao-sobre-o-sibec-em-teresina\/#breadcrumb","itemListElement":[{"@type":"ListItem","position":1,"name":"P\u00e1gina Inicial","item":"https:\/\/noticiaempauta.com\/portal\/"},{"@type":"ListItem","position":2,"name":"Geral","item":"https:\/\/noticiaempauta.com\/portal\/geral\/"},{"@type":"ListItem","position":3,"name":"Gestor do Programa Bolsa Fam\u00edlia de Aroeiras do Itaim participa de capacita\u00e7\u00e3o sobre o SIBEC em Teresina"}]},{"@type":"WebSite","@id":"https:\/\/noticiaempauta.com\/portal\/#website","url":"https:\/\/noticiaempauta.com\/portal\/","name":"Portal Not\u00edcia em Pauta","description":"Voc\u00ea bem informado","publisher":{"@id":"https:\/\/noticiaempauta.com\/portal\/#organization"},"potentialAction":[{"@type":"SearchAction","target":{"@type":"EntryPoint","urlTemplate":"https:\/\/noticiaempauta.com\/portal\/?s={search_term_string}"},"query-input":{"@type":"PropertyValueSpecification","valueRequired":true,"valueName":"search_term_string"}}],"inLanguage":"pt-BR"},{"@type":"Organization","@id":"https:\/\/noticiaempauta.com\/portal\/#organization","name":"Portal Not\u00edcia em Pauta","url":"https:\/\/noticiaempauta.com\/portal\/","logo":{"@type":"ImageObject","inLanguage":"pt-BR","@id":"https:\/\/noticiaempauta.com\/portal\/#\/schema\/logo\/image\/","url":"https:\/\/noticiaempauta.com\/portal\/wp-content\/uploads\/2022\/08\/logomarca_tema.fw_.png","contentUrl":"https:\/\/noticiaempauta.com\/portal\/wp-content\/uploads\/2022\/08\/logomarca_tema.fw_.png","width":400,"height":232,"caption":"Portal Not\u00edcia em Pauta"},"image":{"@id":"https:\/\/noticiaempauta.com\/portal\/#\/schema\/logo\/image\/"},"sameAs":["https:\/\/www.facebook.com\/Portal-Notcia-Em-Pauta-102292869264820\/","https:\/\/www.instagram.com\/portalnoticiaempauta\/"]},{"@type":"Person","@id":"https:\/\/noticiaempauta.com\/portal\/#\/schema\/person\/a74af43dd1ab3deca45f988c717d57ac","name":"Reda\u00e7\u00e3o","image":{"@type":"ImageObject","inLanguage":"pt-BR","@id":"https:\/\/noticiaempauta.com\/portal\/#\/schema\/person\/image\/","url":"https:\/\/secure.gravatar.com\/avatar\/03179346ecce6cdfc13361603e8f54242a90e5cde8618fa23c5c00aa2b0aadf3?s=96&d=mm&r=g","contentUrl":"https:\/\/secure.gravatar.com\/avatar\/03179346ecce6cdfc13361603e8f54242a90e5cde8618fa23c5c00aa2b0aadf3?s=96&d=mm&r=g","caption":"Reda\u00e7\u00e3o"},"sameAs":["https:\/\/noticiaempauta.com\/portal\/"],"url":"https:\/\/noticiaempauta.com\/portal\/author\/fernando\/"}]}},"_links":{"self":[{"href":"https:\/\/noticiaempauta.com\/portal\/wp-json\/wp\/v2\/posts\/277422","targetHints":{"allow":["GET"]}}],"collection":[{"href":"https:\/\/noticiaempauta.com\/portal\/wp-json\/wp\/v2\/posts"}],"about":[{"href":"https:\/\/noticiaempauta.com\/portal\/wp-json\/wp\/v2\/types\/post"}],"author":[{"embeddable":true,"href":"https:\/\/noticiaempauta.com\/portal\/wp-json\/wp\/v2\/users\/2"}],"replies":[{"embeddable":true,"href":"https:\/\/noticiaempauta.com\/portal\/wp-json\/wp\/v2\/comments?post=277422"}],"version-history":[{"count":1,"href":"https:\/\/noticiaempauta.com\/portal\/wp-json\/wp\/v2\/posts\/277422\/revisions"}],"predecessor-version":[{"id":277424,"href":"https:\/\/noticiaempauta.com\/portal\/wp-json\/wp\/v2\/posts\/277422\/revisions\/277424"}],"wp:featuredmedia":[{"embeddable":true,"href":"https:\/\/noticiaempauta.com\/portal\/wp-json\/wp\/v2\/media\/277423"}],"wp:attachment":[{"href":"https:\/\/noticiaempauta.com\/portal\/wp-json\/wp\/v2\/media?parent=277422"}],"wp:term":[{"taxonomy":"category","embeddable":true,"href":"https:\/\/noticiaempauta.com\/portal\/wp-json\/wp\/v2\/categories?post=277422"},{"taxonomy":"post_tag","embeddable":true,"href":"https:\/\/noticiaempauta.com\/portal\/wp-json\/wp\/v2\/tags?post=277422"}],"curies":[{"name":"wp","href":"https:\/\/api.w.org\/{rel}","templated":true}]}}