{"id":277425,"date":"2025-08-30T09:46:39","date_gmt":"2025-08-30T12:46:39","guid":{"rendered":"https:\/\/noticiaempauta.com\/portal\/?p=277425"},"modified":"2025-08-30T09:46:39","modified_gmt":"2025-08-30T12:46:39","slug":"aroeiras-do-itaim-participa-da-6a-conferencia-estadual-de-politicas-publicas-para-as-mulheres-em-teresina","status":"publish","type":"post","link":"https:\/\/noticiaempauta.com\/portal\/aroeiras-do-itaim-participa-da-6a-conferencia-estadual-de-politicas-publicas-para-as-mulheres-em-teresina\/","title":{"rendered":"Aroeiras do Itaim participa da 6\u00aa Confer\u00eancia Estadual de Pol\u00edticas P\u00fablicas para as Mulheres em Teresina"},"content":{"rendered":"\n<p>A prefeitura de Aroeiras do Itaim atrav\u00e9s da Secretaria dos Direitos das Mulheres e da Secretaria de Meio Ambiente participou, da 6\u00aa Confer\u00eancia Estadual de Pol\u00edticas P\u00fablicas para as Mulheres que ocorreu entre a \u00faltima quinta-feira, 28 de agosto e sexta-feira (29), em Teresina, reunindo gestores de diversos munic\u00edpios piauienses em um espa\u00e7o de di\u00e1logo e constru\u00e7\u00e3o coletiva.<\/p>\n\n\n\n<figure class=\"wp-block-image size-large\"><img fetchpriority=\"high\" decoding=\"async\" width=\"1024\" height=\"778\" src=\"https:\/\/noticiaempauta.com\/portal\/wp-content\/uploads\/2025\/08\/CIDADESWhatsApp-Image-2025-08-30-at-08.35.53-1024x778.webp\" alt=\"\" class=\"wp-image-277430\" srcset=\"https:\/\/noticiaempauta.com\/portal\/wp-content\/uploads\/2025\/08\/CIDADESWhatsApp-Image-2025-08-30-at-08.35.53-1024x778.webp 1024w, https:\/\/noticiaempauta.com\/portal\/wp-content\/uploads\/2025\/08\/CIDADESWhatsApp-Image-2025-08-30-at-08.35.53-300x228.webp 300w, https:\/\/noticiaempauta.com\/portal\/wp-content\/uploads\/2025\/08\/CIDADESWhatsApp-Image-2025-08-30-at-08.35.53-768x584.webp 768w, https:\/\/noticiaempauta.com\/portal\/wp-content\/uploads\/2025\/08\/CIDADESWhatsApp-Image-2025-08-30-at-08.35.53.webp 1200w\" sizes=\"(max-width: 1024px) 100vw, 1024px\" \/><\/figure>\n\n\n\n<p>Este ano, o encontro trouxe como tema central: \u201cMais democracia, mais igualdade e mais conquistas para todas\u201d&nbsp;destacando a necessidade de fortalecer pol\u00edticas p\u00fablicas inclusivas e participativas.<\/p>\n\n\n\n<figure class=\"wp-block-image size-large\"><img decoding=\"async\" width=\"969\" height=\"1024\" src=\"https:\/\/noticiaempauta.com\/portal\/wp-content\/uploads\/2025\/08\/CIDADESWhatsApp-Image-2025-08-30-at-08.03.43-969x1024.webp\" alt=\"\" class=\"wp-image-277429\" srcset=\"https:\/\/noticiaempauta.com\/portal\/wp-content\/uploads\/2025\/08\/CIDADESWhatsApp-Image-2025-08-30-at-08.03.43-969x1024.webp 969w, https:\/\/noticiaempauta.com\/portal\/wp-content\/uploads\/2025\/08\/CIDADESWhatsApp-Image-2025-08-30-at-08.03.43-284x300.webp 284w, https:\/\/noticiaempauta.com\/portal\/wp-content\/uploads\/2025\/08\/CIDADESWhatsApp-Image-2025-08-30-at-08.03.43-768x812.webp 768w, https:\/\/noticiaempauta.com\/portal\/wp-content\/uploads\/2025\/08\/CIDADESWhatsApp-Image-2025-08-30-at-08.03.43.webp 1200w\" sizes=\"(max-width: 969px) 100vw, 969px\" \/><\/figure>\n\n\n\n<p>Durante o evento, o munic\u00edpio esteve representado pela Secret\u00e1ria dos Direitos das Mulheres, Francisca Lisboa, pela Secret\u00e1ria do Meio Ambiente, Vanete Macedo, e pela Assessora de Comunica\u00e7\u00e3o, Camila Crispim.<\/p>\n\n\n\n<figure class=\"wp-block-image size-large\"><img decoding=\"async\" width=\"1024\" height=\"876\" src=\"https:\/\/noticiaempauta.com\/portal\/wp-content\/uploads\/2025\/08\/CIDADESWhatsApp-Image-2025-08-30-at-08.03.44-1024x876.webp\" alt=\"\" class=\"wp-image-277427\" srcset=\"https:\/\/noticiaempauta.com\/portal\/wp-content\/uploads\/2025\/08\/CIDADESWhatsApp-Image-2025-08-30-at-08.03.44-1024x876.webp 1024w, https:\/\/noticiaempauta.com\/portal\/wp-content\/uploads\/2025\/08\/CIDADESWhatsApp-Image-2025-08-30-at-08.03.44-300x257.webp 300w, https:\/\/noticiaempauta.com\/portal\/wp-content\/uploads\/2025\/08\/CIDADESWhatsApp-Image-2025-08-30-at-08.03.44-768x657.webp 768w, https:\/\/noticiaempauta.com\/portal\/wp-content\/uploads\/2025\/08\/CIDADESWhatsApp-Image-2025-08-30-at-08.03.44.webp 1200w\" sizes=\"(max-width: 1024px) 100vw, 1024px\" \/><\/figure>\n\n\n\n<p>O objetivo da confer\u00eancia foi discutir e propor a\u00e7\u00f5es que assegurem avan\u00e7os nas pol\u00edticas p\u00fablicas voltadas \u00e0s mulheres, abordando temas como igualdade de oportunidades, combate \u00e0 viol\u00eancia e fortalecimento da participa\u00e7\u00e3o feminina nos espa\u00e7os de decis\u00e3o.<\/p>\n\n\n\n<p>A secret\u00e1ria dos Direitos das Mulheres, Francisca Lisboa, destacou a relev\u00e2ncia do encontro para o munic\u00edpio.<\/p>\n\n\n\n<figure class=\"wp-block-image size-large\"><img loading=\"lazy\" decoding=\"async\" width=\"1024\" height=\"971\" src=\"https:\/\/noticiaempauta.com\/portal\/wp-content\/uploads\/2025\/08\/CIDADESWhatsApp-Image-2025-08-30-at-08.03.44-2-1024x971.webp\" alt=\"\" class=\"wp-image-277428\" srcset=\"https:\/\/noticiaempauta.com\/portal\/wp-content\/uploads\/2025\/08\/CIDADESWhatsApp-Image-2025-08-30-at-08.03.44-2-1024x971.webp 1024w, https:\/\/noticiaempauta.com\/portal\/wp-content\/uploads\/2025\/08\/CIDADESWhatsApp-Image-2025-08-30-at-08.03.44-2-300x285.webp 300w, https:\/\/noticiaempauta.com\/portal\/wp-content\/uploads\/2025\/08\/CIDADESWhatsApp-Image-2025-08-30-at-08.03.44-2-768x728.webp 768w, https:\/\/noticiaempauta.com\/portal\/wp-content\/uploads\/2025\/08\/CIDADESWhatsApp-Image-2025-08-30-at-08.03.44-2.webp 1200w\" sizes=\"(max-width: 1024px) 100vw, 1024px\" \/><\/figure>\n\n\n\n<p>\u201cParticipar dessa confer\u00eancia \u00e9 reafirmar o compromisso da nossa gest\u00e3o com a constru\u00e7\u00e3o de pol\u00edticas p\u00fablicas que garantam os direitos das mulheres, combatam desigualdades e promovam conquistas que transformem vidas. Estamos aqui para ouvir, aprender e levar para Aroeiras do Itaim propostas que fortale\u00e7am nossa rede de apoio \u00e0s mulheres\u201d, disse.<\/p>\n\n\n\n<figure class=\"wp-block-image size-large\"><img loading=\"lazy\" decoding=\"async\" width=\"1024\" height=\"896\" src=\"https:\/\/noticiaempauta.com\/portal\/wp-content\/uploads\/2025\/08\/CIDADESWhatsApp-Image-2025-08-30-at-08.28.40-1024x896.webp\" alt=\"\" class=\"wp-image-277426\" srcset=\"https:\/\/noticiaempauta.com\/portal\/wp-content\/uploads\/2025\/08\/CIDADESWhatsApp-Image-2025-08-30-at-08.28.40-1024x896.webp 1024w, https:\/\/noticiaempauta.com\/portal\/wp-content\/uploads\/2025\/08\/CIDADESWhatsApp-Image-2025-08-30-at-08.28.40-300x263.webp 300w, https:\/\/noticiaempauta.com\/portal\/wp-content\/uploads\/2025\/08\/CIDADESWhatsApp-Image-2025-08-30-at-08.28.40-768x672.webp 768w, https:\/\/noticiaempauta.com\/portal\/wp-content\/uploads\/2025\/08\/CIDADESWhatsApp-Image-2025-08-30-at-08.28.40.webp 1200w\" sizes=\"(max-width: 1024px) 100vw, 1024px\" \/><\/figure>\n\n\n\n<p>A participa\u00e7\u00e3o de Aroeiras do Itaim refor\u00e7a o compromisso da gest\u00e3o municipal em promover pol\u00edticas inclusivas e efetivas, que garantam os direitos das mulheres e contribuam para uma sociedade mais justa e cidad\u00e3.<\/p>\n\n\n\n<p>Fonte: Ascom<\/p>\n","protected":false},"excerpt":{"rendered":"<p>A prefeitura de Aroeiras do Itaim atrav\u00e9s da Secretaria dos Direitos das Mulheres e da Secretaria de Meio Ambiente participou, da 6\u00aa Confer\u00eancia Estadual de Pol\u00edticas P\u00fablicas para as Mulheres que ocorreu entre a \u00faltima quinta-feira, 28 de agosto e sexta-feira (29), em Teresina, reunindo gestores de diversos munic\u00edpios piauienses em um espa\u00e7o de di\u00e1logo [&hellip;]<\/p>\n","protected":false},"author":2,"featured_media":277430,"comment_status":"open","ping_status":"open","sticky":false,"template":"","format":"standard","meta":{"_mi_skip_tracking":false,"footnotes":""},"categories":[1,9,16],"tags":[],"class_list":["post-277425","post","type-post","status-publish","format-standard","has-post-thumbnail","hentry","category-geral","category-municipios","category-todas"],"acf":[],"yoast_head":"<!-- This site is optimized with the Yoast SEO Premium plugin v19.2 (Yoast SEO v26.9) - https:\/\/yoast.com\/product\/yoast-seo-premium-wordpress\/ -->\n<title>Aroeiras do Itaim participa da 6\u00aa Confer\u00eancia Estadual de Pol\u00edticas P\u00fablicas para as Mulheres em Teresina - Portal Not\u00edcia em Pauta<\/title>\n<meta name=\"robots\" content=\"index, follow, max-snippet:-1, max-image-preview:large, max-video-preview:-1\" \/>\n<link rel=\"canonical\" href=\"https:\/\/noticiaempauta.com\/portal\/aroeiras-do-itaim-participa-da-6a-conferencia-estadual-de-politicas-publicas-para-as-mulheres-em-teresina\/\" \/>\n<meta property=\"og:locale\" content=\"pt_BR\" \/>\n<meta property=\"og:type\" content=\"article\" \/>\n<meta property=\"og:title\" content=\"Aroeiras do Itaim participa da 6\u00aa Confer\u00eancia Estadual de Pol\u00edticas P\u00fablicas para as Mulheres em Teresina\" \/>\n<meta property=\"og:description\" content=\"A prefeitura de Aroeiras do Itaim atrav\u00e9s da Secretaria dos Direitos das Mulheres e da Secretaria de Meio Ambiente participou, da 6\u00aa Confer\u00eancia Estadual de Pol\u00edticas P\u00fablicas para as Mulheres que ocorreu entre a \u00faltima quinta-feira, 28 de agosto e sexta-feira (29), em Teresina, reunindo gestores de diversos munic\u00edpios piauienses em um espa\u00e7o de di\u00e1logo [&hellip;]\" \/>\n<meta property=\"og:url\" content=\"https:\/\/noticiaempauta.com\/portal\/aroeiras-do-itaim-participa-da-6a-conferencia-estadual-de-politicas-publicas-para-as-mulheres-em-teresina\/\" \/>\n<meta property=\"og:site_name\" content=\"Portal Not\u00edcia em Pauta\" \/>\n<meta property=\"article:publisher\" content=\"https:\/\/www.facebook.com\/Portal-Notcia-Em-Pauta-102292869264820\/\" \/>\n<meta property=\"article:published_time\" content=\"2025-08-30T12:46:39+00:00\" \/>\n<meta property=\"og:image\" content=\"https:\/\/noticiaempauta.com\/portal\/wp-content\/uploads\/2025\/08\/CIDADESWhatsApp-Image-2025-08-30-at-08.35.53.webp\" \/>\n\t<meta property=\"og:image:width\" content=\"1200\" \/>\n\t<meta property=\"og:image:height\" content=\"912\" \/>\n\t<meta property=\"og:image:type\" content=\"image\/webp\" \/>\n<meta name=\"author\" content=\"Reda\u00e7\u00e3o\" \/>\n<meta name=\"twitter:card\" content=\"summary_large_image\" \/>\n<meta name=\"twitter:label1\" content=\"Escrito por\" \/>\n\t<meta name=\"twitter:data1\" content=\"Reda\u00e7\u00e3o\" \/>\n\t<meta name=\"twitter:label2\" content=\"Est. tempo de leitura\" \/>\n\t<meta name=\"twitter:data2\" content=\"3 minutos\" \/>\n<script type=\"application\/ld+json\" class=\"yoast-schema-graph\">{\"@context\":\"https:\/\/schema.org\",\"@graph\":[{\"@type\":\"Article\",\"@id\":\"https:\/\/noticiaempauta.com\/portal\/aroeiras-do-itaim-participa-da-6a-conferencia-estadual-de-politicas-publicas-para-as-mulheres-em-teresina\/#article\",\"isPartOf\":{\"@id\":\"https:\/\/noticiaempauta.com\/portal\/aroeiras-do-itaim-participa-da-6a-conferencia-estadual-de-politicas-publicas-para-as-mulheres-em-teresina\/\"},\"author\":{\"name\":\"Reda\u00e7\u00e3o\",\"@id\":\"https:\/\/noticiaempauta.com\/portal\/#\/schema\/person\/a74af43dd1ab3deca45f988c717d57ac\"},\"headline\":\"Aroeiras do Itaim participa da 6\u00aa Confer\u00eancia Estadual de Pol\u00edticas P\u00fablicas para as Mulheres em Teresina\",\"datePublished\":\"2025-08-30T12:46:39+00:00\",\"mainEntityOfPage\":{\"@id\":\"https:\/\/noticiaempauta.com\/portal\/aroeiras-do-itaim-participa-da-6a-conferencia-estadual-de-politicas-publicas-para-as-mulheres-em-teresina\/\"},\"wordCount\":302,\"commentCount\":0,\"publisher\":{\"@id\":\"https:\/\/noticiaempauta.com\/portal\/#organization\"},\"image\":{\"@id\":\"https:\/\/noticiaempauta.com\/portal\/aroeiras-do-itaim-participa-da-6a-conferencia-estadual-de-politicas-publicas-para-as-mulheres-em-teresina\/#primaryimage\"},\"thumbnailUrl\":\"https:\/\/noticiaempauta.com\/portal\/wp-content\/uploads\/2025\/08\/CIDADESWhatsApp-Image-2025-08-30-at-08.35.53.webp\",\"articleSection\":[\"Geral\",\"Munic\u00edpios\",\"Todas as Not\u00edcias\"],\"inLanguage\":\"pt-BR\",\"potentialAction\":[{\"@type\":\"CommentAction\",\"name\":\"Comment\",\"target\":[\"https:\/\/noticiaempauta.com\/portal\/aroeiras-do-itaim-participa-da-6a-conferencia-estadual-de-politicas-publicas-para-as-mulheres-em-teresina\/#respond\"]}]},{\"@type\":\"WebPage\",\"@id\":\"https:\/\/noticiaempauta.com\/portal\/aroeiras-do-itaim-participa-da-6a-conferencia-estadual-de-politicas-publicas-para-as-mulheres-em-teresina\/\",\"url\":\"https:\/\/noticiaempauta.com\/portal\/aroeiras-do-itaim-participa-da-6a-conferencia-estadual-de-politicas-publicas-para-as-mulheres-em-teresina\/\",\"name\":\"Aroeiras do Itaim participa da 6\u00aa Confer\u00eancia Estadual de Pol\u00edticas P\u00fablicas para as Mulheres em Teresina - Portal Not\u00edcia em Pauta\",\"isPartOf\":{\"@id\":\"https:\/\/noticiaempauta.com\/portal\/#website\"},\"primaryImageOfPage\":{\"@id\":\"https:\/\/noticiaempauta.com\/portal\/aroeiras-do-itaim-participa-da-6a-conferencia-estadual-de-politicas-publicas-para-as-mulheres-em-teresina\/#primaryimage\"},\"image\":{\"@id\":\"https:\/\/noticiaempauta.com\/portal\/aroeiras-do-itaim-participa-da-6a-conferencia-estadual-de-politicas-publicas-para-as-mulheres-em-teresina\/#primaryimage\"},\"thumbnailUrl\":\"https:\/\/noticiaempauta.com\/portal\/wp-content\/uploads\/2025\/08\/CIDADESWhatsApp-Image-2025-08-30-at-08.35.53.webp\",\"datePublished\":\"2025-08-30T12:46:39+00:00\",\"breadcrumb\":{\"@id\":\"https:\/\/noticiaempauta.com\/portal\/aroeiras-do-itaim-participa-da-6a-conferencia-estadual-de-politicas-publicas-para-as-mulheres-em-teresina\/#breadcrumb\"},\"inLanguage\":\"pt-BR\",\"potentialAction\":[{\"@type\":\"ReadAction\",\"target\":[\"https:\/\/noticiaempauta.com\/portal\/aroeiras-do-itaim-participa-da-6a-conferencia-estadual-de-politicas-publicas-para-as-mulheres-em-teresina\/\"]}]},{\"@type\":\"ImageObject\",\"inLanguage\":\"pt-BR\",\"@id\":\"https:\/\/noticiaempauta.com\/portal\/aroeiras-do-itaim-participa-da-6a-conferencia-estadual-de-politicas-publicas-para-as-mulheres-em-teresina\/#primaryimage\",\"url\":\"https:\/\/noticiaempauta.com\/portal\/wp-content\/uploads\/2025\/08\/CIDADESWhatsApp-Image-2025-08-30-at-08.35.53.webp\",\"contentUrl\":\"https:\/\/noticiaempauta.com\/portal\/wp-content\/uploads\/2025\/08\/CIDADESWhatsApp-Image-2025-08-30-at-08.35.53.webp\",\"width\":1200,\"height\":912},{\"@type\":\"BreadcrumbList\",\"@id\":\"https:\/\/noticiaempauta.com\/portal\/aroeiras-do-itaim-participa-da-6a-conferencia-estadual-de-politicas-publicas-para-as-mulheres-em-teresina\/#breadcrumb\",\"itemListElement\":[{\"@type\":\"ListItem\",\"position\":1,\"name\":\"P\u00e1gina Inicial\",\"item\":\"https:\/\/noticiaempauta.com\/portal\/\"},{\"@type\":\"ListItem\",\"position\":2,\"name\":\"Geral\",\"item\":\"https:\/\/noticiaempauta.com\/portal\/geral\/\"},{\"@type\":\"ListItem\",\"position\":3,\"name\":\"Aroeiras do Itaim participa da 6\u00aa Confer\u00eancia Estadual de Pol\u00edticas P\u00fablicas para as Mulheres em Teresina\"}]},{\"@type\":\"WebSite\",\"@id\":\"https:\/\/noticiaempauta.com\/portal\/#website\",\"url\":\"https:\/\/noticiaempauta.com\/portal\/\",\"name\":\"Portal Not\u00edcia em Pauta\",\"description\":\"Voc\u00ea bem informado\",\"publisher\":{\"@id\":\"https:\/\/noticiaempauta.com\/portal\/#organization\"},\"potentialAction\":[{\"@type\":\"SearchAction\",\"target\":{\"@type\":\"EntryPoint\",\"urlTemplate\":\"https:\/\/noticiaempauta.com\/portal\/?s={search_term_string}\"},\"query-input\":{\"@type\":\"PropertyValueSpecification\",\"valueRequired\":true,\"valueName\":\"search_term_string\"}}],\"inLanguage\":\"pt-BR\"},{\"@type\":\"Organization\",\"@id\":\"https:\/\/noticiaempauta.com\/portal\/#organization\",\"name\":\"Portal Not\u00edcia em Pauta\",\"url\":\"https:\/\/noticiaempauta.com\/portal\/\",\"logo\":{\"@type\":\"ImageObject\",\"inLanguage\":\"pt-BR\",\"@id\":\"https:\/\/noticiaempauta.com\/portal\/#\/schema\/logo\/image\/\",\"url\":\"https:\/\/noticiaempauta.com\/portal\/wp-content\/uploads\/2022\/08\/logomarca_tema.fw_.png\",\"contentUrl\":\"https:\/\/noticiaempauta.com\/portal\/wp-content\/uploads\/2022\/08\/logomarca_tema.fw_.png\",\"width\":400,\"height\":232,\"caption\":\"Portal Not\u00edcia em Pauta\"},\"image\":{\"@id\":\"https:\/\/noticiaempauta.com\/portal\/#\/schema\/logo\/image\/\"},\"sameAs\":[\"https:\/\/www.facebook.com\/Portal-Notcia-Em-Pauta-102292869264820\/\",\"https:\/\/www.instagram.com\/portalnoticiaempauta\/\"]},{\"@type\":\"Person\",\"@id\":\"https:\/\/noticiaempauta.com\/portal\/#\/schema\/person\/a74af43dd1ab3deca45f988c717d57ac\",\"name\":\"Reda\u00e7\u00e3o\",\"image\":{\"@type\":\"ImageObject\",\"inLanguage\":\"pt-BR\",\"@id\":\"https:\/\/noticiaempauta.com\/portal\/#\/schema\/person\/image\/\",\"url\":\"https:\/\/secure.gravatar.com\/avatar\/03179346ecce6cdfc13361603e8f54242a90e5cde8618fa23c5c00aa2b0aadf3?s=96&d=mm&r=g\",\"contentUrl\":\"https:\/\/secure.gravatar.com\/avatar\/03179346ecce6cdfc13361603e8f54242a90e5cde8618fa23c5c00aa2b0aadf3?s=96&d=mm&r=g\",\"caption\":\"Reda\u00e7\u00e3o\"},\"sameAs\":[\"https:\/\/noticiaempauta.com\/portal\/\"],\"url\":\"https:\/\/noticiaempauta.com\/portal\/author\/fernando\/\"}]}<\/script>\n<!-- \/ Yoast SEO Premium plugin. -->","yoast_head_json":{"title":"Aroeiras do Itaim participa da 6\u00aa Confer\u00eancia Estadual de Pol\u00edticas P\u00fablicas para as Mulheres em Teresina - Portal Not\u00edcia em Pauta","robots":{"index":"index","follow":"follow","max-snippet":"max-snippet:-1","max-image-preview":"max-image-preview:large","max-video-preview":"max-video-preview:-1"},"canonical":"https:\/\/noticiaempauta.com\/portal\/aroeiras-do-itaim-participa-da-6a-conferencia-estadual-de-politicas-publicas-para-as-mulheres-em-teresina\/","og_locale":"pt_BR","og_type":"article","og_title":"Aroeiras do Itaim participa da 6\u00aa Confer\u00eancia Estadual de Pol\u00edticas P\u00fablicas para as Mulheres em Teresina","og_description":"A prefeitura de Aroeiras do Itaim atrav\u00e9s da Secretaria dos Direitos das Mulheres e da Secretaria de Meio Ambiente participou, da 6\u00aa Confer\u00eancia Estadual de Pol\u00edticas P\u00fablicas para as Mulheres que ocorreu entre a \u00faltima quinta-feira, 28 de agosto e sexta-feira (29), em Teresina, reunindo gestores de diversos munic\u00edpios piauienses em um espa\u00e7o de di\u00e1logo [&hellip;]","og_url":"https:\/\/noticiaempauta.com\/portal\/aroeiras-do-itaim-participa-da-6a-conferencia-estadual-de-politicas-publicas-para-as-mulheres-em-teresina\/","og_site_name":"Portal Not\u00edcia em Pauta","article_publisher":"https:\/\/www.facebook.com\/Portal-Notcia-Em-Pauta-102292869264820\/","article_published_time":"2025-08-30T12:46:39+00:00","og_image":[{"width":1200,"height":912,"url":"https:\/\/noticiaempauta.com\/portal\/wp-content\/uploads\/2025\/08\/CIDADESWhatsApp-Image-2025-08-30-at-08.35.53.webp","type":"image\/webp"}],"author":"Reda\u00e7\u00e3o","twitter_card":"summary_large_image","twitter_misc":{"Escrito por":"Reda\u00e7\u00e3o","Est. tempo de leitura":"3 minutos"},"schema":{"@context":"https:\/\/schema.org","@graph":[{"@type":"Article","@id":"https:\/\/noticiaempauta.com\/portal\/aroeiras-do-itaim-participa-da-6a-conferencia-estadual-de-politicas-publicas-para-as-mulheres-em-teresina\/#article","isPartOf":{"@id":"https:\/\/noticiaempauta.com\/portal\/aroeiras-do-itaim-participa-da-6a-conferencia-estadual-de-politicas-publicas-para-as-mulheres-em-teresina\/"},"author":{"name":"Reda\u00e7\u00e3o","@id":"https:\/\/noticiaempauta.com\/portal\/#\/schema\/person\/a74af43dd1ab3deca45f988c717d57ac"},"headline":"Aroeiras do Itaim participa da 6\u00aa Confer\u00eancia Estadual de Pol\u00edticas P\u00fablicas para as Mulheres em Teresina","datePublished":"2025-08-30T12:46:39+00:00","mainEntityOfPage":{"@id":"https:\/\/noticiaempauta.com\/portal\/aroeiras-do-itaim-participa-da-6a-conferencia-estadual-de-politicas-publicas-para-as-mulheres-em-teresina\/"},"wordCount":302,"commentCount":0,"publisher":{"@id":"https:\/\/noticiaempauta.com\/portal\/#organization"},"image":{"@id":"https:\/\/noticiaempauta.com\/portal\/aroeiras-do-itaim-participa-da-6a-conferencia-estadual-de-politicas-publicas-para-as-mulheres-em-teresina\/#primaryimage"},"thumbnailUrl":"https:\/\/noticiaempauta.com\/portal\/wp-content\/uploads\/2025\/08\/CIDADESWhatsApp-Image-2025-08-30-at-08.35.53.webp","articleSection":["Geral","Munic\u00edpios","Todas as Not\u00edcias"],"inLanguage":"pt-BR","potentialAction":[{"@type":"CommentAction","name":"Comment","target":["https:\/\/noticiaempauta.com\/portal\/aroeiras-do-itaim-participa-da-6a-conferencia-estadual-de-politicas-publicas-para-as-mulheres-em-teresina\/#respond"]}]},{"@type":"WebPage","@id":"https:\/\/noticiaempauta.com\/portal\/aroeiras-do-itaim-participa-da-6a-conferencia-estadual-de-politicas-publicas-para-as-mulheres-em-teresina\/","url":"https:\/\/noticiaempauta.com\/portal\/aroeiras-do-itaim-participa-da-6a-conferencia-estadual-de-politicas-publicas-para-as-mulheres-em-teresina\/","name":"Aroeiras do Itaim participa da 6\u00aa Confer\u00eancia Estadual de Pol\u00edticas P\u00fablicas para as Mulheres em Teresina - Portal Not\u00edcia em Pauta","isPartOf":{"@id":"https:\/\/noticiaempauta.com\/portal\/#website"},"primaryImageOfPage":{"@id":"https:\/\/noticiaempauta.com\/portal\/aroeiras-do-itaim-participa-da-6a-conferencia-estadual-de-politicas-publicas-para-as-mulheres-em-teresina\/#primaryimage"},"image":{"@id":"https:\/\/noticiaempauta.com\/portal\/aroeiras-do-itaim-participa-da-6a-conferencia-estadual-de-politicas-publicas-para-as-mulheres-em-teresina\/#primaryimage"},"thumbnailUrl":"https:\/\/noticiaempauta.com\/portal\/wp-content\/uploads\/2025\/08\/CIDADESWhatsApp-Image-2025-08-30-at-08.35.53.webp","datePublished":"2025-08-30T12:46:39+00:00","breadcrumb":{"@id":"https:\/\/noticiaempauta.com\/portal\/aroeiras-do-itaim-participa-da-6a-conferencia-estadual-de-politicas-publicas-para-as-mulheres-em-teresina\/#breadcrumb"},"inLanguage":"pt-BR","potentialAction":[{"@type":"ReadAction","target":["https:\/\/noticiaempauta.com\/portal\/aroeiras-do-itaim-participa-da-6a-conferencia-estadual-de-politicas-publicas-para-as-mulheres-em-teresina\/"]}]},{"@type":"ImageObject","inLanguage":"pt-BR","@id":"https:\/\/noticiaempauta.com\/portal\/aroeiras-do-itaim-participa-da-6a-conferencia-estadual-de-politicas-publicas-para-as-mulheres-em-teresina\/#primaryimage","url":"https:\/\/noticiaempauta.com\/portal\/wp-content\/uploads\/2025\/08\/CIDADESWhatsApp-Image-2025-08-30-at-08.35.53.webp","contentUrl":"https:\/\/noticiaempauta.com\/portal\/wp-content\/uploads\/2025\/08\/CIDADESWhatsApp-Image-2025-08-30-at-08.35.53.webp","width":1200,"height":912},{"@type":"BreadcrumbList","@id":"https:\/\/noticiaempauta.com\/portal\/aroeiras-do-itaim-participa-da-6a-conferencia-estadual-de-politicas-publicas-para-as-mulheres-em-teresina\/#breadcrumb","itemListElement":[{"@type":"ListItem","position":1,"name":"P\u00e1gina Inicial","item":"https:\/\/noticiaempauta.com\/portal\/"},{"@type":"ListItem","position":2,"name":"Geral","item":"https:\/\/noticiaempauta.com\/portal\/geral\/"},{"@type":"ListItem","position":3,"name":"Aroeiras do Itaim participa da 6\u00aa Confer\u00eancia Estadual de Pol\u00edticas P\u00fablicas para as Mulheres em Teresina"}]},{"@type":"WebSite","@id":"https:\/\/noticiaempauta.com\/portal\/#website","url":"https:\/\/noticiaempauta.com\/portal\/","name":"Portal Not\u00edcia em Pauta","description":"Voc\u00ea bem informado","publisher":{"@id":"https:\/\/noticiaempauta.com\/portal\/#organization"},"potentialAction":[{"@type":"SearchAction","target":{"@type":"EntryPoint","urlTemplate":"https:\/\/noticiaempauta.com\/portal\/?s={search_term_string}"},"query-input":{"@type":"PropertyValueSpecification","valueRequired":true,"valueName":"search_term_string"}}],"inLanguage":"pt-BR"},{"@type":"Organization","@id":"https:\/\/noticiaempauta.com\/portal\/#organization","name":"Portal Not\u00edcia em Pauta","url":"https:\/\/noticiaempauta.com\/portal\/","logo":{"@type":"ImageObject","inLanguage":"pt-BR","@id":"https:\/\/noticiaempauta.com\/portal\/#\/schema\/logo\/image\/","url":"https:\/\/noticiaempauta.com\/portal\/wp-content\/uploads\/2022\/08\/logomarca_tema.fw_.png","contentUrl":"https:\/\/noticiaempauta.com\/portal\/wp-content\/uploads\/2022\/08\/logomarca_tema.fw_.png","width":400,"height":232,"caption":"Portal Not\u00edcia em Pauta"},"image":{"@id":"https:\/\/noticiaempauta.com\/portal\/#\/schema\/logo\/image\/"},"sameAs":["https:\/\/www.facebook.com\/Portal-Notcia-Em-Pauta-102292869264820\/","https:\/\/www.instagram.com\/portalnoticiaempauta\/"]},{"@type":"Person","@id":"https:\/\/noticiaempauta.com\/portal\/#\/schema\/person\/a74af43dd1ab3deca45f988c717d57ac","name":"Reda\u00e7\u00e3o","image":{"@type":"ImageObject","inLanguage":"pt-BR","@id":"https:\/\/noticiaempauta.com\/portal\/#\/schema\/person\/image\/","url":"https:\/\/secure.gravatar.com\/avatar\/03179346ecce6cdfc13361603e8f54242a90e5cde8618fa23c5c00aa2b0aadf3?s=96&d=mm&r=g","contentUrl":"https:\/\/secure.gravatar.com\/avatar\/03179346ecce6cdfc13361603e8f54242a90e5cde8618fa23c5c00aa2b0aadf3?s=96&d=mm&r=g","caption":"Reda\u00e7\u00e3o"},"sameAs":["https:\/\/noticiaempauta.com\/portal\/"],"url":"https:\/\/noticiaempauta.com\/portal\/author\/fernando\/"}]}},"_links":{"self":[{"href":"https:\/\/noticiaempauta.com\/portal\/wp-json\/wp\/v2\/posts\/277425","targetHints":{"allow":["GET"]}}],"collection":[{"href":"https:\/\/noticiaempauta.com\/portal\/wp-json\/wp\/v2\/posts"}],"about":[{"href":"https:\/\/noticiaempauta.com\/portal\/wp-json\/wp\/v2\/types\/post"}],"author":[{"embeddable":true,"href":"https:\/\/noticiaempauta.com\/portal\/wp-json\/wp\/v2\/users\/2"}],"replies":[{"embeddable":true,"href":"https:\/\/noticiaempauta.com\/portal\/wp-json\/wp\/v2\/comments?post=277425"}],"version-history":[{"count":1,"href":"https:\/\/noticiaempauta.com\/portal\/wp-json\/wp\/v2\/posts\/277425\/revisions"}],"predecessor-version":[{"id":277431,"href":"https:\/\/noticiaempauta.com\/portal\/wp-json\/wp\/v2\/posts\/277425\/revisions\/277431"}],"wp:featuredmedia":[{"embeddable":true,"href":"https:\/\/noticiaempauta.com\/portal\/wp-json\/wp\/v2\/media\/277430"}],"wp:attachment":[{"href":"https:\/\/noticiaempauta.com\/portal\/wp-json\/wp\/v2\/media?parent=277425"}],"wp:term":[{"taxonomy":"category","embeddable":true,"href":"https:\/\/noticiaempauta.com\/portal\/wp-json\/wp\/v2\/categories?post=277425"},{"taxonomy":"post_tag","embeddable":true,"href":"https:\/\/noticiaempauta.com\/portal\/wp-json\/wp\/v2\/tags?post=277425"}],"curies":[{"name":"wp","href":"https:\/\/api.w.org\/{rel}","templated":true}]}}