{"id":277511,"date":"2025-09-03T06:20:07","date_gmt":"2025-09-03T09:20:07","guid":{"rendered":"https:\/\/noticiaempauta.com\/portal\/?p=277511"},"modified":"2025-09-03T06:20:08","modified_gmt":"2025-09-03T09:20:08","slug":"quadrilha-invade-casa-e-mata-adolescente-de-16-anos-na-zona-sudeste-de-teresina","status":"publish","type":"post","link":"https:\/\/noticiaempauta.com\/portal\/quadrilha-invade-casa-e-mata-adolescente-de-16-anos-na-zona-sudeste-de-teresina\/","title":{"rendered":"Quadrilha invade casa e mata adolescente de 16 anos na zona Sudeste de Teresina"},"content":{"rendered":"\n<p>Um\u00a0adolescente de apenas 16 anos\u00a0foi assassinado, na tarde desta ter\u00e7a-feira (2), com diversos tiros de arma de fogo dentro do pr\u00f3prio quarto, no bairro Parque Ideal, na Zona Sudeste de Teresina. A v\u00edtima foi identificada como\u00a0Wuylliame de Sousa Santos,\u00a0segundo informou o sargento Vera Cruz, do 8\u00ba Batalh\u00e3o de Pol\u00edcia Militar, ao\u00a0rep\u00f3rter Ivan Lima.<\/p>\n\n\n\n<figure class=\"wp-block-image size-full\"><img fetchpriority=\"high\" decoding=\"async\" width=\"785\" height=\"435\" src=\"https:\/\/noticiaempauta.com\/portal\/wp-content\/uploads\/2025\/09\/IMG_9952.webp\" alt=\"\" class=\"wp-image-277512\" srcset=\"https:\/\/noticiaempauta.com\/portal\/wp-content\/uploads\/2025\/09\/IMG_9952.webp 785w, https:\/\/noticiaempauta.com\/portal\/wp-content\/uploads\/2025\/09\/IMG_9952-300x166.webp 300w, https:\/\/noticiaempauta.com\/portal\/wp-content\/uploads\/2025\/09\/IMG_9952-768x426.webp 768w\" sizes=\"(max-width: 785px) 100vw, 785px\" \/><figcaption class=\"wp-element-caption\"><em>(Foto: Reprodu\u00e7\u00e3o)<\/em><\/figcaption><\/figure>\n\n\n\n<p>\u201cRapaz, a gente chegou no local e falou com uma pessoa da fam\u00edlia, disse que ele estava no quintal, dando banho na m\u00e3e dela e quando de repente eu ouvi o disparo, segundo ela me falou que ele tinha acabado de chegar de uma audi\u00eancia e estava almo\u00e7ando dentro do quarto. Esses caras chegaram, entraram e deram v\u00e1rios disparos nele\u201d , disse o sargento Vera Cruz.<\/p>\n\n\n\n<figure class=\"wp-block-image size-large\"><img decoding=\"async\" width=\"1024\" height=\"576\" src=\"https:\/\/noticiaempauta.com\/portal\/wp-content\/uploads\/2025\/09\/IMG_9953-1024x576.jpeg\" alt=\"\" class=\"wp-image-277513\" srcset=\"https:\/\/noticiaempauta.com\/portal\/wp-content\/uploads\/2025\/09\/IMG_9953-1024x576.jpeg 1024w, https:\/\/noticiaempauta.com\/portal\/wp-content\/uploads\/2025\/09\/IMG_9953-300x169.jpeg 300w, https:\/\/noticiaempauta.com\/portal\/wp-content\/uploads\/2025\/09\/IMG_9953-768x432.jpeg 768w, https:\/\/noticiaempauta.com\/portal\/wp-content\/uploads\/2025\/09\/IMG_9953-1536x864.jpeg 1536w, https:\/\/noticiaempauta.com\/portal\/wp-content\/uploads\/2025\/09\/IMG_9953.jpeg 1600w\" sizes=\"(max-width: 1024px) 100vw, 1024px\" \/><figcaption class=\"wp-element-caption\"><em>(Foto: Ivan Lima)<\/em><\/figcaption><\/figure>\n\n\n\n<p>Populares relataram aos policiais que quatro suspeitos chegaram em duas motocicletas na casa do adolescente.<\/p>\n\n\n\n<figure class=\"wp-block-image size-large\"><img decoding=\"async\" width=\"1024\" height=\"576\" src=\"https:\/\/noticiaempauta.com\/portal\/wp-content\/uploads\/2025\/09\/IMG_9954-1024x576.jpeg\" alt=\"\" class=\"wp-image-277514\" srcset=\"https:\/\/noticiaempauta.com\/portal\/wp-content\/uploads\/2025\/09\/IMG_9954-1024x576.jpeg 1024w, https:\/\/noticiaempauta.com\/portal\/wp-content\/uploads\/2025\/09\/IMG_9954-300x169.jpeg 300w, https:\/\/noticiaempauta.com\/portal\/wp-content\/uploads\/2025\/09\/IMG_9954-768x432.jpeg 768w, https:\/\/noticiaempauta.com\/portal\/wp-content\/uploads\/2025\/09\/IMG_9954-1536x864.jpeg 1536w, https:\/\/noticiaempauta.com\/portal\/wp-content\/uploads\/2025\/09\/IMG_9954.jpeg 1600w\" sizes=\"(max-width: 1024px) 100vw, 1024px\" \/><\/figure>\n\n\n\n<p>O\u00a0<strong><u>MeioNorte\u00a0<\/u><\/strong>apurou que\u00a0Willame de Sousa Santos chegou a amea\u00e7ar o Cabo Jairo, da Pol\u00edcia Militar do Piau\u00ed. O local foi isolado pelo 8\u00ba BPM. O Departamento de Homic\u00eddios e Prote\u00e7\u00e3o \u00e0 Pessoa (DHPP) ir\u00e1 investigar o caso, a fim de revelar a motiva\u00e7\u00e3o e identificar os envolvidos.\u00a0<br><\/p>\n\n\n\n<p><br><\/p>\n","protected":false},"excerpt":{"rendered":"<p>Um\u00a0adolescente de apenas 16 anos\u00a0foi assassinado, na tarde desta ter\u00e7a-feira (2), com diversos tiros de arma de fogo dentro do pr\u00f3prio quarto, no bairro Parque Ideal, na Zona Sudeste de Teresina. A v\u00edtima foi identificada como\u00a0Wuylliame de Sousa Santos,\u00a0segundo informou o sargento Vera Cruz, do 8\u00ba Batalh\u00e3o de Pol\u00edcia Militar, ao\u00a0rep\u00f3rter Ivan Lima. \u201cRapaz, a [&hellip;]<\/p>\n","protected":false},"author":2,"featured_media":277514,"comment_status":"open","ping_status":"open","sticky":false,"template":"","format":"standard","meta":{"_mi_skip_tracking":false,"footnotes":""},"categories":[25,1,137,16],"tags":[192],"class_list":["post-277511","post","type-post","status-publish","format-standard","has-post-thumbnail","hentry","category-destaques-site","category-geral","category-policia","category-todas","tag-destaqueprincipal"],"acf":[],"yoast_head":"<!-- This site is optimized with the Yoast SEO Premium plugin v19.2 (Yoast SEO v26.9) - https:\/\/yoast.com\/product\/yoast-seo-premium-wordpress\/ -->\n<title>Quadrilha invade casa e mata adolescente de 16 anos na zona Sudeste de Teresina - Portal Not\u00edcia em Pauta<\/title>\n<meta name=\"robots\" content=\"index, follow, max-snippet:-1, max-image-preview:large, max-video-preview:-1\" \/>\n<link rel=\"canonical\" href=\"https:\/\/noticiaempauta.com\/portal\/quadrilha-invade-casa-e-mata-adolescente-de-16-anos-na-zona-sudeste-de-teresina\/\" \/>\n<meta property=\"og:locale\" content=\"pt_BR\" \/>\n<meta property=\"og:type\" content=\"article\" \/>\n<meta property=\"og:title\" content=\"Quadrilha invade casa e mata adolescente de 16 anos na zona Sudeste de Teresina\" \/>\n<meta property=\"og:description\" content=\"Um\u00a0adolescente de apenas 16 anos\u00a0foi assassinado, na tarde desta ter\u00e7a-feira (2), com diversos tiros de arma de fogo dentro do pr\u00f3prio quarto, no bairro Parque Ideal, na Zona Sudeste de Teresina. A v\u00edtima foi identificada como\u00a0Wuylliame de Sousa Santos,\u00a0segundo informou o sargento Vera Cruz, do 8\u00ba Batalh\u00e3o de Pol\u00edcia Militar, ao\u00a0rep\u00f3rter Ivan Lima. \u201cRapaz, a [&hellip;]\" \/>\n<meta property=\"og:url\" content=\"https:\/\/noticiaempauta.com\/portal\/quadrilha-invade-casa-e-mata-adolescente-de-16-anos-na-zona-sudeste-de-teresina\/\" \/>\n<meta property=\"og:site_name\" content=\"Portal Not\u00edcia em Pauta\" \/>\n<meta property=\"article:publisher\" content=\"https:\/\/www.facebook.com\/Portal-Notcia-Em-Pauta-102292869264820\/\" \/>\n<meta property=\"article:published_time\" content=\"2025-09-03T09:20:07+00:00\" \/>\n<meta property=\"article:modified_time\" content=\"2025-09-03T09:20:08+00:00\" \/>\n<meta property=\"og:image\" content=\"https:\/\/noticiaempauta.com\/portal\/wp-content\/uploads\/2025\/09\/IMG_9954.jpeg\" \/>\n\t<meta property=\"og:image:width\" content=\"1600\" \/>\n\t<meta property=\"og:image:height\" content=\"900\" \/>\n\t<meta property=\"og:image:type\" content=\"image\/jpeg\" \/>\n<meta name=\"author\" content=\"Reda\u00e7\u00e3o\" \/>\n<meta name=\"twitter:card\" content=\"summary_large_image\" \/>\n<meta name=\"twitter:label1\" content=\"Escrito por\" \/>\n\t<meta name=\"twitter:data1\" content=\"Reda\u00e7\u00e3o\" \/>\n\t<meta name=\"twitter:label2\" content=\"Est. tempo de leitura\" \/>\n\t<meta name=\"twitter:data2\" content=\"2 minutos\" \/>\n<script type=\"application\/ld+json\" class=\"yoast-schema-graph\">{\"@context\":\"https:\/\/schema.org\",\"@graph\":[{\"@type\":\"Article\",\"@id\":\"https:\/\/noticiaempauta.com\/portal\/quadrilha-invade-casa-e-mata-adolescente-de-16-anos-na-zona-sudeste-de-teresina\/#article\",\"isPartOf\":{\"@id\":\"https:\/\/noticiaempauta.com\/portal\/quadrilha-invade-casa-e-mata-adolescente-de-16-anos-na-zona-sudeste-de-teresina\/\"},\"author\":{\"name\":\"Reda\u00e7\u00e3o\",\"@id\":\"https:\/\/noticiaempauta.com\/portal\/#\/schema\/person\/a74af43dd1ab3deca45f988c717d57ac\"},\"headline\":\"Quadrilha invade casa e mata adolescente de 16 anos na zona Sudeste de Teresina\",\"datePublished\":\"2025-09-03T09:20:07+00:00\",\"dateModified\":\"2025-09-03T09:20:08+00:00\",\"mainEntityOfPage\":{\"@id\":\"https:\/\/noticiaempauta.com\/portal\/quadrilha-invade-casa-e-mata-adolescente-de-16-anos-na-zona-sudeste-de-teresina\/\"},\"wordCount\":217,\"commentCount\":0,\"publisher\":{\"@id\":\"https:\/\/noticiaempauta.com\/portal\/#organization\"},\"image\":{\"@id\":\"https:\/\/noticiaempauta.com\/portal\/quadrilha-invade-casa-e-mata-adolescente-de-16-anos-na-zona-sudeste-de-teresina\/#primaryimage\"},\"thumbnailUrl\":\"https:\/\/noticiaempauta.com\/portal\/wp-content\/uploads\/2025\/09\/IMG_9954.jpeg\",\"keywords\":[\"destaqueprincipal\"],\"articleSection\":[\"Destaques\",\"Geral\",\"Pol\u00edcia\",\"Todas as Not\u00edcias\"],\"inLanguage\":\"pt-BR\",\"potentialAction\":[{\"@type\":\"CommentAction\",\"name\":\"Comment\",\"target\":[\"https:\/\/noticiaempauta.com\/portal\/quadrilha-invade-casa-e-mata-adolescente-de-16-anos-na-zona-sudeste-de-teresina\/#respond\"]}]},{\"@type\":\"WebPage\",\"@id\":\"https:\/\/noticiaempauta.com\/portal\/quadrilha-invade-casa-e-mata-adolescente-de-16-anos-na-zona-sudeste-de-teresina\/\",\"url\":\"https:\/\/noticiaempauta.com\/portal\/quadrilha-invade-casa-e-mata-adolescente-de-16-anos-na-zona-sudeste-de-teresina\/\",\"name\":\"Quadrilha invade casa e mata adolescente de 16 anos na zona Sudeste de Teresina - Portal Not\u00edcia em Pauta\",\"isPartOf\":{\"@id\":\"https:\/\/noticiaempauta.com\/portal\/#website\"},\"primaryImageOfPage\":{\"@id\":\"https:\/\/noticiaempauta.com\/portal\/quadrilha-invade-casa-e-mata-adolescente-de-16-anos-na-zona-sudeste-de-teresina\/#primaryimage\"},\"image\":{\"@id\":\"https:\/\/noticiaempauta.com\/portal\/quadrilha-invade-casa-e-mata-adolescente-de-16-anos-na-zona-sudeste-de-teresina\/#primaryimage\"},\"thumbnailUrl\":\"https:\/\/noticiaempauta.com\/portal\/wp-content\/uploads\/2025\/09\/IMG_9954.jpeg\",\"datePublished\":\"2025-09-03T09:20:07+00:00\",\"dateModified\":\"2025-09-03T09:20:08+00:00\",\"breadcrumb\":{\"@id\":\"https:\/\/noticiaempauta.com\/portal\/quadrilha-invade-casa-e-mata-adolescente-de-16-anos-na-zona-sudeste-de-teresina\/#breadcrumb\"},\"inLanguage\":\"pt-BR\",\"potentialAction\":[{\"@type\":\"ReadAction\",\"target\":[\"https:\/\/noticiaempauta.com\/portal\/quadrilha-invade-casa-e-mata-adolescente-de-16-anos-na-zona-sudeste-de-teresina\/\"]}]},{\"@type\":\"ImageObject\",\"inLanguage\":\"pt-BR\",\"@id\":\"https:\/\/noticiaempauta.com\/portal\/quadrilha-invade-casa-e-mata-adolescente-de-16-anos-na-zona-sudeste-de-teresina\/#primaryimage\",\"url\":\"https:\/\/noticiaempauta.com\/portal\/wp-content\/uploads\/2025\/09\/IMG_9954.jpeg\",\"contentUrl\":\"https:\/\/noticiaempauta.com\/portal\/wp-content\/uploads\/2025\/09\/IMG_9954.jpeg\",\"width\":1600,\"height\":900},{\"@type\":\"BreadcrumbList\",\"@id\":\"https:\/\/noticiaempauta.com\/portal\/quadrilha-invade-casa-e-mata-adolescente-de-16-anos-na-zona-sudeste-de-teresina\/#breadcrumb\",\"itemListElement\":[{\"@type\":\"ListItem\",\"position\":1,\"name\":\"P\u00e1gina Inicial\",\"item\":\"https:\/\/noticiaempauta.com\/portal\/\"},{\"@type\":\"ListItem\",\"position\":2,\"name\":\"Destaques\",\"item\":\"https:\/\/noticiaempauta.com\/portal\/destaques-site\/\"},{\"@type\":\"ListItem\",\"position\":3,\"name\":\"Quadrilha invade casa e mata adolescente de 16 anos na zona Sudeste de Teresina\"}]},{\"@type\":\"WebSite\",\"@id\":\"https:\/\/noticiaempauta.com\/portal\/#website\",\"url\":\"https:\/\/noticiaempauta.com\/portal\/\",\"name\":\"Portal Not\u00edcia em Pauta\",\"description\":\"Voc\u00ea bem informado\",\"publisher\":{\"@id\":\"https:\/\/noticiaempauta.com\/portal\/#organization\"},\"potentialAction\":[{\"@type\":\"SearchAction\",\"target\":{\"@type\":\"EntryPoint\",\"urlTemplate\":\"https:\/\/noticiaempauta.com\/portal\/?s={search_term_string}\"},\"query-input\":{\"@type\":\"PropertyValueSpecification\",\"valueRequired\":true,\"valueName\":\"search_term_string\"}}],\"inLanguage\":\"pt-BR\"},{\"@type\":\"Organization\",\"@id\":\"https:\/\/noticiaempauta.com\/portal\/#organization\",\"name\":\"Portal Not\u00edcia em Pauta\",\"url\":\"https:\/\/noticiaempauta.com\/portal\/\",\"logo\":{\"@type\":\"ImageObject\",\"inLanguage\":\"pt-BR\",\"@id\":\"https:\/\/noticiaempauta.com\/portal\/#\/schema\/logo\/image\/\",\"url\":\"https:\/\/noticiaempauta.com\/portal\/wp-content\/uploads\/2022\/08\/logomarca_tema.fw_.png\",\"contentUrl\":\"https:\/\/noticiaempauta.com\/portal\/wp-content\/uploads\/2022\/08\/logomarca_tema.fw_.png\",\"width\":400,\"height\":232,\"caption\":\"Portal Not\u00edcia em Pauta\"},\"image\":{\"@id\":\"https:\/\/noticiaempauta.com\/portal\/#\/schema\/logo\/image\/\"},\"sameAs\":[\"https:\/\/www.facebook.com\/Portal-Notcia-Em-Pauta-102292869264820\/\",\"https:\/\/www.instagram.com\/portalnoticiaempauta\/\"]},{\"@type\":\"Person\",\"@id\":\"https:\/\/noticiaempauta.com\/portal\/#\/schema\/person\/a74af43dd1ab3deca45f988c717d57ac\",\"name\":\"Reda\u00e7\u00e3o\",\"image\":{\"@type\":\"ImageObject\",\"inLanguage\":\"pt-BR\",\"@id\":\"https:\/\/noticiaempauta.com\/portal\/#\/schema\/person\/image\/\",\"url\":\"https:\/\/secure.gravatar.com\/avatar\/03179346ecce6cdfc13361603e8f54242a90e5cde8618fa23c5c00aa2b0aadf3?s=96&d=mm&r=g\",\"contentUrl\":\"https:\/\/secure.gravatar.com\/avatar\/03179346ecce6cdfc13361603e8f54242a90e5cde8618fa23c5c00aa2b0aadf3?s=96&d=mm&r=g\",\"caption\":\"Reda\u00e7\u00e3o\"},\"sameAs\":[\"https:\/\/noticiaempauta.com\/portal\/\"],\"url\":\"https:\/\/noticiaempauta.com\/portal\/author\/fernando\/\"}]}<\/script>\n<!-- \/ Yoast SEO Premium plugin. -->","yoast_head_json":{"title":"Quadrilha invade casa e mata adolescente de 16 anos na zona Sudeste de Teresina - Portal Not\u00edcia em Pauta","robots":{"index":"index","follow":"follow","max-snippet":"max-snippet:-1","max-image-preview":"max-image-preview:large","max-video-preview":"max-video-preview:-1"},"canonical":"https:\/\/noticiaempauta.com\/portal\/quadrilha-invade-casa-e-mata-adolescente-de-16-anos-na-zona-sudeste-de-teresina\/","og_locale":"pt_BR","og_type":"article","og_title":"Quadrilha invade casa e mata adolescente de 16 anos na zona Sudeste de Teresina","og_description":"Um\u00a0adolescente de apenas 16 anos\u00a0foi assassinado, na tarde desta ter\u00e7a-feira (2), com diversos tiros de arma de fogo dentro do pr\u00f3prio quarto, no bairro Parque Ideal, na Zona Sudeste de Teresina. A v\u00edtima foi identificada como\u00a0Wuylliame de Sousa Santos,\u00a0segundo informou o sargento Vera Cruz, do 8\u00ba Batalh\u00e3o de Pol\u00edcia Militar, ao\u00a0rep\u00f3rter Ivan Lima. \u201cRapaz, a [&hellip;]","og_url":"https:\/\/noticiaempauta.com\/portal\/quadrilha-invade-casa-e-mata-adolescente-de-16-anos-na-zona-sudeste-de-teresina\/","og_site_name":"Portal Not\u00edcia em Pauta","article_publisher":"https:\/\/www.facebook.com\/Portal-Notcia-Em-Pauta-102292869264820\/","article_published_time":"2025-09-03T09:20:07+00:00","article_modified_time":"2025-09-03T09:20:08+00:00","og_image":[{"width":1600,"height":900,"url":"https:\/\/noticiaempauta.com\/portal\/wp-content\/uploads\/2025\/09\/IMG_9954.jpeg","type":"image\/jpeg"}],"author":"Reda\u00e7\u00e3o","twitter_card":"summary_large_image","twitter_misc":{"Escrito por":"Reda\u00e7\u00e3o","Est. tempo de leitura":"2 minutos"},"schema":{"@context":"https:\/\/schema.org","@graph":[{"@type":"Article","@id":"https:\/\/noticiaempauta.com\/portal\/quadrilha-invade-casa-e-mata-adolescente-de-16-anos-na-zona-sudeste-de-teresina\/#article","isPartOf":{"@id":"https:\/\/noticiaempauta.com\/portal\/quadrilha-invade-casa-e-mata-adolescente-de-16-anos-na-zona-sudeste-de-teresina\/"},"author":{"name":"Reda\u00e7\u00e3o","@id":"https:\/\/noticiaempauta.com\/portal\/#\/schema\/person\/a74af43dd1ab3deca45f988c717d57ac"},"headline":"Quadrilha invade casa e mata adolescente de 16 anos na zona Sudeste de Teresina","datePublished":"2025-09-03T09:20:07+00:00","dateModified":"2025-09-03T09:20:08+00:00","mainEntityOfPage":{"@id":"https:\/\/noticiaempauta.com\/portal\/quadrilha-invade-casa-e-mata-adolescente-de-16-anos-na-zona-sudeste-de-teresina\/"},"wordCount":217,"commentCount":0,"publisher":{"@id":"https:\/\/noticiaempauta.com\/portal\/#organization"},"image":{"@id":"https:\/\/noticiaempauta.com\/portal\/quadrilha-invade-casa-e-mata-adolescente-de-16-anos-na-zona-sudeste-de-teresina\/#primaryimage"},"thumbnailUrl":"https:\/\/noticiaempauta.com\/portal\/wp-content\/uploads\/2025\/09\/IMG_9954.jpeg","keywords":["destaqueprincipal"],"articleSection":["Destaques","Geral","Pol\u00edcia","Todas as Not\u00edcias"],"inLanguage":"pt-BR","potentialAction":[{"@type":"CommentAction","name":"Comment","target":["https:\/\/noticiaempauta.com\/portal\/quadrilha-invade-casa-e-mata-adolescente-de-16-anos-na-zona-sudeste-de-teresina\/#respond"]}]},{"@type":"WebPage","@id":"https:\/\/noticiaempauta.com\/portal\/quadrilha-invade-casa-e-mata-adolescente-de-16-anos-na-zona-sudeste-de-teresina\/","url":"https:\/\/noticiaempauta.com\/portal\/quadrilha-invade-casa-e-mata-adolescente-de-16-anos-na-zona-sudeste-de-teresina\/","name":"Quadrilha invade casa e mata adolescente de 16 anos na zona Sudeste de Teresina - Portal Not\u00edcia em Pauta","isPartOf":{"@id":"https:\/\/noticiaempauta.com\/portal\/#website"},"primaryImageOfPage":{"@id":"https:\/\/noticiaempauta.com\/portal\/quadrilha-invade-casa-e-mata-adolescente-de-16-anos-na-zona-sudeste-de-teresina\/#primaryimage"},"image":{"@id":"https:\/\/noticiaempauta.com\/portal\/quadrilha-invade-casa-e-mata-adolescente-de-16-anos-na-zona-sudeste-de-teresina\/#primaryimage"},"thumbnailUrl":"https:\/\/noticiaempauta.com\/portal\/wp-content\/uploads\/2025\/09\/IMG_9954.jpeg","datePublished":"2025-09-03T09:20:07+00:00","dateModified":"2025-09-03T09:20:08+00:00","breadcrumb":{"@id":"https:\/\/noticiaempauta.com\/portal\/quadrilha-invade-casa-e-mata-adolescente-de-16-anos-na-zona-sudeste-de-teresina\/#breadcrumb"},"inLanguage":"pt-BR","potentialAction":[{"@type":"ReadAction","target":["https:\/\/noticiaempauta.com\/portal\/quadrilha-invade-casa-e-mata-adolescente-de-16-anos-na-zona-sudeste-de-teresina\/"]}]},{"@type":"ImageObject","inLanguage":"pt-BR","@id":"https:\/\/noticiaempauta.com\/portal\/quadrilha-invade-casa-e-mata-adolescente-de-16-anos-na-zona-sudeste-de-teresina\/#primaryimage","url":"https:\/\/noticiaempauta.com\/portal\/wp-content\/uploads\/2025\/09\/IMG_9954.jpeg","contentUrl":"https:\/\/noticiaempauta.com\/portal\/wp-content\/uploads\/2025\/09\/IMG_9954.jpeg","width":1600,"height":900},{"@type":"BreadcrumbList","@id":"https:\/\/noticiaempauta.com\/portal\/quadrilha-invade-casa-e-mata-adolescente-de-16-anos-na-zona-sudeste-de-teresina\/#breadcrumb","itemListElement":[{"@type":"ListItem","position":1,"name":"P\u00e1gina Inicial","item":"https:\/\/noticiaempauta.com\/portal\/"},{"@type":"ListItem","position":2,"name":"Destaques","item":"https:\/\/noticiaempauta.com\/portal\/destaques-site\/"},{"@type":"ListItem","position":3,"name":"Quadrilha invade casa e mata adolescente de 16 anos na zona Sudeste de Teresina"}]},{"@type":"WebSite","@id":"https:\/\/noticiaempauta.com\/portal\/#website","url":"https:\/\/noticiaempauta.com\/portal\/","name":"Portal Not\u00edcia em Pauta","description":"Voc\u00ea bem informado","publisher":{"@id":"https:\/\/noticiaempauta.com\/portal\/#organization"},"potentialAction":[{"@type":"SearchAction","target":{"@type":"EntryPoint","urlTemplate":"https:\/\/noticiaempauta.com\/portal\/?s={search_term_string}"},"query-input":{"@type":"PropertyValueSpecification","valueRequired":true,"valueName":"search_term_string"}}],"inLanguage":"pt-BR"},{"@type":"Organization","@id":"https:\/\/noticiaempauta.com\/portal\/#organization","name":"Portal Not\u00edcia em Pauta","url":"https:\/\/noticiaempauta.com\/portal\/","logo":{"@type":"ImageObject","inLanguage":"pt-BR","@id":"https:\/\/noticiaempauta.com\/portal\/#\/schema\/logo\/image\/","url":"https:\/\/noticiaempauta.com\/portal\/wp-content\/uploads\/2022\/08\/logomarca_tema.fw_.png","contentUrl":"https:\/\/noticiaempauta.com\/portal\/wp-content\/uploads\/2022\/08\/logomarca_tema.fw_.png","width":400,"height":232,"caption":"Portal Not\u00edcia em Pauta"},"image":{"@id":"https:\/\/noticiaempauta.com\/portal\/#\/schema\/logo\/image\/"},"sameAs":["https:\/\/www.facebook.com\/Portal-Notcia-Em-Pauta-102292869264820\/","https:\/\/www.instagram.com\/portalnoticiaempauta\/"]},{"@type":"Person","@id":"https:\/\/noticiaempauta.com\/portal\/#\/schema\/person\/a74af43dd1ab3deca45f988c717d57ac","name":"Reda\u00e7\u00e3o","image":{"@type":"ImageObject","inLanguage":"pt-BR","@id":"https:\/\/noticiaempauta.com\/portal\/#\/schema\/person\/image\/","url":"https:\/\/secure.gravatar.com\/avatar\/03179346ecce6cdfc13361603e8f54242a90e5cde8618fa23c5c00aa2b0aadf3?s=96&d=mm&r=g","contentUrl":"https:\/\/secure.gravatar.com\/avatar\/03179346ecce6cdfc13361603e8f54242a90e5cde8618fa23c5c00aa2b0aadf3?s=96&d=mm&r=g","caption":"Reda\u00e7\u00e3o"},"sameAs":["https:\/\/noticiaempauta.com\/portal\/"],"url":"https:\/\/noticiaempauta.com\/portal\/author\/fernando\/"}]}},"_links":{"self":[{"href":"https:\/\/noticiaempauta.com\/portal\/wp-json\/wp\/v2\/posts\/277511","targetHints":{"allow":["GET"]}}],"collection":[{"href":"https:\/\/noticiaempauta.com\/portal\/wp-json\/wp\/v2\/posts"}],"about":[{"href":"https:\/\/noticiaempauta.com\/portal\/wp-json\/wp\/v2\/types\/post"}],"author":[{"embeddable":true,"href":"https:\/\/noticiaempauta.com\/portal\/wp-json\/wp\/v2\/users\/2"}],"replies":[{"embeddable":true,"href":"https:\/\/noticiaempauta.com\/portal\/wp-json\/wp\/v2\/comments?post=277511"}],"version-history":[{"count":2,"href":"https:\/\/noticiaempauta.com\/portal\/wp-json\/wp\/v2\/posts\/277511\/revisions"}],"predecessor-version":[{"id":277516,"href":"https:\/\/noticiaempauta.com\/portal\/wp-json\/wp\/v2\/posts\/277511\/revisions\/277516"}],"wp:featuredmedia":[{"embeddable":true,"href":"https:\/\/noticiaempauta.com\/portal\/wp-json\/wp\/v2\/media\/277514"}],"wp:attachment":[{"href":"https:\/\/noticiaempauta.com\/portal\/wp-json\/wp\/v2\/media?parent=277511"}],"wp:term":[{"taxonomy":"category","embeddable":true,"href":"https:\/\/noticiaempauta.com\/portal\/wp-json\/wp\/v2\/categories?post=277511"},{"taxonomy":"post_tag","embeddable":true,"href":"https:\/\/noticiaempauta.com\/portal\/wp-json\/wp\/v2\/tags?post=277511"}],"curies":[{"name":"wp","href":"https:\/\/api.w.org\/{rel}","templated":true}]}}