{"id":277517,"date":"2025-09-03T06:27:58","date_gmt":"2025-09-03T09:27:58","guid":{"rendered":"https:\/\/noticiaempauta.com\/portal\/?p=277517"},"modified":"2025-09-03T06:27:59","modified_gmt":"2025-09-03T09:27:59","slug":"uniao-brasil-e-pp-oficializam-saida-do-governo-lula","status":"publish","type":"post","link":"https:\/\/noticiaempauta.com\/portal\/uniao-brasil-e-pp-oficializam-saida-do-governo-lula\/","title":{"rendered":"Uni\u00e3o Brasil e PP oficializam sa\u00edda do governo Lula"},"content":{"rendered":"\n<p>A Federa\u00e7\u00e3o Uni\u00e3o Progressista, formada pelos partidos Uni\u00e3o Brasil e Progressistas (PP), oficializou nesta ter\u00e7a-feira (2), a sa\u00edda do governo do Lula.<\/p>\n\n\n\n<figure class=\"wp-block-image size-full\"><img fetchpriority=\"high\" decoding=\"async\" width=\"790\" height=\"500\" src=\"https:\/\/noticiaempauta.com\/portal\/wp-content\/uploads\/2025\/09\/IMG_9965.jpeg\" alt=\"\" class=\"wp-image-277518\" srcset=\"https:\/\/noticiaempauta.com\/portal\/wp-content\/uploads\/2025\/09\/IMG_9965.jpeg 790w, https:\/\/noticiaempauta.com\/portal\/wp-content\/uploads\/2025\/09\/IMG_9965-300x190.jpeg 300w, https:\/\/noticiaempauta.com\/portal\/wp-content\/uploads\/2025\/09\/IMG_9965-768x486.jpeg 768w\" sizes=\"(max-width: 790px) 100vw, 790px\" \/><figcaption class=\"wp-element-caption\"><em>(Foto: Reprodu\u00e7\u00e3o)<\/em><\/figcaption><\/figure>\n\n\n\n<p>Em nota, a federa\u00e7\u00e3o determinou que todos os filiados que ocupam cargos no governo federal devem entregar suas fun\u00e7\u00f5es.<\/p>\n\n\n\n<p>A decis\u00e3o prev\u00ea san\u00e7\u00f5es para quem descumprir a determina\u00e7\u00e3o. \u201cEm caso de descumprimento desta determina\u00e7\u00e3o, se dirigentes desta federa\u00e7\u00e3o em seus estados, haver\u00e1 o afastamento em ato cont\u00ednuo. Se a perman\u00eancia persistir, ser\u00e3o adotadas as puni\u00e7\u00f5es disciplinares previstas no estatuto\u201d, diz o comunicado.<\/p>\n\n\n\n<p>Segundo a federa\u00e7\u00e3o, a medida \u201crepresenta um gesto de clareza e de coer\u00eancia. \u00c9 isso que o povo brasileiro e os eleitores exigem de seus representantes\u201d.<\/p>\n\n\n\n<p>O movimento afeta diretamente os ministros Celso Sabino (Turismo), do Uni\u00e3o Brasil, e Andr\u00e9 Fufuca (Esportes), do Progressistas.<\/p>\n\n\n\n<p>A movimenta\u00e7\u00e3o acontece em meio ao julgamento do ex-presidente Jair Bolsonaro (PL) no Supremo Tribunal Federal (STF) e em um momento de press\u00e3o do presidente Lula sobre os aliados.<\/p>\n\n\n\n<p>Desafio do governo<br>Nos bastidores, inclusive na \u00faltima reuni\u00e3o ministerial, Lula vinha cobrando maior fidelidade do Uni\u00e3o Brasil e do PP, especialmente em vota\u00e7\u00f5es no Congresso e em atos p\u00fablicos em que os partidos optaram por n\u00e3o se contrapor \u00e0 oposi\u00e7\u00e3o.<\/p>\n\n\n\n<p>Com o desembarque, o Pal\u00e1cio do Planalto ter\u00e1 de redesenhar a Esplanada e negociar novos apoios para recompor a base.<\/p>\n\n\n\n<p>A sa\u00edda de duas pastas da Esplanada exp\u00f5e um desafio adicional para Lula: reorganizar espa\u00e7os de poder de modo a preservar a governabilidade sem abrir m\u00e3o da articula\u00e7\u00e3o com partidos que ainda se mant\u00eam pr\u00f3ximos ao governo.<\/p>\n\n\n\n<p>Fonte: SBT News<\/p>\n","protected":false},"excerpt":{"rendered":"<p>A Federa\u00e7\u00e3o Uni\u00e3o Progressista, formada pelos partidos Uni\u00e3o Brasil e Progressistas (PP), oficializou nesta ter\u00e7a-feira (2), a sa\u00edda do governo do Lula. Em nota, a federa\u00e7\u00e3o determinou que todos os filiados que ocupam cargos no governo federal devem entregar suas fun\u00e7\u00f5es. A decis\u00e3o prev\u00ea san\u00e7\u00f5es para quem descumprir a determina\u00e7\u00e3o. \u201cEm caso de descumprimento desta [&hellip;]<\/p>\n","protected":false},"author":2,"featured_media":277518,"comment_status":"open","ping_status":"open","sticky":false,"template":"","format":"standard","meta":{"_mi_skip_tracking":false,"footnotes":""},"categories":[25,1,3,16],"tags":[192],"class_list":["post-277517","post","type-post","status-publish","format-standard","has-post-thumbnail","hentry","category-destaques-site","category-geral","category-politica","category-todas","tag-destaqueprincipal"],"acf":[],"yoast_head":"<!-- This site is optimized with the Yoast SEO Premium plugin v19.2 (Yoast SEO v26.9) - https:\/\/yoast.com\/product\/yoast-seo-premium-wordpress\/ -->\n<title>Uni\u00e3o Brasil e PP oficializam sa\u00edda do governo Lula - Portal Not\u00edcia em Pauta<\/title>\n<meta name=\"robots\" content=\"index, follow, max-snippet:-1, max-image-preview:large, max-video-preview:-1\" \/>\n<link rel=\"canonical\" href=\"https:\/\/noticiaempauta.com\/portal\/uniao-brasil-e-pp-oficializam-saida-do-governo-lula\/\" \/>\n<meta property=\"og:locale\" content=\"pt_BR\" \/>\n<meta property=\"og:type\" content=\"article\" \/>\n<meta property=\"og:title\" content=\"Uni\u00e3o Brasil e PP oficializam sa\u00edda do governo Lula\" \/>\n<meta property=\"og:description\" content=\"A Federa\u00e7\u00e3o Uni\u00e3o Progressista, formada pelos partidos Uni\u00e3o Brasil e Progressistas (PP), oficializou nesta ter\u00e7a-feira (2), a sa\u00edda do governo do Lula. Em nota, a federa\u00e7\u00e3o determinou que todos os filiados que ocupam cargos no governo federal devem entregar suas fun\u00e7\u00f5es. A decis\u00e3o prev\u00ea san\u00e7\u00f5es para quem descumprir a determina\u00e7\u00e3o. \u201cEm caso de descumprimento desta [&hellip;]\" \/>\n<meta property=\"og:url\" content=\"https:\/\/noticiaempauta.com\/portal\/uniao-brasil-e-pp-oficializam-saida-do-governo-lula\/\" \/>\n<meta property=\"og:site_name\" content=\"Portal Not\u00edcia em Pauta\" \/>\n<meta property=\"article:publisher\" content=\"https:\/\/www.facebook.com\/Portal-Notcia-Em-Pauta-102292869264820\/\" \/>\n<meta property=\"article:published_time\" content=\"2025-09-03T09:27:58+00:00\" \/>\n<meta property=\"article:modified_time\" content=\"2025-09-03T09:27:59+00:00\" \/>\n<meta property=\"og:image\" content=\"https:\/\/noticiaempauta.com\/portal\/wp-content\/uploads\/2025\/09\/IMG_9965.jpeg\" \/>\n\t<meta property=\"og:image:width\" content=\"790\" \/>\n\t<meta property=\"og:image:height\" content=\"500\" \/>\n\t<meta property=\"og:image:type\" content=\"image\/jpeg\" \/>\n<meta name=\"author\" content=\"Reda\u00e7\u00e3o\" \/>\n<meta name=\"twitter:card\" content=\"summary_large_image\" \/>\n<meta name=\"twitter:label1\" content=\"Escrito por\" \/>\n\t<meta name=\"twitter:data1\" content=\"Reda\u00e7\u00e3o\" \/>\n\t<meta name=\"twitter:label2\" content=\"Est. tempo de leitura\" \/>\n\t<meta name=\"twitter:data2\" content=\"2 minutos\" \/>\n<script type=\"application\/ld+json\" class=\"yoast-schema-graph\">{\"@context\":\"https:\/\/schema.org\",\"@graph\":[{\"@type\":\"Article\",\"@id\":\"https:\/\/noticiaempauta.com\/portal\/uniao-brasil-e-pp-oficializam-saida-do-governo-lula\/#article\",\"isPartOf\":{\"@id\":\"https:\/\/noticiaempauta.com\/portal\/uniao-brasil-e-pp-oficializam-saida-do-governo-lula\/\"},\"author\":{\"name\":\"Reda\u00e7\u00e3o\",\"@id\":\"https:\/\/noticiaempauta.com\/portal\/#\/schema\/person\/a74af43dd1ab3deca45f988c717d57ac\"},\"headline\":\"Uni\u00e3o Brasil e PP oficializam sa\u00edda do governo Lula\",\"datePublished\":\"2025-09-03T09:27:58+00:00\",\"dateModified\":\"2025-09-03T09:27:59+00:00\",\"mainEntityOfPage\":{\"@id\":\"https:\/\/noticiaempauta.com\/portal\/uniao-brasil-e-pp-oficializam-saida-do-governo-lula\/\"},\"wordCount\":303,\"commentCount\":0,\"publisher\":{\"@id\":\"https:\/\/noticiaempauta.com\/portal\/#organization\"},\"image\":{\"@id\":\"https:\/\/noticiaempauta.com\/portal\/uniao-brasil-e-pp-oficializam-saida-do-governo-lula\/#primaryimage\"},\"thumbnailUrl\":\"https:\/\/noticiaempauta.com\/portal\/wp-content\/uploads\/2025\/09\/IMG_9965.jpeg\",\"keywords\":[\"destaqueprincipal\"],\"articleSection\":[\"Destaques\",\"Geral\",\"Pol\u00edtica\",\"Todas as Not\u00edcias\"],\"inLanguage\":\"pt-BR\",\"potentialAction\":[{\"@type\":\"CommentAction\",\"name\":\"Comment\",\"target\":[\"https:\/\/noticiaempauta.com\/portal\/uniao-brasil-e-pp-oficializam-saida-do-governo-lula\/#respond\"]}]},{\"@type\":\"WebPage\",\"@id\":\"https:\/\/noticiaempauta.com\/portal\/uniao-brasil-e-pp-oficializam-saida-do-governo-lula\/\",\"url\":\"https:\/\/noticiaempauta.com\/portal\/uniao-brasil-e-pp-oficializam-saida-do-governo-lula\/\",\"name\":\"Uni\u00e3o Brasil e PP oficializam sa\u00edda do governo Lula - Portal Not\u00edcia em Pauta\",\"isPartOf\":{\"@id\":\"https:\/\/noticiaempauta.com\/portal\/#website\"},\"primaryImageOfPage\":{\"@id\":\"https:\/\/noticiaempauta.com\/portal\/uniao-brasil-e-pp-oficializam-saida-do-governo-lula\/#primaryimage\"},\"image\":{\"@id\":\"https:\/\/noticiaempauta.com\/portal\/uniao-brasil-e-pp-oficializam-saida-do-governo-lula\/#primaryimage\"},\"thumbnailUrl\":\"https:\/\/noticiaempauta.com\/portal\/wp-content\/uploads\/2025\/09\/IMG_9965.jpeg\",\"datePublished\":\"2025-09-03T09:27:58+00:00\",\"dateModified\":\"2025-09-03T09:27:59+00:00\",\"breadcrumb\":{\"@id\":\"https:\/\/noticiaempauta.com\/portal\/uniao-brasil-e-pp-oficializam-saida-do-governo-lula\/#breadcrumb\"},\"inLanguage\":\"pt-BR\",\"potentialAction\":[{\"@type\":\"ReadAction\",\"target\":[\"https:\/\/noticiaempauta.com\/portal\/uniao-brasil-e-pp-oficializam-saida-do-governo-lula\/\"]}]},{\"@type\":\"ImageObject\",\"inLanguage\":\"pt-BR\",\"@id\":\"https:\/\/noticiaempauta.com\/portal\/uniao-brasil-e-pp-oficializam-saida-do-governo-lula\/#primaryimage\",\"url\":\"https:\/\/noticiaempauta.com\/portal\/wp-content\/uploads\/2025\/09\/IMG_9965.jpeg\",\"contentUrl\":\"https:\/\/noticiaempauta.com\/portal\/wp-content\/uploads\/2025\/09\/IMG_9965.jpeg\",\"width\":790,\"height\":500},{\"@type\":\"BreadcrumbList\",\"@id\":\"https:\/\/noticiaempauta.com\/portal\/uniao-brasil-e-pp-oficializam-saida-do-governo-lula\/#breadcrumb\",\"itemListElement\":[{\"@type\":\"ListItem\",\"position\":1,\"name\":\"P\u00e1gina Inicial\",\"item\":\"https:\/\/noticiaempauta.com\/portal\/\"},{\"@type\":\"ListItem\",\"position\":2,\"name\":\"Geral\",\"item\":\"https:\/\/noticiaempauta.com\/portal\/geral\/\"},{\"@type\":\"ListItem\",\"position\":3,\"name\":\"Uni\u00e3o Brasil e PP oficializam sa\u00edda do governo Lula\"}]},{\"@type\":\"WebSite\",\"@id\":\"https:\/\/noticiaempauta.com\/portal\/#website\",\"url\":\"https:\/\/noticiaempauta.com\/portal\/\",\"name\":\"Portal Not\u00edcia em Pauta\",\"description\":\"Voc\u00ea bem informado\",\"publisher\":{\"@id\":\"https:\/\/noticiaempauta.com\/portal\/#organization\"},\"potentialAction\":[{\"@type\":\"SearchAction\",\"target\":{\"@type\":\"EntryPoint\",\"urlTemplate\":\"https:\/\/noticiaempauta.com\/portal\/?s={search_term_string}\"},\"query-input\":{\"@type\":\"PropertyValueSpecification\",\"valueRequired\":true,\"valueName\":\"search_term_string\"}}],\"inLanguage\":\"pt-BR\"},{\"@type\":\"Organization\",\"@id\":\"https:\/\/noticiaempauta.com\/portal\/#organization\",\"name\":\"Portal Not\u00edcia em Pauta\",\"url\":\"https:\/\/noticiaempauta.com\/portal\/\",\"logo\":{\"@type\":\"ImageObject\",\"inLanguage\":\"pt-BR\",\"@id\":\"https:\/\/noticiaempauta.com\/portal\/#\/schema\/logo\/image\/\",\"url\":\"https:\/\/noticiaempauta.com\/portal\/wp-content\/uploads\/2022\/08\/logomarca_tema.fw_.png\",\"contentUrl\":\"https:\/\/noticiaempauta.com\/portal\/wp-content\/uploads\/2022\/08\/logomarca_tema.fw_.png\",\"width\":400,\"height\":232,\"caption\":\"Portal Not\u00edcia em Pauta\"},\"image\":{\"@id\":\"https:\/\/noticiaempauta.com\/portal\/#\/schema\/logo\/image\/\"},\"sameAs\":[\"https:\/\/www.facebook.com\/Portal-Notcia-Em-Pauta-102292869264820\/\",\"https:\/\/www.instagram.com\/portalnoticiaempauta\/\"]},{\"@type\":\"Person\",\"@id\":\"https:\/\/noticiaempauta.com\/portal\/#\/schema\/person\/a74af43dd1ab3deca45f988c717d57ac\",\"name\":\"Reda\u00e7\u00e3o\",\"image\":{\"@type\":\"ImageObject\",\"inLanguage\":\"pt-BR\",\"@id\":\"https:\/\/noticiaempauta.com\/portal\/#\/schema\/person\/image\/\",\"url\":\"https:\/\/secure.gravatar.com\/avatar\/03179346ecce6cdfc13361603e8f54242a90e5cde8618fa23c5c00aa2b0aadf3?s=96&d=mm&r=g\",\"contentUrl\":\"https:\/\/secure.gravatar.com\/avatar\/03179346ecce6cdfc13361603e8f54242a90e5cde8618fa23c5c00aa2b0aadf3?s=96&d=mm&r=g\",\"caption\":\"Reda\u00e7\u00e3o\"},\"sameAs\":[\"https:\/\/noticiaempauta.com\/portal\/\"],\"url\":\"https:\/\/noticiaempauta.com\/portal\/author\/fernando\/\"}]}<\/script>\n<!-- \/ Yoast SEO Premium plugin. -->","yoast_head_json":{"title":"Uni\u00e3o Brasil e PP oficializam sa\u00edda do governo Lula - Portal Not\u00edcia em Pauta","robots":{"index":"index","follow":"follow","max-snippet":"max-snippet:-1","max-image-preview":"max-image-preview:large","max-video-preview":"max-video-preview:-1"},"canonical":"https:\/\/noticiaempauta.com\/portal\/uniao-brasil-e-pp-oficializam-saida-do-governo-lula\/","og_locale":"pt_BR","og_type":"article","og_title":"Uni\u00e3o Brasil e PP oficializam sa\u00edda do governo Lula","og_description":"A Federa\u00e7\u00e3o Uni\u00e3o Progressista, formada pelos partidos Uni\u00e3o Brasil e Progressistas (PP), oficializou nesta ter\u00e7a-feira (2), a sa\u00edda do governo do Lula. Em nota, a federa\u00e7\u00e3o determinou que todos os filiados que ocupam cargos no governo federal devem entregar suas fun\u00e7\u00f5es. A decis\u00e3o prev\u00ea san\u00e7\u00f5es para quem descumprir a determina\u00e7\u00e3o. \u201cEm caso de descumprimento desta [&hellip;]","og_url":"https:\/\/noticiaempauta.com\/portal\/uniao-brasil-e-pp-oficializam-saida-do-governo-lula\/","og_site_name":"Portal Not\u00edcia em Pauta","article_publisher":"https:\/\/www.facebook.com\/Portal-Notcia-Em-Pauta-102292869264820\/","article_published_time":"2025-09-03T09:27:58+00:00","article_modified_time":"2025-09-03T09:27:59+00:00","og_image":[{"width":790,"height":500,"url":"https:\/\/noticiaempauta.com\/portal\/wp-content\/uploads\/2025\/09\/IMG_9965.jpeg","type":"image\/jpeg"}],"author":"Reda\u00e7\u00e3o","twitter_card":"summary_large_image","twitter_misc":{"Escrito por":"Reda\u00e7\u00e3o","Est. tempo de leitura":"2 minutos"},"schema":{"@context":"https:\/\/schema.org","@graph":[{"@type":"Article","@id":"https:\/\/noticiaempauta.com\/portal\/uniao-brasil-e-pp-oficializam-saida-do-governo-lula\/#article","isPartOf":{"@id":"https:\/\/noticiaempauta.com\/portal\/uniao-brasil-e-pp-oficializam-saida-do-governo-lula\/"},"author":{"name":"Reda\u00e7\u00e3o","@id":"https:\/\/noticiaempauta.com\/portal\/#\/schema\/person\/a74af43dd1ab3deca45f988c717d57ac"},"headline":"Uni\u00e3o Brasil e PP oficializam sa\u00edda do governo Lula","datePublished":"2025-09-03T09:27:58+00:00","dateModified":"2025-09-03T09:27:59+00:00","mainEntityOfPage":{"@id":"https:\/\/noticiaempauta.com\/portal\/uniao-brasil-e-pp-oficializam-saida-do-governo-lula\/"},"wordCount":303,"commentCount":0,"publisher":{"@id":"https:\/\/noticiaempauta.com\/portal\/#organization"},"image":{"@id":"https:\/\/noticiaempauta.com\/portal\/uniao-brasil-e-pp-oficializam-saida-do-governo-lula\/#primaryimage"},"thumbnailUrl":"https:\/\/noticiaempauta.com\/portal\/wp-content\/uploads\/2025\/09\/IMG_9965.jpeg","keywords":["destaqueprincipal"],"articleSection":["Destaques","Geral","Pol\u00edtica","Todas as Not\u00edcias"],"inLanguage":"pt-BR","potentialAction":[{"@type":"CommentAction","name":"Comment","target":["https:\/\/noticiaempauta.com\/portal\/uniao-brasil-e-pp-oficializam-saida-do-governo-lula\/#respond"]}]},{"@type":"WebPage","@id":"https:\/\/noticiaempauta.com\/portal\/uniao-brasil-e-pp-oficializam-saida-do-governo-lula\/","url":"https:\/\/noticiaempauta.com\/portal\/uniao-brasil-e-pp-oficializam-saida-do-governo-lula\/","name":"Uni\u00e3o Brasil e PP oficializam sa\u00edda do governo Lula - Portal Not\u00edcia em Pauta","isPartOf":{"@id":"https:\/\/noticiaempauta.com\/portal\/#website"},"primaryImageOfPage":{"@id":"https:\/\/noticiaempauta.com\/portal\/uniao-brasil-e-pp-oficializam-saida-do-governo-lula\/#primaryimage"},"image":{"@id":"https:\/\/noticiaempauta.com\/portal\/uniao-brasil-e-pp-oficializam-saida-do-governo-lula\/#primaryimage"},"thumbnailUrl":"https:\/\/noticiaempauta.com\/portal\/wp-content\/uploads\/2025\/09\/IMG_9965.jpeg","datePublished":"2025-09-03T09:27:58+00:00","dateModified":"2025-09-03T09:27:59+00:00","breadcrumb":{"@id":"https:\/\/noticiaempauta.com\/portal\/uniao-brasil-e-pp-oficializam-saida-do-governo-lula\/#breadcrumb"},"inLanguage":"pt-BR","potentialAction":[{"@type":"ReadAction","target":["https:\/\/noticiaempauta.com\/portal\/uniao-brasil-e-pp-oficializam-saida-do-governo-lula\/"]}]},{"@type":"ImageObject","inLanguage":"pt-BR","@id":"https:\/\/noticiaempauta.com\/portal\/uniao-brasil-e-pp-oficializam-saida-do-governo-lula\/#primaryimage","url":"https:\/\/noticiaempauta.com\/portal\/wp-content\/uploads\/2025\/09\/IMG_9965.jpeg","contentUrl":"https:\/\/noticiaempauta.com\/portal\/wp-content\/uploads\/2025\/09\/IMG_9965.jpeg","width":790,"height":500},{"@type":"BreadcrumbList","@id":"https:\/\/noticiaempauta.com\/portal\/uniao-brasil-e-pp-oficializam-saida-do-governo-lula\/#breadcrumb","itemListElement":[{"@type":"ListItem","position":1,"name":"P\u00e1gina Inicial","item":"https:\/\/noticiaempauta.com\/portal\/"},{"@type":"ListItem","position":2,"name":"Geral","item":"https:\/\/noticiaempauta.com\/portal\/geral\/"},{"@type":"ListItem","position":3,"name":"Uni\u00e3o Brasil e PP oficializam sa\u00edda do governo Lula"}]},{"@type":"WebSite","@id":"https:\/\/noticiaempauta.com\/portal\/#website","url":"https:\/\/noticiaempauta.com\/portal\/","name":"Portal Not\u00edcia em Pauta","description":"Voc\u00ea bem informado","publisher":{"@id":"https:\/\/noticiaempauta.com\/portal\/#organization"},"potentialAction":[{"@type":"SearchAction","target":{"@type":"EntryPoint","urlTemplate":"https:\/\/noticiaempauta.com\/portal\/?s={search_term_string}"},"query-input":{"@type":"PropertyValueSpecification","valueRequired":true,"valueName":"search_term_string"}}],"inLanguage":"pt-BR"},{"@type":"Organization","@id":"https:\/\/noticiaempauta.com\/portal\/#organization","name":"Portal Not\u00edcia em Pauta","url":"https:\/\/noticiaempauta.com\/portal\/","logo":{"@type":"ImageObject","inLanguage":"pt-BR","@id":"https:\/\/noticiaempauta.com\/portal\/#\/schema\/logo\/image\/","url":"https:\/\/noticiaempauta.com\/portal\/wp-content\/uploads\/2022\/08\/logomarca_tema.fw_.png","contentUrl":"https:\/\/noticiaempauta.com\/portal\/wp-content\/uploads\/2022\/08\/logomarca_tema.fw_.png","width":400,"height":232,"caption":"Portal Not\u00edcia em Pauta"},"image":{"@id":"https:\/\/noticiaempauta.com\/portal\/#\/schema\/logo\/image\/"},"sameAs":["https:\/\/www.facebook.com\/Portal-Notcia-Em-Pauta-102292869264820\/","https:\/\/www.instagram.com\/portalnoticiaempauta\/"]},{"@type":"Person","@id":"https:\/\/noticiaempauta.com\/portal\/#\/schema\/person\/a74af43dd1ab3deca45f988c717d57ac","name":"Reda\u00e7\u00e3o","image":{"@type":"ImageObject","inLanguage":"pt-BR","@id":"https:\/\/noticiaempauta.com\/portal\/#\/schema\/person\/image\/","url":"https:\/\/secure.gravatar.com\/avatar\/03179346ecce6cdfc13361603e8f54242a90e5cde8618fa23c5c00aa2b0aadf3?s=96&d=mm&r=g","contentUrl":"https:\/\/secure.gravatar.com\/avatar\/03179346ecce6cdfc13361603e8f54242a90e5cde8618fa23c5c00aa2b0aadf3?s=96&d=mm&r=g","caption":"Reda\u00e7\u00e3o"},"sameAs":["https:\/\/noticiaempauta.com\/portal\/"],"url":"https:\/\/noticiaempauta.com\/portal\/author\/fernando\/"}]}},"_links":{"self":[{"href":"https:\/\/noticiaempauta.com\/portal\/wp-json\/wp\/v2\/posts\/277517","targetHints":{"allow":["GET"]}}],"collection":[{"href":"https:\/\/noticiaempauta.com\/portal\/wp-json\/wp\/v2\/posts"}],"about":[{"href":"https:\/\/noticiaempauta.com\/portal\/wp-json\/wp\/v2\/types\/post"}],"author":[{"embeddable":true,"href":"https:\/\/noticiaempauta.com\/portal\/wp-json\/wp\/v2\/users\/2"}],"replies":[{"embeddable":true,"href":"https:\/\/noticiaempauta.com\/portal\/wp-json\/wp\/v2\/comments?post=277517"}],"version-history":[{"count":2,"href":"https:\/\/noticiaempauta.com\/portal\/wp-json\/wp\/v2\/posts\/277517\/revisions"}],"predecessor-version":[{"id":277520,"href":"https:\/\/noticiaempauta.com\/portal\/wp-json\/wp\/v2\/posts\/277517\/revisions\/277520"}],"wp:featuredmedia":[{"embeddable":true,"href":"https:\/\/noticiaempauta.com\/portal\/wp-json\/wp\/v2\/media\/277518"}],"wp:attachment":[{"href":"https:\/\/noticiaempauta.com\/portal\/wp-json\/wp\/v2\/media?parent=277517"}],"wp:term":[{"taxonomy":"category","embeddable":true,"href":"https:\/\/noticiaempauta.com\/portal\/wp-json\/wp\/v2\/categories?post=277517"},{"taxonomy":"post_tag","embeddable":true,"href":"https:\/\/noticiaempauta.com\/portal\/wp-json\/wp\/v2\/tags?post=277517"}],"curies":[{"name":"wp","href":"https:\/\/api.w.org\/{rel}","templated":true}]}}