{"id":277525,"date":"2025-09-03T14:56:20","date_gmt":"2025-09-03T17:56:20","guid":{"rendered":"https:\/\/noticiaempauta.com\/portal\/?p=277525"},"modified":"2025-09-03T14:56:21","modified_gmt":"2025-09-03T17:56:21","slug":"populacao-apresenta-sugestoes-durante-audiencia-publica-que-debateu-a-loa-e-o-ppa-em-picos","status":"publish","type":"post","link":"https:\/\/noticiaempauta.com\/portal\/populacao-apresenta-sugestoes-durante-audiencia-publica-que-debateu-a-loa-e-o-ppa-em-picos\/","title":{"rendered":"Popula\u00e7\u00e3o apresenta sugest\u00f5es durante Audi\u00eancia P\u00fablica que debateu a LOA e o PPA em Picos"},"content":{"rendered":"\n<p>Asfalto, cal\u00e7amento e reforma de pra\u00e7a. Essas foram algumas das sugest\u00f5es apresentadas pela popula\u00e7\u00e3o durante Audi\u00eancia P\u00fablica de apresenta\u00e7\u00e3o e discuss\u00e3o da LOA 2026 (Lei Or\u00e7ament\u00e1ria Anual) e do PPA 2026\u20132029 (Plano Plurianual).<\/p>\n\n\n\n<figure class=\"wp-block-image size-full\"><img fetchpriority=\"high\" decoding=\"async\" width=\"640\" height=\"427\" src=\"https:\/\/noticiaempauta.com\/portal\/wp-content\/uploads\/2025\/09\/CCM_0061.jpg\" alt=\"\" class=\"wp-image-277526\" srcset=\"https:\/\/noticiaempauta.com\/portal\/wp-content\/uploads\/2025\/09\/CCM_0061.jpg 640w, https:\/\/noticiaempauta.com\/portal\/wp-content\/uploads\/2025\/09\/CCM_0061-300x200.jpg 300w\" sizes=\"(max-width: 640px) 100vw, 640px\" \/><\/figure>\n\n\n\n<p>A Audi\u00eancia P\u00fablica proposta pela Secretaria Municipal de Planejamento, Or\u00e7amento e Avalia\u00e7\u00e3o, aconteceu na manh\u00e3 desta quarta-feira (03), no Plen\u00e1rio Vereador Pedro Barbosa da Silva, na C\u00e2mara de Vereadores de Picos.<\/p>\n\n\n\n<figure class=\"wp-block-image size-full\"><img decoding=\"async\" width=\"640\" height=\"427\" src=\"https:\/\/noticiaempauta.com\/portal\/wp-content\/uploads\/2025\/09\/CCM_0047.jpg\" alt=\"\" class=\"wp-image-277527\" srcset=\"https:\/\/noticiaempauta.com\/portal\/wp-content\/uploads\/2025\/09\/CCM_0047.jpg 640w, https:\/\/noticiaempauta.com\/portal\/wp-content\/uploads\/2025\/09\/CCM_0047-300x200.jpg 300w\" sizes=\"(max-width: 640px) 100vw, 640px\" \/><\/figure>\n\n\n\n<p>Participaram da Audi\u00eancia integrantes do secretariado e da administra\u00e7\u00e3o \u201cReconstruindo Nosso Futuro\u201d, representantes da sociedade civil organizada, entre esses sindicalistas, vereadores, al\u00e9m de militares do 3\u00ba BEC (Batalh\u00e3o de Engenharia de Constru\u00e7\u00e3o) e do 4\u00ba BPM (Batalh\u00e3o da Pol\u00edcia Militar).<\/p>\n\n\n\n<figure class=\"wp-block-image size-full\"><img decoding=\"async\" width=\"640\" height=\"427\" src=\"https:\/\/noticiaempauta.com\/portal\/wp-content\/uploads\/2025\/09\/CCM_0062.jpg\" alt=\"\" class=\"wp-image-277528\" srcset=\"https:\/\/noticiaempauta.com\/portal\/wp-content\/uploads\/2025\/09\/CCM_0062.jpg 640w, https:\/\/noticiaempauta.com\/portal\/wp-content\/uploads\/2025\/09\/CCM_0062-300x200.jpg 300w\" sizes=\"(max-width: 640px) 100vw, 640px\" \/><\/figure>\n\n\n\n<p>\u201cFicamos muito satisfeitos de poder mostrar para eles como esse or\u00e7amento \u00e9 constru\u00eddo, como isso se transformar\u00e1 em a\u00e7\u00f5es diretas para a popula\u00e7\u00e3o atrav\u00e9s de servi\u00e7os, de investimentos, de obras\u201d, destacou a secret\u00e1ria municipal de Planejamento, Leila Martins.<\/p>\n\n\n\n<figure class=\"wp-block-image size-full\"><img loading=\"lazy\" decoding=\"async\" width=\"640\" height=\"427\" src=\"https:\/\/noticiaempauta.com\/portal\/wp-content\/uploads\/2025\/09\/CCM_0064.jpg\" alt=\"\" class=\"wp-image-277529\" srcset=\"https:\/\/noticiaempauta.com\/portal\/wp-content\/uploads\/2025\/09\/CCM_0064.jpg 640w, https:\/\/noticiaempauta.com\/portal\/wp-content\/uploads\/2025\/09\/CCM_0064-300x200.jpg 300w\" sizes=\"(max-width: 640px) 100vw, 640px\" \/><\/figure>\n\n\n\n<p>A gestora explicou ainda que a pasta tem at\u00e9 o dia 30 de setembro para enviar um Projeto de Lei para a C\u00e2mara de Vereadores contendo todas as solicita\u00e7\u00f5es apresentadas durante a Audi\u00eancia P\u00fablica.<\/p>\n\n\n\n<figure class=\"wp-block-image size-full\"><img loading=\"lazy\" decoding=\"async\" width=\"640\" height=\"427\" src=\"https:\/\/noticiaempauta.com\/portal\/wp-content\/uploads\/2025\/09\/CCM_0074.jpg\" alt=\"\" class=\"wp-image-277530\" srcset=\"https:\/\/noticiaempauta.com\/portal\/wp-content\/uploads\/2025\/09\/CCM_0074.jpg 640w, https:\/\/noticiaempauta.com\/portal\/wp-content\/uploads\/2025\/09\/CCM_0074-300x200.jpg 300w\" sizes=\"(max-width: 640px) 100vw, 640px\" \/><\/figure>\n\n\n\n<p>\u201cA popula\u00e7\u00e3o que ainda se interessar em contribuir com sugest\u00f5es ou o pr\u00f3prio corpo de secret\u00e1rios que ainda tiver a\u00e7\u00f5es para serem inclu\u00eddas, n\u00f3s estabelecemos um prazo de uma semana, a contar de hoje, para que tragam essas demandas e essas a\u00e7\u00f5es, nos procurem na Secretaria de Planejamento que estaremos acolhendo essas sugest\u00f5es para que possamos enviar o Projeto para aprecia\u00e7\u00e3o da C\u00e2mara Municipal\u201d, acrescentou.<\/p>\n\n\n\n<figure class=\"wp-block-image size-full\"><img loading=\"lazy\" decoding=\"async\" width=\"640\" height=\"427\" src=\"https:\/\/noticiaempauta.com\/portal\/wp-content\/uploads\/2025\/09\/CCM_0051.jpg\" alt=\"\" class=\"wp-image-277531\" srcset=\"https:\/\/noticiaempauta.com\/portal\/wp-content\/uploads\/2025\/09\/CCM_0051.jpg 640w, https:\/\/noticiaempauta.com\/portal\/wp-content\/uploads\/2025\/09\/CCM_0051-300x200.jpg 300w\" sizes=\"(max-width: 640px) 100vw, 640px\" \/><\/figure>\n\n\n\n<p>O Contador P\u00fablico do Munic\u00edpio, Igor Santos Barros, frisou que a Audi\u00eancia foi de suma import\u00e2ncia para administra\u00e7\u00e3o municipal tomar ci\u00eancia dos anseios da popula\u00e7\u00e3o picoense.<\/p>\n\n\n\n<figure class=\"wp-block-image size-full\"><img loading=\"lazy\" decoding=\"async\" width=\"640\" height=\"427\" src=\"https:\/\/noticiaempauta.com\/portal\/wp-content\/uploads\/2025\/09\/CCM_0072.jpg\" alt=\"\" class=\"wp-image-277532\" srcset=\"https:\/\/noticiaempauta.com\/portal\/wp-content\/uploads\/2025\/09\/CCM_0072.jpg 640w, https:\/\/noticiaempauta.com\/portal\/wp-content\/uploads\/2025\/09\/CCM_0072-300x200.jpg 300w\" sizes=\"(max-width: 640px) 100vw, 640px\" \/><\/figure>\n\n\n\n<p>\u201cAgora temos at\u00e9 o dia 30 de setembro para fazer a entrega do Projeto final, a\u00ed depois ele vai ser debatido na C\u00e2mara e eles tem at\u00e9 22 de dezembro para aprovar. E a partir do dia 01\u00ba de janeiro de 2026 vai ser adotado esse or\u00e7amento a\u00ed sim as a\u00e7\u00f5es v\u00e3o repercutir no dia-a-dia da popula\u00e7\u00e3o\u201d, finalizou Igor Santos Barros.<\/p>\n\n\n\n<p>CCOM<\/p>\n","protected":false},"excerpt":{"rendered":"<p>Asfalto, cal\u00e7amento e reforma de pra\u00e7a. Essas foram algumas das sugest\u00f5es apresentadas pela popula\u00e7\u00e3o durante Audi\u00eancia P\u00fablica de apresenta\u00e7\u00e3o e discuss\u00e3o da LOA 2026 (Lei Or\u00e7ament\u00e1ria Anual) e do PPA 2026\u20132029 (Plano Plurianual). A Audi\u00eancia P\u00fablica proposta pela Secretaria Municipal de Planejamento, Or\u00e7amento e Avalia\u00e7\u00e3o, aconteceu na manh\u00e3 desta quarta-feira (03), no Plen\u00e1rio Vereador Pedro [&hellip;]<\/p>\n","protected":false},"author":2,"featured_media":277528,"comment_status":"open","ping_status":"open","sticky":false,"template":"","format":"standard","meta":{"_mi_skip_tracking":false,"footnotes":""},"categories":[25,1,16],"tags":[192],"class_list":["post-277525","post","type-post","status-publish","format-standard","has-post-thumbnail","hentry","category-destaques-site","category-geral","category-todas","tag-destaqueprincipal"],"acf":[],"yoast_head":"<!-- This site is optimized with the Yoast SEO Premium plugin v19.2 (Yoast SEO v26.9) - https:\/\/yoast.com\/product\/yoast-seo-premium-wordpress\/ -->\n<title>Popula\u00e7\u00e3o apresenta sugest\u00f5es durante Audi\u00eancia P\u00fablica que debateu a LOA e o PPA em Picos - Portal Not\u00edcia em Pauta<\/title>\n<meta name=\"robots\" content=\"index, follow, max-snippet:-1, max-image-preview:large, max-video-preview:-1\" \/>\n<link rel=\"canonical\" href=\"https:\/\/noticiaempauta.com\/portal\/populacao-apresenta-sugestoes-durante-audiencia-publica-que-debateu-a-loa-e-o-ppa-em-picos\/\" \/>\n<meta property=\"og:locale\" content=\"pt_BR\" \/>\n<meta property=\"og:type\" content=\"article\" \/>\n<meta property=\"og:title\" content=\"Popula\u00e7\u00e3o apresenta sugest\u00f5es durante Audi\u00eancia P\u00fablica que debateu a LOA e o PPA em Picos\" \/>\n<meta property=\"og:description\" content=\"Asfalto, cal\u00e7amento e reforma de pra\u00e7a. Essas foram algumas das sugest\u00f5es apresentadas pela popula\u00e7\u00e3o durante Audi\u00eancia P\u00fablica de apresenta\u00e7\u00e3o e discuss\u00e3o da LOA 2026 (Lei Or\u00e7ament\u00e1ria Anual) e do PPA 2026\u20132029 (Plano Plurianual). A Audi\u00eancia P\u00fablica proposta pela Secretaria Municipal de Planejamento, Or\u00e7amento e Avalia\u00e7\u00e3o, aconteceu na manh\u00e3 desta quarta-feira (03), no Plen\u00e1rio Vereador Pedro [&hellip;]\" \/>\n<meta property=\"og:url\" content=\"https:\/\/noticiaempauta.com\/portal\/populacao-apresenta-sugestoes-durante-audiencia-publica-que-debateu-a-loa-e-o-ppa-em-picos\/\" \/>\n<meta property=\"og:site_name\" content=\"Portal Not\u00edcia em Pauta\" \/>\n<meta property=\"article:publisher\" content=\"https:\/\/www.facebook.com\/Portal-Notcia-Em-Pauta-102292869264820\/\" \/>\n<meta property=\"article:published_time\" content=\"2025-09-03T17:56:20+00:00\" \/>\n<meta property=\"article:modified_time\" content=\"2025-09-03T17:56:21+00:00\" \/>\n<meta property=\"og:image\" content=\"https:\/\/noticiaempauta.com\/portal\/wp-content\/uploads\/2025\/09\/CCM_0062.jpg\" \/>\n\t<meta property=\"og:image:width\" content=\"640\" \/>\n\t<meta property=\"og:image:height\" content=\"427\" \/>\n\t<meta property=\"og:image:type\" content=\"image\/jpeg\" \/>\n<meta name=\"author\" content=\"Reda\u00e7\u00e3o\" \/>\n<meta name=\"twitter:card\" content=\"summary_large_image\" \/>\n<meta name=\"twitter:label1\" content=\"Escrito por\" \/>\n\t<meta name=\"twitter:data1\" content=\"Reda\u00e7\u00e3o\" \/>\n\t<meta name=\"twitter:label2\" content=\"Est. tempo de leitura\" \/>\n\t<meta name=\"twitter:data2\" content=\"4 minutos\" \/>\n<script type=\"application\/ld+json\" class=\"yoast-schema-graph\">{\"@context\":\"https:\/\/schema.org\",\"@graph\":[{\"@type\":\"Article\",\"@id\":\"https:\/\/noticiaempauta.com\/portal\/populacao-apresenta-sugestoes-durante-audiencia-publica-que-debateu-a-loa-e-o-ppa-em-picos\/#article\",\"isPartOf\":{\"@id\":\"https:\/\/noticiaempauta.com\/portal\/populacao-apresenta-sugestoes-durante-audiencia-publica-que-debateu-a-loa-e-o-ppa-em-picos\/\"},\"author\":{\"name\":\"Reda\u00e7\u00e3o\",\"@id\":\"https:\/\/noticiaempauta.com\/portal\/#\/schema\/person\/a74af43dd1ab3deca45f988c717d57ac\"},\"headline\":\"Popula\u00e7\u00e3o apresenta sugest\u00f5es durante Audi\u00eancia P\u00fablica que debateu a LOA e o PPA em Picos\",\"datePublished\":\"2025-09-03T17:56:20+00:00\",\"dateModified\":\"2025-09-03T17:56:21+00:00\",\"mainEntityOfPage\":{\"@id\":\"https:\/\/noticiaempauta.com\/portal\/populacao-apresenta-sugestoes-durante-audiencia-publica-que-debateu-a-loa-e-o-ppa-em-picos\/\"},\"wordCount\":394,\"commentCount\":0,\"publisher\":{\"@id\":\"https:\/\/noticiaempauta.com\/portal\/#organization\"},\"image\":{\"@id\":\"https:\/\/noticiaempauta.com\/portal\/populacao-apresenta-sugestoes-durante-audiencia-publica-que-debateu-a-loa-e-o-ppa-em-picos\/#primaryimage\"},\"thumbnailUrl\":\"https:\/\/noticiaempauta.com\/portal\/wp-content\/uploads\/2025\/09\/CCM_0062.jpg\",\"keywords\":[\"destaqueprincipal\"],\"articleSection\":[\"Destaques\",\"Geral\",\"Todas as Not\u00edcias\"],\"inLanguage\":\"pt-BR\",\"potentialAction\":[{\"@type\":\"CommentAction\",\"name\":\"Comment\",\"target\":[\"https:\/\/noticiaempauta.com\/portal\/populacao-apresenta-sugestoes-durante-audiencia-publica-que-debateu-a-loa-e-o-ppa-em-picos\/#respond\"]}]},{\"@type\":\"WebPage\",\"@id\":\"https:\/\/noticiaempauta.com\/portal\/populacao-apresenta-sugestoes-durante-audiencia-publica-que-debateu-a-loa-e-o-ppa-em-picos\/\",\"url\":\"https:\/\/noticiaempauta.com\/portal\/populacao-apresenta-sugestoes-durante-audiencia-publica-que-debateu-a-loa-e-o-ppa-em-picos\/\",\"name\":\"Popula\u00e7\u00e3o apresenta sugest\u00f5es durante Audi\u00eancia P\u00fablica que debateu a LOA e o PPA em Picos - Portal Not\u00edcia em Pauta\",\"isPartOf\":{\"@id\":\"https:\/\/noticiaempauta.com\/portal\/#website\"},\"primaryImageOfPage\":{\"@id\":\"https:\/\/noticiaempauta.com\/portal\/populacao-apresenta-sugestoes-durante-audiencia-publica-que-debateu-a-loa-e-o-ppa-em-picos\/#primaryimage\"},\"image\":{\"@id\":\"https:\/\/noticiaempauta.com\/portal\/populacao-apresenta-sugestoes-durante-audiencia-publica-que-debateu-a-loa-e-o-ppa-em-picos\/#primaryimage\"},\"thumbnailUrl\":\"https:\/\/noticiaempauta.com\/portal\/wp-content\/uploads\/2025\/09\/CCM_0062.jpg\",\"datePublished\":\"2025-09-03T17:56:20+00:00\",\"dateModified\":\"2025-09-03T17:56:21+00:00\",\"breadcrumb\":{\"@id\":\"https:\/\/noticiaempauta.com\/portal\/populacao-apresenta-sugestoes-durante-audiencia-publica-que-debateu-a-loa-e-o-ppa-em-picos\/#breadcrumb\"},\"inLanguage\":\"pt-BR\",\"potentialAction\":[{\"@type\":\"ReadAction\",\"target\":[\"https:\/\/noticiaempauta.com\/portal\/populacao-apresenta-sugestoes-durante-audiencia-publica-que-debateu-a-loa-e-o-ppa-em-picos\/\"]}]},{\"@type\":\"ImageObject\",\"inLanguage\":\"pt-BR\",\"@id\":\"https:\/\/noticiaempauta.com\/portal\/populacao-apresenta-sugestoes-durante-audiencia-publica-que-debateu-a-loa-e-o-ppa-em-picos\/#primaryimage\",\"url\":\"https:\/\/noticiaempauta.com\/portal\/wp-content\/uploads\/2025\/09\/CCM_0062.jpg\",\"contentUrl\":\"https:\/\/noticiaempauta.com\/portal\/wp-content\/uploads\/2025\/09\/CCM_0062.jpg\",\"width\":640,\"height\":427},{\"@type\":\"BreadcrumbList\",\"@id\":\"https:\/\/noticiaempauta.com\/portal\/populacao-apresenta-sugestoes-durante-audiencia-publica-que-debateu-a-loa-e-o-ppa-em-picos\/#breadcrumb\",\"itemListElement\":[{\"@type\":\"ListItem\",\"position\":1,\"name\":\"P\u00e1gina Inicial\",\"item\":\"https:\/\/noticiaempauta.com\/portal\/\"},{\"@type\":\"ListItem\",\"position\":2,\"name\":\"Destaques\",\"item\":\"https:\/\/noticiaempauta.com\/portal\/destaques-site\/\"},{\"@type\":\"ListItem\",\"position\":3,\"name\":\"Popula\u00e7\u00e3o apresenta sugest\u00f5es durante Audi\u00eancia P\u00fablica que debateu a LOA e o PPA em Picos\"}]},{\"@type\":\"WebSite\",\"@id\":\"https:\/\/noticiaempauta.com\/portal\/#website\",\"url\":\"https:\/\/noticiaempauta.com\/portal\/\",\"name\":\"Portal Not\u00edcia em Pauta\",\"description\":\"Voc\u00ea bem informado\",\"publisher\":{\"@id\":\"https:\/\/noticiaempauta.com\/portal\/#organization\"},\"potentialAction\":[{\"@type\":\"SearchAction\",\"target\":{\"@type\":\"EntryPoint\",\"urlTemplate\":\"https:\/\/noticiaempauta.com\/portal\/?s={search_term_string}\"},\"query-input\":{\"@type\":\"PropertyValueSpecification\",\"valueRequired\":true,\"valueName\":\"search_term_string\"}}],\"inLanguage\":\"pt-BR\"},{\"@type\":\"Organization\",\"@id\":\"https:\/\/noticiaempauta.com\/portal\/#organization\",\"name\":\"Portal Not\u00edcia em Pauta\",\"url\":\"https:\/\/noticiaempauta.com\/portal\/\",\"logo\":{\"@type\":\"ImageObject\",\"inLanguage\":\"pt-BR\",\"@id\":\"https:\/\/noticiaempauta.com\/portal\/#\/schema\/logo\/image\/\",\"url\":\"https:\/\/noticiaempauta.com\/portal\/wp-content\/uploads\/2022\/08\/logomarca_tema.fw_.png\",\"contentUrl\":\"https:\/\/noticiaempauta.com\/portal\/wp-content\/uploads\/2022\/08\/logomarca_tema.fw_.png\",\"width\":400,\"height\":232,\"caption\":\"Portal Not\u00edcia em Pauta\"},\"image\":{\"@id\":\"https:\/\/noticiaempauta.com\/portal\/#\/schema\/logo\/image\/\"},\"sameAs\":[\"https:\/\/www.facebook.com\/Portal-Notcia-Em-Pauta-102292869264820\/\",\"https:\/\/www.instagram.com\/portalnoticiaempauta\/\"]},{\"@type\":\"Person\",\"@id\":\"https:\/\/noticiaempauta.com\/portal\/#\/schema\/person\/a74af43dd1ab3deca45f988c717d57ac\",\"name\":\"Reda\u00e7\u00e3o\",\"image\":{\"@type\":\"ImageObject\",\"inLanguage\":\"pt-BR\",\"@id\":\"https:\/\/noticiaempauta.com\/portal\/#\/schema\/person\/image\/\",\"url\":\"https:\/\/secure.gravatar.com\/avatar\/03179346ecce6cdfc13361603e8f54242a90e5cde8618fa23c5c00aa2b0aadf3?s=96&d=mm&r=g\",\"contentUrl\":\"https:\/\/secure.gravatar.com\/avatar\/03179346ecce6cdfc13361603e8f54242a90e5cde8618fa23c5c00aa2b0aadf3?s=96&d=mm&r=g\",\"caption\":\"Reda\u00e7\u00e3o\"},\"sameAs\":[\"https:\/\/noticiaempauta.com\/portal\/\"],\"url\":\"https:\/\/noticiaempauta.com\/portal\/author\/fernando\/\"}]}<\/script>\n<!-- \/ Yoast SEO Premium plugin. -->","yoast_head_json":{"title":"Popula\u00e7\u00e3o apresenta sugest\u00f5es durante Audi\u00eancia P\u00fablica que debateu a LOA e o PPA em Picos - Portal Not\u00edcia em Pauta","robots":{"index":"index","follow":"follow","max-snippet":"max-snippet:-1","max-image-preview":"max-image-preview:large","max-video-preview":"max-video-preview:-1"},"canonical":"https:\/\/noticiaempauta.com\/portal\/populacao-apresenta-sugestoes-durante-audiencia-publica-que-debateu-a-loa-e-o-ppa-em-picos\/","og_locale":"pt_BR","og_type":"article","og_title":"Popula\u00e7\u00e3o apresenta sugest\u00f5es durante Audi\u00eancia P\u00fablica que debateu a LOA e o PPA em Picos","og_description":"Asfalto, cal\u00e7amento e reforma de pra\u00e7a. Essas foram algumas das sugest\u00f5es apresentadas pela popula\u00e7\u00e3o durante Audi\u00eancia P\u00fablica de apresenta\u00e7\u00e3o e discuss\u00e3o da LOA 2026 (Lei Or\u00e7ament\u00e1ria Anual) e do PPA 2026\u20132029 (Plano Plurianual). A Audi\u00eancia P\u00fablica proposta pela Secretaria Municipal de Planejamento, Or\u00e7amento e Avalia\u00e7\u00e3o, aconteceu na manh\u00e3 desta quarta-feira (03), no Plen\u00e1rio Vereador Pedro [&hellip;]","og_url":"https:\/\/noticiaempauta.com\/portal\/populacao-apresenta-sugestoes-durante-audiencia-publica-que-debateu-a-loa-e-o-ppa-em-picos\/","og_site_name":"Portal Not\u00edcia em Pauta","article_publisher":"https:\/\/www.facebook.com\/Portal-Notcia-Em-Pauta-102292869264820\/","article_published_time":"2025-09-03T17:56:20+00:00","article_modified_time":"2025-09-03T17:56:21+00:00","og_image":[{"width":640,"height":427,"url":"https:\/\/noticiaempauta.com\/portal\/wp-content\/uploads\/2025\/09\/CCM_0062.jpg","type":"image\/jpeg"}],"author":"Reda\u00e7\u00e3o","twitter_card":"summary_large_image","twitter_misc":{"Escrito por":"Reda\u00e7\u00e3o","Est. tempo de leitura":"4 minutos"},"schema":{"@context":"https:\/\/schema.org","@graph":[{"@type":"Article","@id":"https:\/\/noticiaempauta.com\/portal\/populacao-apresenta-sugestoes-durante-audiencia-publica-que-debateu-a-loa-e-o-ppa-em-picos\/#article","isPartOf":{"@id":"https:\/\/noticiaempauta.com\/portal\/populacao-apresenta-sugestoes-durante-audiencia-publica-que-debateu-a-loa-e-o-ppa-em-picos\/"},"author":{"name":"Reda\u00e7\u00e3o","@id":"https:\/\/noticiaempauta.com\/portal\/#\/schema\/person\/a74af43dd1ab3deca45f988c717d57ac"},"headline":"Popula\u00e7\u00e3o apresenta sugest\u00f5es durante Audi\u00eancia P\u00fablica que debateu a LOA e o PPA em Picos","datePublished":"2025-09-03T17:56:20+00:00","dateModified":"2025-09-03T17:56:21+00:00","mainEntityOfPage":{"@id":"https:\/\/noticiaempauta.com\/portal\/populacao-apresenta-sugestoes-durante-audiencia-publica-que-debateu-a-loa-e-o-ppa-em-picos\/"},"wordCount":394,"commentCount":0,"publisher":{"@id":"https:\/\/noticiaempauta.com\/portal\/#organization"},"image":{"@id":"https:\/\/noticiaempauta.com\/portal\/populacao-apresenta-sugestoes-durante-audiencia-publica-que-debateu-a-loa-e-o-ppa-em-picos\/#primaryimage"},"thumbnailUrl":"https:\/\/noticiaempauta.com\/portal\/wp-content\/uploads\/2025\/09\/CCM_0062.jpg","keywords":["destaqueprincipal"],"articleSection":["Destaques","Geral","Todas as Not\u00edcias"],"inLanguage":"pt-BR","potentialAction":[{"@type":"CommentAction","name":"Comment","target":["https:\/\/noticiaempauta.com\/portal\/populacao-apresenta-sugestoes-durante-audiencia-publica-que-debateu-a-loa-e-o-ppa-em-picos\/#respond"]}]},{"@type":"WebPage","@id":"https:\/\/noticiaempauta.com\/portal\/populacao-apresenta-sugestoes-durante-audiencia-publica-que-debateu-a-loa-e-o-ppa-em-picos\/","url":"https:\/\/noticiaempauta.com\/portal\/populacao-apresenta-sugestoes-durante-audiencia-publica-que-debateu-a-loa-e-o-ppa-em-picos\/","name":"Popula\u00e7\u00e3o apresenta sugest\u00f5es durante Audi\u00eancia P\u00fablica que debateu a LOA e o PPA em Picos - Portal Not\u00edcia em Pauta","isPartOf":{"@id":"https:\/\/noticiaempauta.com\/portal\/#website"},"primaryImageOfPage":{"@id":"https:\/\/noticiaempauta.com\/portal\/populacao-apresenta-sugestoes-durante-audiencia-publica-que-debateu-a-loa-e-o-ppa-em-picos\/#primaryimage"},"image":{"@id":"https:\/\/noticiaempauta.com\/portal\/populacao-apresenta-sugestoes-durante-audiencia-publica-que-debateu-a-loa-e-o-ppa-em-picos\/#primaryimage"},"thumbnailUrl":"https:\/\/noticiaempauta.com\/portal\/wp-content\/uploads\/2025\/09\/CCM_0062.jpg","datePublished":"2025-09-03T17:56:20+00:00","dateModified":"2025-09-03T17:56:21+00:00","breadcrumb":{"@id":"https:\/\/noticiaempauta.com\/portal\/populacao-apresenta-sugestoes-durante-audiencia-publica-que-debateu-a-loa-e-o-ppa-em-picos\/#breadcrumb"},"inLanguage":"pt-BR","potentialAction":[{"@type":"ReadAction","target":["https:\/\/noticiaempauta.com\/portal\/populacao-apresenta-sugestoes-durante-audiencia-publica-que-debateu-a-loa-e-o-ppa-em-picos\/"]}]},{"@type":"ImageObject","inLanguage":"pt-BR","@id":"https:\/\/noticiaempauta.com\/portal\/populacao-apresenta-sugestoes-durante-audiencia-publica-que-debateu-a-loa-e-o-ppa-em-picos\/#primaryimage","url":"https:\/\/noticiaempauta.com\/portal\/wp-content\/uploads\/2025\/09\/CCM_0062.jpg","contentUrl":"https:\/\/noticiaempauta.com\/portal\/wp-content\/uploads\/2025\/09\/CCM_0062.jpg","width":640,"height":427},{"@type":"BreadcrumbList","@id":"https:\/\/noticiaempauta.com\/portal\/populacao-apresenta-sugestoes-durante-audiencia-publica-que-debateu-a-loa-e-o-ppa-em-picos\/#breadcrumb","itemListElement":[{"@type":"ListItem","position":1,"name":"P\u00e1gina Inicial","item":"https:\/\/noticiaempauta.com\/portal\/"},{"@type":"ListItem","position":2,"name":"Destaques","item":"https:\/\/noticiaempauta.com\/portal\/destaques-site\/"},{"@type":"ListItem","position":3,"name":"Popula\u00e7\u00e3o apresenta sugest\u00f5es durante Audi\u00eancia P\u00fablica que debateu a LOA e o PPA em Picos"}]},{"@type":"WebSite","@id":"https:\/\/noticiaempauta.com\/portal\/#website","url":"https:\/\/noticiaempauta.com\/portal\/","name":"Portal Not\u00edcia em Pauta","description":"Voc\u00ea bem informado","publisher":{"@id":"https:\/\/noticiaempauta.com\/portal\/#organization"},"potentialAction":[{"@type":"SearchAction","target":{"@type":"EntryPoint","urlTemplate":"https:\/\/noticiaempauta.com\/portal\/?s={search_term_string}"},"query-input":{"@type":"PropertyValueSpecification","valueRequired":true,"valueName":"search_term_string"}}],"inLanguage":"pt-BR"},{"@type":"Organization","@id":"https:\/\/noticiaempauta.com\/portal\/#organization","name":"Portal Not\u00edcia em Pauta","url":"https:\/\/noticiaempauta.com\/portal\/","logo":{"@type":"ImageObject","inLanguage":"pt-BR","@id":"https:\/\/noticiaempauta.com\/portal\/#\/schema\/logo\/image\/","url":"https:\/\/noticiaempauta.com\/portal\/wp-content\/uploads\/2022\/08\/logomarca_tema.fw_.png","contentUrl":"https:\/\/noticiaempauta.com\/portal\/wp-content\/uploads\/2022\/08\/logomarca_tema.fw_.png","width":400,"height":232,"caption":"Portal Not\u00edcia em Pauta"},"image":{"@id":"https:\/\/noticiaempauta.com\/portal\/#\/schema\/logo\/image\/"},"sameAs":["https:\/\/www.facebook.com\/Portal-Notcia-Em-Pauta-102292869264820\/","https:\/\/www.instagram.com\/portalnoticiaempauta\/"]},{"@type":"Person","@id":"https:\/\/noticiaempauta.com\/portal\/#\/schema\/person\/a74af43dd1ab3deca45f988c717d57ac","name":"Reda\u00e7\u00e3o","image":{"@type":"ImageObject","inLanguage":"pt-BR","@id":"https:\/\/noticiaempauta.com\/portal\/#\/schema\/person\/image\/","url":"https:\/\/secure.gravatar.com\/avatar\/03179346ecce6cdfc13361603e8f54242a90e5cde8618fa23c5c00aa2b0aadf3?s=96&d=mm&r=g","contentUrl":"https:\/\/secure.gravatar.com\/avatar\/03179346ecce6cdfc13361603e8f54242a90e5cde8618fa23c5c00aa2b0aadf3?s=96&d=mm&r=g","caption":"Reda\u00e7\u00e3o"},"sameAs":["https:\/\/noticiaempauta.com\/portal\/"],"url":"https:\/\/noticiaempauta.com\/portal\/author\/fernando\/"}]}},"_links":{"self":[{"href":"https:\/\/noticiaempauta.com\/portal\/wp-json\/wp\/v2\/posts\/277525","targetHints":{"allow":["GET"]}}],"collection":[{"href":"https:\/\/noticiaempauta.com\/portal\/wp-json\/wp\/v2\/posts"}],"about":[{"href":"https:\/\/noticiaempauta.com\/portal\/wp-json\/wp\/v2\/types\/post"}],"author":[{"embeddable":true,"href":"https:\/\/noticiaempauta.com\/portal\/wp-json\/wp\/v2\/users\/2"}],"replies":[{"embeddable":true,"href":"https:\/\/noticiaempauta.com\/portal\/wp-json\/wp\/v2\/comments?post=277525"}],"version-history":[{"count":2,"href":"https:\/\/noticiaempauta.com\/portal\/wp-json\/wp\/v2\/posts\/277525\/revisions"}],"predecessor-version":[{"id":277534,"href":"https:\/\/noticiaempauta.com\/portal\/wp-json\/wp\/v2\/posts\/277525\/revisions\/277534"}],"wp:featuredmedia":[{"embeddable":true,"href":"https:\/\/noticiaempauta.com\/portal\/wp-json\/wp\/v2\/media\/277528"}],"wp:attachment":[{"href":"https:\/\/noticiaempauta.com\/portal\/wp-json\/wp\/v2\/media?parent=277525"}],"wp:term":[{"taxonomy":"category","embeddable":true,"href":"https:\/\/noticiaempauta.com\/portal\/wp-json\/wp\/v2\/categories?post=277525"},{"taxonomy":"post_tag","embeddable":true,"href":"https:\/\/noticiaempauta.com\/portal\/wp-json\/wp\/v2\/tags?post=277525"}],"curies":[{"name":"wp","href":"https:\/\/api.w.org\/{rel}","templated":true}]}}