{"id":277539,"date":"2025-09-03T15:04:14","date_gmt":"2025-09-03T18:04:14","guid":{"rendered":"https:\/\/noticiaempauta.com\/portal\/?p=277539"},"modified":"2025-09-03T15:04:15","modified_gmt":"2025-09-03T18:04:15","slug":"picos-recebera-mutirao-do-amei-com-mais-de-500-consultas-e-exames-especializados","status":"publish","type":"post","link":"https:\/\/noticiaempauta.com\/portal\/picos-recebera-mutirao-do-amei-com-mais-de-500-consultas-e-exames-especializados\/","title":{"rendered":"Picos receber\u00e1 mutir\u00e3o do AMEI com mais de 500 consultas e exames especializados"},"content":{"rendered":"\n<p>A cidade de Picos ser\u00e1 contemplada, entre os dias 05 e 07 de setembro, com o mutir\u00e3o do Atendimento M\u00e9dico Especializado Itinerante (AMEI). A a\u00e7\u00e3o, realizada na Central de Diagn\u00f3stico do Estado, vai ofertar consultas e exames gratuitos nas \u00e1reas de dermatologia, ginecologia e urologia, com foco na preven\u00e7\u00e3o e diagn\u00f3stico dos tr\u00eas tipos de c\u00e2ncer mais comuns: pele, colo de \u00fatero e pr\u00f3stata.<\/p>\n\n\n\n<figure class=\"wp-block-image size-full\"><img fetchpriority=\"high\" decoding=\"async\" width=\"960\" height=\"753\" src=\"https:\/\/noticiaempauta.com\/portal\/wp-content\/uploads\/2025\/09\/WhatsApp-Image-2025-09-03-at-12.46.51.jpeg\" alt=\"\" class=\"wp-image-277540\" srcset=\"https:\/\/noticiaempauta.com\/portal\/wp-content\/uploads\/2025\/09\/WhatsApp-Image-2025-09-03-at-12.46.51.jpeg 960w, https:\/\/noticiaempauta.com\/portal\/wp-content\/uploads\/2025\/09\/WhatsApp-Image-2025-09-03-at-12.46.51-300x235.jpeg 300w, https:\/\/noticiaempauta.com\/portal\/wp-content\/uploads\/2025\/09\/WhatsApp-Image-2025-09-03-at-12.46.51-768x602.jpeg 768w\" sizes=\"(max-width: 960px) 100vw, 960px\" \/><\/figure>\n\n\n\n<p>Ao todo, ser\u00e3o disponibilizadas 60 vagas por especialidade por dia, totalizando 535 atendimentos para o munic\u00edpio. O fluxo de encaminhamento ser\u00e1 feito pelas Unidades B\u00e1sicas de Sa\u00fade (UBSs), respons\u00e1veis por avaliar os pacientes e direcion\u00e1-los para a Central de Marca\u00e7\u00e3o da Secretaria Municipal de Sa\u00fade.<\/p>\n\n\n\n<p><strong>P\u00fablico-alvo<\/strong><\/p>\n\n\n\n<p><strong>Ginecologia:<\/strong> mulheres de 25 a 64 anos com exame preventivo alterado.<br><strong>Urologia: <\/strong>homens a partir de 50 anos, ou de 45 anos com fatores de risco, que tenham PSA alterado ou queixas geniturin\u00e1rias.<br><strong>Dermatologia:<\/strong> pacientes com les\u00f5es suspeitas de c\u00e2ncer de pele.<\/p>\n\n\n\n<p>Nos atendimentos, os pacientes poder\u00e3o realizar procedimentos como coloposcopia, bi\u00f3psia, ultrassonografia de pr\u00f3stata e toque retal, al\u00e9m da avalia\u00e7\u00e3o cl\u00ednica com os especialistas.<\/p>\n\n\n\n<figure class=\"wp-block-image size-large\"><img decoding=\"async\" width=\"1024\" height=\"576\" src=\"https:\/\/noticiaempauta.com\/portal\/wp-content\/uploads\/2025\/09\/thalescesdd-1024x576.jpeg\" alt=\"\" class=\"wp-image-277542\" srcset=\"https:\/\/noticiaempauta.com\/portal\/wp-content\/uploads\/2025\/09\/thalescesdd-1024x576.jpeg 1024w, https:\/\/noticiaempauta.com\/portal\/wp-content\/uploads\/2025\/09\/thalescesdd-300x169.jpeg 300w, https:\/\/noticiaempauta.com\/portal\/wp-content\/uploads\/2025\/09\/thalescesdd-768x432.jpeg 768w, https:\/\/noticiaempauta.com\/portal\/wp-content\/uploads\/2025\/09\/thalescesdd-1536x864.jpeg 1536w, https:\/\/noticiaempauta.com\/portal\/wp-content\/uploads\/2025\/09\/thalescesdd-2048x1152.jpeg 2048w\" sizes=\"(max-width: 1024px) 100vw, 1024px\" \/><\/figure>\n\n\n\n<p>Segundo o secret\u00e1rio municipal de Sa\u00fade, Dr. Thales Coelho, a a\u00e7\u00e3o representa um grande avan\u00e7o para o munic\u00edpio:<br>\u201cO AMEI \u00e9 um projeto fundamental porque aproxima a popula\u00e7\u00e3o de servi\u00e7os especializados que, muitas vezes, s\u00f3 estariam dispon\u00edveis em grandes centros. Em Picos, essa iniciativa vai ajudar a reduzir filas, agilizar diagn\u00f3sticos e garantir mais acesso a exames essenciais para a preven\u00e7\u00e3o do c\u00e2ncer.\u201d<\/p>\n\n\n\n<p>Os pacientes devem procurar a UBS de refer\u00eancia para avalia\u00e7\u00e3o e encaminhamento. No dia do atendimento, \u00e9 necess\u00e1rio apresentar RG, CPF, cart\u00e3o do SUS e exames anteriores, caso possuam. Com essa for\u00e7a-tarefa, a expectativa \u00e9 ampliar o acesso da popula\u00e7\u00e3o a cuidados especializados e refor\u00e7ar a rede de aten\u00e7\u00e3o \u00e0 sa\u00fade no munic\u00edpio.<\/p>\n\n\n\n<p>Ascom<\/p>\n","protected":false},"excerpt":{"rendered":"<p>A cidade de Picos ser\u00e1 contemplada, entre os dias 05 e 07 de setembro, com o mutir\u00e3o do Atendimento M\u00e9dico Especializado Itinerante (AMEI). A a\u00e7\u00e3o, realizada na Central de Diagn\u00f3stico do Estado, vai ofertar consultas e exames gratuitos nas \u00e1reas de dermatologia, ginecologia e urologia, com foco na preven\u00e7\u00e3o e diagn\u00f3stico dos tr\u00eas tipos de [&hellip;]<\/p>\n","protected":false},"author":2,"featured_media":277540,"comment_status":"open","ping_status":"open","sticky":false,"template":"","format":"standard","meta":{"_mi_skip_tracking":false,"footnotes":""},"categories":[25,1,5,16],"tags":[192],"class_list":["post-277539","post","type-post","status-publish","format-standard","has-post-thumbnail","hentry","category-destaques-site","category-geral","category-saude","category-todas","tag-destaqueprincipal"],"acf":[],"yoast_head":"<!-- This site is optimized with the Yoast SEO Premium plugin v19.2 (Yoast SEO v26.9) - https:\/\/yoast.com\/product\/yoast-seo-premium-wordpress\/ -->\n<title>Picos receber\u00e1 mutir\u00e3o do AMEI com mais de 500 consultas e exames especializados - Portal Not\u00edcia em Pauta<\/title>\n<meta name=\"robots\" content=\"index, follow, max-snippet:-1, max-image-preview:large, max-video-preview:-1\" \/>\n<link rel=\"canonical\" href=\"https:\/\/noticiaempauta.com\/portal\/picos-recebera-mutirao-do-amei-com-mais-de-500-consultas-e-exames-especializados\/\" \/>\n<meta property=\"og:locale\" content=\"pt_BR\" \/>\n<meta property=\"og:type\" content=\"article\" \/>\n<meta property=\"og:title\" content=\"Picos receber\u00e1 mutir\u00e3o do AMEI com mais de 500 consultas e exames especializados\" \/>\n<meta property=\"og:description\" content=\"A cidade de Picos ser\u00e1 contemplada, entre os dias 05 e 07 de setembro, com o mutir\u00e3o do Atendimento M\u00e9dico Especializado Itinerante (AMEI). A a\u00e7\u00e3o, realizada na Central de Diagn\u00f3stico do Estado, vai ofertar consultas e exames gratuitos nas \u00e1reas de dermatologia, ginecologia e urologia, com foco na preven\u00e7\u00e3o e diagn\u00f3stico dos tr\u00eas tipos de [&hellip;]\" \/>\n<meta property=\"og:url\" content=\"https:\/\/noticiaempauta.com\/portal\/picos-recebera-mutirao-do-amei-com-mais-de-500-consultas-e-exames-especializados\/\" \/>\n<meta property=\"og:site_name\" content=\"Portal Not\u00edcia em Pauta\" \/>\n<meta property=\"article:publisher\" content=\"https:\/\/www.facebook.com\/Portal-Notcia-Em-Pauta-102292869264820\/\" \/>\n<meta property=\"article:published_time\" content=\"2025-09-03T18:04:14+00:00\" \/>\n<meta property=\"article:modified_time\" content=\"2025-09-03T18:04:15+00:00\" \/>\n<meta property=\"og:image\" content=\"https:\/\/noticiaempauta.com\/portal\/wp-content\/uploads\/2025\/09\/WhatsApp-Image-2025-09-03-at-12.46.51.jpeg\" \/>\n\t<meta property=\"og:image:width\" content=\"960\" \/>\n\t<meta property=\"og:image:height\" content=\"753\" \/>\n\t<meta property=\"og:image:type\" content=\"image\/jpeg\" \/>\n<meta name=\"author\" content=\"Reda\u00e7\u00e3o\" \/>\n<meta name=\"twitter:card\" content=\"summary_large_image\" \/>\n<meta name=\"twitter:label1\" content=\"Escrito por\" \/>\n\t<meta name=\"twitter:data1\" content=\"Reda\u00e7\u00e3o\" \/>\n\t<meta name=\"twitter:label2\" content=\"Est. tempo de leitura\" \/>\n\t<meta name=\"twitter:data2\" content=\"3 minutos\" \/>\n<script type=\"application\/ld+json\" class=\"yoast-schema-graph\">{\"@context\":\"https:\/\/schema.org\",\"@graph\":[{\"@type\":\"Article\",\"@id\":\"https:\/\/noticiaempauta.com\/portal\/picos-recebera-mutirao-do-amei-com-mais-de-500-consultas-e-exames-especializados\/#article\",\"isPartOf\":{\"@id\":\"https:\/\/noticiaempauta.com\/portal\/picos-recebera-mutirao-do-amei-com-mais-de-500-consultas-e-exames-especializados\/\"},\"author\":{\"name\":\"Reda\u00e7\u00e3o\",\"@id\":\"https:\/\/noticiaempauta.com\/portal\/#\/schema\/person\/a74af43dd1ab3deca45f988c717d57ac\"},\"headline\":\"Picos receber\u00e1 mutir\u00e3o do AMEI com mais de 500 consultas e exames especializados\",\"datePublished\":\"2025-09-03T18:04:14+00:00\",\"dateModified\":\"2025-09-03T18:04:15+00:00\",\"mainEntityOfPage\":{\"@id\":\"https:\/\/noticiaempauta.com\/portal\/picos-recebera-mutirao-do-amei-com-mais-de-500-consultas-e-exames-especializados\/\"},\"wordCount\":341,\"commentCount\":0,\"publisher\":{\"@id\":\"https:\/\/noticiaempauta.com\/portal\/#organization\"},\"image\":{\"@id\":\"https:\/\/noticiaempauta.com\/portal\/picos-recebera-mutirao-do-amei-com-mais-de-500-consultas-e-exames-especializados\/#primaryimage\"},\"thumbnailUrl\":\"https:\/\/noticiaempauta.com\/portal\/wp-content\/uploads\/2025\/09\/WhatsApp-Image-2025-09-03-at-12.46.51.jpeg\",\"keywords\":[\"destaqueprincipal\"],\"articleSection\":[\"Destaques\",\"Geral\",\"Sa\u00fade\",\"Todas as Not\u00edcias\"],\"inLanguage\":\"pt-BR\",\"potentialAction\":[{\"@type\":\"CommentAction\",\"name\":\"Comment\",\"target\":[\"https:\/\/noticiaempauta.com\/portal\/picos-recebera-mutirao-do-amei-com-mais-de-500-consultas-e-exames-especializados\/#respond\"]}]},{\"@type\":\"WebPage\",\"@id\":\"https:\/\/noticiaempauta.com\/portal\/picos-recebera-mutirao-do-amei-com-mais-de-500-consultas-e-exames-especializados\/\",\"url\":\"https:\/\/noticiaempauta.com\/portal\/picos-recebera-mutirao-do-amei-com-mais-de-500-consultas-e-exames-especializados\/\",\"name\":\"Picos receber\u00e1 mutir\u00e3o do AMEI com mais de 500 consultas e exames especializados - Portal Not\u00edcia em Pauta\",\"isPartOf\":{\"@id\":\"https:\/\/noticiaempauta.com\/portal\/#website\"},\"primaryImageOfPage\":{\"@id\":\"https:\/\/noticiaempauta.com\/portal\/picos-recebera-mutirao-do-amei-com-mais-de-500-consultas-e-exames-especializados\/#primaryimage\"},\"image\":{\"@id\":\"https:\/\/noticiaempauta.com\/portal\/picos-recebera-mutirao-do-amei-com-mais-de-500-consultas-e-exames-especializados\/#primaryimage\"},\"thumbnailUrl\":\"https:\/\/noticiaempauta.com\/portal\/wp-content\/uploads\/2025\/09\/WhatsApp-Image-2025-09-03-at-12.46.51.jpeg\",\"datePublished\":\"2025-09-03T18:04:14+00:00\",\"dateModified\":\"2025-09-03T18:04:15+00:00\",\"breadcrumb\":{\"@id\":\"https:\/\/noticiaempauta.com\/portal\/picos-recebera-mutirao-do-amei-com-mais-de-500-consultas-e-exames-especializados\/#breadcrumb\"},\"inLanguage\":\"pt-BR\",\"potentialAction\":[{\"@type\":\"ReadAction\",\"target\":[\"https:\/\/noticiaempauta.com\/portal\/picos-recebera-mutirao-do-amei-com-mais-de-500-consultas-e-exames-especializados\/\"]}]},{\"@type\":\"ImageObject\",\"inLanguage\":\"pt-BR\",\"@id\":\"https:\/\/noticiaempauta.com\/portal\/picos-recebera-mutirao-do-amei-com-mais-de-500-consultas-e-exames-especializados\/#primaryimage\",\"url\":\"https:\/\/noticiaempauta.com\/portal\/wp-content\/uploads\/2025\/09\/WhatsApp-Image-2025-09-03-at-12.46.51.jpeg\",\"contentUrl\":\"https:\/\/noticiaempauta.com\/portal\/wp-content\/uploads\/2025\/09\/WhatsApp-Image-2025-09-03-at-12.46.51.jpeg\",\"width\":960,\"height\":753},{\"@type\":\"BreadcrumbList\",\"@id\":\"https:\/\/noticiaempauta.com\/portal\/picos-recebera-mutirao-do-amei-com-mais-de-500-consultas-e-exames-especializados\/#breadcrumb\",\"itemListElement\":[{\"@type\":\"ListItem\",\"position\":1,\"name\":\"P\u00e1gina Inicial\",\"item\":\"https:\/\/noticiaempauta.com\/portal\/\"},{\"@type\":\"ListItem\",\"position\":2,\"name\":\"Destaques\",\"item\":\"https:\/\/noticiaempauta.com\/portal\/destaques-site\/\"},{\"@type\":\"ListItem\",\"position\":3,\"name\":\"Picos receber\u00e1 mutir\u00e3o do AMEI com mais de 500 consultas e exames especializados\"}]},{\"@type\":\"WebSite\",\"@id\":\"https:\/\/noticiaempauta.com\/portal\/#website\",\"url\":\"https:\/\/noticiaempauta.com\/portal\/\",\"name\":\"Portal Not\u00edcia em Pauta\",\"description\":\"Voc\u00ea bem informado\",\"publisher\":{\"@id\":\"https:\/\/noticiaempauta.com\/portal\/#organization\"},\"potentialAction\":[{\"@type\":\"SearchAction\",\"target\":{\"@type\":\"EntryPoint\",\"urlTemplate\":\"https:\/\/noticiaempauta.com\/portal\/?s={search_term_string}\"},\"query-input\":{\"@type\":\"PropertyValueSpecification\",\"valueRequired\":true,\"valueName\":\"search_term_string\"}}],\"inLanguage\":\"pt-BR\"},{\"@type\":\"Organization\",\"@id\":\"https:\/\/noticiaempauta.com\/portal\/#organization\",\"name\":\"Portal Not\u00edcia em Pauta\",\"url\":\"https:\/\/noticiaempauta.com\/portal\/\",\"logo\":{\"@type\":\"ImageObject\",\"inLanguage\":\"pt-BR\",\"@id\":\"https:\/\/noticiaempauta.com\/portal\/#\/schema\/logo\/image\/\",\"url\":\"https:\/\/noticiaempauta.com\/portal\/wp-content\/uploads\/2022\/08\/logomarca_tema.fw_.png\",\"contentUrl\":\"https:\/\/noticiaempauta.com\/portal\/wp-content\/uploads\/2022\/08\/logomarca_tema.fw_.png\",\"width\":400,\"height\":232,\"caption\":\"Portal Not\u00edcia em Pauta\"},\"image\":{\"@id\":\"https:\/\/noticiaempauta.com\/portal\/#\/schema\/logo\/image\/\"},\"sameAs\":[\"https:\/\/www.facebook.com\/Portal-Notcia-Em-Pauta-102292869264820\/\",\"https:\/\/www.instagram.com\/portalnoticiaempauta\/\"]},{\"@type\":\"Person\",\"@id\":\"https:\/\/noticiaempauta.com\/portal\/#\/schema\/person\/a74af43dd1ab3deca45f988c717d57ac\",\"name\":\"Reda\u00e7\u00e3o\",\"image\":{\"@type\":\"ImageObject\",\"inLanguage\":\"pt-BR\",\"@id\":\"https:\/\/noticiaempauta.com\/portal\/#\/schema\/person\/image\/\",\"url\":\"https:\/\/secure.gravatar.com\/avatar\/03179346ecce6cdfc13361603e8f54242a90e5cde8618fa23c5c00aa2b0aadf3?s=96&d=mm&r=g\",\"contentUrl\":\"https:\/\/secure.gravatar.com\/avatar\/03179346ecce6cdfc13361603e8f54242a90e5cde8618fa23c5c00aa2b0aadf3?s=96&d=mm&r=g\",\"caption\":\"Reda\u00e7\u00e3o\"},\"sameAs\":[\"https:\/\/noticiaempauta.com\/portal\/\"],\"url\":\"https:\/\/noticiaempauta.com\/portal\/author\/fernando\/\"}]}<\/script>\n<!-- \/ Yoast SEO Premium plugin. -->","yoast_head_json":{"title":"Picos receber\u00e1 mutir\u00e3o do AMEI com mais de 500 consultas e exames especializados - Portal Not\u00edcia em Pauta","robots":{"index":"index","follow":"follow","max-snippet":"max-snippet:-1","max-image-preview":"max-image-preview:large","max-video-preview":"max-video-preview:-1"},"canonical":"https:\/\/noticiaempauta.com\/portal\/picos-recebera-mutirao-do-amei-com-mais-de-500-consultas-e-exames-especializados\/","og_locale":"pt_BR","og_type":"article","og_title":"Picos receber\u00e1 mutir\u00e3o do AMEI com mais de 500 consultas e exames especializados","og_description":"A cidade de Picos ser\u00e1 contemplada, entre os dias 05 e 07 de setembro, com o mutir\u00e3o do Atendimento M\u00e9dico Especializado Itinerante (AMEI). A a\u00e7\u00e3o, realizada na Central de Diagn\u00f3stico do Estado, vai ofertar consultas e exames gratuitos nas \u00e1reas de dermatologia, ginecologia e urologia, com foco na preven\u00e7\u00e3o e diagn\u00f3stico dos tr\u00eas tipos de [&hellip;]","og_url":"https:\/\/noticiaempauta.com\/portal\/picos-recebera-mutirao-do-amei-com-mais-de-500-consultas-e-exames-especializados\/","og_site_name":"Portal Not\u00edcia em Pauta","article_publisher":"https:\/\/www.facebook.com\/Portal-Notcia-Em-Pauta-102292869264820\/","article_published_time":"2025-09-03T18:04:14+00:00","article_modified_time":"2025-09-03T18:04:15+00:00","og_image":[{"width":960,"height":753,"url":"https:\/\/noticiaempauta.com\/portal\/wp-content\/uploads\/2025\/09\/WhatsApp-Image-2025-09-03-at-12.46.51.jpeg","type":"image\/jpeg"}],"author":"Reda\u00e7\u00e3o","twitter_card":"summary_large_image","twitter_misc":{"Escrito por":"Reda\u00e7\u00e3o","Est. tempo de leitura":"3 minutos"},"schema":{"@context":"https:\/\/schema.org","@graph":[{"@type":"Article","@id":"https:\/\/noticiaempauta.com\/portal\/picos-recebera-mutirao-do-amei-com-mais-de-500-consultas-e-exames-especializados\/#article","isPartOf":{"@id":"https:\/\/noticiaempauta.com\/portal\/picos-recebera-mutirao-do-amei-com-mais-de-500-consultas-e-exames-especializados\/"},"author":{"name":"Reda\u00e7\u00e3o","@id":"https:\/\/noticiaempauta.com\/portal\/#\/schema\/person\/a74af43dd1ab3deca45f988c717d57ac"},"headline":"Picos receber\u00e1 mutir\u00e3o do AMEI com mais de 500 consultas e exames especializados","datePublished":"2025-09-03T18:04:14+00:00","dateModified":"2025-09-03T18:04:15+00:00","mainEntityOfPage":{"@id":"https:\/\/noticiaempauta.com\/portal\/picos-recebera-mutirao-do-amei-com-mais-de-500-consultas-e-exames-especializados\/"},"wordCount":341,"commentCount":0,"publisher":{"@id":"https:\/\/noticiaempauta.com\/portal\/#organization"},"image":{"@id":"https:\/\/noticiaempauta.com\/portal\/picos-recebera-mutirao-do-amei-com-mais-de-500-consultas-e-exames-especializados\/#primaryimage"},"thumbnailUrl":"https:\/\/noticiaempauta.com\/portal\/wp-content\/uploads\/2025\/09\/WhatsApp-Image-2025-09-03-at-12.46.51.jpeg","keywords":["destaqueprincipal"],"articleSection":["Destaques","Geral","Sa\u00fade","Todas as Not\u00edcias"],"inLanguage":"pt-BR","potentialAction":[{"@type":"CommentAction","name":"Comment","target":["https:\/\/noticiaempauta.com\/portal\/picos-recebera-mutirao-do-amei-com-mais-de-500-consultas-e-exames-especializados\/#respond"]}]},{"@type":"WebPage","@id":"https:\/\/noticiaempauta.com\/portal\/picos-recebera-mutirao-do-amei-com-mais-de-500-consultas-e-exames-especializados\/","url":"https:\/\/noticiaempauta.com\/portal\/picos-recebera-mutirao-do-amei-com-mais-de-500-consultas-e-exames-especializados\/","name":"Picos receber\u00e1 mutir\u00e3o do AMEI com mais de 500 consultas e exames especializados - Portal Not\u00edcia em Pauta","isPartOf":{"@id":"https:\/\/noticiaempauta.com\/portal\/#website"},"primaryImageOfPage":{"@id":"https:\/\/noticiaempauta.com\/portal\/picos-recebera-mutirao-do-amei-com-mais-de-500-consultas-e-exames-especializados\/#primaryimage"},"image":{"@id":"https:\/\/noticiaempauta.com\/portal\/picos-recebera-mutirao-do-amei-com-mais-de-500-consultas-e-exames-especializados\/#primaryimage"},"thumbnailUrl":"https:\/\/noticiaempauta.com\/portal\/wp-content\/uploads\/2025\/09\/WhatsApp-Image-2025-09-03-at-12.46.51.jpeg","datePublished":"2025-09-03T18:04:14+00:00","dateModified":"2025-09-03T18:04:15+00:00","breadcrumb":{"@id":"https:\/\/noticiaempauta.com\/portal\/picos-recebera-mutirao-do-amei-com-mais-de-500-consultas-e-exames-especializados\/#breadcrumb"},"inLanguage":"pt-BR","potentialAction":[{"@type":"ReadAction","target":["https:\/\/noticiaempauta.com\/portal\/picos-recebera-mutirao-do-amei-com-mais-de-500-consultas-e-exames-especializados\/"]}]},{"@type":"ImageObject","inLanguage":"pt-BR","@id":"https:\/\/noticiaempauta.com\/portal\/picos-recebera-mutirao-do-amei-com-mais-de-500-consultas-e-exames-especializados\/#primaryimage","url":"https:\/\/noticiaempauta.com\/portal\/wp-content\/uploads\/2025\/09\/WhatsApp-Image-2025-09-03-at-12.46.51.jpeg","contentUrl":"https:\/\/noticiaempauta.com\/portal\/wp-content\/uploads\/2025\/09\/WhatsApp-Image-2025-09-03-at-12.46.51.jpeg","width":960,"height":753},{"@type":"BreadcrumbList","@id":"https:\/\/noticiaempauta.com\/portal\/picos-recebera-mutirao-do-amei-com-mais-de-500-consultas-e-exames-especializados\/#breadcrumb","itemListElement":[{"@type":"ListItem","position":1,"name":"P\u00e1gina Inicial","item":"https:\/\/noticiaempauta.com\/portal\/"},{"@type":"ListItem","position":2,"name":"Destaques","item":"https:\/\/noticiaempauta.com\/portal\/destaques-site\/"},{"@type":"ListItem","position":3,"name":"Picos receber\u00e1 mutir\u00e3o do AMEI com mais de 500 consultas e exames especializados"}]},{"@type":"WebSite","@id":"https:\/\/noticiaempauta.com\/portal\/#website","url":"https:\/\/noticiaempauta.com\/portal\/","name":"Portal Not\u00edcia em Pauta","description":"Voc\u00ea bem informado","publisher":{"@id":"https:\/\/noticiaempauta.com\/portal\/#organization"},"potentialAction":[{"@type":"SearchAction","target":{"@type":"EntryPoint","urlTemplate":"https:\/\/noticiaempauta.com\/portal\/?s={search_term_string}"},"query-input":{"@type":"PropertyValueSpecification","valueRequired":true,"valueName":"search_term_string"}}],"inLanguage":"pt-BR"},{"@type":"Organization","@id":"https:\/\/noticiaempauta.com\/portal\/#organization","name":"Portal Not\u00edcia em Pauta","url":"https:\/\/noticiaempauta.com\/portal\/","logo":{"@type":"ImageObject","inLanguage":"pt-BR","@id":"https:\/\/noticiaempauta.com\/portal\/#\/schema\/logo\/image\/","url":"https:\/\/noticiaempauta.com\/portal\/wp-content\/uploads\/2022\/08\/logomarca_tema.fw_.png","contentUrl":"https:\/\/noticiaempauta.com\/portal\/wp-content\/uploads\/2022\/08\/logomarca_tema.fw_.png","width":400,"height":232,"caption":"Portal Not\u00edcia em Pauta"},"image":{"@id":"https:\/\/noticiaempauta.com\/portal\/#\/schema\/logo\/image\/"},"sameAs":["https:\/\/www.facebook.com\/Portal-Notcia-Em-Pauta-102292869264820\/","https:\/\/www.instagram.com\/portalnoticiaempauta\/"]},{"@type":"Person","@id":"https:\/\/noticiaempauta.com\/portal\/#\/schema\/person\/a74af43dd1ab3deca45f988c717d57ac","name":"Reda\u00e7\u00e3o","image":{"@type":"ImageObject","inLanguage":"pt-BR","@id":"https:\/\/noticiaempauta.com\/portal\/#\/schema\/person\/image\/","url":"https:\/\/secure.gravatar.com\/avatar\/03179346ecce6cdfc13361603e8f54242a90e5cde8618fa23c5c00aa2b0aadf3?s=96&d=mm&r=g","contentUrl":"https:\/\/secure.gravatar.com\/avatar\/03179346ecce6cdfc13361603e8f54242a90e5cde8618fa23c5c00aa2b0aadf3?s=96&d=mm&r=g","caption":"Reda\u00e7\u00e3o"},"sameAs":["https:\/\/noticiaempauta.com\/portal\/"],"url":"https:\/\/noticiaempauta.com\/portal\/author\/fernando\/"}]}},"_links":{"self":[{"href":"https:\/\/noticiaempauta.com\/portal\/wp-json\/wp\/v2\/posts\/277539","targetHints":{"allow":["GET"]}}],"collection":[{"href":"https:\/\/noticiaempauta.com\/portal\/wp-json\/wp\/v2\/posts"}],"about":[{"href":"https:\/\/noticiaempauta.com\/portal\/wp-json\/wp\/v2\/types\/post"}],"author":[{"embeddable":true,"href":"https:\/\/noticiaempauta.com\/portal\/wp-json\/wp\/v2\/users\/2"}],"replies":[{"embeddable":true,"href":"https:\/\/noticiaempauta.com\/portal\/wp-json\/wp\/v2\/comments?post=277539"}],"version-history":[{"count":2,"href":"https:\/\/noticiaempauta.com\/portal\/wp-json\/wp\/v2\/posts\/277539\/revisions"}],"predecessor-version":[{"id":277544,"href":"https:\/\/noticiaempauta.com\/portal\/wp-json\/wp\/v2\/posts\/277539\/revisions\/277544"}],"wp:featuredmedia":[{"embeddable":true,"href":"https:\/\/noticiaempauta.com\/portal\/wp-json\/wp\/v2\/media\/277540"}],"wp:attachment":[{"href":"https:\/\/noticiaempauta.com\/portal\/wp-json\/wp\/v2\/media?parent=277539"}],"wp:term":[{"taxonomy":"category","embeddable":true,"href":"https:\/\/noticiaempauta.com\/portal\/wp-json\/wp\/v2\/categories?post=277539"},{"taxonomy":"post_tag","embeddable":true,"href":"https:\/\/noticiaempauta.com\/portal\/wp-json\/wp\/v2\/tags?post=277539"}],"curies":[{"name":"wp","href":"https:\/\/api.w.org\/{rel}","templated":true}]}}