{"id":277545,"date":"2025-09-03T15:19:49","date_gmt":"2025-09-03T18:19:49","guid":{"rendered":"https:\/\/noticiaempauta.com\/portal\/?p=277545"},"modified":"2025-09-03T15:19:50","modified_gmt":"2025-09-03T18:19:50","slug":"operacao-de-combate-ao-trafico-de-drogas-e-deflagrada-e-cumpre-19-mandados-em-picos-e-regiao","status":"publish","type":"post","link":"https:\/\/noticiaempauta.com\/portal\/operacao-de-combate-ao-trafico-de-drogas-e-deflagrada-e-cumpre-19-mandados-em-picos-e-regiao\/","title":{"rendered":"Opera\u00e7\u00e3o de combate ao tr\u00e1fico de drogas \u00e9 deflagrada e cumpre 19 mandados em Picos e regi\u00e3o"},"content":{"rendered":"\n<p>Na manh\u00e3 desta quarta-feira, 3 de setembro, a Pol\u00edcia Civil do Piau\u00ed, por meio da Divis\u00e3o de Repress\u00e3o ao Tr\u00e1fico de Drogas de Picos (DFHT), em parceria com a Pol\u00edcia Militar, deflagrou a segunda fase da Opera\u00e7\u00e3o Punar\u00e9, investiga\u00e7\u00e3o iniciada em 2019 e que vem sendo aprofundada ao longo dos \u00faltimos anos.<\/p>\n\n\n\n<figure class=\"wp-block-image size-full\"><img fetchpriority=\"high\" decoding=\"async\" width=\"790\" height=\"592\" src=\"https:\/\/noticiaempauta.com\/portal\/wp-content\/uploads\/2025\/09\/ab2a162a23f28957680c124c97b427e6.jpg\" alt=\"\" class=\"wp-image-277546\" srcset=\"https:\/\/noticiaempauta.com\/portal\/wp-content\/uploads\/2025\/09\/ab2a162a23f28957680c124c97b427e6.jpg 790w, https:\/\/noticiaempauta.com\/portal\/wp-content\/uploads\/2025\/09\/ab2a162a23f28957680c124c97b427e6-300x225.jpg 300w, https:\/\/noticiaempauta.com\/portal\/wp-content\/uploads\/2025\/09\/ab2a162a23f28957680c124c97b427e6-768x576.jpg 768w\" sizes=\"(max-width: 790px) 100vw, 790px\" \/><\/figure>\n\n\n\n<p>De acordo com a Pol\u00edcia Civil, foram cumpridos 19 mandados de busca e apreens\u00e3o nas cidades de Picos, Sussuapara e Francisco Santos, a maioria deles concentrados nos bairros Morada do Sol e Quilombo, em Picos.<\/p>\n\n\n\n<p>Durante o cumprimento das ordens judiciais, uma pessoa foi presa em flagrante por posse irregular de arma de fogo. Al\u00e9m disso, foram apreendidos armas, muni\u00e7\u00f5es, dinheiro, ve\u00edculos e celulares, que passar\u00e3o por an\u00e1lise e ser\u00e3o incorporados \u00e0s investiga\u00e7\u00f5es.<\/p>\n\n\n\n<figure class=\"wp-block-image size-full\"><img decoding=\"async\" width=\"522\" height=\"650\" src=\"https:\/\/noticiaempauta.com\/portal\/wp-content\/uploads\/2025\/09\/aa4c57e82d6447a9b928bc7ebc144a3b.jpeg\" alt=\"\" class=\"wp-image-277547\" srcset=\"https:\/\/noticiaempauta.com\/portal\/wp-content\/uploads\/2025\/09\/aa4c57e82d6447a9b928bc7ebc144a3b.jpeg 522w, https:\/\/noticiaempauta.com\/portal\/wp-content\/uploads\/2025\/09\/aa4c57e82d6447a9b928bc7ebc144a3b-241x300.jpeg 241w\" sizes=\"(max-width: 522px) 100vw, 522px\" \/><\/figure>\n\n\n\n<p>A delegada Robiane Nunes, titular da DFHT de Picos, explicou que o objetivo principal da a\u00e7\u00e3o \u00e9 coletar novas provas que fortale\u00e7am a investiga\u00e7\u00e3o sobre grupos criminosos ligados ao tr\u00e1fico de drogas na regi\u00e3o.<\/p>\n\n\n\n<p>\u201cEssa opera\u00e7\u00e3o n\u00e3o tem liga\u00e7\u00e3o direta com a a\u00e7\u00e3o realizada no m\u00eas passado, mas alcan\u00e7a outro grupo tamb\u00e9m relacionado ao tr\u00e1fico de drogas em Picos. Nosso trabalho busca aprofundar as investiga\u00e7\u00f5es e desarticular organiza\u00e7\u00f5es que alimentam a criminalidade local\u201d, destacou.<\/p>\n\n\n\n<figure class=\"wp-block-image size-large\"><img decoding=\"async\" width=\"1024\" height=\"682\" src=\"https:\/\/noticiaempauta.com\/portal\/wp-content\/uploads\/2025\/09\/batch_WhatsApp-Image-2025-09-03-at-11.32.10-1024x682.jpeg\" alt=\"\" class=\"wp-image-277548\" srcset=\"https:\/\/noticiaempauta.com\/portal\/wp-content\/uploads\/2025\/09\/batch_WhatsApp-Image-2025-09-03-at-11.32.10-1024x682.jpeg 1024w, https:\/\/noticiaempauta.com\/portal\/wp-content\/uploads\/2025\/09\/batch_WhatsApp-Image-2025-09-03-at-11.32.10-300x200.jpeg 300w, https:\/\/noticiaempauta.com\/portal\/wp-content\/uploads\/2025\/09\/batch_WhatsApp-Image-2025-09-03-at-11.32.10-768x511.jpeg 768w, https:\/\/noticiaempauta.com\/portal\/wp-content\/uploads\/2025\/09\/batch_WhatsApp-Image-2025-09-03-at-11.32.10.jpeg 1280w\" sizes=\"(max-width: 1024px) 100vw, 1024px\" \/><\/figure>\n\n\n\n<p>O comandante do 4\u00ba Batalh\u00e3o da Pol\u00edcia Militar de Picos, tenente-coronel Felipe, ressaltou que a opera\u00e7\u00e3o teve o apoio de v\u00e1rias unidades especializadas, como Batalh\u00e3o Especial de Policiamento do Interior (BEPI), 4\u00ba BPM, For\u00e7a T\u00e1tica, ROCAM, Canil e Intelig\u00eancia da PM.<\/p>\n\n\n\n<p>\u201cEssas opera\u00e7\u00f5es t\u00eam como finalidade desarticular quadrilhas e fac\u00e7\u00f5es, entender a din\u00e2mica da criminalidade ligada ao tr\u00e1fico de drogas e, consequentemente, reduzir os homic\u00eddios que est\u00e3o diretamente associados a disputas por territ\u00f3rio do tr\u00e1fico na regi\u00e3o\u201d, afirmou.<\/p>\n\n\n\n<p>A Opera\u00e7\u00e3o Punar\u00e9 faz parte de uma s\u00e9rie de a\u00e7\u00f5es conjuntas entre Pol\u00edcia Civil e Pol\u00edcia Militar, realizadas com o objetivo de dar resposta \u00e0 sociedade e combater os crimes relacionados ao tr\u00e1fico de drogas e homic\u00eddios em Picos e cidades vizinhas.<\/p>\n\n\n\n<p><strong><em>Fonte: Cidades na Net<\/em><\/strong><\/p>\n","protected":false},"excerpt":{"rendered":"<p>Na manh\u00e3 desta quarta-feira, 3 de setembro, a Pol\u00edcia Civil do Piau\u00ed, por meio da Divis\u00e3o de Repress\u00e3o ao Tr\u00e1fico de Drogas de Picos (DFHT), em parceria com a Pol\u00edcia Militar, deflagrou a segunda fase da Opera\u00e7\u00e3o Punar\u00e9, investiga\u00e7\u00e3o iniciada em 2019 e que vem sendo aprofundada ao longo dos \u00faltimos anos. De acordo com [&hellip;]<\/p>\n","protected":false},"author":2,"featured_media":277546,"comment_status":"open","ping_status":"open","sticky":false,"template":"","format":"standard","meta":{"_mi_skip_tracking":false,"footnotes":""},"categories":[25,1,137,16],"tags":[192],"class_list":["post-277545","post","type-post","status-publish","format-standard","has-post-thumbnail","hentry","category-destaques-site","category-geral","category-policia","category-todas","tag-destaqueprincipal"],"acf":[],"yoast_head":"<!-- This site is optimized with the Yoast SEO Premium plugin v19.2 (Yoast SEO v26.9) - https:\/\/yoast.com\/product\/yoast-seo-premium-wordpress\/ -->\n<title>Opera\u00e7\u00e3o de combate ao tr\u00e1fico de drogas \u00e9 deflagrada e cumpre 19 mandados em Picos e regi\u00e3o - Portal Not\u00edcia em Pauta<\/title>\n<meta name=\"robots\" content=\"index, follow, max-snippet:-1, max-image-preview:large, max-video-preview:-1\" \/>\n<link rel=\"canonical\" href=\"https:\/\/noticiaempauta.com\/portal\/operacao-de-combate-ao-trafico-de-drogas-e-deflagrada-e-cumpre-19-mandados-em-picos-e-regiao\/\" \/>\n<meta property=\"og:locale\" content=\"pt_BR\" \/>\n<meta property=\"og:type\" content=\"article\" \/>\n<meta property=\"og:title\" content=\"Opera\u00e7\u00e3o de combate ao tr\u00e1fico de drogas \u00e9 deflagrada e cumpre 19 mandados em Picos e regi\u00e3o\" \/>\n<meta property=\"og:description\" content=\"Na manh\u00e3 desta quarta-feira, 3 de setembro, a Pol\u00edcia Civil do Piau\u00ed, por meio da Divis\u00e3o de Repress\u00e3o ao Tr\u00e1fico de Drogas de Picos (DFHT), em parceria com a Pol\u00edcia Militar, deflagrou a segunda fase da Opera\u00e7\u00e3o Punar\u00e9, investiga\u00e7\u00e3o iniciada em 2019 e que vem sendo aprofundada ao longo dos \u00faltimos anos. De acordo com [&hellip;]\" \/>\n<meta property=\"og:url\" content=\"https:\/\/noticiaempauta.com\/portal\/operacao-de-combate-ao-trafico-de-drogas-e-deflagrada-e-cumpre-19-mandados-em-picos-e-regiao\/\" \/>\n<meta property=\"og:site_name\" content=\"Portal Not\u00edcia em Pauta\" \/>\n<meta property=\"article:publisher\" content=\"https:\/\/www.facebook.com\/Portal-Notcia-Em-Pauta-102292869264820\/\" \/>\n<meta property=\"article:published_time\" content=\"2025-09-03T18:19:49+00:00\" \/>\n<meta property=\"article:modified_time\" content=\"2025-09-03T18:19:50+00:00\" \/>\n<meta property=\"og:image\" content=\"https:\/\/noticiaempauta.com\/portal\/wp-content\/uploads\/2025\/09\/ab2a162a23f28957680c124c97b427e6.jpg\" \/>\n\t<meta property=\"og:image:width\" content=\"790\" \/>\n\t<meta property=\"og:image:height\" content=\"592\" \/>\n\t<meta property=\"og:image:type\" content=\"image\/jpeg\" \/>\n<meta name=\"author\" content=\"Reda\u00e7\u00e3o\" \/>\n<meta name=\"twitter:card\" content=\"summary_large_image\" \/>\n<meta name=\"twitter:label1\" content=\"Escrito por\" \/>\n\t<meta name=\"twitter:data1\" content=\"Reda\u00e7\u00e3o\" \/>\n\t<meta name=\"twitter:label2\" content=\"Est. tempo de leitura\" \/>\n\t<meta name=\"twitter:data2\" content=\"3 minutos\" \/>\n<script type=\"application\/ld+json\" class=\"yoast-schema-graph\">{\"@context\":\"https:\/\/schema.org\",\"@graph\":[{\"@type\":\"Article\",\"@id\":\"https:\/\/noticiaempauta.com\/portal\/operacao-de-combate-ao-trafico-de-drogas-e-deflagrada-e-cumpre-19-mandados-em-picos-e-regiao\/#article\",\"isPartOf\":{\"@id\":\"https:\/\/noticiaempauta.com\/portal\/operacao-de-combate-ao-trafico-de-drogas-e-deflagrada-e-cumpre-19-mandados-em-picos-e-regiao\/\"},\"author\":{\"name\":\"Reda\u00e7\u00e3o\",\"@id\":\"https:\/\/noticiaempauta.com\/portal\/#\/schema\/person\/a74af43dd1ab3deca45f988c717d57ac\"},\"headline\":\"Opera\u00e7\u00e3o de combate ao tr\u00e1fico de drogas \u00e9 deflagrada e cumpre 19 mandados em Picos e regi\u00e3o\",\"datePublished\":\"2025-09-03T18:19:49+00:00\",\"dateModified\":\"2025-09-03T18:19:50+00:00\",\"mainEntityOfPage\":{\"@id\":\"https:\/\/noticiaempauta.com\/portal\/operacao-de-combate-ao-trafico-de-drogas-e-deflagrada-e-cumpre-19-mandados-em-picos-e-regiao\/\"},\"wordCount\":390,\"commentCount\":0,\"publisher\":{\"@id\":\"https:\/\/noticiaempauta.com\/portal\/#organization\"},\"image\":{\"@id\":\"https:\/\/noticiaempauta.com\/portal\/operacao-de-combate-ao-trafico-de-drogas-e-deflagrada-e-cumpre-19-mandados-em-picos-e-regiao\/#primaryimage\"},\"thumbnailUrl\":\"https:\/\/noticiaempauta.com\/portal\/wp-content\/uploads\/2025\/09\/ab2a162a23f28957680c124c97b427e6.jpg\",\"keywords\":[\"destaqueprincipal\"],\"articleSection\":[\"Destaques\",\"Geral\",\"Pol\u00edcia\",\"Todas as Not\u00edcias\"],\"inLanguage\":\"pt-BR\",\"potentialAction\":[{\"@type\":\"CommentAction\",\"name\":\"Comment\",\"target\":[\"https:\/\/noticiaempauta.com\/portal\/operacao-de-combate-ao-trafico-de-drogas-e-deflagrada-e-cumpre-19-mandados-em-picos-e-regiao\/#respond\"]}]},{\"@type\":\"WebPage\",\"@id\":\"https:\/\/noticiaempauta.com\/portal\/operacao-de-combate-ao-trafico-de-drogas-e-deflagrada-e-cumpre-19-mandados-em-picos-e-regiao\/\",\"url\":\"https:\/\/noticiaempauta.com\/portal\/operacao-de-combate-ao-trafico-de-drogas-e-deflagrada-e-cumpre-19-mandados-em-picos-e-regiao\/\",\"name\":\"Opera\u00e7\u00e3o de combate ao tr\u00e1fico de drogas \u00e9 deflagrada e cumpre 19 mandados em Picos e regi\u00e3o - Portal Not\u00edcia em Pauta\",\"isPartOf\":{\"@id\":\"https:\/\/noticiaempauta.com\/portal\/#website\"},\"primaryImageOfPage\":{\"@id\":\"https:\/\/noticiaempauta.com\/portal\/operacao-de-combate-ao-trafico-de-drogas-e-deflagrada-e-cumpre-19-mandados-em-picos-e-regiao\/#primaryimage\"},\"image\":{\"@id\":\"https:\/\/noticiaempauta.com\/portal\/operacao-de-combate-ao-trafico-de-drogas-e-deflagrada-e-cumpre-19-mandados-em-picos-e-regiao\/#primaryimage\"},\"thumbnailUrl\":\"https:\/\/noticiaempauta.com\/portal\/wp-content\/uploads\/2025\/09\/ab2a162a23f28957680c124c97b427e6.jpg\",\"datePublished\":\"2025-09-03T18:19:49+00:00\",\"dateModified\":\"2025-09-03T18:19:50+00:00\",\"breadcrumb\":{\"@id\":\"https:\/\/noticiaempauta.com\/portal\/operacao-de-combate-ao-trafico-de-drogas-e-deflagrada-e-cumpre-19-mandados-em-picos-e-regiao\/#breadcrumb\"},\"inLanguage\":\"pt-BR\",\"potentialAction\":[{\"@type\":\"ReadAction\",\"target\":[\"https:\/\/noticiaempauta.com\/portal\/operacao-de-combate-ao-trafico-de-drogas-e-deflagrada-e-cumpre-19-mandados-em-picos-e-regiao\/\"]}]},{\"@type\":\"ImageObject\",\"inLanguage\":\"pt-BR\",\"@id\":\"https:\/\/noticiaempauta.com\/portal\/operacao-de-combate-ao-trafico-de-drogas-e-deflagrada-e-cumpre-19-mandados-em-picos-e-regiao\/#primaryimage\",\"url\":\"https:\/\/noticiaempauta.com\/portal\/wp-content\/uploads\/2025\/09\/ab2a162a23f28957680c124c97b427e6.jpg\",\"contentUrl\":\"https:\/\/noticiaempauta.com\/portal\/wp-content\/uploads\/2025\/09\/ab2a162a23f28957680c124c97b427e6.jpg\",\"width\":790,\"height\":592},{\"@type\":\"BreadcrumbList\",\"@id\":\"https:\/\/noticiaempauta.com\/portal\/operacao-de-combate-ao-trafico-de-drogas-e-deflagrada-e-cumpre-19-mandados-em-picos-e-regiao\/#breadcrumb\",\"itemListElement\":[{\"@type\":\"ListItem\",\"position\":1,\"name\":\"P\u00e1gina Inicial\",\"item\":\"https:\/\/noticiaempauta.com\/portal\/\"},{\"@type\":\"ListItem\",\"position\":2,\"name\":\"Destaques\",\"item\":\"https:\/\/noticiaempauta.com\/portal\/destaques-site\/\"},{\"@type\":\"ListItem\",\"position\":3,\"name\":\"Opera\u00e7\u00e3o de combate ao tr\u00e1fico de drogas \u00e9 deflagrada e cumpre 19 mandados em Picos e regi\u00e3o\"}]},{\"@type\":\"WebSite\",\"@id\":\"https:\/\/noticiaempauta.com\/portal\/#website\",\"url\":\"https:\/\/noticiaempauta.com\/portal\/\",\"name\":\"Portal Not\u00edcia em Pauta\",\"description\":\"Voc\u00ea bem informado\",\"publisher\":{\"@id\":\"https:\/\/noticiaempauta.com\/portal\/#organization\"},\"potentialAction\":[{\"@type\":\"SearchAction\",\"target\":{\"@type\":\"EntryPoint\",\"urlTemplate\":\"https:\/\/noticiaempauta.com\/portal\/?s={search_term_string}\"},\"query-input\":{\"@type\":\"PropertyValueSpecification\",\"valueRequired\":true,\"valueName\":\"search_term_string\"}}],\"inLanguage\":\"pt-BR\"},{\"@type\":\"Organization\",\"@id\":\"https:\/\/noticiaempauta.com\/portal\/#organization\",\"name\":\"Portal Not\u00edcia em Pauta\",\"url\":\"https:\/\/noticiaempauta.com\/portal\/\",\"logo\":{\"@type\":\"ImageObject\",\"inLanguage\":\"pt-BR\",\"@id\":\"https:\/\/noticiaempauta.com\/portal\/#\/schema\/logo\/image\/\",\"url\":\"https:\/\/noticiaempauta.com\/portal\/wp-content\/uploads\/2022\/08\/logomarca_tema.fw_.png\",\"contentUrl\":\"https:\/\/noticiaempauta.com\/portal\/wp-content\/uploads\/2022\/08\/logomarca_tema.fw_.png\",\"width\":400,\"height\":232,\"caption\":\"Portal Not\u00edcia em Pauta\"},\"image\":{\"@id\":\"https:\/\/noticiaempauta.com\/portal\/#\/schema\/logo\/image\/\"},\"sameAs\":[\"https:\/\/www.facebook.com\/Portal-Notcia-Em-Pauta-102292869264820\/\",\"https:\/\/www.instagram.com\/portalnoticiaempauta\/\"]},{\"@type\":\"Person\",\"@id\":\"https:\/\/noticiaempauta.com\/portal\/#\/schema\/person\/a74af43dd1ab3deca45f988c717d57ac\",\"name\":\"Reda\u00e7\u00e3o\",\"image\":{\"@type\":\"ImageObject\",\"inLanguage\":\"pt-BR\",\"@id\":\"https:\/\/noticiaempauta.com\/portal\/#\/schema\/person\/image\/\",\"url\":\"https:\/\/secure.gravatar.com\/avatar\/03179346ecce6cdfc13361603e8f54242a90e5cde8618fa23c5c00aa2b0aadf3?s=96&d=mm&r=g\",\"contentUrl\":\"https:\/\/secure.gravatar.com\/avatar\/03179346ecce6cdfc13361603e8f54242a90e5cde8618fa23c5c00aa2b0aadf3?s=96&d=mm&r=g\",\"caption\":\"Reda\u00e7\u00e3o\"},\"sameAs\":[\"https:\/\/noticiaempauta.com\/portal\/\"],\"url\":\"https:\/\/noticiaempauta.com\/portal\/author\/fernando\/\"}]}<\/script>\n<!-- \/ Yoast SEO Premium plugin. -->","yoast_head_json":{"title":"Opera\u00e7\u00e3o de combate ao tr\u00e1fico de drogas \u00e9 deflagrada e cumpre 19 mandados em Picos e regi\u00e3o - Portal Not\u00edcia em Pauta","robots":{"index":"index","follow":"follow","max-snippet":"max-snippet:-1","max-image-preview":"max-image-preview:large","max-video-preview":"max-video-preview:-1"},"canonical":"https:\/\/noticiaempauta.com\/portal\/operacao-de-combate-ao-trafico-de-drogas-e-deflagrada-e-cumpre-19-mandados-em-picos-e-regiao\/","og_locale":"pt_BR","og_type":"article","og_title":"Opera\u00e7\u00e3o de combate ao tr\u00e1fico de drogas \u00e9 deflagrada e cumpre 19 mandados em Picos e regi\u00e3o","og_description":"Na manh\u00e3 desta quarta-feira, 3 de setembro, a Pol\u00edcia Civil do Piau\u00ed, por meio da Divis\u00e3o de Repress\u00e3o ao Tr\u00e1fico de Drogas de Picos (DFHT), em parceria com a Pol\u00edcia Militar, deflagrou a segunda fase da Opera\u00e7\u00e3o Punar\u00e9, investiga\u00e7\u00e3o iniciada em 2019 e que vem sendo aprofundada ao longo dos \u00faltimos anos. De acordo com [&hellip;]","og_url":"https:\/\/noticiaempauta.com\/portal\/operacao-de-combate-ao-trafico-de-drogas-e-deflagrada-e-cumpre-19-mandados-em-picos-e-regiao\/","og_site_name":"Portal Not\u00edcia em Pauta","article_publisher":"https:\/\/www.facebook.com\/Portal-Notcia-Em-Pauta-102292869264820\/","article_published_time":"2025-09-03T18:19:49+00:00","article_modified_time":"2025-09-03T18:19:50+00:00","og_image":[{"width":790,"height":592,"url":"https:\/\/noticiaempauta.com\/portal\/wp-content\/uploads\/2025\/09\/ab2a162a23f28957680c124c97b427e6.jpg","type":"image\/jpeg"}],"author":"Reda\u00e7\u00e3o","twitter_card":"summary_large_image","twitter_misc":{"Escrito por":"Reda\u00e7\u00e3o","Est. tempo de leitura":"3 minutos"},"schema":{"@context":"https:\/\/schema.org","@graph":[{"@type":"Article","@id":"https:\/\/noticiaempauta.com\/portal\/operacao-de-combate-ao-trafico-de-drogas-e-deflagrada-e-cumpre-19-mandados-em-picos-e-regiao\/#article","isPartOf":{"@id":"https:\/\/noticiaempauta.com\/portal\/operacao-de-combate-ao-trafico-de-drogas-e-deflagrada-e-cumpre-19-mandados-em-picos-e-regiao\/"},"author":{"name":"Reda\u00e7\u00e3o","@id":"https:\/\/noticiaempauta.com\/portal\/#\/schema\/person\/a74af43dd1ab3deca45f988c717d57ac"},"headline":"Opera\u00e7\u00e3o de combate ao tr\u00e1fico de drogas \u00e9 deflagrada e cumpre 19 mandados em Picos e regi\u00e3o","datePublished":"2025-09-03T18:19:49+00:00","dateModified":"2025-09-03T18:19:50+00:00","mainEntityOfPage":{"@id":"https:\/\/noticiaempauta.com\/portal\/operacao-de-combate-ao-trafico-de-drogas-e-deflagrada-e-cumpre-19-mandados-em-picos-e-regiao\/"},"wordCount":390,"commentCount":0,"publisher":{"@id":"https:\/\/noticiaempauta.com\/portal\/#organization"},"image":{"@id":"https:\/\/noticiaempauta.com\/portal\/operacao-de-combate-ao-trafico-de-drogas-e-deflagrada-e-cumpre-19-mandados-em-picos-e-regiao\/#primaryimage"},"thumbnailUrl":"https:\/\/noticiaempauta.com\/portal\/wp-content\/uploads\/2025\/09\/ab2a162a23f28957680c124c97b427e6.jpg","keywords":["destaqueprincipal"],"articleSection":["Destaques","Geral","Pol\u00edcia","Todas as Not\u00edcias"],"inLanguage":"pt-BR","potentialAction":[{"@type":"CommentAction","name":"Comment","target":["https:\/\/noticiaempauta.com\/portal\/operacao-de-combate-ao-trafico-de-drogas-e-deflagrada-e-cumpre-19-mandados-em-picos-e-regiao\/#respond"]}]},{"@type":"WebPage","@id":"https:\/\/noticiaempauta.com\/portal\/operacao-de-combate-ao-trafico-de-drogas-e-deflagrada-e-cumpre-19-mandados-em-picos-e-regiao\/","url":"https:\/\/noticiaempauta.com\/portal\/operacao-de-combate-ao-trafico-de-drogas-e-deflagrada-e-cumpre-19-mandados-em-picos-e-regiao\/","name":"Opera\u00e7\u00e3o de combate ao tr\u00e1fico de drogas \u00e9 deflagrada e cumpre 19 mandados em Picos e regi\u00e3o - Portal Not\u00edcia em Pauta","isPartOf":{"@id":"https:\/\/noticiaempauta.com\/portal\/#website"},"primaryImageOfPage":{"@id":"https:\/\/noticiaempauta.com\/portal\/operacao-de-combate-ao-trafico-de-drogas-e-deflagrada-e-cumpre-19-mandados-em-picos-e-regiao\/#primaryimage"},"image":{"@id":"https:\/\/noticiaempauta.com\/portal\/operacao-de-combate-ao-trafico-de-drogas-e-deflagrada-e-cumpre-19-mandados-em-picos-e-regiao\/#primaryimage"},"thumbnailUrl":"https:\/\/noticiaempauta.com\/portal\/wp-content\/uploads\/2025\/09\/ab2a162a23f28957680c124c97b427e6.jpg","datePublished":"2025-09-03T18:19:49+00:00","dateModified":"2025-09-03T18:19:50+00:00","breadcrumb":{"@id":"https:\/\/noticiaempauta.com\/portal\/operacao-de-combate-ao-trafico-de-drogas-e-deflagrada-e-cumpre-19-mandados-em-picos-e-regiao\/#breadcrumb"},"inLanguage":"pt-BR","potentialAction":[{"@type":"ReadAction","target":["https:\/\/noticiaempauta.com\/portal\/operacao-de-combate-ao-trafico-de-drogas-e-deflagrada-e-cumpre-19-mandados-em-picos-e-regiao\/"]}]},{"@type":"ImageObject","inLanguage":"pt-BR","@id":"https:\/\/noticiaempauta.com\/portal\/operacao-de-combate-ao-trafico-de-drogas-e-deflagrada-e-cumpre-19-mandados-em-picos-e-regiao\/#primaryimage","url":"https:\/\/noticiaempauta.com\/portal\/wp-content\/uploads\/2025\/09\/ab2a162a23f28957680c124c97b427e6.jpg","contentUrl":"https:\/\/noticiaempauta.com\/portal\/wp-content\/uploads\/2025\/09\/ab2a162a23f28957680c124c97b427e6.jpg","width":790,"height":592},{"@type":"BreadcrumbList","@id":"https:\/\/noticiaempauta.com\/portal\/operacao-de-combate-ao-trafico-de-drogas-e-deflagrada-e-cumpre-19-mandados-em-picos-e-regiao\/#breadcrumb","itemListElement":[{"@type":"ListItem","position":1,"name":"P\u00e1gina Inicial","item":"https:\/\/noticiaempauta.com\/portal\/"},{"@type":"ListItem","position":2,"name":"Destaques","item":"https:\/\/noticiaempauta.com\/portal\/destaques-site\/"},{"@type":"ListItem","position":3,"name":"Opera\u00e7\u00e3o de combate ao tr\u00e1fico de drogas \u00e9 deflagrada e cumpre 19 mandados em Picos e regi\u00e3o"}]},{"@type":"WebSite","@id":"https:\/\/noticiaempauta.com\/portal\/#website","url":"https:\/\/noticiaempauta.com\/portal\/","name":"Portal Not\u00edcia em Pauta","description":"Voc\u00ea bem informado","publisher":{"@id":"https:\/\/noticiaempauta.com\/portal\/#organization"},"potentialAction":[{"@type":"SearchAction","target":{"@type":"EntryPoint","urlTemplate":"https:\/\/noticiaempauta.com\/portal\/?s={search_term_string}"},"query-input":{"@type":"PropertyValueSpecification","valueRequired":true,"valueName":"search_term_string"}}],"inLanguage":"pt-BR"},{"@type":"Organization","@id":"https:\/\/noticiaempauta.com\/portal\/#organization","name":"Portal Not\u00edcia em Pauta","url":"https:\/\/noticiaempauta.com\/portal\/","logo":{"@type":"ImageObject","inLanguage":"pt-BR","@id":"https:\/\/noticiaempauta.com\/portal\/#\/schema\/logo\/image\/","url":"https:\/\/noticiaempauta.com\/portal\/wp-content\/uploads\/2022\/08\/logomarca_tema.fw_.png","contentUrl":"https:\/\/noticiaempauta.com\/portal\/wp-content\/uploads\/2022\/08\/logomarca_tema.fw_.png","width":400,"height":232,"caption":"Portal Not\u00edcia em Pauta"},"image":{"@id":"https:\/\/noticiaempauta.com\/portal\/#\/schema\/logo\/image\/"},"sameAs":["https:\/\/www.facebook.com\/Portal-Notcia-Em-Pauta-102292869264820\/","https:\/\/www.instagram.com\/portalnoticiaempauta\/"]},{"@type":"Person","@id":"https:\/\/noticiaempauta.com\/portal\/#\/schema\/person\/a74af43dd1ab3deca45f988c717d57ac","name":"Reda\u00e7\u00e3o","image":{"@type":"ImageObject","inLanguage":"pt-BR","@id":"https:\/\/noticiaempauta.com\/portal\/#\/schema\/person\/image\/","url":"https:\/\/secure.gravatar.com\/avatar\/03179346ecce6cdfc13361603e8f54242a90e5cde8618fa23c5c00aa2b0aadf3?s=96&d=mm&r=g","contentUrl":"https:\/\/secure.gravatar.com\/avatar\/03179346ecce6cdfc13361603e8f54242a90e5cde8618fa23c5c00aa2b0aadf3?s=96&d=mm&r=g","caption":"Reda\u00e7\u00e3o"},"sameAs":["https:\/\/noticiaempauta.com\/portal\/"],"url":"https:\/\/noticiaempauta.com\/portal\/author\/fernando\/"}]}},"_links":{"self":[{"href":"https:\/\/noticiaempauta.com\/portal\/wp-json\/wp\/v2\/posts\/277545","targetHints":{"allow":["GET"]}}],"collection":[{"href":"https:\/\/noticiaempauta.com\/portal\/wp-json\/wp\/v2\/posts"}],"about":[{"href":"https:\/\/noticiaempauta.com\/portal\/wp-json\/wp\/v2\/types\/post"}],"author":[{"embeddable":true,"href":"https:\/\/noticiaempauta.com\/portal\/wp-json\/wp\/v2\/users\/2"}],"replies":[{"embeddable":true,"href":"https:\/\/noticiaempauta.com\/portal\/wp-json\/wp\/v2\/comments?post=277545"}],"version-history":[{"count":2,"href":"https:\/\/noticiaempauta.com\/portal\/wp-json\/wp\/v2\/posts\/277545\/revisions"}],"predecessor-version":[{"id":277550,"href":"https:\/\/noticiaempauta.com\/portal\/wp-json\/wp\/v2\/posts\/277545\/revisions\/277550"}],"wp:featuredmedia":[{"embeddable":true,"href":"https:\/\/noticiaempauta.com\/portal\/wp-json\/wp\/v2\/media\/277546"}],"wp:attachment":[{"href":"https:\/\/noticiaempauta.com\/portal\/wp-json\/wp\/v2\/media?parent=277545"}],"wp:term":[{"taxonomy":"category","embeddable":true,"href":"https:\/\/noticiaempauta.com\/portal\/wp-json\/wp\/v2\/categories?post=277545"},{"taxonomy":"post_tag","embeddable":true,"href":"https:\/\/noticiaempauta.com\/portal\/wp-json\/wp\/v2\/tags?post=277545"}],"curies":[{"name":"wp","href":"https:\/\/api.w.org\/{rel}","templated":true}]}}