{"id":277551,"date":"2025-09-03T15:38:25","date_gmt":"2025-09-03T18:38:25","guid":{"rendered":"https:\/\/noticiaempauta.com\/portal\/?p=277551"},"modified":"2025-09-03T15:38:26","modified_gmt":"2025-09-03T18:38:26","slug":"vereador-e-condenado-a-25-anos-de-prisao-por-estupro-de-adolescente-no-piaui","status":"publish","type":"post","link":"https:\/\/noticiaempauta.com\/portal\/vereador-e-condenado-a-25-anos-de-prisao-por-estupro-de-adolescente-no-piaui\/","title":{"rendered":"Vereador \u00e9 condenado a 25 anos de pris\u00e3o por estupro de adolescente no Piau\u00ed"},"content":{"rendered":"\n<p>O\u00a0vereador Jacinto Costa Moraes\u00a0(MDB), da cidade de Bom Princ\u00edpio do Piau\u00ed, foi condenado a 25 anos de pris\u00e3o em regime fechado pelo\u00a0estupro de uma adolescente de 14 anos. De acordo com a decis\u00e3o, proferida nesta ter\u00e7a-feira (2), o parlamentar n\u00e3o poder\u00e1 recorrer da decis\u00e3o em liberdade e permanecer\u00e1 preso na Penitenci\u00e1ria Mista de Parna\u00edba, onde est\u00e1 custodiado desde o \u00faltimo dia 19 de maio.\u00a0<\/p>\n\n\n\n<p>O caso ocorreu em 2018, quando a v\u00edtima tinha apenas 11 anos de idade, mas s\u00f3 foi denunciado ao Conselho Tutelar em 2021, quando\u00a0Jacinto Moraes tamb\u00e9m foi apontado como suspeito pelo abuso sexual\u00a0contra outras duas menores de idade. Segundo as investiga\u00e7\u00f5es, Jacinto Moraes mantinha um relacionamento sigiloso com a jovem desde que ela tinha 11 anos. A rela\u00e7\u00e3o s\u00f3 se tornou p\u00fablica quando ela completou 14 anos.\u00a0<\/p>\n\n\n\n<p>A investiga\u00e7\u00e3o chegou a ser arquivada devido \u00e0 falta de provas, mas foi reaberta ap\u00f3s \u00e1udios extra\u00eddos do celular da jovem e depoimentos de profissionais do CRAS (Centro de Refer\u00eancia de Assist\u00eancia Social) apontarem para a exist\u00eancia da pr\u00e1tica criminosa. Diante de todo material probat\u00f3rio, a pol\u00edcia decidiu pelo indiciamento do vereador, que foi\u00a0preso preventivamente e afastado da C\u00e2mara Municipal de Bom Princ\u00edpio.\u00a0<\/p>\n\n\n\n<figure class=\"wp-block-image size-full\"><img fetchpriority=\"high\" decoding=\"async\" width=\"598\" height=\"800\" src=\"https:\/\/noticiaempauta.com\/portal\/wp-content\/uploads\/2025\/09\/62bd692e09783e7705feec473537f8f4.jpg\" alt=\"\" class=\"wp-image-277552\" srcset=\"https:\/\/noticiaempauta.com\/portal\/wp-content\/uploads\/2025\/09\/62bd692e09783e7705feec473537f8f4.jpg 598w, https:\/\/noticiaempauta.com\/portal\/wp-content\/uploads\/2025\/09\/62bd692e09783e7705feec473537f8f4-224x300.jpg 224w\" sizes=\"(max-width: 598px) 100vw, 598px\" \/><\/figure>\n\n\n\n<p><strong>Quem \u00e9 Jacinto Moraes?<\/strong><\/p>\n\n\n\n<p>Jacinto Moraes \u00e9 irm\u00e3o do atual prefeito de Bom Princ\u00edpio do Piau\u00ed, Apolin\u00e1rio Moraes (PSB). Ele foi eleito vereador pela primeira vez em 2004. Em 2008, candidatou-se \u00e0 prefeitura, mas foi derrotado. Retornou ao parlamento municipal em 2012 e chegou a ser presidente da Casa Legislativa. As investiga\u00e7\u00f5es indicaram que o parlamentar usava a influ\u00eancia pol\u00edtica para silenciar e intimidar as v\u00edtimas.&nbsp;<\/p>\n\n\n\n<p>Fonte: Cidade Verde<\/p>\n","protected":false},"excerpt":{"rendered":"<p>O\u00a0vereador Jacinto Costa Moraes\u00a0(MDB), da cidade de Bom Princ\u00edpio do Piau\u00ed, foi condenado a 25 anos de pris\u00e3o em regime fechado pelo\u00a0estupro de uma adolescente de 14 anos. De acordo com a decis\u00e3o, proferida nesta ter\u00e7a-feira (2), o parlamentar n\u00e3o poder\u00e1 recorrer da decis\u00e3o em liberdade e permanecer\u00e1 preso na Penitenci\u00e1ria Mista de Parna\u00edba, onde [&hellip;]<\/p>\n","protected":false},"author":2,"featured_media":277553,"comment_status":"open","ping_status":"open","sticky":false,"template":"","format":"standard","meta":{"_mi_skip_tracking":false,"footnotes":""},"categories":[25,1,9,137,16],"tags":[],"class_list":["post-277551","post","type-post","status-publish","format-standard","has-post-thumbnail","hentry","category-destaques-site","category-geral","category-municipios","category-policia","category-todas"],"acf":[],"yoast_head":"<!-- This site is optimized with the Yoast SEO Premium plugin v19.2 (Yoast SEO v26.9) - https:\/\/yoast.com\/product\/yoast-seo-premium-wordpress\/ -->\n<title>Vereador \u00e9 condenado a 25 anos de pris\u00e3o por estupro de adolescente no Piau\u00ed - Portal Not\u00edcia em Pauta<\/title>\n<meta name=\"robots\" content=\"index, follow, max-snippet:-1, max-image-preview:large, max-video-preview:-1\" \/>\n<link rel=\"canonical\" href=\"https:\/\/noticiaempauta.com\/portal\/vereador-e-condenado-a-25-anos-de-prisao-por-estupro-de-adolescente-no-piaui\/\" \/>\n<meta property=\"og:locale\" content=\"pt_BR\" \/>\n<meta property=\"og:type\" content=\"article\" \/>\n<meta property=\"og:title\" content=\"Vereador \u00e9 condenado a 25 anos de pris\u00e3o por estupro de adolescente no Piau\u00ed\" \/>\n<meta property=\"og:description\" content=\"O\u00a0vereador Jacinto Costa Moraes\u00a0(MDB), da cidade de Bom Princ\u00edpio do Piau\u00ed, foi condenado a 25 anos de pris\u00e3o em regime fechado pelo\u00a0estupro de uma adolescente de 14 anos. De acordo com a decis\u00e3o, proferida nesta ter\u00e7a-feira (2), o parlamentar n\u00e3o poder\u00e1 recorrer da decis\u00e3o em liberdade e permanecer\u00e1 preso na Penitenci\u00e1ria Mista de Parna\u00edba, onde [&hellip;]\" \/>\n<meta property=\"og:url\" content=\"https:\/\/noticiaempauta.com\/portal\/vereador-e-condenado-a-25-anos-de-prisao-por-estupro-de-adolescente-no-piaui\/\" \/>\n<meta property=\"og:site_name\" content=\"Portal Not\u00edcia em Pauta\" \/>\n<meta property=\"article:publisher\" content=\"https:\/\/www.facebook.com\/Portal-Notcia-Em-Pauta-102292869264820\/\" \/>\n<meta property=\"article:published_time\" content=\"2025-09-03T18:38:25+00:00\" \/>\n<meta property=\"article:modified_time\" content=\"2025-09-03T18:38:26+00:00\" \/>\n<meta property=\"og:image\" content=\"https:\/\/noticiaempauta.com\/portal\/wp-content\/uploads\/2025\/09\/images-1.jpg\" \/>\n\t<meta property=\"og:image:width\" content=\"285\" \/>\n\t<meta property=\"og:image:height\" content=\"177\" \/>\n\t<meta property=\"og:image:type\" content=\"image\/jpeg\" \/>\n<meta name=\"author\" content=\"Reda\u00e7\u00e3o\" \/>\n<meta name=\"twitter:card\" content=\"summary_large_image\" \/>\n<meta name=\"twitter:label1\" content=\"Escrito por\" \/>\n\t<meta name=\"twitter:data1\" content=\"Reda\u00e7\u00e3o\" \/>\n\t<meta name=\"twitter:label2\" content=\"Est. tempo de leitura\" \/>\n\t<meta name=\"twitter:data2\" content=\"2 minutos\" \/>\n<script type=\"application\/ld+json\" class=\"yoast-schema-graph\">{\"@context\":\"https:\/\/schema.org\",\"@graph\":[{\"@type\":\"Article\",\"@id\":\"https:\/\/noticiaempauta.com\/portal\/vereador-e-condenado-a-25-anos-de-prisao-por-estupro-de-adolescente-no-piaui\/#article\",\"isPartOf\":{\"@id\":\"https:\/\/noticiaempauta.com\/portal\/vereador-e-condenado-a-25-anos-de-prisao-por-estupro-de-adolescente-no-piaui\/\"},\"author\":{\"name\":\"Reda\u00e7\u00e3o\",\"@id\":\"https:\/\/noticiaempauta.com\/portal\/#\/schema\/person\/a74af43dd1ab3deca45f988c717d57ac\"},\"headline\":\"Vereador \u00e9 condenado a 25 anos de pris\u00e3o por estupro de adolescente no Piau\u00ed\",\"datePublished\":\"2025-09-03T18:38:25+00:00\",\"dateModified\":\"2025-09-03T18:38:26+00:00\",\"mainEntityOfPage\":{\"@id\":\"https:\/\/noticiaempauta.com\/portal\/vereador-e-condenado-a-25-anos-de-prisao-por-estupro-de-adolescente-no-piaui\/\"},\"wordCount\":298,\"commentCount\":0,\"publisher\":{\"@id\":\"https:\/\/noticiaempauta.com\/portal\/#organization\"},\"image\":{\"@id\":\"https:\/\/noticiaempauta.com\/portal\/vereador-e-condenado-a-25-anos-de-prisao-por-estupro-de-adolescente-no-piaui\/#primaryimage\"},\"thumbnailUrl\":\"https:\/\/noticiaempauta.com\/portal\/wp-content\/uploads\/2025\/09\/images-1.jpg\",\"articleSection\":[\"Destaques\",\"Geral\",\"Munic\u00edpios\",\"Pol\u00edcia\",\"Todas as Not\u00edcias\"],\"inLanguage\":\"pt-BR\",\"potentialAction\":[{\"@type\":\"CommentAction\",\"name\":\"Comment\",\"target\":[\"https:\/\/noticiaempauta.com\/portal\/vereador-e-condenado-a-25-anos-de-prisao-por-estupro-de-adolescente-no-piaui\/#respond\"]}]},{\"@type\":\"WebPage\",\"@id\":\"https:\/\/noticiaempauta.com\/portal\/vereador-e-condenado-a-25-anos-de-prisao-por-estupro-de-adolescente-no-piaui\/\",\"url\":\"https:\/\/noticiaempauta.com\/portal\/vereador-e-condenado-a-25-anos-de-prisao-por-estupro-de-adolescente-no-piaui\/\",\"name\":\"Vereador \u00e9 condenado a 25 anos de pris\u00e3o por estupro de adolescente no Piau\u00ed - Portal Not\u00edcia em Pauta\",\"isPartOf\":{\"@id\":\"https:\/\/noticiaempauta.com\/portal\/#website\"},\"primaryImageOfPage\":{\"@id\":\"https:\/\/noticiaempauta.com\/portal\/vereador-e-condenado-a-25-anos-de-prisao-por-estupro-de-adolescente-no-piaui\/#primaryimage\"},\"image\":{\"@id\":\"https:\/\/noticiaempauta.com\/portal\/vereador-e-condenado-a-25-anos-de-prisao-por-estupro-de-adolescente-no-piaui\/#primaryimage\"},\"thumbnailUrl\":\"https:\/\/noticiaempauta.com\/portal\/wp-content\/uploads\/2025\/09\/images-1.jpg\",\"datePublished\":\"2025-09-03T18:38:25+00:00\",\"dateModified\":\"2025-09-03T18:38:26+00:00\",\"breadcrumb\":{\"@id\":\"https:\/\/noticiaempauta.com\/portal\/vereador-e-condenado-a-25-anos-de-prisao-por-estupro-de-adolescente-no-piaui\/#breadcrumb\"},\"inLanguage\":\"pt-BR\",\"potentialAction\":[{\"@type\":\"ReadAction\",\"target\":[\"https:\/\/noticiaempauta.com\/portal\/vereador-e-condenado-a-25-anos-de-prisao-por-estupro-de-adolescente-no-piaui\/\"]}]},{\"@type\":\"ImageObject\",\"inLanguage\":\"pt-BR\",\"@id\":\"https:\/\/noticiaempauta.com\/portal\/vereador-e-condenado-a-25-anos-de-prisao-por-estupro-de-adolescente-no-piaui\/#primaryimage\",\"url\":\"https:\/\/noticiaempauta.com\/portal\/wp-content\/uploads\/2025\/09\/images-1.jpg\",\"contentUrl\":\"https:\/\/noticiaempauta.com\/portal\/wp-content\/uploads\/2025\/09\/images-1.jpg\",\"width\":285,\"height\":177},{\"@type\":\"BreadcrumbList\",\"@id\":\"https:\/\/noticiaempauta.com\/portal\/vereador-e-condenado-a-25-anos-de-prisao-por-estupro-de-adolescente-no-piaui\/#breadcrumb\",\"itemListElement\":[{\"@type\":\"ListItem\",\"position\":1,\"name\":\"P\u00e1gina Inicial\",\"item\":\"https:\/\/noticiaempauta.com\/portal\/\"},{\"@type\":\"ListItem\",\"position\":2,\"name\":\"Destaques\",\"item\":\"https:\/\/noticiaempauta.com\/portal\/destaques-site\/\"},{\"@type\":\"ListItem\",\"position\":3,\"name\":\"Vereador \u00e9 condenado a 25 anos de pris\u00e3o por estupro de adolescente no Piau\u00ed\"}]},{\"@type\":\"WebSite\",\"@id\":\"https:\/\/noticiaempauta.com\/portal\/#website\",\"url\":\"https:\/\/noticiaempauta.com\/portal\/\",\"name\":\"Portal Not\u00edcia em Pauta\",\"description\":\"Voc\u00ea bem informado\",\"publisher\":{\"@id\":\"https:\/\/noticiaempauta.com\/portal\/#organization\"},\"potentialAction\":[{\"@type\":\"SearchAction\",\"target\":{\"@type\":\"EntryPoint\",\"urlTemplate\":\"https:\/\/noticiaempauta.com\/portal\/?s={search_term_string}\"},\"query-input\":{\"@type\":\"PropertyValueSpecification\",\"valueRequired\":true,\"valueName\":\"search_term_string\"}}],\"inLanguage\":\"pt-BR\"},{\"@type\":\"Organization\",\"@id\":\"https:\/\/noticiaempauta.com\/portal\/#organization\",\"name\":\"Portal Not\u00edcia em Pauta\",\"url\":\"https:\/\/noticiaempauta.com\/portal\/\",\"logo\":{\"@type\":\"ImageObject\",\"inLanguage\":\"pt-BR\",\"@id\":\"https:\/\/noticiaempauta.com\/portal\/#\/schema\/logo\/image\/\",\"url\":\"https:\/\/noticiaempauta.com\/portal\/wp-content\/uploads\/2022\/08\/logomarca_tema.fw_.png\",\"contentUrl\":\"https:\/\/noticiaempauta.com\/portal\/wp-content\/uploads\/2022\/08\/logomarca_tema.fw_.png\",\"width\":400,\"height\":232,\"caption\":\"Portal Not\u00edcia em Pauta\"},\"image\":{\"@id\":\"https:\/\/noticiaempauta.com\/portal\/#\/schema\/logo\/image\/\"},\"sameAs\":[\"https:\/\/www.facebook.com\/Portal-Notcia-Em-Pauta-102292869264820\/\",\"https:\/\/www.instagram.com\/portalnoticiaempauta\/\"]},{\"@type\":\"Person\",\"@id\":\"https:\/\/noticiaempauta.com\/portal\/#\/schema\/person\/a74af43dd1ab3deca45f988c717d57ac\",\"name\":\"Reda\u00e7\u00e3o\",\"image\":{\"@type\":\"ImageObject\",\"inLanguage\":\"pt-BR\",\"@id\":\"https:\/\/noticiaempauta.com\/portal\/#\/schema\/person\/image\/\",\"url\":\"https:\/\/secure.gravatar.com\/avatar\/03179346ecce6cdfc13361603e8f54242a90e5cde8618fa23c5c00aa2b0aadf3?s=96&d=mm&r=g\",\"contentUrl\":\"https:\/\/secure.gravatar.com\/avatar\/03179346ecce6cdfc13361603e8f54242a90e5cde8618fa23c5c00aa2b0aadf3?s=96&d=mm&r=g\",\"caption\":\"Reda\u00e7\u00e3o\"},\"sameAs\":[\"https:\/\/noticiaempauta.com\/portal\/\"],\"url\":\"https:\/\/noticiaempauta.com\/portal\/author\/fernando\/\"}]}<\/script>\n<!-- \/ Yoast SEO Premium plugin. -->","yoast_head_json":{"title":"Vereador \u00e9 condenado a 25 anos de pris\u00e3o por estupro de adolescente no Piau\u00ed - Portal Not\u00edcia em Pauta","robots":{"index":"index","follow":"follow","max-snippet":"max-snippet:-1","max-image-preview":"max-image-preview:large","max-video-preview":"max-video-preview:-1"},"canonical":"https:\/\/noticiaempauta.com\/portal\/vereador-e-condenado-a-25-anos-de-prisao-por-estupro-de-adolescente-no-piaui\/","og_locale":"pt_BR","og_type":"article","og_title":"Vereador \u00e9 condenado a 25 anos de pris\u00e3o por estupro de adolescente no Piau\u00ed","og_description":"O\u00a0vereador Jacinto Costa Moraes\u00a0(MDB), da cidade de Bom Princ\u00edpio do Piau\u00ed, foi condenado a 25 anos de pris\u00e3o em regime fechado pelo\u00a0estupro de uma adolescente de 14 anos. De acordo com a decis\u00e3o, proferida nesta ter\u00e7a-feira (2), o parlamentar n\u00e3o poder\u00e1 recorrer da decis\u00e3o em liberdade e permanecer\u00e1 preso na Penitenci\u00e1ria Mista de Parna\u00edba, onde [&hellip;]","og_url":"https:\/\/noticiaempauta.com\/portal\/vereador-e-condenado-a-25-anos-de-prisao-por-estupro-de-adolescente-no-piaui\/","og_site_name":"Portal Not\u00edcia em Pauta","article_publisher":"https:\/\/www.facebook.com\/Portal-Notcia-Em-Pauta-102292869264820\/","article_published_time":"2025-09-03T18:38:25+00:00","article_modified_time":"2025-09-03T18:38:26+00:00","og_image":[{"width":285,"height":177,"url":"https:\/\/noticiaempauta.com\/portal\/wp-content\/uploads\/2025\/09\/images-1.jpg","type":"image\/jpeg"}],"author":"Reda\u00e7\u00e3o","twitter_card":"summary_large_image","twitter_misc":{"Escrito por":"Reda\u00e7\u00e3o","Est. tempo de leitura":"2 minutos"},"schema":{"@context":"https:\/\/schema.org","@graph":[{"@type":"Article","@id":"https:\/\/noticiaempauta.com\/portal\/vereador-e-condenado-a-25-anos-de-prisao-por-estupro-de-adolescente-no-piaui\/#article","isPartOf":{"@id":"https:\/\/noticiaempauta.com\/portal\/vereador-e-condenado-a-25-anos-de-prisao-por-estupro-de-adolescente-no-piaui\/"},"author":{"name":"Reda\u00e7\u00e3o","@id":"https:\/\/noticiaempauta.com\/portal\/#\/schema\/person\/a74af43dd1ab3deca45f988c717d57ac"},"headline":"Vereador \u00e9 condenado a 25 anos de pris\u00e3o por estupro de adolescente no Piau\u00ed","datePublished":"2025-09-03T18:38:25+00:00","dateModified":"2025-09-03T18:38:26+00:00","mainEntityOfPage":{"@id":"https:\/\/noticiaempauta.com\/portal\/vereador-e-condenado-a-25-anos-de-prisao-por-estupro-de-adolescente-no-piaui\/"},"wordCount":298,"commentCount":0,"publisher":{"@id":"https:\/\/noticiaempauta.com\/portal\/#organization"},"image":{"@id":"https:\/\/noticiaempauta.com\/portal\/vereador-e-condenado-a-25-anos-de-prisao-por-estupro-de-adolescente-no-piaui\/#primaryimage"},"thumbnailUrl":"https:\/\/noticiaempauta.com\/portal\/wp-content\/uploads\/2025\/09\/images-1.jpg","articleSection":["Destaques","Geral","Munic\u00edpios","Pol\u00edcia","Todas as Not\u00edcias"],"inLanguage":"pt-BR","potentialAction":[{"@type":"CommentAction","name":"Comment","target":["https:\/\/noticiaempauta.com\/portal\/vereador-e-condenado-a-25-anos-de-prisao-por-estupro-de-adolescente-no-piaui\/#respond"]}]},{"@type":"WebPage","@id":"https:\/\/noticiaempauta.com\/portal\/vereador-e-condenado-a-25-anos-de-prisao-por-estupro-de-adolescente-no-piaui\/","url":"https:\/\/noticiaempauta.com\/portal\/vereador-e-condenado-a-25-anos-de-prisao-por-estupro-de-adolescente-no-piaui\/","name":"Vereador \u00e9 condenado a 25 anos de pris\u00e3o por estupro de adolescente no Piau\u00ed - Portal Not\u00edcia em Pauta","isPartOf":{"@id":"https:\/\/noticiaempauta.com\/portal\/#website"},"primaryImageOfPage":{"@id":"https:\/\/noticiaempauta.com\/portal\/vereador-e-condenado-a-25-anos-de-prisao-por-estupro-de-adolescente-no-piaui\/#primaryimage"},"image":{"@id":"https:\/\/noticiaempauta.com\/portal\/vereador-e-condenado-a-25-anos-de-prisao-por-estupro-de-adolescente-no-piaui\/#primaryimage"},"thumbnailUrl":"https:\/\/noticiaempauta.com\/portal\/wp-content\/uploads\/2025\/09\/images-1.jpg","datePublished":"2025-09-03T18:38:25+00:00","dateModified":"2025-09-03T18:38:26+00:00","breadcrumb":{"@id":"https:\/\/noticiaempauta.com\/portal\/vereador-e-condenado-a-25-anos-de-prisao-por-estupro-de-adolescente-no-piaui\/#breadcrumb"},"inLanguage":"pt-BR","potentialAction":[{"@type":"ReadAction","target":["https:\/\/noticiaempauta.com\/portal\/vereador-e-condenado-a-25-anos-de-prisao-por-estupro-de-adolescente-no-piaui\/"]}]},{"@type":"ImageObject","inLanguage":"pt-BR","@id":"https:\/\/noticiaempauta.com\/portal\/vereador-e-condenado-a-25-anos-de-prisao-por-estupro-de-adolescente-no-piaui\/#primaryimage","url":"https:\/\/noticiaempauta.com\/portal\/wp-content\/uploads\/2025\/09\/images-1.jpg","contentUrl":"https:\/\/noticiaempauta.com\/portal\/wp-content\/uploads\/2025\/09\/images-1.jpg","width":285,"height":177},{"@type":"BreadcrumbList","@id":"https:\/\/noticiaempauta.com\/portal\/vereador-e-condenado-a-25-anos-de-prisao-por-estupro-de-adolescente-no-piaui\/#breadcrumb","itemListElement":[{"@type":"ListItem","position":1,"name":"P\u00e1gina Inicial","item":"https:\/\/noticiaempauta.com\/portal\/"},{"@type":"ListItem","position":2,"name":"Destaques","item":"https:\/\/noticiaempauta.com\/portal\/destaques-site\/"},{"@type":"ListItem","position":3,"name":"Vereador \u00e9 condenado a 25 anos de pris\u00e3o por estupro de adolescente no Piau\u00ed"}]},{"@type":"WebSite","@id":"https:\/\/noticiaempauta.com\/portal\/#website","url":"https:\/\/noticiaempauta.com\/portal\/","name":"Portal Not\u00edcia em Pauta","description":"Voc\u00ea bem informado","publisher":{"@id":"https:\/\/noticiaempauta.com\/portal\/#organization"},"potentialAction":[{"@type":"SearchAction","target":{"@type":"EntryPoint","urlTemplate":"https:\/\/noticiaempauta.com\/portal\/?s={search_term_string}"},"query-input":{"@type":"PropertyValueSpecification","valueRequired":true,"valueName":"search_term_string"}}],"inLanguage":"pt-BR"},{"@type":"Organization","@id":"https:\/\/noticiaempauta.com\/portal\/#organization","name":"Portal Not\u00edcia em Pauta","url":"https:\/\/noticiaempauta.com\/portal\/","logo":{"@type":"ImageObject","inLanguage":"pt-BR","@id":"https:\/\/noticiaempauta.com\/portal\/#\/schema\/logo\/image\/","url":"https:\/\/noticiaempauta.com\/portal\/wp-content\/uploads\/2022\/08\/logomarca_tema.fw_.png","contentUrl":"https:\/\/noticiaempauta.com\/portal\/wp-content\/uploads\/2022\/08\/logomarca_tema.fw_.png","width":400,"height":232,"caption":"Portal Not\u00edcia em Pauta"},"image":{"@id":"https:\/\/noticiaempauta.com\/portal\/#\/schema\/logo\/image\/"},"sameAs":["https:\/\/www.facebook.com\/Portal-Notcia-Em-Pauta-102292869264820\/","https:\/\/www.instagram.com\/portalnoticiaempauta\/"]},{"@type":"Person","@id":"https:\/\/noticiaempauta.com\/portal\/#\/schema\/person\/a74af43dd1ab3deca45f988c717d57ac","name":"Reda\u00e7\u00e3o","image":{"@type":"ImageObject","inLanguage":"pt-BR","@id":"https:\/\/noticiaempauta.com\/portal\/#\/schema\/person\/image\/","url":"https:\/\/secure.gravatar.com\/avatar\/03179346ecce6cdfc13361603e8f54242a90e5cde8618fa23c5c00aa2b0aadf3?s=96&d=mm&r=g","contentUrl":"https:\/\/secure.gravatar.com\/avatar\/03179346ecce6cdfc13361603e8f54242a90e5cde8618fa23c5c00aa2b0aadf3?s=96&d=mm&r=g","caption":"Reda\u00e7\u00e3o"},"sameAs":["https:\/\/noticiaempauta.com\/portal\/"],"url":"https:\/\/noticiaempauta.com\/portal\/author\/fernando\/"}]}},"_links":{"self":[{"href":"https:\/\/noticiaempauta.com\/portal\/wp-json\/wp\/v2\/posts\/277551","targetHints":{"allow":["GET"]}}],"collection":[{"href":"https:\/\/noticiaempauta.com\/portal\/wp-json\/wp\/v2\/posts"}],"about":[{"href":"https:\/\/noticiaempauta.com\/portal\/wp-json\/wp\/v2\/types\/post"}],"author":[{"embeddable":true,"href":"https:\/\/noticiaempauta.com\/portal\/wp-json\/wp\/v2\/users\/2"}],"replies":[{"embeddable":true,"href":"https:\/\/noticiaempauta.com\/portal\/wp-json\/wp\/v2\/comments?post=277551"}],"version-history":[{"count":2,"href":"https:\/\/noticiaempauta.com\/portal\/wp-json\/wp\/v2\/posts\/277551\/revisions"}],"predecessor-version":[{"id":277555,"href":"https:\/\/noticiaempauta.com\/portal\/wp-json\/wp\/v2\/posts\/277551\/revisions\/277555"}],"wp:featuredmedia":[{"embeddable":true,"href":"https:\/\/noticiaempauta.com\/portal\/wp-json\/wp\/v2\/media\/277553"}],"wp:attachment":[{"href":"https:\/\/noticiaempauta.com\/portal\/wp-json\/wp\/v2\/media?parent=277551"}],"wp:term":[{"taxonomy":"category","embeddable":true,"href":"https:\/\/noticiaempauta.com\/portal\/wp-json\/wp\/v2\/categories?post=277551"},{"taxonomy":"post_tag","embeddable":true,"href":"https:\/\/noticiaempauta.com\/portal\/wp-json\/wp\/v2\/tags?post=277551"}],"curies":[{"name":"wp","href":"https:\/\/api.w.org\/{rel}","templated":true}]}}