{"id":277573,"date":"2025-09-04T15:35:15","date_gmt":"2025-09-04T18:35:15","guid":{"rendered":"https:\/\/noticiaempauta.com\/portal\/?p=277573"},"modified":"2025-09-04T15:35:17","modified_gmt":"2025-09-04T18:35:17","slug":"mortes-de-animais-apos-uso-de-vacina-sobem-para-612-mapa-investiga","status":"publish","type":"post","link":"https:\/\/noticiaempauta.com\/portal\/mortes-de-animais-apos-uso-de-vacina-sobem-para-612-mapa-investiga\/","title":{"rendered":"Mortes de animais ap\u00f3s uso de vacina sobem para 612; Mapa investiga"},"content":{"rendered":"\n<p>O Minist\u00e9rio da Agricultura e Pecu\u00e1ria (Mapa) informou nesta quinta-feira (3) que subiu para 612 o n\u00famero de\u00a0animais mortos ap\u00f3s a aplica\u00e7\u00e3o da vacina contra clostridiose EXCELL 10\u00a0nos estados do Piau\u00ed, Maranh\u00e3o, Cear\u00e1 e Sergipe. A causa dos \u00f3bitos envolvendo caprinos, ovinos e bovinos ainda est\u00e1 em investiga\u00e7\u00e3o.<\/p>\n\n\n\n<figure class=\"wp-block-image size-full\"><img fetchpriority=\"high\" decoding=\"async\" width=\"790\" height=\"374\" src=\"https:\/\/noticiaempauta.com\/portal\/wp-content\/uploads\/2025\/09\/8db8658e193c902dbd6da8bcb5d830bf.jpg\" alt=\"\" class=\"wp-image-277574\" srcset=\"https:\/\/noticiaempauta.com\/portal\/wp-content\/uploads\/2025\/09\/8db8658e193c902dbd6da8bcb5d830bf.jpg 790w, https:\/\/noticiaempauta.com\/portal\/wp-content\/uploads\/2025\/09\/8db8658e193c902dbd6da8bcb5d830bf-300x142.jpg 300w, https:\/\/noticiaempauta.com\/portal\/wp-content\/uploads\/2025\/09\/8db8658e193c902dbd6da8bcb5d830bf-768x364.jpg 768w\" sizes=\"(max-width: 790px) 100vw, 790px\" \/><figcaption class=\"wp-element-caption\"><em>(Foto: Reprodu\u00e7\u00e3o)<\/em><\/figcaption><\/figure>\n\n\n\n<p>A vacina \u00e9 de propriedade do laborat\u00f3rio Dechra Brasil Produtos Veterin\u00e1rios Ltda., que teve\u00a0todos os lotes suspensos pelo Mapa, al\u00e9m da interdi\u00e7\u00e3o da fabrica\u00e7\u00e3o do produto.<\/p>\n\n\n\n<p>Segundo o Minist\u00e9rio, os \u00f3bitos est\u00e3o sendo comunicados por produtores \u00e0 medida que ocorrem. O \u00f3rg\u00e3o orienta que as notifica\u00e7\u00f5es sejam realizadas pelo sistema e-Sisbravet, ferramenta eletr\u00f4nica destinada ao registro e acompanhamento de suspeitas de doen\u00e7as e das investiga\u00e7\u00f5es do Servi\u00e7o Veterin\u00e1rio Oficial (SVO). As notifica\u00e7\u00f5es enviadas anteriormente pelo canal FalaBr tamb\u00e9m ser\u00e3o transferidas para o sistema e-Sisbravet.<\/p>\n\n\n\n<p>A pasta recomenda ainda que os casos sejam registrados junto \u00e0 pr\u00f3pria empresa, por meio dos canais da Dechra Brasil Produtos Veterin\u00e1rios Ltda.: telefone 0800 400 7997, WhatsApp (43) 99135-1168 e e-mail&nbsp;sac.br@dechra.com.&nbsp;<\/p>\n\n\n\n<p>Em comunicado, a Dechra afirmou estar ciente dos relatos de rea\u00e7\u00f5es adversas em caprinos, ovinos e bovinos ap\u00f3s a aplica\u00e7\u00e3o da vacina e que acompanha as investiga\u00e7\u00f5es em conjunto com o Mapa.<\/p>\n\n\n\n<blockquote class=\"wp-block-quote is-layout-flow wp-block-quote-is-layout-flow\">\n<p>\u201cComo precau\u00e7\u00e3o, suspendemos as vendas e recolhemos os lotes 016\/24 e 018\/24\u201d, destacou a empresa.<\/p>\n\n\n\n<p><strong><a href=\"http:\/\/xn--adapi%20confirma%20suspeita%20de%20reao%20%20vacina%20em%20mortes%20de%20animais%20no%20piau-klh1zpn6u\/\">As primeiras mortes foram notificadas no Piau\u00ed, na regi\u00e3o do Vale do Itaim.<\/a><\/strong>&nbsp;H\u00e1 tamb\u00e9m relatos em outros estados, que seguem em an\u00e1lise para verificar a poss\u00edvel correla\u00e7\u00e3o com o uso da vacina.<\/p>\n\n\n\n<p>O Minist\u00e9rio refor\u00e7ou que a causa das mortes ainda n\u00e3o foi confirmada e que segue atuando de forma coordenada com os \u00f3rg\u00e3os estaduais de defesa sanit\u00e1ria para esclarecer os fatos e adotar todas as medidas necess\u00e1rias \u00e0 prote\u00e7\u00e3o da pecu\u00e1ria nacional.<\/p>\n\n\n\n<p>Apesar da suspens\u00e3o do produto, o Mapa reiterou que a vacina\u00e7\u00e3o contra a clostridiose continua sendo considerada uma das estrat\u00e9gias mais eficazes para prevenir a doen\u00e7a, altamente letal. O \u00f3rg\u00e3o destacou ainda que o consumo de produtos de origem caprina, ovina e bovina, provenientes de animais saud\u00e1veis e inspecionados pelo Servi\u00e7o Veterin\u00e1rio Oficial, \u00e9 seguro.<\/p>\n\n\n\n<p>Fonte: Cidade Verde<\/p>\n<\/blockquote>\n","protected":false},"excerpt":{"rendered":"<p>O Minist\u00e9rio da Agricultura e Pecu\u00e1ria (Mapa) informou nesta quinta-feira (3) que subiu para 612 o n\u00famero de\u00a0animais mortos ap\u00f3s a aplica\u00e7\u00e3o da vacina contra clostridiose EXCELL 10\u00a0nos estados do Piau\u00ed, Maranh\u00e3o, Cear\u00e1 e Sergipe. A causa dos \u00f3bitos envolvendo caprinos, ovinos e bovinos ainda est\u00e1 em investiga\u00e7\u00e3o. A vacina \u00e9 de propriedade do laborat\u00f3rio [&hellip;]<\/p>\n","protected":false},"author":2,"featured_media":277574,"comment_status":"open","ping_status":"open","sticky":false,"template":"","format":"standard","meta":{"_mi_skip_tracking":false,"footnotes":""},"categories":[25,1,9,16],"tags":[],"class_list":["post-277573","post","type-post","status-publish","format-standard","has-post-thumbnail","hentry","category-destaques-site","category-geral","category-municipios","category-todas"],"acf":[],"yoast_head":"<!-- This site is optimized with the Yoast SEO Premium plugin v19.2 (Yoast SEO v26.9) - https:\/\/yoast.com\/product\/yoast-seo-premium-wordpress\/ -->\n<title>Mortes de animais ap\u00f3s uso de vacina sobem para 612; Mapa investiga - Portal Not\u00edcia em Pauta<\/title>\n<meta name=\"robots\" content=\"index, follow, max-snippet:-1, max-image-preview:large, max-video-preview:-1\" \/>\n<link rel=\"canonical\" href=\"https:\/\/noticiaempauta.com\/portal\/mortes-de-animais-apos-uso-de-vacina-sobem-para-612-mapa-investiga\/\" \/>\n<meta property=\"og:locale\" content=\"pt_BR\" \/>\n<meta property=\"og:type\" content=\"article\" \/>\n<meta property=\"og:title\" content=\"Mortes de animais ap\u00f3s uso de vacina sobem para 612; Mapa investiga\" \/>\n<meta property=\"og:description\" content=\"O Minist\u00e9rio da Agricultura e Pecu\u00e1ria (Mapa) informou nesta quinta-feira (3) que subiu para 612 o n\u00famero de\u00a0animais mortos ap\u00f3s a aplica\u00e7\u00e3o da vacina contra clostridiose EXCELL 10\u00a0nos estados do Piau\u00ed, Maranh\u00e3o, Cear\u00e1 e Sergipe. A causa dos \u00f3bitos envolvendo caprinos, ovinos e bovinos ainda est\u00e1 em investiga\u00e7\u00e3o. A vacina \u00e9 de propriedade do laborat\u00f3rio [&hellip;]\" \/>\n<meta property=\"og:url\" content=\"https:\/\/noticiaempauta.com\/portal\/mortes-de-animais-apos-uso-de-vacina-sobem-para-612-mapa-investiga\/\" \/>\n<meta property=\"og:site_name\" content=\"Portal Not\u00edcia em Pauta\" \/>\n<meta property=\"article:publisher\" content=\"https:\/\/www.facebook.com\/Portal-Notcia-Em-Pauta-102292869264820\/\" \/>\n<meta property=\"article:published_time\" content=\"2025-09-04T18:35:15+00:00\" \/>\n<meta property=\"article:modified_time\" content=\"2025-09-04T18:35:17+00:00\" \/>\n<meta property=\"og:image\" content=\"https:\/\/noticiaempauta.com\/portal\/wp-content\/uploads\/2025\/09\/8db8658e193c902dbd6da8bcb5d830bf.jpg\" \/>\n\t<meta property=\"og:image:width\" content=\"790\" \/>\n\t<meta property=\"og:image:height\" content=\"374\" \/>\n\t<meta property=\"og:image:type\" content=\"image\/jpeg\" \/>\n<meta name=\"author\" content=\"Reda\u00e7\u00e3o\" \/>\n<meta name=\"twitter:card\" content=\"summary_large_image\" \/>\n<meta name=\"twitter:label1\" content=\"Escrito por\" \/>\n\t<meta name=\"twitter:data1\" content=\"Reda\u00e7\u00e3o\" \/>\n\t<meta name=\"twitter:label2\" content=\"Est. tempo de leitura\" \/>\n\t<meta name=\"twitter:data2\" content=\"2 minutos\" \/>\n<script type=\"application\/ld+json\" class=\"yoast-schema-graph\">{\"@context\":\"https:\/\/schema.org\",\"@graph\":[{\"@type\":\"Article\",\"@id\":\"https:\/\/noticiaempauta.com\/portal\/mortes-de-animais-apos-uso-de-vacina-sobem-para-612-mapa-investiga\/#article\",\"isPartOf\":{\"@id\":\"https:\/\/noticiaempauta.com\/portal\/mortes-de-animais-apos-uso-de-vacina-sobem-para-612-mapa-investiga\/\"},\"author\":{\"name\":\"Reda\u00e7\u00e3o\",\"@id\":\"https:\/\/noticiaempauta.com\/portal\/#\/schema\/person\/a74af43dd1ab3deca45f988c717d57ac\"},\"headline\":\"Mortes de animais ap\u00f3s uso de vacina sobem para 612; Mapa investiga\",\"datePublished\":\"2025-09-04T18:35:15+00:00\",\"dateModified\":\"2025-09-04T18:35:17+00:00\",\"mainEntityOfPage\":{\"@id\":\"https:\/\/noticiaempauta.com\/portal\/mortes-de-animais-apos-uso-de-vacina-sobem-para-612-mapa-investiga\/\"},\"wordCount\":406,\"commentCount\":0,\"publisher\":{\"@id\":\"https:\/\/noticiaempauta.com\/portal\/#organization\"},\"image\":{\"@id\":\"https:\/\/noticiaempauta.com\/portal\/mortes-de-animais-apos-uso-de-vacina-sobem-para-612-mapa-investiga\/#primaryimage\"},\"thumbnailUrl\":\"https:\/\/noticiaempauta.com\/portal\/wp-content\/uploads\/2025\/09\/8db8658e193c902dbd6da8bcb5d830bf.jpg\",\"articleSection\":[\"Destaques\",\"Geral\",\"Munic\u00edpios\",\"Todas as Not\u00edcias\"],\"inLanguage\":\"pt-BR\",\"potentialAction\":[{\"@type\":\"CommentAction\",\"name\":\"Comment\",\"target\":[\"https:\/\/noticiaempauta.com\/portal\/mortes-de-animais-apos-uso-de-vacina-sobem-para-612-mapa-investiga\/#respond\"]}]},{\"@type\":\"WebPage\",\"@id\":\"https:\/\/noticiaempauta.com\/portal\/mortes-de-animais-apos-uso-de-vacina-sobem-para-612-mapa-investiga\/\",\"url\":\"https:\/\/noticiaempauta.com\/portal\/mortes-de-animais-apos-uso-de-vacina-sobem-para-612-mapa-investiga\/\",\"name\":\"Mortes de animais ap\u00f3s uso de vacina sobem para 612; Mapa investiga - Portal Not\u00edcia em Pauta\",\"isPartOf\":{\"@id\":\"https:\/\/noticiaempauta.com\/portal\/#website\"},\"primaryImageOfPage\":{\"@id\":\"https:\/\/noticiaempauta.com\/portal\/mortes-de-animais-apos-uso-de-vacina-sobem-para-612-mapa-investiga\/#primaryimage\"},\"image\":{\"@id\":\"https:\/\/noticiaempauta.com\/portal\/mortes-de-animais-apos-uso-de-vacina-sobem-para-612-mapa-investiga\/#primaryimage\"},\"thumbnailUrl\":\"https:\/\/noticiaempauta.com\/portal\/wp-content\/uploads\/2025\/09\/8db8658e193c902dbd6da8bcb5d830bf.jpg\",\"datePublished\":\"2025-09-04T18:35:15+00:00\",\"dateModified\":\"2025-09-04T18:35:17+00:00\",\"breadcrumb\":{\"@id\":\"https:\/\/noticiaempauta.com\/portal\/mortes-de-animais-apos-uso-de-vacina-sobem-para-612-mapa-investiga\/#breadcrumb\"},\"inLanguage\":\"pt-BR\",\"potentialAction\":[{\"@type\":\"ReadAction\",\"target\":[\"https:\/\/noticiaempauta.com\/portal\/mortes-de-animais-apos-uso-de-vacina-sobem-para-612-mapa-investiga\/\"]}]},{\"@type\":\"ImageObject\",\"inLanguage\":\"pt-BR\",\"@id\":\"https:\/\/noticiaempauta.com\/portal\/mortes-de-animais-apos-uso-de-vacina-sobem-para-612-mapa-investiga\/#primaryimage\",\"url\":\"https:\/\/noticiaempauta.com\/portal\/wp-content\/uploads\/2025\/09\/8db8658e193c902dbd6da8bcb5d830bf.jpg\",\"contentUrl\":\"https:\/\/noticiaempauta.com\/portal\/wp-content\/uploads\/2025\/09\/8db8658e193c902dbd6da8bcb5d830bf.jpg\",\"width\":790,\"height\":374},{\"@type\":\"BreadcrumbList\",\"@id\":\"https:\/\/noticiaempauta.com\/portal\/mortes-de-animais-apos-uso-de-vacina-sobem-para-612-mapa-investiga\/#breadcrumb\",\"itemListElement\":[{\"@type\":\"ListItem\",\"position\":1,\"name\":\"P\u00e1gina Inicial\",\"item\":\"https:\/\/noticiaempauta.com\/portal\/\"},{\"@type\":\"ListItem\",\"position\":2,\"name\":\"Destaques\",\"item\":\"https:\/\/noticiaempauta.com\/portal\/destaques-site\/\"},{\"@type\":\"ListItem\",\"position\":3,\"name\":\"Mortes de animais ap\u00f3s uso de vacina sobem para 612; Mapa investiga\"}]},{\"@type\":\"WebSite\",\"@id\":\"https:\/\/noticiaempauta.com\/portal\/#website\",\"url\":\"https:\/\/noticiaempauta.com\/portal\/\",\"name\":\"Portal Not\u00edcia em Pauta\",\"description\":\"Voc\u00ea bem informado\",\"publisher\":{\"@id\":\"https:\/\/noticiaempauta.com\/portal\/#organization\"},\"potentialAction\":[{\"@type\":\"SearchAction\",\"target\":{\"@type\":\"EntryPoint\",\"urlTemplate\":\"https:\/\/noticiaempauta.com\/portal\/?s={search_term_string}\"},\"query-input\":{\"@type\":\"PropertyValueSpecification\",\"valueRequired\":true,\"valueName\":\"search_term_string\"}}],\"inLanguage\":\"pt-BR\"},{\"@type\":\"Organization\",\"@id\":\"https:\/\/noticiaempauta.com\/portal\/#organization\",\"name\":\"Portal Not\u00edcia em Pauta\",\"url\":\"https:\/\/noticiaempauta.com\/portal\/\",\"logo\":{\"@type\":\"ImageObject\",\"inLanguage\":\"pt-BR\",\"@id\":\"https:\/\/noticiaempauta.com\/portal\/#\/schema\/logo\/image\/\",\"url\":\"https:\/\/noticiaempauta.com\/portal\/wp-content\/uploads\/2022\/08\/logomarca_tema.fw_.png\",\"contentUrl\":\"https:\/\/noticiaempauta.com\/portal\/wp-content\/uploads\/2022\/08\/logomarca_tema.fw_.png\",\"width\":400,\"height\":232,\"caption\":\"Portal Not\u00edcia em Pauta\"},\"image\":{\"@id\":\"https:\/\/noticiaempauta.com\/portal\/#\/schema\/logo\/image\/\"},\"sameAs\":[\"https:\/\/www.facebook.com\/Portal-Notcia-Em-Pauta-102292869264820\/\",\"https:\/\/www.instagram.com\/portalnoticiaempauta\/\"]},{\"@type\":\"Person\",\"@id\":\"https:\/\/noticiaempauta.com\/portal\/#\/schema\/person\/a74af43dd1ab3deca45f988c717d57ac\",\"name\":\"Reda\u00e7\u00e3o\",\"image\":{\"@type\":\"ImageObject\",\"inLanguage\":\"pt-BR\",\"@id\":\"https:\/\/noticiaempauta.com\/portal\/#\/schema\/person\/image\/\",\"url\":\"https:\/\/secure.gravatar.com\/avatar\/03179346ecce6cdfc13361603e8f54242a90e5cde8618fa23c5c00aa2b0aadf3?s=96&d=mm&r=g\",\"contentUrl\":\"https:\/\/secure.gravatar.com\/avatar\/03179346ecce6cdfc13361603e8f54242a90e5cde8618fa23c5c00aa2b0aadf3?s=96&d=mm&r=g\",\"caption\":\"Reda\u00e7\u00e3o\"},\"sameAs\":[\"https:\/\/noticiaempauta.com\/portal\/\"],\"url\":\"https:\/\/noticiaempauta.com\/portal\/author\/fernando\/\"}]}<\/script>\n<!-- \/ Yoast SEO Premium plugin. -->","yoast_head_json":{"title":"Mortes de animais ap\u00f3s uso de vacina sobem para 612; Mapa investiga - Portal Not\u00edcia em Pauta","robots":{"index":"index","follow":"follow","max-snippet":"max-snippet:-1","max-image-preview":"max-image-preview:large","max-video-preview":"max-video-preview:-1"},"canonical":"https:\/\/noticiaempauta.com\/portal\/mortes-de-animais-apos-uso-de-vacina-sobem-para-612-mapa-investiga\/","og_locale":"pt_BR","og_type":"article","og_title":"Mortes de animais ap\u00f3s uso de vacina sobem para 612; Mapa investiga","og_description":"O Minist\u00e9rio da Agricultura e Pecu\u00e1ria (Mapa) informou nesta quinta-feira (3) que subiu para 612 o n\u00famero de\u00a0animais mortos ap\u00f3s a aplica\u00e7\u00e3o da vacina contra clostridiose EXCELL 10\u00a0nos estados do Piau\u00ed, Maranh\u00e3o, Cear\u00e1 e Sergipe. A causa dos \u00f3bitos envolvendo caprinos, ovinos e bovinos ainda est\u00e1 em investiga\u00e7\u00e3o. A vacina \u00e9 de propriedade do laborat\u00f3rio [&hellip;]","og_url":"https:\/\/noticiaempauta.com\/portal\/mortes-de-animais-apos-uso-de-vacina-sobem-para-612-mapa-investiga\/","og_site_name":"Portal Not\u00edcia em Pauta","article_publisher":"https:\/\/www.facebook.com\/Portal-Notcia-Em-Pauta-102292869264820\/","article_published_time":"2025-09-04T18:35:15+00:00","article_modified_time":"2025-09-04T18:35:17+00:00","og_image":[{"width":790,"height":374,"url":"https:\/\/noticiaempauta.com\/portal\/wp-content\/uploads\/2025\/09\/8db8658e193c902dbd6da8bcb5d830bf.jpg","type":"image\/jpeg"}],"author":"Reda\u00e7\u00e3o","twitter_card":"summary_large_image","twitter_misc":{"Escrito por":"Reda\u00e7\u00e3o","Est. tempo de leitura":"2 minutos"},"schema":{"@context":"https:\/\/schema.org","@graph":[{"@type":"Article","@id":"https:\/\/noticiaempauta.com\/portal\/mortes-de-animais-apos-uso-de-vacina-sobem-para-612-mapa-investiga\/#article","isPartOf":{"@id":"https:\/\/noticiaempauta.com\/portal\/mortes-de-animais-apos-uso-de-vacina-sobem-para-612-mapa-investiga\/"},"author":{"name":"Reda\u00e7\u00e3o","@id":"https:\/\/noticiaempauta.com\/portal\/#\/schema\/person\/a74af43dd1ab3deca45f988c717d57ac"},"headline":"Mortes de animais ap\u00f3s uso de vacina sobem para 612; Mapa investiga","datePublished":"2025-09-04T18:35:15+00:00","dateModified":"2025-09-04T18:35:17+00:00","mainEntityOfPage":{"@id":"https:\/\/noticiaempauta.com\/portal\/mortes-de-animais-apos-uso-de-vacina-sobem-para-612-mapa-investiga\/"},"wordCount":406,"commentCount":0,"publisher":{"@id":"https:\/\/noticiaempauta.com\/portal\/#organization"},"image":{"@id":"https:\/\/noticiaempauta.com\/portal\/mortes-de-animais-apos-uso-de-vacina-sobem-para-612-mapa-investiga\/#primaryimage"},"thumbnailUrl":"https:\/\/noticiaempauta.com\/portal\/wp-content\/uploads\/2025\/09\/8db8658e193c902dbd6da8bcb5d830bf.jpg","articleSection":["Destaques","Geral","Munic\u00edpios","Todas as Not\u00edcias"],"inLanguage":"pt-BR","potentialAction":[{"@type":"CommentAction","name":"Comment","target":["https:\/\/noticiaempauta.com\/portal\/mortes-de-animais-apos-uso-de-vacina-sobem-para-612-mapa-investiga\/#respond"]}]},{"@type":"WebPage","@id":"https:\/\/noticiaempauta.com\/portal\/mortes-de-animais-apos-uso-de-vacina-sobem-para-612-mapa-investiga\/","url":"https:\/\/noticiaempauta.com\/portal\/mortes-de-animais-apos-uso-de-vacina-sobem-para-612-mapa-investiga\/","name":"Mortes de animais ap\u00f3s uso de vacina sobem para 612; Mapa investiga - Portal Not\u00edcia em Pauta","isPartOf":{"@id":"https:\/\/noticiaempauta.com\/portal\/#website"},"primaryImageOfPage":{"@id":"https:\/\/noticiaempauta.com\/portal\/mortes-de-animais-apos-uso-de-vacina-sobem-para-612-mapa-investiga\/#primaryimage"},"image":{"@id":"https:\/\/noticiaempauta.com\/portal\/mortes-de-animais-apos-uso-de-vacina-sobem-para-612-mapa-investiga\/#primaryimage"},"thumbnailUrl":"https:\/\/noticiaempauta.com\/portal\/wp-content\/uploads\/2025\/09\/8db8658e193c902dbd6da8bcb5d830bf.jpg","datePublished":"2025-09-04T18:35:15+00:00","dateModified":"2025-09-04T18:35:17+00:00","breadcrumb":{"@id":"https:\/\/noticiaempauta.com\/portal\/mortes-de-animais-apos-uso-de-vacina-sobem-para-612-mapa-investiga\/#breadcrumb"},"inLanguage":"pt-BR","potentialAction":[{"@type":"ReadAction","target":["https:\/\/noticiaempauta.com\/portal\/mortes-de-animais-apos-uso-de-vacina-sobem-para-612-mapa-investiga\/"]}]},{"@type":"ImageObject","inLanguage":"pt-BR","@id":"https:\/\/noticiaempauta.com\/portal\/mortes-de-animais-apos-uso-de-vacina-sobem-para-612-mapa-investiga\/#primaryimage","url":"https:\/\/noticiaempauta.com\/portal\/wp-content\/uploads\/2025\/09\/8db8658e193c902dbd6da8bcb5d830bf.jpg","contentUrl":"https:\/\/noticiaempauta.com\/portal\/wp-content\/uploads\/2025\/09\/8db8658e193c902dbd6da8bcb5d830bf.jpg","width":790,"height":374},{"@type":"BreadcrumbList","@id":"https:\/\/noticiaempauta.com\/portal\/mortes-de-animais-apos-uso-de-vacina-sobem-para-612-mapa-investiga\/#breadcrumb","itemListElement":[{"@type":"ListItem","position":1,"name":"P\u00e1gina Inicial","item":"https:\/\/noticiaempauta.com\/portal\/"},{"@type":"ListItem","position":2,"name":"Destaques","item":"https:\/\/noticiaempauta.com\/portal\/destaques-site\/"},{"@type":"ListItem","position":3,"name":"Mortes de animais ap\u00f3s uso de vacina sobem para 612; Mapa investiga"}]},{"@type":"WebSite","@id":"https:\/\/noticiaempauta.com\/portal\/#website","url":"https:\/\/noticiaempauta.com\/portal\/","name":"Portal Not\u00edcia em Pauta","description":"Voc\u00ea bem informado","publisher":{"@id":"https:\/\/noticiaempauta.com\/portal\/#organization"},"potentialAction":[{"@type":"SearchAction","target":{"@type":"EntryPoint","urlTemplate":"https:\/\/noticiaempauta.com\/portal\/?s={search_term_string}"},"query-input":{"@type":"PropertyValueSpecification","valueRequired":true,"valueName":"search_term_string"}}],"inLanguage":"pt-BR"},{"@type":"Organization","@id":"https:\/\/noticiaempauta.com\/portal\/#organization","name":"Portal Not\u00edcia em Pauta","url":"https:\/\/noticiaempauta.com\/portal\/","logo":{"@type":"ImageObject","inLanguage":"pt-BR","@id":"https:\/\/noticiaempauta.com\/portal\/#\/schema\/logo\/image\/","url":"https:\/\/noticiaempauta.com\/portal\/wp-content\/uploads\/2022\/08\/logomarca_tema.fw_.png","contentUrl":"https:\/\/noticiaempauta.com\/portal\/wp-content\/uploads\/2022\/08\/logomarca_tema.fw_.png","width":400,"height":232,"caption":"Portal Not\u00edcia em Pauta"},"image":{"@id":"https:\/\/noticiaempauta.com\/portal\/#\/schema\/logo\/image\/"},"sameAs":["https:\/\/www.facebook.com\/Portal-Notcia-Em-Pauta-102292869264820\/","https:\/\/www.instagram.com\/portalnoticiaempauta\/"]},{"@type":"Person","@id":"https:\/\/noticiaempauta.com\/portal\/#\/schema\/person\/a74af43dd1ab3deca45f988c717d57ac","name":"Reda\u00e7\u00e3o","image":{"@type":"ImageObject","inLanguage":"pt-BR","@id":"https:\/\/noticiaempauta.com\/portal\/#\/schema\/person\/image\/","url":"https:\/\/secure.gravatar.com\/avatar\/03179346ecce6cdfc13361603e8f54242a90e5cde8618fa23c5c00aa2b0aadf3?s=96&d=mm&r=g","contentUrl":"https:\/\/secure.gravatar.com\/avatar\/03179346ecce6cdfc13361603e8f54242a90e5cde8618fa23c5c00aa2b0aadf3?s=96&d=mm&r=g","caption":"Reda\u00e7\u00e3o"},"sameAs":["https:\/\/noticiaempauta.com\/portal\/"],"url":"https:\/\/noticiaempauta.com\/portal\/author\/fernando\/"}]}},"_links":{"self":[{"href":"https:\/\/noticiaempauta.com\/portal\/wp-json\/wp\/v2\/posts\/277573","targetHints":{"allow":["GET"]}}],"collection":[{"href":"https:\/\/noticiaempauta.com\/portal\/wp-json\/wp\/v2\/posts"}],"about":[{"href":"https:\/\/noticiaempauta.com\/portal\/wp-json\/wp\/v2\/types\/post"}],"author":[{"embeddable":true,"href":"https:\/\/noticiaempauta.com\/portal\/wp-json\/wp\/v2\/users\/2"}],"replies":[{"embeddable":true,"href":"https:\/\/noticiaempauta.com\/portal\/wp-json\/wp\/v2\/comments?post=277573"}],"version-history":[{"count":2,"href":"https:\/\/noticiaempauta.com\/portal\/wp-json\/wp\/v2\/posts\/277573\/revisions"}],"predecessor-version":[{"id":277576,"href":"https:\/\/noticiaempauta.com\/portal\/wp-json\/wp\/v2\/posts\/277573\/revisions\/277576"}],"wp:featuredmedia":[{"embeddable":true,"href":"https:\/\/noticiaempauta.com\/portal\/wp-json\/wp\/v2\/media\/277574"}],"wp:attachment":[{"href":"https:\/\/noticiaempauta.com\/portal\/wp-json\/wp\/v2\/media?parent=277573"}],"wp:term":[{"taxonomy":"category","embeddable":true,"href":"https:\/\/noticiaempauta.com\/portal\/wp-json\/wp\/v2\/categories?post=277573"},{"taxonomy":"post_tag","embeddable":true,"href":"https:\/\/noticiaempauta.com\/portal\/wp-json\/wp\/v2\/tags?post=277573"}],"curies":[{"name":"wp","href":"https:\/\/api.w.org\/{rel}","templated":true}]}}