{"id":277590,"date":"2025-09-04T19:18:52","date_gmt":"2025-09-04T22:18:52","guid":{"rendered":"https:\/\/noticiaempauta.com\/portal\/?p=277590"},"modified":"2025-09-04T19:18:52","modified_gmt":"2025-09-04T22:18:52","slug":"piauiense-carlos-brandao-e-empossado-como-ministro-do-supremo-tribunal-de-justica","status":"publish","type":"post","link":"https:\/\/noticiaempauta.com\/portal\/piauiense-carlos-brandao-e-empossado-como-ministro-do-supremo-tribunal-de-justica\/","title":{"rendered":"Piauiense Carlos Brand\u00e3o \u00e9 empossado como ministro do Supremo Tribunal de Justi\u00e7a"},"content":{"rendered":"\n<p>O magistrado piauiense Carlos Brand\u00e3o tomou posse nesta quinta-feira (4) como ministro do Superior Tribunal de Justi\u00e7a (STJ). Desembargador do Tribunal Regional Federal da 1\u00aa Regi\u00e3o, ele passa a ocupar a vaga deixada pela ministra Assusete Dumont Reis Magalh\u00e3es, que se aposentou.<\/p>\n\n\n\n<figure class=\"wp-block-image size-full\"><img fetchpriority=\"high\" decoding=\"async\" width=\"937\" height=\"604\" src=\"https:\/\/noticiaempauta.com\/portal\/wp-content\/uploads\/2025\/09\/ministro-2.webp\" alt=\"\" class=\"wp-image-277591\" srcset=\"https:\/\/noticiaempauta.com\/portal\/wp-content\/uploads\/2025\/09\/ministro-2.webp 937w, https:\/\/noticiaempauta.com\/portal\/wp-content\/uploads\/2025\/09\/ministro-2-300x193.webp 300w, https:\/\/noticiaempauta.com\/portal\/wp-content\/uploads\/2025\/09\/ministro-2-768x495.webp 768w\" sizes=\"(max-width: 937px) 100vw, 937px\" \/><figcaption class=\"wp-element-caption\"><em>(Fotos: STJ)<\/em><\/figcaption><\/figure>\n\n\n\n<p>Na abertura da solenidade, o ator e cantor Chambinho do Acordeon executou o Hino Nacional, acompanhado do acordeonista Dad\u00e1 Nunes, em uma apresenta\u00e7\u00e3o que levou tra\u00e7os da cultura nordestina para a cerim\u00f4nia. O presidente do STJ, Herman Benjamin, destacou a import\u00e2ncia da tradi\u00e7\u00e3o sertaneja durante o ato.<\/p>\n\n\n\n<p>Ap\u00f3s a execu\u00e7\u00e3o do hino, o novo ministro prestou o compromisso regimental e fez a promessa de bem desempenhar as fun\u00e7\u00f5es do cargo. \u201cPrometo bem desempenhar os deveres do cargo e bem cumprir e fazer cumprir a Constitui\u00e7\u00e3o e as leis do meu pa\u00eds\u201d, declarou.<\/p>\n\n\n\n<p>As cerim\u00f4nias de posse no STJ n\u00e3o incluem discursos, sendo marcadas pela simplicidade. De acordo com o presidente da Corte, limitam-se \u00e0 leitura do curr\u00edculo, \u00e0s boas-vindas e ao compromisso oficial. Ao final, Carlos Brand\u00e3o sentou-se na cadeira destinada ao novo integrante do tribunal.<\/p>\n\n\n\n<figure class=\"wp-block-image size-large\"><img decoding=\"async\" width=\"1024\" height=\"499\" src=\"https:\/\/noticiaempauta.com\/portal\/wp-content\/uploads\/2025\/09\/ministro-1024x499.webp\" alt=\"\" class=\"wp-image-277592\" srcset=\"https:\/\/noticiaempauta.com\/portal\/wp-content\/uploads\/2025\/09\/ministro-1024x499.webp 1024w, https:\/\/noticiaempauta.com\/portal\/wp-content\/uploads\/2025\/09\/ministro-300x146.webp 300w, https:\/\/noticiaempauta.com\/portal\/wp-content\/uploads\/2025\/09\/ministro-768x374.webp 768w, https:\/\/noticiaempauta.com\/portal\/wp-content\/uploads\/2025\/09\/ministro.webp 1365w\" sizes=\"(max-width: 1024px) 100vw, 1024px\" \/><\/figure>\n\n\n\n<p>Durante a leitura do curr\u00edculo de Carlos Brand\u00e3o, o presidente do STJ brincou com a forma\u00e7\u00e3o do piauiense em engenharia el\u00e9trica, pontuando que agora a corte tem um engenheiro.<\/p>\n\n\n\n<blockquote class=\"wp-block-quote is-layout-flow wp-block-quote-is-layout-flow\">\n<p>\u201cA partir de agora o STJ passa a ter um engenheiro entre seus ministros. Presidente Davi Alcolumbre lembra, eletricista, ou seja, curto circuito n\u00e3o acontecer\u00e1 mais no Tribunal de Justi\u00e7a\u201d, brincou Herman.<\/p>\n<\/blockquote>\n\n\n\n<p><strong>Sabatina&nbsp;<\/strong><\/p>\n\n\n\n<p>A sabatina do desembargador piauiense Carlos Augusto Pires Brand\u00e3o na Comiss\u00e3o de Constitui\u00e7\u00e3o e Justi\u00e7a (CCJ) do Senado marcou uma das etapas para sua indica\u00e7\u00e3o ao Superior Tribunal de Justi\u00e7a (STJ). Indicado pelo presidente Luiz In\u00e1cio Lula da Silva, ele apresentou sua trajet\u00f3ria profissional de mais de 30 anos na magistratura federal, al\u00e9m de passagens como promotor de Justi\u00e7a e procurador da Rep\u00fablica.<\/p>\n\n\n\n<p>Durante o depoimento, Carlos Augusto destacou o papel do STJ em uniformizar a jurisprud\u00eancia e dar previsibilidade \u00e0s interpreta\u00e7\u00f5es das leis. Em seu discurso, tamb\u00e9m fez refer\u00eancia \u00e0 identidade nordestina e citou a import\u00e2ncia da Serra da Capivara, no Piau\u00ed, ao mencionar os estudos da arque\u00f3loga Ni\u00e9de Guidon sobre os primeiros habitantes das Am\u00e9ricas.<\/p>\n\n\n\n<p>O desembargador agradeceu a presen\u00e7a de parlamentares piauienses e ressaltou suas origens em Pedro II. A sabatina ocorreu junto \u00e0 avalia\u00e7\u00e3o de outras autoridades indicadas para cargos em \u00f3rg\u00e3os como o Conselho Nacional de Justi\u00e7a (CNJ) e o Conselho Nacional do Minist\u00e9rio P\u00fablico (CNMP). Para assumir a vaga no STJ, o nome de Carlos Augusto ainda precisar\u00e1 ser aprovado em vota\u00e7\u00e3o no plen\u00e1rio do Senado.<\/p>\n\n\n\n<p><strong>Conhe\u00e7a o magistrado<\/strong><\/p>\n\n\n\n<p>Brand\u00e3o graduou-se em engenharia el\u00e9trica pela Universidade Federal de Minas Gerais (UFMG), em 1986, e em direito pela Universidade Federal do Piau\u00ed (UFPI), em 1993. Concluiu especializa\u00e7\u00e3o em direito constitucional pela UFPI em 1999, mestrado em direito pela Universidade Federal de Pernambuco (UFPE) em 2001 e doutorado em direito pela Universidade Federal da Para\u00edba (UFPB) em 2018.<\/p>\n\n\n\n<p>\u00c9 professor do Departamento de Ci\u00eancias Jur\u00eddicas da UFPI, onde ingressou como professor substituto em 1997 e como professor assistente em 1999. Exerceu os cargos de assessor jur\u00eddico da presid\u00eancia do Tribunal de Justi\u00e7a do Piau\u00ed, promotor de Justi\u00e7a do Minist\u00e9rio P\u00fablico do Estado do Piau\u00ed e procurador da Rep\u00fablica. Chegou a ser nomeado advogado da Uni\u00e3o, mas n\u00e3o chegou a assumir o cargo.<\/p>\n\n\n\n<p>Ingressou na magistratura como juiz federal em 1997, atuando como juiz titular da 5\u00aa Vara Federal e diretor do foro da Se\u00e7\u00e3o Judici\u00e1ria do Piau\u00ed. Em 2015, foi promovido a desembargador federal do TRF-1.<\/p>\n\n\n\n<p>Fonte: Portal Clube News<\/p>\n","protected":false},"excerpt":{"rendered":"<p>O magistrado piauiense Carlos Brand\u00e3o tomou posse nesta quinta-feira (4) como ministro do Superior Tribunal de Justi\u00e7a (STJ). Desembargador do Tribunal Regional Federal da 1\u00aa Regi\u00e3o, ele passa a ocupar a vaga deixada pela ministra Assusete Dumont Reis Magalh\u00e3es, que se aposentou. Na abertura da solenidade, o ator e cantor Chambinho do Acordeon executou o [&hellip;]<\/p>\n","protected":false},"author":2,"featured_media":277591,"comment_status":"open","ping_status":"open","sticky":false,"template":"","format":"standard","meta":{"_mi_skip_tracking":false,"footnotes":""},"categories":[25,1,16],"tags":[192],"class_list":["post-277590","post","type-post","status-publish","format-standard","has-post-thumbnail","hentry","category-destaques-site","category-geral","category-todas","tag-destaqueprincipal"],"acf":[],"yoast_head":"<!-- This site is optimized with the Yoast SEO Premium plugin v19.2 (Yoast SEO v26.9) - https:\/\/yoast.com\/product\/yoast-seo-premium-wordpress\/ -->\n<title>Piauiense Carlos Brand\u00e3o \u00e9 empossado como ministro do Supremo Tribunal de Justi\u00e7a - Portal Not\u00edcia em Pauta<\/title>\n<meta name=\"robots\" content=\"index, follow, max-snippet:-1, max-image-preview:large, max-video-preview:-1\" \/>\n<link rel=\"canonical\" href=\"https:\/\/noticiaempauta.com\/portal\/piauiense-carlos-brandao-e-empossado-como-ministro-do-supremo-tribunal-de-justica\/\" \/>\n<meta property=\"og:locale\" content=\"pt_BR\" \/>\n<meta property=\"og:type\" content=\"article\" \/>\n<meta property=\"og:title\" content=\"Piauiense Carlos Brand\u00e3o \u00e9 empossado como ministro do Supremo Tribunal de Justi\u00e7a\" \/>\n<meta property=\"og:description\" content=\"O magistrado piauiense Carlos Brand\u00e3o tomou posse nesta quinta-feira (4) como ministro do Superior Tribunal de Justi\u00e7a (STJ). Desembargador do Tribunal Regional Federal da 1\u00aa Regi\u00e3o, ele passa a ocupar a vaga deixada pela ministra Assusete Dumont Reis Magalh\u00e3es, que se aposentou. Na abertura da solenidade, o ator e cantor Chambinho do Acordeon executou o [&hellip;]\" \/>\n<meta property=\"og:url\" content=\"https:\/\/noticiaempauta.com\/portal\/piauiense-carlos-brandao-e-empossado-como-ministro-do-supremo-tribunal-de-justica\/\" \/>\n<meta property=\"og:site_name\" content=\"Portal Not\u00edcia em Pauta\" \/>\n<meta property=\"article:publisher\" content=\"https:\/\/www.facebook.com\/Portal-Notcia-Em-Pauta-102292869264820\/\" \/>\n<meta property=\"article:published_time\" content=\"2025-09-04T22:18:52+00:00\" \/>\n<meta property=\"og:image\" content=\"https:\/\/noticiaempauta.com\/portal\/wp-content\/uploads\/2025\/09\/ministro-2.webp\" \/>\n\t<meta property=\"og:image:width\" content=\"937\" \/>\n\t<meta property=\"og:image:height\" content=\"604\" \/>\n\t<meta property=\"og:image:type\" content=\"image\/webp\" \/>\n<meta name=\"author\" content=\"Reda\u00e7\u00e3o\" \/>\n<meta name=\"twitter:card\" content=\"summary_large_image\" \/>\n<meta name=\"twitter:label1\" content=\"Escrito por\" \/>\n\t<meta name=\"twitter:data1\" content=\"Reda\u00e7\u00e3o\" \/>\n\t<meta name=\"twitter:label2\" content=\"Est. tempo de leitura\" \/>\n\t<meta name=\"twitter:data2\" content=\"4 minutos\" \/>\n<script type=\"application\/ld+json\" class=\"yoast-schema-graph\">{\"@context\":\"https:\/\/schema.org\",\"@graph\":[{\"@type\":\"Article\",\"@id\":\"https:\/\/noticiaempauta.com\/portal\/piauiense-carlos-brandao-e-empossado-como-ministro-do-supremo-tribunal-de-justica\/#article\",\"isPartOf\":{\"@id\":\"https:\/\/noticiaempauta.com\/portal\/piauiense-carlos-brandao-e-empossado-como-ministro-do-supremo-tribunal-de-justica\/\"},\"author\":{\"name\":\"Reda\u00e7\u00e3o\",\"@id\":\"https:\/\/noticiaempauta.com\/portal\/#\/schema\/person\/a74af43dd1ab3deca45f988c717d57ac\"},\"headline\":\"Piauiense Carlos Brand\u00e3o \u00e9 empossado como ministro do Supremo Tribunal de Justi\u00e7a\",\"datePublished\":\"2025-09-04T22:18:52+00:00\",\"mainEntityOfPage\":{\"@id\":\"https:\/\/noticiaempauta.com\/portal\/piauiense-carlos-brandao-e-empossado-como-ministro-do-supremo-tribunal-de-justica\/\"},\"wordCount\":652,\"commentCount\":0,\"publisher\":{\"@id\":\"https:\/\/noticiaempauta.com\/portal\/#organization\"},\"image\":{\"@id\":\"https:\/\/noticiaempauta.com\/portal\/piauiense-carlos-brandao-e-empossado-como-ministro-do-supremo-tribunal-de-justica\/#primaryimage\"},\"thumbnailUrl\":\"https:\/\/noticiaempauta.com\/portal\/wp-content\/uploads\/2025\/09\/ministro-2.webp\",\"keywords\":[\"destaqueprincipal\"],\"articleSection\":[\"Destaques\",\"Geral\",\"Todas as Not\u00edcias\"],\"inLanguage\":\"pt-BR\",\"potentialAction\":[{\"@type\":\"CommentAction\",\"name\":\"Comment\",\"target\":[\"https:\/\/noticiaempauta.com\/portal\/piauiense-carlos-brandao-e-empossado-como-ministro-do-supremo-tribunal-de-justica\/#respond\"]}]},{\"@type\":\"WebPage\",\"@id\":\"https:\/\/noticiaempauta.com\/portal\/piauiense-carlos-brandao-e-empossado-como-ministro-do-supremo-tribunal-de-justica\/\",\"url\":\"https:\/\/noticiaempauta.com\/portal\/piauiense-carlos-brandao-e-empossado-como-ministro-do-supremo-tribunal-de-justica\/\",\"name\":\"Piauiense Carlos Brand\u00e3o \u00e9 empossado como ministro do Supremo Tribunal de Justi\u00e7a - Portal Not\u00edcia em Pauta\",\"isPartOf\":{\"@id\":\"https:\/\/noticiaempauta.com\/portal\/#website\"},\"primaryImageOfPage\":{\"@id\":\"https:\/\/noticiaempauta.com\/portal\/piauiense-carlos-brandao-e-empossado-como-ministro-do-supremo-tribunal-de-justica\/#primaryimage\"},\"image\":{\"@id\":\"https:\/\/noticiaempauta.com\/portal\/piauiense-carlos-brandao-e-empossado-como-ministro-do-supremo-tribunal-de-justica\/#primaryimage\"},\"thumbnailUrl\":\"https:\/\/noticiaempauta.com\/portal\/wp-content\/uploads\/2025\/09\/ministro-2.webp\",\"datePublished\":\"2025-09-04T22:18:52+00:00\",\"breadcrumb\":{\"@id\":\"https:\/\/noticiaempauta.com\/portal\/piauiense-carlos-brandao-e-empossado-como-ministro-do-supremo-tribunal-de-justica\/#breadcrumb\"},\"inLanguage\":\"pt-BR\",\"potentialAction\":[{\"@type\":\"ReadAction\",\"target\":[\"https:\/\/noticiaempauta.com\/portal\/piauiense-carlos-brandao-e-empossado-como-ministro-do-supremo-tribunal-de-justica\/\"]}]},{\"@type\":\"ImageObject\",\"inLanguage\":\"pt-BR\",\"@id\":\"https:\/\/noticiaempauta.com\/portal\/piauiense-carlos-brandao-e-empossado-como-ministro-do-supremo-tribunal-de-justica\/#primaryimage\",\"url\":\"https:\/\/noticiaempauta.com\/portal\/wp-content\/uploads\/2025\/09\/ministro-2.webp\",\"contentUrl\":\"https:\/\/noticiaempauta.com\/portal\/wp-content\/uploads\/2025\/09\/ministro-2.webp\",\"width\":937,\"height\":604},{\"@type\":\"BreadcrumbList\",\"@id\":\"https:\/\/noticiaempauta.com\/portal\/piauiense-carlos-brandao-e-empossado-como-ministro-do-supremo-tribunal-de-justica\/#breadcrumb\",\"itemListElement\":[{\"@type\":\"ListItem\",\"position\":1,\"name\":\"P\u00e1gina Inicial\",\"item\":\"https:\/\/noticiaempauta.com\/portal\/\"},{\"@type\":\"ListItem\",\"position\":2,\"name\":\"Destaques\",\"item\":\"https:\/\/noticiaempauta.com\/portal\/destaques-site\/\"},{\"@type\":\"ListItem\",\"position\":3,\"name\":\"Piauiense Carlos Brand\u00e3o \u00e9 empossado como ministro do Supremo Tribunal de Justi\u00e7a\"}]},{\"@type\":\"WebSite\",\"@id\":\"https:\/\/noticiaempauta.com\/portal\/#website\",\"url\":\"https:\/\/noticiaempauta.com\/portal\/\",\"name\":\"Portal Not\u00edcia em Pauta\",\"description\":\"Voc\u00ea bem informado\",\"publisher\":{\"@id\":\"https:\/\/noticiaempauta.com\/portal\/#organization\"},\"potentialAction\":[{\"@type\":\"SearchAction\",\"target\":{\"@type\":\"EntryPoint\",\"urlTemplate\":\"https:\/\/noticiaempauta.com\/portal\/?s={search_term_string}\"},\"query-input\":{\"@type\":\"PropertyValueSpecification\",\"valueRequired\":true,\"valueName\":\"search_term_string\"}}],\"inLanguage\":\"pt-BR\"},{\"@type\":\"Organization\",\"@id\":\"https:\/\/noticiaempauta.com\/portal\/#organization\",\"name\":\"Portal Not\u00edcia em Pauta\",\"url\":\"https:\/\/noticiaempauta.com\/portal\/\",\"logo\":{\"@type\":\"ImageObject\",\"inLanguage\":\"pt-BR\",\"@id\":\"https:\/\/noticiaempauta.com\/portal\/#\/schema\/logo\/image\/\",\"url\":\"https:\/\/noticiaempauta.com\/portal\/wp-content\/uploads\/2022\/08\/logomarca_tema.fw_.png\",\"contentUrl\":\"https:\/\/noticiaempauta.com\/portal\/wp-content\/uploads\/2022\/08\/logomarca_tema.fw_.png\",\"width\":400,\"height\":232,\"caption\":\"Portal Not\u00edcia em Pauta\"},\"image\":{\"@id\":\"https:\/\/noticiaempauta.com\/portal\/#\/schema\/logo\/image\/\"},\"sameAs\":[\"https:\/\/www.facebook.com\/Portal-Notcia-Em-Pauta-102292869264820\/\",\"https:\/\/www.instagram.com\/portalnoticiaempauta\/\"]},{\"@type\":\"Person\",\"@id\":\"https:\/\/noticiaempauta.com\/portal\/#\/schema\/person\/a74af43dd1ab3deca45f988c717d57ac\",\"name\":\"Reda\u00e7\u00e3o\",\"image\":{\"@type\":\"ImageObject\",\"inLanguage\":\"pt-BR\",\"@id\":\"https:\/\/noticiaempauta.com\/portal\/#\/schema\/person\/image\/\",\"url\":\"https:\/\/secure.gravatar.com\/avatar\/03179346ecce6cdfc13361603e8f54242a90e5cde8618fa23c5c00aa2b0aadf3?s=96&d=mm&r=g\",\"contentUrl\":\"https:\/\/secure.gravatar.com\/avatar\/03179346ecce6cdfc13361603e8f54242a90e5cde8618fa23c5c00aa2b0aadf3?s=96&d=mm&r=g\",\"caption\":\"Reda\u00e7\u00e3o\"},\"sameAs\":[\"https:\/\/noticiaempauta.com\/portal\/\"],\"url\":\"https:\/\/noticiaempauta.com\/portal\/author\/fernando\/\"}]}<\/script>\n<!-- \/ Yoast SEO Premium plugin. -->","yoast_head_json":{"title":"Piauiense Carlos Brand\u00e3o \u00e9 empossado como ministro do Supremo Tribunal de Justi\u00e7a - Portal Not\u00edcia em Pauta","robots":{"index":"index","follow":"follow","max-snippet":"max-snippet:-1","max-image-preview":"max-image-preview:large","max-video-preview":"max-video-preview:-1"},"canonical":"https:\/\/noticiaempauta.com\/portal\/piauiense-carlos-brandao-e-empossado-como-ministro-do-supremo-tribunal-de-justica\/","og_locale":"pt_BR","og_type":"article","og_title":"Piauiense Carlos Brand\u00e3o \u00e9 empossado como ministro do Supremo Tribunal de Justi\u00e7a","og_description":"O magistrado piauiense Carlos Brand\u00e3o tomou posse nesta quinta-feira (4) como ministro do Superior Tribunal de Justi\u00e7a (STJ). Desembargador do Tribunal Regional Federal da 1\u00aa Regi\u00e3o, ele passa a ocupar a vaga deixada pela ministra Assusete Dumont Reis Magalh\u00e3es, que se aposentou. Na abertura da solenidade, o ator e cantor Chambinho do Acordeon executou o [&hellip;]","og_url":"https:\/\/noticiaempauta.com\/portal\/piauiense-carlos-brandao-e-empossado-como-ministro-do-supremo-tribunal-de-justica\/","og_site_name":"Portal Not\u00edcia em Pauta","article_publisher":"https:\/\/www.facebook.com\/Portal-Notcia-Em-Pauta-102292869264820\/","article_published_time":"2025-09-04T22:18:52+00:00","og_image":[{"width":937,"height":604,"url":"https:\/\/noticiaempauta.com\/portal\/wp-content\/uploads\/2025\/09\/ministro-2.webp","type":"image\/webp"}],"author":"Reda\u00e7\u00e3o","twitter_card":"summary_large_image","twitter_misc":{"Escrito por":"Reda\u00e7\u00e3o","Est. tempo de leitura":"4 minutos"},"schema":{"@context":"https:\/\/schema.org","@graph":[{"@type":"Article","@id":"https:\/\/noticiaempauta.com\/portal\/piauiense-carlos-brandao-e-empossado-como-ministro-do-supremo-tribunal-de-justica\/#article","isPartOf":{"@id":"https:\/\/noticiaempauta.com\/portal\/piauiense-carlos-brandao-e-empossado-como-ministro-do-supremo-tribunal-de-justica\/"},"author":{"name":"Reda\u00e7\u00e3o","@id":"https:\/\/noticiaempauta.com\/portal\/#\/schema\/person\/a74af43dd1ab3deca45f988c717d57ac"},"headline":"Piauiense Carlos Brand\u00e3o \u00e9 empossado como ministro do Supremo Tribunal de Justi\u00e7a","datePublished":"2025-09-04T22:18:52+00:00","mainEntityOfPage":{"@id":"https:\/\/noticiaempauta.com\/portal\/piauiense-carlos-brandao-e-empossado-como-ministro-do-supremo-tribunal-de-justica\/"},"wordCount":652,"commentCount":0,"publisher":{"@id":"https:\/\/noticiaempauta.com\/portal\/#organization"},"image":{"@id":"https:\/\/noticiaempauta.com\/portal\/piauiense-carlos-brandao-e-empossado-como-ministro-do-supremo-tribunal-de-justica\/#primaryimage"},"thumbnailUrl":"https:\/\/noticiaempauta.com\/portal\/wp-content\/uploads\/2025\/09\/ministro-2.webp","keywords":["destaqueprincipal"],"articleSection":["Destaques","Geral","Todas as Not\u00edcias"],"inLanguage":"pt-BR","potentialAction":[{"@type":"CommentAction","name":"Comment","target":["https:\/\/noticiaempauta.com\/portal\/piauiense-carlos-brandao-e-empossado-como-ministro-do-supremo-tribunal-de-justica\/#respond"]}]},{"@type":"WebPage","@id":"https:\/\/noticiaempauta.com\/portal\/piauiense-carlos-brandao-e-empossado-como-ministro-do-supremo-tribunal-de-justica\/","url":"https:\/\/noticiaempauta.com\/portal\/piauiense-carlos-brandao-e-empossado-como-ministro-do-supremo-tribunal-de-justica\/","name":"Piauiense Carlos Brand\u00e3o \u00e9 empossado como ministro do Supremo Tribunal de Justi\u00e7a - Portal Not\u00edcia em Pauta","isPartOf":{"@id":"https:\/\/noticiaempauta.com\/portal\/#website"},"primaryImageOfPage":{"@id":"https:\/\/noticiaempauta.com\/portal\/piauiense-carlos-brandao-e-empossado-como-ministro-do-supremo-tribunal-de-justica\/#primaryimage"},"image":{"@id":"https:\/\/noticiaempauta.com\/portal\/piauiense-carlos-brandao-e-empossado-como-ministro-do-supremo-tribunal-de-justica\/#primaryimage"},"thumbnailUrl":"https:\/\/noticiaempauta.com\/portal\/wp-content\/uploads\/2025\/09\/ministro-2.webp","datePublished":"2025-09-04T22:18:52+00:00","breadcrumb":{"@id":"https:\/\/noticiaempauta.com\/portal\/piauiense-carlos-brandao-e-empossado-como-ministro-do-supremo-tribunal-de-justica\/#breadcrumb"},"inLanguage":"pt-BR","potentialAction":[{"@type":"ReadAction","target":["https:\/\/noticiaempauta.com\/portal\/piauiense-carlos-brandao-e-empossado-como-ministro-do-supremo-tribunal-de-justica\/"]}]},{"@type":"ImageObject","inLanguage":"pt-BR","@id":"https:\/\/noticiaempauta.com\/portal\/piauiense-carlos-brandao-e-empossado-como-ministro-do-supremo-tribunal-de-justica\/#primaryimage","url":"https:\/\/noticiaempauta.com\/portal\/wp-content\/uploads\/2025\/09\/ministro-2.webp","contentUrl":"https:\/\/noticiaempauta.com\/portal\/wp-content\/uploads\/2025\/09\/ministro-2.webp","width":937,"height":604},{"@type":"BreadcrumbList","@id":"https:\/\/noticiaempauta.com\/portal\/piauiense-carlos-brandao-e-empossado-como-ministro-do-supremo-tribunal-de-justica\/#breadcrumb","itemListElement":[{"@type":"ListItem","position":1,"name":"P\u00e1gina Inicial","item":"https:\/\/noticiaempauta.com\/portal\/"},{"@type":"ListItem","position":2,"name":"Destaques","item":"https:\/\/noticiaempauta.com\/portal\/destaques-site\/"},{"@type":"ListItem","position":3,"name":"Piauiense Carlos Brand\u00e3o \u00e9 empossado como ministro do Supremo Tribunal de Justi\u00e7a"}]},{"@type":"WebSite","@id":"https:\/\/noticiaempauta.com\/portal\/#website","url":"https:\/\/noticiaempauta.com\/portal\/","name":"Portal Not\u00edcia em Pauta","description":"Voc\u00ea bem informado","publisher":{"@id":"https:\/\/noticiaempauta.com\/portal\/#organization"},"potentialAction":[{"@type":"SearchAction","target":{"@type":"EntryPoint","urlTemplate":"https:\/\/noticiaempauta.com\/portal\/?s={search_term_string}"},"query-input":{"@type":"PropertyValueSpecification","valueRequired":true,"valueName":"search_term_string"}}],"inLanguage":"pt-BR"},{"@type":"Organization","@id":"https:\/\/noticiaempauta.com\/portal\/#organization","name":"Portal Not\u00edcia em Pauta","url":"https:\/\/noticiaempauta.com\/portal\/","logo":{"@type":"ImageObject","inLanguage":"pt-BR","@id":"https:\/\/noticiaempauta.com\/portal\/#\/schema\/logo\/image\/","url":"https:\/\/noticiaempauta.com\/portal\/wp-content\/uploads\/2022\/08\/logomarca_tema.fw_.png","contentUrl":"https:\/\/noticiaempauta.com\/portal\/wp-content\/uploads\/2022\/08\/logomarca_tema.fw_.png","width":400,"height":232,"caption":"Portal Not\u00edcia em Pauta"},"image":{"@id":"https:\/\/noticiaempauta.com\/portal\/#\/schema\/logo\/image\/"},"sameAs":["https:\/\/www.facebook.com\/Portal-Notcia-Em-Pauta-102292869264820\/","https:\/\/www.instagram.com\/portalnoticiaempauta\/"]},{"@type":"Person","@id":"https:\/\/noticiaempauta.com\/portal\/#\/schema\/person\/a74af43dd1ab3deca45f988c717d57ac","name":"Reda\u00e7\u00e3o","image":{"@type":"ImageObject","inLanguage":"pt-BR","@id":"https:\/\/noticiaempauta.com\/portal\/#\/schema\/person\/image\/","url":"https:\/\/secure.gravatar.com\/avatar\/03179346ecce6cdfc13361603e8f54242a90e5cde8618fa23c5c00aa2b0aadf3?s=96&d=mm&r=g","contentUrl":"https:\/\/secure.gravatar.com\/avatar\/03179346ecce6cdfc13361603e8f54242a90e5cde8618fa23c5c00aa2b0aadf3?s=96&d=mm&r=g","caption":"Reda\u00e7\u00e3o"},"sameAs":["https:\/\/noticiaempauta.com\/portal\/"],"url":"https:\/\/noticiaempauta.com\/portal\/author\/fernando\/"}]}},"_links":{"self":[{"href":"https:\/\/noticiaempauta.com\/portal\/wp-json\/wp\/v2\/posts\/277590","targetHints":{"allow":["GET"]}}],"collection":[{"href":"https:\/\/noticiaempauta.com\/portal\/wp-json\/wp\/v2\/posts"}],"about":[{"href":"https:\/\/noticiaempauta.com\/portal\/wp-json\/wp\/v2\/types\/post"}],"author":[{"embeddable":true,"href":"https:\/\/noticiaempauta.com\/portal\/wp-json\/wp\/v2\/users\/2"}],"replies":[{"embeddable":true,"href":"https:\/\/noticiaempauta.com\/portal\/wp-json\/wp\/v2\/comments?post=277590"}],"version-history":[{"count":2,"href":"https:\/\/noticiaempauta.com\/portal\/wp-json\/wp\/v2\/posts\/277590\/revisions"}],"predecessor-version":[{"id":277594,"href":"https:\/\/noticiaempauta.com\/portal\/wp-json\/wp\/v2\/posts\/277590\/revisions\/277594"}],"wp:featuredmedia":[{"embeddable":true,"href":"https:\/\/noticiaempauta.com\/portal\/wp-json\/wp\/v2\/media\/277591"}],"wp:attachment":[{"href":"https:\/\/noticiaempauta.com\/portal\/wp-json\/wp\/v2\/media?parent=277590"}],"wp:term":[{"taxonomy":"category","embeddable":true,"href":"https:\/\/noticiaempauta.com\/portal\/wp-json\/wp\/v2\/categories?post=277590"},{"taxonomy":"post_tag","embeddable":true,"href":"https:\/\/noticiaempauta.com\/portal\/wp-json\/wp\/v2\/tags?post=277590"}],"curies":[{"name":"wp","href":"https:\/\/api.w.org\/{rel}","templated":true}]}}