{"id":277626,"date":"2025-09-07T17:20:51","date_gmt":"2025-09-07T20:20:51","guid":{"rendered":"https:\/\/noticiaempauta.com\/portal\/?p=277626"},"modified":"2025-09-07T17:20:53","modified_gmt":"2025-09-07T20:20:53","slug":"homem-e-assassinado-a-tiros-em-frente-a-residencia-na-zona-rural-de-alagoinha-do-piaui","status":"publish","type":"post","link":"https:\/\/noticiaempauta.com\/portal\/homem-e-assassinado-a-tiros-em-frente-a-residencia-na-zona-rural-de-alagoinha-do-piaui\/","title":{"rendered":"Homem \u00e9 assassinado a tiros em frente \u00e0 resid\u00eancia na zona rural de Alagoinha do Piau\u00ed"},"content":{"rendered":"\n<p>Na noite deste s\u00e1bado, 06 de setembro, por volta das 22h58, um homic\u00eddio com emprego de arma de fogo foi registrado no Povoado Serra Velha, zona rural do munic\u00edpio de Alagoinha do Piau\u00ed. <\/p>\n\n\n\n<figure class=\"wp-block-image size-large\"><img fetchpriority=\"high\" decoding=\"async\" width=\"426\" height=\"1024\" src=\"https:\/\/noticiaempauta.com\/portal\/wp-content\/uploads\/2025\/09\/IMG_0375-426x1024.jpeg\" alt=\"\" class=\"wp-image-277628\" srcset=\"https:\/\/noticiaempauta.com\/portal\/wp-content\/uploads\/2025\/09\/IMG_0375-426x1024.jpeg 426w, https:\/\/noticiaempauta.com\/portal\/wp-content\/uploads\/2025\/09\/IMG_0375-125x300.jpeg 125w, https:\/\/noticiaempauta.com\/portal\/wp-content\/uploads\/2025\/09\/IMG_0375.jpeg 441w\" sizes=\"(max-width: 426px) 100vw, 426px\" \/><\/figure>\n\n\n\n<p><br>A v\u00edtima foi identificada como Evanildo Brito da Rocha, conhecido popularmente como Neguim.<\/p>\n\n\n\n<figure class=\"wp-block-image size-full\"><img decoding=\"async\" width=\"1024\" height=\"583\" src=\"https:\/\/noticiaempauta.com\/portal\/wp-content\/uploads\/2025\/09\/IMG_0376.jpeg\" alt=\"\" class=\"wp-image-277627\" srcset=\"https:\/\/noticiaempauta.com\/portal\/wp-content\/uploads\/2025\/09\/IMG_0376.jpeg 1024w, https:\/\/noticiaempauta.com\/portal\/wp-content\/uploads\/2025\/09\/IMG_0376-300x171.jpeg 300w, https:\/\/noticiaempauta.com\/portal\/wp-content\/uploads\/2025\/09\/IMG_0376-768x437.jpeg 768w\" sizes=\"(max-width: 1024px) 100vw, 1024px\" \/><\/figure>\n\n\n\n<p>De acordo com informa\u00e7\u00f5es da Pol\u00edcia Cient\u00edfica, Evanildo estava na companhia de sua namorada, identificada pelas iniciais J.F.S., quando o crime ocorreu. O casal se preparava para sair em dire\u00e7\u00e3o a uma festa no munic\u00edpio de Vila Nova do Piau\u00ed, no ve\u00edculo da v\u00edtima, um Chevrolet Corsa de placa KLL4D41, que estava estacionado em frente \u00e0 resid\u00eancia do mesmo.<\/p>\n\n\n\n<p>Segundo relato da companheira, antes mesmo de deixar o local, um homem vestido com cal\u00e7a preta, camisa escura de manga longa e m\u00e1scara tipo balaclava se aproximou portando uma arma longa, semelhante a uma espingarda, e ordenou que ambos sa\u00edssem do carro.<\/p>\n\n\n\n<p>O suspeito teria mandado que seguissem para uma \u00e1rea mais escura e exigiu que Evanildo levantasse a camisa para verificar se estava armado. No momento em que a v\u00edtima atendeu \u00e0 ordem, o criminoso efetuou um disparo, atingindo Evanildo, que caiu imediatamente e n\u00e3o apresentou rea\u00e7\u00e3o. Em seguida, o autor do crime fugiu correndo, pulando uma cerca pr\u00f3xima e seguindo em dire\u00e7\u00e3o a uma \u00e1rea de mata.<\/p>\n\n\n\n<p>A namorada relatou ainda que n\u00e3o percebeu movimenta\u00e7\u00e3o de ve\u00edculos no local e, em choque, saiu em busca de ajuda logo ap\u00f3s a a\u00e7\u00e3o.<\/p>\n\n\n\n<p>A ocorr\u00eancia foi comunicada \u00e0 Delegada Plantonista da Central de Flagrantes de Picos, Dra. Maria Francineide, e a Per\u00edcia Criminal foi acionada para realizar os procedimentos no local. O comandante do policiamento de Alagoinha tamb\u00e9m esteve presente, colhendo as primeiras informa\u00e7\u00f5es.<\/p>\n\n\n\n<p>As autoridades competentes seguem em dilig\u00eancias para identificar e capturar o autor do crime, que permanece foragido.<\/p>\n\n\n\n<p>Fonte: CidadesnaNet <\/p>\n","protected":false},"excerpt":{"rendered":"<p>Na noite deste s\u00e1bado, 06 de setembro, por volta das 22h58, um homic\u00eddio com emprego de arma de fogo foi registrado no Povoado Serra Velha, zona rural do munic\u00edpio de Alagoinha do Piau\u00ed. A v\u00edtima foi identificada como Evanildo Brito da Rocha, conhecido popularmente como Neguim. De acordo com informa\u00e7\u00f5es da Pol\u00edcia Cient\u00edfica, Evanildo estava [&hellip;]<\/p>\n","protected":false},"author":2,"featured_media":277627,"comment_status":"open","ping_status":"open","sticky":false,"template":"","format":"standard","meta":{"_mi_skip_tracking":false,"footnotes":""},"categories":[25,1,9,137,16],"tags":[192],"class_list":["post-277626","post","type-post","status-publish","format-standard","has-post-thumbnail","hentry","category-destaques-site","category-geral","category-municipios","category-policia","category-todas","tag-destaqueprincipal"],"acf":[],"yoast_head":"<!-- This site is optimized with the Yoast SEO Premium plugin v19.2 (Yoast SEO v26.9) - https:\/\/yoast.com\/product\/yoast-seo-premium-wordpress\/ -->\n<title>Homem \u00e9 assassinado a tiros em frente \u00e0 resid\u00eancia na zona rural de Alagoinha do Piau\u00ed - Portal Not\u00edcia em Pauta<\/title>\n<meta name=\"robots\" content=\"index, follow, max-snippet:-1, max-image-preview:large, max-video-preview:-1\" \/>\n<link rel=\"canonical\" href=\"https:\/\/noticiaempauta.com\/portal\/homem-e-assassinado-a-tiros-em-frente-a-residencia-na-zona-rural-de-alagoinha-do-piaui\/\" \/>\n<meta property=\"og:locale\" content=\"pt_BR\" \/>\n<meta property=\"og:type\" content=\"article\" \/>\n<meta property=\"og:title\" content=\"Homem \u00e9 assassinado a tiros em frente \u00e0 resid\u00eancia na zona rural de Alagoinha do Piau\u00ed\" \/>\n<meta property=\"og:description\" content=\"Na noite deste s\u00e1bado, 06 de setembro, por volta das 22h58, um homic\u00eddio com emprego de arma de fogo foi registrado no Povoado Serra Velha, zona rural do munic\u00edpio de Alagoinha do Piau\u00ed. A v\u00edtima foi identificada como Evanildo Brito da Rocha, conhecido popularmente como Neguim. De acordo com informa\u00e7\u00f5es da Pol\u00edcia Cient\u00edfica, Evanildo estava [&hellip;]\" \/>\n<meta property=\"og:url\" content=\"https:\/\/noticiaempauta.com\/portal\/homem-e-assassinado-a-tiros-em-frente-a-residencia-na-zona-rural-de-alagoinha-do-piaui\/\" \/>\n<meta property=\"og:site_name\" content=\"Portal Not\u00edcia em Pauta\" \/>\n<meta property=\"article:publisher\" content=\"https:\/\/www.facebook.com\/Portal-Notcia-Em-Pauta-102292869264820\/\" \/>\n<meta property=\"article:published_time\" content=\"2025-09-07T20:20:51+00:00\" \/>\n<meta property=\"article:modified_time\" content=\"2025-09-07T20:20:53+00:00\" \/>\n<meta property=\"og:image\" content=\"https:\/\/noticiaempauta.com\/portal\/wp-content\/uploads\/2025\/09\/IMG_0376.jpeg\" \/>\n\t<meta property=\"og:image:width\" content=\"1024\" \/>\n\t<meta property=\"og:image:height\" content=\"583\" \/>\n\t<meta property=\"og:image:type\" content=\"image\/jpeg\" \/>\n<meta name=\"author\" content=\"Reda\u00e7\u00e3o\" \/>\n<meta name=\"twitter:card\" content=\"summary_large_image\" \/>\n<meta name=\"twitter:label1\" content=\"Escrito por\" \/>\n\t<meta name=\"twitter:data1\" content=\"Reda\u00e7\u00e3o\" \/>\n\t<meta name=\"twitter:label2\" content=\"Est. tempo de leitura\" \/>\n\t<meta name=\"twitter:data2\" content=\"3 minutos\" \/>\n<script type=\"application\/ld+json\" class=\"yoast-schema-graph\">{\"@context\":\"https:\/\/schema.org\",\"@graph\":[{\"@type\":\"Article\",\"@id\":\"https:\/\/noticiaempauta.com\/portal\/homem-e-assassinado-a-tiros-em-frente-a-residencia-na-zona-rural-de-alagoinha-do-piaui\/#article\",\"isPartOf\":{\"@id\":\"https:\/\/noticiaempauta.com\/portal\/homem-e-assassinado-a-tiros-em-frente-a-residencia-na-zona-rural-de-alagoinha-do-piaui\/\"},\"author\":{\"name\":\"Reda\u00e7\u00e3o\",\"@id\":\"https:\/\/noticiaempauta.com\/portal\/#\/schema\/person\/a74af43dd1ab3deca45f988c717d57ac\"},\"headline\":\"Homem \u00e9 assassinado a tiros em frente \u00e0 resid\u00eancia na zona rural de Alagoinha do Piau\u00ed\",\"datePublished\":\"2025-09-07T20:20:51+00:00\",\"dateModified\":\"2025-09-07T20:20:53+00:00\",\"mainEntityOfPage\":{\"@id\":\"https:\/\/noticiaempauta.com\/portal\/homem-e-assassinado-a-tiros-em-frente-a-residencia-na-zona-rural-de-alagoinha-do-piaui\/\"},\"wordCount\":342,\"commentCount\":0,\"publisher\":{\"@id\":\"https:\/\/noticiaempauta.com\/portal\/#organization\"},\"image\":{\"@id\":\"https:\/\/noticiaempauta.com\/portal\/homem-e-assassinado-a-tiros-em-frente-a-residencia-na-zona-rural-de-alagoinha-do-piaui\/#primaryimage\"},\"thumbnailUrl\":\"https:\/\/noticiaempauta.com\/portal\/wp-content\/uploads\/2025\/09\/IMG_0376.jpeg\",\"keywords\":[\"destaqueprincipal\"],\"articleSection\":[\"Destaques\",\"Geral\",\"Munic\u00edpios\",\"Pol\u00edcia\",\"Todas as Not\u00edcias\"],\"inLanguage\":\"pt-BR\",\"potentialAction\":[{\"@type\":\"CommentAction\",\"name\":\"Comment\",\"target\":[\"https:\/\/noticiaempauta.com\/portal\/homem-e-assassinado-a-tiros-em-frente-a-residencia-na-zona-rural-de-alagoinha-do-piaui\/#respond\"]}]},{\"@type\":\"WebPage\",\"@id\":\"https:\/\/noticiaempauta.com\/portal\/homem-e-assassinado-a-tiros-em-frente-a-residencia-na-zona-rural-de-alagoinha-do-piaui\/\",\"url\":\"https:\/\/noticiaempauta.com\/portal\/homem-e-assassinado-a-tiros-em-frente-a-residencia-na-zona-rural-de-alagoinha-do-piaui\/\",\"name\":\"Homem \u00e9 assassinado a tiros em frente \u00e0 resid\u00eancia na zona rural de Alagoinha do Piau\u00ed - Portal Not\u00edcia em Pauta\",\"isPartOf\":{\"@id\":\"https:\/\/noticiaempauta.com\/portal\/#website\"},\"primaryImageOfPage\":{\"@id\":\"https:\/\/noticiaempauta.com\/portal\/homem-e-assassinado-a-tiros-em-frente-a-residencia-na-zona-rural-de-alagoinha-do-piaui\/#primaryimage\"},\"image\":{\"@id\":\"https:\/\/noticiaempauta.com\/portal\/homem-e-assassinado-a-tiros-em-frente-a-residencia-na-zona-rural-de-alagoinha-do-piaui\/#primaryimage\"},\"thumbnailUrl\":\"https:\/\/noticiaempauta.com\/portal\/wp-content\/uploads\/2025\/09\/IMG_0376.jpeg\",\"datePublished\":\"2025-09-07T20:20:51+00:00\",\"dateModified\":\"2025-09-07T20:20:53+00:00\",\"breadcrumb\":{\"@id\":\"https:\/\/noticiaempauta.com\/portal\/homem-e-assassinado-a-tiros-em-frente-a-residencia-na-zona-rural-de-alagoinha-do-piaui\/#breadcrumb\"},\"inLanguage\":\"pt-BR\",\"potentialAction\":[{\"@type\":\"ReadAction\",\"target\":[\"https:\/\/noticiaempauta.com\/portal\/homem-e-assassinado-a-tiros-em-frente-a-residencia-na-zona-rural-de-alagoinha-do-piaui\/\"]}]},{\"@type\":\"ImageObject\",\"inLanguage\":\"pt-BR\",\"@id\":\"https:\/\/noticiaempauta.com\/portal\/homem-e-assassinado-a-tiros-em-frente-a-residencia-na-zona-rural-de-alagoinha-do-piaui\/#primaryimage\",\"url\":\"https:\/\/noticiaempauta.com\/portal\/wp-content\/uploads\/2025\/09\/IMG_0376.jpeg\",\"contentUrl\":\"https:\/\/noticiaempauta.com\/portal\/wp-content\/uploads\/2025\/09\/IMG_0376.jpeg\",\"width\":1024,\"height\":583},{\"@type\":\"BreadcrumbList\",\"@id\":\"https:\/\/noticiaempauta.com\/portal\/homem-e-assassinado-a-tiros-em-frente-a-residencia-na-zona-rural-de-alagoinha-do-piaui\/#breadcrumb\",\"itemListElement\":[{\"@type\":\"ListItem\",\"position\":1,\"name\":\"P\u00e1gina Inicial\",\"item\":\"https:\/\/noticiaempauta.com\/portal\/\"},{\"@type\":\"ListItem\",\"position\":2,\"name\":\"Destaques\",\"item\":\"https:\/\/noticiaempauta.com\/portal\/destaques-site\/\"},{\"@type\":\"ListItem\",\"position\":3,\"name\":\"Homem \u00e9 assassinado a tiros em frente \u00e0 resid\u00eancia na zona rural de Alagoinha do Piau\u00ed\"}]},{\"@type\":\"WebSite\",\"@id\":\"https:\/\/noticiaempauta.com\/portal\/#website\",\"url\":\"https:\/\/noticiaempauta.com\/portal\/\",\"name\":\"Portal Not\u00edcia em Pauta\",\"description\":\"Voc\u00ea bem informado\",\"publisher\":{\"@id\":\"https:\/\/noticiaempauta.com\/portal\/#organization\"},\"potentialAction\":[{\"@type\":\"SearchAction\",\"target\":{\"@type\":\"EntryPoint\",\"urlTemplate\":\"https:\/\/noticiaempauta.com\/portal\/?s={search_term_string}\"},\"query-input\":{\"@type\":\"PropertyValueSpecification\",\"valueRequired\":true,\"valueName\":\"search_term_string\"}}],\"inLanguage\":\"pt-BR\"},{\"@type\":\"Organization\",\"@id\":\"https:\/\/noticiaempauta.com\/portal\/#organization\",\"name\":\"Portal Not\u00edcia em Pauta\",\"url\":\"https:\/\/noticiaempauta.com\/portal\/\",\"logo\":{\"@type\":\"ImageObject\",\"inLanguage\":\"pt-BR\",\"@id\":\"https:\/\/noticiaempauta.com\/portal\/#\/schema\/logo\/image\/\",\"url\":\"https:\/\/noticiaempauta.com\/portal\/wp-content\/uploads\/2022\/08\/logomarca_tema.fw_.png\",\"contentUrl\":\"https:\/\/noticiaempauta.com\/portal\/wp-content\/uploads\/2022\/08\/logomarca_tema.fw_.png\",\"width\":400,\"height\":232,\"caption\":\"Portal Not\u00edcia em Pauta\"},\"image\":{\"@id\":\"https:\/\/noticiaempauta.com\/portal\/#\/schema\/logo\/image\/\"},\"sameAs\":[\"https:\/\/www.facebook.com\/Portal-Notcia-Em-Pauta-102292869264820\/\",\"https:\/\/www.instagram.com\/portalnoticiaempauta\/\"]},{\"@type\":\"Person\",\"@id\":\"https:\/\/noticiaempauta.com\/portal\/#\/schema\/person\/a74af43dd1ab3deca45f988c717d57ac\",\"name\":\"Reda\u00e7\u00e3o\",\"image\":{\"@type\":\"ImageObject\",\"inLanguage\":\"pt-BR\",\"@id\":\"https:\/\/noticiaempauta.com\/portal\/#\/schema\/person\/image\/\",\"url\":\"https:\/\/secure.gravatar.com\/avatar\/03179346ecce6cdfc13361603e8f54242a90e5cde8618fa23c5c00aa2b0aadf3?s=96&d=mm&r=g\",\"contentUrl\":\"https:\/\/secure.gravatar.com\/avatar\/03179346ecce6cdfc13361603e8f54242a90e5cde8618fa23c5c00aa2b0aadf3?s=96&d=mm&r=g\",\"caption\":\"Reda\u00e7\u00e3o\"},\"sameAs\":[\"https:\/\/noticiaempauta.com\/portal\/\"],\"url\":\"https:\/\/noticiaempauta.com\/portal\/author\/fernando\/\"}]}<\/script>\n<!-- \/ Yoast SEO Premium plugin. -->","yoast_head_json":{"title":"Homem \u00e9 assassinado a tiros em frente \u00e0 resid\u00eancia na zona rural de Alagoinha do Piau\u00ed - Portal Not\u00edcia em Pauta","robots":{"index":"index","follow":"follow","max-snippet":"max-snippet:-1","max-image-preview":"max-image-preview:large","max-video-preview":"max-video-preview:-1"},"canonical":"https:\/\/noticiaempauta.com\/portal\/homem-e-assassinado-a-tiros-em-frente-a-residencia-na-zona-rural-de-alagoinha-do-piaui\/","og_locale":"pt_BR","og_type":"article","og_title":"Homem \u00e9 assassinado a tiros em frente \u00e0 resid\u00eancia na zona rural de Alagoinha do Piau\u00ed","og_description":"Na noite deste s\u00e1bado, 06 de setembro, por volta das 22h58, um homic\u00eddio com emprego de arma de fogo foi registrado no Povoado Serra Velha, zona rural do munic\u00edpio de Alagoinha do Piau\u00ed. A v\u00edtima foi identificada como Evanildo Brito da Rocha, conhecido popularmente como Neguim. De acordo com informa\u00e7\u00f5es da Pol\u00edcia Cient\u00edfica, Evanildo estava [&hellip;]","og_url":"https:\/\/noticiaempauta.com\/portal\/homem-e-assassinado-a-tiros-em-frente-a-residencia-na-zona-rural-de-alagoinha-do-piaui\/","og_site_name":"Portal Not\u00edcia em Pauta","article_publisher":"https:\/\/www.facebook.com\/Portal-Notcia-Em-Pauta-102292869264820\/","article_published_time":"2025-09-07T20:20:51+00:00","article_modified_time":"2025-09-07T20:20:53+00:00","og_image":[{"width":1024,"height":583,"url":"https:\/\/noticiaempauta.com\/portal\/wp-content\/uploads\/2025\/09\/IMG_0376.jpeg","type":"image\/jpeg"}],"author":"Reda\u00e7\u00e3o","twitter_card":"summary_large_image","twitter_misc":{"Escrito por":"Reda\u00e7\u00e3o","Est. tempo de leitura":"3 minutos"},"schema":{"@context":"https:\/\/schema.org","@graph":[{"@type":"Article","@id":"https:\/\/noticiaempauta.com\/portal\/homem-e-assassinado-a-tiros-em-frente-a-residencia-na-zona-rural-de-alagoinha-do-piaui\/#article","isPartOf":{"@id":"https:\/\/noticiaempauta.com\/portal\/homem-e-assassinado-a-tiros-em-frente-a-residencia-na-zona-rural-de-alagoinha-do-piaui\/"},"author":{"name":"Reda\u00e7\u00e3o","@id":"https:\/\/noticiaempauta.com\/portal\/#\/schema\/person\/a74af43dd1ab3deca45f988c717d57ac"},"headline":"Homem \u00e9 assassinado a tiros em frente \u00e0 resid\u00eancia na zona rural de Alagoinha do Piau\u00ed","datePublished":"2025-09-07T20:20:51+00:00","dateModified":"2025-09-07T20:20:53+00:00","mainEntityOfPage":{"@id":"https:\/\/noticiaempauta.com\/portal\/homem-e-assassinado-a-tiros-em-frente-a-residencia-na-zona-rural-de-alagoinha-do-piaui\/"},"wordCount":342,"commentCount":0,"publisher":{"@id":"https:\/\/noticiaempauta.com\/portal\/#organization"},"image":{"@id":"https:\/\/noticiaempauta.com\/portal\/homem-e-assassinado-a-tiros-em-frente-a-residencia-na-zona-rural-de-alagoinha-do-piaui\/#primaryimage"},"thumbnailUrl":"https:\/\/noticiaempauta.com\/portal\/wp-content\/uploads\/2025\/09\/IMG_0376.jpeg","keywords":["destaqueprincipal"],"articleSection":["Destaques","Geral","Munic\u00edpios","Pol\u00edcia","Todas as Not\u00edcias"],"inLanguage":"pt-BR","potentialAction":[{"@type":"CommentAction","name":"Comment","target":["https:\/\/noticiaempauta.com\/portal\/homem-e-assassinado-a-tiros-em-frente-a-residencia-na-zona-rural-de-alagoinha-do-piaui\/#respond"]}]},{"@type":"WebPage","@id":"https:\/\/noticiaempauta.com\/portal\/homem-e-assassinado-a-tiros-em-frente-a-residencia-na-zona-rural-de-alagoinha-do-piaui\/","url":"https:\/\/noticiaempauta.com\/portal\/homem-e-assassinado-a-tiros-em-frente-a-residencia-na-zona-rural-de-alagoinha-do-piaui\/","name":"Homem \u00e9 assassinado a tiros em frente \u00e0 resid\u00eancia na zona rural de Alagoinha do Piau\u00ed - Portal Not\u00edcia em Pauta","isPartOf":{"@id":"https:\/\/noticiaempauta.com\/portal\/#website"},"primaryImageOfPage":{"@id":"https:\/\/noticiaempauta.com\/portal\/homem-e-assassinado-a-tiros-em-frente-a-residencia-na-zona-rural-de-alagoinha-do-piaui\/#primaryimage"},"image":{"@id":"https:\/\/noticiaempauta.com\/portal\/homem-e-assassinado-a-tiros-em-frente-a-residencia-na-zona-rural-de-alagoinha-do-piaui\/#primaryimage"},"thumbnailUrl":"https:\/\/noticiaempauta.com\/portal\/wp-content\/uploads\/2025\/09\/IMG_0376.jpeg","datePublished":"2025-09-07T20:20:51+00:00","dateModified":"2025-09-07T20:20:53+00:00","breadcrumb":{"@id":"https:\/\/noticiaempauta.com\/portal\/homem-e-assassinado-a-tiros-em-frente-a-residencia-na-zona-rural-de-alagoinha-do-piaui\/#breadcrumb"},"inLanguage":"pt-BR","potentialAction":[{"@type":"ReadAction","target":["https:\/\/noticiaempauta.com\/portal\/homem-e-assassinado-a-tiros-em-frente-a-residencia-na-zona-rural-de-alagoinha-do-piaui\/"]}]},{"@type":"ImageObject","inLanguage":"pt-BR","@id":"https:\/\/noticiaempauta.com\/portal\/homem-e-assassinado-a-tiros-em-frente-a-residencia-na-zona-rural-de-alagoinha-do-piaui\/#primaryimage","url":"https:\/\/noticiaempauta.com\/portal\/wp-content\/uploads\/2025\/09\/IMG_0376.jpeg","contentUrl":"https:\/\/noticiaempauta.com\/portal\/wp-content\/uploads\/2025\/09\/IMG_0376.jpeg","width":1024,"height":583},{"@type":"BreadcrumbList","@id":"https:\/\/noticiaempauta.com\/portal\/homem-e-assassinado-a-tiros-em-frente-a-residencia-na-zona-rural-de-alagoinha-do-piaui\/#breadcrumb","itemListElement":[{"@type":"ListItem","position":1,"name":"P\u00e1gina Inicial","item":"https:\/\/noticiaempauta.com\/portal\/"},{"@type":"ListItem","position":2,"name":"Destaques","item":"https:\/\/noticiaempauta.com\/portal\/destaques-site\/"},{"@type":"ListItem","position":3,"name":"Homem \u00e9 assassinado a tiros em frente \u00e0 resid\u00eancia na zona rural de Alagoinha do Piau\u00ed"}]},{"@type":"WebSite","@id":"https:\/\/noticiaempauta.com\/portal\/#website","url":"https:\/\/noticiaempauta.com\/portal\/","name":"Portal Not\u00edcia em Pauta","description":"Voc\u00ea bem informado","publisher":{"@id":"https:\/\/noticiaempauta.com\/portal\/#organization"},"potentialAction":[{"@type":"SearchAction","target":{"@type":"EntryPoint","urlTemplate":"https:\/\/noticiaempauta.com\/portal\/?s={search_term_string}"},"query-input":{"@type":"PropertyValueSpecification","valueRequired":true,"valueName":"search_term_string"}}],"inLanguage":"pt-BR"},{"@type":"Organization","@id":"https:\/\/noticiaempauta.com\/portal\/#organization","name":"Portal Not\u00edcia em Pauta","url":"https:\/\/noticiaempauta.com\/portal\/","logo":{"@type":"ImageObject","inLanguage":"pt-BR","@id":"https:\/\/noticiaempauta.com\/portal\/#\/schema\/logo\/image\/","url":"https:\/\/noticiaempauta.com\/portal\/wp-content\/uploads\/2022\/08\/logomarca_tema.fw_.png","contentUrl":"https:\/\/noticiaempauta.com\/portal\/wp-content\/uploads\/2022\/08\/logomarca_tema.fw_.png","width":400,"height":232,"caption":"Portal Not\u00edcia em Pauta"},"image":{"@id":"https:\/\/noticiaempauta.com\/portal\/#\/schema\/logo\/image\/"},"sameAs":["https:\/\/www.facebook.com\/Portal-Notcia-Em-Pauta-102292869264820\/","https:\/\/www.instagram.com\/portalnoticiaempauta\/"]},{"@type":"Person","@id":"https:\/\/noticiaempauta.com\/portal\/#\/schema\/person\/a74af43dd1ab3deca45f988c717d57ac","name":"Reda\u00e7\u00e3o","image":{"@type":"ImageObject","inLanguage":"pt-BR","@id":"https:\/\/noticiaempauta.com\/portal\/#\/schema\/person\/image\/","url":"https:\/\/secure.gravatar.com\/avatar\/03179346ecce6cdfc13361603e8f54242a90e5cde8618fa23c5c00aa2b0aadf3?s=96&d=mm&r=g","contentUrl":"https:\/\/secure.gravatar.com\/avatar\/03179346ecce6cdfc13361603e8f54242a90e5cde8618fa23c5c00aa2b0aadf3?s=96&d=mm&r=g","caption":"Reda\u00e7\u00e3o"},"sameAs":["https:\/\/noticiaempauta.com\/portal\/"],"url":"https:\/\/noticiaempauta.com\/portal\/author\/fernando\/"}]}},"_links":{"self":[{"href":"https:\/\/noticiaempauta.com\/portal\/wp-json\/wp\/v2\/posts\/277626","targetHints":{"allow":["GET"]}}],"collection":[{"href":"https:\/\/noticiaempauta.com\/portal\/wp-json\/wp\/v2\/posts"}],"about":[{"href":"https:\/\/noticiaempauta.com\/portal\/wp-json\/wp\/v2\/types\/post"}],"author":[{"embeddable":true,"href":"https:\/\/noticiaempauta.com\/portal\/wp-json\/wp\/v2\/users\/2"}],"replies":[{"embeddable":true,"href":"https:\/\/noticiaempauta.com\/portal\/wp-json\/wp\/v2\/comments?post=277626"}],"version-history":[{"count":2,"href":"https:\/\/noticiaempauta.com\/portal\/wp-json\/wp\/v2\/posts\/277626\/revisions"}],"predecessor-version":[{"id":277630,"href":"https:\/\/noticiaempauta.com\/portal\/wp-json\/wp\/v2\/posts\/277626\/revisions\/277630"}],"wp:featuredmedia":[{"embeddable":true,"href":"https:\/\/noticiaempauta.com\/portal\/wp-json\/wp\/v2\/media\/277627"}],"wp:attachment":[{"href":"https:\/\/noticiaempauta.com\/portal\/wp-json\/wp\/v2\/media?parent=277626"}],"wp:term":[{"taxonomy":"category","embeddable":true,"href":"https:\/\/noticiaempauta.com\/portal\/wp-json\/wp\/v2\/categories?post=277626"},{"taxonomy":"post_tag","embeddable":true,"href":"https:\/\/noticiaempauta.com\/portal\/wp-json\/wp\/v2\/tags?post=277626"}],"curies":[{"name":"wp","href":"https:\/\/api.w.org\/{rel}","templated":true}]}}