{"id":277631,"date":"2025-09-07T19:37:46","date_gmt":"2025-09-07T22:37:46","guid":{"rendered":"https:\/\/noticiaempauta.com\/portal\/?p=277631"},"modified":"2025-09-07T19:37:47","modified_gmt":"2025-09-07T22:37:47","slug":"prefeitura-de-picos-realiza-desfile-da-independencia-com-mais-de-5-500-componentes","status":"publish","type":"post","link":"https:\/\/noticiaempauta.com\/portal\/prefeitura-de-picos-realiza-desfile-da-independencia-com-mais-de-5-500-componentes\/","title":{"rendered":"Prefeitura de Picos realiza Desfile da Independ\u00eancia com mais de 5.500 componentes"},"content":{"rendered":"\n<p>A Prefeitura de Picos, atrav\u00e9s da Secretaria Municipal de Cultura, realizou na manh\u00e3 deste domingo (07), o tradicional Desfile da Independ\u00eancia.<\/p>\n\n\n\n<figure class=\"wp-block-image size-full\"><img fetchpriority=\"high\" decoding=\"async\" width=\"640\" height=\"427\" src=\"https:\/\/noticiaempauta.com\/portal\/wp-content\/uploads\/2025\/09\/CCM_0297-1.jpg\" alt=\"\" class=\"wp-image-277632\" srcset=\"https:\/\/noticiaempauta.com\/portal\/wp-content\/uploads\/2025\/09\/CCM_0297-1.jpg 640w, https:\/\/noticiaempauta.com\/portal\/wp-content\/uploads\/2025\/09\/CCM_0297-1-300x200.jpg 300w\" sizes=\"(max-width: 640px) 100vw, 640px\" \/><\/figure>\n\n\n\n<p>\u00c9 o primeiro 07 de Setembro da administra\u00e7\u00e3o \u201cReconstruindo Nosso Futuro\u201d, do prefeito, Dr. Pablo Santos (MDB), foi marcado pela grandiosidade, com mais de tr\u00eas horas e meia de dura\u00e7\u00e3o, com 31 pelot\u00f5es e mais de 5.500 componentes desfilando.<\/p>\n\n\n\n<figure class=\"wp-block-image size-full\"><img decoding=\"async\" width=\"640\" height=\"427\" src=\"https:\/\/noticiaempauta.com\/portal\/wp-content\/uploads\/2025\/09\/CCM_0196.jpg\" alt=\"\" class=\"wp-image-277633\" srcset=\"https:\/\/noticiaempauta.com\/portal\/wp-content\/uploads\/2025\/09\/CCM_0196.jpg 640w, https:\/\/noticiaempauta.com\/portal\/wp-content\/uploads\/2025\/09\/CCM_0196-300x200.jpg 300w\" sizes=\"(max-width: 640px) 100vw, 640px\" \/><\/figure>\n\n\n\n<p>\u201cA gente fica muito feliz de estar como prefeito podendo realizar um grande evento como esse e isso mostra que o povo de Picos cada dia mais acredita que a gest\u00e3o pode ser uma gest\u00e3o mais pr\u00f3spera, que a cidade pode crescer, ela pode se desenvolver e est\u00e1 aqui a prova viva, a autoestima do povo picoense presente nesse Desfile de 07 de Setembro com mais de 5.500 pessoas desfilando e o nosso sentimento \u00e9 de gratid\u00e3o e aumenta minha responsabilidade como prefeito da minha cidade em poder transformar essa cidade mais acolhedora, uma cidade mais desenvolvida e o dia de hoje foi muito especial o que faz com que eu busque melhorar a cada dia mais a administra\u00e7\u00e3o p\u00fablica\u201d, destacou Dr. Pablo Santos.<\/p>\n\n\n\n<figure class=\"wp-block-image size-full\"><img decoding=\"async\" width=\"640\" height=\"427\" src=\"https:\/\/noticiaempauta.com\/portal\/wp-content\/uploads\/2025\/09\/CCM_0293.jpg\" alt=\"\" class=\"wp-image-277634\" srcset=\"https:\/\/noticiaempauta.com\/portal\/wp-content\/uploads\/2025\/09\/CCM_0293.jpg 640w, https:\/\/noticiaempauta.com\/portal\/wp-content\/uploads\/2025\/09\/CCM_0293-300x200.jpg 300w\" sizes=\"(max-width: 640px) 100vw, 640px\" \/><\/figure>\n\n\n\n<p>Uma multid\u00e3o compareceu \u00e0 Avenida Nossa Senhora de F\u00e1tima, no Centro, nas proximidades da Pra\u00e7a Josino Ferreira, para acompanhar o Desfile. Al\u00e9m das arquibancadas, dois palanques para autoridades e tendas para as bandas e a imprensa, foram montadas no local.<\/p>\n\n\n\n<figure class=\"wp-block-image size-full\"><img loading=\"lazy\" decoding=\"async\" width=\"640\" height=\"427\" src=\"https:\/\/noticiaempauta.com\/portal\/wp-content\/uploads\/2025\/09\/CCM_0244.jpg\" alt=\"\" class=\"wp-image-277639\" srcset=\"https:\/\/noticiaempauta.com\/portal\/wp-content\/uploads\/2025\/09\/CCM_0244.jpg 640w, https:\/\/noticiaempauta.com\/portal\/wp-content\/uploads\/2025\/09\/CCM_0244-300x200.jpg 300w\" sizes=\"(max-width: 640px) 100vw, 640px\" \/><\/figure>\n\n\n\n<figure class=\"wp-block-image size-full\"><img loading=\"lazy\" decoding=\"async\" width=\"640\" height=\"427\" src=\"https:\/\/noticiaempauta.com\/portal\/wp-content\/uploads\/2025\/09\/CCM_0301.jpg\" alt=\"\" class=\"wp-image-277635\" srcset=\"https:\/\/noticiaempauta.com\/portal\/wp-content\/uploads\/2025\/09\/CCM_0301.jpg 640w, https:\/\/noticiaempauta.com\/portal\/wp-content\/uploads\/2025\/09\/CCM_0301-300x200.jpg 300w\" sizes=\"(max-width: 640px) 100vw, 640px\" \/><\/figure>\n\n\n\n<figure class=\"wp-block-image size-large\"><img loading=\"lazy\" decoding=\"async\" width=\"1024\" height=\"768\" src=\"https:\/\/noticiaempauta.com\/portal\/wp-content\/uploads\/2025\/09\/WhatsApp-Image-2025-09-07-at-19.18.28-1024x768.jpeg\" alt=\"\" class=\"wp-image-277645\" srcset=\"https:\/\/noticiaempauta.com\/portal\/wp-content\/uploads\/2025\/09\/WhatsApp-Image-2025-09-07-at-19.18.28-1024x768.jpeg 1024w, https:\/\/noticiaempauta.com\/portal\/wp-content\/uploads\/2025\/09\/WhatsApp-Image-2025-09-07-at-19.18.28-300x225.jpeg 300w, https:\/\/noticiaempauta.com\/portal\/wp-content\/uploads\/2025\/09\/WhatsApp-Image-2025-09-07-at-19.18.28-768x576.jpeg 768w, https:\/\/noticiaempauta.com\/portal\/wp-content\/uploads\/2025\/09\/WhatsApp-Image-2025-09-07-at-19.18.28.jpeg 1280w\" sizes=\"(max-width: 1024px) 100vw, 1024px\" \/><\/figure>\n\n\n\n<p>O prefeito acompanhou o evento c\u00edvico-militar ao lado da sua esposa, Anyara Santos, do deputado Federal, Jadyel Alencar (REPUBLICANOS), do presidente da Mesa Diretora da Alepi (Assembleia Legislativa do Estado do Piau\u00ed), Severo Eul\u00e1lio (MDB), do presidente da C\u00e2mara de Vereadores de Picos, Rinaldinho (MDB), do Comandante do 3\u00ba BEC (Batalh\u00e3o de Engenharia de Constru\u00e7\u00e3o), Tenente-coronel, A\u00e9cio Silva, do Comandante do 4\u00ba BPM (Batalh\u00e3o da Policia Militar), Tenente-coronel, Felipe Oliveira e do Comandante do 4\u00ba GBM 4\u00ba (Grupamento dos Bombeiros Militar), Capit\u00e3o, Alisson Rangel.<\/p>\n\n\n\n<figure class=\"wp-block-image size-large\"><img loading=\"lazy\" decoding=\"async\" width=\"1024\" height=\"768\" src=\"https:\/\/noticiaempauta.com\/portal\/wp-content\/uploads\/2025\/09\/WhatsApp-Image-2025-09-07-at-19.18.36-1024x768.jpeg\" alt=\"\" class=\"wp-image-277644\" srcset=\"https:\/\/noticiaempauta.com\/portal\/wp-content\/uploads\/2025\/09\/WhatsApp-Image-2025-09-07-at-19.18.36-1024x768.jpeg 1024w, https:\/\/noticiaempauta.com\/portal\/wp-content\/uploads\/2025\/09\/WhatsApp-Image-2025-09-07-at-19.18.36-300x225.jpeg 300w, https:\/\/noticiaempauta.com\/portal\/wp-content\/uploads\/2025\/09\/WhatsApp-Image-2025-09-07-at-19.18.36-768x576.jpeg 768w, https:\/\/noticiaempauta.com\/portal\/wp-content\/uploads\/2025\/09\/WhatsApp-Image-2025-09-07-at-19.18.36.jpeg 1280w\" sizes=\"(max-width: 1024px) 100vw, 1024px\" \/><\/figure>\n\n\n\n<figure class=\"wp-block-image size-full\"><img loading=\"lazy\" decoding=\"async\" width=\"640\" height=\"427\" src=\"https:\/\/noticiaempauta.com\/portal\/wp-content\/uploads\/2025\/09\/CCM_0320.jpg\" alt=\"\" class=\"wp-image-277636\" srcset=\"https:\/\/noticiaempauta.com\/portal\/wp-content\/uploads\/2025\/09\/CCM_0320.jpg 640w, https:\/\/noticiaempauta.com\/portal\/wp-content\/uploads\/2025\/09\/CCM_0320-300x200.jpg 300w\" sizes=\"(max-width: 640px) 100vw, 640px\" \/><\/figure>\n\n\n\n<p>Durante v\u00e1rios momentos o p\u00fablico aumentou empolga\u00e7\u00e3o em especial nos desfiles dos garis da Secretaria de Servi\u00e7os P\u00fablicos, que foram aplaudidos de p\u00e9, do Ex\u00e9rcito Brasileiro, da For\u00e7a T\u00e1tica, da ROCAM (Rondas Ostensivas Com o Apoio de Motocicleta), do BEPI (Batalh\u00e3o Especial de Policiamento do Interior), da Pol\u00edcia Penal e do Corpo de Bombeiros, que fizeram simula\u00e7\u00f5es de situa\u00e7\u00f5es do cotidiano das for\u00e7as de seguran\u00e7a. O resgate de um paciente em ataque card\u00edaco, realizado pelo SAMU (Servi\u00e7o de Atendimento M\u00e9dico de Urg\u00eancia), tamb\u00e9m levou o p\u00fablico ao del\u00edrio.<\/p>\n\n\n\n<figure class=\"wp-block-image size-full\"><img loading=\"lazy\" decoding=\"async\" width=\"640\" height=\"427\" src=\"https:\/\/noticiaempauta.com\/portal\/wp-content\/uploads\/2025\/09\/CCM_0328.jpg\" alt=\"\" class=\"wp-image-277637\" srcset=\"https:\/\/noticiaempauta.com\/portal\/wp-content\/uploads\/2025\/09\/CCM_0328.jpg 640w, https:\/\/noticiaempauta.com\/portal\/wp-content\/uploads\/2025\/09\/CCM_0328-300x200.jpg 300w\" sizes=\"(max-width: 640px) 100vw, 640px\" \/><\/figure>\n\n\n\n<figure class=\"wp-block-image size-full\"><img loading=\"lazy\" decoding=\"async\" width=\"640\" height=\"427\" src=\"https:\/\/noticiaempauta.com\/portal\/wp-content\/uploads\/2025\/09\/CCM_0352.jpg\" alt=\"\" class=\"wp-image-277638\" srcset=\"https:\/\/noticiaempauta.com\/portal\/wp-content\/uploads\/2025\/09\/CCM_0352.jpg 640w, https:\/\/noticiaempauta.com\/portal\/wp-content\/uploads\/2025\/09\/CCM_0352-300x200.jpg 300w\" sizes=\"(max-width: 640px) 100vw, 640px\" \/><\/figure>\n\n\n\n<figure class=\"wp-block-image size-full\"><img loading=\"lazy\" decoding=\"async\" width=\"640\" height=\"427\" src=\"https:\/\/noticiaempauta.com\/portal\/wp-content\/uploads\/2025\/09\/CCM_0918.jpg\" alt=\"\" class=\"wp-image-277640\" srcset=\"https:\/\/noticiaempauta.com\/portal\/wp-content\/uploads\/2025\/09\/CCM_0918.jpg 640w, https:\/\/noticiaempauta.com\/portal\/wp-content\/uploads\/2025\/09\/CCM_0918-300x200.jpg 300w\" sizes=\"(max-width: 640px) 100vw, 640px\" \/><\/figure>\n\n\n\n<p>A cavalaria encerrou o Desfile da Independ\u00eancia 2025 da cidade de Picos.<\/p>\n\n\n\n<figure class=\"wp-block-image size-full\"><img loading=\"lazy\" decoding=\"async\" width=\"640\" height=\"427\" src=\"https:\/\/noticiaempauta.com\/portal\/wp-content\/uploads\/2025\/09\/CCM_0780.jpg\" alt=\"\" class=\"wp-image-277641\" srcset=\"https:\/\/noticiaempauta.com\/portal\/wp-content\/uploads\/2025\/09\/CCM_0780.jpg 640w, https:\/\/noticiaempauta.com\/portal\/wp-content\/uploads\/2025\/09\/CCM_0780-300x200.jpg 300w\" sizes=\"(max-width: 640px) 100vw, 640px\" \/><\/figure>\n\n\n\n<p><strong>Mais imagens<\/strong><\/p>\n\n\n\n<figure class=\"wp-block-image size-large\"><img loading=\"lazy\" decoding=\"async\" width=\"1024\" height=\"660\" src=\"https:\/\/noticiaempauta.com\/portal\/wp-content\/uploads\/2025\/09\/WhatsApp-Image-2025-09-07-at-19.28.28-2-1024x660.jpeg\" alt=\"\" class=\"wp-image-277646\" srcset=\"https:\/\/noticiaempauta.com\/portal\/wp-content\/uploads\/2025\/09\/WhatsApp-Image-2025-09-07-at-19.28.28-2-1024x660.jpeg 1024w, https:\/\/noticiaempauta.com\/portal\/wp-content\/uploads\/2025\/09\/WhatsApp-Image-2025-09-07-at-19.28.28-2-300x193.jpeg 300w, https:\/\/noticiaempauta.com\/portal\/wp-content\/uploads\/2025\/09\/WhatsApp-Image-2025-09-07-at-19.28.28-2-768x495.jpeg 768w, https:\/\/noticiaempauta.com\/portal\/wp-content\/uploads\/2025\/09\/WhatsApp-Image-2025-09-07-at-19.28.28-2.jpeg 1170w\" sizes=\"(max-width: 1024px) 100vw, 1024px\" \/><\/figure>\n\n\n\n<figure class=\"wp-block-image size-full\"><img loading=\"lazy\" decoding=\"async\" width=\"640\" height=\"427\" src=\"https:\/\/noticiaempauta.com\/portal\/wp-content\/uploads\/2025\/09\/CCM_0803.jpg\" alt=\"\" class=\"wp-image-277642\" srcset=\"https:\/\/noticiaempauta.com\/portal\/wp-content\/uploads\/2025\/09\/CCM_0803.jpg 640w, https:\/\/noticiaempauta.com\/portal\/wp-content\/uploads\/2025\/09\/CCM_0803-300x200.jpg 300w\" sizes=\"(max-width: 640px) 100vw, 640px\" \/><\/figure>\n\n\n\n<figure class=\"wp-block-image size-full\"><img loading=\"lazy\" decoding=\"async\" width=\"640\" height=\"427\" src=\"https:\/\/noticiaempauta.com\/portal\/wp-content\/uploads\/2025\/09\/CCM_0252-1.jpg\" alt=\"\" class=\"wp-image-277643\" srcset=\"https:\/\/noticiaempauta.com\/portal\/wp-content\/uploads\/2025\/09\/CCM_0252-1.jpg 640w, https:\/\/noticiaempauta.com\/portal\/wp-content\/uploads\/2025\/09\/CCM_0252-1-300x200.jpg 300w\" sizes=\"(max-width: 640px) 100vw, 640px\" \/><\/figure>\n\n\n\n<figure class=\"wp-block-image size-large\"><img loading=\"lazy\" decoding=\"async\" width=\"1024\" height=\"657\" src=\"https:\/\/noticiaempauta.com\/portal\/wp-content\/uploads\/2025\/09\/WhatsApp-Image-2025-09-07-at-19.28.28-1024x657.jpeg\" alt=\"\" class=\"wp-image-277647\" srcset=\"https:\/\/noticiaempauta.com\/portal\/wp-content\/uploads\/2025\/09\/WhatsApp-Image-2025-09-07-at-19.28.28-1024x657.jpeg 1024w, https:\/\/noticiaempauta.com\/portal\/wp-content\/uploads\/2025\/09\/WhatsApp-Image-2025-09-07-at-19.28.28-300x193.jpeg 300w, https:\/\/noticiaempauta.com\/portal\/wp-content\/uploads\/2025\/09\/WhatsApp-Image-2025-09-07-at-19.28.28-768x493.jpeg 768w, https:\/\/noticiaempauta.com\/portal\/wp-content\/uploads\/2025\/09\/WhatsApp-Image-2025-09-07-at-19.28.28.jpeg 1170w\" sizes=\"(max-width: 1024px) 100vw, 1024px\" \/><\/figure>\n\n\n\n<p>CCOM<\/p>\n","protected":false},"excerpt":{"rendered":"<p>A Prefeitura de Picos, atrav\u00e9s da Secretaria Municipal de Cultura, realizou na manh\u00e3 deste domingo (07), o tradicional Desfile da Independ\u00eancia. \u00c9 o primeiro 07 de Setembro da administra\u00e7\u00e3o \u201cReconstruindo Nosso Futuro\u201d, do prefeito, Dr. Pablo Santos (MDB), foi marcado pela grandiosidade, com mais de tr\u00eas horas e meia de dura\u00e7\u00e3o, com 31 pelot\u00f5es e [&hellip;]<\/p>\n","protected":false},"author":2,"featured_media":277634,"comment_status":"open","ping_status":"open","sticky":false,"template":"","format":"standard","meta":{"_mi_skip_tracking":false,"footnotes":""},"categories":[167,25,1,16],"tags":[192],"class_list":["post-277631","post","type-post","status-publish","format-standard","has-post-thumbnail","hentry","category-cultura","category-destaques-site","category-geral","category-todas","tag-destaqueprincipal"],"acf":[],"yoast_head":"<!-- This site is optimized with the Yoast SEO Premium plugin v19.2 (Yoast SEO v26.9) - https:\/\/yoast.com\/product\/yoast-seo-premium-wordpress\/ -->\n<title>Prefeitura de Picos realiza Desfile da Independ\u00eancia com mais de 5.500 componentes - Portal Not\u00edcia em Pauta<\/title>\n<meta name=\"robots\" content=\"index, follow, max-snippet:-1, max-image-preview:large, max-video-preview:-1\" \/>\n<link rel=\"canonical\" href=\"https:\/\/noticiaempauta.com\/portal\/prefeitura-de-picos-realiza-desfile-da-independencia-com-mais-de-5-500-componentes\/\" \/>\n<meta property=\"og:locale\" content=\"pt_BR\" \/>\n<meta property=\"og:type\" content=\"article\" \/>\n<meta property=\"og:title\" content=\"Prefeitura de Picos realiza Desfile da Independ\u00eancia com mais de 5.500 componentes\" \/>\n<meta property=\"og:description\" content=\"A Prefeitura de Picos, atrav\u00e9s da Secretaria Municipal de Cultura, realizou na manh\u00e3 deste domingo (07), o tradicional Desfile da Independ\u00eancia. \u00c9 o primeiro 07 de Setembro da administra\u00e7\u00e3o \u201cReconstruindo Nosso Futuro\u201d, do prefeito, Dr. Pablo Santos (MDB), foi marcado pela grandiosidade, com mais de tr\u00eas horas e meia de dura\u00e7\u00e3o, com 31 pelot\u00f5es e [&hellip;]\" \/>\n<meta property=\"og:url\" content=\"https:\/\/noticiaempauta.com\/portal\/prefeitura-de-picos-realiza-desfile-da-independencia-com-mais-de-5-500-componentes\/\" \/>\n<meta property=\"og:site_name\" content=\"Portal Not\u00edcia em Pauta\" \/>\n<meta property=\"article:publisher\" content=\"https:\/\/www.facebook.com\/Portal-Notcia-Em-Pauta-102292869264820\/\" \/>\n<meta property=\"article:published_time\" content=\"2025-09-07T22:37:46+00:00\" \/>\n<meta property=\"article:modified_time\" content=\"2025-09-07T22:37:47+00:00\" \/>\n<meta property=\"og:image\" content=\"https:\/\/noticiaempauta.com\/portal\/wp-content\/uploads\/2025\/09\/CCM_0293.jpg\" \/>\n\t<meta property=\"og:image:width\" content=\"640\" \/>\n\t<meta property=\"og:image:height\" content=\"427\" \/>\n\t<meta property=\"og:image:type\" content=\"image\/jpeg\" \/>\n<meta name=\"author\" content=\"Reda\u00e7\u00e3o\" \/>\n<meta name=\"twitter:card\" content=\"summary_large_image\" \/>\n<meta name=\"twitter:label1\" content=\"Escrito por\" \/>\n\t<meta name=\"twitter:data1\" content=\"Reda\u00e7\u00e3o\" \/>\n\t<meta name=\"twitter:label2\" content=\"Est. tempo de leitura\" \/>\n\t<meta name=\"twitter:data2\" content=\"6 minutos\" \/>\n<script type=\"application\/ld+json\" class=\"yoast-schema-graph\">{\"@context\":\"https:\/\/schema.org\",\"@graph\":[{\"@type\":\"Article\",\"@id\":\"https:\/\/noticiaempauta.com\/portal\/prefeitura-de-picos-realiza-desfile-da-independencia-com-mais-de-5-500-componentes\/#article\",\"isPartOf\":{\"@id\":\"https:\/\/noticiaempauta.com\/portal\/prefeitura-de-picos-realiza-desfile-da-independencia-com-mais-de-5-500-componentes\/\"},\"author\":{\"name\":\"Reda\u00e7\u00e3o\",\"@id\":\"https:\/\/noticiaempauta.com\/portal\/#\/schema\/person\/a74af43dd1ab3deca45f988c717d57ac\"},\"headline\":\"Prefeitura de Picos realiza Desfile da Independ\u00eancia com mais de 5.500 componentes\",\"datePublished\":\"2025-09-07T22:37:46+00:00\",\"dateModified\":\"2025-09-07T22:37:47+00:00\",\"mainEntityOfPage\":{\"@id\":\"https:\/\/noticiaempauta.com\/portal\/prefeitura-de-picos-realiza-desfile-da-independencia-com-mais-de-5-500-componentes\/\"},\"wordCount\":455,\"commentCount\":0,\"publisher\":{\"@id\":\"https:\/\/noticiaempauta.com\/portal\/#organization\"},\"image\":{\"@id\":\"https:\/\/noticiaempauta.com\/portal\/prefeitura-de-picos-realiza-desfile-da-independencia-com-mais-de-5-500-componentes\/#primaryimage\"},\"thumbnailUrl\":\"https:\/\/noticiaempauta.com\/portal\/wp-content\/uploads\/2025\/09\/CCM_0293.jpg\",\"keywords\":[\"destaqueprincipal\"],\"articleSection\":[\"Cultura\",\"Destaques\",\"Geral\",\"Todas as Not\u00edcias\"],\"inLanguage\":\"pt-BR\",\"potentialAction\":[{\"@type\":\"CommentAction\",\"name\":\"Comment\",\"target\":[\"https:\/\/noticiaempauta.com\/portal\/prefeitura-de-picos-realiza-desfile-da-independencia-com-mais-de-5-500-componentes\/#respond\"]}]},{\"@type\":\"WebPage\",\"@id\":\"https:\/\/noticiaempauta.com\/portal\/prefeitura-de-picos-realiza-desfile-da-independencia-com-mais-de-5-500-componentes\/\",\"url\":\"https:\/\/noticiaempauta.com\/portal\/prefeitura-de-picos-realiza-desfile-da-independencia-com-mais-de-5-500-componentes\/\",\"name\":\"Prefeitura de Picos realiza Desfile da Independ\u00eancia com mais de 5.500 componentes - Portal Not\u00edcia em Pauta\",\"isPartOf\":{\"@id\":\"https:\/\/noticiaempauta.com\/portal\/#website\"},\"primaryImageOfPage\":{\"@id\":\"https:\/\/noticiaempauta.com\/portal\/prefeitura-de-picos-realiza-desfile-da-independencia-com-mais-de-5-500-componentes\/#primaryimage\"},\"image\":{\"@id\":\"https:\/\/noticiaempauta.com\/portal\/prefeitura-de-picos-realiza-desfile-da-independencia-com-mais-de-5-500-componentes\/#primaryimage\"},\"thumbnailUrl\":\"https:\/\/noticiaempauta.com\/portal\/wp-content\/uploads\/2025\/09\/CCM_0293.jpg\",\"datePublished\":\"2025-09-07T22:37:46+00:00\",\"dateModified\":\"2025-09-07T22:37:47+00:00\",\"breadcrumb\":{\"@id\":\"https:\/\/noticiaempauta.com\/portal\/prefeitura-de-picos-realiza-desfile-da-independencia-com-mais-de-5-500-componentes\/#breadcrumb\"},\"inLanguage\":\"pt-BR\",\"potentialAction\":[{\"@type\":\"ReadAction\",\"target\":[\"https:\/\/noticiaempauta.com\/portal\/prefeitura-de-picos-realiza-desfile-da-independencia-com-mais-de-5-500-componentes\/\"]}]},{\"@type\":\"ImageObject\",\"inLanguage\":\"pt-BR\",\"@id\":\"https:\/\/noticiaempauta.com\/portal\/prefeitura-de-picos-realiza-desfile-da-independencia-com-mais-de-5-500-componentes\/#primaryimage\",\"url\":\"https:\/\/noticiaempauta.com\/portal\/wp-content\/uploads\/2025\/09\/CCM_0293.jpg\",\"contentUrl\":\"https:\/\/noticiaempauta.com\/portal\/wp-content\/uploads\/2025\/09\/CCM_0293.jpg\",\"width\":640,\"height\":427},{\"@type\":\"BreadcrumbList\",\"@id\":\"https:\/\/noticiaempauta.com\/portal\/prefeitura-de-picos-realiza-desfile-da-independencia-com-mais-de-5-500-componentes\/#breadcrumb\",\"itemListElement\":[{\"@type\":\"ListItem\",\"position\":1,\"name\":\"P\u00e1gina Inicial\",\"item\":\"https:\/\/noticiaempauta.com\/portal\/\"},{\"@type\":\"ListItem\",\"position\":2,\"name\":\"Destaques\",\"item\":\"https:\/\/noticiaempauta.com\/portal\/destaques-site\/\"},{\"@type\":\"ListItem\",\"position\":3,\"name\":\"Prefeitura de Picos realiza Desfile da Independ\u00eancia com mais de 5.500 componentes\"}]},{\"@type\":\"WebSite\",\"@id\":\"https:\/\/noticiaempauta.com\/portal\/#website\",\"url\":\"https:\/\/noticiaempauta.com\/portal\/\",\"name\":\"Portal Not\u00edcia em Pauta\",\"description\":\"Voc\u00ea bem informado\",\"publisher\":{\"@id\":\"https:\/\/noticiaempauta.com\/portal\/#organization\"},\"potentialAction\":[{\"@type\":\"SearchAction\",\"target\":{\"@type\":\"EntryPoint\",\"urlTemplate\":\"https:\/\/noticiaempauta.com\/portal\/?s={search_term_string}\"},\"query-input\":{\"@type\":\"PropertyValueSpecification\",\"valueRequired\":true,\"valueName\":\"search_term_string\"}}],\"inLanguage\":\"pt-BR\"},{\"@type\":\"Organization\",\"@id\":\"https:\/\/noticiaempauta.com\/portal\/#organization\",\"name\":\"Portal Not\u00edcia em Pauta\",\"url\":\"https:\/\/noticiaempauta.com\/portal\/\",\"logo\":{\"@type\":\"ImageObject\",\"inLanguage\":\"pt-BR\",\"@id\":\"https:\/\/noticiaempauta.com\/portal\/#\/schema\/logo\/image\/\",\"url\":\"https:\/\/noticiaempauta.com\/portal\/wp-content\/uploads\/2022\/08\/logomarca_tema.fw_.png\",\"contentUrl\":\"https:\/\/noticiaempauta.com\/portal\/wp-content\/uploads\/2022\/08\/logomarca_tema.fw_.png\",\"width\":400,\"height\":232,\"caption\":\"Portal Not\u00edcia em Pauta\"},\"image\":{\"@id\":\"https:\/\/noticiaempauta.com\/portal\/#\/schema\/logo\/image\/\"},\"sameAs\":[\"https:\/\/www.facebook.com\/Portal-Notcia-Em-Pauta-102292869264820\/\",\"https:\/\/www.instagram.com\/portalnoticiaempauta\/\"]},{\"@type\":\"Person\",\"@id\":\"https:\/\/noticiaempauta.com\/portal\/#\/schema\/person\/a74af43dd1ab3deca45f988c717d57ac\",\"name\":\"Reda\u00e7\u00e3o\",\"image\":{\"@type\":\"ImageObject\",\"inLanguage\":\"pt-BR\",\"@id\":\"https:\/\/noticiaempauta.com\/portal\/#\/schema\/person\/image\/\",\"url\":\"https:\/\/secure.gravatar.com\/avatar\/03179346ecce6cdfc13361603e8f54242a90e5cde8618fa23c5c00aa2b0aadf3?s=96&d=mm&r=g\",\"contentUrl\":\"https:\/\/secure.gravatar.com\/avatar\/03179346ecce6cdfc13361603e8f54242a90e5cde8618fa23c5c00aa2b0aadf3?s=96&d=mm&r=g\",\"caption\":\"Reda\u00e7\u00e3o\"},\"sameAs\":[\"https:\/\/noticiaempauta.com\/portal\/\"],\"url\":\"https:\/\/noticiaempauta.com\/portal\/author\/fernando\/\"}]}<\/script>\n<!-- \/ Yoast SEO Premium plugin. -->","yoast_head_json":{"title":"Prefeitura de Picos realiza Desfile da Independ\u00eancia com mais de 5.500 componentes - Portal Not\u00edcia em Pauta","robots":{"index":"index","follow":"follow","max-snippet":"max-snippet:-1","max-image-preview":"max-image-preview:large","max-video-preview":"max-video-preview:-1"},"canonical":"https:\/\/noticiaempauta.com\/portal\/prefeitura-de-picos-realiza-desfile-da-independencia-com-mais-de-5-500-componentes\/","og_locale":"pt_BR","og_type":"article","og_title":"Prefeitura de Picos realiza Desfile da Independ\u00eancia com mais de 5.500 componentes","og_description":"A Prefeitura de Picos, atrav\u00e9s da Secretaria Municipal de Cultura, realizou na manh\u00e3 deste domingo (07), o tradicional Desfile da Independ\u00eancia. \u00c9 o primeiro 07 de Setembro da administra\u00e7\u00e3o \u201cReconstruindo Nosso Futuro\u201d, do prefeito, Dr. Pablo Santos (MDB), foi marcado pela grandiosidade, com mais de tr\u00eas horas e meia de dura\u00e7\u00e3o, com 31 pelot\u00f5es e [&hellip;]","og_url":"https:\/\/noticiaempauta.com\/portal\/prefeitura-de-picos-realiza-desfile-da-independencia-com-mais-de-5-500-componentes\/","og_site_name":"Portal Not\u00edcia em Pauta","article_publisher":"https:\/\/www.facebook.com\/Portal-Notcia-Em-Pauta-102292869264820\/","article_published_time":"2025-09-07T22:37:46+00:00","article_modified_time":"2025-09-07T22:37:47+00:00","og_image":[{"width":640,"height":427,"url":"https:\/\/noticiaempauta.com\/portal\/wp-content\/uploads\/2025\/09\/CCM_0293.jpg","type":"image\/jpeg"}],"author":"Reda\u00e7\u00e3o","twitter_card":"summary_large_image","twitter_misc":{"Escrito por":"Reda\u00e7\u00e3o","Est. tempo de leitura":"6 minutos"},"schema":{"@context":"https:\/\/schema.org","@graph":[{"@type":"Article","@id":"https:\/\/noticiaempauta.com\/portal\/prefeitura-de-picos-realiza-desfile-da-independencia-com-mais-de-5-500-componentes\/#article","isPartOf":{"@id":"https:\/\/noticiaempauta.com\/portal\/prefeitura-de-picos-realiza-desfile-da-independencia-com-mais-de-5-500-componentes\/"},"author":{"name":"Reda\u00e7\u00e3o","@id":"https:\/\/noticiaempauta.com\/portal\/#\/schema\/person\/a74af43dd1ab3deca45f988c717d57ac"},"headline":"Prefeitura de Picos realiza Desfile da Independ\u00eancia com mais de 5.500 componentes","datePublished":"2025-09-07T22:37:46+00:00","dateModified":"2025-09-07T22:37:47+00:00","mainEntityOfPage":{"@id":"https:\/\/noticiaempauta.com\/portal\/prefeitura-de-picos-realiza-desfile-da-independencia-com-mais-de-5-500-componentes\/"},"wordCount":455,"commentCount":0,"publisher":{"@id":"https:\/\/noticiaempauta.com\/portal\/#organization"},"image":{"@id":"https:\/\/noticiaempauta.com\/portal\/prefeitura-de-picos-realiza-desfile-da-independencia-com-mais-de-5-500-componentes\/#primaryimage"},"thumbnailUrl":"https:\/\/noticiaempauta.com\/portal\/wp-content\/uploads\/2025\/09\/CCM_0293.jpg","keywords":["destaqueprincipal"],"articleSection":["Cultura","Destaques","Geral","Todas as Not\u00edcias"],"inLanguage":"pt-BR","potentialAction":[{"@type":"CommentAction","name":"Comment","target":["https:\/\/noticiaempauta.com\/portal\/prefeitura-de-picos-realiza-desfile-da-independencia-com-mais-de-5-500-componentes\/#respond"]}]},{"@type":"WebPage","@id":"https:\/\/noticiaempauta.com\/portal\/prefeitura-de-picos-realiza-desfile-da-independencia-com-mais-de-5-500-componentes\/","url":"https:\/\/noticiaempauta.com\/portal\/prefeitura-de-picos-realiza-desfile-da-independencia-com-mais-de-5-500-componentes\/","name":"Prefeitura de Picos realiza Desfile da Independ\u00eancia com mais de 5.500 componentes - Portal Not\u00edcia em Pauta","isPartOf":{"@id":"https:\/\/noticiaempauta.com\/portal\/#website"},"primaryImageOfPage":{"@id":"https:\/\/noticiaempauta.com\/portal\/prefeitura-de-picos-realiza-desfile-da-independencia-com-mais-de-5-500-componentes\/#primaryimage"},"image":{"@id":"https:\/\/noticiaempauta.com\/portal\/prefeitura-de-picos-realiza-desfile-da-independencia-com-mais-de-5-500-componentes\/#primaryimage"},"thumbnailUrl":"https:\/\/noticiaempauta.com\/portal\/wp-content\/uploads\/2025\/09\/CCM_0293.jpg","datePublished":"2025-09-07T22:37:46+00:00","dateModified":"2025-09-07T22:37:47+00:00","breadcrumb":{"@id":"https:\/\/noticiaempauta.com\/portal\/prefeitura-de-picos-realiza-desfile-da-independencia-com-mais-de-5-500-componentes\/#breadcrumb"},"inLanguage":"pt-BR","potentialAction":[{"@type":"ReadAction","target":["https:\/\/noticiaempauta.com\/portal\/prefeitura-de-picos-realiza-desfile-da-independencia-com-mais-de-5-500-componentes\/"]}]},{"@type":"ImageObject","inLanguage":"pt-BR","@id":"https:\/\/noticiaempauta.com\/portal\/prefeitura-de-picos-realiza-desfile-da-independencia-com-mais-de-5-500-componentes\/#primaryimage","url":"https:\/\/noticiaempauta.com\/portal\/wp-content\/uploads\/2025\/09\/CCM_0293.jpg","contentUrl":"https:\/\/noticiaempauta.com\/portal\/wp-content\/uploads\/2025\/09\/CCM_0293.jpg","width":640,"height":427},{"@type":"BreadcrumbList","@id":"https:\/\/noticiaempauta.com\/portal\/prefeitura-de-picos-realiza-desfile-da-independencia-com-mais-de-5-500-componentes\/#breadcrumb","itemListElement":[{"@type":"ListItem","position":1,"name":"P\u00e1gina Inicial","item":"https:\/\/noticiaempauta.com\/portal\/"},{"@type":"ListItem","position":2,"name":"Destaques","item":"https:\/\/noticiaempauta.com\/portal\/destaques-site\/"},{"@type":"ListItem","position":3,"name":"Prefeitura de Picos realiza Desfile da Independ\u00eancia com mais de 5.500 componentes"}]},{"@type":"WebSite","@id":"https:\/\/noticiaempauta.com\/portal\/#website","url":"https:\/\/noticiaempauta.com\/portal\/","name":"Portal Not\u00edcia em Pauta","description":"Voc\u00ea bem informado","publisher":{"@id":"https:\/\/noticiaempauta.com\/portal\/#organization"},"potentialAction":[{"@type":"SearchAction","target":{"@type":"EntryPoint","urlTemplate":"https:\/\/noticiaempauta.com\/portal\/?s={search_term_string}"},"query-input":{"@type":"PropertyValueSpecification","valueRequired":true,"valueName":"search_term_string"}}],"inLanguage":"pt-BR"},{"@type":"Organization","@id":"https:\/\/noticiaempauta.com\/portal\/#organization","name":"Portal Not\u00edcia em Pauta","url":"https:\/\/noticiaempauta.com\/portal\/","logo":{"@type":"ImageObject","inLanguage":"pt-BR","@id":"https:\/\/noticiaempauta.com\/portal\/#\/schema\/logo\/image\/","url":"https:\/\/noticiaempauta.com\/portal\/wp-content\/uploads\/2022\/08\/logomarca_tema.fw_.png","contentUrl":"https:\/\/noticiaempauta.com\/portal\/wp-content\/uploads\/2022\/08\/logomarca_tema.fw_.png","width":400,"height":232,"caption":"Portal Not\u00edcia em Pauta"},"image":{"@id":"https:\/\/noticiaempauta.com\/portal\/#\/schema\/logo\/image\/"},"sameAs":["https:\/\/www.facebook.com\/Portal-Notcia-Em-Pauta-102292869264820\/","https:\/\/www.instagram.com\/portalnoticiaempauta\/"]},{"@type":"Person","@id":"https:\/\/noticiaempauta.com\/portal\/#\/schema\/person\/a74af43dd1ab3deca45f988c717d57ac","name":"Reda\u00e7\u00e3o","image":{"@type":"ImageObject","inLanguage":"pt-BR","@id":"https:\/\/noticiaempauta.com\/portal\/#\/schema\/person\/image\/","url":"https:\/\/secure.gravatar.com\/avatar\/03179346ecce6cdfc13361603e8f54242a90e5cde8618fa23c5c00aa2b0aadf3?s=96&d=mm&r=g","contentUrl":"https:\/\/secure.gravatar.com\/avatar\/03179346ecce6cdfc13361603e8f54242a90e5cde8618fa23c5c00aa2b0aadf3?s=96&d=mm&r=g","caption":"Reda\u00e7\u00e3o"},"sameAs":["https:\/\/noticiaempauta.com\/portal\/"],"url":"https:\/\/noticiaempauta.com\/portal\/author\/fernando\/"}]}},"_links":{"self":[{"href":"https:\/\/noticiaempauta.com\/portal\/wp-json\/wp\/v2\/posts\/277631","targetHints":{"allow":["GET"]}}],"collection":[{"href":"https:\/\/noticiaempauta.com\/portal\/wp-json\/wp\/v2\/posts"}],"about":[{"href":"https:\/\/noticiaempauta.com\/portal\/wp-json\/wp\/v2\/types\/post"}],"author":[{"embeddable":true,"href":"https:\/\/noticiaempauta.com\/portal\/wp-json\/wp\/v2\/users\/2"}],"replies":[{"embeddable":true,"href":"https:\/\/noticiaempauta.com\/portal\/wp-json\/wp\/v2\/comments?post=277631"}],"version-history":[{"count":2,"href":"https:\/\/noticiaempauta.com\/portal\/wp-json\/wp\/v2\/posts\/277631\/revisions"}],"predecessor-version":[{"id":277650,"href":"https:\/\/noticiaempauta.com\/portal\/wp-json\/wp\/v2\/posts\/277631\/revisions\/277650"}],"wp:featuredmedia":[{"embeddable":true,"href":"https:\/\/noticiaempauta.com\/portal\/wp-json\/wp\/v2\/media\/277634"}],"wp:attachment":[{"href":"https:\/\/noticiaempauta.com\/portal\/wp-json\/wp\/v2\/media?parent=277631"}],"wp:term":[{"taxonomy":"category","embeddable":true,"href":"https:\/\/noticiaempauta.com\/portal\/wp-json\/wp\/v2\/categories?post=277631"},{"taxonomy":"post_tag","embeddable":true,"href":"https:\/\/noticiaempauta.com\/portal\/wp-json\/wp\/v2\/tags?post=277631"}],"curies":[{"name":"wp","href":"https:\/\/api.w.org\/{rel}","templated":true}]}}