{"id":277675,"date":"2025-09-07T20:27:47","date_gmt":"2025-09-07T23:27:47","guid":{"rendered":"https:\/\/noticiaempauta.com\/portal\/?p=277675"},"modified":"2025-09-07T20:27:48","modified_gmt":"2025-09-07T23:27:48","slug":"joao-gomes-cancela-show-por-nascimento-do-2o-filho-e-prefeita-detona-veja","status":"publish","type":"post","link":"https:\/\/noticiaempauta.com\/portal\/joao-gomes-cancela-show-por-nascimento-do-2o-filho-e-prefeita-detona-veja\/","title":{"rendered":"Jo\u00e3o Gomes cancela show por nascimento do 2\u00ba filho e prefeita detona; veja"},"content":{"rendered":"\n<p>Ary Mirelle e Jo\u00e3o Gomes estavam contando os dias para a chegada do segundo filho, que se apressou e atrapalhou a agenda do papai. O cantor estava com um show marcado para o s\u00e1bado, 06\/09, em Novo Cruzeiro, em Minas Gerais. No entanto, Ary entrou em trabalho de parto e o artista cancelou a presenta\u00e7\u00e3o \u00e0s pressas, para acompanhar a esposa e ver o nascimento do menino.<\/p>\n\n\n\n<figure class=\"wp-block-image size-large\"><img fetchpriority=\"high\" decoding=\"async\" width=\"1024\" height=\"576\" src=\"https:\/\/noticiaempauta.com\/portal\/wp-content\/uploads\/2025\/09\/1460664178-joao-gomes-faz-pedido-inusitado-ao-filho-prestes-a-nascer-e-choca-web-eu-entrar-1024x576.webp\" alt=\"\" class=\"wp-image-277676\" srcset=\"https:\/\/noticiaempauta.com\/portal\/wp-content\/uploads\/2025\/09\/1460664178-joao-gomes-faz-pedido-inusitado-ao-filho-prestes-a-nascer-e-choca-web-eu-entrar-1024x576.webp 1024w, https:\/\/noticiaempauta.com\/portal\/wp-content\/uploads\/2025\/09\/1460664178-joao-gomes-faz-pedido-inusitado-ao-filho-prestes-a-nascer-e-choca-web-eu-entrar-300x169.webp 300w, https:\/\/noticiaempauta.com\/portal\/wp-content\/uploads\/2025\/09\/1460664178-joao-gomes-faz-pedido-inusitado-ao-filho-prestes-a-nascer-e-choca-web-eu-entrar-768x432.webp 768w, https:\/\/noticiaempauta.com\/portal\/wp-content\/uploads\/2025\/09\/1460664178-joao-gomes-faz-pedido-inusitado-ao-filho-prestes-a-nascer-e-choca-web-eu-entrar-1536x864.webp 1536w, https:\/\/noticiaempauta.com\/portal\/wp-content\/uploads\/2025\/09\/1460664178-joao-gomes-faz-pedido-inusitado-ao-filho-prestes-a-nascer-e-choca-web-eu-entrar.webp 1548w\" sizes=\"(max-width: 1024px) 100vw, 1024px\" \/><figcaption class=\"wp-element-caption\"><em>(Foto: Reprodu\u00e7\u00e3o)<\/em><\/figcaption><\/figure>\n\n\n\n<p>Viviane Pena, prefeita da cidade que sedia o 30\u00ba Festival da Cacha\u00e7a, se pronunciou sobre a situa\u00e7\u00e3o e criticou a equipe do artista, que j\u00e1 deveria saber a poss\u00edvel data do parto e poderia ter deixado a agenda do cantor livre.<\/p>\n\n\n\n<p>&#8220;Infelizmente, o show de Jo\u00e3o Gomes n\u00e3o vai acontecer. Infelizmente, tem coisas que n\u00e3o dependem da gente. O show est\u00e1 pago, gra\u00e7as a Deus! E a festa est\u00e1 linda. E a gente n\u00e3o pode resumir uma festa t\u00e3o linda e feita com tanto carinho por causa de um cantor que n\u00e3o teve a responsabilidade, porque \u00e9 motivo da esposa, sim, ela est\u00e1 em trabalho de parto. Mas toda mulher, toda gestante, tem uma DPP, que \u00e9 a data prov\u00e1vel do parto&#8221;, iniciou a prefeita.<\/p>\n\n\n\n<p>E seguiu: &#8220;E ele sabia, com certeza. Os m\u00e9dicos dele sabiam mais ou menos a data em que ela poderia entrar em trabalho de parto. E, se ele aceitou o pagamento e o contrato para um show, sabendo que queria estar presente com ela, que \u00e9 um direito dela, eu desejo muita sa\u00fade para ela, para o filho e para toda a fam\u00edlia. Mas ele tinha que ter a responsabilidade de pelo menos avisar com anteced\u00eancia, para que a gente trouxesse outra atra\u00e7\u00e3o. Mas eu n\u00e3o quero resumir uma festa que foi feita com tanto carinho, com tanta dedica\u00e7\u00e3o, onde o meu povo pensou nos m\u00ednimos detalhes, ao cantor&#8221;.<\/p>\n\n\n\n<p>Vale lembrar que, al\u00e9m de Joaquim que deve chegar ao mundo, Jo\u00e3o Gomes e Ary Mirelle s\u00e3o pais de Jorge, de um ano e sete meses.<\/p>\n\n\n\n<p>Fonte: Terra<\/p>\n","protected":false},"excerpt":{"rendered":"<p>Ary Mirelle e Jo\u00e3o Gomes estavam contando os dias para a chegada do segundo filho, que se apressou e atrapalhou a agenda do papai. O cantor estava com um show marcado para o s\u00e1bado, 06\/09, em Novo Cruzeiro, em Minas Gerais. No entanto, Ary entrou em trabalho de parto e o artista cancelou a presenta\u00e7\u00e3o [&hellip;]<\/p>\n","protected":false},"author":2,"featured_media":277676,"comment_status":"open","ping_status":"open","sticky":false,"template":"","format":"standard","meta":{"_mi_skip_tracking":false,"footnotes":""},"categories":[25,1,16],"tags":[192],"class_list":["post-277675","post","type-post","status-publish","format-standard","has-post-thumbnail","hentry","category-destaques-site","category-geral","category-todas","tag-destaqueprincipal"],"acf":[],"yoast_head":"<!-- This site is optimized with the Yoast SEO Premium plugin v19.2 (Yoast SEO v26.9) - https:\/\/yoast.com\/product\/yoast-seo-premium-wordpress\/ -->\n<title>Jo\u00e3o Gomes cancela show por nascimento do 2\u00ba filho e prefeita detona; veja - Portal Not\u00edcia em Pauta<\/title>\n<meta name=\"robots\" content=\"index, follow, max-snippet:-1, max-image-preview:large, max-video-preview:-1\" \/>\n<link rel=\"canonical\" href=\"https:\/\/noticiaempauta.com\/portal\/joao-gomes-cancela-show-por-nascimento-do-2o-filho-e-prefeita-detona-veja\/\" \/>\n<meta property=\"og:locale\" content=\"pt_BR\" \/>\n<meta property=\"og:type\" content=\"article\" \/>\n<meta property=\"og:title\" content=\"Jo\u00e3o Gomes cancela show por nascimento do 2\u00ba filho e prefeita detona; veja\" \/>\n<meta property=\"og:description\" content=\"Ary Mirelle e Jo\u00e3o Gomes estavam contando os dias para a chegada do segundo filho, que se apressou e atrapalhou a agenda do papai. O cantor estava com um show marcado para o s\u00e1bado, 06\/09, em Novo Cruzeiro, em Minas Gerais. No entanto, Ary entrou em trabalho de parto e o artista cancelou a presenta\u00e7\u00e3o [&hellip;]\" \/>\n<meta property=\"og:url\" content=\"https:\/\/noticiaempauta.com\/portal\/joao-gomes-cancela-show-por-nascimento-do-2o-filho-e-prefeita-detona-veja\/\" \/>\n<meta property=\"og:site_name\" content=\"Portal Not\u00edcia em Pauta\" \/>\n<meta property=\"article:publisher\" content=\"https:\/\/www.facebook.com\/Portal-Notcia-Em-Pauta-102292869264820\/\" \/>\n<meta property=\"article:published_time\" content=\"2025-09-07T23:27:47+00:00\" \/>\n<meta property=\"article:modified_time\" content=\"2025-09-07T23:27:48+00:00\" \/>\n<meta property=\"og:image\" content=\"https:\/\/noticiaempauta.com\/portal\/wp-content\/uploads\/2025\/09\/1460664178-joao-gomes-faz-pedido-inusitado-ao-filho-prestes-a-nascer-e-choca-web-eu-entrar.webp\" \/>\n\t<meta property=\"og:image:width\" content=\"1548\" \/>\n\t<meta property=\"og:image:height\" content=\"871\" \/>\n\t<meta property=\"og:image:type\" content=\"image\/webp\" \/>\n<meta name=\"author\" content=\"Reda\u00e7\u00e3o\" \/>\n<meta name=\"twitter:card\" content=\"summary_large_image\" \/>\n<meta name=\"twitter:label1\" content=\"Escrito por\" \/>\n\t<meta name=\"twitter:data1\" content=\"Reda\u00e7\u00e3o\" \/>\n\t<meta name=\"twitter:label2\" content=\"Est. tempo de leitura\" \/>\n\t<meta name=\"twitter:data2\" content=\"3 minutos\" \/>\n<script type=\"application\/ld+json\" class=\"yoast-schema-graph\">{\"@context\":\"https:\/\/schema.org\",\"@graph\":[{\"@type\":\"Article\",\"@id\":\"https:\/\/noticiaempauta.com\/portal\/joao-gomes-cancela-show-por-nascimento-do-2o-filho-e-prefeita-detona-veja\/#article\",\"isPartOf\":{\"@id\":\"https:\/\/noticiaempauta.com\/portal\/joao-gomes-cancela-show-por-nascimento-do-2o-filho-e-prefeita-detona-veja\/\"},\"author\":{\"name\":\"Reda\u00e7\u00e3o\",\"@id\":\"https:\/\/noticiaempauta.com\/portal\/#\/schema\/person\/a74af43dd1ab3deca45f988c717d57ac\"},\"headline\":\"Jo\u00e3o Gomes cancela show por nascimento do 2\u00ba filho e prefeita detona; veja\",\"datePublished\":\"2025-09-07T23:27:47+00:00\",\"dateModified\":\"2025-09-07T23:27:48+00:00\",\"mainEntityOfPage\":{\"@id\":\"https:\/\/noticiaempauta.com\/portal\/joao-gomes-cancela-show-por-nascimento-do-2o-filho-e-prefeita-detona-veja\/\"},\"wordCount\":365,\"commentCount\":0,\"publisher\":{\"@id\":\"https:\/\/noticiaempauta.com\/portal\/#organization\"},\"image\":{\"@id\":\"https:\/\/noticiaempauta.com\/portal\/joao-gomes-cancela-show-por-nascimento-do-2o-filho-e-prefeita-detona-veja\/#primaryimage\"},\"thumbnailUrl\":\"https:\/\/noticiaempauta.com\/portal\/wp-content\/uploads\/2025\/09\/1460664178-joao-gomes-faz-pedido-inusitado-ao-filho-prestes-a-nascer-e-choca-web-eu-entrar.webp\",\"keywords\":[\"destaqueprincipal\"],\"articleSection\":[\"Destaques\",\"Geral\",\"Todas as Not\u00edcias\"],\"inLanguage\":\"pt-BR\",\"potentialAction\":[{\"@type\":\"CommentAction\",\"name\":\"Comment\",\"target\":[\"https:\/\/noticiaempauta.com\/portal\/joao-gomes-cancela-show-por-nascimento-do-2o-filho-e-prefeita-detona-veja\/#respond\"]}]},{\"@type\":\"WebPage\",\"@id\":\"https:\/\/noticiaempauta.com\/portal\/joao-gomes-cancela-show-por-nascimento-do-2o-filho-e-prefeita-detona-veja\/\",\"url\":\"https:\/\/noticiaempauta.com\/portal\/joao-gomes-cancela-show-por-nascimento-do-2o-filho-e-prefeita-detona-veja\/\",\"name\":\"Jo\u00e3o Gomes cancela show por nascimento do 2\u00ba filho e prefeita detona; veja - Portal Not\u00edcia em Pauta\",\"isPartOf\":{\"@id\":\"https:\/\/noticiaempauta.com\/portal\/#website\"},\"primaryImageOfPage\":{\"@id\":\"https:\/\/noticiaempauta.com\/portal\/joao-gomes-cancela-show-por-nascimento-do-2o-filho-e-prefeita-detona-veja\/#primaryimage\"},\"image\":{\"@id\":\"https:\/\/noticiaempauta.com\/portal\/joao-gomes-cancela-show-por-nascimento-do-2o-filho-e-prefeita-detona-veja\/#primaryimage\"},\"thumbnailUrl\":\"https:\/\/noticiaempauta.com\/portal\/wp-content\/uploads\/2025\/09\/1460664178-joao-gomes-faz-pedido-inusitado-ao-filho-prestes-a-nascer-e-choca-web-eu-entrar.webp\",\"datePublished\":\"2025-09-07T23:27:47+00:00\",\"dateModified\":\"2025-09-07T23:27:48+00:00\",\"breadcrumb\":{\"@id\":\"https:\/\/noticiaempauta.com\/portal\/joao-gomes-cancela-show-por-nascimento-do-2o-filho-e-prefeita-detona-veja\/#breadcrumb\"},\"inLanguage\":\"pt-BR\",\"potentialAction\":[{\"@type\":\"ReadAction\",\"target\":[\"https:\/\/noticiaempauta.com\/portal\/joao-gomes-cancela-show-por-nascimento-do-2o-filho-e-prefeita-detona-veja\/\"]}]},{\"@type\":\"ImageObject\",\"inLanguage\":\"pt-BR\",\"@id\":\"https:\/\/noticiaempauta.com\/portal\/joao-gomes-cancela-show-por-nascimento-do-2o-filho-e-prefeita-detona-veja\/#primaryimage\",\"url\":\"https:\/\/noticiaempauta.com\/portal\/wp-content\/uploads\/2025\/09\/1460664178-joao-gomes-faz-pedido-inusitado-ao-filho-prestes-a-nascer-e-choca-web-eu-entrar.webp\",\"contentUrl\":\"https:\/\/noticiaempauta.com\/portal\/wp-content\/uploads\/2025\/09\/1460664178-joao-gomes-faz-pedido-inusitado-ao-filho-prestes-a-nascer-e-choca-web-eu-entrar.webp\",\"width\":1548,\"height\":871},{\"@type\":\"BreadcrumbList\",\"@id\":\"https:\/\/noticiaempauta.com\/portal\/joao-gomes-cancela-show-por-nascimento-do-2o-filho-e-prefeita-detona-veja\/#breadcrumb\",\"itemListElement\":[{\"@type\":\"ListItem\",\"position\":1,\"name\":\"P\u00e1gina Inicial\",\"item\":\"https:\/\/noticiaempauta.com\/portal\/\"},{\"@type\":\"ListItem\",\"position\":2,\"name\":\"Destaques\",\"item\":\"https:\/\/noticiaempauta.com\/portal\/destaques-site\/\"},{\"@type\":\"ListItem\",\"position\":3,\"name\":\"Jo\u00e3o Gomes cancela show por nascimento do 2\u00ba filho e prefeita detona; veja\"}]},{\"@type\":\"WebSite\",\"@id\":\"https:\/\/noticiaempauta.com\/portal\/#website\",\"url\":\"https:\/\/noticiaempauta.com\/portal\/\",\"name\":\"Portal Not\u00edcia em Pauta\",\"description\":\"Voc\u00ea bem informado\",\"publisher\":{\"@id\":\"https:\/\/noticiaempauta.com\/portal\/#organization\"},\"potentialAction\":[{\"@type\":\"SearchAction\",\"target\":{\"@type\":\"EntryPoint\",\"urlTemplate\":\"https:\/\/noticiaempauta.com\/portal\/?s={search_term_string}\"},\"query-input\":{\"@type\":\"PropertyValueSpecification\",\"valueRequired\":true,\"valueName\":\"search_term_string\"}}],\"inLanguage\":\"pt-BR\"},{\"@type\":\"Organization\",\"@id\":\"https:\/\/noticiaempauta.com\/portal\/#organization\",\"name\":\"Portal Not\u00edcia em Pauta\",\"url\":\"https:\/\/noticiaempauta.com\/portal\/\",\"logo\":{\"@type\":\"ImageObject\",\"inLanguage\":\"pt-BR\",\"@id\":\"https:\/\/noticiaempauta.com\/portal\/#\/schema\/logo\/image\/\",\"url\":\"https:\/\/noticiaempauta.com\/portal\/wp-content\/uploads\/2022\/08\/logomarca_tema.fw_.png\",\"contentUrl\":\"https:\/\/noticiaempauta.com\/portal\/wp-content\/uploads\/2022\/08\/logomarca_tema.fw_.png\",\"width\":400,\"height\":232,\"caption\":\"Portal Not\u00edcia em Pauta\"},\"image\":{\"@id\":\"https:\/\/noticiaempauta.com\/portal\/#\/schema\/logo\/image\/\"},\"sameAs\":[\"https:\/\/www.facebook.com\/Portal-Notcia-Em-Pauta-102292869264820\/\",\"https:\/\/www.instagram.com\/portalnoticiaempauta\/\"]},{\"@type\":\"Person\",\"@id\":\"https:\/\/noticiaempauta.com\/portal\/#\/schema\/person\/a74af43dd1ab3deca45f988c717d57ac\",\"name\":\"Reda\u00e7\u00e3o\",\"image\":{\"@type\":\"ImageObject\",\"inLanguage\":\"pt-BR\",\"@id\":\"https:\/\/noticiaempauta.com\/portal\/#\/schema\/person\/image\/\",\"url\":\"https:\/\/secure.gravatar.com\/avatar\/03179346ecce6cdfc13361603e8f54242a90e5cde8618fa23c5c00aa2b0aadf3?s=96&d=mm&r=g\",\"contentUrl\":\"https:\/\/secure.gravatar.com\/avatar\/03179346ecce6cdfc13361603e8f54242a90e5cde8618fa23c5c00aa2b0aadf3?s=96&d=mm&r=g\",\"caption\":\"Reda\u00e7\u00e3o\"},\"sameAs\":[\"https:\/\/noticiaempauta.com\/portal\/\"],\"url\":\"https:\/\/noticiaempauta.com\/portal\/author\/fernando\/\"}]}<\/script>\n<!-- \/ Yoast SEO Premium plugin. -->","yoast_head_json":{"title":"Jo\u00e3o Gomes cancela show por nascimento do 2\u00ba filho e prefeita detona; veja - Portal Not\u00edcia em Pauta","robots":{"index":"index","follow":"follow","max-snippet":"max-snippet:-1","max-image-preview":"max-image-preview:large","max-video-preview":"max-video-preview:-1"},"canonical":"https:\/\/noticiaempauta.com\/portal\/joao-gomes-cancela-show-por-nascimento-do-2o-filho-e-prefeita-detona-veja\/","og_locale":"pt_BR","og_type":"article","og_title":"Jo\u00e3o Gomes cancela show por nascimento do 2\u00ba filho e prefeita detona; veja","og_description":"Ary Mirelle e Jo\u00e3o Gomes estavam contando os dias para a chegada do segundo filho, que se apressou e atrapalhou a agenda do papai. O cantor estava com um show marcado para o s\u00e1bado, 06\/09, em Novo Cruzeiro, em Minas Gerais. No entanto, Ary entrou em trabalho de parto e o artista cancelou a presenta\u00e7\u00e3o [&hellip;]","og_url":"https:\/\/noticiaempauta.com\/portal\/joao-gomes-cancela-show-por-nascimento-do-2o-filho-e-prefeita-detona-veja\/","og_site_name":"Portal Not\u00edcia em Pauta","article_publisher":"https:\/\/www.facebook.com\/Portal-Notcia-Em-Pauta-102292869264820\/","article_published_time":"2025-09-07T23:27:47+00:00","article_modified_time":"2025-09-07T23:27:48+00:00","og_image":[{"width":1548,"height":871,"url":"https:\/\/noticiaempauta.com\/portal\/wp-content\/uploads\/2025\/09\/1460664178-joao-gomes-faz-pedido-inusitado-ao-filho-prestes-a-nascer-e-choca-web-eu-entrar.webp","type":"image\/webp"}],"author":"Reda\u00e7\u00e3o","twitter_card":"summary_large_image","twitter_misc":{"Escrito por":"Reda\u00e7\u00e3o","Est. tempo de leitura":"3 minutos"},"schema":{"@context":"https:\/\/schema.org","@graph":[{"@type":"Article","@id":"https:\/\/noticiaempauta.com\/portal\/joao-gomes-cancela-show-por-nascimento-do-2o-filho-e-prefeita-detona-veja\/#article","isPartOf":{"@id":"https:\/\/noticiaempauta.com\/portal\/joao-gomes-cancela-show-por-nascimento-do-2o-filho-e-prefeita-detona-veja\/"},"author":{"name":"Reda\u00e7\u00e3o","@id":"https:\/\/noticiaempauta.com\/portal\/#\/schema\/person\/a74af43dd1ab3deca45f988c717d57ac"},"headline":"Jo\u00e3o Gomes cancela show por nascimento do 2\u00ba filho e prefeita detona; veja","datePublished":"2025-09-07T23:27:47+00:00","dateModified":"2025-09-07T23:27:48+00:00","mainEntityOfPage":{"@id":"https:\/\/noticiaempauta.com\/portal\/joao-gomes-cancela-show-por-nascimento-do-2o-filho-e-prefeita-detona-veja\/"},"wordCount":365,"commentCount":0,"publisher":{"@id":"https:\/\/noticiaempauta.com\/portal\/#organization"},"image":{"@id":"https:\/\/noticiaempauta.com\/portal\/joao-gomes-cancela-show-por-nascimento-do-2o-filho-e-prefeita-detona-veja\/#primaryimage"},"thumbnailUrl":"https:\/\/noticiaempauta.com\/portal\/wp-content\/uploads\/2025\/09\/1460664178-joao-gomes-faz-pedido-inusitado-ao-filho-prestes-a-nascer-e-choca-web-eu-entrar.webp","keywords":["destaqueprincipal"],"articleSection":["Destaques","Geral","Todas as Not\u00edcias"],"inLanguage":"pt-BR","potentialAction":[{"@type":"CommentAction","name":"Comment","target":["https:\/\/noticiaempauta.com\/portal\/joao-gomes-cancela-show-por-nascimento-do-2o-filho-e-prefeita-detona-veja\/#respond"]}]},{"@type":"WebPage","@id":"https:\/\/noticiaempauta.com\/portal\/joao-gomes-cancela-show-por-nascimento-do-2o-filho-e-prefeita-detona-veja\/","url":"https:\/\/noticiaempauta.com\/portal\/joao-gomes-cancela-show-por-nascimento-do-2o-filho-e-prefeita-detona-veja\/","name":"Jo\u00e3o Gomes cancela show por nascimento do 2\u00ba filho e prefeita detona; veja - Portal Not\u00edcia em Pauta","isPartOf":{"@id":"https:\/\/noticiaempauta.com\/portal\/#website"},"primaryImageOfPage":{"@id":"https:\/\/noticiaempauta.com\/portal\/joao-gomes-cancela-show-por-nascimento-do-2o-filho-e-prefeita-detona-veja\/#primaryimage"},"image":{"@id":"https:\/\/noticiaempauta.com\/portal\/joao-gomes-cancela-show-por-nascimento-do-2o-filho-e-prefeita-detona-veja\/#primaryimage"},"thumbnailUrl":"https:\/\/noticiaempauta.com\/portal\/wp-content\/uploads\/2025\/09\/1460664178-joao-gomes-faz-pedido-inusitado-ao-filho-prestes-a-nascer-e-choca-web-eu-entrar.webp","datePublished":"2025-09-07T23:27:47+00:00","dateModified":"2025-09-07T23:27:48+00:00","breadcrumb":{"@id":"https:\/\/noticiaempauta.com\/portal\/joao-gomes-cancela-show-por-nascimento-do-2o-filho-e-prefeita-detona-veja\/#breadcrumb"},"inLanguage":"pt-BR","potentialAction":[{"@type":"ReadAction","target":["https:\/\/noticiaempauta.com\/portal\/joao-gomes-cancela-show-por-nascimento-do-2o-filho-e-prefeita-detona-veja\/"]}]},{"@type":"ImageObject","inLanguage":"pt-BR","@id":"https:\/\/noticiaempauta.com\/portal\/joao-gomes-cancela-show-por-nascimento-do-2o-filho-e-prefeita-detona-veja\/#primaryimage","url":"https:\/\/noticiaempauta.com\/portal\/wp-content\/uploads\/2025\/09\/1460664178-joao-gomes-faz-pedido-inusitado-ao-filho-prestes-a-nascer-e-choca-web-eu-entrar.webp","contentUrl":"https:\/\/noticiaempauta.com\/portal\/wp-content\/uploads\/2025\/09\/1460664178-joao-gomes-faz-pedido-inusitado-ao-filho-prestes-a-nascer-e-choca-web-eu-entrar.webp","width":1548,"height":871},{"@type":"BreadcrumbList","@id":"https:\/\/noticiaempauta.com\/portal\/joao-gomes-cancela-show-por-nascimento-do-2o-filho-e-prefeita-detona-veja\/#breadcrumb","itemListElement":[{"@type":"ListItem","position":1,"name":"P\u00e1gina Inicial","item":"https:\/\/noticiaempauta.com\/portal\/"},{"@type":"ListItem","position":2,"name":"Destaques","item":"https:\/\/noticiaempauta.com\/portal\/destaques-site\/"},{"@type":"ListItem","position":3,"name":"Jo\u00e3o Gomes cancela show por nascimento do 2\u00ba filho e prefeita detona; veja"}]},{"@type":"WebSite","@id":"https:\/\/noticiaempauta.com\/portal\/#website","url":"https:\/\/noticiaempauta.com\/portal\/","name":"Portal Not\u00edcia em Pauta","description":"Voc\u00ea bem informado","publisher":{"@id":"https:\/\/noticiaempauta.com\/portal\/#organization"},"potentialAction":[{"@type":"SearchAction","target":{"@type":"EntryPoint","urlTemplate":"https:\/\/noticiaempauta.com\/portal\/?s={search_term_string}"},"query-input":{"@type":"PropertyValueSpecification","valueRequired":true,"valueName":"search_term_string"}}],"inLanguage":"pt-BR"},{"@type":"Organization","@id":"https:\/\/noticiaempauta.com\/portal\/#organization","name":"Portal Not\u00edcia em Pauta","url":"https:\/\/noticiaempauta.com\/portal\/","logo":{"@type":"ImageObject","inLanguage":"pt-BR","@id":"https:\/\/noticiaempauta.com\/portal\/#\/schema\/logo\/image\/","url":"https:\/\/noticiaempauta.com\/portal\/wp-content\/uploads\/2022\/08\/logomarca_tema.fw_.png","contentUrl":"https:\/\/noticiaempauta.com\/portal\/wp-content\/uploads\/2022\/08\/logomarca_tema.fw_.png","width":400,"height":232,"caption":"Portal Not\u00edcia em Pauta"},"image":{"@id":"https:\/\/noticiaempauta.com\/portal\/#\/schema\/logo\/image\/"},"sameAs":["https:\/\/www.facebook.com\/Portal-Notcia-Em-Pauta-102292869264820\/","https:\/\/www.instagram.com\/portalnoticiaempauta\/"]},{"@type":"Person","@id":"https:\/\/noticiaempauta.com\/portal\/#\/schema\/person\/a74af43dd1ab3deca45f988c717d57ac","name":"Reda\u00e7\u00e3o","image":{"@type":"ImageObject","inLanguage":"pt-BR","@id":"https:\/\/noticiaempauta.com\/portal\/#\/schema\/person\/image\/","url":"https:\/\/secure.gravatar.com\/avatar\/03179346ecce6cdfc13361603e8f54242a90e5cde8618fa23c5c00aa2b0aadf3?s=96&d=mm&r=g","contentUrl":"https:\/\/secure.gravatar.com\/avatar\/03179346ecce6cdfc13361603e8f54242a90e5cde8618fa23c5c00aa2b0aadf3?s=96&d=mm&r=g","caption":"Reda\u00e7\u00e3o"},"sameAs":["https:\/\/noticiaempauta.com\/portal\/"],"url":"https:\/\/noticiaempauta.com\/portal\/author\/fernando\/"}]}},"_links":{"self":[{"href":"https:\/\/noticiaempauta.com\/portal\/wp-json\/wp\/v2\/posts\/277675","targetHints":{"allow":["GET"]}}],"collection":[{"href":"https:\/\/noticiaempauta.com\/portal\/wp-json\/wp\/v2\/posts"}],"about":[{"href":"https:\/\/noticiaempauta.com\/portal\/wp-json\/wp\/v2\/types\/post"}],"author":[{"embeddable":true,"href":"https:\/\/noticiaempauta.com\/portal\/wp-json\/wp\/v2\/users\/2"}],"replies":[{"embeddable":true,"href":"https:\/\/noticiaempauta.com\/portal\/wp-json\/wp\/v2\/comments?post=277675"}],"version-history":[{"count":2,"href":"https:\/\/noticiaempauta.com\/portal\/wp-json\/wp\/v2\/posts\/277675\/revisions"}],"predecessor-version":[{"id":277678,"href":"https:\/\/noticiaempauta.com\/portal\/wp-json\/wp\/v2\/posts\/277675\/revisions\/277678"}],"wp:featuredmedia":[{"embeddable":true,"href":"https:\/\/noticiaempauta.com\/portal\/wp-json\/wp\/v2\/media\/277676"}],"wp:attachment":[{"href":"https:\/\/noticiaempauta.com\/portal\/wp-json\/wp\/v2\/media?parent=277675"}],"wp:term":[{"taxonomy":"category","embeddable":true,"href":"https:\/\/noticiaempauta.com\/portal\/wp-json\/wp\/v2\/categories?post=277675"},{"taxonomy":"post_tag","embeddable":true,"href":"https:\/\/noticiaempauta.com\/portal\/wp-json\/wp\/v2\/tags?post=277675"}],"curies":[{"name":"wp","href":"https:\/\/api.w.org\/{rel}","templated":true}]}}