{"id":277679,"date":"2025-09-08T09:22:55","date_gmt":"2025-09-08T12:22:55","guid":{"rendered":"https:\/\/noticiaempauta.com\/portal\/?p=277679"},"modified":"2025-09-08T09:22:56","modified_gmt":"2025-09-08T12:22:56","slug":"stf-define-nesta-semana-destino-de-bolsonaro-e-aliados-em-acao-por-tentativa-de-golpe","status":"publish","type":"post","link":"https:\/\/noticiaempauta.com\/portal\/stf-define-nesta-semana-destino-de-bolsonaro-e-aliados-em-acao-por-tentativa-de-golpe\/","title":{"rendered":"STF define nesta semana destino de Bolsonaro e aliados em a\u00e7\u00e3o por tentativa de golpe"},"content":{"rendered":"\n<p>O julgamento da chamada trama golpista ser\u00e1 retomado\u00a0na pr\u00f3xima ter\u00e7a-feira\u00a0(9) pela Primeira Turma do Supremo Tribunal Federal (STF). Est\u00e3o previstas sess\u00f5es tamb\u00e9m nos dias 10, 11 e 12 de setembro. Nesta etapa, os ministros v\u00e3o decidir o destino\u00a0do processo que envolve o ex-presidente Jair Bolsonaro (PL) e outros sete r\u00e9us.<\/p>\n\n\n\n<figure class=\"wp-block-image size-full\"><img fetchpriority=\"high\" decoding=\"async\" width=\"785\" height=\"435\" src=\"https:\/\/noticiaempauta.com\/portal\/wp-content\/uploads\/2025\/09\/stf-define-nesta-semana-destino-de-bolsonaro-e-aliados-em-acao-por-tentativa-de-golpe-aae287da-814e-4aa0-a64c-e3ee2efaf23e.jpg.webp\" alt=\"\" class=\"wp-image-277680\" srcset=\"https:\/\/noticiaempauta.com\/portal\/wp-content\/uploads\/2025\/09\/stf-define-nesta-semana-destino-de-bolsonaro-e-aliados-em-acao-por-tentativa-de-golpe-aae287da-814e-4aa0-a64c-e3ee2efaf23e.jpg.webp 785w, https:\/\/noticiaempauta.com\/portal\/wp-content\/uploads\/2025\/09\/stf-define-nesta-semana-destino-de-bolsonaro-e-aliados-em-acao-por-tentativa-de-golpe-aae287da-814e-4aa0-a64c-e3ee2efaf23e.jpg-300x166.webp 300w, https:\/\/noticiaempauta.com\/portal\/wp-content\/uploads\/2025\/09\/stf-define-nesta-semana-destino-de-bolsonaro-e-aliados-em-acao-por-tentativa-de-golpe-aae287da-814e-4aa0-a64c-e3ee2efaf23e.jpg-768x426.webp 768w\" sizes=\"(max-width: 785px) 100vw, 785px\" \/><figcaption class=\"wp-element-caption\"><em>(Foto: Reprodu\u00e7\u00e3o)<\/em><\/figcaption><\/figure>\n\n\n\n<p>O colegiado ter\u00e1 de definir se absolve ou condena os acusados. O procedimento segue as regras legais e regimentais do STF, garantindo direitos constitucionais como contradit\u00f3rio, ampla defesa e devido processo legal.<\/p>\n\n\n\n<p>A a\u00e7\u00e3o penal trata da acusa\u00e7\u00e3o de tentativa de golpe de Estado em 2022. Antes de discutir o m\u00e9rito \u2014 se os r\u00e9us ser\u00e3o absolvidos ou punidos \u2014, os ministros v\u00e3o avaliar quest\u00f5es preliminares apresentadas pelas defesas, incluindo contesta\u00e7\u00f5es \u00e0 validade da dela\u00e7\u00e3o premiada do ex-ajudante de ordens Mauro Cid.<\/p>\n\n\n\n<p>O relator, ministro Alexandre de Moraes, ser\u00e1 o primeiro a votar.\u00a0Depois dele, votam os ministros Fl\u00e1vio Dino, Luiz Fux, C\u00e1rmen L\u00facia e Cristiano Zanin. A decis\u00e3o ser\u00e1 por maioria.<\/p>\n\n\n\n<p>Se houver condena\u00e7\u00e3o, o\u00a0STF tamb\u00e9m fixar\u00e1 as penas, de acordo com a participa\u00e7\u00e3o de cada r\u00e9u nas condutas investigadas.\u00a0Tanto em caso de absolvi\u00e7\u00e3o quanto de condena\u00e7\u00e3o, ainda cabem recursos dentro da pr\u00f3pria Corte.<\/p>\n\n\n\n<h2 class=\"wp-block-heading\">A den\u00fancia foi apresentada pela Procuradoria-Geral da Rep\u00fablica (PGR), que apontou cinco crimes:<\/h2>\n\n\n\n<p>&nbsp; &nbsp; \u2022 &nbsp; &nbsp;Aboli\u00e7\u00e3o violenta do Estado Democr\u00e1tico de Direito (pena de 4 a 8 anos de pris\u00e3o);<\/p>\n\n\n\n<p>&nbsp; &nbsp;&nbsp;\u2022&nbsp; &nbsp;&nbsp;Golpe de Estado (pena de 4 a 12 anos);<\/p>\n\n\n\n<p>&nbsp; &nbsp;&nbsp;\u2022&nbsp; &nbsp;&nbsp;Organiza\u00e7\u00e3o criminosa (pena de 3 a 8 anos);<\/p>\n\n\n\n<p>&nbsp; &nbsp; \u2022 &nbsp; &nbsp;Dano qualificado ao patrim\u00f4nio da Uni\u00e3o (pena de 6 meses a 3 anos);<\/p>\n\n\n\n<p>&nbsp; &nbsp; \u2022 &nbsp; &nbsp;Deteriora\u00e7\u00e3o de patrim\u00f4nio tombado (pena de 1 a 3 anos).<\/p>\n\n\n\n<h2 class=\"wp-block-heading\">Foram denunciados:<\/h2>\n\n\n\n<p>&nbsp; &nbsp; \u2022 &nbsp; &nbsp;Jair Bolsonaro, ex-presidente;<\/p>\n\n\n\n<p>&nbsp; &nbsp;&nbsp;\u2022&nbsp; &nbsp;&nbsp;Mauro Cid, ex-ajudante de ordens;<\/p>\n\n\n\n<p>&nbsp; &nbsp;&nbsp;\u2022&nbsp; &nbsp;&nbsp;Alexandre Ramagem, ex-diretor da Abin;<\/p>\n\n\n\n<p>&nbsp; &nbsp;&nbsp;\u2022&nbsp; &nbsp;&nbsp;Anderson Torres, ex-ministro da Justi\u00e7a;<\/p>\n\n\n\n<p>&nbsp; &nbsp;&nbsp;\u2022&nbsp; &nbsp;&nbsp;Augusto Heleno, ex-ministro do GSI;<\/p>\n\n\n\n<p>&nbsp; &nbsp;&nbsp;\u2022&nbsp; &nbsp;&nbsp;Paulo S\u00e9rgio Nogueira, ex-ministro da Defesa;<\/p>\n\n\n\n<p>&nbsp; &nbsp; \u2022 &nbsp; &nbsp;Walter Braga Netto, ex-ministro da Casa Civil;<\/p>\n\n\n\n<p>&nbsp; &nbsp; \u2022 &nbsp; &nbsp;Almir Garnier, ex-comandante da Marinha.<\/p>\n\n\n\n<p>Fonte: Meio News<\/p>\n","protected":false},"excerpt":{"rendered":"<p>O julgamento da chamada trama golpista ser\u00e1 retomado\u00a0na pr\u00f3xima ter\u00e7a-feira\u00a0(9) pela Primeira Turma do Supremo Tribunal Federal (STF). Est\u00e3o previstas sess\u00f5es tamb\u00e9m nos dias 10, 11 e 12 de setembro. Nesta etapa, os ministros v\u00e3o decidir o destino\u00a0do processo que envolve o ex-presidente Jair Bolsonaro (PL) e outros sete r\u00e9us. O colegiado ter\u00e1 de definir [&hellip;]<\/p>\n","protected":false},"author":2,"featured_media":277680,"comment_status":"open","ping_status":"open","sticky":false,"template":"","format":"standard","meta":{"_mi_skip_tracking":false,"footnotes":""},"categories":[25,1,16],"tags":[192],"class_list":["post-277679","post","type-post","status-publish","format-standard","has-post-thumbnail","hentry","category-destaques-site","category-geral","category-todas","tag-destaqueprincipal"],"acf":[],"yoast_head":"<!-- This site is optimized with the Yoast SEO Premium plugin v19.2 (Yoast SEO v26.9) - https:\/\/yoast.com\/product\/yoast-seo-premium-wordpress\/ -->\n<title>STF define nesta semana destino de Bolsonaro e aliados em a\u00e7\u00e3o por tentativa de golpe - Portal Not\u00edcia em Pauta<\/title>\n<meta name=\"robots\" content=\"index, follow, max-snippet:-1, max-image-preview:large, max-video-preview:-1\" \/>\n<link rel=\"canonical\" href=\"https:\/\/noticiaempauta.com\/portal\/stf-define-nesta-semana-destino-de-bolsonaro-e-aliados-em-acao-por-tentativa-de-golpe\/\" \/>\n<meta property=\"og:locale\" content=\"pt_BR\" \/>\n<meta property=\"og:type\" content=\"article\" \/>\n<meta property=\"og:title\" content=\"STF define nesta semana destino de Bolsonaro e aliados em a\u00e7\u00e3o por tentativa de golpe\" \/>\n<meta property=\"og:description\" content=\"O julgamento da chamada trama golpista ser\u00e1 retomado\u00a0na pr\u00f3xima ter\u00e7a-feira\u00a0(9) pela Primeira Turma do Supremo Tribunal Federal (STF). Est\u00e3o previstas sess\u00f5es tamb\u00e9m nos dias 10, 11 e 12 de setembro. Nesta etapa, os ministros v\u00e3o decidir o destino\u00a0do processo que envolve o ex-presidente Jair Bolsonaro (PL) e outros sete r\u00e9us. O colegiado ter\u00e1 de definir [&hellip;]\" \/>\n<meta property=\"og:url\" content=\"https:\/\/noticiaempauta.com\/portal\/stf-define-nesta-semana-destino-de-bolsonaro-e-aliados-em-acao-por-tentativa-de-golpe\/\" \/>\n<meta property=\"og:site_name\" content=\"Portal Not\u00edcia em Pauta\" \/>\n<meta property=\"article:publisher\" content=\"https:\/\/www.facebook.com\/Portal-Notcia-Em-Pauta-102292869264820\/\" \/>\n<meta property=\"article:published_time\" content=\"2025-09-08T12:22:55+00:00\" \/>\n<meta property=\"article:modified_time\" content=\"2025-09-08T12:22:56+00:00\" \/>\n<meta property=\"og:image\" content=\"https:\/\/noticiaempauta.com\/portal\/wp-content\/uploads\/2025\/09\/stf-define-nesta-semana-destino-de-bolsonaro-e-aliados-em-acao-por-tentativa-de-golpe-aae287da-814e-4aa0-a64c-e3ee2efaf23e.jpg.webp\" \/>\n\t<meta property=\"og:image:width\" content=\"785\" \/>\n\t<meta property=\"og:image:height\" content=\"435\" \/>\n\t<meta property=\"og:image:type\" content=\"image\/webp\" \/>\n<meta name=\"author\" content=\"Reda\u00e7\u00e3o\" \/>\n<meta name=\"twitter:card\" content=\"summary_large_image\" \/>\n<meta name=\"twitter:label1\" content=\"Escrito por\" \/>\n\t<meta name=\"twitter:data1\" content=\"Reda\u00e7\u00e3o\" \/>\n\t<meta name=\"twitter:label2\" content=\"Est. tempo de leitura\" \/>\n\t<meta name=\"twitter:data2\" content=\"3 minutos\" \/>\n<script type=\"application\/ld+json\" class=\"yoast-schema-graph\">{\"@context\":\"https:\/\/schema.org\",\"@graph\":[{\"@type\":\"Article\",\"@id\":\"https:\/\/noticiaempauta.com\/portal\/stf-define-nesta-semana-destino-de-bolsonaro-e-aliados-em-acao-por-tentativa-de-golpe\/#article\",\"isPartOf\":{\"@id\":\"https:\/\/noticiaempauta.com\/portal\/stf-define-nesta-semana-destino-de-bolsonaro-e-aliados-em-acao-por-tentativa-de-golpe\/\"},\"author\":{\"name\":\"Reda\u00e7\u00e3o\",\"@id\":\"https:\/\/noticiaempauta.com\/portal\/#\/schema\/person\/a74af43dd1ab3deca45f988c717d57ac\"},\"headline\":\"STF define nesta semana destino de Bolsonaro e aliados em a\u00e7\u00e3o por tentativa de golpe\",\"datePublished\":\"2025-09-08T12:22:55+00:00\",\"dateModified\":\"2025-09-08T12:22:56+00:00\",\"mainEntityOfPage\":{\"@id\":\"https:\/\/noticiaempauta.com\/portal\/stf-define-nesta-semana-destino-de-bolsonaro-e-aliados-em-acao-por-tentativa-de-golpe\/\"},\"wordCount\":421,\"commentCount\":0,\"publisher\":{\"@id\":\"https:\/\/noticiaempauta.com\/portal\/#organization\"},\"image\":{\"@id\":\"https:\/\/noticiaempauta.com\/portal\/stf-define-nesta-semana-destino-de-bolsonaro-e-aliados-em-acao-por-tentativa-de-golpe\/#primaryimage\"},\"thumbnailUrl\":\"https:\/\/noticiaempauta.com\/portal\/wp-content\/uploads\/2025\/09\/stf-define-nesta-semana-destino-de-bolsonaro-e-aliados-em-acao-por-tentativa-de-golpe-aae287da-814e-4aa0-a64c-e3ee2efaf23e.jpg.webp\",\"keywords\":[\"destaqueprincipal\"],\"articleSection\":[\"Destaques\",\"Geral\",\"Todas as Not\u00edcias\"],\"inLanguage\":\"pt-BR\",\"potentialAction\":[{\"@type\":\"CommentAction\",\"name\":\"Comment\",\"target\":[\"https:\/\/noticiaempauta.com\/portal\/stf-define-nesta-semana-destino-de-bolsonaro-e-aliados-em-acao-por-tentativa-de-golpe\/#respond\"]}]},{\"@type\":\"WebPage\",\"@id\":\"https:\/\/noticiaempauta.com\/portal\/stf-define-nesta-semana-destino-de-bolsonaro-e-aliados-em-acao-por-tentativa-de-golpe\/\",\"url\":\"https:\/\/noticiaempauta.com\/portal\/stf-define-nesta-semana-destino-de-bolsonaro-e-aliados-em-acao-por-tentativa-de-golpe\/\",\"name\":\"STF define nesta semana destino de Bolsonaro e aliados em a\u00e7\u00e3o por tentativa de golpe - Portal Not\u00edcia em Pauta\",\"isPartOf\":{\"@id\":\"https:\/\/noticiaempauta.com\/portal\/#website\"},\"primaryImageOfPage\":{\"@id\":\"https:\/\/noticiaempauta.com\/portal\/stf-define-nesta-semana-destino-de-bolsonaro-e-aliados-em-acao-por-tentativa-de-golpe\/#primaryimage\"},\"image\":{\"@id\":\"https:\/\/noticiaempauta.com\/portal\/stf-define-nesta-semana-destino-de-bolsonaro-e-aliados-em-acao-por-tentativa-de-golpe\/#primaryimage\"},\"thumbnailUrl\":\"https:\/\/noticiaempauta.com\/portal\/wp-content\/uploads\/2025\/09\/stf-define-nesta-semana-destino-de-bolsonaro-e-aliados-em-acao-por-tentativa-de-golpe-aae287da-814e-4aa0-a64c-e3ee2efaf23e.jpg.webp\",\"datePublished\":\"2025-09-08T12:22:55+00:00\",\"dateModified\":\"2025-09-08T12:22:56+00:00\",\"breadcrumb\":{\"@id\":\"https:\/\/noticiaempauta.com\/portal\/stf-define-nesta-semana-destino-de-bolsonaro-e-aliados-em-acao-por-tentativa-de-golpe\/#breadcrumb\"},\"inLanguage\":\"pt-BR\",\"potentialAction\":[{\"@type\":\"ReadAction\",\"target\":[\"https:\/\/noticiaempauta.com\/portal\/stf-define-nesta-semana-destino-de-bolsonaro-e-aliados-em-acao-por-tentativa-de-golpe\/\"]}]},{\"@type\":\"ImageObject\",\"inLanguage\":\"pt-BR\",\"@id\":\"https:\/\/noticiaempauta.com\/portal\/stf-define-nesta-semana-destino-de-bolsonaro-e-aliados-em-acao-por-tentativa-de-golpe\/#primaryimage\",\"url\":\"https:\/\/noticiaempauta.com\/portal\/wp-content\/uploads\/2025\/09\/stf-define-nesta-semana-destino-de-bolsonaro-e-aliados-em-acao-por-tentativa-de-golpe-aae287da-814e-4aa0-a64c-e3ee2efaf23e.jpg.webp\",\"contentUrl\":\"https:\/\/noticiaempauta.com\/portal\/wp-content\/uploads\/2025\/09\/stf-define-nesta-semana-destino-de-bolsonaro-e-aliados-em-acao-por-tentativa-de-golpe-aae287da-814e-4aa0-a64c-e3ee2efaf23e.jpg.webp\",\"width\":785,\"height\":435},{\"@type\":\"BreadcrumbList\",\"@id\":\"https:\/\/noticiaempauta.com\/portal\/stf-define-nesta-semana-destino-de-bolsonaro-e-aliados-em-acao-por-tentativa-de-golpe\/#breadcrumb\",\"itemListElement\":[{\"@type\":\"ListItem\",\"position\":1,\"name\":\"P\u00e1gina Inicial\",\"item\":\"https:\/\/noticiaempauta.com\/portal\/\"},{\"@type\":\"ListItem\",\"position\":2,\"name\":\"Destaques\",\"item\":\"https:\/\/noticiaempauta.com\/portal\/destaques-site\/\"},{\"@type\":\"ListItem\",\"position\":3,\"name\":\"STF define nesta semana destino de Bolsonaro e aliados em a\u00e7\u00e3o por tentativa de golpe\"}]},{\"@type\":\"WebSite\",\"@id\":\"https:\/\/noticiaempauta.com\/portal\/#website\",\"url\":\"https:\/\/noticiaempauta.com\/portal\/\",\"name\":\"Portal Not\u00edcia em Pauta\",\"description\":\"Voc\u00ea bem informado\",\"publisher\":{\"@id\":\"https:\/\/noticiaempauta.com\/portal\/#organization\"},\"potentialAction\":[{\"@type\":\"SearchAction\",\"target\":{\"@type\":\"EntryPoint\",\"urlTemplate\":\"https:\/\/noticiaempauta.com\/portal\/?s={search_term_string}\"},\"query-input\":{\"@type\":\"PropertyValueSpecification\",\"valueRequired\":true,\"valueName\":\"search_term_string\"}}],\"inLanguage\":\"pt-BR\"},{\"@type\":\"Organization\",\"@id\":\"https:\/\/noticiaempauta.com\/portal\/#organization\",\"name\":\"Portal Not\u00edcia em Pauta\",\"url\":\"https:\/\/noticiaempauta.com\/portal\/\",\"logo\":{\"@type\":\"ImageObject\",\"inLanguage\":\"pt-BR\",\"@id\":\"https:\/\/noticiaempauta.com\/portal\/#\/schema\/logo\/image\/\",\"url\":\"https:\/\/noticiaempauta.com\/portal\/wp-content\/uploads\/2022\/08\/logomarca_tema.fw_.png\",\"contentUrl\":\"https:\/\/noticiaempauta.com\/portal\/wp-content\/uploads\/2022\/08\/logomarca_tema.fw_.png\",\"width\":400,\"height\":232,\"caption\":\"Portal Not\u00edcia em Pauta\"},\"image\":{\"@id\":\"https:\/\/noticiaempauta.com\/portal\/#\/schema\/logo\/image\/\"},\"sameAs\":[\"https:\/\/www.facebook.com\/Portal-Notcia-Em-Pauta-102292869264820\/\",\"https:\/\/www.instagram.com\/portalnoticiaempauta\/\"]},{\"@type\":\"Person\",\"@id\":\"https:\/\/noticiaempauta.com\/portal\/#\/schema\/person\/a74af43dd1ab3deca45f988c717d57ac\",\"name\":\"Reda\u00e7\u00e3o\",\"image\":{\"@type\":\"ImageObject\",\"inLanguage\":\"pt-BR\",\"@id\":\"https:\/\/noticiaempauta.com\/portal\/#\/schema\/person\/image\/\",\"url\":\"https:\/\/secure.gravatar.com\/avatar\/03179346ecce6cdfc13361603e8f54242a90e5cde8618fa23c5c00aa2b0aadf3?s=96&d=mm&r=g\",\"contentUrl\":\"https:\/\/secure.gravatar.com\/avatar\/03179346ecce6cdfc13361603e8f54242a90e5cde8618fa23c5c00aa2b0aadf3?s=96&d=mm&r=g\",\"caption\":\"Reda\u00e7\u00e3o\"},\"sameAs\":[\"https:\/\/noticiaempauta.com\/portal\/\"],\"url\":\"https:\/\/noticiaempauta.com\/portal\/author\/fernando\/\"}]}<\/script>\n<!-- \/ Yoast SEO Premium plugin. -->","yoast_head_json":{"title":"STF define nesta semana destino de Bolsonaro e aliados em a\u00e7\u00e3o por tentativa de golpe - Portal Not\u00edcia em Pauta","robots":{"index":"index","follow":"follow","max-snippet":"max-snippet:-1","max-image-preview":"max-image-preview:large","max-video-preview":"max-video-preview:-1"},"canonical":"https:\/\/noticiaempauta.com\/portal\/stf-define-nesta-semana-destino-de-bolsonaro-e-aliados-em-acao-por-tentativa-de-golpe\/","og_locale":"pt_BR","og_type":"article","og_title":"STF define nesta semana destino de Bolsonaro e aliados em a\u00e7\u00e3o por tentativa de golpe","og_description":"O julgamento da chamada trama golpista ser\u00e1 retomado\u00a0na pr\u00f3xima ter\u00e7a-feira\u00a0(9) pela Primeira Turma do Supremo Tribunal Federal (STF). Est\u00e3o previstas sess\u00f5es tamb\u00e9m nos dias 10, 11 e 12 de setembro. Nesta etapa, os ministros v\u00e3o decidir o destino\u00a0do processo que envolve o ex-presidente Jair Bolsonaro (PL) e outros sete r\u00e9us. O colegiado ter\u00e1 de definir [&hellip;]","og_url":"https:\/\/noticiaempauta.com\/portal\/stf-define-nesta-semana-destino-de-bolsonaro-e-aliados-em-acao-por-tentativa-de-golpe\/","og_site_name":"Portal Not\u00edcia em Pauta","article_publisher":"https:\/\/www.facebook.com\/Portal-Notcia-Em-Pauta-102292869264820\/","article_published_time":"2025-09-08T12:22:55+00:00","article_modified_time":"2025-09-08T12:22:56+00:00","og_image":[{"width":785,"height":435,"url":"https:\/\/noticiaempauta.com\/portal\/wp-content\/uploads\/2025\/09\/stf-define-nesta-semana-destino-de-bolsonaro-e-aliados-em-acao-por-tentativa-de-golpe-aae287da-814e-4aa0-a64c-e3ee2efaf23e.jpg.webp","type":"image\/webp"}],"author":"Reda\u00e7\u00e3o","twitter_card":"summary_large_image","twitter_misc":{"Escrito por":"Reda\u00e7\u00e3o","Est. tempo de leitura":"3 minutos"},"schema":{"@context":"https:\/\/schema.org","@graph":[{"@type":"Article","@id":"https:\/\/noticiaempauta.com\/portal\/stf-define-nesta-semana-destino-de-bolsonaro-e-aliados-em-acao-por-tentativa-de-golpe\/#article","isPartOf":{"@id":"https:\/\/noticiaempauta.com\/portal\/stf-define-nesta-semana-destino-de-bolsonaro-e-aliados-em-acao-por-tentativa-de-golpe\/"},"author":{"name":"Reda\u00e7\u00e3o","@id":"https:\/\/noticiaempauta.com\/portal\/#\/schema\/person\/a74af43dd1ab3deca45f988c717d57ac"},"headline":"STF define nesta semana destino de Bolsonaro e aliados em a\u00e7\u00e3o por tentativa de golpe","datePublished":"2025-09-08T12:22:55+00:00","dateModified":"2025-09-08T12:22:56+00:00","mainEntityOfPage":{"@id":"https:\/\/noticiaempauta.com\/portal\/stf-define-nesta-semana-destino-de-bolsonaro-e-aliados-em-acao-por-tentativa-de-golpe\/"},"wordCount":421,"commentCount":0,"publisher":{"@id":"https:\/\/noticiaempauta.com\/portal\/#organization"},"image":{"@id":"https:\/\/noticiaempauta.com\/portal\/stf-define-nesta-semana-destino-de-bolsonaro-e-aliados-em-acao-por-tentativa-de-golpe\/#primaryimage"},"thumbnailUrl":"https:\/\/noticiaempauta.com\/portal\/wp-content\/uploads\/2025\/09\/stf-define-nesta-semana-destino-de-bolsonaro-e-aliados-em-acao-por-tentativa-de-golpe-aae287da-814e-4aa0-a64c-e3ee2efaf23e.jpg.webp","keywords":["destaqueprincipal"],"articleSection":["Destaques","Geral","Todas as Not\u00edcias"],"inLanguage":"pt-BR","potentialAction":[{"@type":"CommentAction","name":"Comment","target":["https:\/\/noticiaempauta.com\/portal\/stf-define-nesta-semana-destino-de-bolsonaro-e-aliados-em-acao-por-tentativa-de-golpe\/#respond"]}]},{"@type":"WebPage","@id":"https:\/\/noticiaempauta.com\/portal\/stf-define-nesta-semana-destino-de-bolsonaro-e-aliados-em-acao-por-tentativa-de-golpe\/","url":"https:\/\/noticiaempauta.com\/portal\/stf-define-nesta-semana-destino-de-bolsonaro-e-aliados-em-acao-por-tentativa-de-golpe\/","name":"STF define nesta semana destino de Bolsonaro e aliados em a\u00e7\u00e3o por tentativa de golpe - Portal Not\u00edcia em Pauta","isPartOf":{"@id":"https:\/\/noticiaempauta.com\/portal\/#website"},"primaryImageOfPage":{"@id":"https:\/\/noticiaempauta.com\/portal\/stf-define-nesta-semana-destino-de-bolsonaro-e-aliados-em-acao-por-tentativa-de-golpe\/#primaryimage"},"image":{"@id":"https:\/\/noticiaempauta.com\/portal\/stf-define-nesta-semana-destino-de-bolsonaro-e-aliados-em-acao-por-tentativa-de-golpe\/#primaryimage"},"thumbnailUrl":"https:\/\/noticiaempauta.com\/portal\/wp-content\/uploads\/2025\/09\/stf-define-nesta-semana-destino-de-bolsonaro-e-aliados-em-acao-por-tentativa-de-golpe-aae287da-814e-4aa0-a64c-e3ee2efaf23e.jpg.webp","datePublished":"2025-09-08T12:22:55+00:00","dateModified":"2025-09-08T12:22:56+00:00","breadcrumb":{"@id":"https:\/\/noticiaempauta.com\/portal\/stf-define-nesta-semana-destino-de-bolsonaro-e-aliados-em-acao-por-tentativa-de-golpe\/#breadcrumb"},"inLanguage":"pt-BR","potentialAction":[{"@type":"ReadAction","target":["https:\/\/noticiaempauta.com\/portal\/stf-define-nesta-semana-destino-de-bolsonaro-e-aliados-em-acao-por-tentativa-de-golpe\/"]}]},{"@type":"ImageObject","inLanguage":"pt-BR","@id":"https:\/\/noticiaempauta.com\/portal\/stf-define-nesta-semana-destino-de-bolsonaro-e-aliados-em-acao-por-tentativa-de-golpe\/#primaryimage","url":"https:\/\/noticiaempauta.com\/portal\/wp-content\/uploads\/2025\/09\/stf-define-nesta-semana-destino-de-bolsonaro-e-aliados-em-acao-por-tentativa-de-golpe-aae287da-814e-4aa0-a64c-e3ee2efaf23e.jpg.webp","contentUrl":"https:\/\/noticiaempauta.com\/portal\/wp-content\/uploads\/2025\/09\/stf-define-nesta-semana-destino-de-bolsonaro-e-aliados-em-acao-por-tentativa-de-golpe-aae287da-814e-4aa0-a64c-e3ee2efaf23e.jpg.webp","width":785,"height":435},{"@type":"BreadcrumbList","@id":"https:\/\/noticiaempauta.com\/portal\/stf-define-nesta-semana-destino-de-bolsonaro-e-aliados-em-acao-por-tentativa-de-golpe\/#breadcrumb","itemListElement":[{"@type":"ListItem","position":1,"name":"P\u00e1gina Inicial","item":"https:\/\/noticiaempauta.com\/portal\/"},{"@type":"ListItem","position":2,"name":"Destaques","item":"https:\/\/noticiaempauta.com\/portal\/destaques-site\/"},{"@type":"ListItem","position":3,"name":"STF define nesta semana destino de Bolsonaro e aliados em a\u00e7\u00e3o por tentativa de golpe"}]},{"@type":"WebSite","@id":"https:\/\/noticiaempauta.com\/portal\/#website","url":"https:\/\/noticiaempauta.com\/portal\/","name":"Portal Not\u00edcia em Pauta","description":"Voc\u00ea bem informado","publisher":{"@id":"https:\/\/noticiaempauta.com\/portal\/#organization"},"potentialAction":[{"@type":"SearchAction","target":{"@type":"EntryPoint","urlTemplate":"https:\/\/noticiaempauta.com\/portal\/?s={search_term_string}"},"query-input":{"@type":"PropertyValueSpecification","valueRequired":true,"valueName":"search_term_string"}}],"inLanguage":"pt-BR"},{"@type":"Organization","@id":"https:\/\/noticiaempauta.com\/portal\/#organization","name":"Portal Not\u00edcia em Pauta","url":"https:\/\/noticiaempauta.com\/portal\/","logo":{"@type":"ImageObject","inLanguage":"pt-BR","@id":"https:\/\/noticiaempauta.com\/portal\/#\/schema\/logo\/image\/","url":"https:\/\/noticiaempauta.com\/portal\/wp-content\/uploads\/2022\/08\/logomarca_tema.fw_.png","contentUrl":"https:\/\/noticiaempauta.com\/portal\/wp-content\/uploads\/2022\/08\/logomarca_tema.fw_.png","width":400,"height":232,"caption":"Portal Not\u00edcia em Pauta"},"image":{"@id":"https:\/\/noticiaempauta.com\/portal\/#\/schema\/logo\/image\/"},"sameAs":["https:\/\/www.facebook.com\/Portal-Notcia-Em-Pauta-102292869264820\/","https:\/\/www.instagram.com\/portalnoticiaempauta\/"]},{"@type":"Person","@id":"https:\/\/noticiaempauta.com\/portal\/#\/schema\/person\/a74af43dd1ab3deca45f988c717d57ac","name":"Reda\u00e7\u00e3o","image":{"@type":"ImageObject","inLanguage":"pt-BR","@id":"https:\/\/noticiaempauta.com\/portal\/#\/schema\/person\/image\/","url":"https:\/\/secure.gravatar.com\/avatar\/03179346ecce6cdfc13361603e8f54242a90e5cde8618fa23c5c00aa2b0aadf3?s=96&d=mm&r=g","contentUrl":"https:\/\/secure.gravatar.com\/avatar\/03179346ecce6cdfc13361603e8f54242a90e5cde8618fa23c5c00aa2b0aadf3?s=96&d=mm&r=g","caption":"Reda\u00e7\u00e3o"},"sameAs":["https:\/\/noticiaempauta.com\/portal\/"],"url":"https:\/\/noticiaempauta.com\/portal\/author\/fernando\/"}]}},"_links":{"self":[{"href":"https:\/\/noticiaempauta.com\/portal\/wp-json\/wp\/v2\/posts\/277679","targetHints":{"allow":["GET"]}}],"collection":[{"href":"https:\/\/noticiaempauta.com\/portal\/wp-json\/wp\/v2\/posts"}],"about":[{"href":"https:\/\/noticiaempauta.com\/portal\/wp-json\/wp\/v2\/types\/post"}],"author":[{"embeddable":true,"href":"https:\/\/noticiaempauta.com\/portal\/wp-json\/wp\/v2\/users\/2"}],"replies":[{"embeddable":true,"href":"https:\/\/noticiaempauta.com\/portal\/wp-json\/wp\/v2\/comments?post=277679"}],"version-history":[{"count":2,"href":"https:\/\/noticiaempauta.com\/portal\/wp-json\/wp\/v2\/posts\/277679\/revisions"}],"predecessor-version":[{"id":277682,"href":"https:\/\/noticiaempauta.com\/portal\/wp-json\/wp\/v2\/posts\/277679\/revisions\/277682"}],"wp:featuredmedia":[{"embeddable":true,"href":"https:\/\/noticiaempauta.com\/portal\/wp-json\/wp\/v2\/media\/277680"}],"wp:attachment":[{"href":"https:\/\/noticiaempauta.com\/portal\/wp-json\/wp\/v2\/media?parent=277679"}],"wp:term":[{"taxonomy":"category","embeddable":true,"href":"https:\/\/noticiaempauta.com\/portal\/wp-json\/wp\/v2\/categories?post=277679"},{"taxonomy":"post_tag","embeddable":true,"href":"https:\/\/noticiaempauta.com\/portal\/wp-json\/wp\/v2\/tags?post=277679"}],"curies":[{"name":"wp","href":"https:\/\/api.w.org\/{rel}","templated":true}]}}