{"id":277683,"date":"2025-09-08T09:31:02","date_gmt":"2025-09-08T12:31:02","guid":{"rendered":"https:\/\/noticiaempauta.com\/portal\/?p=277683"},"modified":"2025-09-08T09:31:03","modified_gmt":"2025-09-08T12:31:03","slug":"rafael-fonteles-fortalece-relacoes-internacionais-em-missao-oficial-a-china","status":"publish","type":"post","link":"https:\/\/noticiaempauta.com\/portal\/rafael-fonteles-fortalece-relacoes-internacionais-em-missao-oficial-a-china\/","title":{"rendered":"Rafael Fonteles fortalece rela\u00e7\u00f5es internacionais em miss\u00e3o oficial \u00e0 China"},"content":{"rendered":"\n<p>O governador do Piau\u00ed, Rafael Fonteles, cumpriu agenda oficial na China com foco na consolida\u00e7\u00e3o de parcerias estrat\u00e9gicas e na amplia\u00e7\u00e3o da presen\u00e7a institucional do estado no cen\u00e1rio internacional. A visita incluiu compromissos em Xiamen, na Prov\u00edncia de Fujian, onde foi realizada a segunda reuni\u00e3o bilateral com o governador Zhao Long.<\/p>\n\n\n\n<p>O encontro marcou mais uma etapa do processo de coopera\u00e7\u00e3o iniciado em outubro de 2023, quando foi assinado o Acordo de Amizade entre o Estado do Piau\u00ed e a Prov\u00edncia de Fujian, al\u00e9m de dois Memorandos de Entendimento (MoUs): um entre a Investe Piau\u00ed e a Xiamen Port Holding Group, e outro entre a Zona Piloto de Livre Com\u00e9rcio de Xiamen e a Zona de Processamento de Exporta\u00e7\u00e3o (ZPE) de Parna\u00edba.<\/p>\n\n\n\n<figure class=\"wp-block-image size-full\"><img fetchpriority=\"high\" decoding=\"async\" width=\"609\" height=\"480\" src=\"https:\/\/noticiaempauta.com\/portal\/wp-content\/uploads\/2025\/09\/FA-IMG-c477f28b2f02c97a876b.png\" alt=\"\" class=\"wp-image-277684\" srcset=\"https:\/\/noticiaempauta.com\/portal\/wp-content\/uploads\/2025\/09\/FA-IMG-c477f28b2f02c97a876b.png 609w, https:\/\/noticiaempauta.com\/portal\/wp-content\/uploads\/2025\/09\/FA-IMG-c477f28b2f02c97a876b-300x236.png 300w\" sizes=\"(max-width: 609px) 100vw, 609px\" \/><\/figure>\n\n\n\n<p>Durante a nova reuni\u00e3o, realizada em setembro de 2025, os governadores reafirmaram o compromisso com um relacionamento de longo prazo e mutuamente ben\u00e9fico, envolvendo trocas institucionais, empresariais e acad\u00eamicas. A agenda incluiu cumprimentos protocolares, exposi\u00e7\u00e3o dos potenciais econ\u00f4micos e sociais de cada regi\u00e3o e destaque para \u00e1reas priorit\u00e1rias de coopera\u00e7\u00e3o.<\/p>\n\n\n\n<p>&nbsp;\u201cHoje, tivemos um encontro muito importante com o Sr. Zhao Long, governador da Prov\u00edncia de Fujian. Em 2023, estive reunido com ele, marcando o in\u00edcio dessa coopera\u00e7\u00e3o bilateral. Na \u00e9poca, realizamos as assinaturas do Acordo de Amizade entre o Estado do Piau\u00ed e a Prov\u00edncia de Fujian. Nosso encontro hoje expressa a satisfa\u00e7\u00e3o m\u00fatua pelo fortalecimento das nossas rela\u00e7\u00f5es, al\u00e9m de ser uma oportunidade de destacarmos nossas \u00e1reas estrat\u00e9gicas para o desenvolvimento de novas coopera\u00e7\u00f5es\u201d, afirmou Rafael Fonteles.<\/p>\n\n\n\n<p>Desde o in\u00edcio da parceria, o Governo do Piau\u00ed tem intensificado sua atua\u00e7\u00e3o internacional. Em outubro de 2024, Rafael Fonteles retornou \u00e0 Prov\u00edncia de Fujian para liderar uma miss\u00e3o empresarial com cerca de 80 empres\u00e1rios piauienses. A iniciativa se repetiu agora em 2025, com nova delega\u00e7\u00e3o presente em Xiamen.<\/p>\n\n\n\n<p>O Governo do Estado tamb\u00e9m conta com um escrit\u00f3rio de representa\u00e7\u00e3o da Investe Piau\u00ed em Xiamen, com o objetivo de facilitar o di\u00e1logo institucional e atrair investimentos para o estado. Ainda este ano, estudantes piauienses participar\u00e3o de curso no IDEAS \u2013 BRICS, ampliando a coopera\u00e7\u00e3o educacional entre as regi\u00f5es.<\/p>\n\n\n\n<p>A agenda refor\u00e7a a estrat\u00e9gia do Governo do Piau\u00ed de internacionaliza\u00e7\u00e3o da economia, com foco em setores como infraestrutura, com\u00e9rcio exterior, educa\u00e7\u00e3o, tecnologia e energias renov\u00e1veis.<\/p>\n\n\n\n<p>Fonte: Governo do Piau\u00ed<\/p>\n","protected":false},"excerpt":{"rendered":"<p>O governador do Piau\u00ed, Rafael Fonteles, cumpriu agenda oficial na China com foco na consolida\u00e7\u00e3o de parcerias estrat\u00e9gicas e na amplia\u00e7\u00e3o da presen\u00e7a institucional do estado no cen\u00e1rio internacional. A visita incluiu compromissos em Xiamen, na Prov\u00edncia de Fujian, onde foi realizada a segunda reuni\u00e3o bilateral com o governador Zhao Long. O encontro marcou mais [&hellip;]<\/p>\n","protected":false},"author":2,"featured_media":277684,"comment_status":"open","ping_status":"open","sticky":false,"template":"","format":"standard","meta":{"_mi_skip_tracking":false,"footnotes":""},"categories":[25,1,16],"tags":[192],"class_list":["post-277683","post","type-post","status-publish","format-standard","has-post-thumbnail","hentry","category-destaques-site","category-geral","category-todas","tag-destaqueprincipal"],"acf":[],"yoast_head":"<!-- This site is optimized with the Yoast SEO Premium plugin v19.2 (Yoast SEO v26.9) - https:\/\/yoast.com\/product\/yoast-seo-premium-wordpress\/ -->\n<title>Rafael Fonteles fortalece rela\u00e7\u00f5es internacionais em miss\u00e3o oficial \u00e0 China - Portal Not\u00edcia em Pauta<\/title>\n<meta name=\"robots\" content=\"index, follow, max-snippet:-1, max-image-preview:large, max-video-preview:-1\" \/>\n<link rel=\"canonical\" href=\"https:\/\/noticiaempauta.com\/portal\/rafael-fonteles-fortalece-relacoes-internacionais-em-missao-oficial-a-china\/\" \/>\n<meta property=\"og:locale\" content=\"pt_BR\" \/>\n<meta property=\"og:type\" content=\"article\" \/>\n<meta property=\"og:title\" content=\"Rafael Fonteles fortalece rela\u00e7\u00f5es internacionais em miss\u00e3o oficial \u00e0 China\" \/>\n<meta property=\"og:description\" content=\"O governador do Piau\u00ed, Rafael Fonteles, cumpriu agenda oficial na China com foco na consolida\u00e7\u00e3o de parcerias estrat\u00e9gicas e na amplia\u00e7\u00e3o da presen\u00e7a institucional do estado no cen\u00e1rio internacional. A visita incluiu compromissos em Xiamen, na Prov\u00edncia de Fujian, onde foi realizada a segunda reuni\u00e3o bilateral com o governador Zhao Long. O encontro marcou mais [&hellip;]\" \/>\n<meta property=\"og:url\" content=\"https:\/\/noticiaempauta.com\/portal\/rafael-fonteles-fortalece-relacoes-internacionais-em-missao-oficial-a-china\/\" \/>\n<meta property=\"og:site_name\" content=\"Portal Not\u00edcia em Pauta\" \/>\n<meta property=\"article:publisher\" content=\"https:\/\/www.facebook.com\/Portal-Notcia-Em-Pauta-102292869264820\/\" \/>\n<meta property=\"article:published_time\" content=\"2025-09-08T12:31:02+00:00\" \/>\n<meta property=\"article:modified_time\" content=\"2025-09-08T12:31:03+00:00\" \/>\n<meta property=\"og:image\" content=\"https:\/\/noticiaempauta.com\/portal\/wp-content\/uploads\/2025\/09\/FA-IMG-c477f28b2f02c97a876b.png\" \/>\n\t<meta property=\"og:image:width\" content=\"609\" \/>\n\t<meta property=\"og:image:height\" content=\"480\" \/>\n\t<meta property=\"og:image:type\" content=\"image\/png\" \/>\n<meta name=\"author\" content=\"Reda\u00e7\u00e3o\" \/>\n<meta name=\"twitter:card\" content=\"summary_large_image\" \/>\n<meta name=\"twitter:label1\" content=\"Escrito por\" \/>\n\t<meta name=\"twitter:data1\" content=\"Reda\u00e7\u00e3o\" \/>\n\t<meta name=\"twitter:label2\" content=\"Est. tempo de leitura\" \/>\n\t<meta name=\"twitter:data2\" content=\"3 minutos\" \/>\n<script type=\"application\/ld+json\" class=\"yoast-schema-graph\">{\"@context\":\"https:\/\/schema.org\",\"@graph\":[{\"@type\":\"Article\",\"@id\":\"https:\/\/noticiaempauta.com\/portal\/rafael-fonteles-fortalece-relacoes-internacionais-em-missao-oficial-a-china\/#article\",\"isPartOf\":{\"@id\":\"https:\/\/noticiaempauta.com\/portal\/rafael-fonteles-fortalece-relacoes-internacionais-em-missao-oficial-a-china\/\"},\"author\":{\"name\":\"Reda\u00e7\u00e3o\",\"@id\":\"https:\/\/noticiaempauta.com\/portal\/#\/schema\/person\/a74af43dd1ab3deca45f988c717d57ac\"},\"headline\":\"Rafael Fonteles fortalece rela\u00e7\u00f5es internacionais em miss\u00e3o oficial \u00e0 China\",\"datePublished\":\"2025-09-08T12:31:02+00:00\",\"dateModified\":\"2025-09-08T12:31:03+00:00\",\"mainEntityOfPage\":{\"@id\":\"https:\/\/noticiaempauta.com\/portal\/rafael-fonteles-fortalece-relacoes-internacionais-em-missao-oficial-a-china\/\"},\"wordCount\":432,\"commentCount\":0,\"publisher\":{\"@id\":\"https:\/\/noticiaempauta.com\/portal\/#organization\"},\"image\":{\"@id\":\"https:\/\/noticiaempauta.com\/portal\/rafael-fonteles-fortalece-relacoes-internacionais-em-missao-oficial-a-china\/#primaryimage\"},\"thumbnailUrl\":\"https:\/\/noticiaempauta.com\/portal\/wp-content\/uploads\/2025\/09\/FA-IMG-c477f28b2f02c97a876b.png\",\"keywords\":[\"destaqueprincipal\"],\"articleSection\":[\"Destaques\",\"Geral\",\"Todas as Not\u00edcias\"],\"inLanguage\":\"pt-BR\",\"potentialAction\":[{\"@type\":\"CommentAction\",\"name\":\"Comment\",\"target\":[\"https:\/\/noticiaempauta.com\/portal\/rafael-fonteles-fortalece-relacoes-internacionais-em-missao-oficial-a-china\/#respond\"]}]},{\"@type\":\"WebPage\",\"@id\":\"https:\/\/noticiaempauta.com\/portal\/rafael-fonteles-fortalece-relacoes-internacionais-em-missao-oficial-a-china\/\",\"url\":\"https:\/\/noticiaempauta.com\/portal\/rafael-fonteles-fortalece-relacoes-internacionais-em-missao-oficial-a-china\/\",\"name\":\"Rafael Fonteles fortalece rela\u00e7\u00f5es internacionais em miss\u00e3o oficial \u00e0 China - Portal Not\u00edcia em Pauta\",\"isPartOf\":{\"@id\":\"https:\/\/noticiaempauta.com\/portal\/#website\"},\"primaryImageOfPage\":{\"@id\":\"https:\/\/noticiaempauta.com\/portal\/rafael-fonteles-fortalece-relacoes-internacionais-em-missao-oficial-a-china\/#primaryimage\"},\"image\":{\"@id\":\"https:\/\/noticiaempauta.com\/portal\/rafael-fonteles-fortalece-relacoes-internacionais-em-missao-oficial-a-china\/#primaryimage\"},\"thumbnailUrl\":\"https:\/\/noticiaempauta.com\/portal\/wp-content\/uploads\/2025\/09\/FA-IMG-c477f28b2f02c97a876b.png\",\"datePublished\":\"2025-09-08T12:31:02+00:00\",\"dateModified\":\"2025-09-08T12:31:03+00:00\",\"breadcrumb\":{\"@id\":\"https:\/\/noticiaempauta.com\/portal\/rafael-fonteles-fortalece-relacoes-internacionais-em-missao-oficial-a-china\/#breadcrumb\"},\"inLanguage\":\"pt-BR\",\"potentialAction\":[{\"@type\":\"ReadAction\",\"target\":[\"https:\/\/noticiaempauta.com\/portal\/rafael-fonteles-fortalece-relacoes-internacionais-em-missao-oficial-a-china\/\"]}]},{\"@type\":\"ImageObject\",\"inLanguage\":\"pt-BR\",\"@id\":\"https:\/\/noticiaempauta.com\/portal\/rafael-fonteles-fortalece-relacoes-internacionais-em-missao-oficial-a-china\/#primaryimage\",\"url\":\"https:\/\/noticiaempauta.com\/portal\/wp-content\/uploads\/2025\/09\/FA-IMG-c477f28b2f02c97a876b.png\",\"contentUrl\":\"https:\/\/noticiaempauta.com\/portal\/wp-content\/uploads\/2025\/09\/FA-IMG-c477f28b2f02c97a876b.png\",\"width\":609,\"height\":480},{\"@type\":\"BreadcrumbList\",\"@id\":\"https:\/\/noticiaempauta.com\/portal\/rafael-fonteles-fortalece-relacoes-internacionais-em-missao-oficial-a-china\/#breadcrumb\",\"itemListElement\":[{\"@type\":\"ListItem\",\"position\":1,\"name\":\"P\u00e1gina Inicial\",\"item\":\"https:\/\/noticiaempauta.com\/portal\/\"},{\"@type\":\"ListItem\",\"position\":2,\"name\":\"Destaques\",\"item\":\"https:\/\/noticiaempauta.com\/portal\/destaques-site\/\"},{\"@type\":\"ListItem\",\"position\":3,\"name\":\"Rafael Fonteles fortalece rela\u00e7\u00f5es internacionais em miss\u00e3o oficial \u00e0 China\"}]},{\"@type\":\"WebSite\",\"@id\":\"https:\/\/noticiaempauta.com\/portal\/#website\",\"url\":\"https:\/\/noticiaempauta.com\/portal\/\",\"name\":\"Portal Not\u00edcia em Pauta\",\"description\":\"Voc\u00ea bem informado\",\"publisher\":{\"@id\":\"https:\/\/noticiaempauta.com\/portal\/#organization\"},\"potentialAction\":[{\"@type\":\"SearchAction\",\"target\":{\"@type\":\"EntryPoint\",\"urlTemplate\":\"https:\/\/noticiaempauta.com\/portal\/?s={search_term_string}\"},\"query-input\":{\"@type\":\"PropertyValueSpecification\",\"valueRequired\":true,\"valueName\":\"search_term_string\"}}],\"inLanguage\":\"pt-BR\"},{\"@type\":\"Organization\",\"@id\":\"https:\/\/noticiaempauta.com\/portal\/#organization\",\"name\":\"Portal Not\u00edcia em Pauta\",\"url\":\"https:\/\/noticiaempauta.com\/portal\/\",\"logo\":{\"@type\":\"ImageObject\",\"inLanguage\":\"pt-BR\",\"@id\":\"https:\/\/noticiaempauta.com\/portal\/#\/schema\/logo\/image\/\",\"url\":\"https:\/\/noticiaempauta.com\/portal\/wp-content\/uploads\/2022\/08\/logomarca_tema.fw_.png\",\"contentUrl\":\"https:\/\/noticiaempauta.com\/portal\/wp-content\/uploads\/2022\/08\/logomarca_tema.fw_.png\",\"width\":400,\"height\":232,\"caption\":\"Portal Not\u00edcia em Pauta\"},\"image\":{\"@id\":\"https:\/\/noticiaempauta.com\/portal\/#\/schema\/logo\/image\/\"},\"sameAs\":[\"https:\/\/www.facebook.com\/Portal-Notcia-Em-Pauta-102292869264820\/\",\"https:\/\/www.instagram.com\/portalnoticiaempauta\/\"]},{\"@type\":\"Person\",\"@id\":\"https:\/\/noticiaempauta.com\/portal\/#\/schema\/person\/a74af43dd1ab3deca45f988c717d57ac\",\"name\":\"Reda\u00e7\u00e3o\",\"image\":{\"@type\":\"ImageObject\",\"inLanguage\":\"pt-BR\",\"@id\":\"https:\/\/noticiaempauta.com\/portal\/#\/schema\/person\/image\/\",\"url\":\"https:\/\/secure.gravatar.com\/avatar\/03179346ecce6cdfc13361603e8f54242a90e5cde8618fa23c5c00aa2b0aadf3?s=96&d=mm&r=g\",\"contentUrl\":\"https:\/\/secure.gravatar.com\/avatar\/03179346ecce6cdfc13361603e8f54242a90e5cde8618fa23c5c00aa2b0aadf3?s=96&d=mm&r=g\",\"caption\":\"Reda\u00e7\u00e3o\"},\"sameAs\":[\"https:\/\/noticiaempauta.com\/portal\/\"],\"url\":\"https:\/\/noticiaempauta.com\/portal\/author\/fernando\/\"}]}<\/script>\n<!-- \/ Yoast SEO Premium plugin. -->","yoast_head_json":{"title":"Rafael Fonteles fortalece rela\u00e7\u00f5es internacionais em miss\u00e3o oficial \u00e0 China - Portal Not\u00edcia em Pauta","robots":{"index":"index","follow":"follow","max-snippet":"max-snippet:-1","max-image-preview":"max-image-preview:large","max-video-preview":"max-video-preview:-1"},"canonical":"https:\/\/noticiaempauta.com\/portal\/rafael-fonteles-fortalece-relacoes-internacionais-em-missao-oficial-a-china\/","og_locale":"pt_BR","og_type":"article","og_title":"Rafael Fonteles fortalece rela\u00e7\u00f5es internacionais em miss\u00e3o oficial \u00e0 China","og_description":"O governador do Piau\u00ed, Rafael Fonteles, cumpriu agenda oficial na China com foco na consolida\u00e7\u00e3o de parcerias estrat\u00e9gicas e na amplia\u00e7\u00e3o da presen\u00e7a institucional do estado no cen\u00e1rio internacional. A visita incluiu compromissos em Xiamen, na Prov\u00edncia de Fujian, onde foi realizada a segunda reuni\u00e3o bilateral com o governador Zhao Long. O encontro marcou mais [&hellip;]","og_url":"https:\/\/noticiaempauta.com\/portal\/rafael-fonteles-fortalece-relacoes-internacionais-em-missao-oficial-a-china\/","og_site_name":"Portal Not\u00edcia em Pauta","article_publisher":"https:\/\/www.facebook.com\/Portal-Notcia-Em-Pauta-102292869264820\/","article_published_time":"2025-09-08T12:31:02+00:00","article_modified_time":"2025-09-08T12:31:03+00:00","og_image":[{"width":609,"height":480,"url":"https:\/\/noticiaempauta.com\/portal\/wp-content\/uploads\/2025\/09\/FA-IMG-c477f28b2f02c97a876b.png","type":"image\/png"}],"author":"Reda\u00e7\u00e3o","twitter_card":"summary_large_image","twitter_misc":{"Escrito por":"Reda\u00e7\u00e3o","Est. tempo de leitura":"3 minutos"},"schema":{"@context":"https:\/\/schema.org","@graph":[{"@type":"Article","@id":"https:\/\/noticiaempauta.com\/portal\/rafael-fonteles-fortalece-relacoes-internacionais-em-missao-oficial-a-china\/#article","isPartOf":{"@id":"https:\/\/noticiaempauta.com\/portal\/rafael-fonteles-fortalece-relacoes-internacionais-em-missao-oficial-a-china\/"},"author":{"name":"Reda\u00e7\u00e3o","@id":"https:\/\/noticiaempauta.com\/portal\/#\/schema\/person\/a74af43dd1ab3deca45f988c717d57ac"},"headline":"Rafael Fonteles fortalece rela\u00e7\u00f5es internacionais em miss\u00e3o oficial \u00e0 China","datePublished":"2025-09-08T12:31:02+00:00","dateModified":"2025-09-08T12:31:03+00:00","mainEntityOfPage":{"@id":"https:\/\/noticiaempauta.com\/portal\/rafael-fonteles-fortalece-relacoes-internacionais-em-missao-oficial-a-china\/"},"wordCount":432,"commentCount":0,"publisher":{"@id":"https:\/\/noticiaempauta.com\/portal\/#organization"},"image":{"@id":"https:\/\/noticiaempauta.com\/portal\/rafael-fonteles-fortalece-relacoes-internacionais-em-missao-oficial-a-china\/#primaryimage"},"thumbnailUrl":"https:\/\/noticiaempauta.com\/portal\/wp-content\/uploads\/2025\/09\/FA-IMG-c477f28b2f02c97a876b.png","keywords":["destaqueprincipal"],"articleSection":["Destaques","Geral","Todas as Not\u00edcias"],"inLanguage":"pt-BR","potentialAction":[{"@type":"CommentAction","name":"Comment","target":["https:\/\/noticiaempauta.com\/portal\/rafael-fonteles-fortalece-relacoes-internacionais-em-missao-oficial-a-china\/#respond"]}]},{"@type":"WebPage","@id":"https:\/\/noticiaempauta.com\/portal\/rafael-fonteles-fortalece-relacoes-internacionais-em-missao-oficial-a-china\/","url":"https:\/\/noticiaempauta.com\/portal\/rafael-fonteles-fortalece-relacoes-internacionais-em-missao-oficial-a-china\/","name":"Rafael Fonteles fortalece rela\u00e7\u00f5es internacionais em miss\u00e3o oficial \u00e0 China - Portal Not\u00edcia em Pauta","isPartOf":{"@id":"https:\/\/noticiaempauta.com\/portal\/#website"},"primaryImageOfPage":{"@id":"https:\/\/noticiaempauta.com\/portal\/rafael-fonteles-fortalece-relacoes-internacionais-em-missao-oficial-a-china\/#primaryimage"},"image":{"@id":"https:\/\/noticiaempauta.com\/portal\/rafael-fonteles-fortalece-relacoes-internacionais-em-missao-oficial-a-china\/#primaryimage"},"thumbnailUrl":"https:\/\/noticiaempauta.com\/portal\/wp-content\/uploads\/2025\/09\/FA-IMG-c477f28b2f02c97a876b.png","datePublished":"2025-09-08T12:31:02+00:00","dateModified":"2025-09-08T12:31:03+00:00","breadcrumb":{"@id":"https:\/\/noticiaempauta.com\/portal\/rafael-fonteles-fortalece-relacoes-internacionais-em-missao-oficial-a-china\/#breadcrumb"},"inLanguage":"pt-BR","potentialAction":[{"@type":"ReadAction","target":["https:\/\/noticiaempauta.com\/portal\/rafael-fonteles-fortalece-relacoes-internacionais-em-missao-oficial-a-china\/"]}]},{"@type":"ImageObject","inLanguage":"pt-BR","@id":"https:\/\/noticiaempauta.com\/portal\/rafael-fonteles-fortalece-relacoes-internacionais-em-missao-oficial-a-china\/#primaryimage","url":"https:\/\/noticiaempauta.com\/portal\/wp-content\/uploads\/2025\/09\/FA-IMG-c477f28b2f02c97a876b.png","contentUrl":"https:\/\/noticiaempauta.com\/portal\/wp-content\/uploads\/2025\/09\/FA-IMG-c477f28b2f02c97a876b.png","width":609,"height":480},{"@type":"BreadcrumbList","@id":"https:\/\/noticiaempauta.com\/portal\/rafael-fonteles-fortalece-relacoes-internacionais-em-missao-oficial-a-china\/#breadcrumb","itemListElement":[{"@type":"ListItem","position":1,"name":"P\u00e1gina Inicial","item":"https:\/\/noticiaempauta.com\/portal\/"},{"@type":"ListItem","position":2,"name":"Destaques","item":"https:\/\/noticiaempauta.com\/portal\/destaques-site\/"},{"@type":"ListItem","position":3,"name":"Rafael Fonteles fortalece rela\u00e7\u00f5es internacionais em miss\u00e3o oficial \u00e0 China"}]},{"@type":"WebSite","@id":"https:\/\/noticiaempauta.com\/portal\/#website","url":"https:\/\/noticiaempauta.com\/portal\/","name":"Portal Not\u00edcia em Pauta","description":"Voc\u00ea bem informado","publisher":{"@id":"https:\/\/noticiaempauta.com\/portal\/#organization"},"potentialAction":[{"@type":"SearchAction","target":{"@type":"EntryPoint","urlTemplate":"https:\/\/noticiaempauta.com\/portal\/?s={search_term_string}"},"query-input":{"@type":"PropertyValueSpecification","valueRequired":true,"valueName":"search_term_string"}}],"inLanguage":"pt-BR"},{"@type":"Organization","@id":"https:\/\/noticiaempauta.com\/portal\/#organization","name":"Portal Not\u00edcia em Pauta","url":"https:\/\/noticiaempauta.com\/portal\/","logo":{"@type":"ImageObject","inLanguage":"pt-BR","@id":"https:\/\/noticiaempauta.com\/portal\/#\/schema\/logo\/image\/","url":"https:\/\/noticiaempauta.com\/portal\/wp-content\/uploads\/2022\/08\/logomarca_tema.fw_.png","contentUrl":"https:\/\/noticiaempauta.com\/portal\/wp-content\/uploads\/2022\/08\/logomarca_tema.fw_.png","width":400,"height":232,"caption":"Portal Not\u00edcia em Pauta"},"image":{"@id":"https:\/\/noticiaempauta.com\/portal\/#\/schema\/logo\/image\/"},"sameAs":["https:\/\/www.facebook.com\/Portal-Notcia-Em-Pauta-102292869264820\/","https:\/\/www.instagram.com\/portalnoticiaempauta\/"]},{"@type":"Person","@id":"https:\/\/noticiaempauta.com\/portal\/#\/schema\/person\/a74af43dd1ab3deca45f988c717d57ac","name":"Reda\u00e7\u00e3o","image":{"@type":"ImageObject","inLanguage":"pt-BR","@id":"https:\/\/noticiaempauta.com\/portal\/#\/schema\/person\/image\/","url":"https:\/\/secure.gravatar.com\/avatar\/03179346ecce6cdfc13361603e8f54242a90e5cde8618fa23c5c00aa2b0aadf3?s=96&d=mm&r=g","contentUrl":"https:\/\/secure.gravatar.com\/avatar\/03179346ecce6cdfc13361603e8f54242a90e5cde8618fa23c5c00aa2b0aadf3?s=96&d=mm&r=g","caption":"Reda\u00e7\u00e3o"},"sameAs":["https:\/\/noticiaempauta.com\/portal\/"],"url":"https:\/\/noticiaempauta.com\/portal\/author\/fernando\/"}]}},"_links":{"self":[{"href":"https:\/\/noticiaempauta.com\/portal\/wp-json\/wp\/v2\/posts\/277683","targetHints":{"allow":["GET"]}}],"collection":[{"href":"https:\/\/noticiaempauta.com\/portal\/wp-json\/wp\/v2\/posts"}],"about":[{"href":"https:\/\/noticiaempauta.com\/portal\/wp-json\/wp\/v2\/types\/post"}],"author":[{"embeddable":true,"href":"https:\/\/noticiaempauta.com\/portal\/wp-json\/wp\/v2\/users\/2"}],"replies":[{"embeddable":true,"href":"https:\/\/noticiaempauta.com\/portal\/wp-json\/wp\/v2\/comments?post=277683"}],"version-history":[{"count":2,"href":"https:\/\/noticiaempauta.com\/portal\/wp-json\/wp\/v2\/posts\/277683\/revisions"}],"predecessor-version":[{"id":277686,"href":"https:\/\/noticiaempauta.com\/portal\/wp-json\/wp\/v2\/posts\/277683\/revisions\/277686"}],"wp:featuredmedia":[{"embeddable":true,"href":"https:\/\/noticiaempauta.com\/portal\/wp-json\/wp\/v2\/media\/277684"}],"wp:attachment":[{"href":"https:\/\/noticiaempauta.com\/portal\/wp-json\/wp\/v2\/media?parent=277683"}],"wp:term":[{"taxonomy":"category","embeddable":true,"href":"https:\/\/noticiaempauta.com\/portal\/wp-json\/wp\/v2\/categories?post=277683"},{"taxonomy":"post_tag","embeddable":true,"href":"https:\/\/noticiaempauta.com\/portal\/wp-json\/wp\/v2\/tags?post=277683"}],"curies":[{"name":"wp","href":"https:\/\/api.w.org\/{rel}","templated":true}]}}