{"id":277687,"date":"2025-09-08T10:01:00","date_gmt":"2025-09-08T13:01:00","guid":{"rendered":"https:\/\/noticiaempauta.com\/portal\/?p=277687"},"modified":"2025-09-08T10:01:00","modified_gmt":"2025-09-08T13:01:00","slug":"deputado-severo-eulalio-participa-de-conferencia-do-pcdob-em-picos","status":"publish","type":"post","link":"https:\/\/noticiaempauta.com\/portal\/deputado-severo-eulalio-participa-de-conferencia-do-pcdob-em-picos\/","title":{"rendered":"Deputado Severo Eul\u00e1lio participa de confer\u00eancia do PCdoB em Picos"},"content":{"rendered":"\n<p>O PCdoB realizou no final de semana confer\u00eancia municipal em Picos, com\u00a0 ampla parcipa\u00e7\u00e3o de militantes e filiados e tamb\u00e9m de aliados do MDB, como o deputado Severo Eul\u00e1lio, presidente da ALEPI, que fez pronunciamento destacando a hist\u00f3ria de lutas e resist\u00eancia do partido. <\/p>\n\n\n\n<figure class=\"wp-block-image size-large\"><img fetchpriority=\"high\" decoding=\"async\" width=\"1024\" height=\"686\" src=\"https:\/\/noticiaempauta.com\/portal\/wp-content\/uploads\/2025\/09\/WhatsApp-Image-2025-09-08-at-09.52.56-1024x686.jpeg\" alt=\"\" class=\"wp-image-277688\" srcset=\"https:\/\/noticiaempauta.com\/portal\/wp-content\/uploads\/2025\/09\/WhatsApp-Image-2025-09-08-at-09.52.56-1024x686.jpeg 1024w, https:\/\/noticiaempauta.com\/portal\/wp-content\/uploads\/2025\/09\/WhatsApp-Image-2025-09-08-at-09.52.56-300x201.jpeg 300w, https:\/\/noticiaempauta.com\/portal\/wp-content\/uploads\/2025\/09\/WhatsApp-Image-2025-09-08-at-09.52.56-768x514.jpeg 768w, https:\/\/noticiaempauta.com\/portal\/wp-content\/uploads\/2025\/09\/WhatsApp-Image-2025-09-08-at-09.52.56.jpeg 1045w\" sizes=\"(max-width: 1024px) 100vw, 1024px\" \/><\/figure>\n\n\n\n<p>Tamb\u00e9m presente o presidente da C\u00e2mara Municipal, vereador Rinaldinho (MDB). Presen\u00e7a ainda de v\u00e1rios l\u00edderes do PT, como o vereador Wellington Dantas, presidente do PT em Picos, Oneide Rocha. O vereador Ant\u00f4nio Moura foi eleito\u00a0 novo presidente do PCdoB de Picos.<\/p>\n\n\n\n<figure class=\"wp-block-image size-large\"><img decoding=\"async\" width=\"1024\" height=\"637\" src=\"https:\/\/noticiaempauta.com\/portal\/wp-content\/uploads\/2025\/09\/WhatsApp-Image-2025-09-08-at-09.55.23-1024x637.jpeg\" alt=\"\" class=\"wp-image-277689\" srcset=\"https:\/\/noticiaempauta.com\/portal\/wp-content\/uploads\/2025\/09\/WhatsApp-Image-2025-09-08-at-09.55.23-1024x637.jpeg 1024w, https:\/\/noticiaempauta.com\/portal\/wp-content\/uploads\/2025\/09\/WhatsApp-Image-2025-09-08-at-09.55.23-300x187.jpeg 300w, https:\/\/noticiaempauta.com\/portal\/wp-content\/uploads\/2025\/09\/WhatsApp-Image-2025-09-08-at-09.55.23-768x478.jpeg 768w, https:\/\/noticiaempauta.com\/portal\/wp-content\/uploads\/2025\/09\/WhatsApp-Image-2025-09-08-at-09.55.23.jpeg 1170w\" sizes=\"(max-width: 1024px) 100vw, 1024px\" \/><\/figure>\n\n\n\n<figure class=\"wp-block-image size-large\"><img decoding=\"async\" width=\"1024\" height=\"624\" src=\"https:\/\/noticiaempauta.com\/portal\/wp-content\/uploads\/2025\/09\/WhatsApp-Image-2025-09-08-at-09.55.22-1024x624.jpeg\" alt=\"\" class=\"wp-image-277690\" srcset=\"https:\/\/noticiaempauta.com\/portal\/wp-content\/uploads\/2025\/09\/WhatsApp-Image-2025-09-08-at-09.55.22-1024x624.jpeg 1024w, https:\/\/noticiaempauta.com\/portal\/wp-content\/uploads\/2025\/09\/WhatsApp-Image-2025-09-08-at-09.55.22-300x183.jpeg 300w, https:\/\/noticiaempauta.com\/portal\/wp-content\/uploads\/2025\/09\/WhatsApp-Image-2025-09-08-at-09.55.22-768x468.jpeg 768w, https:\/\/noticiaempauta.com\/portal\/wp-content\/uploads\/2025\/09\/WhatsApp-Image-2025-09-08-at-09.55.22.jpeg 1170w\" sizes=\"(max-width: 1024px) 100vw, 1024px\" \/><\/figure>\n\n\n\n<p>&#8220;Parabenizo toda a milit\u00e2ncia do PCdoB de Picos em nome do Camarada Edilberto e desejo bom trabalho para a nova dire\u00e7\u00e3o Municipal e ao presidente, vereador Ant\u00f4nio Moura&#8221;, disse Jos\u00e9 Carvalho, presidente estadual da sigla.<\/p>\n\n\n\n<figure class=\"wp-block-image size-large\"><img loading=\"lazy\" decoding=\"async\" width=\"1024\" height=\"642\" src=\"https:\/\/noticiaempauta.com\/portal\/wp-content\/uploads\/2025\/09\/WhatsApp-Image-2025-09-08-at-09.55.23-3-1024x642.jpeg\" alt=\"\" class=\"wp-image-277692\" srcset=\"https:\/\/noticiaempauta.com\/portal\/wp-content\/uploads\/2025\/09\/WhatsApp-Image-2025-09-08-at-09.55.23-3-1024x642.jpeg 1024w, https:\/\/noticiaempauta.com\/portal\/wp-content\/uploads\/2025\/09\/WhatsApp-Image-2025-09-08-at-09.55.23-3-300x188.jpeg 300w, https:\/\/noticiaempauta.com\/portal\/wp-content\/uploads\/2025\/09\/WhatsApp-Image-2025-09-08-at-09.55.23-3-768x481.jpeg 768w, https:\/\/noticiaempauta.com\/portal\/wp-content\/uploads\/2025\/09\/WhatsApp-Image-2025-09-08-at-09.55.23-3.jpeg 1170w\" sizes=\"(max-width: 1024px) 100vw, 1024px\" \/><\/figure>\n\n\n\n<figure class=\"wp-block-image size-large\"><img loading=\"lazy\" decoding=\"async\" width=\"866\" height=\"1024\" src=\"https:\/\/noticiaempauta.com\/portal\/wp-content\/uploads\/2025\/09\/WhatsApp-Image-2025-09-08-at-09.55.23-2-866x1024.jpeg\" alt=\"\" class=\"wp-image-277691\" srcset=\"https:\/\/noticiaempauta.com\/portal\/wp-content\/uploads\/2025\/09\/WhatsApp-Image-2025-09-08-at-09.55.23-2-866x1024.jpeg 866w, https:\/\/noticiaempauta.com\/portal\/wp-content\/uploads\/2025\/09\/WhatsApp-Image-2025-09-08-at-09.55.23-2-254x300.jpeg 254w, https:\/\/noticiaempauta.com\/portal\/wp-content\/uploads\/2025\/09\/WhatsApp-Image-2025-09-08-at-09.55.23-2-768x908.jpeg 768w, https:\/\/noticiaempauta.com\/portal\/wp-content\/uploads\/2025\/09\/WhatsApp-Image-2025-09-08-at-09.55.23-2.jpeg 1170w\" sizes=\"(max-width: 866px) 100vw, 866px\" \/><\/figure>\n\n\n\n<figure class=\"wp-block-image size-large\"><img loading=\"lazy\" decoding=\"async\" width=\"912\" height=\"1024\" src=\"https:\/\/noticiaempauta.com\/portal\/wp-content\/uploads\/2025\/09\/WhatsApp-Image-2025-09-08-at-09.55.23-1-912x1024.jpeg\" alt=\"\" class=\"wp-image-277693\" srcset=\"https:\/\/noticiaempauta.com\/portal\/wp-content\/uploads\/2025\/09\/WhatsApp-Image-2025-09-08-at-09.55.23-1-912x1024.jpeg 912w, https:\/\/noticiaempauta.com\/portal\/wp-content\/uploads\/2025\/09\/WhatsApp-Image-2025-09-08-at-09.55.23-1-267x300.jpeg 267w, https:\/\/noticiaempauta.com\/portal\/wp-content\/uploads\/2025\/09\/WhatsApp-Image-2025-09-08-at-09.55.23-1-768x862.jpeg 768w, https:\/\/noticiaempauta.com\/portal\/wp-content\/uploads\/2025\/09\/WhatsApp-Image-2025-09-08-at-09.55.23-1.jpeg 1170w\" sizes=\"(max-width: 912px) 100vw, 912px\" \/><\/figure>\n\n\n\n<p><em>(Fonte: Cidade Verde | Fotos: Ascom\/SeveroEul\u00e1lio)<\/em><\/p>\n","protected":false},"excerpt":{"rendered":"<p>O PCdoB realizou no final de semana confer\u00eancia municipal em Picos, com\u00a0 ampla parcipa\u00e7\u00e3o de militantes e filiados e tamb\u00e9m de aliados do MDB, como o deputado Severo Eul\u00e1lio, presidente da ALEPI, que fez pronunciamento destacando a hist\u00f3ria de lutas e resist\u00eancia do partido. Tamb\u00e9m presente o presidente da C\u00e2mara Municipal, vereador Rinaldinho (MDB). Presen\u00e7a [&hellip;]<\/p>\n","protected":false},"author":2,"featured_media":277689,"comment_status":"open","ping_status":"open","sticky":false,"template":"","format":"standard","meta":{"_mi_skip_tracking":false,"footnotes":""},"categories":[25,1,3,16],"tags":[],"class_list":["post-277687","post","type-post","status-publish","format-standard","has-post-thumbnail","hentry","category-destaques-site","category-geral","category-politica","category-todas"],"acf":[],"yoast_head":"<!-- This site is optimized with the Yoast SEO Premium plugin v19.2 (Yoast SEO v26.9) - https:\/\/yoast.com\/product\/yoast-seo-premium-wordpress\/ -->\n<title>Deputado Severo Eul\u00e1lio participa de confer\u00eancia do PCdoB em Picos - Portal Not\u00edcia em Pauta<\/title>\n<meta name=\"robots\" content=\"index, follow, max-snippet:-1, max-image-preview:large, max-video-preview:-1\" \/>\n<link rel=\"canonical\" href=\"https:\/\/noticiaempauta.com\/portal\/deputado-severo-eulalio-participa-de-conferencia-do-pcdob-em-picos\/\" \/>\n<meta property=\"og:locale\" content=\"pt_BR\" \/>\n<meta property=\"og:type\" content=\"article\" \/>\n<meta property=\"og:title\" content=\"Deputado Severo Eul\u00e1lio participa de confer\u00eancia do PCdoB em Picos\" \/>\n<meta property=\"og:description\" content=\"O PCdoB realizou no final de semana confer\u00eancia municipal em Picos, com\u00a0 ampla parcipa\u00e7\u00e3o de militantes e filiados e tamb\u00e9m de aliados do MDB, como o deputado Severo Eul\u00e1lio, presidente da ALEPI, que fez pronunciamento destacando a hist\u00f3ria de lutas e resist\u00eancia do partido. Tamb\u00e9m presente o presidente da C\u00e2mara Municipal, vereador Rinaldinho (MDB). Presen\u00e7a [&hellip;]\" \/>\n<meta property=\"og:url\" content=\"https:\/\/noticiaempauta.com\/portal\/deputado-severo-eulalio-participa-de-conferencia-do-pcdob-em-picos\/\" \/>\n<meta property=\"og:site_name\" content=\"Portal Not\u00edcia em Pauta\" \/>\n<meta property=\"article:publisher\" content=\"https:\/\/www.facebook.com\/Portal-Notcia-Em-Pauta-102292869264820\/\" \/>\n<meta property=\"article:published_time\" content=\"2025-09-08T13:01:00+00:00\" \/>\n<meta property=\"og:image\" content=\"https:\/\/noticiaempauta.com\/portal\/wp-content\/uploads\/2025\/09\/WhatsApp-Image-2025-09-08-at-09.55.23.jpeg\" \/>\n\t<meta property=\"og:image:width\" content=\"1170\" \/>\n\t<meta property=\"og:image:height\" content=\"728\" \/>\n\t<meta property=\"og:image:type\" content=\"image\/jpeg\" \/>\n<meta name=\"author\" content=\"Reda\u00e7\u00e3o\" \/>\n<meta name=\"twitter:card\" content=\"summary_large_image\" \/>\n<meta name=\"twitter:label1\" content=\"Escrito por\" \/>\n\t<meta name=\"twitter:data1\" content=\"Reda\u00e7\u00e3o\" \/>\n\t<meta name=\"twitter:label2\" content=\"Est. tempo de leitura\" \/>\n\t<meta name=\"twitter:data2\" content=\"3 minutos\" \/>\n<script type=\"application\/ld+json\" class=\"yoast-schema-graph\">{\"@context\":\"https:\/\/schema.org\",\"@graph\":[{\"@type\":\"Article\",\"@id\":\"https:\/\/noticiaempauta.com\/portal\/deputado-severo-eulalio-participa-de-conferencia-do-pcdob-em-picos\/#article\",\"isPartOf\":{\"@id\":\"https:\/\/noticiaempauta.com\/portal\/deputado-severo-eulalio-participa-de-conferencia-do-pcdob-em-picos\/\"},\"author\":{\"name\":\"Reda\u00e7\u00e3o\",\"@id\":\"https:\/\/noticiaempauta.com\/portal\/#\/schema\/person\/a74af43dd1ab3deca45f988c717d57ac\"},\"headline\":\"Deputado Severo Eul\u00e1lio participa de confer\u00eancia do PCdoB em Picos\",\"datePublished\":\"2025-09-08T13:01:00+00:00\",\"mainEntityOfPage\":{\"@id\":\"https:\/\/noticiaempauta.com\/portal\/deputado-severo-eulalio-participa-de-conferencia-do-pcdob-em-picos\/\"},\"wordCount\":154,\"commentCount\":0,\"publisher\":{\"@id\":\"https:\/\/noticiaempauta.com\/portal\/#organization\"},\"image\":{\"@id\":\"https:\/\/noticiaempauta.com\/portal\/deputado-severo-eulalio-participa-de-conferencia-do-pcdob-em-picos\/#primaryimage\"},\"thumbnailUrl\":\"https:\/\/noticiaempauta.com\/portal\/wp-content\/uploads\/2025\/09\/WhatsApp-Image-2025-09-08-at-09.55.23.jpeg\",\"articleSection\":[\"Destaques\",\"Geral\",\"Pol\u00edtica\",\"Todas as Not\u00edcias\"],\"inLanguage\":\"pt-BR\",\"potentialAction\":[{\"@type\":\"CommentAction\",\"name\":\"Comment\",\"target\":[\"https:\/\/noticiaempauta.com\/portal\/deputado-severo-eulalio-participa-de-conferencia-do-pcdob-em-picos\/#respond\"]}]},{\"@type\":\"WebPage\",\"@id\":\"https:\/\/noticiaempauta.com\/portal\/deputado-severo-eulalio-participa-de-conferencia-do-pcdob-em-picos\/\",\"url\":\"https:\/\/noticiaempauta.com\/portal\/deputado-severo-eulalio-participa-de-conferencia-do-pcdob-em-picos\/\",\"name\":\"Deputado Severo Eul\u00e1lio participa de confer\u00eancia do PCdoB em Picos - Portal Not\u00edcia em Pauta\",\"isPartOf\":{\"@id\":\"https:\/\/noticiaempauta.com\/portal\/#website\"},\"primaryImageOfPage\":{\"@id\":\"https:\/\/noticiaempauta.com\/portal\/deputado-severo-eulalio-participa-de-conferencia-do-pcdob-em-picos\/#primaryimage\"},\"image\":{\"@id\":\"https:\/\/noticiaempauta.com\/portal\/deputado-severo-eulalio-participa-de-conferencia-do-pcdob-em-picos\/#primaryimage\"},\"thumbnailUrl\":\"https:\/\/noticiaempauta.com\/portal\/wp-content\/uploads\/2025\/09\/WhatsApp-Image-2025-09-08-at-09.55.23.jpeg\",\"datePublished\":\"2025-09-08T13:01:00+00:00\",\"breadcrumb\":{\"@id\":\"https:\/\/noticiaempauta.com\/portal\/deputado-severo-eulalio-participa-de-conferencia-do-pcdob-em-picos\/#breadcrumb\"},\"inLanguage\":\"pt-BR\",\"potentialAction\":[{\"@type\":\"ReadAction\",\"target\":[\"https:\/\/noticiaempauta.com\/portal\/deputado-severo-eulalio-participa-de-conferencia-do-pcdob-em-picos\/\"]}]},{\"@type\":\"ImageObject\",\"inLanguage\":\"pt-BR\",\"@id\":\"https:\/\/noticiaempauta.com\/portal\/deputado-severo-eulalio-participa-de-conferencia-do-pcdob-em-picos\/#primaryimage\",\"url\":\"https:\/\/noticiaempauta.com\/portal\/wp-content\/uploads\/2025\/09\/WhatsApp-Image-2025-09-08-at-09.55.23.jpeg\",\"contentUrl\":\"https:\/\/noticiaempauta.com\/portal\/wp-content\/uploads\/2025\/09\/WhatsApp-Image-2025-09-08-at-09.55.23.jpeg\",\"width\":1170,\"height\":728},{\"@type\":\"BreadcrumbList\",\"@id\":\"https:\/\/noticiaempauta.com\/portal\/deputado-severo-eulalio-participa-de-conferencia-do-pcdob-em-picos\/#breadcrumb\",\"itemListElement\":[{\"@type\":\"ListItem\",\"position\":1,\"name\":\"P\u00e1gina Inicial\",\"item\":\"https:\/\/noticiaempauta.com\/portal\/\"},{\"@type\":\"ListItem\",\"position\":2,\"name\":\"Destaques\",\"item\":\"https:\/\/noticiaempauta.com\/portal\/destaques-site\/\"},{\"@type\":\"ListItem\",\"position\":3,\"name\":\"Deputado Severo Eul\u00e1lio participa de confer\u00eancia do PCdoB em Picos\"}]},{\"@type\":\"WebSite\",\"@id\":\"https:\/\/noticiaempauta.com\/portal\/#website\",\"url\":\"https:\/\/noticiaempauta.com\/portal\/\",\"name\":\"Portal Not\u00edcia em Pauta\",\"description\":\"Voc\u00ea bem informado\",\"publisher\":{\"@id\":\"https:\/\/noticiaempauta.com\/portal\/#organization\"},\"potentialAction\":[{\"@type\":\"SearchAction\",\"target\":{\"@type\":\"EntryPoint\",\"urlTemplate\":\"https:\/\/noticiaempauta.com\/portal\/?s={search_term_string}\"},\"query-input\":{\"@type\":\"PropertyValueSpecification\",\"valueRequired\":true,\"valueName\":\"search_term_string\"}}],\"inLanguage\":\"pt-BR\"},{\"@type\":\"Organization\",\"@id\":\"https:\/\/noticiaempauta.com\/portal\/#organization\",\"name\":\"Portal Not\u00edcia em Pauta\",\"url\":\"https:\/\/noticiaempauta.com\/portal\/\",\"logo\":{\"@type\":\"ImageObject\",\"inLanguage\":\"pt-BR\",\"@id\":\"https:\/\/noticiaempauta.com\/portal\/#\/schema\/logo\/image\/\",\"url\":\"https:\/\/noticiaempauta.com\/portal\/wp-content\/uploads\/2022\/08\/logomarca_tema.fw_.png\",\"contentUrl\":\"https:\/\/noticiaempauta.com\/portal\/wp-content\/uploads\/2022\/08\/logomarca_tema.fw_.png\",\"width\":400,\"height\":232,\"caption\":\"Portal Not\u00edcia em Pauta\"},\"image\":{\"@id\":\"https:\/\/noticiaempauta.com\/portal\/#\/schema\/logo\/image\/\"},\"sameAs\":[\"https:\/\/www.facebook.com\/Portal-Notcia-Em-Pauta-102292869264820\/\",\"https:\/\/www.instagram.com\/portalnoticiaempauta\/\"]},{\"@type\":\"Person\",\"@id\":\"https:\/\/noticiaempauta.com\/portal\/#\/schema\/person\/a74af43dd1ab3deca45f988c717d57ac\",\"name\":\"Reda\u00e7\u00e3o\",\"image\":{\"@type\":\"ImageObject\",\"inLanguage\":\"pt-BR\",\"@id\":\"https:\/\/noticiaempauta.com\/portal\/#\/schema\/person\/image\/\",\"url\":\"https:\/\/secure.gravatar.com\/avatar\/03179346ecce6cdfc13361603e8f54242a90e5cde8618fa23c5c00aa2b0aadf3?s=96&d=mm&r=g\",\"contentUrl\":\"https:\/\/secure.gravatar.com\/avatar\/03179346ecce6cdfc13361603e8f54242a90e5cde8618fa23c5c00aa2b0aadf3?s=96&d=mm&r=g\",\"caption\":\"Reda\u00e7\u00e3o\"},\"sameAs\":[\"https:\/\/noticiaempauta.com\/portal\/\"],\"url\":\"https:\/\/noticiaempauta.com\/portal\/author\/fernando\/\"}]}<\/script>\n<!-- \/ Yoast SEO Premium plugin. -->","yoast_head_json":{"title":"Deputado Severo Eul\u00e1lio participa de confer\u00eancia do PCdoB em Picos - Portal Not\u00edcia em Pauta","robots":{"index":"index","follow":"follow","max-snippet":"max-snippet:-1","max-image-preview":"max-image-preview:large","max-video-preview":"max-video-preview:-1"},"canonical":"https:\/\/noticiaempauta.com\/portal\/deputado-severo-eulalio-participa-de-conferencia-do-pcdob-em-picos\/","og_locale":"pt_BR","og_type":"article","og_title":"Deputado Severo Eul\u00e1lio participa de confer\u00eancia do PCdoB em Picos","og_description":"O PCdoB realizou no final de semana confer\u00eancia municipal em Picos, com\u00a0 ampla parcipa\u00e7\u00e3o de militantes e filiados e tamb\u00e9m de aliados do MDB, como o deputado Severo Eul\u00e1lio, presidente da ALEPI, que fez pronunciamento destacando a hist\u00f3ria de lutas e resist\u00eancia do partido. Tamb\u00e9m presente o presidente da C\u00e2mara Municipal, vereador Rinaldinho (MDB). Presen\u00e7a [&hellip;]","og_url":"https:\/\/noticiaempauta.com\/portal\/deputado-severo-eulalio-participa-de-conferencia-do-pcdob-em-picos\/","og_site_name":"Portal Not\u00edcia em Pauta","article_publisher":"https:\/\/www.facebook.com\/Portal-Notcia-Em-Pauta-102292869264820\/","article_published_time":"2025-09-08T13:01:00+00:00","og_image":[{"width":1170,"height":728,"url":"https:\/\/noticiaempauta.com\/portal\/wp-content\/uploads\/2025\/09\/WhatsApp-Image-2025-09-08-at-09.55.23.jpeg","type":"image\/jpeg"}],"author":"Reda\u00e7\u00e3o","twitter_card":"summary_large_image","twitter_misc":{"Escrito por":"Reda\u00e7\u00e3o","Est. tempo de leitura":"3 minutos"},"schema":{"@context":"https:\/\/schema.org","@graph":[{"@type":"Article","@id":"https:\/\/noticiaempauta.com\/portal\/deputado-severo-eulalio-participa-de-conferencia-do-pcdob-em-picos\/#article","isPartOf":{"@id":"https:\/\/noticiaempauta.com\/portal\/deputado-severo-eulalio-participa-de-conferencia-do-pcdob-em-picos\/"},"author":{"name":"Reda\u00e7\u00e3o","@id":"https:\/\/noticiaempauta.com\/portal\/#\/schema\/person\/a74af43dd1ab3deca45f988c717d57ac"},"headline":"Deputado Severo Eul\u00e1lio participa de confer\u00eancia do PCdoB em Picos","datePublished":"2025-09-08T13:01:00+00:00","mainEntityOfPage":{"@id":"https:\/\/noticiaempauta.com\/portal\/deputado-severo-eulalio-participa-de-conferencia-do-pcdob-em-picos\/"},"wordCount":154,"commentCount":0,"publisher":{"@id":"https:\/\/noticiaempauta.com\/portal\/#organization"},"image":{"@id":"https:\/\/noticiaempauta.com\/portal\/deputado-severo-eulalio-participa-de-conferencia-do-pcdob-em-picos\/#primaryimage"},"thumbnailUrl":"https:\/\/noticiaempauta.com\/portal\/wp-content\/uploads\/2025\/09\/WhatsApp-Image-2025-09-08-at-09.55.23.jpeg","articleSection":["Destaques","Geral","Pol\u00edtica","Todas as Not\u00edcias"],"inLanguage":"pt-BR","potentialAction":[{"@type":"CommentAction","name":"Comment","target":["https:\/\/noticiaempauta.com\/portal\/deputado-severo-eulalio-participa-de-conferencia-do-pcdob-em-picos\/#respond"]}]},{"@type":"WebPage","@id":"https:\/\/noticiaempauta.com\/portal\/deputado-severo-eulalio-participa-de-conferencia-do-pcdob-em-picos\/","url":"https:\/\/noticiaempauta.com\/portal\/deputado-severo-eulalio-participa-de-conferencia-do-pcdob-em-picos\/","name":"Deputado Severo Eul\u00e1lio participa de confer\u00eancia do PCdoB em Picos - Portal Not\u00edcia em Pauta","isPartOf":{"@id":"https:\/\/noticiaempauta.com\/portal\/#website"},"primaryImageOfPage":{"@id":"https:\/\/noticiaempauta.com\/portal\/deputado-severo-eulalio-participa-de-conferencia-do-pcdob-em-picos\/#primaryimage"},"image":{"@id":"https:\/\/noticiaempauta.com\/portal\/deputado-severo-eulalio-participa-de-conferencia-do-pcdob-em-picos\/#primaryimage"},"thumbnailUrl":"https:\/\/noticiaempauta.com\/portal\/wp-content\/uploads\/2025\/09\/WhatsApp-Image-2025-09-08-at-09.55.23.jpeg","datePublished":"2025-09-08T13:01:00+00:00","breadcrumb":{"@id":"https:\/\/noticiaempauta.com\/portal\/deputado-severo-eulalio-participa-de-conferencia-do-pcdob-em-picos\/#breadcrumb"},"inLanguage":"pt-BR","potentialAction":[{"@type":"ReadAction","target":["https:\/\/noticiaempauta.com\/portal\/deputado-severo-eulalio-participa-de-conferencia-do-pcdob-em-picos\/"]}]},{"@type":"ImageObject","inLanguage":"pt-BR","@id":"https:\/\/noticiaempauta.com\/portal\/deputado-severo-eulalio-participa-de-conferencia-do-pcdob-em-picos\/#primaryimage","url":"https:\/\/noticiaempauta.com\/portal\/wp-content\/uploads\/2025\/09\/WhatsApp-Image-2025-09-08-at-09.55.23.jpeg","contentUrl":"https:\/\/noticiaempauta.com\/portal\/wp-content\/uploads\/2025\/09\/WhatsApp-Image-2025-09-08-at-09.55.23.jpeg","width":1170,"height":728},{"@type":"BreadcrumbList","@id":"https:\/\/noticiaempauta.com\/portal\/deputado-severo-eulalio-participa-de-conferencia-do-pcdob-em-picos\/#breadcrumb","itemListElement":[{"@type":"ListItem","position":1,"name":"P\u00e1gina Inicial","item":"https:\/\/noticiaempauta.com\/portal\/"},{"@type":"ListItem","position":2,"name":"Destaques","item":"https:\/\/noticiaempauta.com\/portal\/destaques-site\/"},{"@type":"ListItem","position":3,"name":"Deputado Severo Eul\u00e1lio participa de confer\u00eancia do PCdoB em Picos"}]},{"@type":"WebSite","@id":"https:\/\/noticiaempauta.com\/portal\/#website","url":"https:\/\/noticiaempauta.com\/portal\/","name":"Portal Not\u00edcia em Pauta","description":"Voc\u00ea bem informado","publisher":{"@id":"https:\/\/noticiaempauta.com\/portal\/#organization"},"potentialAction":[{"@type":"SearchAction","target":{"@type":"EntryPoint","urlTemplate":"https:\/\/noticiaempauta.com\/portal\/?s={search_term_string}"},"query-input":{"@type":"PropertyValueSpecification","valueRequired":true,"valueName":"search_term_string"}}],"inLanguage":"pt-BR"},{"@type":"Organization","@id":"https:\/\/noticiaempauta.com\/portal\/#organization","name":"Portal Not\u00edcia em Pauta","url":"https:\/\/noticiaempauta.com\/portal\/","logo":{"@type":"ImageObject","inLanguage":"pt-BR","@id":"https:\/\/noticiaempauta.com\/portal\/#\/schema\/logo\/image\/","url":"https:\/\/noticiaempauta.com\/portal\/wp-content\/uploads\/2022\/08\/logomarca_tema.fw_.png","contentUrl":"https:\/\/noticiaempauta.com\/portal\/wp-content\/uploads\/2022\/08\/logomarca_tema.fw_.png","width":400,"height":232,"caption":"Portal Not\u00edcia em Pauta"},"image":{"@id":"https:\/\/noticiaempauta.com\/portal\/#\/schema\/logo\/image\/"},"sameAs":["https:\/\/www.facebook.com\/Portal-Notcia-Em-Pauta-102292869264820\/","https:\/\/www.instagram.com\/portalnoticiaempauta\/"]},{"@type":"Person","@id":"https:\/\/noticiaempauta.com\/portal\/#\/schema\/person\/a74af43dd1ab3deca45f988c717d57ac","name":"Reda\u00e7\u00e3o","image":{"@type":"ImageObject","inLanguage":"pt-BR","@id":"https:\/\/noticiaempauta.com\/portal\/#\/schema\/person\/image\/","url":"https:\/\/secure.gravatar.com\/avatar\/03179346ecce6cdfc13361603e8f54242a90e5cde8618fa23c5c00aa2b0aadf3?s=96&d=mm&r=g","contentUrl":"https:\/\/secure.gravatar.com\/avatar\/03179346ecce6cdfc13361603e8f54242a90e5cde8618fa23c5c00aa2b0aadf3?s=96&d=mm&r=g","caption":"Reda\u00e7\u00e3o"},"sameAs":["https:\/\/noticiaempauta.com\/portal\/"],"url":"https:\/\/noticiaempauta.com\/portal\/author\/fernando\/"}]}},"_links":{"self":[{"href":"https:\/\/noticiaempauta.com\/portal\/wp-json\/wp\/v2\/posts\/277687","targetHints":{"allow":["GET"]}}],"collection":[{"href":"https:\/\/noticiaempauta.com\/portal\/wp-json\/wp\/v2\/posts"}],"about":[{"href":"https:\/\/noticiaempauta.com\/portal\/wp-json\/wp\/v2\/types\/post"}],"author":[{"embeddable":true,"href":"https:\/\/noticiaempauta.com\/portal\/wp-json\/wp\/v2\/users\/2"}],"replies":[{"embeddable":true,"href":"https:\/\/noticiaempauta.com\/portal\/wp-json\/wp\/v2\/comments?post=277687"}],"version-history":[{"count":2,"href":"https:\/\/noticiaempauta.com\/portal\/wp-json\/wp\/v2\/posts\/277687\/revisions"}],"predecessor-version":[{"id":277695,"href":"https:\/\/noticiaempauta.com\/portal\/wp-json\/wp\/v2\/posts\/277687\/revisions\/277695"}],"wp:featuredmedia":[{"embeddable":true,"href":"https:\/\/noticiaempauta.com\/portal\/wp-json\/wp\/v2\/media\/277689"}],"wp:attachment":[{"href":"https:\/\/noticiaempauta.com\/portal\/wp-json\/wp\/v2\/media?parent=277687"}],"wp:term":[{"taxonomy":"category","embeddable":true,"href":"https:\/\/noticiaempauta.com\/portal\/wp-json\/wp\/v2\/categories?post=277687"},{"taxonomy":"post_tag","embeddable":true,"href":"https:\/\/noticiaempauta.com\/portal\/wp-json\/wp\/v2\/tags?post=277687"}],"curies":[{"name":"wp","href":"https:\/\/api.w.org\/{rel}","templated":true}]}}