{"id":277719,"date":"2025-09-09T15:24:13","date_gmt":"2025-09-09T18:24:13","guid":{"rendered":"https:\/\/noticiaempauta.com\/portal\/?p=277719"},"modified":"2025-09-09T15:34:09","modified_gmt":"2025-09-09T18:34:09","slug":"paqueta-do-piaui-recebe-novo-maquinario-e-inaugura-nova-sede-da-camara-municipal-no-proximo-sabado-13","status":"publish","type":"post","link":"https:\/\/noticiaempauta.com\/portal\/paqueta-do-piaui-recebe-novo-maquinario-e-inaugura-nova-sede-da-camara-municipal-no-proximo-sabado-13\/","title":{"rendered":"Paquet\u00e1 do Piau\u00ed recebe novo maquin\u00e1rio e inaugura nova sede da C\u00e2mara Municipal no pr\u00f3ximo s\u00e1bado (13)"},"content":{"rendered":"\n<p>O munic\u00edpio de Paquet\u00e1 do Piau\u00ed, sob a gest\u00e3o do prefeito Dr. Clayton Barros, vice-prefeito Paulo Roberto, atrav\u00e9s de parceria com os deputados Dr. Thales Coelho, J\u00falio Arcoverde e senador Marcelo Castro, foi contemplado recentemente com novo ve\u00edculo e maquin\u00e1rios para refor\u00e7ar a frota municipal, e melhorar ainda mais os servi\u00e7os p\u00fablicos no munic\u00edpio.<\/p>\n\n\n\n<figure class=\"wp-block-image size-large\"><img fetchpriority=\"high\" decoding=\"async\" width=\"997\" height=\"1024\" src=\"https:\/\/noticiaempauta.com\/portal\/wp-content\/uploads\/2025\/09\/99fbd91f-6721-47ba-a737-0818f185af43-1-1496x1536.jpeg-997x1024.webp\" alt=\"\" class=\"wp-image-277720\" srcset=\"https:\/\/noticiaempauta.com\/portal\/wp-content\/uploads\/2025\/09\/99fbd91f-6721-47ba-a737-0818f185af43-1-1496x1536.jpeg-997x1024.webp 997w, https:\/\/noticiaempauta.com\/portal\/wp-content\/uploads\/2025\/09\/99fbd91f-6721-47ba-a737-0818f185af43-1-1496x1536.jpeg-292x300.webp 292w, https:\/\/noticiaempauta.com\/portal\/wp-content\/uploads\/2025\/09\/99fbd91f-6721-47ba-a737-0818f185af43-1-1496x1536.jpeg-768x789.webp 768w, https:\/\/noticiaempauta.com\/portal\/wp-content\/uploads\/2025\/09\/99fbd91f-6721-47ba-a737-0818f185af43-1-1496x1536.jpeg.webp 1496w\" sizes=\"(max-width: 997px) 100vw, 997px\" \/><\/figure>\n\n\n\n<p>H\u00e1 pouco menos de um m\u00eas, o prefeito Dr. Clayton Barros juntamente com o deputado Dr. Thales Coelho estiveram em Teresina participando da entrega do novo ve\u00edculo e maquin\u00e1rios para o munic\u00edpio, que foi contemplado com: 01 Trator agr\u00edcola atrav\u00e9s do senador Marcelo Castro e mais 01 Caminhonete L200, 01 micro trator, kit de irriga\u00e7\u00e3o com 11 caixas d\u2019\u00c1gua de 500 litros e 30 caixas de colmeia, fruto de emenda do deputado federal J\u00falio Arcoverde, para tamb\u00e9m fortalecer a apicultura local.<\/p>\n\n\n\n<figure class=\"wp-block-image size-large\"><img decoding=\"async\" width=\"1024\" height=\"583\" src=\"https:\/\/noticiaempauta.com\/portal\/wp-content\/uploads\/2025\/09\/WhatsApp-Image-2025-08-12-at-14.47.54.jpeg-1024x583.webp\" alt=\"\" class=\"wp-image-277721\" srcset=\"https:\/\/noticiaempauta.com\/portal\/wp-content\/uploads\/2025\/09\/WhatsApp-Image-2025-08-12-at-14.47.54.jpeg-1024x583.webp 1024w, https:\/\/noticiaempauta.com\/portal\/wp-content\/uploads\/2025\/09\/WhatsApp-Image-2025-08-12-at-14.47.54.jpeg-300x171.webp 300w, https:\/\/noticiaempauta.com\/portal\/wp-content\/uploads\/2025\/09\/WhatsApp-Image-2025-08-12-at-14.47.54.jpeg-768x437.webp 768w, https:\/\/noticiaempauta.com\/portal\/wp-content\/uploads\/2025\/09\/WhatsApp-Image-2025-08-12-at-14.47.54.jpeg.webp 1038w\" sizes=\"(max-width: 1024px) 100vw, 1024px\" \/><\/figure>\n\n\n\n<p>No pr\u00f3ximo s\u00e1bado,13 de setembro, a gest\u00e3o municipal realizar\u00e1 um momento solene \u00e0s 15h, para entrega oficial do novo refor\u00e7o adquirido para a frota municipal, em seguida haver\u00e1 a inaugura\u00e7\u00e3o na nova sede da C\u00e2mara Municipal de Paquet\u00e1 do Piau\u00ed.<\/p>\n\n\n\n<figure class=\"wp-block-image size-large\"><img decoding=\"async\" width=\"1024\" height=\"576\" src=\"https:\/\/noticiaempauta.com\/portal\/wp-content\/uploads\/2025\/09\/paqueta-1024x576.jpeg\" alt=\"\" class=\"wp-image-277728\" srcset=\"https:\/\/noticiaempauta.com\/portal\/wp-content\/uploads\/2025\/09\/paqueta-1024x576.jpeg 1024w, https:\/\/noticiaempauta.com\/portal\/wp-content\/uploads\/2025\/09\/paqueta-300x169.jpeg 300w, https:\/\/noticiaempauta.com\/portal\/wp-content\/uploads\/2025\/09\/paqueta-768x432.jpeg 768w, https:\/\/noticiaempauta.com\/portal\/wp-content\/uploads\/2025\/09\/paqueta-1536x864.jpeg 1536w, https:\/\/noticiaempauta.com\/portal\/wp-content\/uploads\/2025\/09\/paqueta.jpeg 1600w\" sizes=\"(max-width: 1024px) 100vw, 1024px\" \/><\/figure>\n\n\n\n<p>O prefeito do munic\u00edpio, Dr. Clayton Barros, refor\u00e7a o convite a popula\u00e7\u00e3o para prestigiar esse importante marco na hist\u00f3ria local, segundo o gestor os investimentos recebidos para o munic\u00edpio s\u00e3o essenciais para fortalecer a agricultura local, pois s\u00e3o equipamentos que contribuem no dia a dia das demandas da popula\u00e7\u00e3o, al\u00e9m de impulsionar a produ\u00e7\u00e3o da agricultura familiar nas comunidades, bem como a entrega das novas instala\u00e7\u00f5es do poder legislativo, que passa a contar com pr\u00e9dio pr\u00f3prio e disponibilizar\u00e1 de mais espa\u00e7o e otimiza\u00e7\u00e3o dos trabalhos da C\u00e2mara Municipal.<\/p>\n\n\n\n<figure class=\"wp-block-image size-large\"><img loading=\"lazy\" decoding=\"async\" width=\"738\" height=\"1024\" src=\"https:\/\/noticiaempauta.com\/portal\/wp-content\/uploads\/2025\/09\/WhatsApp-Image-2025-09-09-at-15.33.07-738x1024.jpeg\" alt=\"\" class=\"wp-image-277732\" srcset=\"https:\/\/noticiaempauta.com\/portal\/wp-content\/uploads\/2025\/09\/WhatsApp-Image-2025-09-09-at-15.33.07-738x1024.jpeg 738w, https:\/\/noticiaempauta.com\/portal\/wp-content\/uploads\/2025\/09\/WhatsApp-Image-2025-09-09-at-15.33.07-216x300.jpeg 216w, https:\/\/noticiaempauta.com\/portal\/wp-content\/uploads\/2025\/09\/WhatsApp-Image-2025-09-09-at-15.33.07-768x1065.jpeg 768w, https:\/\/noticiaempauta.com\/portal\/wp-content\/uploads\/2025\/09\/WhatsApp-Image-2025-09-09-at-15.33.07.jpeg 923w\" sizes=\"(max-width: 738px) 100vw, 738px\" \/><\/figure>\n","protected":false},"excerpt":{"rendered":"<p>O munic\u00edpio de Paquet\u00e1 do Piau\u00ed, sob a gest\u00e3o do prefeito Dr. Clayton Barros, vice-prefeito Paulo Roberto, atrav\u00e9s de parceria com os deputados Dr. Thales Coelho, J\u00falio Arcoverde e senador Marcelo Castro, foi contemplado recentemente com novo ve\u00edculo e maquin\u00e1rios para refor\u00e7ar a frota municipal, e melhorar ainda mais os servi\u00e7os p\u00fablicos no munic\u00edpio. H\u00e1 [&hellip;]<\/p>\n","protected":false},"author":2,"featured_media":277728,"comment_status":"open","ping_status":"open","sticky":false,"template":"","format":"standard","meta":{"_mi_skip_tracking":false,"footnotes":""},"categories":[25,1,9,16],"tags":[],"class_list":["post-277719","post","type-post","status-publish","format-standard","has-post-thumbnail","hentry","category-destaques-site","category-geral","category-municipios","category-todas"],"acf":[],"yoast_head":"<!-- This site is optimized with the Yoast SEO Premium plugin v19.2 (Yoast SEO v26.9) - https:\/\/yoast.com\/product\/yoast-seo-premium-wordpress\/ -->\n<title>Paquet\u00e1 do Piau\u00ed recebe novo maquin\u00e1rio e inaugura nova sede da C\u00e2mara Municipal no pr\u00f3ximo s\u00e1bado (13) - Portal Not\u00edcia em Pauta<\/title>\n<meta name=\"robots\" content=\"index, follow, max-snippet:-1, max-image-preview:large, max-video-preview:-1\" \/>\n<link rel=\"canonical\" href=\"https:\/\/noticiaempauta.com\/portal\/paqueta-do-piaui-recebe-novo-maquinario-e-inaugura-nova-sede-da-camara-municipal-no-proximo-sabado-13\/\" \/>\n<meta property=\"og:locale\" content=\"pt_BR\" \/>\n<meta property=\"og:type\" content=\"article\" \/>\n<meta property=\"og:title\" content=\"Paquet\u00e1 do Piau\u00ed recebe novo maquin\u00e1rio e inaugura nova sede da C\u00e2mara Municipal no pr\u00f3ximo s\u00e1bado (13)\" \/>\n<meta property=\"og:description\" content=\"O munic\u00edpio de Paquet\u00e1 do Piau\u00ed, sob a gest\u00e3o do prefeito Dr. Clayton Barros, vice-prefeito Paulo Roberto, atrav\u00e9s de parceria com os deputados Dr. Thales Coelho, J\u00falio Arcoverde e senador Marcelo Castro, foi contemplado recentemente com novo ve\u00edculo e maquin\u00e1rios para refor\u00e7ar a frota municipal, e melhorar ainda mais os servi\u00e7os p\u00fablicos no munic\u00edpio. H\u00e1 [&hellip;]\" \/>\n<meta property=\"og:url\" content=\"https:\/\/noticiaempauta.com\/portal\/paqueta-do-piaui-recebe-novo-maquinario-e-inaugura-nova-sede-da-camara-municipal-no-proximo-sabado-13\/\" \/>\n<meta property=\"og:site_name\" content=\"Portal Not\u00edcia em Pauta\" \/>\n<meta property=\"article:publisher\" content=\"https:\/\/www.facebook.com\/Portal-Notcia-Em-Pauta-102292869264820\/\" \/>\n<meta property=\"article:published_time\" content=\"2025-09-09T18:24:13+00:00\" \/>\n<meta property=\"article:modified_time\" content=\"2025-09-09T18:34:09+00:00\" \/>\n<meta property=\"og:image\" content=\"https:\/\/noticiaempauta.com\/portal\/wp-content\/uploads\/2025\/09\/paqueta.jpeg\" \/>\n\t<meta property=\"og:image:width\" content=\"1600\" \/>\n\t<meta property=\"og:image:height\" content=\"900\" \/>\n\t<meta property=\"og:image:type\" content=\"image\/jpeg\" \/>\n<meta name=\"author\" content=\"Reda\u00e7\u00e3o\" \/>\n<meta name=\"twitter:card\" content=\"summary_large_image\" \/>\n<meta name=\"twitter:label1\" content=\"Escrito por\" \/>\n\t<meta name=\"twitter:data1\" content=\"Reda\u00e7\u00e3o\" \/>\n\t<meta name=\"twitter:label2\" content=\"Est. tempo de leitura\" \/>\n\t<meta name=\"twitter:data2\" content=\"3 minutos\" \/>\n<script type=\"application\/ld+json\" class=\"yoast-schema-graph\">{\"@context\":\"https:\/\/schema.org\",\"@graph\":[{\"@type\":\"Article\",\"@id\":\"https:\/\/noticiaempauta.com\/portal\/paqueta-do-piaui-recebe-novo-maquinario-e-inaugura-nova-sede-da-camara-municipal-no-proximo-sabado-13\/#article\",\"isPartOf\":{\"@id\":\"https:\/\/noticiaempauta.com\/portal\/paqueta-do-piaui-recebe-novo-maquinario-e-inaugura-nova-sede-da-camara-municipal-no-proximo-sabado-13\/\"},\"author\":{\"name\":\"Reda\u00e7\u00e3o\",\"@id\":\"https:\/\/noticiaempauta.com\/portal\/#\/schema\/person\/a74af43dd1ab3deca45f988c717d57ac\"},\"headline\":\"Paquet\u00e1 do Piau\u00ed recebe novo maquin\u00e1rio e inaugura nova sede da C\u00e2mara Municipal no pr\u00f3ximo s\u00e1bado (13)\",\"datePublished\":\"2025-09-09T18:24:13+00:00\",\"dateModified\":\"2025-09-09T18:34:09+00:00\",\"mainEntityOfPage\":{\"@id\":\"https:\/\/noticiaempauta.com\/portal\/paqueta-do-piaui-recebe-novo-maquinario-e-inaugura-nova-sede-da-camara-municipal-no-proximo-sabado-13\/\"},\"wordCount\":319,\"commentCount\":0,\"publisher\":{\"@id\":\"https:\/\/noticiaempauta.com\/portal\/#organization\"},\"image\":{\"@id\":\"https:\/\/noticiaempauta.com\/portal\/paqueta-do-piaui-recebe-novo-maquinario-e-inaugura-nova-sede-da-camara-municipal-no-proximo-sabado-13\/#primaryimage\"},\"thumbnailUrl\":\"https:\/\/noticiaempauta.com\/portal\/wp-content\/uploads\/2025\/09\/paqueta.jpeg\",\"articleSection\":[\"Destaques\",\"Geral\",\"Munic\u00edpios\",\"Todas as Not\u00edcias\"],\"inLanguage\":\"pt-BR\",\"potentialAction\":[{\"@type\":\"CommentAction\",\"name\":\"Comment\",\"target\":[\"https:\/\/noticiaempauta.com\/portal\/paqueta-do-piaui-recebe-novo-maquinario-e-inaugura-nova-sede-da-camara-municipal-no-proximo-sabado-13\/#respond\"]}]},{\"@type\":\"WebPage\",\"@id\":\"https:\/\/noticiaempauta.com\/portal\/paqueta-do-piaui-recebe-novo-maquinario-e-inaugura-nova-sede-da-camara-municipal-no-proximo-sabado-13\/\",\"url\":\"https:\/\/noticiaempauta.com\/portal\/paqueta-do-piaui-recebe-novo-maquinario-e-inaugura-nova-sede-da-camara-municipal-no-proximo-sabado-13\/\",\"name\":\"Paquet\u00e1 do Piau\u00ed recebe novo maquin\u00e1rio e inaugura nova sede da C\u00e2mara Municipal no pr\u00f3ximo s\u00e1bado (13) - Portal Not\u00edcia em Pauta\",\"isPartOf\":{\"@id\":\"https:\/\/noticiaempauta.com\/portal\/#website\"},\"primaryImageOfPage\":{\"@id\":\"https:\/\/noticiaempauta.com\/portal\/paqueta-do-piaui-recebe-novo-maquinario-e-inaugura-nova-sede-da-camara-municipal-no-proximo-sabado-13\/#primaryimage\"},\"image\":{\"@id\":\"https:\/\/noticiaempauta.com\/portal\/paqueta-do-piaui-recebe-novo-maquinario-e-inaugura-nova-sede-da-camara-municipal-no-proximo-sabado-13\/#primaryimage\"},\"thumbnailUrl\":\"https:\/\/noticiaempauta.com\/portal\/wp-content\/uploads\/2025\/09\/paqueta.jpeg\",\"datePublished\":\"2025-09-09T18:24:13+00:00\",\"dateModified\":\"2025-09-09T18:34:09+00:00\",\"breadcrumb\":{\"@id\":\"https:\/\/noticiaempauta.com\/portal\/paqueta-do-piaui-recebe-novo-maquinario-e-inaugura-nova-sede-da-camara-municipal-no-proximo-sabado-13\/#breadcrumb\"},\"inLanguage\":\"pt-BR\",\"potentialAction\":[{\"@type\":\"ReadAction\",\"target\":[\"https:\/\/noticiaempauta.com\/portal\/paqueta-do-piaui-recebe-novo-maquinario-e-inaugura-nova-sede-da-camara-municipal-no-proximo-sabado-13\/\"]}]},{\"@type\":\"ImageObject\",\"inLanguage\":\"pt-BR\",\"@id\":\"https:\/\/noticiaempauta.com\/portal\/paqueta-do-piaui-recebe-novo-maquinario-e-inaugura-nova-sede-da-camara-municipal-no-proximo-sabado-13\/#primaryimage\",\"url\":\"https:\/\/noticiaempauta.com\/portal\/wp-content\/uploads\/2025\/09\/paqueta.jpeg\",\"contentUrl\":\"https:\/\/noticiaempauta.com\/portal\/wp-content\/uploads\/2025\/09\/paqueta.jpeg\",\"width\":1600,\"height\":900},{\"@type\":\"BreadcrumbList\",\"@id\":\"https:\/\/noticiaempauta.com\/portal\/paqueta-do-piaui-recebe-novo-maquinario-e-inaugura-nova-sede-da-camara-municipal-no-proximo-sabado-13\/#breadcrumb\",\"itemListElement\":[{\"@type\":\"ListItem\",\"position\":1,\"name\":\"P\u00e1gina Inicial\",\"item\":\"https:\/\/noticiaempauta.com\/portal\/\"},{\"@type\":\"ListItem\",\"position\":2,\"name\":\"Geral\",\"item\":\"https:\/\/noticiaempauta.com\/portal\/geral\/\"},{\"@type\":\"ListItem\",\"position\":3,\"name\":\"Paquet\u00e1 do Piau\u00ed recebe novo maquin\u00e1rio e inaugura nova sede da C\u00e2mara Municipal no pr\u00f3ximo s\u00e1bado (13)\"}]},{\"@type\":\"WebSite\",\"@id\":\"https:\/\/noticiaempauta.com\/portal\/#website\",\"url\":\"https:\/\/noticiaempauta.com\/portal\/\",\"name\":\"Portal Not\u00edcia em Pauta\",\"description\":\"Voc\u00ea bem informado\",\"publisher\":{\"@id\":\"https:\/\/noticiaempauta.com\/portal\/#organization\"},\"potentialAction\":[{\"@type\":\"SearchAction\",\"target\":{\"@type\":\"EntryPoint\",\"urlTemplate\":\"https:\/\/noticiaempauta.com\/portal\/?s={search_term_string}\"},\"query-input\":{\"@type\":\"PropertyValueSpecification\",\"valueRequired\":true,\"valueName\":\"search_term_string\"}}],\"inLanguage\":\"pt-BR\"},{\"@type\":\"Organization\",\"@id\":\"https:\/\/noticiaempauta.com\/portal\/#organization\",\"name\":\"Portal Not\u00edcia em Pauta\",\"url\":\"https:\/\/noticiaempauta.com\/portal\/\",\"logo\":{\"@type\":\"ImageObject\",\"inLanguage\":\"pt-BR\",\"@id\":\"https:\/\/noticiaempauta.com\/portal\/#\/schema\/logo\/image\/\",\"url\":\"https:\/\/noticiaempauta.com\/portal\/wp-content\/uploads\/2022\/08\/logomarca_tema.fw_.png\",\"contentUrl\":\"https:\/\/noticiaempauta.com\/portal\/wp-content\/uploads\/2022\/08\/logomarca_tema.fw_.png\",\"width\":400,\"height\":232,\"caption\":\"Portal Not\u00edcia em Pauta\"},\"image\":{\"@id\":\"https:\/\/noticiaempauta.com\/portal\/#\/schema\/logo\/image\/\"},\"sameAs\":[\"https:\/\/www.facebook.com\/Portal-Notcia-Em-Pauta-102292869264820\/\",\"https:\/\/www.instagram.com\/portalnoticiaempauta\/\"]},{\"@type\":\"Person\",\"@id\":\"https:\/\/noticiaempauta.com\/portal\/#\/schema\/person\/a74af43dd1ab3deca45f988c717d57ac\",\"name\":\"Reda\u00e7\u00e3o\",\"image\":{\"@type\":\"ImageObject\",\"inLanguage\":\"pt-BR\",\"@id\":\"https:\/\/noticiaempauta.com\/portal\/#\/schema\/person\/image\/\",\"url\":\"https:\/\/secure.gravatar.com\/avatar\/03179346ecce6cdfc13361603e8f54242a90e5cde8618fa23c5c00aa2b0aadf3?s=96&d=mm&r=g\",\"contentUrl\":\"https:\/\/secure.gravatar.com\/avatar\/03179346ecce6cdfc13361603e8f54242a90e5cde8618fa23c5c00aa2b0aadf3?s=96&d=mm&r=g\",\"caption\":\"Reda\u00e7\u00e3o\"},\"sameAs\":[\"https:\/\/noticiaempauta.com\/portal\/\"],\"url\":\"https:\/\/noticiaempauta.com\/portal\/author\/fernando\/\"}]}<\/script>\n<!-- \/ Yoast SEO Premium plugin. -->","yoast_head_json":{"title":"Paquet\u00e1 do Piau\u00ed recebe novo maquin\u00e1rio e inaugura nova sede da C\u00e2mara Municipal no pr\u00f3ximo s\u00e1bado (13) - Portal Not\u00edcia em Pauta","robots":{"index":"index","follow":"follow","max-snippet":"max-snippet:-1","max-image-preview":"max-image-preview:large","max-video-preview":"max-video-preview:-1"},"canonical":"https:\/\/noticiaempauta.com\/portal\/paqueta-do-piaui-recebe-novo-maquinario-e-inaugura-nova-sede-da-camara-municipal-no-proximo-sabado-13\/","og_locale":"pt_BR","og_type":"article","og_title":"Paquet\u00e1 do Piau\u00ed recebe novo maquin\u00e1rio e inaugura nova sede da C\u00e2mara Municipal no pr\u00f3ximo s\u00e1bado (13)","og_description":"O munic\u00edpio de Paquet\u00e1 do Piau\u00ed, sob a gest\u00e3o do prefeito Dr. Clayton Barros, vice-prefeito Paulo Roberto, atrav\u00e9s de parceria com os deputados Dr. Thales Coelho, J\u00falio Arcoverde e senador Marcelo Castro, foi contemplado recentemente com novo ve\u00edculo e maquin\u00e1rios para refor\u00e7ar a frota municipal, e melhorar ainda mais os servi\u00e7os p\u00fablicos no munic\u00edpio. H\u00e1 [&hellip;]","og_url":"https:\/\/noticiaempauta.com\/portal\/paqueta-do-piaui-recebe-novo-maquinario-e-inaugura-nova-sede-da-camara-municipal-no-proximo-sabado-13\/","og_site_name":"Portal Not\u00edcia em Pauta","article_publisher":"https:\/\/www.facebook.com\/Portal-Notcia-Em-Pauta-102292869264820\/","article_published_time":"2025-09-09T18:24:13+00:00","article_modified_time":"2025-09-09T18:34:09+00:00","og_image":[{"width":1600,"height":900,"url":"https:\/\/noticiaempauta.com\/portal\/wp-content\/uploads\/2025\/09\/paqueta.jpeg","type":"image\/jpeg"}],"author":"Reda\u00e7\u00e3o","twitter_card":"summary_large_image","twitter_misc":{"Escrito por":"Reda\u00e7\u00e3o","Est. tempo de leitura":"3 minutos"},"schema":{"@context":"https:\/\/schema.org","@graph":[{"@type":"Article","@id":"https:\/\/noticiaempauta.com\/portal\/paqueta-do-piaui-recebe-novo-maquinario-e-inaugura-nova-sede-da-camara-municipal-no-proximo-sabado-13\/#article","isPartOf":{"@id":"https:\/\/noticiaempauta.com\/portal\/paqueta-do-piaui-recebe-novo-maquinario-e-inaugura-nova-sede-da-camara-municipal-no-proximo-sabado-13\/"},"author":{"name":"Reda\u00e7\u00e3o","@id":"https:\/\/noticiaempauta.com\/portal\/#\/schema\/person\/a74af43dd1ab3deca45f988c717d57ac"},"headline":"Paquet\u00e1 do Piau\u00ed recebe novo maquin\u00e1rio e inaugura nova sede da C\u00e2mara Municipal no pr\u00f3ximo s\u00e1bado (13)","datePublished":"2025-09-09T18:24:13+00:00","dateModified":"2025-09-09T18:34:09+00:00","mainEntityOfPage":{"@id":"https:\/\/noticiaempauta.com\/portal\/paqueta-do-piaui-recebe-novo-maquinario-e-inaugura-nova-sede-da-camara-municipal-no-proximo-sabado-13\/"},"wordCount":319,"commentCount":0,"publisher":{"@id":"https:\/\/noticiaempauta.com\/portal\/#organization"},"image":{"@id":"https:\/\/noticiaempauta.com\/portal\/paqueta-do-piaui-recebe-novo-maquinario-e-inaugura-nova-sede-da-camara-municipal-no-proximo-sabado-13\/#primaryimage"},"thumbnailUrl":"https:\/\/noticiaempauta.com\/portal\/wp-content\/uploads\/2025\/09\/paqueta.jpeg","articleSection":["Destaques","Geral","Munic\u00edpios","Todas as Not\u00edcias"],"inLanguage":"pt-BR","potentialAction":[{"@type":"CommentAction","name":"Comment","target":["https:\/\/noticiaempauta.com\/portal\/paqueta-do-piaui-recebe-novo-maquinario-e-inaugura-nova-sede-da-camara-municipal-no-proximo-sabado-13\/#respond"]}]},{"@type":"WebPage","@id":"https:\/\/noticiaempauta.com\/portal\/paqueta-do-piaui-recebe-novo-maquinario-e-inaugura-nova-sede-da-camara-municipal-no-proximo-sabado-13\/","url":"https:\/\/noticiaempauta.com\/portal\/paqueta-do-piaui-recebe-novo-maquinario-e-inaugura-nova-sede-da-camara-municipal-no-proximo-sabado-13\/","name":"Paquet\u00e1 do Piau\u00ed recebe novo maquin\u00e1rio e inaugura nova sede da C\u00e2mara Municipal no pr\u00f3ximo s\u00e1bado (13) - Portal Not\u00edcia em Pauta","isPartOf":{"@id":"https:\/\/noticiaempauta.com\/portal\/#website"},"primaryImageOfPage":{"@id":"https:\/\/noticiaempauta.com\/portal\/paqueta-do-piaui-recebe-novo-maquinario-e-inaugura-nova-sede-da-camara-municipal-no-proximo-sabado-13\/#primaryimage"},"image":{"@id":"https:\/\/noticiaempauta.com\/portal\/paqueta-do-piaui-recebe-novo-maquinario-e-inaugura-nova-sede-da-camara-municipal-no-proximo-sabado-13\/#primaryimage"},"thumbnailUrl":"https:\/\/noticiaempauta.com\/portal\/wp-content\/uploads\/2025\/09\/paqueta.jpeg","datePublished":"2025-09-09T18:24:13+00:00","dateModified":"2025-09-09T18:34:09+00:00","breadcrumb":{"@id":"https:\/\/noticiaempauta.com\/portal\/paqueta-do-piaui-recebe-novo-maquinario-e-inaugura-nova-sede-da-camara-municipal-no-proximo-sabado-13\/#breadcrumb"},"inLanguage":"pt-BR","potentialAction":[{"@type":"ReadAction","target":["https:\/\/noticiaempauta.com\/portal\/paqueta-do-piaui-recebe-novo-maquinario-e-inaugura-nova-sede-da-camara-municipal-no-proximo-sabado-13\/"]}]},{"@type":"ImageObject","inLanguage":"pt-BR","@id":"https:\/\/noticiaempauta.com\/portal\/paqueta-do-piaui-recebe-novo-maquinario-e-inaugura-nova-sede-da-camara-municipal-no-proximo-sabado-13\/#primaryimage","url":"https:\/\/noticiaempauta.com\/portal\/wp-content\/uploads\/2025\/09\/paqueta.jpeg","contentUrl":"https:\/\/noticiaempauta.com\/portal\/wp-content\/uploads\/2025\/09\/paqueta.jpeg","width":1600,"height":900},{"@type":"BreadcrumbList","@id":"https:\/\/noticiaempauta.com\/portal\/paqueta-do-piaui-recebe-novo-maquinario-e-inaugura-nova-sede-da-camara-municipal-no-proximo-sabado-13\/#breadcrumb","itemListElement":[{"@type":"ListItem","position":1,"name":"P\u00e1gina Inicial","item":"https:\/\/noticiaempauta.com\/portal\/"},{"@type":"ListItem","position":2,"name":"Geral","item":"https:\/\/noticiaempauta.com\/portal\/geral\/"},{"@type":"ListItem","position":3,"name":"Paquet\u00e1 do Piau\u00ed recebe novo maquin\u00e1rio e inaugura nova sede da C\u00e2mara Municipal no pr\u00f3ximo s\u00e1bado (13)"}]},{"@type":"WebSite","@id":"https:\/\/noticiaempauta.com\/portal\/#website","url":"https:\/\/noticiaempauta.com\/portal\/","name":"Portal Not\u00edcia em Pauta","description":"Voc\u00ea bem informado","publisher":{"@id":"https:\/\/noticiaempauta.com\/portal\/#organization"},"potentialAction":[{"@type":"SearchAction","target":{"@type":"EntryPoint","urlTemplate":"https:\/\/noticiaempauta.com\/portal\/?s={search_term_string}"},"query-input":{"@type":"PropertyValueSpecification","valueRequired":true,"valueName":"search_term_string"}}],"inLanguage":"pt-BR"},{"@type":"Organization","@id":"https:\/\/noticiaempauta.com\/portal\/#organization","name":"Portal Not\u00edcia em Pauta","url":"https:\/\/noticiaempauta.com\/portal\/","logo":{"@type":"ImageObject","inLanguage":"pt-BR","@id":"https:\/\/noticiaempauta.com\/portal\/#\/schema\/logo\/image\/","url":"https:\/\/noticiaempauta.com\/portal\/wp-content\/uploads\/2022\/08\/logomarca_tema.fw_.png","contentUrl":"https:\/\/noticiaempauta.com\/portal\/wp-content\/uploads\/2022\/08\/logomarca_tema.fw_.png","width":400,"height":232,"caption":"Portal Not\u00edcia em Pauta"},"image":{"@id":"https:\/\/noticiaempauta.com\/portal\/#\/schema\/logo\/image\/"},"sameAs":["https:\/\/www.facebook.com\/Portal-Notcia-Em-Pauta-102292869264820\/","https:\/\/www.instagram.com\/portalnoticiaempauta\/"]},{"@type":"Person","@id":"https:\/\/noticiaempauta.com\/portal\/#\/schema\/person\/a74af43dd1ab3deca45f988c717d57ac","name":"Reda\u00e7\u00e3o","image":{"@type":"ImageObject","inLanguage":"pt-BR","@id":"https:\/\/noticiaempauta.com\/portal\/#\/schema\/person\/image\/","url":"https:\/\/secure.gravatar.com\/avatar\/03179346ecce6cdfc13361603e8f54242a90e5cde8618fa23c5c00aa2b0aadf3?s=96&d=mm&r=g","contentUrl":"https:\/\/secure.gravatar.com\/avatar\/03179346ecce6cdfc13361603e8f54242a90e5cde8618fa23c5c00aa2b0aadf3?s=96&d=mm&r=g","caption":"Reda\u00e7\u00e3o"},"sameAs":["https:\/\/noticiaempauta.com\/portal\/"],"url":"https:\/\/noticiaempauta.com\/portal\/author\/fernando\/"}]}},"_links":{"self":[{"href":"https:\/\/noticiaempauta.com\/portal\/wp-json\/wp\/v2\/posts\/277719","targetHints":{"allow":["GET"]}}],"collection":[{"href":"https:\/\/noticiaempauta.com\/portal\/wp-json\/wp\/v2\/posts"}],"about":[{"href":"https:\/\/noticiaempauta.com\/portal\/wp-json\/wp\/v2\/types\/post"}],"author":[{"embeddable":true,"href":"https:\/\/noticiaempauta.com\/portal\/wp-json\/wp\/v2\/users\/2"}],"replies":[{"embeddable":true,"href":"https:\/\/noticiaempauta.com\/portal\/wp-json\/wp\/v2\/comments?post=277719"}],"version-history":[{"count":4,"href":"https:\/\/noticiaempauta.com\/portal\/wp-json\/wp\/v2\/posts\/277719\/revisions"}],"predecessor-version":[{"id":277733,"href":"https:\/\/noticiaempauta.com\/portal\/wp-json\/wp\/v2\/posts\/277719\/revisions\/277733"}],"wp:featuredmedia":[{"embeddable":true,"href":"https:\/\/noticiaempauta.com\/portal\/wp-json\/wp\/v2\/media\/277728"}],"wp:attachment":[{"href":"https:\/\/noticiaempauta.com\/portal\/wp-json\/wp\/v2\/media?parent=277719"}],"wp:term":[{"taxonomy":"category","embeddable":true,"href":"https:\/\/noticiaempauta.com\/portal\/wp-json\/wp\/v2\/categories?post=277719"},{"taxonomy":"post_tag","embeddable":true,"href":"https:\/\/noticiaempauta.com\/portal\/wp-json\/wp\/v2\/tags?post=277719"}],"curies":[{"name":"wp","href":"https:\/\/api.w.org\/{rel}","templated":true}]}}