{"id":277735,"date":"2025-09-09T16:52:25","date_gmt":"2025-09-09T19:52:25","guid":{"rendered":"https:\/\/noticiaempauta.com\/portal\/?p=277735"},"modified":"2025-09-09T16:52:25","modified_gmt":"2025-09-09T19:52:25","slug":"prefeitura-de-aroeiras-do-itaim-realiza-blitz-educativa-contra-queimadas-e-reforca-fiscalizacao-ambiental","status":"publish","type":"post","link":"https:\/\/noticiaempauta.com\/portal\/prefeitura-de-aroeiras-do-itaim-realiza-blitz-educativa-contra-queimadas-e-reforca-fiscalizacao-ambiental\/","title":{"rendered":"Prefeitura de Aroeiras do Itaim realiza blitz educativa contra queimadas e refor\u00e7a fiscaliza\u00e7\u00e3o ambiental"},"content":{"rendered":"\n<p>A Prefeitura de Aroeiras do Itaim, por meio da Secretaria Municipal de Meio Ambiente, realizou ontem uma blitz educativa com o objetivo de conscientizar a popula\u00e7\u00e3o sobre os riscos das queimadas e os preju\u00edzos causados pelo descarte irregular de lixo. <\/p>\n\n\n\n<figure class=\"wp-block-image size-large\"><img fetchpriority=\"high\" decoding=\"async\" width=\"1024\" height=\"576\" src=\"https:\/\/noticiaempauta.com\/portal\/wp-content\/uploads\/2025\/09\/WhatsApp-Image-2025-09-09-at-16.45.46-1024x576.jpeg\" alt=\"\" class=\"wp-image-277736\" srcset=\"https:\/\/noticiaempauta.com\/portal\/wp-content\/uploads\/2025\/09\/WhatsApp-Image-2025-09-09-at-16.45.46-1024x576.jpeg 1024w, https:\/\/noticiaempauta.com\/portal\/wp-content\/uploads\/2025\/09\/WhatsApp-Image-2025-09-09-at-16.45.46-300x169.jpeg 300w, https:\/\/noticiaempauta.com\/portal\/wp-content\/uploads\/2025\/09\/WhatsApp-Image-2025-09-09-at-16.45.46-768x432.jpeg 768w, https:\/\/noticiaempauta.com\/portal\/wp-content\/uploads\/2025\/09\/WhatsApp-Image-2025-09-09-at-16.45.46-1536x864.jpeg 1536w, https:\/\/noticiaempauta.com\/portal\/wp-content\/uploads\/2025\/09\/WhatsApp-Image-2025-09-09-at-16.45.46.jpeg 1600w\" sizes=\"(max-width: 1024px) 100vw, 1024px\" \/><\/figure>\n\n\n\n<p>Durante a a\u00e7\u00e3o, agentes ambientais distribu\u00edram materiais informativos, orientaram motoristas e pedestres e destacaram a import\u00e2ncia de adotar pr\u00e1ticas respons\u00e1veis no cuidado com a natureza.<br>Como parte da iniciativa, foram instaladas placas em pontos estrat\u00e9gicos do munic\u00edpio, alertando sobre a proibi\u00e7\u00e3o de jogar lixo em vias p\u00fablicas e \u00e1reas abertas. <\/p>\n\n\n\n<figure class=\"wp-block-image size-large\"><img decoding=\"async\" width=\"1024\" height=\"576\" src=\"https:\/\/noticiaempauta.com\/portal\/wp-content\/uploads\/2025\/09\/WhatsApp-Image-2025-09-09-at-16.45.47-1-1024x576.jpeg\" alt=\"\" class=\"wp-image-277737\" srcset=\"https:\/\/noticiaempauta.com\/portal\/wp-content\/uploads\/2025\/09\/WhatsApp-Image-2025-09-09-at-16.45.47-1-1024x576.jpeg 1024w, https:\/\/noticiaempauta.com\/portal\/wp-content\/uploads\/2025\/09\/WhatsApp-Image-2025-09-09-at-16.45.47-1-300x169.jpeg 300w, https:\/\/noticiaempauta.com\/portal\/wp-content\/uploads\/2025\/09\/WhatsApp-Image-2025-09-09-at-16.45.47-1-768x432.jpeg 768w, https:\/\/noticiaempauta.com\/portal\/wp-content\/uploads\/2025\/09\/WhatsApp-Image-2025-09-09-at-16.45.47-1-1536x864.jpeg 1536w, https:\/\/noticiaempauta.com\/portal\/wp-content\/uploads\/2025\/09\/WhatsApp-Image-2025-09-09-at-16.45.47-1.jpeg 1600w\" sizes=\"(max-width: 1024px) 100vw, 1024px\" \/><\/figure>\n\n\n\n<p>A gest\u00e3o tamb\u00e9m refor\u00e7ou que a fiscaliza\u00e7\u00e3o ambiental ser\u00e1 intensificada para coibir pr\u00e1ticas irregulares e garantir a preserva\u00e7\u00e3o do meio ambiente.<\/p>\n\n\n\n<figure class=\"wp-block-image size-large\"><img decoding=\"async\" width=\"1024\" height=\"576\" src=\"https:\/\/noticiaempauta.com\/portal\/wp-content\/uploads\/2025\/09\/WhatsApp-Image-2025-09-09-at-16.45.46-2-1024x576.jpeg\" alt=\"\" class=\"wp-image-277738\" srcset=\"https:\/\/noticiaempauta.com\/portal\/wp-content\/uploads\/2025\/09\/WhatsApp-Image-2025-09-09-at-16.45.46-2-1024x576.jpeg 1024w, https:\/\/noticiaempauta.com\/portal\/wp-content\/uploads\/2025\/09\/WhatsApp-Image-2025-09-09-at-16.45.46-2-300x169.jpeg 300w, https:\/\/noticiaempauta.com\/portal\/wp-content\/uploads\/2025\/09\/WhatsApp-Image-2025-09-09-at-16.45.46-2-768x432.jpeg 768w, https:\/\/noticiaempauta.com\/portal\/wp-content\/uploads\/2025\/09\/WhatsApp-Image-2025-09-09-at-16.45.46-2-1536x864.jpeg 1536w, https:\/\/noticiaempauta.com\/portal\/wp-content\/uploads\/2025\/09\/WhatsApp-Image-2025-09-09-at-16.45.46-2.jpeg 1600w\" sizes=\"(max-width: 1024px) 100vw, 1024px\" \/><\/figure>\n\n\n\n<p>De acordo com a secret\u00e1ria de Meio Ambiente e primeira-dama, Vanete Macedo, o trabalho busca aproximar a popula\u00e7\u00e3o das a\u00e7\u00f5es de sustentabilidade. \u201cNossa inten\u00e7\u00e3o \u00e9 sensibilizar a comunidade para que cada cidad\u00e3o se torne um agente de prote\u00e7\u00e3o ambiental. Somente com a colabora\u00e7\u00e3o de todos poderemos reduzir os impactos das queimadas e manter nossa cidade mais limpa e saud\u00e1vel\u201d, destacou.<\/p>\n\n\n\n<figure class=\"wp-block-image size-large\"><img loading=\"lazy\" decoding=\"async\" width=\"1024\" height=\"576\" src=\"https:\/\/noticiaempauta.com\/portal\/wp-content\/uploads\/2025\/09\/WhatsApp-Image-2025-09-09-at-16.45.45-1024x576.jpeg\" alt=\"\" class=\"wp-image-277739\" srcset=\"https:\/\/noticiaempauta.com\/portal\/wp-content\/uploads\/2025\/09\/WhatsApp-Image-2025-09-09-at-16.45.45-1024x576.jpeg 1024w, https:\/\/noticiaempauta.com\/portal\/wp-content\/uploads\/2025\/09\/WhatsApp-Image-2025-09-09-at-16.45.45-300x169.jpeg 300w, https:\/\/noticiaempauta.com\/portal\/wp-content\/uploads\/2025\/09\/WhatsApp-Image-2025-09-09-at-16.45.45-768x432.jpeg 768w, https:\/\/noticiaempauta.com\/portal\/wp-content\/uploads\/2025\/09\/WhatsApp-Image-2025-09-09-at-16.45.45-1536x864.jpeg 1536w, https:\/\/noticiaempauta.com\/portal\/wp-content\/uploads\/2025\/09\/WhatsApp-Image-2025-09-09-at-16.45.45.jpeg 1600w\" sizes=\"(max-width: 1024px) 100vw, 1024px\" \/><\/figure>\n\n\n\n<p>Com essa a\u00e7\u00e3o, a Prefeitura de Aroeiras do Itaim reafirma seu compromisso de promover pol\u00edticas p\u00fablicas voltadas para a preserva\u00e7\u00e3o ambiental e para a melhoria da qualidade de vida da popula\u00e7\u00e3o.<\/p>\n\n\n\n<p>Ascom<\/p>\n","protected":false},"excerpt":{"rendered":"<p>A Prefeitura de Aroeiras do Itaim, por meio da Secretaria Municipal de Meio Ambiente, realizou ontem uma blitz educativa com o objetivo de conscientizar a popula\u00e7\u00e3o sobre os riscos das queimadas e os preju\u00edzos causados pelo descarte irregular de lixo. Durante a a\u00e7\u00e3o, agentes ambientais distribu\u00edram materiais informativos, orientaram motoristas e pedestres e destacaram a [&hellip;]<\/p>\n","protected":false},"author":2,"featured_media":277736,"comment_status":"open","ping_status":"open","sticky":false,"template":"","format":"standard","meta":{"_mi_skip_tracking":false,"footnotes":""},"categories":[25,1,9,16],"tags":[],"class_list":["post-277735","post","type-post","status-publish","format-standard","has-post-thumbnail","hentry","category-destaques-site","category-geral","category-municipios","category-todas"],"acf":[],"yoast_head":"<!-- This site is optimized with the Yoast SEO Premium plugin v19.2 (Yoast SEO v26.9) - https:\/\/yoast.com\/product\/yoast-seo-premium-wordpress\/ -->\n<title>Prefeitura de Aroeiras do Itaim realiza blitz educativa contra queimadas e refor\u00e7a fiscaliza\u00e7\u00e3o ambiental - Portal Not\u00edcia em Pauta<\/title>\n<meta name=\"robots\" content=\"index, follow, max-snippet:-1, max-image-preview:large, max-video-preview:-1\" \/>\n<link rel=\"canonical\" href=\"https:\/\/noticiaempauta.com\/portal\/prefeitura-de-aroeiras-do-itaim-realiza-blitz-educativa-contra-queimadas-e-reforca-fiscalizacao-ambiental\/\" \/>\n<meta property=\"og:locale\" content=\"pt_BR\" \/>\n<meta property=\"og:type\" content=\"article\" \/>\n<meta property=\"og:title\" content=\"Prefeitura de Aroeiras do Itaim realiza blitz educativa contra queimadas e refor\u00e7a fiscaliza\u00e7\u00e3o ambiental\" \/>\n<meta property=\"og:description\" content=\"A Prefeitura de Aroeiras do Itaim, por meio da Secretaria Municipal de Meio Ambiente, realizou ontem uma blitz educativa com o objetivo de conscientizar a popula\u00e7\u00e3o sobre os riscos das queimadas e os preju\u00edzos causados pelo descarte irregular de lixo. Durante a a\u00e7\u00e3o, agentes ambientais distribu\u00edram materiais informativos, orientaram motoristas e pedestres e destacaram a [&hellip;]\" \/>\n<meta property=\"og:url\" content=\"https:\/\/noticiaempauta.com\/portal\/prefeitura-de-aroeiras-do-itaim-realiza-blitz-educativa-contra-queimadas-e-reforca-fiscalizacao-ambiental\/\" \/>\n<meta property=\"og:site_name\" content=\"Portal Not\u00edcia em Pauta\" \/>\n<meta property=\"article:publisher\" content=\"https:\/\/www.facebook.com\/Portal-Notcia-Em-Pauta-102292869264820\/\" \/>\n<meta property=\"article:published_time\" content=\"2025-09-09T19:52:25+00:00\" \/>\n<meta property=\"og:image\" content=\"https:\/\/noticiaempauta.com\/portal\/wp-content\/uploads\/2025\/09\/WhatsApp-Image-2025-09-09-at-16.45.46.jpeg\" \/>\n\t<meta property=\"og:image:width\" content=\"1600\" \/>\n\t<meta property=\"og:image:height\" content=\"900\" \/>\n\t<meta property=\"og:image:type\" content=\"image\/jpeg\" \/>\n<meta name=\"author\" content=\"Reda\u00e7\u00e3o\" \/>\n<meta name=\"twitter:card\" content=\"summary_large_image\" \/>\n<meta name=\"twitter:label1\" content=\"Escrito por\" \/>\n\t<meta name=\"twitter:data1\" content=\"Reda\u00e7\u00e3o\" \/>\n\t<meta name=\"twitter:label2\" content=\"Est. tempo de leitura\" \/>\n\t<meta name=\"twitter:data2\" content=\"3 minutos\" \/>\n<script type=\"application\/ld+json\" class=\"yoast-schema-graph\">{\"@context\":\"https:\/\/schema.org\",\"@graph\":[{\"@type\":\"Article\",\"@id\":\"https:\/\/noticiaempauta.com\/portal\/prefeitura-de-aroeiras-do-itaim-realiza-blitz-educativa-contra-queimadas-e-reforca-fiscalizacao-ambiental\/#article\",\"isPartOf\":{\"@id\":\"https:\/\/noticiaempauta.com\/portal\/prefeitura-de-aroeiras-do-itaim-realiza-blitz-educativa-contra-queimadas-e-reforca-fiscalizacao-ambiental\/\"},\"author\":{\"name\":\"Reda\u00e7\u00e3o\",\"@id\":\"https:\/\/noticiaempauta.com\/portal\/#\/schema\/person\/a74af43dd1ab3deca45f988c717d57ac\"},\"headline\":\"Prefeitura de Aroeiras do Itaim realiza blitz educativa contra queimadas e refor\u00e7a fiscaliza\u00e7\u00e3o ambiental\",\"datePublished\":\"2025-09-09T19:52:25+00:00\",\"mainEntityOfPage\":{\"@id\":\"https:\/\/noticiaempauta.com\/portal\/prefeitura-de-aroeiras-do-itaim-realiza-blitz-educativa-contra-queimadas-e-reforca-fiscalizacao-ambiental\/\"},\"wordCount\":248,\"commentCount\":0,\"publisher\":{\"@id\":\"https:\/\/noticiaempauta.com\/portal\/#organization\"},\"image\":{\"@id\":\"https:\/\/noticiaempauta.com\/portal\/prefeitura-de-aroeiras-do-itaim-realiza-blitz-educativa-contra-queimadas-e-reforca-fiscalizacao-ambiental\/#primaryimage\"},\"thumbnailUrl\":\"https:\/\/noticiaempauta.com\/portal\/wp-content\/uploads\/2025\/09\/WhatsApp-Image-2025-09-09-at-16.45.46.jpeg\",\"articleSection\":[\"Destaques\",\"Geral\",\"Munic\u00edpios\",\"Todas as Not\u00edcias\"],\"inLanguage\":\"pt-BR\",\"potentialAction\":[{\"@type\":\"CommentAction\",\"name\":\"Comment\",\"target\":[\"https:\/\/noticiaempauta.com\/portal\/prefeitura-de-aroeiras-do-itaim-realiza-blitz-educativa-contra-queimadas-e-reforca-fiscalizacao-ambiental\/#respond\"]}]},{\"@type\":\"WebPage\",\"@id\":\"https:\/\/noticiaempauta.com\/portal\/prefeitura-de-aroeiras-do-itaim-realiza-blitz-educativa-contra-queimadas-e-reforca-fiscalizacao-ambiental\/\",\"url\":\"https:\/\/noticiaempauta.com\/portal\/prefeitura-de-aroeiras-do-itaim-realiza-blitz-educativa-contra-queimadas-e-reforca-fiscalizacao-ambiental\/\",\"name\":\"Prefeitura de Aroeiras do Itaim realiza blitz educativa contra queimadas e refor\u00e7a fiscaliza\u00e7\u00e3o ambiental - Portal Not\u00edcia em Pauta\",\"isPartOf\":{\"@id\":\"https:\/\/noticiaempauta.com\/portal\/#website\"},\"primaryImageOfPage\":{\"@id\":\"https:\/\/noticiaempauta.com\/portal\/prefeitura-de-aroeiras-do-itaim-realiza-blitz-educativa-contra-queimadas-e-reforca-fiscalizacao-ambiental\/#primaryimage\"},\"image\":{\"@id\":\"https:\/\/noticiaempauta.com\/portal\/prefeitura-de-aroeiras-do-itaim-realiza-blitz-educativa-contra-queimadas-e-reforca-fiscalizacao-ambiental\/#primaryimage\"},\"thumbnailUrl\":\"https:\/\/noticiaempauta.com\/portal\/wp-content\/uploads\/2025\/09\/WhatsApp-Image-2025-09-09-at-16.45.46.jpeg\",\"datePublished\":\"2025-09-09T19:52:25+00:00\",\"breadcrumb\":{\"@id\":\"https:\/\/noticiaempauta.com\/portal\/prefeitura-de-aroeiras-do-itaim-realiza-blitz-educativa-contra-queimadas-e-reforca-fiscalizacao-ambiental\/#breadcrumb\"},\"inLanguage\":\"pt-BR\",\"potentialAction\":[{\"@type\":\"ReadAction\",\"target\":[\"https:\/\/noticiaempauta.com\/portal\/prefeitura-de-aroeiras-do-itaim-realiza-blitz-educativa-contra-queimadas-e-reforca-fiscalizacao-ambiental\/\"]}]},{\"@type\":\"ImageObject\",\"inLanguage\":\"pt-BR\",\"@id\":\"https:\/\/noticiaempauta.com\/portal\/prefeitura-de-aroeiras-do-itaim-realiza-blitz-educativa-contra-queimadas-e-reforca-fiscalizacao-ambiental\/#primaryimage\",\"url\":\"https:\/\/noticiaempauta.com\/portal\/wp-content\/uploads\/2025\/09\/WhatsApp-Image-2025-09-09-at-16.45.46.jpeg\",\"contentUrl\":\"https:\/\/noticiaempauta.com\/portal\/wp-content\/uploads\/2025\/09\/WhatsApp-Image-2025-09-09-at-16.45.46.jpeg\",\"width\":1600,\"height\":900},{\"@type\":\"BreadcrumbList\",\"@id\":\"https:\/\/noticiaempauta.com\/portal\/prefeitura-de-aroeiras-do-itaim-realiza-blitz-educativa-contra-queimadas-e-reforca-fiscalizacao-ambiental\/#breadcrumb\",\"itemListElement\":[{\"@type\":\"ListItem\",\"position\":1,\"name\":\"P\u00e1gina Inicial\",\"item\":\"https:\/\/noticiaempauta.com\/portal\/\"},{\"@type\":\"ListItem\",\"position\":2,\"name\":\"Destaques\",\"item\":\"https:\/\/noticiaempauta.com\/portal\/destaques-site\/\"},{\"@type\":\"ListItem\",\"position\":3,\"name\":\"Prefeitura de Aroeiras do Itaim realiza blitz educativa contra queimadas e refor\u00e7a fiscaliza\u00e7\u00e3o ambiental\"}]},{\"@type\":\"WebSite\",\"@id\":\"https:\/\/noticiaempauta.com\/portal\/#website\",\"url\":\"https:\/\/noticiaempauta.com\/portal\/\",\"name\":\"Portal Not\u00edcia em Pauta\",\"description\":\"Voc\u00ea bem informado\",\"publisher\":{\"@id\":\"https:\/\/noticiaempauta.com\/portal\/#organization\"},\"potentialAction\":[{\"@type\":\"SearchAction\",\"target\":{\"@type\":\"EntryPoint\",\"urlTemplate\":\"https:\/\/noticiaempauta.com\/portal\/?s={search_term_string}\"},\"query-input\":{\"@type\":\"PropertyValueSpecification\",\"valueRequired\":true,\"valueName\":\"search_term_string\"}}],\"inLanguage\":\"pt-BR\"},{\"@type\":\"Organization\",\"@id\":\"https:\/\/noticiaempauta.com\/portal\/#organization\",\"name\":\"Portal Not\u00edcia em Pauta\",\"url\":\"https:\/\/noticiaempauta.com\/portal\/\",\"logo\":{\"@type\":\"ImageObject\",\"inLanguage\":\"pt-BR\",\"@id\":\"https:\/\/noticiaempauta.com\/portal\/#\/schema\/logo\/image\/\",\"url\":\"https:\/\/noticiaempauta.com\/portal\/wp-content\/uploads\/2022\/08\/logomarca_tema.fw_.png\",\"contentUrl\":\"https:\/\/noticiaempauta.com\/portal\/wp-content\/uploads\/2022\/08\/logomarca_tema.fw_.png\",\"width\":400,\"height\":232,\"caption\":\"Portal Not\u00edcia em Pauta\"},\"image\":{\"@id\":\"https:\/\/noticiaempauta.com\/portal\/#\/schema\/logo\/image\/\"},\"sameAs\":[\"https:\/\/www.facebook.com\/Portal-Notcia-Em-Pauta-102292869264820\/\",\"https:\/\/www.instagram.com\/portalnoticiaempauta\/\"]},{\"@type\":\"Person\",\"@id\":\"https:\/\/noticiaempauta.com\/portal\/#\/schema\/person\/a74af43dd1ab3deca45f988c717d57ac\",\"name\":\"Reda\u00e7\u00e3o\",\"image\":{\"@type\":\"ImageObject\",\"inLanguage\":\"pt-BR\",\"@id\":\"https:\/\/noticiaempauta.com\/portal\/#\/schema\/person\/image\/\",\"url\":\"https:\/\/secure.gravatar.com\/avatar\/03179346ecce6cdfc13361603e8f54242a90e5cde8618fa23c5c00aa2b0aadf3?s=96&d=mm&r=g\",\"contentUrl\":\"https:\/\/secure.gravatar.com\/avatar\/03179346ecce6cdfc13361603e8f54242a90e5cde8618fa23c5c00aa2b0aadf3?s=96&d=mm&r=g\",\"caption\":\"Reda\u00e7\u00e3o\"},\"sameAs\":[\"https:\/\/noticiaempauta.com\/portal\/\"],\"url\":\"https:\/\/noticiaempauta.com\/portal\/author\/fernando\/\"}]}<\/script>\n<!-- \/ Yoast SEO Premium plugin. -->","yoast_head_json":{"title":"Prefeitura de Aroeiras do Itaim realiza blitz educativa contra queimadas e refor\u00e7a fiscaliza\u00e7\u00e3o ambiental - Portal Not\u00edcia em Pauta","robots":{"index":"index","follow":"follow","max-snippet":"max-snippet:-1","max-image-preview":"max-image-preview:large","max-video-preview":"max-video-preview:-1"},"canonical":"https:\/\/noticiaempauta.com\/portal\/prefeitura-de-aroeiras-do-itaim-realiza-blitz-educativa-contra-queimadas-e-reforca-fiscalizacao-ambiental\/","og_locale":"pt_BR","og_type":"article","og_title":"Prefeitura de Aroeiras do Itaim realiza blitz educativa contra queimadas e refor\u00e7a fiscaliza\u00e7\u00e3o ambiental","og_description":"A Prefeitura de Aroeiras do Itaim, por meio da Secretaria Municipal de Meio Ambiente, realizou ontem uma blitz educativa com o objetivo de conscientizar a popula\u00e7\u00e3o sobre os riscos das queimadas e os preju\u00edzos causados pelo descarte irregular de lixo. Durante a a\u00e7\u00e3o, agentes ambientais distribu\u00edram materiais informativos, orientaram motoristas e pedestres e destacaram a [&hellip;]","og_url":"https:\/\/noticiaempauta.com\/portal\/prefeitura-de-aroeiras-do-itaim-realiza-blitz-educativa-contra-queimadas-e-reforca-fiscalizacao-ambiental\/","og_site_name":"Portal Not\u00edcia em Pauta","article_publisher":"https:\/\/www.facebook.com\/Portal-Notcia-Em-Pauta-102292869264820\/","article_published_time":"2025-09-09T19:52:25+00:00","og_image":[{"width":1600,"height":900,"url":"https:\/\/noticiaempauta.com\/portal\/wp-content\/uploads\/2025\/09\/WhatsApp-Image-2025-09-09-at-16.45.46.jpeg","type":"image\/jpeg"}],"author":"Reda\u00e7\u00e3o","twitter_card":"summary_large_image","twitter_misc":{"Escrito por":"Reda\u00e7\u00e3o","Est. tempo de leitura":"3 minutos"},"schema":{"@context":"https:\/\/schema.org","@graph":[{"@type":"Article","@id":"https:\/\/noticiaempauta.com\/portal\/prefeitura-de-aroeiras-do-itaim-realiza-blitz-educativa-contra-queimadas-e-reforca-fiscalizacao-ambiental\/#article","isPartOf":{"@id":"https:\/\/noticiaempauta.com\/portal\/prefeitura-de-aroeiras-do-itaim-realiza-blitz-educativa-contra-queimadas-e-reforca-fiscalizacao-ambiental\/"},"author":{"name":"Reda\u00e7\u00e3o","@id":"https:\/\/noticiaempauta.com\/portal\/#\/schema\/person\/a74af43dd1ab3deca45f988c717d57ac"},"headline":"Prefeitura de Aroeiras do Itaim realiza blitz educativa contra queimadas e refor\u00e7a fiscaliza\u00e7\u00e3o ambiental","datePublished":"2025-09-09T19:52:25+00:00","mainEntityOfPage":{"@id":"https:\/\/noticiaempauta.com\/portal\/prefeitura-de-aroeiras-do-itaim-realiza-blitz-educativa-contra-queimadas-e-reforca-fiscalizacao-ambiental\/"},"wordCount":248,"commentCount":0,"publisher":{"@id":"https:\/\/noticiaempauta.com\/portal\/#organization"},"image":{"@id":"https:\/\/noticiaempauta.com\/portal\/prefeitura-de-aroeiras-do-itaim-realiza-blitz-educativa-contra-queimadas-e-reforca-fiscalizacao-ambiental\/#primaryimage"},"thumbnailUrl":"https:\/\/noticiaempauta.com\/portal\/wp-content\/uploads\/2025\/09\/WhatsApp-Image-2025-09-09-at-16.45.46.jpeg","articleSection":["Destaques","Geral","Munic\u00edpios","Todas as Not\u00edcias"],"inLanguage":"pt-BR","potentialAction":[{"@type":"CommentAction","name":"Comment","target":["https:\/\/noticiaempauta.com\/portal\/prefeitura-de-aroeiras-do-itaim-realiza-blitz-educativa-contra-queimadas-e-reforca-fiscalizacao-ambiental\/#respond"]}]},{"@type":"WebPage","@id":"https:\/\/noticiaempauta.com\/portal\/prefeitura-de-aroeiras-do-itaim-realiza-blitz-educativa-contra-queimadas-e-reforca-fiscalizacao-ambiental\/","url":"https:\/\/noticiaempauta.com\/portal\/prefeitura-de-aroeiras-do-itaim-realiza-blitz-educativa-contra-queimadas-e-reforca-fiscalizacao-ambiental\/","name":"Prefeitura de Aroeiras do Itaim realiza blitz educativa contra queimadas e refor\u00e7a fiscaliza\u00e7\u00e3o ambiental - Portal Not\u00edcia em Pauta","isPartOf":{"@id":"https:\/\/noticiaempauta.com\/portal\/#website"},"primaryImageOfPage":{"@id":"https:\/\/noticiaempauta.com\/portal\/prefeitura-de-aroeiras-do-itaim-realiza-blitz-educativa-contra-queimadas-e-reforca-fiscalizacao-ambiental\/#primaryimage"},"image":{"@id":"https:\/\/noticiaempauta.com\/portal\/prefeitura-de-aroeiras-do-itaim-realiza-blitz-educativa-contra-queimadas-e-reforca-fiscalizacao-ambiental\/#primaryimage"},"thumbnailUrl":"https:\/\/noticiaempauta.com\/portal\/wp-content\/uploads\/2025\/09\/WhatsApp-Image-2025-09-09-at-16.45.46.jpeg","datePublished":"2025-09-09T19:52:25+00:00","breadcrumb":{"@id":"https:\/\/noticiaempauta.com\/portal\/prefeitura-de-aroeiras-do-itaim-realiza-blitz-educativa-contra-queimadas-e-reforca-fiscalizacao-ambiental\/#breadcrumb"},"inLanguage":"pt-BR","potentialAction":[{"@type":"ReadAction","target":["https:\/\/noticiaempauta.com\/portal\/prefeitura-de-aroeiras-do-itaim-realiza-blitz-educativa-contra-queimadas-e-reforca-fiscalizacao-ambiental\/"]}]},{"@type":"ImageObject","inLanguage":"pt-BR","@id":"https:\/\/noticiaempauta.com\/portal\/prefeitura-de-aroeiras-do-itaim-realiza-blitz-educativa-contra-queimadas-e-reforca-fiscalizacao-ambiental\/#primaryimage","url":"https:\/\/noticiaempauta.com\/portal\/wp-content\/uploads\/2025\/09\/WhatsApp-Image-2025-09-09-at-16.45.46.jpeg","contentUrl":"https:\/\/noticiaempauta.com\/portal\/wp-content\/uploads\/2025\/09\/WhatsApp-Image-2025-09-09-at-16.45.46.jpeg","width":1600,"height":900},{"@type":"BreadcrumbList","@id":"https:\/\/noticiaempauta.com\/portal\/prefeitura-de-aroeiras-do-itaim-realiza-blitz-educativa-contra-queimadas-e-reforca-fiscalizacao-ambiental\/#breadcrumb","itemListElement":[{"@type":"ListItem","position":1,"name":"P\u00e1gina Inicial","item":"https:\/\/noticiaempauta.com\/portal\/"},{"@type":"ListItem","position":2,"name":"Destaques","item":"https:\/\/noticiaempauta.com\/portal\/destaques-site\/"},{"@type":"ListItem","position":3,"name":"Prefeitura de Aroeiras do Itaim realiza blitz educativa contra queimadas e refor\u00e7a fiscaliza\u00e7\u00e3o ambiental"}]},{"@type":"WebSite","@id":"https:\/\/noticiaempauta.com\/portal\/#website","url":"https:\/\/noticiaempauta.com\/portal\/","name":"Portal Not\u00edcia em Pauta","description":"Voc\u00ea bem informado","publisher":{"@id":"https:\/\/noticiaempauta.com\/portal\/#organization"},"potentialAction":[{"@type":"SearchAction","target":{"@type":"EntryPoint","urlTemplate":"https:\/\/noticiaempauta.com\/portal\/?s={search_term_string}"},"query-input":{"@type":"PropertyValueSpecification","valueRequired":true,"valueName":"search_term_string"}}],"inLanguage":"pt-BR"},{"@type":"Organization","@id":"https:\/\/noticiaempauta.com\/portal\/#organization","name":"Portal Not\u00edcia em Pauta","url":"https:\/\/noticiaempauta.com\/portal\/","logo":{"@type":"ImageObject","inLanguage":"pt-BR","@id":"https:\/\/noticiaempauta.com\/portal\/#\/schema\/logo\/image\/","url":"https:\/\/noticiaempauta.com\/portal\/wp-content\/uploads\/2022\/08\/logomarca_tema.fw_.png","contentUrl":"https:\/\/noticiaempauta.com\/portal\/wp-content\/uploads\/2022\/08\/logomarca_tema.fw_.png","width":400,"height":232,"caption":"Portal Not\u00edcia em Pauta"},"image":{"@id":"https:\/\/noticiaempauta.com\/portal\/#\/schema\/logo\/image\/"},"sameAs":["https:\/\/www.facebook.com\/Portal-Notcia-Em-Pauta-102292869264820\/","https:\/\/www.instagram.com\/portalnoticiaempauta\/"]},{"@type":"Person","@id":"https:\/\/noticiaempauta.com\/portal\/#\/schema\/person\/a74af43dd1ab3deca45f988c717d57ac","name":"Reda\u00e7\u00e3o","image":{"@type":"ImageObject","inLanguage":"pt-BR","@id":"https:\/\/noticiaempauta.com\/portal\/#\/schema\/person\/image\/","url":"https:\/\/secure.gravatar.com\/avatar\/03179346ecce6cdfc13361603e8f54242a90e5cde8618fa23c5c00aa2b0aadf3?s=96&d=mm&r=g","contentUrl":"https:\/\/secure.gravatar.com\/avatar\/03179346ecce6cdfc13361603e8f54242a90e5cde8618fa23c5c00aa2b0aadf3?s=96&d=mm&r=g","caption":"Reda\u00e7\u00e3o"},"sameAs":["https:\/\/noticiaempauta.com\/portal\/"],"url":"https:\/\/noticiaempauta.com\/portal\/author\/fernando\/"}]}},"_links":{"self":[{"href":"https:\/\/noticiaempauta.com\/portal\/wp-json\/wp\/v2\/posts\/277735","targetHints":{"allow":["GET"]}}],"collection":[{"href":"https:\/\/noticiaempauta.com\/portal\/wp-json\/wp\/v2\/posts"}],"about":[{"href":"https:\/\/noticiaempauta.com\/portal\/wp-json\/wp\/v2\/types\/post"}],"author":[{"embeddable":true,"href":"https:\/\/noticiaempauta.com\/portal\/wp-json\/wp\/v2\/users\/2"}],"replies":[{"embeddable":true,"href":"https:\/\/noticiaempauta.com\/portal\/wp-json\/wp\/v2\/comments?post=277735"}],"version-history":[{"count":2,"href":"https:\/\/noticiaempauta.com\/portal\/wp-json\/wp\/v2\/posts\/277735\/revisions"}],"predecessor-version":[{"id":277741,"href":"https:\/\/noticiaempauta.com\/portal\/wp-json\/wp\/v2\/posts\/277735\/revisions\/277741"}],"wp:featuredmedia":[{"embeddable":true,"href":"https:\/\/noticiaempauta.com\/portal\/wp-json\/wp\/v2\/media\/277736"}],"wp:attachment":[{"href":"https:\/\/noticiaempauta.com\/portal\/wp-json\/wp\/v2\/media?parent=277735"}],"wp:term":[{"taxonomy":"category","embeddable":true,"href":"https:\/\/noticiaempauta.com\/portal\/wp-json\/wp\/v2\/categories?post=277735"},{"taxonomy":"post_tag","embeddable":true,"href":"https:\/\/noticiaempauta.com\/portal\/wp-json\/wp\/v2\/tags?post=277735"}],"curies":[{"name":"wp","href":"https:\/\/api.w.org\/{rel}","templated":true}]}}