{"id":278573,"date":"2025-09-29T14:53:09","date_gmt":"2025-09-29T17:53:09","guid":{"rendered":"https:\/\/noticiaempauta.com\/portal\/?p=278573"},"modified":"2025-09-29T14:53:10","modified_gmt":"2025-09-29T17:53:10","slug":"delegada-de-picos-e-eleita-e-representara-o-municipio-na-6a-conferencia-nacional-dos-direitos-da-pessoa-idosa-em-brasilia","status":"publish","type":"post","link":"https:\/\/noticiaempauta.com\/portal\/delegada-de-picos-e-eleita-e-representara-o-municipio-na-6a-conferencia-nacional-dos-direitos-da-pessoa-idosa-em-brasilia\/","title":{"rendered":"Delegada de Picos \u00e9 eleita e representar\u00e1 o munic\u00edpio na 6\u00aa Confer\u00eancia Nacional dos Direitos da Pessoa Idosa em Bras\u00edlia"},"content":{"rendered":"\n<p>O munic\u00edpio de Picos esteve representado nos dias 17 e 18 de setembro de 2025 na 6\u00aa Confer\u00eancia Estadual dos Direitos da Pessoa Idosa, realizada em Teresina. O evento reuniu representantes de diversas cidades piauienses em um espa\u00e7o de di\u00e1logo democr\u00e1tico voltado ao fortalecimento das pol\u00edticas p\u00fablicas que garantem direitos, participa\u00e7\u00e3o social e qualidade de vida da pessoa idosa.<\/p>\n\n\n\n<figure class=\"wp-block-image size-large\"><img fetchpriority=\"high\" decoding=\"async\" width=\"1024\" height=\"404\" src=\"https:\/\/noticiaempauta.com\/portal\/wp-content\/uploads\/2025\/09\/WhatsApp-Image-2025-09-29-at-09.48.22-1024x404.jpeg\" alt=\"\" class=\"wp-image-278574\" srcset=\"https:\/\/noticiaempauta.com\/portal\/wp-content\/uploads\/2025\/09\/WhatsApp-Image-2025-09-29-at-09.48.22-1024x404.jpeg 1024w, https:\/\/noticiaempauta.com\/portal\/wp-content\/uploads\/2025\/09\/WhatsApp-Image-2025-09-29-at-09.48.22-300x118.jpeg 300w, https:\/\/noticiaempauta.com\/portal\/wp-content\/uploads\/2025\/09\/WhatsApp-Image-2025-09-29-at-09.48.22-768x303.jpeg 768w, https:\/\/noticiaempauta.com\/portal\/wp-content\/uploads\/2025\/09\/WhatsApp-Image-2025-09-29-at-09.48.22-1536x606.jpeg 1536w, https:\/\/noticiaempauta.com\/portal\/wp-content\/uploads\/2025\/09\/WhatsApp-Image-2025-09-29-at-09.48.22.jpeg 1600w\" sizes=\"(max-width: 1024px) 100vw, 1024px\" \/><\/figure>\n\n\n\n<p>A delega\u00e7\u00e3o picoense contou com tr\u00eas representantes que participaram ativamente dos debates e constru\u00e7\u00f5es coletivas. Como resultado desse engajamento, a picoense Francisca D\u2019arc Cardoso do Nascimento foi eleita delegada e representar\u00e1 o munic\u00edpio na 6\u00aa Confer\u00eancia Nacional dos Direitos da Pessoa Idosa (CONADIPI), que acontecer\u00e1 em Bras\u00edlia.<\/p>\n\n\n\n<figure class=\"wp-block-image size-full\"><img decoding=\"async\" width=\"768\" height=\"1024\" src=\"https:\/\/noticiaempauta.com\/portal\/wp-content\/uploads\/2025\/09\/WhatsApp-Image-2025-09-29-at-11.19.18-768x1024-1.jpeg\" alt=\"\" class=\"wp-image-278575\" srcset=\"https:\/\/noticiaempauta.com\/portal\/wp-content\/uploads\/2025\/09\/WhatsApp-Image-2025-09-29-at-11.19.18-768x1024-1.jpeg 768w, https:\/\/noticiaempauta.com\/portal\/wp-content\/uploads\/2025\/09\/WhatsApp-Image-2025-09-29-at-11.19.18-768x1024-1-225x300.jpeg 225w\" sizes=\"(max-width: 768px) 100vw, 768px\" \/><\/figure>\n\n\n\n<p>Na etapa estadual, foram apresentadas propostas que agora ser\u00e3o levadas \u00e0 inst\u00e2ncia nacional, refor\u00e7ando a presen\u00e7a de Picos nas discuss\u00f5es sobre envelhecimento digno, democr\u00e1tico e inclusivo.<\/p>\n\n\n\n<p>Com o tema \u201cEnvelhecimento Multicultural e Democracia: Urg\u00eancia por Equidade, Direitos e Participa\u00e7\u00e3o\u201d, a confer\u00eancia nacional ter\u00e1 como objetivos principais:<\/p>\n\n\n\n<ol class=\"wp-block-list\">\n<li>Promover a participa\u00e7\u00e3o social para propor a\u00e7\u00f5es que assegurem o direito de envelhecer com dignidade;<\/li>\n\n\n\n<li>Identificar os desafios do envelhecimento plural no Brasil, tanto em leis quanto nas pr\u00e1ticas cotidianas;<\/li>\n\n\n\n<li>Propor a\u00e7\u00f5es de equidade para fortalecer a cidadania da pessoa idosa, a partir da articula\u00e7\u00e3o entre diferentes n\u00edveis de governo.<\/li>\n<\/ol>\n\n\n\n<p>A elei\u00e7\u00e3o de Francisca D\u2019arc reafirma o compromisso da Prefeitura de Picos e da Secretaria Municipal do Trabalho e Assist\u00eancia Social com a defesa dos direitos da pessoa idosa, garantindo que as demandas locais estejam representadas nas discuss\u00f5es nacionais e possam contribuir para a formula\u00e7\u00e3o de pol\u00edticas p\u00fablicas mais inclusivas e eficazes.<\/p>\n\n\n\n<p>SECOM<\/p>\n","protected":false},"excerpt":{"rendered":"<p>O munic\u00edpio de Picos esteve representado nos dias 17 e 18 de setembro de 2025 na 6\u00aa Confer\u00eancia Estadual dos Direitos da Pessoa Idosa, realizada em Teresina. O evento reuniu representantes de diversas cidades piauienses em um espa\u00e7o de di\u00e1logo democr\u00e1tico voltado ao fortalecimento das pol\u00edticas p\u00fablicas que garantem direitos, participa\u00e7\u00e3o social e qualidade de [&hellip;]<\/p>\n","protected":false},"author":2,"featured_media":278574,"comment_status":"open","ping_status":"open","sticky":false,"template":"","format":"standard","meta":{"_mi_skip_tracking":false,"footnotes":""},"categories":[25,1,16],"tags":[],"class_list":["post-278573","post","type-post","status-publish","format-standard","has-post-thumbnail","hentry","category-destaques-site","category-geral","category-todas"],"acf":[],"yoast_head":"<!-- This site is optimized with the Yoast SEO Premium plugin v19.2 (Yoast SEO v26.9) - https:\/\/yoast.com\/product\/yoast-seo-premium-wordpress\/ -->\n<title>Delegada de Picos \u00e9 eleita e representar\u00e1 o munic\u00edpio na 6\u00aa Confer\u00eancia Nacional dos Direitos da Pessoa Idosa em Bras\u00edlia - Portal Not\u00edcia em Pauta<\/title>\n<meta name=\"robots\" content=\"index, follow, max-snippet:-1, max-image-preview:large, max-video-preview:-1\" \/>\n<link rel=\"canonical\" href=\"https:\/\/noticiaempauta.com\/portal\/delegada-de-picos-e-eleita-e-representara-o-municipio-na-6a-conferencia-nacional-dos-direitos-da-pessoa-idosa-em-brasilia\/\" \/>\n<meta property=\"og:locale\" content=\"pt_BR\" \/>\n<meta property=\"og:type\" content=\"article\" \/>\n<meta property=\"og:title\" content=\"Delegada de Picos \u00e9 eleita e representar\u00e1 o munic\u00edpio na 6\u00aa Confer\u00eancia Nacional dos Direitos da Pessoa Idosa em Bras\u00edlia\" \/>\n<meta property=\"og:description\" content=\"O munic\u00edpio de Picos esteve representado nos dias 17 e 18 de setembro de 2025 na 6\u00aa Confer\u00eancia Estadual dos Direitos da Pessoa Idosa, realizada em Teresina. O evento reuniu representantes de diversas cidades piauienses em um espa\u00e7o de di\u00e1logo democr\u00e1tico voltado ao fortalecimento das pol\u00edticas p\u00fablicas que garantem direitos, participa\u00e7\u00e3o social e qualidade de [&hellip;]\" \/>\n<meta property=\"og:url\" content=\"https:\/\/noticiaempauta.com\/portal\/delegada-de-picos-e-eleita-e-representara-o-municipio-na-6a-conferencia-nacional-dos-direitos-da-pessoa-idosa-em-brasilia\/\" \/>\n<meta property=\"og:site_name\" content=\"Portal Not\u00edcia em Pauta\" \/>\n<meta property=\"article:publisher\" content=\"https:\/\/www.facebook.com\/Portal-Notcia-Em-Pauta-102292869264820\/\" \/>\n<meta property=\"article:published_time\" content=\"2025-09-29T17:53:09+00:00\" \/>\n<meta property=\"article:modified_time\" content=\"2025-09-29T17:53:10+00:00\" \/>\n<meta property=\"og:image\" content=\"https:\/\/noticiaempauta.com\/portal\/wp-content\/uploads\/2025\/09\/WhatsApp-Image-2025-09-29-at-09.48.22.jpeg\" \/>\n\t<meta property=\"og:image:width\" content=\"1600\" \/>\n\t<meta property=\"og:image:height\" content=\"631\" \/>\n\t<meta property=\"og:image:type\" content=\"image\/jpeg\" \/>\n<meta name=\"author\" content=\"Reda\u00e7\u00e3o\" \/>\n<meta name=\"twitter:card\" content=\"summary_large_image\" \/>\n<meta name=\"twitter:label1\" content=\"Escrito por\" \/>\n\t<meta name=\"twitter:data1\" content=\"Reda\u00e7\u00e3o\" \/>\n\t<meta name=\"twitter:label2\" content=\"Est. tempo de leitura\" \/>\n\t<meta name=\"twitter:data2\" content=\"3 minutos\" \/>\n<script type=\"application\/ld+json\" class=\"yoast-schema-graph\">{\"@context\":\"https:\/\/schema.org\",\"@graph\":[{\"@type\":\"Article\",\"@id\":\"https:\/\/noticiaempauta.com\/portal\/delegada-de-picos-e-eleita-e-representara-o-municipio-na-6a-conferencia-nacional-dos-direitos-da-pessoa-idosa-em-brasilia\/#article\",\"isPartOf\":{\"@id\":\"https:\/\/noticiaempauta.com\/portal\/delegada-de-picos-e-eleita-e-representara-o-municipio-na-6a-conferencia-nacional-dos-direitos-da-pessoa-idosa-em-brasilia\/\"},\"author\":{\"name\":\"Reda\u00e7\u00e3o\",\"@id\":\"https:\/\/noticiaempauta.com\/portal\/#\/schema\/person\/a74af43dd1ab3deca45f988c717d57ac\"},\"headline\":\"Delegada de Picos \u00e9 eleita e representar\u00e1 o munic\u00edpio na 6\u00aa Confer\u00eancia Nacional dos Direitos da Pessoa Idosa em Bras\u00edlia\",\"datePublished\":\"2025-09-29T17:53:09+00:00\",\"dateModified\":\"2025-09-29T17:53:10+00:00\",\"mainEntityOfPage\":{\"@id\":\"https:\/\/noticiaempauta.com\/portal\/delegada-de-picos-e-eleita-e-representara-o-municipio-na-6a-conferencia-nacional-dos-direitos-da-pessoa-idosa-em-brasilia\/\"},\"wordCount\":307,\"commentCount\":0,\"publisher\":{\"@id\":\"https:\/\/noticiaempauta.com\/portal\/#organization\"},\"image\":{\"@id\":\"https:\/\/noticiaempauta.com\/portal\/delegada-de-picos-e-eleita-e-representara-o-municipio-na-6a-conferencia-nacional-dos-direitos-da-pessoa-idosa-em-brasilia\/#primaryimage\"},\"thumbnailUrl\":\"https:\/\/noticiaempauta.com\/portal\/wp-content\/uploads\/2025\/09\/WhatsApp-Image-2025-09-29-at-09.48.22.jpeg\",\"articleSection\":[\"Destaques\",\"Geral\",\"Todas as Not\u00edcias\"],\"inLanguage\":\"pt-BR\",\"potentialAction\":[{\"@type\":\"CommentAction\",\"name\":\"Comment\",\"target\":[\"https:\/\/noticiaempauta.com\/portal\/delegada-de-picos-e-eleita-e-representara-o-municipio-na-6a-conferencia-nacional-dos-direitos-da-pessoa-idosa-em-brasilia\/#respond\"]}]},{\"@type\":\"WebPage\",\"@id\":\"https:\/\/noticiaempauta.com\/portal\/delegada-de-picos-e-eleita-e-representara-o-municipio-na-6a-conferencia-nacional-dos-direitos-da-pessoa-idosa-em-brasilia\/\",\"url\":\"https:\/\/noticiaempauta.com\/portal\/delegada-de-picos-e-eleita-e-representara-o-municipio-na-6a-conferencia-nacional-dos-direitos-da-pessoa-idosa-em-brasilia\/\",\"name\":\"Delegada de Picos \u00e9 eleita e representar\u00e1 o munic\u00edpio na 6\u00aa Confer\u00eancia Nacional dos Direitos da Pessoa Idosa em Bras\u00edlia - Portal Not\u00edcia em Pauta\",\"isPartOf\":{\"@id\":\"https:\/\/noticiaempauta.com\/portal\/#website\"},\"primaryImageOfPage\":{\"@id\":\"https:\/\/noticiaempauta.com\/portal\/delegada-de-picos-e-eleita-e-representara-o-municipio-na-6a-conferencia-nacional-dos-direitos-da-pessoa-idosa-em-brasilia\/#primaryimage\"},\"image\":{\"@id\":\"https:\/\/noticiaempauta.com\/portal\/delegada-de-picos-e-eleita-e-representara-o-municipio-na-6a-conferencia-nacional-dos-direitos-da-pessoa-idosa-em-brasilia\/#primaryimage\"},\"thumbnailUrl\":\"https:\/\/noticiaempauta.com\/portal\/wp-content\/uploads\/2025\/09\/WhatsApp-Image-2025-09-29-at-09.48.22.jpeg\",\"datePublished\":\"2025-09-29T17:53:09+00:00\",\"dateModified\":\"2025-09-29T17:53:10+00:00\",\"breadcrumb\":{\"@id\":\"https:\/\/noticiaempauta.com\/portal\/delegada-de-picos-e-eleita-e-representara-o-municipio-na-6a-conferencia-nacional-dos-direitos-da-pessoa-idosa-em-brasilia\/#breadcrumb\"},\"inLanguage\":\"pt-BR\",\"potentialAction\":[{\"@type\":\"ReadAction\",\"target\":[\"https:\/\/noticiaempauta.com\/portal\/delegada-de-picos-e-eleita-e-representara-o-municipio-na-6a-conferencia-nacional-dos-direitos-da-pessoa-idosa-em-brasilia\/\"]}]},{\"@type\":\"ImageObject\",\"inLanguage\":\"pt-BR\",\"@id\":\"https:\/\/noticiaempauta.com\/portal\/delegada-de-picos-e-eleita-e-representara-o-municipio-na-6a-conferencia-nacional-dos-direitos-da-pessoa-idosa-em-brasilia\/#primaryimage\",\"url\":\"https:\/\/noticiaempauta.com\/portal\/wp-content\/uploads\/2025\/09\/WhatsApp-Image-2025-09-29-at-09.48.22.jpeg\",\"contentUrl\":\"https:\/\/noticiaempauta.com\/portal\/wp-content\/uploads\/2025\/09\/WhatsApp-Image-2025-09-29-at-09.48.22.jpeg\",\"width\":1600,\"height\":631},{\"@type\":\"BreadcrumbList\",\"@id\":\"https:\/\/noticiaempauta.com\/portal\/delegada-de-picos-e-eleita-e-representara-o-municipio-na-6a-conferencia-nacional-dos-direitos-da-pessoa-idosa-em-brasilia\/#breadcrumb\",\"itemListElement\":[{\"@type\":\"ListItem\",\"position\":1,\"name\":\"P\u00e1gina Inicial\",\"item\":\"https:\/\/noticiaempauta.com\/portal\/\"},{\"@type\":\"ListItem\",\"position\":2,\"name\":\"Destaques\",\"item\":\"https:\/\/noticiaempauta.com\/portal\/destaques-site\/\"},{\"@type\":\"ListItem\",\"position\":3,\"name\":\"Delegada de Picos \u00e9 eleita e representar\u00e1 o munic\u00edpio na 6\u00aa Confer\u00eancia Nacional dos Direitos da Pessoa Idosa em Bras\u00edlia\"}]},{\"@type\":\"WebSite\",\"@id\":\"https:\/\/noticiaempauta.com\/portal\/#website\",\"url\":\"https:\/\/noticiaempauta.com\/portal\/\",\"name\":\"Portal Not\u00edcia em Pauta\",\"description\":\"Voc\u00ea bem informado\",\"publisher\":{\"@id\":\"https:\/\/noticiaempauta.com\/portal\/#organization\"},\"potentialAction\":[{\"@type\":\"SearchAction\",\"target\":{\"@type\":\"EntryPoint\",\"urlTemplate\":\"https:\/\/noticiaempauta.com\/portal\/?s={search_term_string}\"},\"query-input\":{\"@type\":\"PropertyValueSpecification\",\"valueRequired\":true,\"valueName\":\"search_term_string\"}}],\"inLanguage\":\"pt-BR\"},{\"@type\":\"Organization\",\"@id\":\"https:\/\/noticiaempauta.com\/portal\/#organization\",\"name\":\"Portal Not\u00edcia em Pauta\",\"url\":\"https:\/\/noticiaempauta.com\/portal\/\",\"logo\":{\"@type\":\"ImageObject\",\"inLanguage\":\"pt-BR\",\"@id\":\"https:\/\/noticiaempauta.com\/portal\/#\/schema\/logo\/image\/\",\"url\":\"https:\/\/noticiaempauta.com\/portal\/wp-content\/uploads\/2022\/08\/logomarca_tema.fw_.png\",\"contentUrl\":\"https:\/\/noticiaempauta.com\/portal\/wp-content\/uploads\/2022\/08\/logomarca_tema.fw_.png\",\"width\":400,\"height\":232,\"caption\":\"Portal Not\u00edcia em Pauta\"},\"image\":{\"@id\":\"https:\/\/noticiaempauta.com\/portal\/#\/schema\/logo\/image\/\"},\"sameAs\":[\"https:\/\/www.facebook.com\/Portal-Notcia-Em-Pauta-102292869264820\/\",\"https:\/\/www.instagram.com\/portalnoticiaempauta\/\"]},{\"@type\":\"Person\",\"@id\":\"https:\/\/noticiaempauta.com\/portal\/#\/schema\/person\/a74af43dd1ab3deca45f988c717d57ac\",\"name\":\"Reda\u00e7\u00e3o\",\"image\":{\"@type\":\"ImageObject\",\"inLanguage\":\"pt-BR\",\"@id\":\"https:\/\/noticiaempauta.com\/portal\/#\/schema\/person\/image\/\",\"url\":\"https:\/\/secure.gravatar.com\/avatar\/03179346ecce6cdfc13361603e8f54242a90e5cde8618fa23c5c00aa2b0aadf3?s=96&d=mm&r=g\",\"contentUrl\":\"https:\/\/secure.gravatar.com\/avatar\/03179346ecce6cdfc13361603e8f54242a90e5cde8618fa23c5c00aa2b0aadf3?s=96&d=mm&r=g\",\"caption\":\"Reda\u00e7\u00e3o\"},\"sameAs\":[\"https:\/\/noticiaempauta.com\/portal\/\"],\"url\":\"https:\/\/noticiaempauta.com\/portal\/author\/fernando\/\"}]}<\/script>\n<!-- \/ Yoast SEO Premium plugin. -->","yoast_head_json":{"title":"Delegada de Picos \u00e9 eleita e representar\u00e1 o munic\u00edpio na 6\u00aa Confer\u00eancia Nacional dos Direitos da Pessoa Idosa em Bras\u00edlia - Portal Not\u00edcia em Pauta","robots":{"index":"index","follow":"follow","max-snippet":"max-snippet:-1","max-image-preview":"max-image-preview:large","max-video-preview":"max-video-preview:-1"},"canonical":"https:\/\/noticiaempauta.com\/portal\/delegada-de-picos-e-eleita-e-representara-o-municipio-na-6a-conferencia-nacional-dos-direitos-da-pessoa-idosa-em-brasilia\/","og_locale":"pt_BR","og_type":"article","og_title":"Delegada de Picos \u00e9 eleita e representar\u00e1 o munic\u00edpio na 6\u00aa Confer\u00eancia Nacional dos Direitos da Pessoa Idosa em Bras\u00edlia","og_description":"O munic\u00edpio de Picos esteve representado nos dias 17 e 18 de setembro de 2025 na 6\u00aa Confer\u00eancia Estadual dos Direitos da Pessoa Idosa, realizada em Teresina. O evento reuniu representantes de diversas cidades piauienses em um espa\u00e7o de di\u00e1logo democr\u00e1tico voltado ao fortalecimento das pol\u00edticas p\u00fablicas que garantem direitos, participa\u00e7\u00e3o social e qualidade de [&hellip;]","og_url":"https:\/\/noticiaempauta.com\/portal\/delegada-de-picos-e-eleita-e-representara-o-municipio-na-6a-conferencia-nacional-dos-direitos-da-pessoa-idosa-em-brasilia\/","og_site_name":"Portal Not\u00edcia em Pauta","article_publisher":"https:\/\/www.facebook.com\/Portal-Notcia-Em-Pauta-102292869264820\/","article_published_time":"2025-09-29T17:53:09+00:00","article_modified_time":"2025-09-29T17:53:10+00:00","og_image":[{"width":1600,"height":631,"url":"https:\/\/noticiaempauta.com\/portal\/wp-content\/uploads\/2025\/09\/WhatsApp-Image-2025-09-29-at-09.48.22.jpeg","type":"image\/jpeg"}],"author":"Reda\u00e7\u00e3o","twitter_card":"summary_large_image","twitter_misc":{"Escrito por":"Reda\u00e7\u00e3o","Est. tempo de leitura":"3 minutos"},"schema":{"@context":"https:\/\/schema.org","@graph":[{"@type":"Article","@id":"https:\/\/noticiaempauta.com\/portal\/delegada-de-picos-e-eleita-e-representara-o-municipio-na-6a-conferencia-nacional-dos-direitos-da-pessoa-idosa-em-brasilia\/#article","isPartOf":{"@id":"https:\/\/noticiaempauta.com\/portal\/delegada-de-picos-e-eleita-e-representara-o-municipio-na-6a-conferencia-nacional-dos-direitos-da-pessoa-idosa-em-brasilia\/"},"author":{"name":"Reda\u00e7\u00e3o","@id":"https:\/\/noticiaempauta.com\/portal\/#\/schema\/person\/a74af43dd1ab3deca45f988c717d57ac"},"headline":"Delegada de Picos \u00e9 eleita e representar\u00e1 o munic\u00edpio na 6\u00aa Confer\u00eancia Nacional dos Direitos da Pessoa Idosa em Bras\u00edlia","datePublished":"2025-09-29T17:53:09+00:00","dateModified":"2025-09-29T17:53:10+00:00","mainEntityOfPage":{"@id":"https:\/\/noticiaempauta.com\/portal\/delegada-de-picos-e-eleita-e-representara-o-municipio-na-6a-conferencia-nacional-dos-direitos-da-pessoa-idosa-em-brasilia\/"},"wordCount":307,"commentCount":0,"publisher":{"@id":"https:\/\/noticiaempauta.com\/portal\/#organization"},"image":{"@id":"https:\/\/noticiaempauta.com\/portal\/delegada-de-picos-e-eleita-e-representara-o-municipio-na-6a-conferencia-nacional-dos-direitos-da-pessoa-idosa-em-brasilia\/#primaryimage"},"thumbnailUrl":"https:\/\/noticiaempauta.com\/portal\/wp-content\/uploads\/2025\/09\/WhatsApp-Image-2025-09-29-at-09.48.22.jpeg","articleSection":["Destaques","Geral","Todas as Not\u00edcias"],"inLanguage":"pt-BR","potentialAction":[{"@type":"CommentAction","name":"Comment","target":["https:\/\/noticiaempauta.com\/portal\/delegada-de-picos-e-eleita-e-representara-o-municipio-na-6a-conferencia-nacional-dos-direitos-da-pessoa-idosa-em-brasilia\/#respond"]}]},{"@type":"WebPage","@id":"https:\/\/noticiaempauta.com\/portal\/delegada-de-picos-e-eleita-e-representara-o-municipio-na-6a-conferencia-nacional-dos-direitos-da-pessoa-idosa-em-brasilia\/","url":"https:\/\/noticiaempauta.com\/portal\/delegada-de-picos-e-eleita-e-representara-o-municipio-na-6a-conferencia-nacional-dos-direitos-da-pessoa-idosa-em-brasilia\/","name":"Delegada de Picos \u00e9 eleita e representar\u00e1 o munic\u00edpio na 6\u00aa Confer\u00eancia Nacional dos Direitos da Pessoa Idosa em Bras\u00edlia - Portal Not\u00edcia em Pauta","isPartOf":{"@id":"https:\/\/noticiaempauta.com\/portal\/#website"},"primaryImageOfPage":{"@id":"https:\/\/noticiaempauta.com\/portal\/delegada-de-picos-e-eleita-e-representara-o-municipio-na-6a-conferencia-nacional-dos-direitos-da-pessoa-idosa-em-brasilia\/#primaryimage"},"image":{"@id":"https:\/\/noticiaempauta.com\/portal\/delegada-de-picos-e-eleita-e-representara-o-municipio-na-6a-conferencia-nacional-dos-direitos-da-pessoa-idosa-em-brasilia\/#primaryimage"},"thumbnailUrl":"https:\/\/noticiaempauta.com\/portal\/wp-content\/uploads\/2025\/09\/WhatsApp-Image-2025-09-29-at-09.48.22.jpeg","datePublished":"2025-09-29T17:53:09+00:00","dateModified":"2025-09-29T17:53:10+00:00","breadcrumb":{"@id":"https:\/\/noticiaempauta.com\/portal\/delegada-de-picos-e-eleita-e-representara-o-municipio-na-6a-conferencia-nacional-dos-direitos-da-pessoa-idosa-em-brasilia\/#breadcrumb"},"inLanguage":"pt-BR","potentialAction":[{"@type":"ReadAction","target":["https:\/\/noticiaempauta.com\/portal\/delegada-de-picos-e-eleita-e-representara-o-municipio-na-6a-conferencia-nacional-dos-direitos-da-pessoa-idosa-em-brasilia\/"]}]},{"@type":"ImageObject","inLanguage":"pt-BR","@id":"https:\/\/noticiaempauta.com\/portal\/delegada-de-picos-e-eleita-e-representara-o-municipio-na-6a-conferencia-nacional-dos-direitos-da-pessoa-idosa-em-brasilia\/#primaryimage","url":"https:\/\/noticiaempauta.com\/portal\/wp-content\/uploads\/2025\/09\/WhatsApp-Image-2025-09-29-at-09.48.22.jpeg","contentUrl":"https:\/\/noticiaempauta.com\/portal\/wp-content\/uploads\/2025\/09\/WhatsApp-Image-2025-09-29-at-09.48.22.jpeg","width":1600,"height":631},{"@type":"BreadcrumbList","@id":"https:\/\/noticiaempauta.com\/portal\/delegada-de-picos-e-eleita-e-representara-o-municipio-na-6a-conferencia-nacional-dos-direitos-da-pessoa-idosa-em-brasilia\/#breadcrumb","itemListElement":[{"@type":"ListItem","position":1,"name":"P\u00e1gina Inicial","item":"https:\/\/noticiaempauta.com\/portal\/"},{"@type":"ListItem","position":2,"name":"Destaques","item":"https:\/\/noticiaempauta.com\/portal\/destaques-site\/"},{"@type":"ListItem","position":3,"name":"Delegada de Picos \u00e9 eleita e representar\u00e1 o munic\u00edpio na 6\u00aa Confer\u00eancia Nacional dos Direitos da Pessoa Idosa em Bras\u00edlia"}]},{"@type":"WebSite","@id":"https:\/\/noticiaempauta.com\/portal\/#website","url":"https:\/\/noticiaempauta.com\/portal\/","name":"Portal Not\u00edcia em Pauta","description":"Voc\u00ea bem informado","publisher":{"@id":"https:\/\/noticiaempauta.com\/portal\/#organization"},"potentialAction":[{"@type":"SearchAction","target":{"@type":"EntryPoint","urlTemplate":"https:\/\/noticiaempauta.com\/portal\/?s={search_term_string}"},"query-input":{"@type":"PropertyValueSpecification","valueRequired":true,"valueName":"search_term_string"}}],"inLanguage":"pt-BR"},{"@type":"Organization","@id":"https:\/\/noticiaempauta.com\/portal\/#organization","name":"Portal Not\u00edcia em Pauta","url":"https:\/\/noticiaempauta.com\/portal\/","logo":{"@type":"ImageObject","inLanguage":"pt-BR","@id":"https:\/\/noticiaempauta.com\/portal\/#\/schema\/logo\/image\/","url":"https:\/\/noticiaempauta.com\/portal\/wp-content\/uploads\/2022\/08\/logomarca_tema.fw_.png","contentUrl":"https:\/\/noticiaempauta.com\/portal\/wp-content\/uploads\/2022\/08\/logomarca_tema.fw_.png","width":400,"height":232,"caption":"Portal Not\u00edcia em Pauta"},"image":{"@id":"https:\/\/noticiaempauta.com\/portal\/#\/schema\/logo\/image\/"},"sameAs":["https:\/\/www.facebook.com\/Portal-Notcia-Em-Pauta-102292869264820\/","https:\/\/www.instagram.com\/portalnoticiaempauta\/"]},{"@type":"Person","@id":"https:\/\/noticiaempauta.com\/portal\/#\/schema\/person\/a74af43dd1ab3deca45f988c717d57ac","name":"Reda\u00e7\u00e3o","image":{"@type":"ImageObject","inLanguage":"pt-BR","@id":"https:\/\/noticiaempauta.com\/portal\/#\/schema\/person\/image\/","url":"https:\/\/secure.gravatar.com\/avatar\/03179346ecce6cdfc13361603e8f54242a90e5cde8618fa23c5c00aa2b0aadf3?s=96&d=mm&r=g","contentUrl":"https:\/\/secure.gravatar.com\/avatar\/03179346ecce6cdfc13361603e8f54242a90e5cde8618fa23c5c00aa2b0aadf3?s=96&d=mm&r=g","caption":"Reda\u00e7\u00e3o"},"sameAs":["https:\/\/noticiaempauta.com\/portal\/"],"url":"https:\/\/noticiaempauta.com\/portal\/author\/fernando\/"}]}},"_links":{"self":[{"href":"https:\/\/noticiaempauta.com\/portal\/wp-json\/wp\/v2\/posts\/278573","targetHints":{"allow":["GET"]}}],"collection":[{"href":"https:\/\/noticiaempauta.com\/portal\/wp-json\/wp\/v2\/posts"}],"about":[{"href":"https:\/\/noticiaempauta.com\/portal\/wp-json\/wp\/v2\/types\/post"}],"author":[{"embeddable":true,"href":"https:\/\/noticiaempauta.com\/portal\/wp-json\/wp\/v2\/users\/2"}],"replies":[{"embeddable":true,"href":"https:\/\/noticiaempauta.com\/portal\/wp-json\/wp\/v2\/comments?post=278573"}],"version-history":[{"count":2,"href":"https:\/\/noticiaempauta.com\/portal\/wp-json\/wp\/v2\/posts\/278573\/revisions"}],"predecessor-version":[{"id":278577,"href":"https:\/\/noticiaempauta.com\/portal\/wp-json\/wp\/v2\/posts\/278573\/revisions\/278577"}],"wp:featuredmedia":[{"embeddable":true,"href":"https:\/\/noticiaempauta.com\/portal\/wp-json\/wp\/v2\/media\/278574"}],"wp:attachment":[{"href":"https:\/\/noticiaempauta.com\/portal\/wp-json\/wp\/v2\/media?parent=278573"}],"wp:term":[{"taxonomy":"category","embeddable":true,"href":"https:\/\/noticiaempauta.com\/portal\/wp-json\/wp\/v2\/categories?post=278573"},{"taxonomy":"post_tag","embeddable":true,"href":"https:\/\/noticiaempauta.com\/portal\/wp-json\/wp\/v2\/tags?post=278573"}],"curies":[{"name":"wp","href":"https:\/\/api.w.org\/{rel}","templated":true}]}}