{"id":278583,"date":"2025-09-29T15:05:05","date_gmt":"2025-09-29T18:05:05","guid":{"rendered":"https:\/\/noticiaempauta.com\/portal\/?p=278583"},"modified":"2025-09-29T15:05:06","modified_gmt":"2025-09-29T18:05:06","slug":"quinto-constitucional-oab-pi-define-data-para-eleicao-da-lista-sextupla","status":"publish","type":"post","link":"https:\/\/noticiaempauta.com\/portal\/quinto-constitucional-oab-pi-define-data-para-eleicao-da-lista-sextupla\/","title":{"rendered":"Quinto Constitucional: OAB-PI define data para elei\u00e7\u00e3o da lista s\u00eaxtupla"},"content":{"rendered":"\n<p>O presidente da Ordem dos Advogados do Brasil, Seccional Piau\u00ed, Raimundo J\u00fanior, anunciou os pr\u00f3ximos passos do processo de escolha da lista s\u00eaxtupla da institui\u00e7\u00e3o para o Quinto Constitucional. Ele destacou que a\u00a0vota\u00e7\u00e3o que definiu os 12 nomes mais bem colocados foi um marco.<\/p>\n\n\n\n<figure class=\"wp-block-image size-large\"><img fetchpriority=\"high\" decoding=\"async\" width=\"1024\" height=\"682\" src=\"https:\/\/noticiaempauta.com\/portal\/wp-content\/uploads\/2025\/09\/Raimundo-Junior-1024x682.jpeg\" alt=\"\" class=\"wp-image-278584\" srcset=\"https:\/\/noticiaempauta.com\/portal\/wp-content\/uploads\/2025\/09\/Raimundo-Junior-1024x682.jpeg 1024w, https:\/\/noticiaempauta.com\/portal\/wp-content\/uploads\/2025\/09\/Raimundo-Junior-300x200.jpeg 300w, https:\/\/noticiaempauta.com\/portal\/wp-content\/uploads\/2025\/09\/Raimundo-Junior-768x512.jpeg 768w, https:\/\/noticiaempauta.com\/portal\/wp-content\/uploads\/2025\/09\/Raimundo-Junior-1536x1023.jpeg 1536w, https:\/\/noticiaempauta.com\/portal\/wp-content\/uploads\/2025\/09\/Raimundo-Junior.jpeg 1600w\" sizes=\"(max-width: 1024px) 100vw, 1024px\" \/><figcaption class=\"wp-element-caption\"><em>Foto: Renato Andrade \/ Cidadeverde.com<\/em><\/figcaption><\/figure>\n\n\n\n<p>\u201cExitosa, com participa\u00e7\u00e3o efetiva da advocacia piauiense, primeira vota\u00e7\u00e3o online aqui da hist\u00f3ria da seccional e agora nova fase que a escolha \u00e9 indireta dentro do Conselho. Os 12 nomes mais votados ser\u00e3o sabatinados numa sess\u00e3o que se realizar\u00e1 no dia 9, a partir das duas da tarde e, ap\u00f3s essa sabatina, haver\u00e1 a escolha por parte da Diretoria dos Conselheiros e Conselheiras Seccionais\u201d, afirmou.<\/p>\n\n\n\n<p>O presidente explicou que a sabatina tem como objetivo avaliar os perfis dos candidatos.<\/p>\n\n\n\n<p>\u201cSer\u00e3o perguntas formuladas pela Comiss\u00e3o Eleitoral e pelo Conselho Seccional aos candidatos e candidatas para que eles se apresentem ao Conselho e o Conselho possa realizar a escolha no mesmo dia, na mesma data, atrav\u00e9s de vota\u00e7\u00e3o aberta.\u201d<\/p>\n\n\n\n<p>A vota\u00e7\u00e3o final definir\u00e1 os seis nomes que ir\u00e3o compor a lista s\u00eaxtupla, que seguir\u00e1 para as pr\u00f3ximas fases do processo.<\/p>\n\n\n\n<p><strong>Fonte: Cidade Verde<\/strong><\/p>\n","protected":false},"excerpt":{"rendered":"<p>O presidente da Ordem dos Advogados do Brasil, Seccional Piau\u00ed, Raimundo J\u00fanior, anunciou os pr\u00f3ximos passos do processo de escolha da lista s\u00eaxtupla da institui\u00e7\u00e3o para o Quinto Constitucional. Ele destacou que a\u00a0vota\u00e7\u00e3o que definiu os 12 nomes mais bem colocados foi um marco. \u201cExitosa, com participa\u00e7\u00e3o efetiva da advocacia piauiense, primeira vota\u00e7\u00e3o online aqui [&hellip;]<\/p>\n","protected":false},"author":2,"featured_media":278584,"comment_status":"open","ping_status":"open","sticky":false,"template":"","format":"standard","meta":{"_mi_skip_tracking":false,"footnotes":""},"categories":[25,1,16],"tags":[192],"class_list":["post-278583","post","type-post","status-publish","format-standard","has-post-thumbnail","hentry","category-destaques-site","category-geral","category-todas","tag-destaqueprincipal"],"acf":[],"yoast_head":"<!-- This site is optimized with the Yoast SEO Premium plugin v19.2 (Yoast SEO v26.9) - https:\/\/yoast.com\/product\/yoast-seo-premium-wordpress\/ -->\n<title>Quinto Constitucional: OAB-PI define data para elei\u00e7\u00e3o da lista s\u00eaxtupla - Portal Not\u00edcia em Pauta<\/title>\n<meta name=\"robots\" content=\"index, follow, max-snippet:-1, max-image-preview:large, max-video-preview:-1\" \/>\n<link rel=\"canonical\" href=\"https:\/\/noticiaempauta.com\/portal\/quinto-constitucional-oab-pi-define-data-para-eleicao-da-lista-sextupla\/\" \/>\n<meta property=\"og:locale\" content=\"pt_BR\" \/>\n<meta property=\"og:type\" content=\"article\" \/>\n<meta property=\"og:title\" content=\"Quinto Constitucional: OAB-PI define data para elei\u00e7\u00e3o da lista s\u00eaxtupla\" \/>\n<meta property=\"og:description\" content=\"O presidente da Ordem dos Advogados do Brasil, Seccional Piau\u00ed, Raimundo J\u00fanior, anunciou os pr\u00f3ximos passos do processo de escolha da lista s\u00eaxtupla da institui\u00e7\u00e3o para o Quinto Constitucional. Ele destacou que a\u00a0vota\u00e7\u00e3o que definiu os 12 nomes mais bem colocados foi um marco. \u201cExitosa, com participa\u00e7\u00e3o efetiva da advocacia piauiense, primeira vota\u00e7\u00e3o online aqui [&hellip;]\" \/>\n<meta property=\"og:url\" content=\"https:\/\/noticiaempauta.com\/portal\/quinto-constitucional-oab-pi-define-data-para-eleicao-da-lista-sextupla\/\" \/>\n<meta property=\"og:site_name\" content=\"Portal Not\u00edcia em Pauta\" \/>\n<meta property=\"article:publisher\" content=\"https:\/\/www.facebook.com\/Portal-Notcia-Em-Pauta-102292869264820\/\" \/>\n<meta property=\"article:published_time\" content=\"2025-09-29T18:05:05+00:00\" \/>\n<meta property=\"article:modified_time\" content=\"2025-09-29T18:05:06+00:00\" \/>\n<meta property=\"og:image\" content=\"https:\/\/noticiaempauta.com\/portal\/wp-content\/uploads\/2025\/09\/Raimundo-Junior.jpeg\" \/>\n\t<meta property=\"og:image:width\" content=\"1600\" \/>\n\t<meta property=\"og:image:height\" content=\"1066\" \/>\n\t<meta property=\"og:image:type\" content=\"image\/jpeg\" \/>\n<meta name=\"author\" content=\"Reda\u00e7\u00e3o\" \/>\n<meta name=\"twitter:card\" content=\"summary_large_image\" \/>\n<meta name=\"twitter:label1\" content=\"Escrito por\" \/>\n\t<meta name=\"twitter:data1\" content=\"Reda\u00e7\u00e3o\" \/>\n\t<meta name=\"twitter:label2\" content=\"Est. tempo de leitura\" \/>\n\t<meta name=\"twitter:data2\" content=\"2 minutos\" \/>\n<script type=\"application\/ld+json\" class=\"yoast-schema-graph\">{\"@context\":\"https:\/\/schema.org\",\"@graph\":[{\"@type\":\"Article\",\"@id\":\"https:\/\/noticiaempauta.com\/portal\/quinto-constitucional-oab-pi-define-data-para-eleicao-da-lista-sextupla\/#article\",\"isPartOf\":{\"@id\":\"https:\/\/noticiaempauta.com\/portal\/quinto-constitucional-oab-pi-define-data-para-eleicao-da-lista-sextupla\/\"},\"author\":{\"name\":\"Reda\u00e7\u00e3o\",\"@id\":\"https:\/\/noticiaempauta.com\/portal\/#\/schema\/person\/a74af43dd1ab3deca45f988c717d57ac\"},\"headline\":\"Quinto Constitucional: OAB-PI define data para elei\u00e7\u00e3o da lista s\u00eaxtupla\",\"datePublished\":\"2025-09-29T18:05:05+00:00\",\"dateModified\":\"2025-09-29T18:05:06+00:00\",\"mainEntityOfPage\":{\"@id\":\"https:\/\/noticiaempauta.com\/portal\/quinto-constitucional-oab-pi-define-data-para-eleicao-da-lista-sextupla\/\"},\"wordCount\":218,\"commentCount\":0,\"publisher\":{\"@id\":\"https:\/\/noticiaempauta.com\/portal\/#organization\"},\"image\":{\"@id\":\"https:\/\/noticiaempauta.com\/portal\/quinto-constitucional-oab-pi-define-data-para-eleicao-da-lista-sextupla\/#primaryimage\"},\"thumbnailUrl\":\"https:\/\/noticiaempauta.com\/portal\/wp-content\/uploads\/2025\/09\/Raimundo-Junior.jpeg\",\"keywords\":[\"destaqueprincipal\"],\"articleSection\":[\"Destaques\",\"Geral\",\"Todas as Not\u00edcias\"],\"inLanguage\":\"pt-BR\",\"potentialAction\":[{\"@type\":\"CommentAction\",\"name\":\"Comment\",\"target\":[\"https:\/\/noticiaempauta.com\/portal\/quinto-constitucional-oab-pi-define-data-para-eleicao-da-lista-sextupla\/#respond\"]}]},{\"@type\":\"WebPage\",\"@id\":\"https:\/\/noticiaempauta.com\/portal\/quinto-constitucional-oab-pi-define-data-para-eleicao-da-lista-sextupla\/\",\"url\":\"https:\/\/noticiaempauta.com\/portal\/quinto-constitucional-oab-pi-define-data-para-eleicao-da-lista-sextupla\/\",\"name\":\"Quinto Constitucional: OAB-PI define data para elei\u00e7\u00e3o da lista s\u00eaxtupla - Portal Not\u00edcia em Pauta\",\"isPartOf\":{\"@id\":\"https:\/\/noticiaempauta.com\/portal\/#website\"},\"primaryImageOfPage\":{\"@id\":\"https:\/\/noticiaempauta.com\/portal\/quinto-constitucional-oab-pi-define-data-para-eleicao-da-lista-sextupla\/#primaryimage\"},\"image\":{\"@id\":\"https:\/\/noticiaempauta.com\/portal\/quinto-constitucional-oab-pi-define-data-para-eleicao-da-lista-sextupla\/#primaryimage\"},\"thumbnailUrl\":\"https:\/\/noticiaempauta.com\/portal\/wp-content\/uploads\/2025\/09\/Raimundo-Junior.jpeg\",\"datePublished\":\"2025-09-29T18:05:05+00:00\",\"dateModified\":\"2025-09-29T18:05:06+00:00\",\"breadcrumb\":{\"@id\":\"https:\/\/noticiaempauta.com\/portal\/quinto-constitucional-oab-pi-define-data-para-eleicao-da-lista-sextupla\/#breadcrumb\"},\"inLanguage\":\"pt-BR\",\"potentialAction\":[{\"@type\":\"ReadAction\",\"target\":[\"https:\/\/noticiaempauta.com\/portal\/quinto-constitucional-oab-pi-define-data-para-eleicao-da-lista-sextupla\/\"]}]},{\"@type\":\"ImageObject\",\"inLanguage\":\"pt-BR\",\"@id\":\"https:\/\/noticiaempauta.com\/portal\/quinto-constitucional-oab-pi-define-data-para-eleicao-da-lista-sextupla\/#primaryimage\",\"url\":\"https:\/\/noticiaempauta.com\/portal\/wp-content\/uploads\/2025\/09\/Raimundo-Junior.jpeg\",\"contentUrl\":\"https:\/\/noticiaempauta.com\/portal\/wp-content\/uploads\/2025\/09\/Raimundo-Junior.jpeg\",\"width\":1600,\"height\":1066},{\"@type\":\"BreadcrumbList\",\"@id\":\"https:\/\/noticiaempauta.com\/portal\/quinto-constitucional-oab-pi-define-data-para-eleicao-da-lista-sextupla\/#breadcrumb\",\"itemListElement\":[{\"@type\":\"ListItem\",\"position\":1,\"name\":\"P\u00e1gina Inicial\",\"item\":\"https:\/\/noticiaempauta.com\/portal\/\"},{\"@type\":\"ListItem\",\"position\":2,\"name\":\"Destaques\",\"item\":\"https:\/\/noticiaempauta.com\/portal\/destaques-site\/\"},{\"@type\":\"ListItem\",\"position\":3,\"name\":\"Quinto Constitucional: OAB-PI define data para elei\u00e7\u00e3o da lista s\u00eaxtupla\"}]},{\"@type\":\"WebSite\",\"@id\":\"https:\/\/noticiaempauta.com\/portal\/#website\",\"url\":\"https:\/\/noticiaempauta.com\/portal\/\",\"name\":\"Portal Not\u00edcia em Pauta\",\"description\":\"Voc\u00ea bem informado\",\"publisher\":{\"@id\":\"https:\/\/noticiaempauta.com\/portal\/#organization\"},\"potentialAction\":[{\"@type\":\"SearchAction\",\"target\":{\"@type\":\"EntryPoint\",\"urlTemplate\":\"https:\/\/noticiaempauta.com\/portal\/?s={search_term_string}\"},\"query-input\":{\"@type\":\"PropertyValueSpecification\",\"valueRequired\":true,\"valueName\":\"search_term_string\"}}],\"inLanguage\":\"pt-BR\"},{\"@type\":\"Organization\",\"@id\":\"https:\/\/noticiaempauta.com\/portal\/#organization\",\"name\":\"Portal Not\u00edcia em Pauta\",\"url\":\"https:\/\/noticiaempauta.com\/portal\/\",\"logo\":{\"@type\":\"ImageObject\",\"inLanguage\":\"pt-BR\",\"@id\":\"https:\/\/noticiaempauta.com\/portal\/#\/schema\/logo\/image\/\",\"url\":\"https:\/\/noticiaempauta.com\/portal\/wp-content\/uploads\/2022\/08\/logomarca_tema.fw_.png\",\"contentUrl\":\"https:\/\/noticiaempauta.com\/portal\/wp-content\/uploads\/2022\/08\/logomarca_tema.fw_.png\",\"width\":400,\"height\":232,\"caption\":\"Portal Not\u00edcia em Pauta\"},\"image\":{\"@id\":\"https:\/\/noticiaempauta.com\/portal\/#\/schema\/logo\/image\/\"},\"sameAs\":[\"https:\/\/www.facebook.com\/Portal-Notcia-Em-Pauta-102292869264820\/\",\"https:\/\/www.instagram.com\/portalnoticiaempauta\/\"]},{\"@type\":\"Person\",\"@id\":\"https:\/\/noticiaempauta.com\/portal\/#\/schema\/person\/a74af43dd1ab3deca45f988c717d57ac\",\"name\":\"Reda\u00e7\u00e3o\",\"image\":{\"@type\":\"ImageObject\",\"inLanguage\":\"pt-BR\",\"@id\":\"https:\/\/noticiaempauta.com\/portal\/#\/schema\/person\/image\/\",\"url\":\"https:\/\/secure.gravatar.com\/avatar\/03179346ecce6cdfc13361603e8f54242a90e5cde8618fa23c5c00aa2b0aadf3?s=96&d=mm&r=g\",\"contentUrl\":\"https:\/\/secure.gravatar.com\/avatar\/03179346ecce6cdfc13361603e8f54242a90e5cde8618fa23c5c00aa2b0aadf3?s=96&d=mm&r=g\",\"caption\":\"Reda\u00e7\u00e3o\"},\"sameAs\":[\"https:\/\/noticiaempauta.com\/portal\/\"],\"url\":\"https:\/\/noticiaempauta.com\/portal\/author\/fernando\/\"}]}<\/script>\n<!-- \/ Yoast SEO Premium plugin. -->","yoast_head_json":{"title":"Quinto Constitucional: OAB-PI define data para elei\u00e7\u00e3o da lista s\u00eaxtupla - Portal Not\u00edcia em Pauta","robots":{"index":"index","follow":"follow","max-snippet":"max-snippet:-1","max-image-preview":"max-image-preview:large","max-video-preview":"max-video-preview:-1"},"canonical":"https:\/\/noticiaempauta.com\/portal\/quinto-constitucional-oab-pi-define-data-para-eleicao-da-lista-sextupla\/","og_locale":"pt_BR","og_type":"article","og_title":"Quinto Constitucional: OAB-PI define data para elei\u00e7\u00e3o da lista s\u00eaxtupla","og_description":"O presidente da Ordem dos Advogados do Brasil, Seccional Piau\u00ed, Raimundo J\u00fanior, anunciou os pr\u00f3ximos passos do processo de escolha da lista s\u00eaxtupla da institui\u00e7\u00e3o para o Quinto Constitucional. Ele destacou que a\u00a0vota\u00e7\u00e3o que definiu os 12 nomes mais bem colocados foi um marco. \u201cExitosa, com participa\u00e7\u00e3o efetiva da advocacia piauiense, primeira vota\u00e7\u00e3o online aqui [&hellip;]","og_url":"https:\/\/noticiaempauta.com\/portal\/quinto-constitucional-oab-pi-define-data-para-eleicao-da-lista-sextupla\/","og_site_name":"Portal Not\u00edcia em Pauta","article_publisher":"https:\/\/www.facebook.com\/Portal-Notcia-Em-Pauta-102292869264820\/","article_published_time":"2025-09-29T18:05:05+00:00","article_modified_time":"2025-09-29T18:05:06+00:00","og_image":[{"width":1600,"height":1066,"url":"https:\/\/noticiaempauta.com\/portal\/wp-content\/uploads\/2025\/09\/Raimundo-Junior.jpeg","type":"image\/jpeg"}],"author":"Reda\u00e7\u00e3o","twitter_card":"summary_large_image","twitter_misc":{"Escrito por":"Reda\u00e7\u00e3o","Est. tempo de leitura":"2 minutos"},"schema":{"@context":"https:\/\/schema.org","@graph":[{"@type":"Article","@id":"https:\/\/noticiaempauta.com\/portal\/quinto-constitucional-oab-pi-define-data-para-eleicao-da-lista-sextupla\/#article","isPartOf":{"@id":"https:\/\/noticiaempauta.com\/portal\/quinto-constitucional-oab-pi-define-data-para-eleicao-da-lista-sextupla\/"},"author":{"name":"Reda\u00e7\u00e3o","@id":"https:\/\/noticiaempauta.com\/portal\/#\/schema\/person\/a74af43dd1ab3deca45f988c717d57ac"},"headline":"Quinto Constitucional: OAB-PI define data para elei\u00e7\u00e3o da lista s\u00eaxtupla","datePublished":"2025-09-29T18:05:05+00:00","dateModified":"2025-09-29T18:05:06+00:00","mainEntityOfPage":{"@id":"https:\/\/noticiaempauta.com\/portal\/quinto-constitucional-oab-pi-define-data-para-eleicao-da-lista-sextupla\/"},"wordCount":218,"commentCount":0,"publisher":{"@id":"https:\/\/noticiaempauta.com\/portal\/#organization"},"image":{"@id":"https:\/\/noticiaempauta.com\/portal\/quinto-constitucional-oab-pi-define-data-para-eleicao-da-lista-sextupla\/#primaryimage"},"thumbnailUrl":"https:\/\/noticiaempauta.com\/portal\/wp-content\/uploads\/2025\/09\/Raimundo-Junior.jpeg","keywords":["destaqueprincipal"],"articleSection":["Destaques","Geral","Todas as Not\u00edcias"],"inLanguage":"pt-BR","potentialAction":[{"@type":"CommentAction","name":"Comment","target":["https:\/\/noticiaempauta.com\/portal\/quinto-constitucional-oab-pi-define-data-para-eleicao-da-lista-sextupla\/#respond"]}]},{"@type":"WebPage","@id":"https:\/\/noticiaempauta.com\/portal\/quinto-constitucional-oab-pi-define-data-para-eleicao-da-lista-sextupla\/","url":"https:\/\/noticiaempauta.com\/portal\/quinto-constitucional-oab-pi-define-data-para-eleicao-da-lista-sextupla\/","name":"Quinto Constitucional: OAB-PI define data para elei\u00e7\u00e3o da lista s\u00eaxtupla - Portal Not\u00edcia em Pauta","isPartOf":{"@id":"https:\/\/noticiaempauta.com\/portal\/#website"},"primaryImageOfPage":{"@id":"https:\/\/noticiaempauta.com\/portal\/quinto-constitucional-oab-pi-define-data-para-eleicao-da-lista-sextupla\/#primaryimage"},"image":{"@id":"https:\/\/noticiaempauta.com\/portal\/quinto-constitucional-oab-pi-define-data-para-eleicao-da-lista-sextupla\/#primaryimage"},"thumbnailUrl":"https:\/\/noticiaempauta.com\/portal\/wp-content\/uploads\/2025\/09\/Raimundo-Junior.jpeg","datePublished":"2025-09-29T18:05:05+00:00","dateModified":"2025-09-29T18:05:06+00:00","breadcrumb":{"@id":"https:\/\/noticiaempauta.com\/portal\/quinto-constitucional-oab-pi-define-data-para-eleicao-da-lista-sextupla\/#breadcrumb"},"inLanguage":"pt-BR","potentialAction":[{"@type":"ReadAction","target":["https:\/\/noticiaempauta.com\/portal\/quinto-constitucional-oab-pi-define-data-para-eleicao-da-lista-sextupla\/"]}]},{"@type":"ImageObject","inLanguage":"pt-BR","@id":"https:\/\/noticiaempauta.com\/portal\/quinto-constitucional-oab-pi-define-data-para-eleicao-da-lista-sextupla\/#primaryimage","url":"https:\/\/noticiaempauta.com\/portal\/wp-content\/uploads\/2025\/09\/Raimundo-Junior.jpeg","contentUrl":"https:\/\/noticiaempauta.com\/portal\/wp-content\/uploads\/2025\/09\/Raimundo-Junior.jpeg","width":1600,"height":1066},{"@type":"BreadcrumbList","@id":"https:\/\/noticiaempauta.com\/portal\/quinto-constitucional-oab-pi-define-data-para-eleicao-da-lista-sextupla\/#breadcrumb","itemListElement":[{"@type":"ListItem","position":1,"name":"P\u00e1gina Inicial","item":"https:\/\/noticiaempauta.com\/portal\/"},{"@type":"ListItem","position":2,"name":"Destaques","item":"https:\/\/noticiaempauta.com\/portal\/destaques-site\/"},{"@type":"ListItem","position":3,"name":"Quinto Constitucional: OAB-PI define data para elei\u00e7\u00e3o da lista s\u00eaxtupla"}]},{"@type":"WebSite","@id":"https:\/\/noticiaempauta.com\/portal\/#website","url":"https:\/\/noticiaempauta.com\/portal\/","name":"Portal Not\u00edcia em Pauta","description":"Voc\u00ea bem informado","publisher":{"@id":"https:\/\/noticiaempauta.com\/portal\/#organization"},"potentialAction":[{"@type":"SearchAction","target":{"@type":"EntryPoint","urlTemplate":"https:\/\/noticiaempauta.com\/portal\/?s={search_term_string}"},"query-input":{"@type":"PropertyValueSpecification","valueRequired":true,"valueName":"search_term_string"}}],"inLanguage":"pt-BR"},{"@type":"Organization","@id":"https:\/\/noticiaempauta.com\/portal\/#organization","name":"Portal Not\u00edcia em Pauta","url":"https:\/\/noticiaempauta.com\/portal\/","logo":{"@type":"ImageObject","inLanguage":"pt-BR","@id":"https:\/\/noticiaempauta.com\/portal\/#\/schema\/logo\/image\/","url":"https:\/\/noticiaempauta.com\/portal\/wp-content\/uploads\/2022\/08\/logomarca_tema.fw_.png","contentUrl":"https:\/\/noticiaempauta.com\/portal\/wp-content\/uploads\/2022\/08\/logomarca_tema.fw_.png","width":400,"height":232,"caption":"Portal Not\u00edcia em Pauta"},"image":{"@id":"https:\/\/noticiaempauta.com\/portal\/#\/schema\/logo\/image\/"},"sameAs":["https:\/\/www.facebook.com\/Portal-Notcia-Em-Pauta-102292869264820\/","https:\/\/www.instagram.com\/portalnoticiaempauta\/"]},{"@type":"Person","@id":"https:\/\/noticiaempauta.com\/portal\/#\/schema\/person\/a74af43dd1ab3deca45f988c717d57ac","name":"Reda\u00e7\u00e3o","image":{"@type":"ImageObject","inLanguage":"pt-BR","@id":"https:\/\/noticiaempauta.com\/portal\/#\/schema\/person\/image\/","url":"https:\/\/secure.gravatar.com\/avatar\/03179346ecce6cdfc13361603e8f54242a90e5cde8618fa23c5c00aa2b0aadf3?s=96&d=mm&r=g","contentUrl":"https:\/\/secure.gravatar.com\/avatar\/03179346ecce6cdfc13361603e8f54242a90e5cde8618fa23c5c00aa2b0aadf3?s=96&d=mm&r=g","caption":"Reda\u00e7\u00e3o"},"sameAs":["https:\/\/noticiaempauta.com\/portal\/"],"url":"https:\/\/noticiaempauta.com\/portal\/author\/fernando\/"}]}},"_links":{"self":[{"href":"https:\/\/noticiaempauta.com\/portal\/wp-json\/wp\/v2\/posts\/278583","targetHints":{"allow":["GET"]}}],"collection":[{"href":"https:\/\/noticiaempauta.com\/portal\/wp-json\/wp\/v2\/posts"}],"about":[{"href":"https:\/\/noticiaempauta.com\/portal\/wp-json\/wp\/v2\/types\/post"}],"author":[{"embeddable":true,"href":"https:\/\/noticiaempauta.com\/portal\/wp-json\/wp\/v2\/users\/2"}],"replies":[{"embeddable":true,"href":"https:\/\/noticiaempauta.com\/portal\/wp-json\/wp\/v2\/comments?post=278583"}],"version-history":[{"count":2,"href":"https:\/\/noticiaempauta.com\/portal\/wp-json\/wp\/v2\/posts\/278583\/revisions"}],"predecessor-version":[{"id":278586,"href":"https:\/\/noticiaempauta.com\/portal\/wp-json\/wp\/v2\/posts\/278583\/revisions\/278586"}],"wp:featuredmedia":[{"embeddable":true,"href":"https:\/\/noticiaempauta.com\/portal\/wp-json\/wp\/v2\/media\/278584"}],"wp:attachment":[{"href":"https:\/\/noticiaempauta.com\/portal\/wp-json\/wp\/v2\/media?parent=278583"}],"wp:term":[{"taxonomy":"category","embeddable":true,"href":"https:\/\/noticiaempauta.com\/portal\/wp-json\/wp\/v2\/categories?post=278583"},{"taxonomy":"post_tag","embeddable":true,"href":"https:\/\/noticiaempauta.com\/portal\/wp-json\/wp\/v2\/tags?post=278583"}],"curies":[{"name":"wp","href":"https:\/\/api.w.org\/{rel}","templated":true}]}}