{"id":278606,"date":"2025-09-29T15:42:23","date_gmt":"2025-09-29T18:42:23","guid":{"rendered":"https:\/\/noticiaempauta.com\/portal\/?p=278606"},"modified":"2025-09-29T15:42:24","modified_gmt":"2025-09-29T18:42:24","slug":"rafael-fonteles-assina-em-sao-paulo-acordo-para-operacao-de-cargas-no-porto-piaui","status":"publish","type":"post","link":"https:\/\/noticiaempauta.com\/portal\/rafael-fonteles-assina-em-sao-paulo-acordo-para-operacao-de-cargas-no-porto-piaui\/","title":{"rendered":"Rafael Fonteles assina, em S\u00e3o Paulo, acordo para opera\u00e7\u00e3o de cargas no Porto Piau\u00ed"},"content":{"rendered":"\n<p>O governador do Piau\u00ed, Rafael Fonteles, assinou, nesta segunda-feira (29), em S\u00e3o Paulo, um acordo comercial entre a Porto Piau\u00ed e a Cnaga, empresa especializada em log\u00edstica e terminais alfandegados. A parceria garante que a empresa passe a operar o terminal de cargas gerais e cont\u00eaineres do porto piauiense, consolidando mais um passo estrat\u00e9gico para transformar o litoral do estado em um polo log\u00edstico de relev\u00e2ncia nacional. O investimento privado previsto para a opera\u00e7\u00e3o \u00e9 de R$ 100 milh\u00f5es.<\/p>\n\n\n\n<figure class=\"wp-block-image size-full\"><img fetchpriority=\"high\" decoding=\"async\" width=\"1024\" height=\"768\" src=\"https:\/\/noticiaempauta.com\/portal\/wp-content\/uploads\/2025\/09\/Assinatura-de-acordo-comercial-entre-a-Porto-Piaui-e-a-Cnaga-10.jpg\" alt=\"\" class=\"wp-image-278607\" srcset=\"https:\/\/noticiaempauta.com\/portal\/wp-content\/uploads\/2025\/09\/Assinatura-de-acordo-comercial-entre-a-Porto-Piaui-e-a-Cnaga-10.jpg 1024w, https:\/\/noticiaempauta.com\/portal\/wp-content\/uploads\/2025\/09\/Assinatura-de-acordo-comercial-entre-a-Porto-Piaui-e-a-Cnaga-10-300x225.jpg 300w, https:\/\/noticiaempauta.com\/portal\/wp-content\/uploads\/2025\/09\/Assinatura-de-acordo-comercial-entre-a-Porto-Piaui-e-a-Cnaga-10-768x576.jpg 768w\" sizes=\"(max-width: 1024px) 100vw, 1024px\" \/><\/figure>\n\n\n\n<p>Durante a assinatura, realizada na sede da empresa e conduzida pelo empres\u00e1rio Jos\u00e9 Am\u00e9rico, o governador destacou a import\u00e2ncia da parceria para a economia do estado e refor\u00e7ou a credibilidade da Cnaga. \u201cAcabamos de celebrar aqui em S\u00e3o Paulo essa parceria estrat\u00e9gica. Nada melhor do que ter uma empresa experiente apostando no futuro desse entreposto log\u00edstico do estado do Piau\u00ed, que vai ser uma refer\u00eancia em efici\u00eancia para os clientes que v\u00e3o receber cargas importadas ou exporta\u00e7\u00e3o tamb\u00e9m de mercadorias\u201d, afirmou Rafael Fonteles.<\/p>\n\n\n\n<figure class=\"wp-block-image size-full\"><img decoding=\"async\" width=\"1024\" height=\"768\" src=\"https:\/\/noticiaempauta.com\/portal\/wp-content\/uploads\/2025\/09\/Assinatura-de-acordo-comercial-entre-a-Porto-Piaui-e-a-Cnaga-3.jpg\" alt=\"\" class=\"wp-image-278608\" srcset=\"https:\/\/noticiaempauta.com\/portal\/wp-content\/uploads\/2025\/09\/Assinatura-de-acordo-comercial-entre-a-Porto-Piaui-e-a-Cnaga-3.jpg 1024w, https:\/\/noticiaempauta.com\/portal\/wp-content\/uploads\/2025\/09\/Assinatura-de-acordo-comercial-entre-a-Porto-Piaui-e-a-Cnaga-3-300x225.jpg 300w, https:\/\/noticiaempauta.com\/portal\/wp-content\/uploads\/2025\/09\/Assinatura-de-acordo-comercial-entre-a-Porto-Piaui-e-a-Cnaga-3-768x576.jpg 768w\" sizes=\"(max-width: 1024px) 100vw, 1024px\" \/><\/figure>\n\n\n\n<p>Com o acordo, a Cnaga vai operar o terminal de cargas gerais e controlar a chegada de mercadorias de diversos tipos, cont\u00eaineres e cargas de peso ou forma incomuns. A empresa tamb\u00e9m vai construir e administrar os galp\u00f5es de armazenamento, que dar\u00e3o suporte ao funcionamento do cais multiprop\u00f3sito, estrutura j\u00e1 finalizada no complexo portu\u00e1rio.<\/p>\n\n\n\n<figure class=\"wp-block-image size-full\"><img decoding=\"async\" width=\"1024\" height=\"768\" src=\"https:\/\/noticiaempauta.com\/portal\/wp-content\/uploads\/2025\/09\/Assinatura-de-acordo-comercial-entre-a-Porto-Piaui-e-a-Cnaga-11.jpg\" alt=\"\" class=\"wp-image-278609\" srcset=\"https:\/\/noticiaempauta.com\/portal\/wp-content\/uploads\/2025\/09\/Assinatura-de-acordo-comercial-entre-a-Porto-Piaui-e-a-Cnaga-11.jpg 1024w, https:\/\/noticiaempauta.com\/portal\/wp-content\/uploads\/2025\/09\/Assinatura-de-acordo-comercial-entre-a-Porto-Piaui-e-a-Cnaga-11-300x225.jpg 300w, https:\/\/noticiaempauta.com\/portal\/wp-content\/uploads\/2025\/09\/Assinatura-de-acordo-comercial-entre-a-Porto-Piaui-e-a-Cnaga-11-768x576.jpg 768w\" sizes=\"(max-width: 1024px) 100vw, 1024px\" \/><\/figure>\n\n\n\n<p>Atualmente, as obras no Porto Piau\u00ed avan\u00e7am na urbaniza\u00e7\u00e3o da retro\u00e1rea do cais multiprop\u00f3sito, espa\u00e7o onde a Cnaga atuar\u00e1. O porto j\u00e1 conta com estrutura administrativa, p\u00e1tio para cont\u00eaineres e canal dragado a sete metros de profundidade, al\u00e9m de projetos de expans\u00e3o para terminais de graneis e novas opera\u00e7\u00f5es.<\/p>\n\n\n\n<p>CCOM-PI<\/p>\n","protected":false},"excerpt":{"rendered":"<p>O governador do Piau\u00ed, Rafael Fonteles, assinou, nesta segunda-feira (29), em S\u00e3o Paulo, um acordo comercial entre a Porto Piau\u00ed e a Cnaga, empresa especializada em log\u00edstica e terminais alfandegados. A parceria garante que a empresa passe a operar o terminal de cargas gerais e cont\u00eaineres do porto piauiense, consolidando mais um passo estrat\u00e9gico para [&hellip;]<\/p>\n","protected":false},"author":2,"featured_media":278607,"comment_status":"open","ping_status":"open","sticky":false,"template":"","format":"standard","meta":{"_mi_skip_tracking":false,"footnotes":""},"categories":[25,1,16],"tags":[192],"class_list":["post-278606","post","type-post","status-publish","format-standard","has-post-thumbnail","hentry","category-destaques-site","category-geral","category-todas","tag-destaqueprincipal"],"acf":[],"yoast_head":"<!-- This site is optimized with the Yoast SEO Premium plugin v19.2 (Yoast SEO v26.9) - https:\/\/yoast.com\/product\/yoast-seo-premium-wordpress\/ -->\n<title>Rafael Fonteles assina, em S\u00e3o Paulo, acordo para opera\u00e7\u00e3o de cargas no Porto Piau\u00ed - Portal Not\u00edcia em Pauta<\/title>\n<meta name=\"robots\" content=\"index, follow, max-snippet:-1, max-image-preview:large, max-video-preview:-1\" \/>\n<link rel=\"canonical\" href=\"https:\/\/noticiaempauta.com\/portal\/rafael-fonteles-assina-em-sao-paulo-acordo-para-operacao-de-cargas-no-porto-piaui\/\" \/>\n<meta property=\"og:locale\" content=\"pt_BR\" \/>\n<meta property=\"og:type\" content=\"article\" \/>\n<meta property=\"og:title\" content=\"Rafael Fonteles assina, em S\u00e3o Paulo, acordo para opera\u00e7\u00e3o de cargas no Porto Piau\u00ed\" \/>\n<meta property=\"og:description\" content=\"O governador do Piau\u00ed, Rafael Fonteles, assinou, nesta segunda-feira (29), em S\u00e3o Paulo, um acordo comercial entre a Porto Piau\u00ed e a Cnaga, empresa especializada em log\u00edstica e terminais alfandegados. A parceria garante que a empresa passe a operar o terminal de cargas gerais e cont\u00eaineres do porto piauiense, consolidando mais um passo estrat\u00e9gico para [&hellip;]\" \/>\n<meta property=\"og:url\" content=\"https:\/\/noticiaempauta.com\/portal\/rafael-fonteles-assina-em-sao-paulo-acordo-para-operacao-de-cargas-no-porto-piaui\/\" \/>\n<meta property=\"og:site_name\" content=\"Portal Not\u00edcia em Pauta\" \/>\n<meta property=\"article:publisher\" content=\"https:\/\/www.facebook.com\/Portal-Notcia-Em-Pauta-102292869264820\/\" \/>\n<meta property=\"article:published_time\" content=\"2025-09-29T18:42:23+00:00\" \/>\n<meta property=\"article:modified_time\" content=\"2025-09-29T18:42:24+00:00\" \/>\n<meta property=\"og:image\" content=\"https:\/\/noticiaempauta.com\/portal\/wp-content\/uploads\/2025\/09\/Assinatura-de-acordo-comercial-entre-a-Porto-Piaui-e-a-Cnaga-10.jpg\" \/>\n\t<meta property=\"og:image:width\" content=\"1024\" \/>\n\t<meta property=\"og:image:height\" content=\"768\" \/>\n\t<meta property=\"og:image:type\" content=\"image\/jpeg\" \/>\n<meta name=\"author\" content=\"Reda\u00e7\u00e3o\" \/>\n<meta name=\"twitter:card\" content=\"summary_large_image\" \/>\n<meta name=\"twitter:label1\" content=\"Escrito por\" \/>\n\t<meta name=\"twitter:data1\" content=\"Reda\u00e7\u00e3o\" \/>\n\t<meta name=\"twitter:label2\" content=\"Est. tempo de leitura\" \/>\n\t<meta name=\"twitter:data2\" content=\"3 minutos\" \/>\n<script type=\"application\/ld+json\" class=\"yoast-schema-graph\">{\"@context\":\"https:\/\/schema.org\",\"@graph\":[{\"@type\":\"Article\",\"@id\":\"https:\/\/noticiaempauta.com\/portal\/rafael-fonteles-assina-em-sao-paulo-acordo-para-operacao-de-cargas-no-porto-piaui\/#article\",\"isPartOf\":{\"@id\":\"https:\/\/noticiaempauta.com\/portal\/rafael-fonteles-assina-em-sao-paulo-acordo-para-operacao-de-cargas-no-porto-piaui\/\"},\"author\":{\"name\":\"Reda\u00e7\u00e3o\",\"@id\":\"https:\/\/noticiaempauta.com\/portal\/#\/schema\/person\/a74af43dd1ab3deca45f988c717d57ac\"},\"headline\":\"Rafael Fonteles assina, em S\u00e3o Paulo, acordo para opera\u00e7\u00e3o de cargas no Porto Piau\u00ed\",\"datePublished\":\"2025-09-29T18:42:23+00:00\",\"dateModified\":\"2025-09-29T18:42:24+00:00\",\"mainEntityOfPage\":{\"@id\":\"https:\/\/noticiaempauta.com\/portal\/rafael-fonteles-assina-em-sao-paulo-acordo-para-operacao-de-cargas-no-porto-piaui\/\"},\"wordCount\":315,\"commentCount\":0,\"publisher\":{\"@id\":\"https:\/\/noticiaempauta.com\/portal\/#organization\"},\"image\":{\"@id\":\"https:\/\/noticiaempauta.com\/portal\/rafael-fonteles-assina-em-sao-paulo-acordo-para-operacao-de-cargas-no-porto-piaui\/#primaryimage\"},\"thumbnailUrl\":\"https:\/\/noticiaempauta.com\/portal\/wp-content\/uploads\/2025\/09\/Assinatura-de-acordo-comercial-entre-a-Porto-Piaui-e-a-Cnaga-10.jpg\",\"keywords\":[\"destaqueprincipal\"],\"articleSection\":[\"Destaques\",\"Geral\",\"Todas as Not\u00edcias\"],\"inLanguage\":\"pt-BR\",\"potentialAction\":[{\"@type\":\"CommentAction\",\"name\":\"Comment\",\"target\":[\"https:\/\/noticiaempauta.com\/portal\/rafael-fonteles-assina-em-sao-paulo-acordo-para-operacao-de-cargas-no-porto-piaui\/#respond\"]}]},{\"@type\":\"WebPage\",\"@id\":\"https:\/\/noticiaempauta.com\/portal\/rafael-fonteles-assina-em-sao-paulo-acordo-para-operacao-de-cargas-no-porto-piaui\/\",\"url\":\"https:\/\/noticiaempauta.com\/portal\/rafael-fonteles-assina-em-sao-paulo-acordo-para-operacao-de-cargas-no-porto-piaui\/\",\"name\":\"Rafael Fonteles assina, em S\u00e3o Paulo, acordo para opera\u00e7\u00e3o de cargas no Porto Piau\u00ed - Portal Not\u00edcia em Pauta\",\"isPartOf\":{\"@id\":\"https:\/\/noticiaempauta.com\/portal\/#website\"},\"primaryImageOfPage\":{\"@id\":\"https:\/\/noticiaempauta.com\/portal\/rafael-fonteles-assina-em-sao-paulo-acordo-para-operacao-de-cargas-no-porto-piaui\/#primaryimage\"},\"image\":{\"@id\":\"https:\/\/noticiaempauta.com\/portal\/rafael-fonteles-assina-em-sao-paulo-acordo-para-operacao-de-cargas-no-porto-piaui\/#primaryimage\"},\"thumbnailUrl\":\"https:\/\/noticiaempauta.com\/portal\/wp-content\/uploads\/2025\/09\/Assinatura-de-acordo-comercial-entre-a-Porto-Piaui-e-a-Cnaga-10.jpg\",\"datePublished\":\"2025-09-29T18:42:23+00:00\",\"dateModified\":\"2025-09-29T18:42:24+00:00\",\"breadcrumb\":{\"@id\":\"https:\/\/noticiaempauta.com\/portal\/rafael-fonteles-assina-em-sao-paulo-acordo-para-operacao-de-cargas-no-porto-piaui\/#breadcrumb\"},\"inLanguage\":\"pt-BR\",\"potentialAction\":[{\"@type\":\"ReadAction\",\"target\":[\"https:\/\/noticiaempauta.com\/portal\/rafael-fonteles-assina-em-sao-paulo-acordo-para-operacao-de-cargas-no-porto-piaui\/\"]}]},{\"@type\":\"ImageObject\",\"inLanguage\":\"pt-BR\",\"@id\":\"https:\/\/noticiaempauta.com\/portal\/rafael-fonteles-assina-em-sao-paulo-acordo-para-operacao-de-cargas-no-porto-piaui\/#primaryimage\",\"url\":\"https:\/\/noticiaempauta.com\/portal\/wp-content\/uploads\/2025\/09\/Assinatura-de-acordo-comercial-entre-a-Porto-Piaui-e-a-Cnaga-10.jpg\",\"contentUrl\":\"https:\/\/noticiaempauta.com\/portal\/wp-content\/uploads\/2025\/09\/Assinatura-de-acordo-comercial-entre-a-Porto-Piaui-e-a-Cnaga-10.jpg\",\"width\":1024,\"height\":768},{\"@type\":\"BreadcrumbList\",\"@id\":\"https:\/\/noticiaempauta.com\/portal\/rafael-fonteles-assina-em-sao-paulo-acordo-para-operacao-de-cargas-no-porto-piaui\/#breadcrumb\",\"itemListElement\":[{\"@type\":\"ListItem\",\"position\":1,\"name\":\"P\u00e1gina Inicial\",\"item\":\"https:\/\/noticiaempauta.com\/portal\/\"},{\"@type\":\"ListItem\",\"position\":2,\"name\":\"Destaques\",\"item\":\"https:\/\/noticiaempauta.com\/portal\/destaques-site\/\"},{\"@type\":\"ListItem\",\"position\":3,\"name\":\"Rafael Fonteles assina, em S\u00e3o Paulo, acordo para opera\u00e7\u00e3o de cargas no Porto Piau\u00ed\"}]},{\"@type\":\"WebSite\",\"@id\":\"https:\/\/noticiaempauta.com\/portal\/#website\",\"url\":\"https:\/\/noticiaempauta.com\/portal\/\",\"name\":\"Portal Not\u00edcia em Pauta\",\"description\":\"Voc\u00ea bem informado\",\"publisher\":{\"@id\":\"https:\/\/noticiaempauta.com\/portal\/#organization\"},\"potentialAction\":[{\"@type\":\"SearchAction\",\"target\":{\"@type\":\"EntryPoint\",\"urlTemplate\":\"https:\/\/noticiaempauta.com\/portal\/?s={search_term_string}\"},\"query-input\":{\"@type\":\"PropertyValueSpecification\",\"valueRequired\":true,\"valueName\":\"search_term_string\"}}],\"inLanguage\":\"pt-BR\"},{\"@type\":\"Organization\",\"@id\":\"https:\/\/noticiaempauta.com\/portal\/#organization\",\"name\":\"Portal Not\u00edcia em Pauta\",\"url\":\"https:\/\/noticiaempauta.com\/portal\/\",\"logo\":{\"@type\":\"ImageObject\",\"inLanguage\":\"pt-BR\",\"@id\":\"https:\/\/noticiaempauta.com\/portal\/#\/schema\/logo\/image\/\",\"url\":\"https:\/\/noticiaempauta.com\/portal\/wp-content\/uploads\/2022\/08\/logomarca_tema.fw_.png\",\"contentUrl\":\"https:\/\/noticiaempauta.com\/portal\/wp-content\/uploads\/2022\/08\/logomarca_tema.fw_.png\",\"width\":400,\"height\":232,\"caption\":\"Portal Not\u00edcia em Pauta\"},\"image\":{\"@id\":\"https:\/\/noticiaempauta.com\/portal\/#\/schema\/logo\/image\/\"},\"sameAs\":[\"https:\/\/www.facebook.com\/Portal-Notcia-Em-Pauta-102292869264820\/\",\"https:\/\/www.instagram.com\/portalnoticiaempauta\/\"]},{\"@type\":\"Person\",\"@id\":\"https:\/\/noticiaempauta.com\/portal\/#\/schema\/person\/a74af43dd1ab3deca45f988c717d57ac\",\"name\":\"Reda\u00e7\u00e3o\",\"image\":{\"@type\":\"ImageObject\",\"inLanguage\":\"pt-BR\",\"@id\":\"https:\/\/noticiaempauta.com\/portal\/#\/schema\/person\/image\/\",\"url\":\"https:\/\/secure.gravatar.com\/avatar\/03179346ecce6cdfc13361603e8f54242a90e5cde8618fa23c5c00aa2b0aadf3?s=96&d=mm&r=g\",\"contentUrl\":\"https:\/\/secure.gravatar.com\/avatar\/03179346ecce6cdfc13361603e8f54242a90e5cde8618fa23c5c00aa2b0aadf3?s=96&d=mm&r=g\",\"caption\":\"Reda\u00e7\u00e3o\"},\"sameAs\":[\"https:\/\/noticiaempauta.com\/portal\/\"],\"url\":\"https:\/\/noticiaempauta.com\/portal\/author\/fernando\/\"}]}<\/script>\n<!-- \/ Yoast SEO Premium plugin. -->","yoast_head_json":{"title":"Rafael Fonteles assina, em S\u00e3o Paulo, acordo para opera\u00e7\u00e3o de cargas no Porto Piau\u00ed - Portal Not\u00edcia em Pauta","robots":{"index":"index","follow":"follow","max-snippet":"max-snippet:-1","max-image-preview":"max-image-preview:large","max-video-preview":"max-video-preview:-1"},"canonical":"https:\/\/noticiaempauta.com\/portal\/rafael-fonteles-assina-em-sao-paulo-acordo-para-operacao-de-cargas-no-porto-piaui\/","og_locale":"pt_BR","og_type":"article","og_title":"Rafael Fonteles assina, em S\u00e3o Paulo, acordo para opera\u00e7\u00e3o de cargas no Porto Piau\u00ed","og_description":"O governador do Piau\u00ed, Rafael Fonteles, assinou, nesta segunda-feira (29), em S\u00e3o Paulo, um acordo comercial entre a Porto Piau\u00ed e a Cnaga, empresa especializada em log\u00edstica e terminais alfandegados. A parceria garante que a empresa passe a operar o terminal de cargas gerais e cont\u00eaineres do porto piauiense, consolidando mais um passo estrat\u00e9gico para [&hellip;]","og_url":"https:\/\/noticiaempauta.com\/portal\/rafael-fonteles-assina-em-sao-paulo-acordo-para-operacao-de-cargas-no-porto-piaui\/","og_site_name":"Portal Not\u00edcia em Pauta","article_publisher":"https:\/\/www.facebook.com\/Portal-Notcia-Em-Pauta-102292869264820\/","article_published_time":"2025-09-29T18:42:23+00:00","article_modified_time":"2025-09-29T18:42:24+00:00","og_image":[{"width":1024,"height":768,"url":"https:\/\/noticiaempauta.com\/portal\/wp-content\/uploads\/2025\/09\/Assinatura-de-acordo-comercial-entre-a-Porto-Piaui-e-a-Cnaga-10.jpg","type":"image\/jpeg"}],"author":"Reda\u00e7\u00e3o","twitter_card":"summary_large_image","twitter_misc":{"Escrito por":"Reda\u00e7\u00e3o","Est. tempo de leitura":"3 minutos"},"schema":{"@context":"https:\/\/schema.org","@graph":[{"@type":"Article","@id":"https:\/\/noticiaempauta.com\/portal\/rafael-fonteles-assina-em-sao-paulo-acordo-para-operacao-de-cargas-no-porto-piaui\/#article","isPartOf":{"@id":"https:\/\/noticiaempauta.com\/portal\/rafael-fonteles-assina-em-sao-paulo-acordo-para-operacao-de-cargas-no-porto-piaui\/"},"author":{"name":"Reda\u00e7\u00e3o","@id":"https:\/\/noticiaempauta.com\/portal\/#\/schema\/person\/a74af43dd1ab3deca45f988c717d57ac"},"headline":"Rafael Fonteles assina, em S\u00e3o Paulo, acordo para opera\u00e7\u00e3o de cargas no Porto Piau\u00ed","datePublished":"2025-09-29T18:42:23+00:00","dateModified":"2025-09-29T18:42:24+00:00","mainEntityOfPage":{"@id":"https:\/\/noticiaempauta.com\/portal\/rafael-fonteles-assina-em-sao-paulo-acordo-para-operacao-de-cargas-no-porto-piaui\/"},"wordCount":315,"commentCount":0,"publisher":{"@id":"https:\/\/noticiaempauta.com\/portal\/#organization"},"image":{"@id":"https:\/\/noticiaempauta.com\/portal\/rafael-fonteles-assina-em-sao-paulo-acordo-para-operacao-de-cargas-no-porto-piaui\/#primaryimage"},"thumbnailUrl":"https:\/\/noticiaempauta.com\/portal\/wp-content\/uploads\/2025\/09\/Assinatura-de-acordo-comercial-entre-a-Porto-Piaui-e-a-Cnaga-10.jpg","keywords":["destaqueprincipal"],"articleSection":["Destaques","Geral","Todas as Not\u00edcias"],"inLanguage":"pt-BR","potentialAction":[{"@type":"CommentAction","name":"Comment","target":["https:\/\/noticiaempauta.com\/portal\/rafael-fonteles-assina-em-sao-paulo-acordo-para-operacao-de-cargas-no-porto-piaui\/#respond"]}]},{"@type":"WebPage","@id":"https:\/\/noticiaempauta.com\/portal\/rafael-fonteles-assina-em-sao-paulo-acordo-para-operacao-de-cargas-no-porto-piaui\/","url":"https:\/\/noticiaempauta.com\/portal\/rafael-fonteles-assina-em-sao-paulo-acordo-para-operacao-de-cargas-no-porto-piaui\/","name":"Rafael Fonteles assina, em S\u00e3o Paulo, acordo para opera\u00e7\u00e3o de cargas no Porto Piau\u00ed - Portal Not\u00edcia em Pauta","isPartOf":{"@id":"https:\/\/noticiaempauta.com\/portal\/#website"},"primaryImageOfPage":{"@id":"https:\/\/noticiaempauta.com\/portal\/rafael-fonteles-assina-em-sao-paulo-acordo-para-operacao-de-cargas-no-porto-piaui\/#primaryimage"},"image":{"@id":"https:\/\/noticiaempauta.com\/portal\/rafael-fonteles-assina-em-sao-paulo-acordo-para-operacao-de-cargas-no-porto-piaui\/#primaryimage"},"thumbnailUrl":"https:\/\/noticiaempauta.com\/portal\/wp-content\/uploads\/2025\/09\/Assinatura-de-acordo-comercial-entre-a-Porto-Piaui-e-a-Cnaga-10.jpg","datePublished":"2025-09-29T18:42:23+00:00","dateModified":"2025-09-29T18:42:24+00:00","breadcrumb":{"@id":"https:\/\/noticiaempauta.com\/portal\/rafael-fonteles-assina-em-sao-paulo-acordo-para-operacao-de-cargas-no-porto-piaui\/#breadcrumb"},"inLanguage":"pt-BR","potentialAction":[{"@type":"ReadAction","target":["https:\/\/noticiaempauta.com\/portal\/rafael-fonteles-assina-em-sao-paulo-acordo-para-operacao-de-cargas-no-porto-piaui\/"]}]},{"@type":"ImageObject","inLanguage":"pt-BR","@id":"https:\/\/noticiaempauta.com\/portal\/rafael-fonteles-assina-em-sao-paulo-acordo-para-operacao-de-cargas-no-porto-piaui\/#primaryimage","url":"https:\/\/noticiaempauta.com\/portal\/wp-content\/uploads\/2025\/09\/Assinatura-de-acordo-comercial-entre-a-Porto-Piaui-e-a-Cnaga-10.jpg","contentUrl":"https:\/\/noticiaempauta.com\/portal\/wp-content\/uploads\/2025\/09\/Assinatura-de-acordo-comercial-entre-a-Porto-Piaui-e-a-Cnaga-10.jpg","width":1024,"height":768},{"@type":"BreadcrumbList","@id":"https:\/\/noticiaempauta.com\/portal\/rafael-fonteles-assina-em-sao-paulo-acordo-para-operacao-de-cargas-no-porto-piaui\/#breadcrumb","itemListElement":[{"@type":"ListItem","position":1,"name":"P\u00e1gina Inicial","item":"https:\/\/noticiaempauta.com\/portal\/"},{"@type":"ListItem","position":2,"name":"Destaques","item":"https:\/\/noticiaempauta.com\/portal\/destaques-site\/"},{"@type":"ListItem","position":3,"name":"Rafael Fonteles assina, em S\u00e3o Paulo, acordo para opera\u00e7\u00e3o de cargas no Porto Piau\u00ed"}]},{"@type":"WebSite","@id":"https:\/\/noticiaempauta.com\/portal\/#website","url":"https:\/\/noticiaempauta.com\/portal\/","name":"Portal Not\u00edcia em Pauta","description":"Voc\u00ea bem informado","publisher":{"@id":"https:\/\/noticiaempauta.com\/portal\/#organization"},"potentialAction":[{"@type":"SearchAction","target":{"@type":"EntryPoint","urlTemplate":"https:\/\/noticiaempauta.com\/portal\/?s={search_term_string}"},"query-input":{"@type":"PropertyValueSpecification","valueRequired":true,"valueName":"search_term_string"}}],"inLanguage":"pt-BR"},{"@type":"Organization","@id":"https:\/\/noticiaempauta.com\/portal\/#organization","name":"Portal Not\u00edcia em Pauta","url":"https:\/\/noticiaempauta.com\/portal\/","logo":{"@type":"ImageObject","inLanguage":"pt-BR","@id":"https:\/\/noticiaempauta.com\/portal\/#\/schema\/logo\/image\/","url":"https:\/\/noticiaempauta.com\/portal\/wp-content\/uploads\/2022\/08\/logomarca_tema.fw_.png","contentUrl":"https:\/\/noticiaempauta.com\/portal\/wp-content\/uploads\/2022\/08\/logomarca_tema.fw_.png","width":400,"height":232,"caption":"Portal Not\u00edcia em Pauta"},"image":{"@id":"https:\/\/noticiaempauta.com\/portal\/#\/schema\/logo\/image\/"},"sameAs":["https:\/\/www.facebook.com\/Portal-Notcia-Em-Pauta-102292869264820\/","https:\/\/www.instagram.com\/portalnoticiaempauta\/"]},{"@type":"Person","@id":"https:\/\/noticiaempauta.com\/portal\/#\/schema\/person\/a74af43dd1ab3deca45f988c717d57ac","name":"Reda\u00e7\u00e3o","image":{"@type":"ImageObject","inLanguage":"pt-BR","@id":"https:\/\/noticiaempauta.com\/portal\/#\/schema\/person\/image\/","url":"https:\/\/secure.gravatar.com\/avatar\/03179346ecce6cdfc13361603e8f54242a90e5cde8618fa23c5c00aa2b0aadf3?s=96&d=mm&r=g","contentUrl":"https:\/\/secure.gravatar.com\/avatar\/03179346ecce6cdfc13361603e8f54242a90e5cde8618fa23c5c00aa2b0aadf3?s=96&d=mm&r=g","caption":"Reda\u00e7\u00e3o"},"sameAs":["https:\/\/noticiaempauta.com\/portal\/"],"url":"https:\/\/noticiaempauta.com\/portal\/author\/fernando\/"}]}},"_links":{"self":[{"href":"https:\/\/noticiaempauta.com\/portal\/wp-json\/wp\/v2\/posts\/278606","targetHints":{"allow":["GET"]}}],"collection":[{"href":"https:\/\/noticiaempauta.com\/portal\/wp-json\/wp\/v2\/posts"}],"about":[{"href":"https:\/\/noticiaempauta.com\/portal\/wp-json\/wp\/v2\/types\/post"}],"author":[{"embeddable":true,"href":"https:\/\/noticiaempauta.com\/portal\/wp-json\/wp\/v2\/users\/2"}],"replies":[{"embeddable":true,"href":"https:\/\/noticiaempauta.com\/portal\/wp-json\/wp\/v2\/comments?post=278606"}],"version-history":[{"count":2,"href":"https:\/\/noticiaempauta.com\/portal\/wp-json\/wp\/v2\/posts\/278606\/revisions"}],"predecessor-version":[{"id":278611,"href":"https:\/\/noticiaempauta.com\/portal\/wp-json\/wp\/v2\/posts\/278606\/revisions\/278611"}],"wp:featuredmedia":[{"embeddable":true,"href":"https:\/\/noticiaempauta.com\/portal\/wp-json\/wp\/v2\/media\/278607"}],"wp:attachment":[{"href":"https:\/\/noticiaempauta.com\/portal\/wp-json\/wp\/v2\/media?parent=278606"}],"wp:term":[{"taxonomy":"category","embeddable":true,"href":"https:\/\/noticiaempauta.com\/portal\/wp-json\/wp\/v2\/categories?post=278606"},{"taxonomy":"post_tag","embeddable":true,"href":"https:\/\/noticiaempauta.com\/portal\/wp-json\/wp\/v2\/tags?post=278606"}],"curies":[{"name":"wp","href":"https:\/\/api.w.org\/{rel}","templated":true}]}}