{"id":278615,"date":"2025-09-29T16:37:10","date_gmt":"2025-09-29T19:37:10","guid":{"rendered":"https:\/\/noticiaempauta.com\/portal\/?p=278615"},"modified":"2025-09-29T16:37:11","modified_gmt":"2025-09-29T19:37:11","slug":"assembleia-legislativa-do-piaui-realiza-debate-sobre-prevencao-ao-suicidio","status":"publish","type":"post","link":"https:\/\/noticiaempauta.com\/portal\/assembleia-legislativa-do-piaui-realiza-debate-sobre-prevencao-ao-suicidio\/","title":{"rendered":"Assembleia Legislativa do Piau\u00ed realiza debate sobre preven\u00e7\u00e3o ao suic\u00eddio"},"content":{"rendered":"\n<p>A Assembleia Legislativa do Piau\u00ed (Alepi) realizou nesta segunda-feira (29) audi\u00eancia p\u00fablica para debater o alto \u00edndice de suic\u00eddios no estado. A proposi\u00e7\u00e3o partiu do deputado Francisco Limma (PT) e ocorreu nas comiss\u00f5es de Sa\u00fade, Educa\u00e7\u00e3o e Cultura (CSEC) e Direitos Humanos, Juventude, Minorias e Igualdade Racial, presididas por H\u00e9lio Isa\u00edas (PT).<\/p>\n\n\n\n<figure class=\"wp-block-image size-full\"><img fetchpriority=\"high\" decoding=\"async\" width=\"600\" height=\"399\" src=\"https:\/\/noticiaempauta.com\/portal\/wp-content\/uploads\/2025\/09\/image_assessoria-9.jpeg\" alt=\"\" class=\"wp-image-278616\" srcset=\"https:\/\/noticiaempauta.com\/portal\/wp-content\/uploads\/2025\/09\/image_assessoria-9.jpeg 600w, https:\/\/noticiaempauta.com\/portal\/wp-content\/uploads\/2025\/09\/image_assessoria-9-300x200.jpeg 300w\" sizes=\"(max-width: 600px) 100vw, 600px\" \/><\/figure>\n\n\n\n<p>O deputado Francisco Limma disse que a tem\u00e1tica \u00e9 sens\u00edvel, mas os \u00edndices no Piau\u00ed est\u00e3o cada vez mais alarmantes e que prop\u00f4s a audi\u00eancia com o objetivo de melhor compreender as causas e encontrar solu\u00e7\u00f5es. \u201cA Alepi \u00e9 um espa\u00e7o de discuss\u00e3o e aqui vemos a import\u00e2ncia de termos pol\u00edticas de sa\u00fade que cuidem dessa situa\u00e7\u00e3o. Devemos espalhar essa situa\u00e7\u00e3o, pois preocupa a sociedade como um todo. Se n\u00e3o acharmos caminho preventivos, a situa\u00e7\u00e3o pode se agravar mais\u201d, afirmou.<\/p>\n\n\n\n<p>O psicanalista cl\u00ednico Dorinaldo Cintra trouxe os dados sobre suic\u00eddios no Piau\u00ed: entre 2020 e 2025 foram 2056 mortes, sendo 1633 de homens e 423 de mulheres; a maioria dos casos ocorre com v\u00edtimas entre 20 e 39 anos, somando 663 \u00f3bitos. Em rela\u00e7\u00e3o \u00e0 autoles\u00e3o, 73,5% das mulheres relataram recorr\u00eancia no ato, enquanto 26,5% dos homens. O profissional refor\u00e7ou a necessidade de a\u00e7\u00f5es de preven\u00e7\u00e3o, como acolhimento, produ\u00e7\u00e3o de v\u00ednculo, manuten\u00e7\u00e3o do cuidado, cria\u00e7\u00e3o de institui\u00e7\u00f5es com ambientes adequados.<\/p>\n\n\n\n<p>Representante da Defensoria P\u00fablica, Igo Castelo Branco, falou que o suic\u00eddio \u00e9 multifatorial, e que pensar em preven\u00e7\u00e3o \u00e9 observar situa\u00e7\u00f5es como a fome, discrimina\u00e7\u00e3o, falta de lazer. \u201c\u00c9 dif\u00edcil aferir as coisas, pois s\u00e3o muito variadas e comuns nas vidas de todos. Tem quest\u00e3o do desemprego, de arranjo familiar, compara\u00e7\u00f5es em redes sociais. Devemos ter mais a\u00e7\u00f5es concretas de percep\u00e7\u00e3o\u201d, concordou o deputado Dr. H\u00e9lio (MDB).<\/p>\n\n\n\n<p>Regina Reis, do Instituto Vida que Segue, afirmou que tamb\u00e9m \u00e9 necess\u00e1rio haver a\u00e7\u00f5es de posven\u00e7\u00e3o \u2013 aux\u00edlio \u00e0queles impactados pelo suic\u00eddio de pessoas pr\u00f3ximas. Perder algu\u00e9m \u201c\u00e9 um vazio em que a fam\u00edlia n\u00e3o consegue enxergar em frente\u201d, contou.<\/p>\n\n\n\n<p>Dorinaldo Cintra prop\u00f4s a cria\u00e7\u00e3o de uma Assessoria, na Alepi, especializada em a\u00e7\u00f5es de preven\u00e7\u00e3o. A diretora de Aten\u00e7\u00e3o \u00e0 Sa\u00fade Mental da Secretaria de Estado da Sa\u00fade do Piau\u00ed (Sesapi), Rosa Maria, enumerou v\u00e1rias iniciativas do Executivo, entre elas a cria\u00e7\u00e3o de centros de refer\u00eancia a serem implementados nas regi\u00f5es de Teresina, Picos, Parna\u00edba e Floriano.<\/p>\n\n\n\n<p><strong>Assist\u00eancia social<\/strong><\/p>\n\n\n\n<p>A promotora de justi\u00e7a Karla Carvalho, representando o Minist\u00e9rio P\u00fablico do Piau\u00ed (MPPI), destacou o papel dos Agentes Comunit\u00e1rios de Sa\u00fade (ACS). \u201cEles s\u00e3o os primeiros a bater \u00e0 porta para resolver as quest\u00f5es de sa\u00fade\u201d. Ela defendeu a qualifica\u00e7\u00e3o desses profissionais em rela\u00e7\u00e3o \u00e0s quest\u00f5es de sa\u00fade mental. \u201cPrecisamos de qualifica\u00e7\u00e3o em todas as \u00e1reas, como na sa\u00fade e na educa\u00e7\u00e3o. Mas s\u00e3o os agentes comunit\u00e1rios que geralmente est\u00e3o \u00e0 frente\u201d, disse.<\/p>\n\n\n\n<p>O ex-deputado estadual Jo\u00e3o de Deus, atual secret\u00e1rio de Desenvolvimento e Assist\u00eancia Social, Fam\u00edlia e Combate \u00e0 Fome (Sasc), concordou que as redes de apoio devem ser fortalecidas e disponibilizou a estrutura da Secretaria para a\u00e7\u00f5es relacionadas \u00e0 sa\u00fade mental, incluindo as de qualifica\u00e7\u00e3o; sugeriu, ainda, a cria\u00e7\u00e3o de um grupo de trabalho para elaborar um plano a ser levado aos governos Estadual e Federal.<\/p>\n\n\n\n<p><strong>Encaminhamentos<\/strong><\/p>\n\n\n\n<p>No encerramento da audi\u00eancia p\u00fablica, Francisco Limma fez um levantamento dos assuntos debatidos e prop\u00f4s medidas objetivas de resolu\u00e7\u00e3o.<\/p>\n\n\n\n<p>O deputado defendeu a constru\u00e7\u00e3o de uma narrativa de preven\u00e7\u00e3o e posven\u00e7\u00e3o que englobe a participa\u00e7\u00e3o da sociedade civil e dos Poderes; a amplia\u00e7\u00e3o do debate sobre a import\u00e2ncia de haver psic\u00f3logos nas equipes de Sa\u00fade da Fam\u00edlia; e or\u00e7amento para a\u00e7\u00f5es de preven\u00e7\u00e3o ao suic\u00eddio. \u201cH\u00e1 coisas que n\u00e3o podemos deixar dilu\u00eddas no or\u00e7amento, temos que especificar. Temos que ver isso j\u00e1 no or\u00e7amento que ser\u00e1 votado nos pr\u00f3ximos meses aqui na Alepi\u201d, afirmou.<\/p>\n\n\n\n<p><strong>Alepi<\/strong><\/p>\n","protected":false},"excerpt":{"rendered":"<p>A Assembleia Legislativa do Piau\u00ed (Alepi) realizou nesta segunda-feira (29) audi\u00eancia p\u00fablica para debater o alto \u00edndice de suic\u00eddios no estado. A proposi\u00e7\u00e3o partiu do deputado Francisco Limma (PT) e ocorreu nas comiss\u00f5es de Sa\u00fade, Educa\u00e7\u00e3o e Cultura (CSEC) e Direitos Humanos, Juventude, Minorias e Igualdade Racial, presididas por H\u00e9lio Isa\u00edas (PT). O deputado Francisco [&hellip;]<\/p>\n","protected":false},"author":2,"featured_media":278616,"comment_status":"open","ping_status":"open","sticky":false,"template":"","format":"standard","meta":{"_mi_skip_tracking":false,"footnotes":""},"categories":[25,1,16],"tags":[],"class_list":["post-278615","post","type-post","status-publish","format-standard","has-post-thumbnail","hentry","category-destaques-site","category-geral","category-todas"],"acf":[],"yoast_head":"<!-- This site is optimized with the Yoast SEO Premium plugin v19.2 (Yoast SEO v26.9) - https:\/\/yoast.com\/product\/yoast-seo-premium-wordpress\/ -->\n<title>Assembleia Legislativa do Piau\u00ed realiza debate sobre preven\u00e7\u00e3o ao suic\u00eddio - Portal Not\u00edcia em Pauta<\/title>\n<meta name=\"robots\" content=\"index, follow, max-snippet:-1, max-image-preview:large, max-video-preview:-1\" \/>\n<link rel=\"canonical\" href=\"https:\/\/noticiaempauta.com\/portal\/assembleia-legislativa-do-piaui-realiza-debate-sobre-prevencao-ao-suicidio\/\" \/>\n<meta property=\"og:locale\" content=\"pt_BR\" \/>\n<meta property=\"og:type\" content=\"article\" \/>\n<meta property=\"og:title\" content=\"Assembleia Legislativa do Piau\u00ed realiza debate sobre preven\u00e7\u00e3o ao suic\u00eddio\" \/>\n<meta property=\"og:description\" content=\"A Assembleia Legislativa do Piau\u00ed (Alepi) realizou nesta segunda-feira (29) audi\u00eancia p\u00fablica para debater o alto \u00edndice de suic\u00eddios no estado. A proposi\u00e7\u00e3o partiu do deputado Francisco Limma (PT) e ocorreu nas comiss\u00f5es de Sa\u00fade, Educa\u00e7\u00e3o e Cultura (CSEC) e Direitos Humanos, Juventude, Minorias e Igualdade Racial, presididas por H\u00e9lio Isa\u00edas (PT). O deputado Francisco [&hellip;]\" \/>\n<meta property=\"og:url\" content=\"https:\/\/noticiaempauta.com\/portal\/assembleia-legislativa-do-piaui-realiza-debate-sobre-prevencao-ao-suicidio\/\" \/>\n<meta property=\"og:site_name\" content=\"Portal Not\u00edcia em Pauta\" \/>\n<meta property=\"article:publisher\" content=\"https:\/\/www.facebook.com\/Portal-Notcia-Em-Pauta-102292869264820\/\" \/>\n<meta property=\"article:published_time\" content=\"2025-09-29T19:37:10+00:00\" \/>\n<meta property=\"article:modified_time\" content=\"2025-09-29T19:37:11+00:00\" \/>\n<meta property=\"og:image\" content=\"https:\/\/noticiaempauta.com\/portal\/wp-content\/uploads\/2025\/09\/image_assessoria-9.jpeg\" \/>\n\t<meta property=\"og:image:width\" content=\"600\" \/>\n\t<meta property=\"og:image:height\" content=\"399\" \/>\n\t<meta property=\"og:image:type\" content=\"image\/jpeg\" \/>\n<meta name=\"author\" content=\"Reda\u00e7\u00e3o\" \/>\n<meta name=\"twitter:card\" content=\"summary_large_image\" \/>\n<meta name=\"twitter:label1\" content=\"Escrito por\" \/>\n\t<meta name=\"twitter:data1\" content=\"Reda\u00e7\u00e3o\" \/>\n\t<meta name=\"twitter:label2\" content=\"Est. tempo de leitura\" \/>\n\t<meta name=\"twitter:data2\" content=\"4 minutos\" \/>\n<script type=\"application\/ld+json\" class=\"yoast-schema-graph\">{\"@context\":\"https:\/\/schema.org\",\"@graph\":[{\"@type\":\"Article\",\"@id\":\"https:\/\/noticiaempauta.com\/portal\/assembleia-legislativa-do-piaui-realiza-debate-sobre-prevencao-ao-suicidio\/#article\",\"isPartOf\":{\"@id\":\"https:\/\/noticiaempauta.com\/portal\/assembleia-legislativa-do-piaui-realiza-debate-sobre-prevencao-ao-suicidio\/\"},\"author\":{\"name\":\"Reda\u00e7\u00e3o\",\"@id\":\"https:\/\/noticiaempauta.com\/portal\/#\/schema\/person\/a74af43dd1ab3deca45f988c717d57ac\"},\"headline\":\"Assembleia Legislativa do Piau\u00ed realiza debate sobre preven\u00e7\u00e3o ao suic\u00eddio\",\"datePublished\":\"2025-09-29T19:37:10+00:00\",\"dateModified\":\"2025-09-29T19:37:11+00:00\",\"mainEntityOfPage\":{\"@id\":\"https:\/\/noticiaempauta.com\/portal\/assembleia-legislativa-do-piaui-realiza-debate-sobre-prevencao-ao-suicidio\/\"},\"wordCount\":720,\"commentCount\":0,\"publisher\":{\"@id\":\"https:\/\/noticiaempauta.com\/portal\/#organization\"},\"image\":{\"@id\":\"https:\/\/noticiaempauta.com\/portal\/assembleia-legislativa-do-piaui-realiza-debate-sobre-prevencao-ao-suicidio\/#primaryimage\"},\"thumbnailUrl\":\"https:\/\/noticiaempauta.com\/portal\/wp-content\/uploads\/2025\/09\/image_assessoria-9.jpeg\",\"articleSection\":[\"Destaques\",\"Geral\",\"Todas as Not\u00edcias\"],\"inLanguage\":\"pt-BR\",\"potentialAction\":[{\"@type\":\"CommentAction\",\"name\":\"Comment\",\"target\":[\"https:\/\/noticiaempauta.com\/portal\/assembleia-legislativa-do-piaui-realiza-debate-sobre-prevencao-ao-suicidio\/#respond\"]}]},{\"@type\":\"WebPage\",\"@id\":\"https:\/\/noticiaempauta.com\/portal\/assembleia-legislativa-do-piaui-realiza-debate-sobre-prevencao-ao-suicidio\/\",\"url\":\"https:\/\/noticiaempauta.com\/portal\/assembleia-legislativa-do-piaui-realiza-debate-sobre-prevencao-ao-suicidio\/\",\"name\":\"Assembleia Legislativa do Piau\u00ed realiza debate sobre preven\u00e7\u00e3o ao suic\u00eddio - Portal Not\u00edcia em Pauta\",\"isPartOf\":{\"@id\":\"https:\/\/noticiaempauta.com\/portal\/#website\"},\"primaryImageOfPage\":{\"@id\":\"https:\/\/noticiaempauta.com\/portal\/assembleia-legislativa-do-piaui-realiza-debate-sobre-prevencao-ao-suicidio\/#primaryimage\"},\"image\":{\"@id\":\"https:\/\/noticiaempauta.com\/portal\/assembleia-legislativa-do-piaui-realiza-debate-sobre-prevencao-ao-suicidio\/#primaryimage\"},\"thumbnailUrl\":\"https:\/\/noticiaempauta.com\/portal\/wp-content\/uploads\/2025\/09\/image_assessoria-9.jpeg\",\"datePublished\":\"2025-09-29T19:37:10+00:00\",\"dateModified\":\"2025-09-29T19:37:11+00:00\",\"breadcrumb\":{\"@id\":\"https:\/\/noticiaempauta.com\/portal\/assembleia-legislativa-do-piaui-realiza-debate-sobre-prevencao-ao-suicidio\/#breadcrumb\"},\"inLanguage\":\"pt-BR\",\"potentialAction\":[{\"@type\":\"ReadAction\",\"target\":[\"https:\/\/noticiaempauta.com\/portal\/assembleia-legislativa-do-piaui-realiza-debate-sobre-prevencao-ao-suicidio\/\"]}]},{\"@type\":\"ImageObject\",\"inLanguage\":\"pt-BR\",\"@id\":\"https:\/\/noticiaempauta.com\/portal\/assembleia-legislativa-do-piaui-realiza-debate-sobre-prevencao-ao-suicidio\/#primaryimage\",\"url\":\"https:\/\/noticiaempauta.com\/portal\/wp-content\/uploads\/2025\/09\/image_assessoria-9.jpeg\",\"contentUrl\":\"https:\/\/noticiaempauta.com\/portal\/wp-content\/uploads\/2025\/09\/image_assessoria-9.jpeg\",\"width\":600,\"height\":399},{\"@type\":\"BreadcrumbList\",\"@id\":\"https:\/\/noticiaempauta.com\/portal\/assembleia-legislativa-do-piaui-realiza-debate-sobre-prevencao-ao-suicidio\/#breadcrumb\",\"itemListElement\":[{\"@type\":\"ListItem\",\"position\":1,\"name\":\"P\u00e1gina Inicial\",\"item\":\"https:\/\/noticiaempauta.com\/portal\/\"},{\"@type\":\"ListItem\",\"position\":2,\"name\":\"Destaques\",\"item\":\"https:\/\/noticiaempauta.com\/portal\/destaques-site\/\"},{\"@type\":\"ListItem\",\"position\":3,\"name\":\"Assembleia Legislativa do Piau\u00ed realiza debate sobre preven\u00e7\u00e3o ao suic\u00eddio\"}]},{\"@type\":\"WebSite\",\"@id\":\"https:\/\/noticiaempauta.com\/portal\/#website\",\"url\":\"https:\/\/noticiaempauta.com\/portal\/\",\"name\":\"Portal Not\u00edcia em Pauta\",\"description\":\"Voc\u00ea bem informado\",\"publisher\":{\"@id\":\"https:\/\/noticiaempauta.com\/portal\/#organization\"},\"potentialAction\":[{\"@type\":\"SearchAction\",\"target\":{\"@type\":\"EntryPoint\",\"urlTemplate\":\"https:\/\/noticiaempauta.com\/portal\/?s={search_term_string}\"},\"query-input\":{\"@type\":\"PropertyValueSpecification\",\"valueRequired\":true,\"valueName\":\"search_term_string\"}}],\"inLanguage\":\"pt-BR\"},{\"@type\":\"Organization\",\"@id\":\"https:\/\/noticiaempauta.com\/portal\/#organization\",\"name\":\"Portal Not\u00edcia em Pauta\",\"url\":\"https:\/\/noticiaempauta.com\/portal\/\",\"logo\":{\"@type\":\"ImageObject\",\"inLanguage\":\"pt-BR\",\"@id\":\"https:\/\/noticiaempauta.com\/portal\/#\/schema\/logo\/image\/\",\"url\":\"https:\/\/noticiaempauta.com\/portal\/wp-content\/uploads\/2022\/08\/logomarca_tema.fw_.png\",\"contentUrl\":\"https:\/\/noticiaempauta.com\/portal\/wp-content\/uploads\/2022\/08\/logomarca_tema.fw_.png\",\"width\":400,\"height\":232,\"caption\":\"Portal Not\u00edcia em Pauta\"},\"image\":{\"@id\":\"https:\/\/noticiaempauta.com\/portal\/#\/schema\/logo\/image\/\"},\"sameAs\":[\"https:\/\/www.facebook.com\/Portal-Notcia-Em-Pauta-102292869264820\/\",\"https:\/\/www.instagram.com\/portalnoticiaempauta\/\"]},{\"@type\":\"Person\",\"@id\":\"https:\/\/noticiaempauta.com\/portal\/#\/schema\/person\/a74af43dd1ab3deca45f988c717d57ac\",\"name\":\"Reda\u00e7\u00e3o\",\"image\":{\"@type\":\"ImageObject\",\"inLanguage\":\"pt-BR\",\"@id\":\"https:\/\/noticiaempauta.com\/portal\/#\/schema\/person\/image\/\",\"url\":\"https:\/\/secure.gravatar.com\/avatar\/03179346ecce6cdfc13361603e8f54242a90e5cde8618fa23c5c00aa2b0aadf3?s=96&d=mm&r=g\",\"contentUrl\":\"https:\/\/secure.gravatar.com\/avatar\/03179346ecce6cdfc13361603e8f54242a90e5cde8618fa23c5c00aa2b0aadf3?s=96&d=mm&r=g\",\"caption\":\"Reda\u00e7\u00e3o\"},\"sameAs\":[\"https:\/\/noticiaempauta.com\/portal\/\"],\"url\":\"https:\/\/noticiaempauta.com\/portal\/author\/fernando\/\"}]}<\/script>\n<!-- \/ Yoast SEO Premium plugin. -->","yoast_head_json":{"title":"Assembleia Legislativa do Piau\u00ed realiza debate sobre preven\u00e7\u00e3o ao suic\u00eddio - Portal Not\u00edcia em Pauta","robots":{"index":"index","follow":"follow","max-snippet":"max-snippet:-1","max-image-preview":"max-image-preview:large","max-video-preview":"max-video-preview:-1"},"canonical":"https:\/\/noticiaempauta.com\/portal\/assembleia-legislativa-do-piaui-realiza-debate-sobre-prevencao-ao-suicidio\/","og_locale":"pt_BR","og_type":"article","og_title":"Assembleia Legislativa do Piau\u00ed realiza debate sobre preven\u00e7\u00e3o ao suic\u00eddio","og_description":"A Assembleia Legislativa do Piau\u00ed (Alepi) realizou nesta segunda-feira (29) audi\u00eancia p\u00fablica para debater o alto \u00edndice de suic\u00eddios no estado. A proposi\u00e7\u00e3o partiu do deputado Francisco Limma (PT) e ocorreu nas comiss\u00f5es de Sa\u00fade, Educa\u00e7\u00e3o e Cultura (CSEC) e Direitos Humanos, Juventude, Minorias e Igualdade Racial, presididas por H\u00e9lio Isa\u00edas (PT). O deputado Francisco [&hellip;]","og_url":"https:\/\/noticiaempauta.com\/portal\/assembleia-legislativa-do-piaui-realiza-debate-sobre-prevencao-ao-suicidio\/","og_site_name":"Portal Not\u00edcia em Pauta","article_publisher":"https:\/\/www.facebook.com\/Portal-Notcia-Em-Pauta-102292869264820\/","article_published_time":"2025-09-29T19:37:10+00:00","article_modified_time":"2025-09-29T19:37:11+00:00","og_image":[{"width":600,"height":399,"url":"https:\/\/noticiaempauta.com\/portal\/wp-content\/uploads\/2025\/09\/image_assessoria-9.jpeg","type":"image\/jpeg"}],"author":"Reda\u00e7\u00e3o","twitter_card":"summary_large_image","twitter_misc":{"Escrito por":"Reda\u00e7\u00e3o","Est. tempo de leitura":"4 minutos"},"schema":{"@context":"https:\/\/schema.org","@graph":[{"@type":"Article","@id":"https:\/\/noticiaempauta.com\/portal\/assembleia-legislativa-do-piaui-realiza-debate-sobre-prevencao-ao-suicidio\/#article","isPartOf":{"@id":"https:\/\/noticiaempauta.com\/portal\/assembleia-legislativa-do-piaui-realiza-debate-sobre-prevencao-ao-suicidio\/"},"author":{"name":"Reda\u00e7\u00e3o","@id":"https:\/\/noticiaempauta.com\/portal\/#\/schema\/person\/a74af43dd1ab3deca45f988c717d57ac"},"headline":"Assembleia Legislativa do Piau\u00ed realiza debate sobre preven\u00e7\u00e3o ao suic\u00eddio","datePublished":"2025-09-29T19:37:10+00:00","dateModified":"2025-09-29T19:37:11+00:00","mainEntityOfPage":{"@id":"https:\/\/noticiaempauta.com\/portal\/assembleia-legislativa-do-piaui-realiza-debate-sobre-prevencao-ao-suicidio\/"},"wordCount":720,"commentCount":0,"publisher":{"@id":"https:\/\/noticiaempauta.com\/portal\/#organization"},"image":{"@id":"https:\/\/noticiaempauta.com\/portal\/assembleia-legislativa-do-piaui-realiza-debate-sobre-prevencao-ao-suicidio\/#primaryimage"},"thumbnailUrl":"https:\/\/noticiaempauta.com\/portal\/wp-content\/uploads\/2025\/09\/image_assessoria-9.jpeg","articleSection":["Destaques","Geral","Todas as Not\u00edcias"],"inLanguage":"pt-BR","potentialAction":[{"@type":"CommentAction","name":"Comment","target":["https:\/\/noticiaempauta.com\/portal\/assembleia-legislativa-do-piaui-realiza-debate-sobre-prevencao-ao-suicidio\/#respond"]}]},{"@type":"WebPage","@id":"https:\/\/noticiaempauta.com\/portal\/assembleia-legislativa-do-piaui-realiza-debate-sobre-prevencao-ao-suicidio\/","url":"https:\/\/noticiaempauta.com\/portal\/assembleia-legislativa-do-piaui-realiza-debate-sobre-prevencao-ao-suicidio\/","name":"Assembleia Legislativa do Piau\u00ed realiza debate sobre preven\u00e7\u00e3o ao suic\u00eddio - Portal Not\u00edcia em Pauta","isPartOf":{"@id":"https:\/\/noticiaempauta.com\/portal\/#website"},"primaryImageOfPage":{"@id":"https:\/\/noticiaempauta.com\/portal\/assembleia-legislativa-do-piaui-realiza-debate-sobre-prevencao-ao-suicidio\/#primaryimage"},"image":{"@id":"https:\/\/noticiaempauta.com\/portal\/assembleia-legislativa-do-piaui-realiza-debate-sobre-prevencao-ao-suicidio\/#primaryimage"},"thumbnailUrl":"https:\/\/noticiaempauta.com\/portal\/wp-content\/uploads\/2025\/09\/image_assessoria-9.jpeg","datePublished":"2025-09-29T19:37:10+00:00","dateModified":"2025-09-29T19:37:11+00:00","breadcrumb":{"@id":"https:\/\/noticiaempauta.com\/portal\/assembleia-legislativa-do-piaui-realiza-debate-sobre-prevencao-ao-suicidio\/#breadcrumb"},"inLanguage":"pt-BR","potentialAction":[{"@type":"ReadAction","target":["https:\/\/noticiaempauta.com\/portal\/assembleia-legislativa-do-piaui-realiza-debate-sobre-prevencao-ao-suicidio\/"]}]},{"@type":"ImageObject","inLanguage":"pt-BR","@id":"https:\/\/noticiaempauta.com\/portal\/assembleia-legislativa-do-piaui-realiza-debate-sobre-prevencao-ao-suicidio\/#primaryimage","url":"https:\/\/noticiaempauta.com\/portal\/wp-content\/uploads\/2025\/09\/image_assessoria-9.jpeg","contentUrl":"https:\/\/noticiaempauta.com\/portal\/wp-content\/uploads\/2025\/09\/image_assessoria-9.jpeg","width":600,"height":399},{"@type":"BreadcrumbList","@id":"https:\/\/noticiaempauta.com\/portal\/assembleia-legislativa-do-piaui-realiza-debate-sobre-prevencao-ao-suicidio\/#breadcrumb","itemListElement":[{"@type":"ListItem","position":1,"name":"P\u00e1gina Inicial","item":"https:\/\/noticiaempauta.com\/portal\/"},{"@type":"ListItem","position":2,"name":"Destaques","item":"https:\/\/noticiaempauta.com\/portal\/destaques-site\/"},{"@type":"ListItem","position":3,"name":"Assembleia Legislativa do Piau\u00ed realiza debate sobre preven\u00e7\u00e3o ao suic\u00eddio"}]},{"@type":"WebSite","@id":"https:\/\/noticiaempauta.com\/portal\/#website","url":"https:\/\/noticiaempauta.com\/portal\/","name":"Portal Not\u00edcia em Pauta","description":"Voc\u00ea bem informado","publisher":{"@id":"https:\/\/noticiaempauta.com\/portal\/#organization"},"potentialAction":[{"@type":"SearchAction","target":{"@type":"EntryPoint","urlTemplate":"https:\/\/noticiaempauta.com\/portal\/?s={search_term_string}"},"query-input":{"@type":"PropertyValueSpecification","valueRequired":true,"valueName":"search_term_string"}}],"inLanguage":"pt-BR"},{"@type":"Organization","@id":"https:\/\/noticiaempauta.com\/portal\/#organization","name":"Portal Not\u00edcia em Pauta","url":"https:\/\/noticiaempauta.com\/portal\/","logo":{"@type":"ImageObject","inLanguage":"pt-BR","@id":"https:\/\/noticiaempauta.com\/portal\/#\/schema\/logo\/image\/","url":"https:\/\/noticiaempauta.com\/portal\/wp-content\/uploads\/2022\/08\/logomarca_tema.fw_.png","contentUrl":"https:\/\/noticiaempauta.com\/portal\/wp-content\/uploads\/2022\/08\/logomarca_tema.fw_.png","width":400,"height":232,"caption":"Portal Not\u00edcia em Pauta"},"image":{"@id":"https:\/\/noticiaempauta.com\/portal\/#\/schema\/logo\/image\/"},"sameAs":["https:\/\/www.facebook.com\/Portal-Notcia-Em-Pauta-102292869264820\/","https:\/\/www.instagram.com\/portalnoticiaempauta\/"]},{"@type":"Person","@id":"https:\/\/noticiaempauta.com\/portal\/#\/schema\/person\/a74af43dd1ab3deca45f988c717d57ac","name":"Reda\u00e7\u00e3o","image":{"@type":"ImageObject","inLanguage":"pt-BR","@id":"https:\/\/noticiaempauta.com\/portal\/#\/schema\/person\/image\/","url":"https:\/\/secure.gravatar.com\/avatar\/03179346ecce6cdfc13361603e8f54242a90e5cde8618fa23c5c00aa2b0aadf3?s=96&d=mm&r=g","contentUrl":"https:\/\/secure.gravatar.com\/avatar\/03179346ecce6cdfc13361603e8f54242a90e5cde8618fa23c5c00aa2b0aadf3?s=96&d=mm&r=g","caption":"Reda\u00e7\u00e3o"},"sameAs":["https:\/\/noticiaempauta.com\/portal\/"],"url":"https:\/\/noticiaempauta.com\/portal\/author\/fernando\/"}]}},"_links":{"self":[{"href":"https:\/\/noticiaempauta.com\/portal\/wp-json\/wp\/v2\/posts\/278615","targetHints":{"allow":["GET"]}}],"collection":[{"href":"https:\/\/noticiaempauta.com\/portal\/wp-json\/wp\/v2\/posts"}],"about":[{"href":"https:\/\/noticiaempauta.com\/portal\/wp-json\/wp\/v2\/types\/post"}],"author":[{"embeddable":true,"href":"https:\/\/noticiaempauta.com\/portal\/wp-json\/wp\/v2\/users\/2"}],"replies":[{"embeddable":true,"href":"https:\/\/noticiaempauta.com\/portal\/wp-json\/wp\/v2\/comments?post=278615"}],"version-history":[{"count":2,"href":"https:\/\/noticiaempauta.com\/portal\/wp-json\/wp\/v2\/posts\/278615\/revisions"}],"predecessor-version":[{"id":278618,"href":"https:\/\/noticiaempauta.com\/portal\/wp-json\/wp\/v2\/posts\/278615\/revisions\/278618"}],"wp:featuredmedia":[{"embeddable":true,"href":"https:\/\/noticiaempauta.com\/portal\/wp-json\/wp\/v2\/media\/278616"}],"wp:attachment":[{"href":"https:\/\/noticiaempauta.com\/portal\/wp-json\/wp\/v2\/media?parent=278615"}],"wp:term":[{"taxonomy":"category","embeddable":true,"href":"https:\/\/noticiaempauta.com\/portal\/wp-json\/wp\/v2\/categories?post=278615"},{"taxonomy":"post_tag","embeddable":true,"href":"https:\/\/noticiaempauta.com\/portal\/wp-json\/wp\/v2\/tags?post=278615"}],"curies":[{"name":"wp","href":"https:\/\/api.w.org\/{rel}","templated":true}]}}